{"id":47898,"date":"2026-03-04T14:41:12","date_gmt":"2026-03-04T14:41:12","guid":{"rendered":"https:\/\/www.evropskakuca.me\/?p=47898"},"modified":"2026-03-04T15:00:04","modified_gmt":"2026-03-04T15:00:04","slug":"od-balustrada-do-ulcinjske-solane","status":"publish","type":"post","link":"https:\/\/www.evropskakuca.me\/me\/od-balustrada-do-ulcinjske-solane\/","title":{"rendered":"Zenepa Lika &#8211; Od balustrada do Ulcinjske Solane"},"content":{"rendered":"\n<p class=\"has-text-align-center\"><strong>Razgovor sa Zenepom Likom<\/strong><\/p>\n\n\n\n<p>Od pilona, balustrada, ornamenata do Ulcinjske Solane, od Njema\u010dke do Crne Gore. <strong>Zenepa Lika<\/strong> je \u017eena koja je arhitektonske kreacije zamijenila aktivizmom i borbom za o\u010duvanje kreacija prirode. Lika je arhitektica, aktivistkinja za za\u0161titu \u017eivotne sredine i direktorica udru\u017eenja&nbsp;<em>Dr Martin Schneider\u2011Jacoby Association.<\/em><\/p>\n\n\n\n<p>Nakon studija arhitekture na Bergische Universt\u00e4t Wuppertal i nakon nekoliko godina rada u Kelnu Zenepa je odlu\u010dila da se vrati u svoj voljeni Ulcinj i da se posveti &nbsp;aktivizmu i radu za dobrobit svih.<\/p>\n\n\n\n<p>Zenepa nije \u010dekala savr\u0161eni trenutak, koji po njoj i ne postoji. Ona je imala \u010dvrsta ubje\u0111enja i hrabro je napravila prvi korak.<\/p>\n\n\n\n<p>No nakon prvog koraka dolazi put, a taj put ka aktivizmu, kazala je Lika, nije lak, ve\u0107 je pun institucionalnih i politi\u010dkih prepreka koje sa sobom nose osje\u0107aj izolacije i \u010deste poku\u0161aje okoline da se umanji zna\u010daj onoga za \u0161ta se borimo.<\/p>\n\n\n\n<figure class=\"wp-block-image size-large\"><img fetchpriority=\"high\" decoding=\"async\" width=\"1024\" height=\"768\" src=\"https:\/\/www.evropskakuca.me\/wp-content\/uploads\/2026\/03\/Zenepa-Lika_Foto-akcije-i-drugo-1-1024x768.png\" alt=\"\" class=\"wp-image-47901\" srcset=\"https:\/\/www.evropskakuca.me\/wp-content\/uploads\/2026\/03\/Zenepa-Lika_Foto-akcije-i-drugo-1-1024x768.png 1024w, https:\/\/www.evropskakuca.me\/wp-content\/uploads\/2026\/03\/Zenepa-Lika_Foto-akcije-i-drugo-1-300x225.png 300w, https:\/\/www.evropskakuca.me\/wp-content\/uploads\/2026\/03\/Zenepa-Lika_Foto-akcije-i-drugo-1-768x576.png 768w, https:\/\/www.evropskakuca.me\/wp-content\/uploads\/2026\/03\/Zenepa-Lika_Foto-akcije-i-drugo-1-1536x1152.png 1536w, https:\/\/www.evropskakuca.me\/wp-content\/uploads\/2026\/03\/Zenepa-Lika_Foto-akcije-i-drugo-1.png 2048w\" sizes=\"(max-width: 1024px) 100vw, 1024px\" \/><\/figure>\n\n\n\n<p><em>\u201ePosebno je izazovno kada izostane podr\u0161ka u porodi\u010dnom okru\u017eenju ba\u0161 iz razloga jer ste \u017dENSKO a koja je, po mom mi\u0161ljenju, presudno va\u017ena. Kada nemate podr\u0161ku najbli\u017eih, borite se na dva fronta, a to zahtijeva dodatnu energiju i snagu. Zato je va\u017eno da taj u\u017ei krug bude uz vas, na moju sre\u0107u ja imam tu podr\u0161ku\u201d, <\/em>isti\u010de Lika.<\/p>\n\n\n\n<p>Pritisci kojima su izlo\u017eene \u017eene u ekolo\u0161kim pokretima \u010desto su suptilni, kroz umanjivanje autoriteta ili isklju\u010divanje iz procesa odlu\u010divanja i omalova\u017eavanje, ali i otvoreni i direktni.<\/p>\n\n\n\n<p>Kako isti\u010de Lika, patrijarhalni mentalitet je i dalje sna\u017ean i duboko ukorijenjen u Crnoj Gori. I kada \u017eena do\u0111e na visoku poziciju, njen autoritet se \u010de\u0161\u0107e preispituje, a gre\u0161ke joj se te\u017ee opra\u0161taju.<\/p>\n\n\n\n<p>No \u017eene uprkos svemu, kazala je Lika, donose ogromnu snagu ekolo\u0161kim pokretima: empatiju, istrajnost, sposobnost povezivanja zajednice, dugoro\u010dnu viziju, ali i tematsku stru\u010dnost i objektivnost u pristupu problemima. Te osobine nisu slabost, ve\u0107 prednost i temelj ozbiljnih i odr\u017eivih promjena.<\/p>\n\n\n\n<p><em>\u201cU Crnoj Gori su \u017dENE iz NVO sektora me\u0111u najja\u010dima, najupornijima i najaktivnijima. To je na\u0161a snaga koju ne mogu da ignori\u0161u niti da je utihnu\u201c <\/em>nagla\u0161ava Lika<em>.<\/em><\/p>\n\n\n\n<p>Njena poruka za \u017eene koje \u017eele da se uklju\u010de u borbu za \u017eivotnu sredinu je da aktivizam ne mora po\u010deti velikim protestom, on mo\u017ee po\u010deti razgovorom.<\/p>\n\n\n\n<p>\u201e<em>Promjene po\u010dinju onda kada odlu\u010dimo da ne ostanemo nijemi ili tihi i ako je na\u0161a sredina navikla na \u0107utanje<\/em>\u201c<\/p>\n","protected":false},"excerpt":{"rendered":"<p>Razgovor sa Zenepom Likom Od pilona, balustrada, ornamenata do Ulcinjske Solane, od Njema\u010dke do Crne Gore. Zenepa Lika je \u017eena koja je arhitektonske kreacije zamijenila aktivizmom i borbom za o\u010duvanje kreacija prirode. Lika je arhitektica, aktivistkinja za za\u0161titu \u017eivotne sredine i direktorica udru\u017eenja&nbsp;Dr Martin Schneider\u2011Jacoby Association. Nakon studija arhitekture na Bergische Universt\u00e4t Wuppertal i nakon [&hellip;]<\/p>\n","protected":false},"author":3,"featured_media":47899,"comment_status":"closed","ping_status":"closed","sticky":false,"template":"","format":"standard","meta":{"_acf_changed":false,"footnotes":""},"categories":[283,524],"tags":[],"class_list":["post-47898","post","type-post","status-publish","format-standard","has-post-thumbnail","hentry","category-novosti-me","category-vesti"],"acf":[],"yoast_head":"<!-- This site is optimized with the Yoast SEO plugin v27.3 - https:\/\/yoast.com\/product\/yoast-seo-wordpress\/ -->\n<title>Zenepa Lika - Od balustrada do Ulcinjske Solane - Europe House<\/title>\n<meta name=\"robots\" content=\"index, follow, max-snippet:-1, max-image-preview:large, max-video-preview:-1\" \/>\n<link rel=\"canonical\" href=\"https:\/\/www.evropskakuca.me\/me\/od-balustrada-do-ulcinjske-solane\/\" \/>\n<meta property=\"og:locale\" content=\"en_US\" \/>\n<meta property=\"og:type\" content=\"article\" \/>\n<meta property=\"og:title\" content=\"Zenepa Lika - Od balustrada do Ulcinjske Solane - Europe House\" \/>\n<meta property=\"og:description\" content=\"Razgovor sa Zenepom Likom Od pilona, balustrada, ornamenata do Ulcinjske Solane, od Njema\u010dke do Crne Gore. Zenepa Lika je \u017eena koja je arhitektonske kreacije zamijenila aktivizmom i borbom za o\u010duvanje kreacija prirode. Lika je arhitektica, aktivistkinja za za\u0161titu \u017eivotne sredine i direktorica udru\u017eenja&nbsp;Dr Martin Schneider\u2011Jacoby Association. Nakon studija arhitekture na Bergische Universt\u00e4t Wuppertal i nakon [&hellip;]\" \/>\n<meta property=\"og:url\" content=\"https:\/\/www.evropskakuca.me\/me\/od-balustrada-do-ulcinjske-solane\/\" \/>\n<meta property=\"og:site_name\" content=\"Europe House\" \/>\n<meta property=\"article:publisher\" content=\"https:\/\/www.facebook.com\/evropska.kuca\" \/>\n<meta property=\"article:published_time\" content=\"2026-03-04T14:41:12+00:00\" \/>\n<meta property=\"article:modified_time\" content=\"2026-03-04T15:00:04+00:00\" \/>\n<meta property=\"og:image\" content=\"https:\/\/www.evropskakuca.me\/wp-content\/uploads\/2026\/03\/Zenepa-1920x1080-2.jpg\" \/>\n\t<meta property=\"og:image:width\" content=\"1920\" \/>\n\t<meta property=\"og:image:height\" content=\"1080\" \/>\n\t<meta property=\"og:image:type\" content=\"image\/jpeg\" \/>\n<meta name=\"author\" content=\"Aleksandar Vukovic\" \/>\n<meta name=\"twitter:card\" content=\"summary_large_image\" \/>\n<meta name=\"twitter:creator\" content=\"@evropska_kuca\" \/>\n<meta name=\"twitter:site\" content=\"@evropska_kuca\" \/>\n<meta name=\"twitter:label1\" content=\"Written by\" \/>\n\t<meta name=\"twitter:data1\" content=\"Aleksandar Vukovic\" \/>\n\t<meta name=\"twitter:label2\" content=\"Est. reading time\" \/>\n\t<meta name=\"twitter:data2\" content=\"3 minutes\" \/>\n<script type=\"application\/ld+json\" class=\"yoast-schema-graph\">{\"@context\":\"https:\\\/\\\/schema.org\",\"@graph\":[{\"@type\":\"Article\",\"@id\":\"https:\\\/\\\/www.evropskakuca.me\\\/me\\\/od-balustrada-do-ulcinjske-solane\\\/#article\",\"isPartOf\":{\"@id\":\"https:\\\/\\\/www.evropskakuca.me\\\/me\\\/od-balustrada-do-ulcinjske-solane\\\/\"},\"author\":{\"name\":\"Aleksandar Vukovic\",\"@id\":\"https:\\\/\\\/www.evropskakuca.me\\\/me\\\/#\\\/schema\\\/person\\\/7e16527119c7b67f457996b970f2bd6e\"},\"headline\":\"Zenepa Lika &#8211; Od balustrada do Ulcinjske Solane\",\"datePublished\":\"2026-03-04T14:41:12+00:00\",\"dateModified\":\"2026-03-04T15:00:04+00:00\",\"mainEntityOfPage\":{\"@id\":\"https:\\\/\\\/www.evropskakuca.me\\\/me\\\/od-balustrada-do-ulcinjske-solane\\\/\"},\"wordCount\":438,\"publisher\":{\"@id\":\"https:\\\/\\\/www.evropskakuca.me\\\/me\\\/#organization\"},\"image\":{\"@id\":\"https:\\\/\\\/www.evropskakuca.me\\\/me\\\/od-balustrada-do-ulcinjske-solane\\\/#primaryimage\"},\"thumbnailUrl\":\"https:\\\/\\\/www.evropskakuca.me\\\/wp-content\\\/uploads\\\/2026\\\/03\\\/Zenepa-1920x1080-2.jpg\",\"articleSection\":[\"Novosti\",\"Vesti\"],\"inLanguage\":\"me-ME\"},{\"@type\":\"WebPage\",\"@id\":\"https:\\\/\\\/www.evropskakuca.me\\\/me\\\/od-balustrada-do-ulcinjske-solane\\\/\",\"url\":\"https:\\\/\\\/www.evropskakuca.me\\\/me\\\/od-balustrada-do-ulcinjske-solane\\\/\",\"name\":\"Zenepa Lika - Od balustrada do Ulcinjske Solane - Europe House\",\"isPartOf\":{\"@id\":\"https:\\\/\\\/www.evropskakuca.me\\\/me\\\/#website\"},\"primaryImageOfPage\":{\"@id\":\"https:\\\/\\\/www.evropskakuca.me\\\/me\\\/od-balustrada-do-ulcinjske-solane\\\/#primaryimage\"},\"image\":{\"@id\":\"https:\\\/\\\/www.evropskakuca.me\\\/me\\\/od-balustrada-do-ulcinjske-solane\\\/#primaryimage\"},\"thumbnailUrl\":\"https:\\\/\\\/www.evropskakuca.me\\\/wp-content\\\/uploads\\\/2026\\\/03\\\/Zenepa-1920x1080-2.jpg\",\"datePublished\":\"2026-03-04T14:41:12+00:00\",\"dateModified\":\"2026-03-04T15:00:04+00:00\",\"breadcrumb\":{\"@id\":\"https:\\\/\\\/www.evropskakuca.me\\\/me\\\/od-balustrada-do-ulcinjske-solane\\\/#breadcrumb\"},\"inLanguage\":\"me-ME\",\"potentialAction\":[{\"@type\":\"ReadAction\",\"target\":[\"https:\\\/\\\/www.evropskakuca.me\\\/me\\\/od-balustrada-do-ulcinjske-solane\\\/\"]}]},{\"@type\":\"ImageObject\",\"inLanguage\":\"me-ME\",\"@id\":\"https:\\\/\\\/www.evropskakuca.me\\\/me\\\/od-balustrada-do-ulcinjske-solane\\\/#primaryimage\",\"url\":\"https:\\\/\\\/www.evropskakuca.me\\\/wp-content\\\/uploads\\\/2026\\\/03\\\/Zenepa-1920x1080-2.jpg\",\"contentUrl\":\"https:\\\/\\\/www.evropskakuca.me\\\/wp-content\\\/uploads\\\/2026\\\/03\\\/Zenepa-1920x1080-2.jpg\",\"width\":1920,\"height\":1080},{\"@type\":\"BreadcrumbList\",\"@id\":\"https:\\\/\\\/www.evropskakuca.me\\\/me\\\/od-balustrada-do-ulcinjske-solane\\\/#breadcrumb\",\"itemListElement\":[{\"@type\":\"ListItem\",\"position\":1,\"name\":\"Home\",\"item\":\"https:\\\/\\\/www.evropskakuca.me\\\/me\\\/\"},{\"@type\":\"ListItem\",\"position\":2,\"name\":\"Zenepa Lika &#8211; Od balustrada do Ulcinjske Solane\"}]},{\"@type\":\"WebSite\",\"@id\":\"https:\\\/\\\/www.evropskakuca.me\\\/me\\\/#website\",\"url\":\"https:\\\/\\\/www.evropskakuca.me\\\/me\\\/\",\"name\":\"Evropean house\",\"description\":\"\",\"publisher\":{\"@id\":\"https:\\\/\\\/www.evropskakuca.me\\\/me\\\/#organization\"},\"potentialAction\":[{\"@type\":\"SearchAction\",\"target\":{\"@type\":\"EntryPoint\",\"urlTemplate\":\"https:\\\/\\\/www.evropskakuca.me\\\/me\\\/?s={search_term_string}\"},\"query-input\":{\"@type\":\"PropertyValueSpecification\",\"valueRequired\":true,\"valueName\":\"search_term_string\"}}],\"inLanguage\":\"me-ME\"},{\"@type\":\"Organization\",\"@id\":\"https:\\\/\\\/www.evropskakuca.me\\\/me\\\/#organization\",\"name\":\"Evropean house\",\"url\":\"https:\\\/\\\/www.evropskakuca.me\\\/me\\\/\",\"logo\":{\"@type\":\"ImageObject\",\"inLanguage\":\"me-ME\",\"@id\":\"https:\\\/\\\/www.evropskakuca.me\\\/me\\\/#\\\/schema\\\/logo\\\/image\\\/\",\"url\":\"https:\\\/\\\/www.evropskakuca.me\\\/wp-content\\\/uploads\\\/2025\\\/01\\\/evropska-kuca-logo-1.png\",\"contentUrl\":\"https:\\\/\\\/www.evropskakuca.me\\\/wp-content\\\/uploads\\\/2025\\\/01\\\/evropska-kuca-logo-1.png\",\"width\":425,\"height\":312,\"caption\":\"Evropean house\"},\"image\":{\"@id\":\"https:\\\/\\\/www.evropskakuca.me\\\/me\\\/#\\\/schema\\\/logo\\\/image\\\/\"},\"sameAs\":[\"https:\\\/\\\/www.facebook.com\\\/evropska.kuca\",\"https:\\\/\\\/x.com\\\/evropska_kuca\",\"https:\\\/\\\/www.instagram.com\\\/evropska_kuca\"]},{\"@type\":\"Person\",\"@id\":\"https:\\\/\\\/www.evropskakuca.me\\\/me\\\/#\\\/schema\\\/person\\\/7e16527119c7b67f457996b970f2bd6e\",\"name\":\"Aleksandar Vukovic\",\"image\":{\"@type\":\"ImageObject\",\"inLanguage\":\"me-ME\",\"@id\":\"https:\\\/\\\/secure.gravatar.com\\\/avatar\\\/a1834e0104b0242a886079bde835ba36d80c70f9987a11f3ba33eb9e8d74cc15?s=96&d=mm&r=g\",\"url\":\"https:\\\/\\\/secure.gravatar.com\\\/avatar\\\/a1834e0104b0242a886079bde835ba36d80c70f9987a11f3ba33eb9e8d74cc15?s=96&d=mm&r=g\",\"contentUrl\":\"https:\\\/\\\/secure.gravatar.com\\\/avatar\\\/a1834e0104b0242a886079bde835ba36d80c70f9987a11f3ba33eb9e8d74cc15?s=96&d=mm&r=g\",\"caption\":\"Aleksandar Vukovic\"},\"url\":\"https:\\\/\\\/www.evropskakuca.me\\\/me\\\/author\\\/aleksandar\\\/\"}]}<\/script>\n<!-- \/ Yoast SEO plugin. -->","yoast_head_json":{"title":"Zenepa Lika - Od balustrada do Ulcinjske Solane - Europe House","robots":{"index":"index","follow":"follow","max-snippet":"max-snippet:-1","max-image-preview":"max-image-preview:large","max-video-preview":"max-video-preview:-1"},"canonical":"https:\/\/www.evropskakuca.me\/me\/od-balustrada-do-ulcinjske-solane\/","og_locale":"en_US","og_type":"article","og_title":"Zenepa Lika - Od balustrada do Ulcinjske Solane - Europe House","og_description":"Razgovor sa Zenepom Likom Od pilona, balustrada, ornamenata do Ulcinjske Solane, od Njema\u010dke do Crne Gore. Zenepa Lika je \u017eena koja je arhitektonske kreacije zamijenila aktivizmom i borbom za o\u010duvanje kreacija prirode. Lika je arhitektica, aktivistkinja za za\u0161titu \u017eivotne sredine i direktorica udru\u017eenja&nbsp;Dr Martin Schneider\u2011Jacoby Association. Nakon studija arhitekture na Bergische Universt\u00e4t Wuppertal i nakon [&hellip;]","og_url":"https:\/\/www.evropskakuca.me\/me\/od-balustrada-do-ulcinjske-solane\/","og_site_name":"Europe House","article_publisher":"https:\/\/www.facebook.com\/evropska.kuca","article_published_time":"2026-03-04T14:41:12+00:00","article_modified_time":"2026-03-04T15:00:04+00:00","og_image":[{"width":1920,"height":1080,"url":"https:\/\/www.evropskakuca.me\/wp-content\/uploads\/2026\/03\/Zenepa-1920x1080-2.jpg","type":"image\/jpeg"}],"author":"Aleksandar Vukovic","twitter_card":"summary_large_image","twitter_creator":"@evropska_kuca","twitter_site":"@evropska_kuca","twitter_misc":{"Written by":"Aleksandar Vukovic","Est. reading time":"3 minutes"},"schema":{"@context":"https:\/\/schema.org","@graph":[{"@type":"Article","@id":"https:\/\/www.evropskakuca.me\/me\/od-balustrada-do-ulcinjske-solane\/#article","isPartOf":{"@id":"https:\/\/www.evropskakuca.me\/me\/od-balustrada-do-ulcinjske-solane\/"},"author":{"name":"Aleksandar Vukovic","@id":"https:\/\/www.evropskakuca.me\/me\/#\/schema\/person\/7e16527119c7b67f457996b970f2bd6e"},"headline":"Zenepa Lika &#8211; Od balustrada do Ulcinjske Solane","datePublished":"2026-03-04T14:41:12+00:00","dateModified":"2026-03-04T15:00:04+00:00","mainEntityOfPage":{"@id":"https:\/\/www.evropskakuca.me\/me\/od-balustrada-do-ulcinjske-solane\/"},"wordCount":438,"publisher":{"@id":"https:\/\/www.evropskakuca.me\/me\/#organization"},"image":{"@id":"https:\/\/www.evropskakuca.me\/me\/od-balustrada-do-ulcinjske-solane\/#primaryimage"},"thumbnailUrl":"https:\/\/www.evropskakuca.me\/wp-content\/uploads\/2026\/03\/Zenepa-1920x1080-2.jpg","articleSection":["Novosti","Vesti"],"inLanguage":"me-ME"},{"@type":"WebPage","@id":"https:\/\/www.evropskakuca.me\/me\/od-balustrada-do-ulcinjske-solane\/","url":"https:\/\/www.evropskakuca.me\/me\/od-balustrada-do-ulcinjske-solane\/","name":"Zenepa Lika - Od balustrada do Ulcinjske Solane - Europe House","isPartOf":{"@id":"https:\/\/www.evropskakuca.me\/me\/#website"},"primaryImageOfPage":{"@id":"https:\/\/www.evropskakuca.me\/me\/od-balustrada-do-ulcinjske-solane\/#primaryimage"},"image":{"@id":"https:\/\/www.evropskakuca.me\/me\/od-balustrada-do-ulcinjske-solane\/#primaryimage"},"thumbnailUrl":"https:\/\/www.evropskakuca.me\/wp-content\/uploads\/2026\/03\/Zenepa-1920x1080-2.jpg","datePublished":"2026-03-04T14:41:12+00:00","dateModified":"2026-03-04T15:00:04+00:00","breadcrumb":{"@id":"https:\/\/www.evropskakuca.me\/me\/od-balustrada-do-ulcinjske-solane\/#breadcrumb"},"inLanguage":"me-ME","potentialAction":[{"@type":"ReadAction","target":["https:\/\/www.evropskakuca.me\/me\/od-balustrada-do-ulcinjske-solane\/"]}]},{"@type":"ImageObject","inLanguage":"me-ME","@id":"https:\/\/www.evropskakuca.me\/me\/od-balustrada-do-ulcinjske-solane\/#primaryimage","url":"https:\/\/www.evropskakuca.me\/wp-content\/uploads\/2026\/03\/Zenepa-1920x1080-2.jpg","contentUrl":"https:\/\/www.evropskakuca.me\/wp-content\/uploads\/2026\/03\/Zenepa-1920x1080-2.jpg","width":1920,"height":1080},{"@type":"BreadcrumbList","@id":"https:\/\/www.evropskakuca.me\/me\/od-balustrada-do-ulcinjske-solane\/#breadcrumb","itemListElement":[{"@type":"ListItem","position":1,"name":"Home","item":"https:\/\/www.evropskakuca.me\/me\/"},{"@type":"ListItem","position":2,"name":"Zenepa Lika &#8211; Od balustrada do Ulcinjske Solane"}]},{"@type":"WebSite","@id":"https:\/\/www.evropskakuca.me\/me\/#website","url":"https:\/\/www.evropskakuca.me\/me\/","name":"Evropean house","description":"","publisher":{"@id":"https:\/\/www.evropskakuca.me\/me\/#organization"},"potentialAction":[{"@type":"SearchAction","target":{"@type":"EntryPoint","urlTemplate":"https:\/\/www.evropskakuca.me\/me\/?s={search_term_string}"},"query-input":{"@type":"PropertyValueSpecification","valueRequired":true,"valueName":"search_term_string"}}],"inLanguage":"me-ME"},{"@type":"Organization","@id":"https:\/\/www.evropskakuca.me\/me\/#organization","name":"Evropean house","url":"https:\/\/www.evropskakuca.me\/me\/","logo":{"@type":"ImageObject","inLanguage":"me-ME","@id":"https:\/\/www.evropskakuca.me\/me\/#\/schema\/logo\/image\/","url":"https:\/\/www.evropskakuca.me\/wp-content\/uploads\/2025\/01\/evropska-kuca-logo-1.png","contentUrl":"https:\/\/www.evropskakuca.me\/wp-content\/uploads\/2025\/01\/evropska-kuca-logo-1.png","width":425,"height":312,"caption":"Evropean house"},"image":{"@id":"https:\/\/www.evropskakuca.me\/me\/#\/schema\/logo\/image\/"},"sameAs":["https:\/\/www.facebook.com\/evropska.kuca","https:\/\/x.com\/evropska_kuca","https:\/\/www.instagram.com\/evropska_kuca"]},{"@type":"Person","@id":"https:\/\/www.evropskakuca.me\/me\/#\/schema\/person\/7e16527119c7b67f457996b970f2bd6e","name":"Aleksandar Vukovic","image":{"@type":"ImageObject","inLanguage":"me-ME","@id":"https:\/\/secure.gravatar.com\/avatar\/a1834e0104b0242a886079bde835ba36d80c70f9987a11f3ba33eb9e8d74cc15?s=96&d=mm&r=g","url":"https:\/\/secure.gravatar.com\/avatar\/a1834e0104b0242a886079bde835ba36d80c70f9987a11f3ba33eb9e8d74cc15?s=96&d=mm&r=g","contentUrl":"https:\/\/secure.gravatar.com\/avatar\/a1834e0104b0242a886079bde835ba36d80c70f9987a11f3ba33eb9e8d74cc15?s=96&d=mm&r=g","caption":"Aleksandar Vukovic"},"url":"https:\/\/www.evropskakuca.me\/me\/author\/aleksandar\/"}]}},"_links":{"self":[{"href":"https:\/\/www.evropskakuca.me\/me\/wp-json\/wp\/v2\/posts\/47898","targetHints":{"allow":["GET"]}}],"collection":[{"href":"https:\/\/www.evropskakuca.me\/me\/wp-json\/wp\/v2\/posts"}],"about":[{"href":"https:\/\/www.evropskakuca.me\/me\/wp-json\/wp\/v2\/types\/post"}],"author":[{"embeddable":true,"href":"https:\/\/www.evropskakuca.me\/me\/wp-json\/wp\/v2\/users\/3"}],"replies":[{"embeddable":true,"href":"https:\/\/www.evropskakuca.me\/me\/wp-json\/wp\/v2\/comments?post=47898"}],"version-history":[{"count":5,"href":"https:\/\/www.evropskakuca.me\/me\/wp-json\/wp\/v2\/posts\/47898\/revisions"}],"predecessor-version":[{"id":47922,"href":"https:\/\/www.evropskakuca.me\/me\/wp-json\/wp\/v2\/posts\/47898\/revisions\/47922"}],"wp:featuredmedia":[{"embeddable":true,"href":"https:\/\/www.evropskakuca.me\/me\/wp-json\/wp\/v2\/media\/47899"}],"wp:attachment":[{"href":"https:\/\/www.evropskakuca.me\/me\/wp-json\/wp\/v2\/media?parent=47898"}],"wp:term":[{"taxonomy":"category","embeddable":true,"href":"https:\/\/www.evropskakuca.me\/me\/wp-json\/wp\/v2\/categories?post=47898"},{"taxonomy":"post_tag","embeddable":true,"href":"https:\/\/www.evropskakuca.me\/me\/wp-json\/wp\/v2\/tags?post=47898"}],"curies":[{"name":"wp","href":"https:\/\/api.w.org\/{rel}","templated":true}]}}