{"id":47886,"date":"2026-03-04T09:14:09","date_gmt":"2026-03-04T09:14:09","guid":{"rendered":"https:\/\/www.evropskakuca.me\/?p=47886"},"modified":"2026-03-04T16:46:49","modified_gmt":"2026-03-04T16:46:49","slug":"rad-znanje-i-istrajnost-put-koji-vodi-do-pravde","status":"publish","type":"post","link":"https:\/\/www.evropskakuca.me\/me\/rad-znanje-i-istrajnost-put-koji-vodi-do-pravde\/","title":{"rendered":"Rad, znanje i istrajnost: Put koji vodi do pravde"},"content":{"rendered":"\n<p class=\"has-text-align-center\"><strong>Razgovor sa Ivanom Jeli\u0107<\/strong><strong><\/strong><\/p>\n\n\n\n<p>\u201e\u017delja da poka\u017eem da \u017eena mo\u017ee uspjeti na ra\u010dun svog rada i bez pristajanja na ucjene postala je moja borba. Ta svijest me je oblikovala profesionalno, ali i li\u010dno. To me je oja\u010dalo i mnogo mi pomoglo u \u017eivotu\u201d, ovim rije\u010dima <strong>Ivana<\/strong> <strong>Jeli\u0107<\/strong> sa\u017eima su\u0161tinu svog profesionalnog i li\u010dnog puta, koji je vodio do jedne od najvi\u0161ih pravosudnih instanci u Evropi.<\/p>\n\n\n\n<p>Prof. dr Ivana Jeli\u0107 je sutkinja i potpredsjednica Evropskog suda za ljudska prava, u Strazburu, profesorica medjunarodnog javnog prava i \u010dlanica Senata UPCG.<\/p>\n\n\n\n<p>Bogatu akademsku i me\u0111unarodnu karijeru u oblasti me\u0111unarodnog javnog prava i ljudskih prava izgradila je predaju\u0107i na Univerzitetu Crne Gore i usavr\u0161avaju\u0107i se na presti\u017enim svjetskim univerzitetima poput Berklija, Kolumbije, LSE i Slobodnog univerziteta u Berlinu.<\/p>\n\n\n\n<figure class=\"wp-block-image size-large\"><img fetchpriority=\"high\" decoding=\"async\" width=\"1024\" height=\"683\" src=\"https:\/\/www.evropskakuca.me\/wp-content\/uploads\/2026\/03\/IMG_5549-1024x683.jpeg\" alt=\"\" class=\"wp-image-47887\" srcset=\"https:\/\/www.evropskakuca.me\/wp-content\/uploads\/2026\/03\/IMG_5549-1024x683.jpeg 1024w, https:\/\/www.evropskakuca.me\/wp-content\/uploads\/2026\/03\/IMG_5549-300x200.jpeg 300w, https:\/\/www.evropskakuca.me\/wp-content\/uploads\/2026\/03\/IMG_5549-768x512.jpeg 768w, https:\/\/www.evropskakuca.me\/wp-content\/uploads\/2026\/03\/IMG_5549-1536x1024.jpeg 1536w, https:\/\/www.evropskakuca.me\/wp-content\/uploads\/2026\/03\/IMG_5549.jpeg 1600w\" sizes=\"(max-width: 1024px) 100vw, 1024px\" \/><\/figure>\n\n\n\n<p>Bila je \u010dlanica i potpredsjednica va\u017enih me\u0111unarodnih tijela, uklju\u010duju\u0107i Komitet za ljudska prava Ujedinjenih nacija i vi\u0161e ekspertskih tijela Savjeta Evrope, aktivno u\u010destvuju\u0107i u razvoju evropskih i me\u0111unarodnih standarda za\u0161tite ljudskih prava.<\/p>\n\n\n\n<p>Autorka je vi\u0161e od stotinu nau\u010dnih radova i me\u0111unarodnih monografija, a i nakon stupanja na du\u017enost sutkinje Evropskog suda za ljudska prava ostala je aktivno uklju\u010dena u akademske i stru\u010dne inicijative u oblasti me\u0111unarodnog pravosu\u0111a i konvencijskog prava.<\/p>\n\n\n\n<p>\u201cMoj profesionalni put do suda u Strazburu bio je obilje\u017een velikim radom i stalnom te\u017enjom za usavr\u0161avanjem\u201d isti\u010de Jeli\u0107.<\/p>\n\n\n\n<p>Ona se, tokom razgovora, osvrnula i na trenutno stanje u pravosudnom sistemu koji, prema njenim rije\u010dima, mora biti pravedniji prema \u017eenama.<\/p>\n\n\n\n<p>Jeli\u0107 isti\u010de da je potrebno dosljedno i sistemsko razumijevanje pozitivnih obaveza dr\u017eave u za\u0161titi \u017eena od nasilja i diskriminacije, u svjetlu \u010dlana 2, 3 i 14 Evropske konvencije o ljudskim pravima.<\/p>\n\n\n\n<figure class=\"wp-block-image size-large\"><img decoding=\"async\" width=\"1024\" height=\"683\" src=\"https:\/\/www.evropskakuca.me\/wp-content\/uploads\/2026\/03\/IMG_5539-1024x683.jpeg\" alt=\"\" class=\"wp-image-47889\" srcset=\"https:\/\/www.evropskakuca.me\/wp-content\/uploads\/2026\/03\/IMG_5539-1024x683.jpeg 1024w, https:\/\/www.evropskakuca.me\/wp-content\/uploads\/2026\/03\/IMG_5539-300x200.jpeg 300w, https:\/\/www.evropskakuca.me\/wp-content\/uploads\/2026\/03\/IMG_5539-768x512.jpeg 768w, https:\/\/www.evropskakuca.me\/wp-content\/uploads\/2026\/03\/IMG_5539-1536x1024.jpeg 1536w, https:\/\/www.evropskakuca.me\/wp-content\/uploads\/2026\/03\/IMG_5539.jpeg 1600w\" sizes=\"(max-width: 1024px) 100vw, 1024px\" \/><\/figure>\n\n\n\n<p>\u201cPotrebna je kontinuirana i su\u0161tinska edukacija sudija, tu\u017eilaca i drugih pravosudnih aktera o rodno zasnovanom nasilju, implicitnim predrasudama i me\u0111unarodnim standardima za\u0161tite. Jednako va\u017eno je uspostavljanje jasnih mehanizama odgovornosti kada institucije ne reaguju blagovremeno ili adekvatno\u201d navodi Jeli\u0107 i dodaje: \u201cIz li\u010dne perspektive, vjerujem da pravo ima transformativni potencijal, ali samo ako ga primjenjujemo svjesni dru\u0161tvenog konteksta u kojem ono djeluje\u201d<\/p>\n\n\n\n<p>Sistemska nepravda prema \u017eenama, navodi Jeli\u0107, i dalje je prisutna u sferama rodno zasnovanog nasilja, mobinga na poslu, za\u0161tite u kontekstu reproduktivnih prava, ekonomskih strukturalnih nejednakosti i ograni\u010denog pristupa mjestima odlu\u010divanja.<\/p>\n\n\n\n<p>\u201cPosebno je va\u017eno naglasiti da savremeno razumijevanje ljudskih prava podrazumijeva pozitivne obaveze dr\u017eava \u2014 dakle, ne samo uzdr\u017eavanje od povrede prava, ve\u0107 i aktivnu za\u0161titu pojedinki od diskriminacije i nasilja\u201d isti\u010de Jeli\u0107.<\/p>\n\n\n\n<p>Jeli\u0107 se osvrnula i na potrebu za dodatnim potvr\u0111ivanjem stru\u010dnosti i autoriteta koja preovladava u crnogorskom dru\u0161tvu me\u0111u mladim \u017eenama.<\/p>\n\n\n\n<p>Sumnja je sastavni dio svakog ozbiljnog intelektualnog i profesionalnog rada, me\u0111utim ona uvijek treba da vodi ka dodatnom preispitivanju i usavr\u0161avanju.<\/p>\n\n\n\n<p>\u201cNisam nikada sumnjala u sebe i svoju opredijeljenost da istrajem na putu ka novim saznanjima. Ali, bilo je trenutaka izazova u kojima sam se pitala da li je moja vjera dovoljno jaka da izdr\u017ei teret nepravde i odricanja za ne\u0161to \u0161to nije izvjesno, a to je uspjeh\u201d prisje\u0107a se Jeli\u0107.<\/p>\n\n\n\n<p>\u201cDjevojkama koje \u017eele da se bave pravom bih savjetovala da vjeruju u sebe, da ula\u017eu u kontinuirano usavr\u0161avanje i da ne pristaju na inferioran status i ograni\u010denja koja im drugi name\u0107u.\u017delja za ne\u010dim nije dovoljna za uspjeh. Isto mo\u017eemo re\u0107i i za talent. Bez posve\u0107enosti i predanog rada, nema velikih uspjeha\u201d kazala je Jeli\u0107.<\/p>\n","protected":false},"excerpt":{"rendered":"<p>Razgovor sa Ivanom Jeli\u0107 \u201e\u017delja da poka\u017eem da \u017eena mo\u017ee uspjeti na ra\u010dun svog rada i bez pristajanja na ucjene postala je moja borba. Ta svijest me je oblikovala profesionalno, ali i li\u010dno. To me je oja\u010dalo i mnogo mi pomoglo u \u017eivotu\u201d, ovim rije\u010dima Ivana Jeli\u0107 sa\u017eima su\u0161tinu svog profesionalnog i li\u010dnog puta, koji [&hellip;]<\/p>\n","protected":false},"author":3,"featured_media":47933,"comment_status":"closed","ping_status":"closed","sticky":false,"template":"","format":"standard","meta":{"_acf_changed":false,"footnotes":""},"categories":[283,524],"tags":[],"class_list":["post-47886","post","type-post","status-publish","format-standard","has-post-thumbnail","hentry","category-novosti-me","category-vesti"],"acf":[],"yoast_head":"<!-- This site is optimized with the Yoast SEO plugin v27.3 - https:\/\/yoast.com\/product\/yoast-seo-wordpress\/ -->\n<title>Rad, znanje i istrajnost: Put koji vodi do pravde - Europe House<\/title>\n<meta name=\"robots\" content=\"index, follow, max-snippet:-1, max-image-preview:large, max-video-preview:-1\" \/>\n<link rel=\"canonical\" href=\"https:\/\/www.evropskakuca.me\/me\/rad-znanje-i-istrajnost-put-koji-vodi-do-pravde\/\" \/>\n<meta property=\"og:locale\" content=\"en_US\" \/>\n<meta property=\"og:type\" content=\"article\" \/>\n<meta property=\"og:title\" content=\"Rad, znanje i istrajnost: Put koji vodi do pravde - Europe House\" \/>\n<meta property=\"og:description\" content=\"Razgovor sa Ivanom Jeli\u0107 \u201e\u017delja da poka\u017eem da \u017eena mo\u017ee uspjeti na ra\u010dun svog rada i bez pristajanja na ucjene postala je moja borba. Ta svijest me je oblikovala profesionalno, ali i li\u010dno. To me je oja\u010dalo i mnogo mi pomoglo u \u017eivotu\u201d, ovim rije\u010dima Ivana Jeli\u0107 sa\u017eima su\u0161tinu svog profesionalnog i li\u010dnog puta, koji [&hellip;]\" \/>\n<meta property=\"og:url\" content=\"https:\/\/www.evropskakuca.me\/me\/rad-znanje-i-istrajnost-put-koji-vodi-do-pravde\/\" \/>\n<meta property=\"og:site_name\" content=\"Europe House\" \/>\n<meta property=\"article:publisher\" content=\"https:\/\/www.facebook.com\/evropska.kuca\" \/>\n<meta property=\"article:published_time\" content=\"2026-03-04T09:14:09+00:00\" \/>\n<meta property=\"article:modified_time\" content=\"2026-03-04T16:46:49+00:00\" \/>\n<meta property=\"og:image\" content=\"https:\/\/www.evropskakuca.me\/wp-content\/uploads\/2026\/03\/prof.-dr-1024x576.png\" \/>\n\t<meta property=\"og:image:width\" content=\"1024\" \/>\n\t<meta property=\"og:image:height\" content=\"576\" \/>\n\t<meta property=\"og:image:type\" content=\"image\/png\" \/>\n<meta name=\"author\" content=\"Aleksandar Vukovic\" \/>\n<meta name=\"twitter:card\" content=\"summary_large_image\" \/>\n<meta name=\"twitter:creator\" content=\"@evropska_kuca\" \/>\n<meta name=\"twitter:site\" content=\"@evropska_kuca\" \/>\n<meta name=\"twitter:label1\" content=\"Written by\" \/>\n\t<meta name=\"twitter:data1\" content=\"Aleksandar Vukovic\" \/>\n\t<meta name=\"twitter:label2\" content=\"Est. reading time\" \/>\n\t<meta name=\"twitter:data2\" content=\"3 minutes\" \/>\n<script type=\"application\/ld+json\" class=\"yoast-schema-graph\">{\"@context\":\"https:\\\/\\\/schema.org\",\"@graph\":[{\"@type\":\"Article\",\"@id\":\"https:\\\/\\\/www.evropskakuca.me\\\/me\\\/rad-znanje-i-istrajnost-put-koji-vodi-do-pravde\\\/#article\",\"isPartOf\":{\"@id\":\"https:\\\/\\\/www.evropskakuca.me\\\/me\\\/rad-znanje-i-istrajnost-put-koji-vodi-do-pravde\\\/\"},\"author\":{\"name\":\"Aleksandar Vukovic\",\"@id\":\"https:\\\/\\\/www.evropskakuca.me\\\/me\\\/#\\\/schema\\\/person\\\/7e16527119c7b67f457996b970f2bd6e\"},\"headline\":\"Rad, znanje i istrajnost: Put koji vodi do pravde\",\"datePublished\":\"2026-03-04T09:14:09+00:00\",\"dateModified\":\"2026-03-04T16:46:49+00:00\",\"mainEntityOfPage\":{\"@id\":\"https:\\\/\\\/www.evropskakuca.me\\\/me\\\/rad-znanje-i-istrajnost-put-koji-vodi-do-pravde\\\/\"},\"wordCount\":613,\"publisher\":{\"@id\":\"https:\\\/\\\/www.evropskakuca.me\\\/me\\\/#organization\"},\"image\":{\"@id\":\"https:\\\/\\\/www.evropskakuca.me\\\/me\\\/rad-znanje-i-istrajnost-put-koji-vodi-do-pravde\\\/#primaryimage\"},\"thumbnailUrl\":\"https:\\\/\\\/www.evropskakuca.me\\\/wp-content\\\/uploads\\\/2026\\\/03\\\/prof.-dr.png\",\"articleSection\":[\"Novosti\",\"Vesti\"],\"inLanguage\":\"me-ME\"},{\"@type\":\"WebPage\",\"@id\":\"https:\\\/\\\/www.evropskakuca.me\\\/me\\\/rad-znanje-i-istrajnost-put-koji-vodi-do-pravde\\\/\",\"url\":\"https:\\\/\\\/www.evropskakuca.me\\\/me\\\/rad-znanje-i-istrajnost-put-koji-vodi-do-pravde\\\/\",\"name\":\"Rad, znanje i istrajnost: Put koji vodi do pravde - Europe House\",\"isPartOf\":{\"@id\":\"https:\\\/\\\/www.evropskakuca.me\\\/me\\\/#website\"},\"primaryImageOfPage\":{\"@id\":\"https:\\\/\\\/www.evropskakuca.me\\\/me\\\/rad-znanje-i-istrajnost-put-koji-vodi-do-pravde\\\/#primaryimage\"},\"image\":{\"@id\":\"https:\\\/\\\/www.evropskakuca.me\\\/me\\\/rad-znanje-i-istrajnost-put-koji-vodi-do-pravde\\\/#primaryimage\"},\"thumbnailUrl\":\"https:\\\/\\\/www.evropskakuca.me\\\/wp-content\\\/uploads\\\/2026\\\/03\\\/prof.-dr.png\",\"datePublished\":\"2026-03-04T09:14:09+00:00\",\"dateModified\":\"2026-03-04T16:46:49+00:00\",\"breadcrumb\":{\"@id\":\"https:\\\/\\\/www.evropskakuca.me\\\/me\\\/rad-znanje-i-istrajnost-put-koji-vodi-do-pravde\\\/#breadcrumb\"},\"inLanguage\":\"me-ME\",\"potentialAction\":[{\"@type\":\"ReadAction\",\"target\":[\"https:\\\/\\\/www.evropskakuca.me\\\/me\\\/rad-znanje-i-istrajnost-put-koji-vodi-do-pravde\\\/\"]}]},{\"@type\":\"ImageObject\",\"inLanguage\":\"me-ME\",\"@id\":\"https:\\\/\\\/www.evropskakuca.me\\\/me\\\/rad-znanje-i-istrajnost-put-koji-vodi-do-pravde\\\/#primaryimage\",\"url\":\"https:\\\/\\\/www.evropskakuca.me\\\/wp-content\\\/uploads\\\/2026\\\/03\\\/prof.-dr.png\",\"contentUrl\":\"https:\\\/\\\/www.evropskakuca.me\\\/wp-content\\\/uploads\\\/2026\\\/03\\\/prof.-dr.png\",\"width\":1920,\"height\":1080},{\"@type\":\"BreadcrumbList\",\"@id\":\"https:\\\/\\\/www.evropskakuca.me\\\/me\\\/rad-znanje-i-istrajnost-put-koji-vodi-do-pravde\\\/#breadcrumb\",\"itemListElement\":[{\"@type\":\"ListItem\",\"position\":1,\"name\":\"Home\",\"item\":\"https:\\\/\\\/www.evropskakuca.me\\\/me\\\/\"},{\"@type\":\"ListItem\",\"position\":2,\"name\":\"Rad, znanje i istrajnost: Put koji vodi do pravde\"}]},{\"@type\":\"WebSite\",\"@id\":\"https:\\\/\\\/www.evropskakuca.me\\\/me\\\/#website\",\"url\":\"https:\\\/\\\/www.evropskakuca.me\\\/me\\\/\",\"name\":\"Evropean house\",\"description\":\"\",\"publisher\":{\"@id\":\"https:\\\/\\\/www.evropskakuca.me\\\/me\\\/#organization\"},\"potentialAction\":[{\"@type\":\"SearchAction\",\"target\":{\"@type\":\"EntryPoint\",\"urlTemplate\":\"https:\\\/\\\/www.evropskakuca.me\\\/me\\\/?s={search_term_string}\"},\"query-input\":{\"@type\":\"PropertyValueSpecification\",\"valueRequired\":true,\"valueName\":\"search_term_string\"}}],\"inLanguage\":\"me-ME\"},{\"@type\":\"Organization\",\"@id\":\"https:\\\/\\\/www.evropskakuca.me\\\/me\\\/#organization\",\"name\":\"Evropean house\",\"url\":\"https:\\\/\\\/www.evropskakuca.me\\\/me\\\/\",\"logo\":{\"@type\":\"ImageObject\",\"inLanguage\":\"me-ME\",\"@id\":\"https:\\\/\\\/www.evropskakuca.me\\\/me\\\/#\\\/schema\\\/logo\\\/image\\\/\",\"url\":\"https:\\\/\\\/www.evropskakuca.me\\\/wp-content\\\/uploads\\\/2025\\\/01\\\/evropska-kuca-logo-1.png\",\"contentUrl\":\"https:\\\/\\\/www.evropskakuca.me\\\/wp-content\\\/uploads\\\/2025\\\/01\\\/evropska-kuca-logo-1.png\",\"width\":425,\"height\":312,\"caption\":\"Evropean house\"},\"image\":{\"@id\":\"https:\\\/\\\/www.evropskakuca.me\\\/me\\\/#\\\/schema\\\/logo\\\/image\\\/\"},\"sameAs\":[\"https:\\\/\\\/www.facebook.com\\\/evropska.kuca\",\"https:\\\/\\\/x.com\\\/evropska_kuca\",\"https:\\\/\\\/www.instagram.com\\\/evropska_kuca\"]},{\"@type\":\"Person\",\"@id\":\"https:\\\/\\\/www.evropskakuca.me\\\/me\\\/#\\\/schema\\\/person\\\/7e16527119c7b67f457996b970f2bd6e\",\"name\":\"Aleksandar Vukovic\",\"image\":{\"@type\":\"ImageObject\",\"inLanguage\":\"me-ME\",\"@id\":\"https:\\\/\\\/secure.gravatar.com\\\/avatar\\\/a1834e0104b0242a886079bde835ba36d80c70f9987a11f3ba33eb9e8d74cc15?s=96&d=mm&r=g\",\"url\":\"https:\\\/\\\/secure.gravatar.com\\\/avatar\\\/a1834e0104b0242a886079bde835ba36d80c70f9987a11f3ba33eb9e8d74cc15?s=96&d=mm&r=g\",\"contentUrl\":\"https:\\\/\\\/secure.gravatar.com\\\/avatar\\\/a1834e0104b0242a886079bde835ba36d80c70f9987a11f3ba33eb9e8d74cc15?s=96&d=mm&r=g\",\"caption\":\"Aleksandar Vukovic\"},\"url\":\"https:\\\/\\\/www.evropskakuca.me\\\/me\\\/author\\\/aleksandar\\\/\"}]}<\/script>\n<!-- \/ Yoast SEO plugin. -->","yoast_head_json":{"title":"Rad, znanje i istrajnost: Put koji vodi do pravde - Europe House","robots":{"index":"index","follow":"follow","max-snippet":"max-snippet:-1","max-image-preview":"max-image-preview:large","max-video-preview":"max-video-preview:-1"},"canonical":"https:\/\/www.evropskakuca.me\/me\/rad-znanje-i-istrajnost-put-koji-vodi-do-pravde\/","og_locale":"en_US","og_type":"article","og_title":"Rad, znanje i istrajnost: Put koji vodi do pravde - Europe House","og_description":"Razgovor sa Ivanom Jeli\u0107 \u201e\u017delja da poka\u017eem da \u017eena mo\u017ee uspjeti na ra\u010dun svog rada i bez pristajanja na ucjene postala je moja borba. Ta svijest me je oblikovala profesionalno, ali i li\u010dno. To me je oja\u010dalo i mnogo mi pomoglo u \u017eivotu\u201d, ovim rije\u010dima Ivana Jeli\u0107 sa\u017eima su\u0161tinu svog profesionalnog i li\u010dnog puta, koji [&hellip;]","og_url":"https:\/\/www.evropskakuca.me\/me\/rad-znanje-i-istrajnost-put-koji-vodi-do-pravde\/","og_site_name":"Europe House","article_publisher":"https:\/\/www.facebook.com\/evropska.kuca","article_published_time":"2026-03-04T09:14:09+00:00","article_modified_time":"2026-03-04T16:46:49+00:00","og_image":[{"width":1024,"height":576,"url":"https:\/\/www.evropskakuca.me\/wp-content\/uploads\/2026\/03\/prof.-dr-1024x576.png","type":"image\/png"}],"author":"Aleksandar Vukovic","twitter_card":"summary_large_image","twitter_creator":"@evropska_kuca","twitter_site":"@evropska_kuca","twitter_misc":{"Written by":"Aleksandar Vukovic","Est. reading time":"3 minutes"},"schema":{"@context":"https:\/\/schema.org","@graph":[{"@type":"Article","@id":"https:\/\/www.evropskakuca.me\/me\/rad-znanje-i-istrajnost-put-koji-vodi-do-pravde\/#article","isPartOf":{"@id":"https:\/\/www.evropskakuca.me\/me\/rad-znanje-i-istrajnost-put-koji-vodi-do-pravde\/"},"author":{"name":"Aleksandar Vukovic","@id":"https:\/\/www.evropskakuca.me\/me\/#\/schema\/person\/7e16527119c7b67f457996b970f2bd6e"},"headline":"Rad, znanje i istrajnost: Put koji vodi do pravde","datePublished":"2026-03-04T09:14:09+00:00","dateModified":"2026-03-04T16:46:49+00:00","mainEntityOfPage":{"@id":"https:\/\/www.evropskakuca.me\/me\/rad-znanje-i-istrajnost-put-koji-vodi-do-pravde\/"},"wordCount":613,"publisher":{"@id":"https:\/\/www.evropskakuca.me\/me\/#organization"},"image":{"@id":"https:\/\/www.evropskakuca.me\/me\/rad-znanje-i-istrajnost-put-koji-vodi-do-pravde\/#primaryimage"},"thumbnailUrl":"https:\/\/www.evropskakuca.me\/wp-content\/uploads\/2026\/03\/prof.-dr.png","articleSection":["Novosti","Vesti"],"inLanguage":"me-ME"},{"@type":"WebPage","@id":"https:\/\/www.evropskakuca.me\/me\/rad-znanje-i-istrajnost-put-koji-vodi-do-pravde\/","url":"https:\/\/www.evropskakuca.me\/me\/rad-znanje-i-istrajnost-put-koji-vodi-do-pravde\/","name":"Rad, znanje i istrajnost: Put koji vodi do pravde - Europe House","isPartOf":{"@id":"https:\/\/www.evropskakuca.me\/me\/#website"},"primaryImageOfPage":{"@id":"https:\/\/www.evropskakuca.me\/me\/rad-znanje-i-istrajnost-put-koji-vodi-do-pravde\/#primaryimage"},"image":{"@id":"https:\/\/www.evropskakuca.me\/me\/rad-znanje-i-istrajnost-put-koji-vodi-do-pravde\/#primaryimage"},"thumbnailUrl":"https:\/\/www.evropskakuca.me\/wp-content\/uploads\/2026\/03\/prof.-dr.png","datePublished":"2026-03-04T09:14:09+00:00","dateModified":"2026-03-04T16:46:49+00:00","breadcrumb":{"@id":"https:\/\/www.evropskakuca.me\/me\/rad-znanje-i-istrajnost-put-koji-vodi-do-pravde\/#breadcrumb"},"inLanguage":"me-ME","potentialAction":[{"@type":"ReadAction","target":["https:\/\/www.evropskakuca.me\/me\/rad-znanje-i-istrajnost-put-koji-vodi-do-pravde\/"]}]},{"@type":"ImageObject","inLanguage":"me-ME","@id":"https:\/\/www.evropskakuca.me\/me\/rad-znanje-i-istrajnost-put-koji-vodi-do-pravde\/#primaryimage","url":"https:\/\/www.evropskakuca.me\/wp-content\/uploads\/2026\/03\/prof.-dr.png","contentUrl":"https:\/\/www.evropskakuca.me\/wp-content\/uploads\/2026\/03\/prof.-dr.png","width":1920,"height":1080},{"@type":"BreadcrumbList","@id":"https:\/\/www.evropskakuca.me\/me\/rad-znanje-i-istrajnost-put-koji-vodi-do-pravde\/#breadcrumb","itemListElement":[{"@type":"ListItem","position":1,"name":"Home","item":"https:\/\/www.evropskakuca.me\/me\/"},{"@type":"ListItem","position":2,"name":"Rad, znanje i istrajnost: Put koji vodi do pravde"}]},{"@type":"WebSite","@id":"https:\/\/www.evropskakuca.me\/me\/#website","url":"https:\/\/www.evropskakuca.me\/me\/","name":"Evropean house","description":"","publisher":{"@id":"https:\/\/www.evropskakuca.me\/me\/#organization"},"potentialAction":[{"@type":"SearchAction","target":{"@type":"EntryPoint","urlTemplate":"https:\/\/www.evropskakuca.me\/me\/?s={search_term_string}"},"query-input":{"@type":"PropertyValueSpecification","valueRequired":true,"valueName":"search_term_string"}}],"inLanguage":"me-ME"},{"@type":"Organization","@id":"https:\/\/www.evropskakuca.me\/me\/#organization","name":"Evropean house","url":"https:\/\/www.evropskakuca.me\/me\/","logo":{"@type":"ImageObject","inLanguage":"me-ME","@id":"https:\/\/www.evropskakuca.me\/me\/#\/schema\/logo\/image\/","url":"https:\/\/www.evropskakuca.me\/wp-content\/uploads\/2025\/01\/evropska-kuca-logo-1.png","contentUrl":"https:\/\/www.evropskakuca.me\/wp-content\/uploads\/2025\/01\/evropska-kuca-logo-1.png","width":425,"height":312,"caption":"Evropean house"},"image":{"@id":"https:\/\/www.evropskakuca.me\/me\/#\/schema\/logo\/image\/"},"sameAs":["https:\/\/www.facebook.com\/evropska.kuca","https:\/\/x.com\/evropska_kuca","https:\/\/www.instagram.com\/evropska_kuca"]},{"@type":"Person","@id":"https:\/\/www.evropskakuca.me\/me\/#\/schema\/person\/7e16527119c7b67f457996b970f2bd6e","name":"Aleksandar Vukovic","image":{"@type":"ImageObject","inLanguage":"me-ME","@id":"https:\/\/secure.gravatar.com\/avatar\/a1834e0104b0242a886079bde835ba36d80c70f9987a11f3ba33eb9e8d74cc15?s=96&d=mm&r=g","url":"https:\/\/secure.gravatar.com\/avatar\/a1834e0104b0242a886079bde835ba36d80c70f9987a11f3ba33eb9e8d74cc15?s=96&d=mm&r=g","contentUrl":"https:\/\/secure.gravatar.com\/avatar\/a1834e0104b0242a886079bde835ba36d80c70f9987a11f3ba33eb9e8d74cc15?s=96&d=mm&r=g","caption":"Aleksandar Vukovic"},"url":"https:\/\/www.evropskakuca.me\/me\/author\/aleksandar\/"}]}},"_links":{"self":[{"href":"https:\/\/www.evropskakuca.me\/me\/wp-json\/wp\/v2\/posts\/47886","targetHints":{"allow":["GET"]}}],"collection":[{"href":"https:\/\/www.evropskakuca.me\/me\/wp-json\/wp\/v2\/posts"}],"about":[{"href":"https:\/\/www.evropskakuca.me\/me\/wp-json\/wp\/v2\/types\/post"}],"author":[{"embeddable":true,"href":"https:\/\/www.evropskakuca.me\/me\/wp-json\/wp\/v2\/users\/3"}],"replies":[{"embeddable":true,"href":"https:\/\/www.evropskakuca.me\/me\/wp-json\/wp\/v2\/comments?post=47886"}],"version-history":[{"count":1,"href":"https:\/\/www.evropskakuca.me\/me\/wp-json\/wp\/v2\/posts\/47886\/revisions"}],"predecessor-version":[{"id":47891,"href":"https:\/\/www.evropskakuca.me\/me\/wp-json\/wp\/v2\/posts\/47886\/revisions\/47891"}],"wp:featuredmedia":[{"embeddable":true,"href":"https:\/\/www.evropskakuca.me\/me\/wp-json\/wp\/v2\/media\/47933"}],"wp:attachment":[{"href":"https:\/\/www.evropskakuca.me\/me\/wp-json\/wp\/v2\/media?parent=47886"}],"wp:term":[{"taxonomy":"category","embeddable":true,"href":"https:\/\/www.evropskakuca.me\/me\/wp-json\/wp\/v2\/categories?post=47886"},{"taxonomy":"post_tag","embeddable":true,"href":"https:\/\/www.evropskakuca.me\/me\/wp-json\/wp\/v2\/tags?post=47886"}],"curies":[{"name":"wp","href":"https:\/\/api.w.org\/{rel}","templated":true}]}}