{"id":47785,"date":"2026-02-26T11:56:29","date_gmt":"2026-02-26T11:56:29","guid":{"rendered":"https:\/\/www.evropskakuca.me\/?p=47785"},"modified":"2026-02-26T12:03:53","modified_gmt":"2026-02-26T12:03:53","slug":"odrzana-radionica-karijerne-vjestine-za-buducnost-evrope","status":"publish","type":"post","link":"https:\/\/www.evropskakuca.me\/me\/odrzana-radionica-karijerne-vjestine-za-buducnost-evrope\/","title":{"rendered":"Odr\u017eana radionica &#8220;Karijerne vje\u0161tine za budu\u0107nost Evrope\u201c"},"content":{"rendered":"\n<p>Nastavak radionice \u201eKarijerne vje\u0161tine za budu\u0107nost Evrope\u201c, posve\u0107ene osna\u017eivanju mladih za konkurentno evropsko tr\u017ei\u0161te rada, uspje\u0161no je realizovan u Evropskoj ku\u0107i Bar.<\/p>\n\n\n\n<figure class=\"wp-block-gallery has-nested-images columns-default is-cropped wp-block-gallery-1 is-layout-flex wp-block-gallery-is-layout-flex\">\n<figure class=\"wp-block-image size-large\"><img fetchpriority=\"high\" decoding=\"async\" width=\"1024\" height=\"682\" data-id=\"47788\" src=\"https:\/\/www.evropskakuca.me\/wp-content\/uploads\/2026\/02\/viber_image_2026-02-26_12-46-57-969-1024x682.jpg\" alt=\"\" class=\"wp-image-47788\" srcset=\"https:\/\/www.evropskakuca.me\/wp-content\/uploads\/2026\/02\/viber_image_2026-02-26_12-46-57-969-1024x682.jpg 1024w, https:\/\/www.evropskakuca.me\/wp-content\/uploads\/2026\/02\/viber_image_2026-02-26_12-46-57-969-300x200.jpg 300w, https:\/\/www.evropskakuca.me\/wp-content\/uploads\/2026\/02\/viber_image_2026-02-26_12-46-57-969-768x512.jpg 768w, https:\/\/www.evropskakuca.me\/wp-content\/uploads\/2026\/02\/viber_image_2026-02-26_12-46-57-969-1536x1023.jpg 1536w, https:\/\/www.evropskakuca.me\/wp-content\/uploads\/2026\/02\/viber_image_2026-02-26_12-46-57-969.jpg 1600w\" sizes=\"(max-width: 1024px) 100vw, 1024px\" \/><\/figure>\n\n\n\n<figure class=\"wp-block-image size-large\"><img decoding=\"async\" width=\"1024\" height=\"682\" data-id=\"47792\" src=\"https:\/\/www.evropskakuca.me\/wp-content\/uploads\/2026\/02\/viber_image_2026-02-26_12-46-58-172-1024x682.jpg\" alt=\"\" class=\"wp-image-47792\" srcset=\"https:\/\/www.evropskakuca.me\/wp-content\/uploads\/2026\/02\/viber_image_2026-02-26_12-46-58-172-1024x682.jpg 1024w, https:\/\/www.evropskakuca.me\/wp-content\/uploads\/2026\/02\/viber_image_2026-02-26_12-46-58-172-300x200.jpg 300w, https:\/\/www.evropskakuca.me\/wp-content\/uploads\/2026\/02\/viber_image_2026-02-26_12-46-58-172-768x512.jpg 768w, https:\/\/www.evropskakuca.me\/wp-content\/uploads\/2026\/02\/viber_image_2026-02-26_12-46-58-172-1536x1023.jpg 1536w, https:\/\/www.evropskakuca.me\/wp-content\/uploads\/2026\/02\/viber_image_2026-02-26_12-46-58-172.jpg 1600w\" sizes=\"(max-width: 1024px) 100vw, 1024px\" \/><\/figure>\n\n\n\n<figure class=\"wp-block-image size-large\"><img decoding=\"async\" width=\"1024\" height=\"682\" data-id=\"47790\" src=\"https:\/\/www.evropskakuca.me\/wp-content\/uploads\/2026\/02\/viber_image_2026-02-26_12-46-58-371-1024x682.jpg\" alt=\"\" class=\"wp-image-47790\" srcset=\"https:\/\/www.evropskakuca.me\/wp-content\/uploads\/2026\/02\/viber_image_2026-02-26_12-46-58-371-1024x682.jpg 1024w, https:\/\/www.evropskakuca.me\/wp-content\/uploads\/2026\/02\/viber_image_2026-02-26_12-46-58-371-300x200.jpg 300w, https:\/\/www.evropskakuca.me\/wp-content\/uploads\/2026\/02\/viber_image_2026-02-26_12-46-58-371-768x512.jpg 768w, https:\/\/www.evropskakuca.me\/wp-content\/uploads\/2026\/02\/viber_image_2026-02-26_12-46-58-371-1536x1023.jpg 1536w, https:\/\/www.evropskakuca.me\/wp-content\/uploads\/2026\/02\/viber_image_2026-02-26_12-46-58-371.jpg 1600w\" sizes=\"(max-width: 1024px) 100vw, 1024px\" \/><\/figure>\n<\/figure>\n\n\n\n<p>Radionica je bila usmjerena na razvoj mekih vje\u0161tina, pripremu za intervju i strate\u0161ko pozicioniranje kandidata na tr\u017ei\u0161tu rada. Poseban fokus stavljen je na jasno, samouvjereno i autenti\u010dno predstavljanje profesionalnih kompetencija, kao i na prepoznavanje i adekvatno isticanje li\u010dnih potencijala.<\/p>\n\n\n\n<figure class=\"wp-block-image size-large\"><img loading=\"lazy\" decoding=\"async\" width=\"1024\" height=\"682\" src=\"https:\/\/www.evropskakuca.me\/wp-content\/uploads\/2026\/02\/viber_image_2026-02-26_12-46-54-658-1024x682.jpg\" alt=\"\" class=\"wp-image-47794\" srcset=\"https:\/\/www.evropskakuca.me\/wp-content\/uploads\/2026\/02\/viber_image_2026-02-26_12-46-54-658-1024x682.jpg 1024w, https:\/\/www.evropskakuca.me\/wp-content\/uploads\/2026\/02\/viber_image_2026-02-26_12-46-54-658-300x200.jpg 300w, https:\/\/www.evropskakuca.me\/wp-content\/uploads\/2026\/02\/viber_image_2026-02-26_12-46-54-658-768x512.jpg 768w, https:\/\/www.evropskakuca.me\/wp-content\/uploads\/2026\/02\/viber_image_2026-02-26_12-46-54-658-1536x1023.jpg 1536w, https:\/\/www.evropskakuca.me\/wp-content\/uploads\/2026\/02\/viber_image_2026-02-26_12-46-54-658.jpg 1600w\" sizes=\"(max-width: 1024px) 100vw, 1024px\" \/><\/figure>\n\n\n\n<p>Kroz prakti\u010dne primjere, simulacije i interaktivan rad, u\u010desnici su imali priliku da unaprijede komunikacijske vje\u0161tine, izgrade sigurnost u javnom nastupu i steknu konkretne alate za predstavljanje poslodavcima.<\/p>\n\n\n\n<p>Cilj radionice je doprinos ja\u010danju kapaciteta mladih da aktivno i spremno odgovore na izazove savremenog tr\u017ei\u0161ta rada, posebno u kontekstu evropskih integracija i novih profesionalnih prilika.<\/p>\n","protected":false},"excerpt":{"rendered":"<p>Nastavak radionice \u201eKarijerne vje\u0161tine za budu\u0107nost Evrope\u201c, posve\u0107ene osna\u017eivanju mladih za konkurentno evropsko tr\u017ei\u0161te rada, uspje\u0161no je realizovan u Evropskoj ku\u0107i Bar. Radionica je bila usmjerena na razvoj mekih vje\u0161tina, pripremu za intervju i strate\u0161ko pozicioniranje kandidata na tr\u017ei\u0161tu rada. Poseban fokus stavljen je na jasno, samouvjereno i autenti\u010dno predstavljanje profesionalnih kompetencija, kao i na [&hellip;]<\/p>\n","protected":false},"author":3,"featured_media":47786,"comment_status":"closed","ping_status":"closed","sticky":false,"template":"","format":"standard","meta":{"_acf_changed":false,"footnotes":""},"categories":[1197,283,524],"tags":[],"class_list":["post-47785","post","type-post","status-publish","format-standard","has-post-thumbnail","hentry","category-bar-me","category-novosti-me","category-vesti"],"acf":[],"yoast_head":"<!-- This site is optimized with the Yoast SEO plugin v27.3 - https:\/\/yoast.com\/product\/yoast-seo-wordpress\/ -->\n<title>Odr\u017eana radionica &quot;Karijerne vje\u0161tine za budu\u0107nost Evrope\u201c - Europe House<\/title>\n<meta name=\"robots\" content=\"index, follow, max-snippet:-1, max-image-preview:large, max-video-preview:-1\" \/>\n<link rel=\"canonical\" href=\"https:\/\/www.evropskakuca.me\/me\/odrzana-radionica-karijerne-vjestine-za-buducnost-evrope\/\" \/>\n<meta property=\"og:locale\" content=\"en_US\" \/>\n<meta property=\"og:type\" content=\"article\" \/>\n<meta property=\"og:title\" content=\"Odr\u017eana radionica &quot;Karijerne vje\u0161tine za budu\u0107nost Evrope\u201c - Europe House\" \/>\n<meta property=\"og:description\" content=\"Nastavak radionice \u201eKarijerne vje\u0161tine za budu\u0107nost Evrope\u201c, posve\u0107ene osna\u017eivanju mladih za konkurentno evropsko tr\u017ei\u0161te rada, uspje\u0161no je realizovan u Evropskoj ku\u0107i Bar. Radionica je bila usmjerena na razvoj mekih vje\u0161tina, pripremu za intervju i strate\u0161ko pozicioniranje kandidata na tr\u017ei\u0161tu rada. Poseban fokus stavljen je na jasno, samouvjereno i autenti\u010dno predstavljanje profesionalnih kompetencija, kao i na [&hellip;]\" \/>\n<meta property=\"og:url\" content=\"https:\/\/www.evropskakuca.me\/me\/odrzana-radionica-karijerne-vjestine-za-buducnost-evrope\/\" \/>\n<meta property=\"og:site_name\" content=\"Europe House\" \/>\n<meta property=\"article:publisher\" content=\"https:\/\/www.facebook.com\/evropska.kuca\" \/>\n<meta property=\"article:published_time\" content=\"2026-02-26T11:56:29+00:00\" \/>\n<meta property=\"article:modified_time\" content=\"2026-02-26T12:03:53+00:00\" \/>\n<meta property=\"og:image\" content=\"https:\/\/www.evropskakuca.me\/wp-content\/uploads\/2026\/02\/viber_image_2026-02-26_12-46-57-564-e1772106920267.jpg\" \/>\n\t<meta property=\"og:image:width\" content=\"1600\" \/>\n\t<meta property=\"og:image:height\" content=\"643\" \/>\n\t<meta property=\"og:image:type\" content=\"image\/jpeg\" \/>\n<meta name=\"author\" content=\"Aleksandar Vukovic\" \/>\n<meta name=\"twitter:card\" content=\"summary_large_image\" \/>\n<meta name=\"twitter:creator\" content=\"@evropska_kuca\" \/>\n<meta name=\"twitter:site\" content=\"@evropska_kuca\" \/>\n<meta name=\"twitter:label1\" content=\"Written by\" \/>\n\t<meta name=\"twitter:data1\" content=\"Aleksandar Vukovic\" \/>\n\t<meta name=\"twitter:label2\" content=\"Est. reading time\" \/>\n\t<meta name=\"twitter:data2\" content=\"2 minutes\" \/>\n<script type=\"application\/ld+json\" class=\"yoast-schema-graph\">{\"@context\":\"https:\\\/\\\/schema.org\",\"@graph\":[{\"@type\":\"Article\",\"@id\":\"https:\\\/\\\/www.evropskakuca.me\\\/me\\\/odrzana-radionica-karijerne-vjestine-za-buducnost-evrope\\\/#article\",\"isPartOf\":{\"@id\":\"https:\\\/\\\/www.evropskakuca.me\\\/me\\\/odrzana-radionica-karijerne-vjestine-za-buducnost-evrope\\\/\"},\"author\":{\"name\":\"Aleksandar Vukovic\",\"@id\":\"https:\\\/\\\/www.evropskakuca.me\\\/me\\\/#\\\/schema\\\/person\\\/7e16527119c7b67f457996b970f2bd6e\"},\"headline\":\"Odr\u017eana radionica &#8220;Karijerne vje\u0161tine za budu\u0107nost Evrope\u201c\",\"datePublished\":\"2026-02-26T11:56:29+00:00\",\"dateModified\":\"2026-02-26T12:03:53+00:00\",\"mainEntityOfPage\":{\"@id\":\"https:\\\/\\\/www.evropskakuca.me\\\/me\\\/odrzana-radionica-karijerne-vjestine-za-buducnost-evrope\\\/\"},\"wordCount\":144,\"publisher\":{\"@id\":\"https:\\\/\\\/www.evropskakuca.me\\\/me\\\/#organization\"},\"image\":{\"@id\":\"https:\\\/\\\/www.evropskakuca.me\\\/me\\\/odrzana-radionica-karijerne-vjestine-za-buducnost-evrope\\\/#primaryimage\"},\"thumbnailUrl\":\"https:\\\/\\\/www.evropskakuca.me\\\/wp-content\\\/uploads\\\/2026\\\/02\\\/viber_image_2026-02-26_12-46-57-564-e1772106920267.jpg\",\"articleSection\":[\"Bar ME\",\"Novosti\",\"Vesti\"],\"inLanguage\":\"me-ME\"},{\"@type\":\"WebPage\",\"@id\":\"https:\\\/\\\/www.evropskakuca.me\\\/me\\\/odrzana-radionica-karijerne-vjestine-za-buducnost-evrope\\\/\",\"url\":\"https:\\\/\\\/www.evropskakuca.me\\\/me\\\/odrzana-radionica-karijerne-vjestine-za-buducnost-evrope\\\/\",\"name\":\"Odr\u017eana radionica \\\"Karijerne vje\u0161tine za budu\u0107nost Evrope\u201c - Europe House\",\"isPartOf\":{\"@id\":\"https:\\\/\\\/www.evropskakuca.me\\\/me\\\/#website\"},\"primaryImageOfPage\":{\"@id\":\"https:\\\/\\\/www.evropskakuca.me\\\/me\\\/odrzana-radionica-karijerne-vjestine-za-buducnost-evrope\\\/#primaryimage\"},\"image\":{\"@id\":\"https:\\\/\\\/www.evropskakuca.me\\\/me\\\/odrzana-radionica-karijerne-vjestine-za-buducnost-evrope\\\/#primaryimage\"},\"thumbnailUrl\":\"https:\\\/\\\/www.evropskakuca.me\\\/wp-content\\\/uploads\\\/2026\\\/02\\\/viber_image_2026-02-26_12-46-57-564-e1772106920267.jpg\",\"datePublished\":\"2026-02-26T11:56:29+00:00\",\"dateModified\":\"2026-02-26T12:03:53+00:00\",\"breadcrumb\":{\"@id\":\"https:\\\/\\\/www.evropskakuca.me\\\/me\\\/odrzana-radionica-karijerne-vjestine-za-buducnost-evrope\\\/#breadcrumb\"},\"inLanguage\":\"me-ME\",\"potentialAction\":[{\"@type\":\"ReadAction\",\"target\":[\"https:\\\/\\\/www.evropskakuca.me\\\/me\\\/odrzana-radionica-karijerne-vjestine-za-buducnost-evrope\\\/\"]}]},{\"@type\":\"ImageObject\",\"inLanguage\":\"me-ME\",\"@id\":\"https:\\\/\\\/www.evropskakuca.me\\\/me\\\/odrzana-radionica-karijerne-vjestine-za-buducnost-evrope\\\/#primaryimage\",\"url\":\"https:\\\/\\\/www.evropskakuca.me\\\/wp-content\\\/uploads\\\/2026\\\/02\\\/viber_image_2026-02-26_12-46-57-564-e1772106920267.jpg\",\"contentUrl\":\"https:\\\/\\\/www.evropskakuca.me\\\/wp-content\\\/uploads\\\/2026\\\/02\\\/viber_image_2026-02-26_12-46-57-564-e1772106920267.jpg\",\"width\":1600,\"height\":643},{\"@type\":\"BreadcrumbList\",\"@id\":\"https:\\\/\\\/www.evropskakuca.me\\\/me\\\/odrzana-radionica-karijerne-vjestine-za-buducnost-evrope\\\/#breadcrumb\",\"itemListElement\":[{\"@type\":\"ListItem\",\"position\":1,\"name\":\"Home\",\"item\":\"https:\\\/\\\/www.evropskakuca.me\\\/me\\\/\"},{\"@type\":\"ListItem\",\"position\":2,\"name\":\"Odr\u017eana radionica &#8220;Karijerne vje\u0161tine za budu\u0107nost Evrope\u201c\"}]},{\"@type\":\"WebSite\",\"@id\":\"https:\\\/\\\/www.evropskakuca.me\\\/me\\\/#website\",\"url\":\"https:\\\/\\\/www.evropskakuca.me\\\/me\\\/\",\"name\":\"Evropean house\",\"description\":\"\",\"publisher\":{\"@id\":\"https:\\\/\\\/www.evropskakuca.me\\\/me\\\/#organization\"},\"potentialAction\":[{\"@type\":\"SearchAction\",\"target\":{\"@type\":\"EntryPoint\",\"urlTemplate\":\"https:\\\/\\\/www.evropskakuca.me\\\/me\\\/?s={search_term_string}\"},\"query-input\":{\"@type\":\"PropertyValueSpecification\",\"valueRequired\":true,\"valueName\":\"search_term_string\"}}],\"inLanguage\":\"me-ME\"},{\"@type\":\"Organization\",\"@id\":\"https:\\\/\\\/www.evropskakuca.me\\\/me\\\/#organization\",\"name\":\"Evropean house\",\"url\":\"https:\\\/\\\/www.evropskakuca.me\\\/me\\\/\",\"logo\":{\"@type\":\"ImageObject\",\"inLanguage\":\"me-ME\",\"@id\":\"https:\\\/\\\/www.evropskakuca.me\\\/me\\\/#\\\/schema\\\/logo\\\/image\\\/\",\"url\":\"https:\\\/\\\/www.evropskakuca.me\\\/wp-content\\\/uploads\\\/2025\\\/01\\\/evropska-kuca-logo-1.png\",\"contentUrl\":\"https:\\\/\\\/www.evropskakuca.me\\\/wp-content\\\/uploads\\\/2025\\\/01\\\/evropska-kuca-logo-1.png\",\"width\":425,\"height\":312,\"caption\":\"Evropean house\"},\"image\":{\"@id\":\"https:\\\/\\\/www.evropskakuca.me\\\/me\\\/#\\\/schema\\\/logo\\\/image\\\/\"},\"sameAs\":[\"https:\\\/\\\/www.facebook.com\\\/evropska.kuca\",\"https:\\\/\\\/x.com\\\/evropska_kuca\",\"https:\\\/\\\/www.instagram.com\\\/evropska_kuca\"]},{\"@type\":\"Person\",\"@id\":\"https:\\\/\\\/www.evropskakuca.me\\\/me\\\/#\\\/schema\\\/person\\\/7e16527119c7b67f457996b970f2bd6e\",\"name\":\"Aleksandar Vukovic\",\"image\":{\"@type\":\"ImageObject\",\"inLanguage\":\"me-ME\",\"@id\":\"https:\\\/\\\/secure.gravatar.com\\\/avatar\\\/a1834e0104b0242a886079bde835ba36d80c70f9987a11f3ba33eb9e8d74cc15?s=96&d=mm&r=g\",\"url\":\"https:\\\/\\\/secure.gravatar.com\\\/avatar\\\/a1834e0104b0242a886079bde835ba36d80c70f9987a11f3ba33eb9e8d74cc15?s=96&d=mm&r=g\",\"contentUrl\":\"https:\\\/\\\/secure.gravatar.com\\\/avatar\\\/a1834e0104b0242a886079bde835ba36d80c70f9987a11f3ba33eb9e8d74cc15?s=96&d=mm&r=g\",\"caption\":\"Aleksandar Vukovic\"},\"url\":\"https:\\\/\\\/www.evropskakuca.me\\\/me\\\/author\\\/aleksandar\\\/\"}]}<\/script>\n<!-- \/ Yoast SEO plugin. -->","yoast_head_json":{"title":"Odr\u017eana radionica \"Karijerne vje\u0161tine za budu\u0107nost Evrope\u201c - Europe House","robots":{"index":"index","follow":"follow","max-snippet":"max-snippet:-1","max-image-preview":"max-image-preview:large","max-video-preview":"max-video-preview:-1"},"canonical":"https:\/\/www.evropskakuca.me\/me\/odrzana-radionica-karijerne-vjestine-za-buducnost-evrope\/","og_locale":"en_US","og_type":"article","og_title":"Odr\u017eana radionica \"Karijerne vje\u0161tine za budu\u0107nost Evrope\u201c - Europe House","og_description":"Nastavak radionice \u201eKarijerne vje\u0161tine za budu\u0107nost Evrope\u201c, posve\u0107ene osna\u017eivanju mladih za konkurentno evropsko tr\u017ei\u0161te rada, uspje\u0161no je realizovan u Evropskoj ku\u0107i Bar. Radionica je bila usmjerena na razvoj mekih vje\u0161tina, pripremu za intervju i strate\u0161ko pozicioniranje kandidata na tr\u017ei\u0161tu rada. Poseban fokus stavljen je na jasno, samouvjereno i autenti\u010dno predstavljanje profesionalnih kompetencija, kao i na [&hellip;]","og_url":"https:\/\/www.evropskakuca.me\/me\/odrzana-radionica-karijerne-vjestine-za-buducnost-evrope\/","og_site_name":"Europe House","article_publisher":"https:\/\/www.facebook.com\/evropska.kuca","article_published_time":"2026-02-26T11:56:29+00:00","article_modified_time":"2026-02-26T12:03:53+00:00","og_image":[{"width":1600,"height":643,"url":"https:\/\/www.evropskakuca.me\/wp-content\/uploads\/2026\/02\/viber_image_2026-02-26_12-46-57-564-e1772106920267.jpg","type":"image\/jpeg"}],"author":"Aleksandar Vukovic","twitter_card":"summary_large_image","twitter_creator":"@evropska_kuca","twitter_site":"@evropska_kuca","twitter_misc":{"Written by":"Aleksandar Vukovic","Est. reading time":"2 minutes"},"schema":{"@context":"https:\/\/schema.org","@graph":[{"@type":"Article","@id":"https:\/\/www.evropskakuca.me\/me\/odrzana-radionica-karijerne-vjestine-za-buducnost-evrope\/#article","isPartOf":{"@id":"https:\/\/www.evropskakuca.me\/me\/odrzana-radionica-karijerne-vjestine-za-buducnost-evrope\/"},"author":{"name":"Aleksandar Vukovic","@id":"https:\/\/www.evropskakuca.me\/me\/#\/schema\/person\/7e16527119c7b67f457996b970f2bd6e"},"headline":"Odr\u017eana radionica &#8220;Karijerne vje\u0161tine za budu\u0107nost Evrope\u201c","datePublished":"2026-02-26T11:56:29+00:00","dateModified":"2026-02-26T12:03:53+00:00","mainEntityOfPage":{"@id":"https:\/\/www.evropskakuca.me\/me\/odrzana-radionica-karijerne-vjestine-za-buducnost-evrope\/"},"wordCount":144,"publisher":{"@id":"https:\/\/www.evropskakuca.me\/me\/#organization"},"image":{"@id":"https:\/\/www.evropskakuca.me\/me\/odrzana-radionica-karijerne-vjestine-za-buducnost-evrope\/#primaryimage"},"thumbnailUrl":"https:\/\/www.evropskakuca.me\/wp-content\/uploads\/2026\/02\/viber_image_2026-02-26_12-46-57-564-e1772106920267.jpg","articleSection":["Bar ME","Novosti","Vesti"],"inLanguage":"me-ME"},{"@type":"WebPage","@id":"https:\/\/www.evropskakuca.me\/me\/odrzana-radionica-karijerne-vjestine-za-buducnost-evrope\/","url":"https:\/\/www.evropskakuca.me\/me\/odrzana-radionica-karijerne-vjestine-za-buducnost-evrope\/","name":"Odr\u017eana radionica \"Karijerne vje\u0161tine za budu\u0107nost Evrope\u201c - Europe House","isPartOf":{"@id":"https:\/\/www.evropskakuca.me\/me\/#website"},"primaryImageOfPage":{"@id":"https:\/\/www.evropskakuca.me\/me\/odrzana-radionica-karijerne-vjestine-za-buducnost-evrope\/#primaryimage"},"image":{"@id":"https:\/\/www.evropskakuca.me\/me\/odrzana-radionica-karijerne-vjestine-za-buducnost-evrope\/#primaryimage"},"thumbnailUrl":"https:\/\/www.evropskakuca.me\/wp-content\/uploads\/2026\/02\/viber_image_2026-02-26_12-46-57-564-e1772106920267.jpg","datePublished":"2026-02-26T11:56:29+00:00","dateModified":"2026-02-26T12:03:53+00:00","breadcrumb":{"@id":"https:\/\/www.evropskakuca.me\/me\/odrzana-radionica-karijerne-vjestine-za-buducnost-evrope\/#breadcrumb"},"inLanguage":"me-ME","potentialAction":[{"@type":"ReadAction","target":["https:\/\/www.evropskakuca.me\/me\/odrzana-radionica-karijerne-vjestine-za-buducnost-evrope\/"]}]},{"@type":"ImageObject","inLanguage":"me-ME","@id":"https:\/\/www.evropskakuca.me\/me\/odrzana-radionica-karijerne-vjestine-za-buducnost-evrope\/#primaryimage","url":"https:\/\/www.evropskakuca.me\/wp-content\/uploads\/2026\/02\/viber_image_2026-02-26_12-46-57-564-e1772106920267.jpg","contentUrl":"https:\/\/www.evropskakuca.me\/wp-content\/uploads\/2026\/02\/viber_image_2026-02-26_12-46-57-564-e1772106920267.jpg","width":1600,"height":643},{"@type":"BreadcrumbList","@id":"https:\/\/www.evropskakuca.me\/me\/odrzana-radionica-karijerne-vjestine-za-buducnost-evrope\/#breadcrumb","itemListElement":[{"@type":"ListItem","position":1,"name":"Home","item":"https:\/\/www.evropskakuca.me\/me\/"},{"@type":"ListItem","position":2,"name":"Odr\u017eana radionica &#8220;Karijerne vje\u0161tine za budu\u0107nost Evrope\u201c"}]},{"@type":"WebSite","@id":"https:\/\/www.evropskakuca.me\/me\/#website","url":"https:\/\/www.evropskakuca.me\/me\/","name":"Evropean house","description":"","publisher":{"@id":"https:\/\/www.evropskakuca.me\/me\/#organization"},"potentialAction":[{"@type":"SearchAction","target":{"@type":"EntryPoint","urlTemplate":"https:\/\/www.evropskakuca.me\/me\/?s={search_term_string}"},"query-input":{"@type":"PropertyValueSpecification","valueRequired":true,"valueName":"search_term_string"}}],"inLanguage":"me-ME"},{"@type":"Organization","@id":"https:\/\/www.evropskakuca.me\/me\/#organization","name":"Evropean house","url":"https:\/\/www.evropskakuca.me\/me\/","logo":{"@type":"ImageObject","inLanguage":"me-ME","@id":"https:\/\/www.evropskakuca.me\/me\/#\/schema\/logo\/image\/","url":"https:\/\/www.evropskakuca.me\/wp-content\/uploads\/2025\/01\/evropska-kuca-logo-1.png","contentUrl":"https:\/\/www.evropskakuca.me\/wp-content\/uploads\/2025\/01\/evropska-kuca-logo-1.png","width":425,"height":312,"caption":"Evropean house"},"image":{"@id":"https:\/\/www.evropskakuca.me\/me\/#\/schema\/logo\/image\/"},"sameAs":["https:\/\/www.facebook.com\/evropska.kuca","https:\/\/x.com\/evropska_kuca","https:\/\/www.instagram.com\/evropska_kuca"]},{"@type":"Person","@id":"https:\/\/www.evropskakuca.me\/me\/#\/schema\/person\/7e16527119c7b67f457996b970f2bd6e","name":"Aleksandar Vukovic","image":{"@type":"ImageObject","inLanguage":"me-ME","@id":"https:\/\/secure.gravatar.com\/avatar\/a1834e0104b0242a886079bde835ba36d80c70f9987a11f3ba33eb9e8d74cc15?s=96&d=mm&r=g","url":"https:\/\/secure.gravatar.com\/avatar\/a1834e0104b0242a886079bde835ba36d80c70f9987a11f3ba33eb9e8d74cc15?s=96&d=mm&r=g","contentUrl":"https:\/\/secure.gravatar.com\/avatar\/a1834e0104b0242a886079bde835ba36d80c70f9987a11f3ba33eb9e8d74cc15?s=96&d=mm&r=g","caption":"Aleksandar Vukovic"},"url":"https:\/\/www.evropskakuca.me\/me\/author\/aleksandar\/"}]}},"_links":{"self":[{"href":"https:\/\/www.evropskakuca.me\/me\/wp-json\/wp\/v2\/posts\/47785","targetHints":{"allow":["GET"]}}],"collection":[{"href":"https:\/\/www.evropskakuca.me\/me\/wp-json\/wp\/v2\/posts"}],"about":[{"href":"https:\/\/www.evropskakuca.me\/me\/wp-json\/wp\/v2\/types\/post"}],"author":[{"embeddable":true,"href":"https:\/\/www.evropskakuca.me\/me\/wp-json\/wp\/v2\/users\/3"}],"replies":[{"embeddable":true,"href":"https:\/\/www.evropskakuca.me\/me\/wp-json\/wp\/v2\/comments?post=47785"}],"version-history":[{"count":1,"href":"https:\/\/www.evropskakuca.me\/me\/wp-json\/wp\/v2\/posts\/47785\/revisions"}],"predecessor-version":[{"id":47796,"href":"https:\/\/www.evropskakuca.me\/me\/wp-json\/wp\/v2\/posts\/47785\/revisions\/47796"}],"wp:featuredmedia":[{"embeddable":true,"href":"https:\/\/www.evropskakuca.me\/me\/wp-json\/wp\/v2\/media\/47786"}],"wp:attachment":[{"href":"https:\/\/www.evropskakuca.me\/me\/wp-json\/wp\/v2\/media?parent=47785"}],"wp:term":[{"taxonomy":"category","embeddable":true,"href":"https:\/\/www.evropskakuca.me\/me\/wp-json\/wp\/v2\/categories?post=47785"},{"taxonomy":"post_tag","embeddable":true,"href":"https:\/\/www.evropskakuca.me\/me\/wp-json\/wp\/v2\/tags?post=47785"}],"curies":[{"name":"wp","href":"https:\/\/api.w.org\/{rel}","templated":true}]}}