{"id":47758,"date":"2026-02-20T09:46:51","date_gmt":"2026-02-20T09:46:51","guid":{"rendered":"https:\/\/www.evropskakuca.me\/liberal-dialogues-official-launch\/"},"modified":"2026-02-20T09:54:20","modified_gmt":"2026-02-20T09:54:20","slug":"liberal-dialogues-official-launch","status":"publish","type":"post","link":"https:\/\/www.evropskakuca.me\/me\/liberal-dialogues-official-launch\/","title":{"rendered":"Liberalni dijalozi \u2013 Zvani\u010dno pokretanje inicijative"},"content":{"rendered":"\n<p>Sa zadovoljstvom najavljujemo zvani\u010dno pokretanje inicijative <strong><em>Liberalni dijalozi<\/em><\/strong>, koju predvodi Opservatorija za Jugoisto\u010dnu Evropu (SEE) u Trstu, u saradnji sa <strong>Fondacijama Otvorenog dru\u0161tva za Zapadni Balka<\/strong>n.<\/p>\n\n\n\n<p><em>Liberalni dijalozi<\/em> su nova regionalna platforma osmi\u0161ljena s ciljem podsticanja otvorenog, argumentovanog i konstruktivnog dijaloga me\u0111u studentima, akademskom zajednicom i \u0161irom javno\u0161\u0107u \u0161irom Jugoisto\u010dne Evrope.<\/p>\n\n\n\n<p>Studenti, predava\u010di i svi zainteresovani u\u010desnici pozvani su da uzmu u\u010de\u0161\u0107e. Registracija je dostupna putem platforme <strong>Eventbrite<\/strong> ili li\u010dno na doga\u0111aju, popunjavanjem \u0161tampanog prijavnog formulara.<\/p>\n\n\n\n<p>Dodatne informacije o programu i detaljima registracije dostupne su na zvani\u010dnoj internet stranici:<br><a href=\"https:\/\/www.seeobservatory.eu\/\">https:\/\/www.seeobservatory.eu\/<\/a><\/p>\n\n\n\n<p>Ove godine doga\u0111aji \u0107e se odr\u017eati u <strong>Trstu, Ljubljani, Beogradu, Podgorici i Tirani<\/strong>. U narednoj fazi o\u010dekuje se pro\u0161irenje projekta na dodatne klju\u010dne gradove \u0161irom regiona, \u010dime \u0107e se dodatno osna\u017eiti regionalna saradnja i razmjena ideja.<\/p>\n","protected":false},"excerpt":{"rendered":"<p>Sa zadovoljstvom najavljujemo zvani\u010dno pokretanje inicijative Liberalni dijalozi, koju predvodi Opservatorija za Jugoisto\u010dnu Evropu (SEE) u Trstu, u saradnji sa Fondacijama Otvorenog dru\u0161tva za Zapadni Balkan. Liberalni dijalozi su nova regionalna platforma osmi\u0161ljena s ciljem podsticanja otvorenog, argumentovanog i konstruktivnog dijaloga me\u0111u studentima, akademskom zajednicom i \u0161irom javno\u0161\u0107u \u0161irom Jugoisto\u010dne Evrope. Studenti, predava\u010di i svi [&hellip;]<\/p>\n","protected":false},"author":3,"featured_media":47755,"comment_status":"closed","ping_status":"closed","sticky":false,"template":"","format":"standard","meta":{"_acf_changed":false,"footnotes":""},"categories":[283,524],"tags":[],"class_list":["post-47758","post","type-post","status-publish","format-standard","has-post-thumbnail","hentry","category-novosti-me","category-vesti"],"acf":[],"yoast_head":"<!-- This site is optimized with the Yoast SEO plugin v27.3 - https:\/\/yoast.com\/product\/yoast-seo-wordpress\/ -->\n<title>Liberalni dijalozi \u2013 Zvani\u010dno pokretanje inicijative - Europe House<\/title>\n<meta name=\"robots\" content=\"index, follow, max-snippet:-1, max-image-preview:large, max-video-preview:-1\" \/>\n<link rel=\"canonical\" href=\"https:\/\/www.evropskakuca.me\/me\/liberal-dialogues-official-launch\/\" \/>\n<meta property=\"og:locale\" content=\"en_US\" \/>\n<meta property=\"og:type\" content=\"article\" \/>\n<meta property=\"og:title\" content=\"Liberalni dijalozi \u2013 Zvani\u010dno pokretanje inicijative - Europe House\" \/>\n<meta property=\"og:description\" content=\"Sa zadovoljstvom najavljujemo zvani\u010dno pokretanje inicijative Liberalni dijalozi, koju predvodi Opservatorija za Jugoisto\u010dnu Evropu (SEE) u Trstu, u saradnji sa Fondacijama Otvorenog dru\u0161tva za Zapadni Balkan. Liberalni dijalozi su nova regionalna platforma osmi\u0161ljena s ciljem podsticanja otvorenog, argumentovanog i konstruktivnog dijaloga me\u0111u studentima, akademskom zajednicom i \u0161irom javno\u0161\u0107u \u0161irom Jugoisto\u010dne Evrope. Studenti, predava\u010di i svi [&hellip;]\" \/>\n<meta property=\"og:url\" content=\"https:\/\/www.evropskakuca.me\/me\/liberal-dialogues-official-launch\/\" \/>\n<meta property=\"og:site_name\" content=\"Europe House\" \/>\n<meta property=\"article:publisher\" content=\"https:\/\/www.facebook.com\/evropska.kuca\" \/>\n<meta property=\"article:published_time\" content=\"2026-02-20T09:46:51+00:00\" \/>\n<meta property=\"article:modified_time\" content=\"2026-02-20T09:54:20+00:00\" \/>\n<meta property=\"og:image\" content=\"https:\/\/www.evropskakuca.me\/wp-content\/uploads\/2026\/02\/FRO_5224-scaled.jpg\" \/>\n\t<meta property=\"og:image:width\" content=\"2560\" \/>\n\t<meta property=\"og:image:height\" content=\"1707\" \/>\n\t<meta property=\"og:image:type\" content=\"image\/jpeg\" \/>\n<meta name=\"author\" content=\"Aleksandar Vukovic\" \/>\n<meta name=\"twitter:card\" content=\"summary_large_image\" \/>\n<meta name=\"twitter:creator\" content=\"@evropska_kuca\" \/>\n<meta name=\"twitter:site\" content=\"@evropska_kuca\" \/>\n<meta name=\"twitter:label1\" content=\"Written by\" \/>\n\t<meta name=\"twitter:data1\" content=\"Aleksandar Vukovic\" \/>\n\t<meta name=\"twitter:label2\" content=\"Est. reading time\" \/>\n\t<meta name=\"twitter:data2\" content=\"1 minute\" \/>\n<script type=\"application\/ld+json\" class=\"yoast-schema-graph\">{\"@context\":\"https:\\\/\\\/schema.org\",\"@graph\":[{\"@type\":\"Article\",\"@id\":\"https:\\\/\\\/www.evropskakuca.me\\\/me\\\/liberal-dialogues-official-launch\\\/#article\",\"isPartOf\":{\"@id\":\"https:\\\/\\\/www.evropskakuca.me\\\/me\\\/liberal-dialogues-official-launch\\\/\"},\"author\":{\"name\":\"Aleksandar Vukovic\",\"@id\":\"https:\\\/\\\/www.evropskakuca.me\\\/me\\\/#\\\/schema\\\/person\\\/7e16527119c7b67f457996b970f2bd6e\"},\"headline\":\"Liberalni dijalozi \u2013 Zvani\u010dno pokretanje inicijative\",\"datePublished\":\"2026-02-20T09:46:51+00:00\",\"dateModified\":\"2026-02-20T09:54:20+00:00\",\"mainEntityOfPage\":{\"@id\":\"https:\\\/\\\/www.evropskakuca.me\\\/me\\\/liberal-dialogues-official-launch\\\/\"},\"wordCount\":155,\"publisher\":{\"@id\":\"https:\\\/\\\/www.evropskakuca.me\\\/me\\\/#organization\"},\"image\":{\"@id\":\"https:\\\/\\\/www.evropskakuca.me\\\/me\\\/liberal-dialogues-official-launch\\\/#primaryimage\"},\"thumbnailUrl\":\"https:\\\/\\\/www.evropskakuca.me\\\/wp-content\\\/uploads\\\/2026\\\/02\\\/FRO_5224-scaled.jpg\",\"articleSection\":[\"Novosti\",\"Vesti\"],\"inLanguage\":\"me-ME\"},{\"@type\":\"WebPage\",\"@id\":\"https:\\\/\\\/www.evropskakuca.me\\\/me\\\/liberal-dialogues-official-launch\\\/\",\"url\":\"https:\\\/\\\/www.evropskakuca.me\\\/me\\\/liberal-dialogues-official-launch\\\/\",\"name\":\"Liberalni dijalozi \u2013 Zvani\u010dno pokretanje inicijative - Europe House\",\"isPartOf\":{\"@id\":\"https:\\\/\\\/www.evropskakuca.me\\\/me\\\/#website\"},\"primaryImageOfPage\":{\"@id\":\"https:\\\/\\\/www.evropskakuca.me\\\/me\\\/liberal-dialogues-official-launch\\\/#primaryimage\"},\"image\":{\"@id\":\"https:\\\/\\\/www.evropskakuca.me\\\/me\\\/liberal-dialogues-official-launch\\\/#primaryimage\"},\"thumbnailUrl\":\"https:\\\/\\\/www.evropskakuca.me\\\/wp-content\\\/uploads\\\/2026\\\/02\\\/FRO_5224-scaled.jpg\",\"datePublished\":\"2026-02-20T09:46:51+00:00\",\"dateModified\":\"2026-02-20T09:54:20+00:00\",\"breadcrumb\":{\"@id\":\"https:\\\/\\\/www.evropskakuca.me\\\/me\\\/liberal-dialogues-official-launch\\\/#breadcrumb\"},\"inLanguage\":\"me-ME\",\"potentialAction\":[{\"@type\":\"ReadAction\",\"target\":[\"https:\\\/\\\/www.evropskakuca.me\\\/me\\\/liberal-dialogues-official-launch\\\/\"]}]},{\"@type\":\"ImageObject\",\"inLanguage\":\"me-ME\",\"@id\":\"https:\\\/\\\/www.evropskakuca.me\\\/me\\\/liberal-dialogues-official-launch\\\/#primaryimage\",\"url\":\"https:\\\/\\\/www.evropskakuca.me\\\/wp-content\\\/uploads\\\/2026\\\/02\\\/FRO_5224-scaled.jpg\",\"contentUrl\":\"https:\\\/\\\/www.evropskakuca.me\\\/wp-content\\\/uploads\\\/2026\\\/02\\\/FRO_5224-scaled.jpg\",\"width\":2560,\"height\":1707},{\"@type\":\"BreadcrumbList\",\"@id\":\"https:\\\/\\\/www.evropskakuca.me\\\/me\\\/liberal-dialogues-official-launch\\\/#breadcrumb\",\"itemListElement\":[{\"@type\":\"ListItem\",\"position\":1,\"name\":\"Home\",\"item\":\"https:\\\/\\\/www.evropskakuca.me\\\/me\\\/\"},{\"@type\":\"ListItem\",\"position\":2,\"name\":\"Liberalni dijalozi \u2013 Zvani\u010dno pokretanje inicijative\"}]},{\"@type\":\"WebSite\",\"@id\":\"https:\\\/\\\/www.evropskakuca.me\\\/me\\\/#website\",\"url\":\"https:\\\/\\\/www.evropskakuca.me\\\/me\\\/\",\"name\":\"Evropean house\",\"description\":\"\",\"publisher\":{\"@id\":\"https:\\\/\\\/www.evropskakuca.me\\\/me\\\/#organization\"},\"potentialAction\":[{\"@type\":\"SearchAction\",\"target\":{\"@type\":\"EntryPoint\",\"urlTemplate\":\"https:\\\/\\\/www.evropskakuca.me\\\/me\\\/?s={search_term_string}\"},\"query-input\":{\"@type\":\"PropertyValueSpecification\",\"valueRequired\":true,\"valueName\":\"search_term_string\"}}],\"inLanguage\":\"me-ME\"},{\"@type\":\"Organization\",\"@id\":\"https:\\\/\\\/www.evropskakuca.me\\\/me\\\/#organization\",\"name\":\"Evropean house\",\"url\":\"https:\\\/\\\/www.evropskakuca.me\\\/me\\\/\",\"logo\":{\"@type\":\"ImageObject\",\"inLanguage\":\"me-ME\",\"@id\":\"https:\\\/\\\/www.evropskakuca.me\\\/me\\\/#\\\/schema\\\/logo\\\/image\\\/\",\"url\":\"https:\\\/\\\/www.evropskakuca.me\\\/wp-content\\\/uploads\\\/2025\\\/01\\\/evropska-kuca-logo-1.png\",\"contentUrl\":\"https:\\\/\\\/www.evropskakuca.me\\\/wp-content\\\/uploads\\\/2025\\\/01\\\/evropska-kuca-logo-1.png\",\"width\":425,\"height\":312,\"caption\":\"Evropean house\"},\"image\":{\"@id\":\"https:\\\/\\\/www.evropskakuca.me\\\/me\\\/#\\\/schema\\\/logo\\\/image\\\/\"},\"sameAs\":[\"https:\\\/\\\/www.facebook.com\\\/evropska.kuca\",\"https:\\\/\\\/x.com\\\/evropska_kuca\",\"https:\\\/\\\/www.instagram.com\\\/evropska_kuca\"]},{\"@type\":\"Person\",\"@id\":\"https:\\\/\\\/www.evropskakuca.me\\\/me\\\/#\\\/schema\\\/person\\\/7e16527119c7b67f457996b970f2bd6e\",\"name\":\"Aleksandar Vukovic\",\"image\":{\"@type\":\"ImageObject\",\"inLanguage\":\"me-ME\",\"@id\":\"https:\\\/\\\/secure.gravatar.com\\\/avatar\\\/a1834e0104b0242a886079bde835ba36d80c70f9987a11f3ba33eb9e8d74cc15?s=96&d=mm&r=g\",\"url\":\"https:\\\/\\\/secure.gravatar.com\\\/avatar\\\/a1834e0104b0242a886079bde835ba36d80c70f9987a11f3ba33eb9e8d74cc15?s=96&d=mm&r=g\",\"contentUrl\":\"https:\\\/\\\/secure.gravatar.com\\\/avatar\\\/a1834e0104b0242a886079bde835ba36d80c70f9987a11f3ba33eb9e8d74cc15?s=96&d=mm&r=g\",\"caption\":\"Aleksandar Vukovic\"},\"url\":\"https:\\\/\\\/www.evropskakuca.me\\\/me\\\/author\\\/aleksandar\\\/\"}]}<\/script>\n<!-- \/ Yoast SEO plugin. -->","yoast_head_json":{"title":"Liberalni dijalozi \u2013 Zvani\u010dno pokretanje inicijative - Europe House","robots":{"index":"index","follow":"follow","max-snippet":"max-snippet:-1","max-image-preview":"max-image-preview:large","max-video-preview":"max-video-preview:-1"},"canonical":"https:\/\/www.evropskakuca.me\/me\/liberal-dialogues-official-launch\/","og_locale":"en_US","og_type":"article","og_title":"Liberalni dijalozi \u2013 Zvani\u010dno pokretanje inicijative - Europe House","og_description":"Sa zadovoljstvom najavljujemo zvani\u010dno pokretanje inicijative Liberalni dijalozi, koju predvodi Opservatorija za Jugoisto\u010dnu Evropu (SEE) u Trstu, u saradnji sa Fondacijama Otvorenog dru\u0161tva za Zapadni Balkan. Liberalni dijalozi su nova regionalna platforma osmi\u0161ljena s ciljem podsticanja otvorenog, argumentovanog i konstruktivnog dijaloga me\u0111u studentima, akademskom zajednicom i \u0161irom javno\u0161\u0107u \u0161irom Jugoisto\u010dne Evrope. Studenti, predava\u010di i svi [&hellip;]","og_url":"https:\/\/www.evropskakuca.me\/me\/liberal-dialogues-official-launch\/","og_site_name":"Europe House","article_publisher":"https:\/\/www.facebook.com\/evropska.kuca","article_published_time":"2026-02-20T09:46:51+00:00","article_modified_time":"2026-02-20T09:54:20+00:00","og_image":[{"width":2560,"height":1707,"url":"https:\/\/www.evropskakuca.me\/wp-content\/uploads\/2026\/02\/FRO_5224-scaled.jpg","type":"image\/jpeg"}],"author":"Aleksandar Vukovic","twitter_card":"summary_large_image","twitter_creator":"@evropska_kuca","twitter_site":"@evropska_kuca","twitter_misc":{"Written by":"Aleksandar Vukovic","Est. reading time":"1 minute"},"schema":{"@context":"https:\/\/schema.org","@graph":[{"@type":"Article","@id":"https:\/\/www.evropskakuca.me\/me\/liberal-dialogues-official-launch\/#article","isPartOf":{"@id":"https:\/\/www.evropskakuca.me\/me\/liberal-dialogues-official-launch\/"},"author":{"name":"Aleksandar Vukovic","@id":"https:\/\/www.evropskakuca.me\/me\/#\/schema\/person\/7e16527119c7b67f457996b970f2bd6e"},"headline":"Liberalni dijalozi \u2013 Zvani\u010dno pokretanje inicijative","datePublished":"2026-02-20T09:46:51+00:00","dateModified":"2026-02-20T09:54:20+00:00","mainEntityOfPage":{"@id":"https:\/\/www.evropskakuca.me\/me\/liberal-dialogues-official-launch\/"},"wordCount":155,"publisher":{"@id":"https:\/\/www.evropskakuca.me\/me\/#organization"},"image":{"@id":"https:\/\/www.evropskakuca.me\/me\/liberal-dialogues-official-launch\/#primaryimage"},"thumbnailUrl":"https:\/\/www.evropskakuca.me\/wp-content\/uploads\/2026\/02\/FRO_5224-scaled.jpg","articleSection":["Novosti","Vesti"],"inLanguage":"me-ME"},{"@type":"WebPage","@id":"https:\/\/www.evropskakuca.me\/me\/liberal-dialogues-official-launch\/","url":"https:\/\/www.evropskakuca.me\/me\/liberal-dialogues-official-launch\/","name":"Liberalni dijalozi \u2013 Zvani\u010dno pokretanje inicijative - Europe House","isPartOf":{"@id":"https:\/\/www.evropskakuca.me\/me\/#website"},"primaryImageOfPage":{"@id":"https:\/\/www.evropskakuca.me\/me\/liberal-dialogues-official-launch\/#primaryimage"},"image":{"@id":"https:\/\/www.evropskakuca.me\/me\/liberal-dialogues-official-launch\/#primaryimage"},"thumbnailUrl":"https:\/\/www.evropskakuca.me\/wp-content\/uploads\/2026\/02\/FRO_5224-scaled.jpg","datePublished":"2026-02-20T09:46:51+00:00","dateModified":"2026-02-20T09:54:20+00:00","breadcrumb":{"@id":"https:\/\/www.evropskakuca.me\/me\/liberal-dialogues-official-launch\/#breadcrumb"},"inLanguage":"me-ME","potentialAction":[{"@type":"ReadAction","target":["https:\/\/www.evropskakuca.me\/me\/liberal-dialogues-official-launch\/"]}]},{"@type":"ImageObject","inLanguage":"me-ME","@id":"https:\/\/www.evropskakuca.me\/me\/liberal-dialogues-official-launch\/#primaryimage","url":"https:\/\/www.evropskakuca.me\/wp-content\/uploads\/2026\/02\/FRO_5224-scaled.jpg","contentUrl":"https:\/\/www.evropskakuca.me\/wp-content\/uploads\/2026\/02\/FRO_5224-scaled.jpg","width":2560,"height":1707},{"@type":"BreadcrumbList","@id":"https:\/\/www.evropskakuca.me\/me\/liberal-dialogues-official-launch\/#breadcrumb","itemListElement":[{"@type":"ListItem","position":1,"name":"Home","item":"https:\/\/www.evropskakuca.me\/me\/"},{"@type":"ListItem","position":2,"name":"Liberalni dijalozi \u2013 Zvani\u010dno pokretanje inicijative"}]},{"@type":"WebSite","@id":"https:\/\/www.evropskakuca.me\/me\/#website","url":"https:\/\/www.evropskakuca.me\/me\/","name":"Evropean house","description":"","publisher":{"@id":"https:\/\/www.evropskakuca.me\/me\/#organization"},"potentialAction":[{"@type":"SearchAction","target":{"@type":"EntryPoint","urlTemplate":"https:\/\/www.evropskakuca.me\/me\/?s={search_term_string}"},"query-input":{"@type":"PropertyValueSpecification","valueRequired":true,"valueName":"search_term_string"}}],"inLanguage":"me-ME"},{"@type":"Organization","@id":"https:\/\/www.evropskakuca.me\/me\/#organization","name":"Evropean house","url":"https:\/\/www.evropskakuca.me\/me\/","logo":{"@type":"ImageObject","inLanguage":"me-ME","@id":"https:\/\/www.evropskakuca.me\/me\/#\/schema\/logo\/image\/","url":"https:\/\/www.evropskakuca.me\/wp-content\/uploads\/2025\/01\/evropska-kuca-logo-1.png","contentUrl":"https:\/\/www.evropskakuca.me\/wp-content\/uploads\/2025\/01\/evropska-kuca-logo-1.png","width":425,"height":312,"caption":"Evropean house"},"image":{"@id":"https:\/\/www.evropskakuca.me\/me\/#\/schema\/logo\/image\/"},"sameAs":["https:\/\/www.facebook.com\/evropska.kuca","https:\/\/x.com\/evropska_kuca","https:\/\/www.instagram.com\/evropska_kuca"]},{"@type":"Person","@id":"https:\/\/www.evropskakuca.me\/me\/#\/schema\/person\/7e16527119c7b67f457996b970f2bd6e","name":"Aleksandar Vukovic","image":{"@type":"ImageObject","inLanguage":"me-ME","@id":"https:\/\/secure.gravatar.com\/avatar\/a1834e0104b0242a886079bde835ba36d80c70f9987a11f3ba33eb9e8d74cc15?s=96&d=mm&r=g","url":"https:\/\/secure.gravatar.com\/avatar\/a1834e0104b0242a886079bde835ba36d80c70f9987a11f3ba33eb9e8d74cc15?s=96&d=mm&r=g","contentUrl":"https:\/\/secure.gravatar.com\/avatar\/a1834e0104b0242a886079bde835ba36d80c70f9987a11f3ba33eb9e8d74cc15?s=96&d=mm&r=g","caption":"Aleksandar Vukovic"},"url":"https:\/\/www.evropskakuca.me\/me\/author\/aleksandar\/"}]}},"_links":{"self":[{"href":"https:\/\/www.evropskakuca.me\/me\/wp-json\/wp\/v2\/posts\/47758","targetHints":{"allow":["GET"]}}],"collection":[{"href":"https:\/\/www.evropskakuca.me\/me\/wp-json\/wp\/v2\/posts"}],"about":[{"href":"https:\/\/www.evropskakuca.me\/me\/wp-json\/wp\/v2\/types\/post"}],"author":[{"embeddable":true,"href":"https:\/\/www.evropskakuca.me\/me\/wp-json\/wp\/v2\/users\/3"}],"replies":[{"embeddable":true,"href":"https:\/\/www.evropskakuca.me\/me\/wp-json\/wp\/v2\/comments?post=47758"}],"version-history":[{"count":2,"href":"https:\/\/www.evropskakuca.me\/me\/wp-json\/wp\/v2\/posts\/47758\/revisions"}],"predecessor-version":[{"id":47760,"href":"https:\/\/www.evropskakuca.me\/me\/wp-json\/wp\/v2\/posts\/47758\/revisions\/47760"}],"wp:featuredmedia":[{"embeddable":true,"href":"https:\/\/www.evropskakuca.me\/me\/wp-json\/wp\/v2\/media\/47755"}],"wp:attachment":[{"href":"https:\/\/www.evropskakuca.me\/me\/wp-json\/wp\/v2\/media?parent=47758"}],"wp:term":[{"taxonomy":"category","embeddable":true,"href":"https:\/\/www.evropskakuca.me\/me\/wp-json\/wp\/v2\/categories?post=47758"},{"taxonomy":"post_tag","embeddable":true,"href":"https:\/\/www.evropskakuca.me\/me\/wp-json\/wp\/v2\/tags?post=47758"}],"curies":[{"name":"wp","href":"https:\/\/api.w.org\/{rel}","templated":true}]}}