{"id":47721,"date":"2026-02-18T14:01:17","date_gmt":"2026-02-18T14:01:17","guid":{"rendered":"https:\/\/www.evropskakuca.me\/establishment-of-media-resource-centers-to-support-small-and-local-media-outlets\/"},"modified":"2026-02-18T14:59:12","modified_gmt":"2026-02-18T14:59:12","slug":"establishment-of-media-resource-centers-to-support-small-and-local-media-outlets","status":"publish","type":"post","link":"https:\/\/www.evropskakuca.me\/me\/establishment-of-media-resource-centers-to-support-small-and-local-media-outlets\/","title":{"rendered":"Uspostavljanje medijskih resursnih centara za podr\u0161ku malim i lokalnim medijima"},"content":{"rendered":"\n<p class=\"has-text-align-center\"><strong><strong>Poziv za podno\u0161enje projektnih predloga<\/strong><\/strong><\/p>\n\n\n\n<p>Deutsche Gesellschaft f\u00fcr Internationale Zusammenarbeit (GIZ), u saradnji sa DW Akademie, sprovodi Regionalni program podr\u0161ke medijima na Zapadnom Balkanu; <strong>#SustanMedia: Podr\u0161ka slobodi i pluralizmu medija na Zapadnom Balkanu<\/strong>, koji finansiraju Evropska unija i Savezno ministarstvo za ekonomsku saradnju i razvoj Njema\u010dke (BMZ).<\/p>\n\n\n\n<p><strong>Cilj ovog programa je unapre\u0111enje ekonomske odr\u017eivosti i ja\u010danje konkurentnosti nezavisnih medijskih organizacija na Zapadnom Balkanu<\/strong>.<\/p>\n\n\n\n<p>U okviru ovog programa, <strong>GIZ poziva medijske ku\u0107e, organizacije za podr\u0161ku medijima, pru\u017eaoce usluga i konsultantske kompanije<\/strong> <strong>iz oblasti medija<\/strong>, iz privatnog ili neprofitnog sektora, na nacionalnom i regionalnom nivou, osnovane i aktivne u regionu Zapadnog Balkana (Albanija, Bosna i Hercegovina, Kosovo1*, Crna Gora, Sjeverna Makedonija i Srbija), da se prijave za uspostavljanje Medijskih resursnih centara radi podr\u0161ke malim i lokalnim medijima.<\/p>\n\n\n\n<p><strong>1. Pozadina poziva<\/strong><\/p>\n\n\n\n<p>Nezavisni i profesionalni mediji igraju klju\u010dnu ulogu u informisanju gra\u0111ana, obezbje\u0111ivanju odgovornosti i razvoju demokratije. Me\u0111utim, mnogi mali, lokalni mediji i mediji u nastajanju suo\u010davaju se sa trajnim strukturnim i finansijskim izazovima koji ograni\u010davaju njihovu sposobnost da posluju i budu konkurentni na sve slo\u017eenijem, zahtjevnijem i digitalizovanom medijskom tr\u017ei\u0161tu.<\/p>\n\n\n\n<p>Ovi izazovi \u010desto uklju\u010duju ograni\u010den pristup specijalizovanom znanju, nedovoljne finansijske i upravlja\u010dke kapacitete, slabe marketin\u0161ke kapacitete i slabe kapacitete za razvoj publike, kao i nedostatak naprednih digitalnih, bezbjednosnih i drugih tehnolo\u0161kih usluga. Zbog finansijskih ograni\u010denja i malog broja zaposlenih, mnogi mediji nijesu u mogu\u0107nosti da interno razviju ove funkcije, \u0161to negativno uti\u010de i na njihovu ekonomsku odr\u017eivost i na kvalitet novinarskog rada.<\/p>\n\n\n\n<p>Radi prevazila\u017eenja ovih nedostataka, raste potreba za modelima zajedni\u010dkih usluga podr\u0161ke koji omogu\u0107avaju manjim medijskim organizacijama pristup profesionalnoj podr\u0161ci putem eksternih resursnih centara.<\/p>\n\n\n\n<p>Takvi centri mogu pru\u017eati <strong>isplative i visokokvalitetne usluge, uklju\u010duju\u0107i, ali ne ograni\u010davaju\u0107i se na: ja\u010danje operativnih i upravlja\u010dkih struktura medija; podsticanje i podr\u0161ku strategijama poslovnog razvoja, digitalne transformacije i diverzifikacije prihoda; unapre\u0111enje istra\u017eiva\u010dkih i izvje\u0161tajnih kapaciteta; te omogu\u0107avanje medijima da postanu otporniji, konkurentniji i odr\u017eiviji.<\/strong><\/p>\n\n\n\n<p><strong>2. Cilj poziva<\/strong><\/p>\n\n\n\n<p>Cilj ovog poziva je <strong>ja\u010danje ekonomske odr\u017eivosti, operativne efikasnosti i konkurentnosti malih i lokalnih medija<\/strong>, kao i <strong>drugih relevantnih aktera informacionog ekosistema<\/strong>, kroz podr\u0161ku uspostavljanju ili ja\u010danju <strong>Medijskih resursnih centara<\/strong> koji pru\u017eaju zajedni\u010dke profesionalne usluge prilago\u0111ene njihovim potrebama.<\/p>\n\n\n\n<p><strong>3. Specifi\u010dni ciljevi<\/strong><\/p>\n\n\n\n<p>Projekti podr\u017eani ovim pozivom treba da doprinesu sljede\u0107im ciljevima:<\/p>\n\n\n\n<ol start=\"1\" class=\"wp-block-list\">\n<li>Unapre\u0111enje pristupa malih i lokalnih medija profesionalnim uslugama koje nisu u mogu\u0107nosti da razviju interno.<\/li>\n\n\n\n<li>Ja\u010danje poslovnih, finansijskih i organizacionih kapaciteta medijskih organizacija.<\/li>\n\n\n\n<li>Unapre\u0111enje kvaliteta, dometa i uticaja novinarskog sadr\u017eaja.<\/li>\n\n\n\n<li>Promovisanje inovacija, saradnje i efikasnosti u medijskom sektoru kroz modele zajedni\u010dkih usluga.<\/li>\n\n\n\n<li>Pove\u0107anje dugoro\u010dne ekonomske odr\u017eivosti i tr\u017ei\u0161ne konkurentnosti nezavisnih medija.<\/li>\n\n\n\n<li>Ja\u010danje kapaciteta lokalnih i\/ili medija u nastajanju za pru\u017eanje pouzdanih, relevantnih i dostupnih informacija lokalnim zajednicama.<\/li>\n<\/ol>\n\n\n\n<p><strong>4. Prioritetne oblasti i pravci podr\u0161ke<\/strong><\/p>\n\n\n\n<p>Podnosioci prijava se pozivaju da predlo\u017ee projekte za <strong>uspostavljanje ili pro\u0161irenje resursnih centara<\/strong> koji nude jednu ili vi\u0161e sljede\u0107ih prioritetnih usluga.<\/p>\n\n\n\n<p>Predlozi moraju jasno objasniti koje \u0107e se usluge pru\u017eati, na koji na\u010din i kako odgovaraju konkretnim potrebama malih, lokalnih i\/ili medija u nastajanju.<\/p>\n\n\n\n<p>Resursni centri mogu biti uspostavljeni na lokalnom ili regionalnom nivou.<\/p>\n\n\n\n<p><strong>4.1. Poslovni razvoj i organizaciono upravljanje<\/strong><\/p>\n\n\n\n<p>Projekti se mogu fokusirati na ja\u010danje poslovnih i organizacionih osnova medija, uklju\u010duju\u0107i, ali ne ograni\u010davaju\u0107i se na:<\/p>\n\n\n\n<ul class=\"wp-block-list\">\n<li>Izradu poslovnih planova i strategija odr\u017eivosti<\/li>\n\n\n\n<li>Modele diverzifikacije prihoda<\/li>\n\n\n\n<li>Usluge finansijskog upravljanja i ra\u010dunovodstva<\/li>\n\n\n\n<li>Podr\u0161ku u pisanju projekata i prikupljanju sredstava (fundraising)<\/li>\n\n\n\n<li>Upravljanje, organizacioni razvoj ili optimizaciju struktura<\/li>\n<\/ul>\n\n\n\n<p>Predlozi treba jasno da objasne kako i u kojoj mjeri \u0107e ove usluge pomo\u0107i medijima da unaprijede finansijsku stabilnost, operativnu efikasnost i dugoro\u010dno planiranje.<\/p>\n\n\n\n<p><strong>4.2. Marketing, razvoj publike i brendiranje<\/strong><\/p>\n\n\n\n<p>Projekti mogu podr\u017eati medije u pove\u0107anju dosega i anga\u017emana publike kroz:<\/p>\n\n\n\n<ul class=\"wp-block-list\">\n<li>Izradu marketin\u0161kih i komunikacionih strategija<\/li>\n\n\n\n<li>Usluge brendiranja i rebrendiranja<\/li>\n\n\n\n<li>Istra\u017eivanje publike i analitiku<\/li>\n\n\n\n<li>Modele pretplate, \u010dlanstva i anga\u017emana zajednice<\/li>\n\n\n\n<li>Podr\u0161ku u ogla\u0161avanju i prodaji<\/li>\n<\/ul>\n\n\n\n<p>Podnosioci prijava treba da opi\u0161u o\u010dekivane i mjerljive rezultate u vezi sa rastom publike, nivoom anga\u017emana i\/ili generisanjem prihoda.<\/p>\n\n\n\n<p><strong>4.3. Digitalna transformacija i tehnolo\u0161ke usluge<\/strong><\/p>\n\n\n\n<p>Projekti mogu ponuditi tehni\u010dke i digitalne usluge usmjerene na modernizaciju medijskih operacija, uklju\u010duju\u0107i:<\/p>\n\n\n\n<ul class=\"wp-block-list\">\n<li>Razvoj i odr\u017eavanje web-sajtova<\/li>\n\n\n\n<li>Sisteme za upravljanje sadr\u017eajem i digitalne alate za objavljivanje<\/li>\n\n\n\n<li>Analitiku podataka i SEO usluge<\/li>\n\n\n\n<li>Sajber bezbjednost i digitalnu sigurnost<\/li>\n\n\n\n<li>Alate za multimedijalnu produkciju i inovacije, uklju\u010duju\u0107i nabavku hardvera i softvera<\/li>\n\n\n\n<li>Integraciju AI (uredni\u010dkih) tokova rada<\/li>\n<\/ul>\n\n\n\n<p>Podnosioci prijava treba da poka\u017eu kako \u0107e predlo\u017eene usluge unaprijediti efikasnost, domet i inovativnost.<\/p>\n\n\n\n<p><strong>4.4. Uredni\u010dka i novinarska podr\u0161ka<\/strong><\/p>\n\n\n\n<p>Projekti mogu pru\u017eiti profesionalnu podr\u0161ku radi unapre\u0111enja kvaliteta, kredibiliteta i efikasnosti proizvodnje vijesti, uklju\u010duju\u0107i, ali ne ograni\u010davaju\u0107i se na:<\/p>\n\n\n\n<ul class=\"wp-block-list\">\n<li>Uredni\u010dko mentorstvo i coaching<\/li>\n\n\n\n<li>Usluge provjere \u010dinjenica i verifikacije<\/li>\n\n\n\n<li>Podr\u0161ku istra\u017eiva\u010dkom novinarstvu<\/li>\n\n\n\n<li>Pravne savjete u vezi sa novinarstvom i medijskim pravom<\/li>\n\n\n\n<li>Eti\u010dke standarde, uredni\u010dke politike i radne procese u redakciji<\/li>\n\n\n\n<li>Razvoj inovativnih formata i sadr\u017eaja prilago\u0111enih novim i rastu\u0107im komunikacionim kanalima (npr. kratki video formati, vizuelno pripovijedanje, kreativni infotainment formati i dr.)<\/li>\n<\/ul>\n\n\n\n<p>Podnosioci prijava treba da poka\u017eu kako \u0107e ove usluge unaprijediti kvalitet novinarstva, integritet i profesionalne standarde, uz puno po\u0161tovanje uredni\u010dke nezavisnosti uklju\u010denih medija.<\/p>\n\n\n\n<p><strong>4.5. Obuke, ja\u010danje kapaciteta i razmjena znanja<\/strong><\/p>\n\n\n\n<p>Projekti mogu uklju\u010divati strukturirane i sveobuhvatne alate za u\u010denje i podr\u0161ku na zahtjev (koji obuhvataju cjelokupan set operativnih procesa medija), kao \u0161to su:<\/p>\n\n\n\n<ul class=\"wp-block-list\">\n<li>Programi obuke i radionice<\/li>\n\n\n\n<li>U\u010denje izme\u0111u kolega (peer-to-peer) i mentorstvo<\/li>\n\n\n\n<li>Alati, smjernice i priru\u010dnici<\/li>\n\n\n\n<li>Helpdesk ili savjetodavne usluge na zahtjev<\/li>\n\n\n\n<li>\u201eOne stop shop\u201c za medijske usluge podr\u0161ke<\/li>\n<\/ul>\n\n\n\n<p>Aktivnosti ja\u010danja kapaciteta i podr\u0161ke treba da budu vo\u0111ene stvarnim potrebama, prakti\u010dne i prilago\u0111ene realnim potrebama malih\/lokalnih medija i\/ili medijskih inicijativa u nastajanju.<\/p>\n\n\n\n<p><strong>5. Prihvatljivi podnosioci prijava<\/strong><\/p>\n\n\n\n<p><strong>Prihvatljivi podnosioci<\/strong> uklju\u010duju:<\/p>\n\n\n\n<ul class=\"wp-block-list\">\n<li>Medijske organizacije<\/li>\n\n\n\n<li>Organizacije i udru\u017eenja za podr\u0161ku medijima<\/li>\n\n\n\n<li>Privatne kompanije, agencije, preduzetnike ili konsultantske firme sa dokazanim iskustvom u medijskim uslugama<\/li>\n\n\n\n<li>Nevladine i neprofitne organizacije u relevantnim sektorima<\/li>\n\n\n\n<li>Startapove osnovane od strane stru\u010dnjaka iz oblasti medija<\/li>\n<\/ul>\n\n\n\n<p>Javni emiteri i institucije pod kontrolom dr\u017eave <strong>nisu prihvatljivi kao vode\u0107i aplikanti2*.<\/strong><\/p>\n\n\n\n<p>Prijave se mogu podnositi<\/p>\n\n\n\n<ul class=\"wp-block-list\">\n<li><strong>pojedina\u010dno<\/strong><\/li>\n\n\n\n<li>ili <strong>u konzorcijumu\/partnerstvu<\/strong>, uz jasno definisane uloge.<\/li>\n<\/ul>\n\n\n\n<p>Podnosioci mogu predlo\u017eiti partnerstva sa razli\u010ditim organizacijama \u010dija su ekspertiza i kapaciteti relevantni za ciljeve ovog Poziva i usluge koje \u0107e pru\u017eati Medijski resursni centri.<\/p>\n\n\n\n<p>Prihvatljivi partneri mogu uklju\u010divati, ali nisu ograni\u010deni na:<\/p>\n\n\n\n<ul class=\"wp-block-list\">\n<li>Medijske organizacije<\/li>\n\n\n\n<li>Aktere izvan medijskog sektora koji mogu doprinijeti relevantnom ekspertizom ili uslugama, kao \u0161to su:\n<ul class=\"wp-block-list\">\n<li>Akademske i istra\u017eiva\u010dke institucije<\/li>\n\n\n\n<li>Tehnolo\u0161ki i digitalni pru\u017eaoci usluga<\/li>\n\n\n\n<li>Poslovni i marketin\u0161ki subjekti<\/li>\n\n\n\n<li>Organizacije civilnog dru\u0161tva i profesionalna udru\u017eenja<\/li>\n\n\n\n<li>Pravne, finansijske ili konsultantske organizacije<\/li>\n\n\n\n<li>itd.<\/li>\n<\/ul>\n<\/li>\n<\/ul>\n\n\n\n<p>Partnerstva se podsti\u010du tamo gdje donose jasnu dodatnu vrijednost, omogu\u0107avaju pristup specijalizovanom znanju ili uslugama i ja\u010daju ukupni uticaj i odr\u017eivost predlo\u017eenog Medijskog resursnog centra. Uloga, dodatna vrijednost i odgovornosti svakog partnera moraju biti jasno opisane.<\/p>\n\n\n\n<p>Podnosioci i njihovi partneri moraju dokazati:<\/p>\n\n\n\n<ul class=\"wp-block-list\">\n<li>Dokazano iskustvo u najmanje jednoj od prioritetnih oblasti<\/li>\n\n\n\n<li>Kapacitet za pru\u017eanje usluga ve\u0107em broju medija<\/li>\n\n\n\n<li>Razumijevanje potreba i ograni\u010denja malih i lokalnih medijskih organizacija<\/li>\n<\/ul>\n\n\n\n<p><strong>6. Klju\u010dni zahtjevi za prijavu<\/strong><\/p>\n\n\n\n<p>Prijedlozi moraju:<\/p>\n\n\n\n<ul class=\"wp-block-list\">\n<li>Jasno identifikovati ciljnu(e) grupu(e) medija\/aktera koji \u0107e biti podr\u017eani<\/li>\n\n\n\n<li>Opisati model pru\u017eanja usluga, uklju\u010duju\u0107i pristup, cijene (ukoliko postoje) i odr\u017eivost<\/li>\n\n\n\n<li>Objasniti kako projekat osigurava inkluzivnost i dostupnost za medije sa ograni\u010denim resursima<\/li>\n\n\n\n<li>Uklju\u010diti realan plan implementacije i bud\u017eet<\/li>\n\n\n\n<li>Pokazati kako \u0107e resursni centar nastaviti sa radom i nakon zavr\u0161etka projekta<\/li>\n<\/ul>\n\n\n\n<p><strong>7. Iznos i trajanje grantova<\/strong><\/p>\n\n\n\n<p>Broj grantova koji \u0107e biti dodijeljeni: do 15 grantova<\/p>\n\n\n\n<p>Iznos granta: od 10.000 do 80.000 EUR<\/p>\n\n\n\n<p>Trajanje granta: do 2 godine<\/p>\n\n\n\n<p>Iznos grantova bi\u0107e odre\u0111en na osnovu predlo\u017eene intervencije, broja ponu\u0111enih usluga, broja ciljnih medijskih aktera, trajanja, geografske pokrivenosti, nivoa saradnje i partnerstava, kao i administrativnog i apsorpcionog kapaciteta svake organizacije.<\/p>\n\n\n\n<p><strong>8. Kriterijumi za selekciju<\/strong><\/p>\n\n\n\n<p>Predlozi \u0107e biti ocjenjivani na osnovu sljede\u0107ih kriterijuma:<\/p>\n\n\n\n<p><strong>Relevantnost i strate\u0161ko uskla\u0111ivanje<\/strong><\/p>\n\n\n\n<ul class=\"wp-block-list\">\n<li>Jasna uskla\u0111enost sa op\u0161tim ciljem i ciljevima Poziva<\/li>\n\n\n\n<li>Dokazano razumijevanje izazova sa kojima se suo\u010davaju mali i lokalni mediji<\/li>\n\n\n\n<li>Jasno obrazlo\u017eenje predlo\u017eenih usluga i njihove relevantnosti za ciljnu grupu<\/li>\n\n\n\n<li>Relevantnost i uticaj ciljanih medijskih korisnika u javnom interesu<\/li>\n<\/ul>\n\n\n\n<p><strong>Kvalitet predlo\u017eene intervencije<\/strong><\/p>\n\n\n\n<ul class=\"wp-block-list\">\n<li>Jasno\u0107a i koherentnost dizajna projekta<\/li>\n\n\n\n<li>Jasno definisane usluge, metodologije i mehanizmi isporuke<\/li>\n\n\n\n<li>Realan i dobro strukturiran plan rada<\/li>\n\n\n\n<li>Inovativnost i dodatna vrijednost predlo\u017eenog pristupa<\/li>\n<\/ul>\n\n\n\n<p><strong>Kapacitet i iskustvo podnosioca<\/strong><\/p>\n\n\n\n<ul class=\"wp-block-list\">\n<li>Dokazana ekspertiza i iskustvo u pru\u017eanju medijskih usluga ili podr\u0161ke<\/li>\n\n\n\n<li>Dokazani operativni i upravlja\u010dki kapaciteti za sprovo\u0111enje projekta<\/li>\n\n\n\n<li>Kvalifikacije i iskustvo klju\u010dnog osoblja i stru\u010dnjaka<\/li>\n\n\n\n<li>Za zajedni\u010dke prijave: jasno definisane uloge, odgovornosti i mehanizmi koordinacije<\/li>\n<\/ul>\n\n\n\n<p><strong>Uticaj i odr\u017eivost<\/strong><\/p>\n\n\n\n<ul class=\"wp-block-list\">\n<li>Potencijalni uticaj na operativne kapacitete, konkurentnost i odr\u017eivost korisni\u010dkih medija<\/li>\n\n\n\n<li>Jasna i realna strategija odr\u017eivosti nakon zavr\u0161etka projekta<\/li>\n\n\n\n<li>Potencijal za skaliranje, replikaciju ili dugoro\u010dnu institucionalizaciju usluga<\/li>\n\n\n\n<li>Potencijal za uticaj u javnom interesu korisni\u010dkih medija<\/li>\n<\/ul>\n\n\n\n<p><strong>Isplativost i vrijednost za novac<\/strong><\/p>\n\n\n\n<ul class=\"wp-block-list\">\n<li>Razumnost i proporcionalnost predlo\u017eenog bud\u017eeta<\/li>\n\n\n\n<li>Jasna povezanost izme\u0111u tro\u0161kova i planiranih aktivnosti\/rezultata<\/li>\n\n\n\n<li>Efikasno kori\u0161\u0107enje resursa u odnosu na o\u010dekivane rezultate<\/li>\n<\/ul>\n\n\n\n<p><strong>9. Na\u010din prijave<\/strong><\/p>\n\n\n\n<p>Zainteresovane organizacije mogu se prijaviti kori\u0161\u0107enjem dostupnih formulara do <strong><u>15. marta 2026.<\/u><\/strong> godine.<\/p>\n\n\n\n<p>Kao dio aplikacionog paketa, podnosioci moraju dostaviti Projektni predlog koji sadr\u017ei:<\/p>\n\n\n\n<ul class=\"wp-block-list\">\n<li>Prijavni obrazac u Word formatu (<a href=\"https:\/\/www.wb6media.eu\/uploads\/documents\/application-form-call-on-resource-centers_1770990685.docx\" target=\"_blank\" rel=\"noreferrer noopener\"><strong>The Application Form<\/strong><\/a>)<\/li>\n\n\n\n<li>Aneks 1: Bud\u017eetski template u Excel formatu (<a href=\"https:\/\/www.wb6media.eu\/uploads\/documents\/budget-template_1770993800.xltx\" target=\"_blank\" rel=\"noreferrer noopener\"><strong>Budget Template<\/strong><\/a>)<\/li>\n<\/ul>\n\n\n\n<p>Odgovaraju\u0107i formulari moraju biti preuzeti, popunjeni, potpisani i poslati putem e-maila, u Word, PDF i Excel formatu, na sljede\u0107u adresu: wb6media@giz.de<\/p>\n\n\n\n<p><strong>Prate\u0107a dokumentacija:<\/strong><\/p>\n\n\n\n<ul class=\"wp-block-list\">\n<li>Potvrda o pravnoj registraciji podnosioca<\/li>\n\n\n\n<li>CV organizacije\/a koje apliciraju: kratak organizacioni profil, klju\u010dna ekspertiza i usluge, relevantno iskustvo u razvoju medija, odabrani referentni projekti itd. (U slu\u010daju partnerstva, uklju\u010diti i CV\/organizacioni profil partnera)<\/li>\n\n\n\n<li>Profesionalne biografije osoblja\/stru\u010dnjaka koji \u0107e biti uklju\u010deni u sprovo\u0111enje projekta<\/li>\n\n\n\n<li>Zvani\u010dni finansijski izvje\u0161taji podnosioca za 2024. i 2025. godinu (ukoliko su dostupni)<\/li>\n<\/ul>\n\n\n\n<p>Prate\u0107a dokumentacija se \u0161alje putem e-maila na istu adresu: wb6media@giz.de<\/p>\n\n\n\n<p>Ista e-mail adresa mo\u017ee se koristiti za dostavljanje pitanja ili zahtjeva za poja\u0161njenje.<\/p>\n\n\n\n<p>Dodatno, za sve zainteresovane strane <strong>bi\u0107e organizovana online info sesija<\/strong> <strong>27. februara u 11:00 \u010dasova<\/strong>, putem sljede\u0107eg linka: <strong><a href=\"https:\/\/eur01.safelinks.protection.outlook.com\/?url=https%3A%2F%2Fteams.microsoft.com%2Fmeet%2F33542964017479%3Fp%3D6wYjm5OIKAWDoEQs9o&amp;data=05%7C02%7Cbrunilda.milkani%40giz.de%7C5e1f297861194ab5a62708de6b0007c4%7C5bbab28cdef3460488225e707da8dba8%7C0%7C0%7C639065845019697601%7CUnknown%7CTWFpbGZsb3d8eyJFbXB0eU1hcGkiOnRydWUsIlYiOiIwLjAuMDAwMCIsIlAiOiJXaW4zMiIsIkFOIjoiTWFpbCIsIldUIjoyfQ%3D%3D%7C0%7C%7C%7C&amp;sdata=u0%2FD0gGRqusCMPplEce490H8kxCIFdzchuYhxxnj6DI%3D&amp;reserved=0\" target=\"_blank\" rel=\"noreferrer noopener\">Join Info Session<\/a><\/strong><\/p>\n\n\n\n<p>*1 Ova oznaka je bez prejudiciranja stavova o statusu i u skladu je sa Rezolucijom SB UN 1244\/1999 i Mi\u0161ljenjem MSP o progla\u0161enju nezavisnosti Kosova.<br>*2 Javni emiteri i druge relevantne institucije finansirane iz dr\u017eavnog bud\u017eeta mogu biti partneri u prijavi, ali ne i vode\u0107i aplikanti.<\/p>\n\n\n\n<p><\/p>\n","protected":false},"excerpt":{"rendered":"<p>Poziv za podno\u0161enje projektnih predloga Deutsche Gesellschaft f\u00fcr Internationale Zusammenarbeit (GIZ), u saradnji sa DW Akademie, sprovodi Regionalni program podr\u0161ke medijima na Zapadnom Balkanu; #SustanMedia: Podr\u0161ka slobodi i pluralizmu medija na Zapadnom Balkanu, koji finansiraju Evropska unija i Savezno ministarstvo za ekonomsku saradnju i razvoj Njema\u010dke (BMZ). Cilj ovog programa je unapre\u0111enje ekonomske odr\u017eivosti i [&hellip;]<\/p>\n","protected":false},"author":3,"featured_media":47717,"comment_status":"closed","ping_status":"closed","sticky":false,"template":"","format":"standard","meta":{"_acf_changed":false,"footnotes":""},"categories":[283,524],"tags":[],"class_list":["post-47721","post","type-post","status-publish","format-standard","has-post-thumbnail","hentry","category-novosti-me","category-vesti"],"acf":[],"yoast_head":"<!-- This site is optimized with the Yoast SEO plugin v27.3 - https:\/\/yoast.com\/product\/yoast-seo-wordpress\/ -->\n<title>Uspostavljanje medijskih resursnih centara za podr\u0161ku malim i lokalnim medijima - Europe House<\/title>\n<meta name=\"robots\" content=\"index, follow, max-snippet:-1, max-image-preview:large, max-video-preview:-1\" \/>\n<link rel=\"canonical\" href=\"https:\/\/www.evropskakuca.me\/me\/establishment-of-media-resource-centers-to-support-small-and-local-media-outlets\/\" \/>\n<meta property=\"og:locale\" content=\"en_US\" \/>\n<meta property=\"og:type\" content=\"article\" \/>\n<meta property=\"og:title\" content=\"Uspostavljanje medijskih resursnih centara za podr\u0161ku malim i lokalnim medijima - Europe House\" \/>\n<meta property=\"og:description\" content=\"Poziv za podno\u0161enje projektnih predloga Deutsche Gesellschaft f\u00fcr Internationale Zusammenarbeit (GIZ), u saradnji sa DW Akademie, sprovodi Regionalni program podr\u0161ke medijima na Zapadnom Balkanu; #SustanMedia: Podr\u0161ka slobodi i pluralizmu medija na Zapadnom Balkanu, koji finansiraju Evropska unija i Savezno ministarstvo za ekonomsku saradnju i razvoj Njema\u010dke (BMZ). Cilj ovog programa je unapre\u0111enje ekonomske odr\u017eivosti i [&hellip;]\" \/>\n<meta property=\"og:url\" content=\"https:\/\/www.evropskakuca.me\/me\/establishment-of-media-resource-centers-to-support-small-and-local-media-outlets\/\" \/>\n<meta property=\"og:site_name\" content=\"Europe House\" \/>\n<meta property=\"article:publisher\" content=\"https:\/\/www.facebook.com\/evropska.kuca\" \/>\n<meta property=\"article:published_time\" content=\"2026-02-18T14:01:17+00:00\" \/>\n<meta property=\"article:modified_time\" content=\"2026-02-18T14:59:12+00:00\" \/>\n<meta property=\"og:image\" content=\"https:\/\/www.evropskakuca.me\/wp-content\/uploads\/2026\/02\/Open-call-banner.jpg\" \/>\n\t<meta property=\"og:image:width\" content=\"1920\" \/>\n\t<meta property=\"og:image:height\" content=\"800\" \/>\n\t<meta property=\"og:image:type\" content=\"image\/jpeg\" \/>\n<meta name=\"author\" content=\"Aleksandar Vukovic\" \/>\n<meta name=\"twitter:card\" content=\"summary_large_image\" \/>\n<meta name=\"twitter:creator\" content=\"@evropska_kuca\" \/>\n<meta name=\"twitter:site\" content=\"@evropska_kuca\" \/>\n<meta name=\"twitter:label1\" content=\"Written by\" \/>\n\t<meta name=\"twitter:data1\" content=\"Aleksandar Vukovic\" \/>\n\t<meta name=\"twitter:label2\" content=\"Est. reading time\" \/>\n\t<meta name=\"twitter:data2\" content=\"8 minutes\" \/>\n<script type=\"application\/ld+json\" class=\"yoast-schema-graph\">{\"@context\":\"https:\\\/\\\/schema.org\",\"@graph\":[{\"@type\":\"Article\",\"@id\":\"https:\\\/\\\/www.evropskakuca.me\\\/me\\\/establishment-of-media-resource-centers-to-support-small-and-local-media-outlets\\\/#article\",\"isPartOf\":{\"@id\":\"https:\\\/\\\/www.evropskakuca.me\\\/me\\\/establishment-of-media-resource-centers-to-support-small-and-local-media-outlets\\\/\"},\"author\":{\"name\":\"Aleksandar Vukovic\",\"@id\":\"https:\\\/\\\/www.evropskakuca.me\\\/me\\\/#\\\/schema\\\/person\\\/7e16527119c7b67f457996b970f2bd6e\"},\"headline\":\"Uspostavljanje medijskih resursnih centara za podr\u0161ku malim i lokalnim medijima\",\"datePublished\":\"2026-02-18T14:01:17+00:00\",\"dateModified\":\"2026-02-18T14:59:12+00:00\",\"mainEntityOfPage\":{\"@id\":\"https:\\\/\\\/www.evropskakuca.me\\\/me\\\/establishment-of-media-resource-centers-to-support-small-and-local-media-outlets\\\/\"},\"wordCount\":1832,\"publisher\":{\"@id\":\"https:\\\/\\\/www.evropskakuca.me\\\/me\\\/#organization\"},\"image\":{\"@id\":\"https:\\\/\\\/www.evropskakuca.me\\\/me\\\/establishment-of-media-resource-centers-to-support-small-and-local-media-outlets\\\/#primaryimage\"},\"thumbnailUrl\":\"https:\\\/\\\/www.evropskakuca.me\\\/wp-content\\\/uploads\\\/2026\\\/02\\\/Open-call-banner.jpg\",\"articleSection\":[\"Novosti\",\"Vesti\"],\"inLanguage\":\"me-ME\"},{\"@type\":\"WebPage\",\"@id\":\"https:\\\/\\\/www.evropskakuca.me\\\/me\\\/establishment-of-media-resource-centers-to-support-small-and-local-media-outlets\\\/\",\"url\":\"https:\\\/\\\/www.evropskakuca.me\\\/me\\\/establishment-of-media-resource-centers-to-support-small-and-local-media-outlets\\\/\",\"name\":\"Uspostavljanje medijskih resursnih centara za podr\u0161ku malim i lokalnim medijima - Europe House\",\"isPartOf\":{\"@id\":\"https:\\\/\\\/www.evropskakuca.me\\\/me\\\/#website\"},\"primaryImageOfPage\":{\"@id\":\"https:\\\/\\\/www.evropskakuca.me\\\/me\\\/establishment-of-media-resource-centers-to-support-small-and-local-media-outlets\\\/#primaryimage\"},\"image\":{\"@id\":\"https:\\\/\\\/www.evropskakuca.me\\\/me\\\/establishment-of-media-resource-centers-to-support-small-and-local-media-outlets\\\/#primaryimage\"},\"thumbnailUrl\":\"https:\\\/\\\/www.evropskakuca.me\\\/wp-content\\\/uploads\\\/2026\\\/02\\\/Open-call-banner.jpg\",\"datePublished\":\"2026-02-18T14:01:17+00:00\",\"dateModified\":\"2026-02-18T14:59:12+00:00\",\"breadcrumb\":{\"@id\":\"https:\\\/\\\/www.evropskakuca.me\\\/me\\\/establishment-of-media-resource-centers-to-support-small-and-local-media-outlets\\\/#breadcrumb\"},\"inLanguage\":\"me-ME\",\"potentialAction\":[{\"@type\":\"ReadAction\",\"target\":[\"https:\\\/\\\/www.evropskakuca.me\\\/me\\\/establishment-of-media-resource-centers-to-support-small-and-local-media-outlets\\\/\"]}]},{\"@type\":\"ImageObject\",\"inLanguage\":\"me-ME\",\"@id\":\"https:\\\/\\\/www.evropskakuca.me\\\/me\\\/establishment-of-media-resource-centers-to-support-small-and-local-media-outlets\\\/#primaryimage\",\"url\":\"https:\\\/\\\/www.evropskakuca.me\\\/wp-content\\\/uploads\\\/2026\\\/02\\\/Open-call-banner.jpg\",\"contentUrl\":\"https:\\\/\\\/www.evropskakuca.me\\\/wp-content\\\/uploads\\\/2026\\\/02\\\/Open-call-banner.jpg\",\"width\":1920,\"height\":800},{\"@type\":\"BreadcrumbList\",\"@id\":\"https:\\\/\\\/www.evropskakuca.me\\\/me\\\/establishment-of-media-resource-centers-to-support-small-and-local-media-outlets\\\/#breadcrumb\",\"itemListElement\":[{\"@type\":\"ListItem\",\"position\":1,\"name\":\"Home\",\"item\":\"https:\\\/\\\/www.evropskakuca.me\\\/me\\\/\"},{\"@type\":\"ListItem\",\"position\":2,\"name\":\"Uspostavljanje medijskih resursnih centara za podr\u0161ku malim i lokalnim medijima\"}]},{\"@type\":\"WebSite\",\"@id\":\"https:\\\/\\\/www.evropskakuca.me\\\/me\\\/#website\",\"url\":\"https:\\\/\\\/www.evropskakuca.me\\\/me\\\/\",\"name\":\"Evropean house\",\"description\":\"\",\"publisher\":{\"@id\":\"https:\\\/\\\/www.evropskakuca.me\\\/me\\\/#organization\"},\"potentialAction\":[{\"@type\":\"SearchAction\",\"target\":{\"@type\":\"EntryPoint\",\"urlTemplate\":\"https:\\\/\\\/www.evropskakuca.me\\\/me\\\/?s={search_term_string}\"},\"query-input\":{\"@type\":\"PropertyValueSpecification\",\"valueRequired\":true,\"valueName\":\"search_term_string\"}}],\"inLanguage\":\"me-ME\"},{\"@type\":\"Organization\",\"@id\":\"https:\\\/\\\/www.evropskakuca.me\\\/me\\\/#organization\",\"name\":\"Evropean house\",\"url\":\"https:\\\/\\\/www.evropskakuca.me\\\/me\\\/\",\"logo\":{\"@type\":\"ImageObject\",\"inLanguage\":\"me-ME\",\"@id\":\"https:\\\/\\\/www.evropskakuca.me\\\/me\\\/#\\\/schema\\\/logo\\\/image\\\/\",\"url\":\"https:\\\/\\\/www.evropskakuca.me\\\/wp-content\\\/uploads\\\/2025\\\/01\\\/evropska-kuca-logo-1.png\",\"contentUrl\":\"https:\\\/\\\/www.evropskakuca.me\\\/wp-content\\\/uploads\\\/2025\\\/01\\\/evropska-kuca-logo-1.png\",\"width\":425,\"height\":312,\"caption\":\"Evropean house\"},\"image\":{\"@id\":\"https:\\\/\\\/www.evropskakuca.me\\\/me\\\/#\\\/schema\\\/logo\\\/image\\\/\"},\"sameAs\":[\"https:\\\/\\\/www.facebook.com\\\/evropska.kuca\",\"https:\\\/\\\/x.com\\\/evropska_kuca\",\"https:\\\/\\\/www.instagram.com\\\/evropska_kuca\"]},{\"@type\":\"Person\",\"@id\":\"https:\\\/\\\/www.evropskakuca.me\\\/me\\\/#\\\/schema\\\/person\\\/7e16527119c7b67f457996b970f2bd6e\",\"name\":\"Aleksandar Vukovic\",\"image\":{\"@type\":\"ImageObject\",\"inLanguage\":\"me-ME\",\"@id\":\"https:\\\/\\\/secure.gravatar.com\\\/avatar\\\/a1834e0104b0242a886079bde835ba36d80c70f9987a11f3ba33eb9e8d74cc15?s=96&d=mm&r=g\",\"url\":\"https:\\\/\\\/secure.gravatar.com\\\/avatar\\\/a1834e0104b0242a886079bde835ba36d80c70f9987a11f3ba33eb9e8d74cc15?s=96&d=mm&r=g\",\"contentUrl\":\"https:\\\/\\\/secure.gravatar.com\\\/avatar\\\/a1834e0104b0242a886079bde835ba36d80c70f9987a11f3ba33eb9e8d74cc15?s=96&d=mm&r=g\",\"caption\":\"Aleksandar Vukovic\"},\"url\":\"https:\\\/\\\/www.evropskakuca.me\\\/me\\\/author\\\/aleksandar\\\/\"}]}<\/script>\n<!-- \/ Yoast SEO plugin. -->","yoast_head_json":{"title":"Uspostavljanje medijskih resursnih centara za podr\u0161ku malim i lokalnim medijima - Europe House","robots":{"index":"index","follow":"follow","max-snippet":"max-snippet:-1","max-image-preview":"max-image-preview:large","max-video-preview":"max-video-preview:-1"},"canonical":"https:\/\/www.evropskakuca.me\/me\/establishment-of-media-resource-centers-to-support-small-and-local-media-outlets\/","og_locale":"en_US","og_type":"article","og_title":"Uspostavljanje medijskih resursnih centara za podr\u0161ku malim i lokalnim medijima - Europe House","og_description":"Poziv za podno\u0161enje projektnih predloga Deutsche Gesellschaft f\u00fcr Internationale Zusammenarbeit (GIZ), u saradnji sa DW Akademie, sprovodi Regionalni program podr\u0161ke medijima na Zapadnom Balkanu; #SustanMedia: Podr\u0161ka slobodi i pluralizmu medija na Zapadnom Balkanu, koji finansiraju Evropska unija i Savezno ministarstvo za ekonomsku saradnju i razvoj Njema\u010dke (BMZ). Cilj ovog programa je unapre\u0111enje ekonomske odr\u017eivosti i [&hellip;]","og_url":"https:\/\/www.evropskakuca.me\/me\/establishment-of-media-resource-centers-to-support-small-and-local-media-outlets\/","og_site_name":"Europe House","article_publisher":"https:\/\/www.facebook.com\/evropska.kuca","article_published_time":"2026-02-18T14:01:17+00:00","article_modified_time":"2026-02-18T14:59:12+00:00","og_image":[{"width":1920,"height":800,"url":"https:\/\/www.evropskakuca.me\/wp-content\/uploads\/2026\/02\/Open-call-banner.jpg","type":"image\/jpeg"}],"author":"Aleksandar Vukovic","twitter_card":"summary_large_image","twitter_creator":"@evropska_kuca","twitter_site":"@evropska_kuca","twitter_misc":{"Written by":"Aleksandar Vukovic","Est. reading time":"8 minutes"},"schema":{"@context":"https:\/\/schema.org","@graph":[{"@type":"Article","@id":"https:\/\/www.evropskakuca.me\/me\/establishment-of-media-resource-centers-to-support-small-and-local-media-outlets\/#article","isPartOf":{"@id":"https:\/\/www.evropskakuca.me\/me\/establishment-of-media-resource-centers-to-support-small-and-local-media-outlets\/"},"author":{"name":"Aleksandar Vukovic","@id":"https:\/\/www.evropskakuca.me\/me\/#\/schema\/person\/7e16527119c7b67f457996b970f2bd6e"},"headline":"Uspostavljanje medijskih resursnih centara za podr\u0161ku malim i lokalnim medijima","datePublished":"2026-02-18T14:01:17+00:00","dateModified":"2026-02-18T14:59:12+00:00","mainEntityOfPage":{"@id":"https:\/\/www.evropskakuca.me\/me\/establishment-of-media-resource-centers-to-support-small-and-local-media-outlets\/"},"wordCount":1832,"publisher":{"@id":"https:\/\/www.evropskakuca.me\/me\/#organization"},"image":{"@id":"https:\/\/www.evropskakuca.me\/me\/establishment-of-media-resource-centers-to-support-small-and-local-media-outlets\/#primaryimage"},"thumbnailUrl":"https:\/\/www.evropskakuca.me\/wp-content\/uploads\/2026\/02\/Open-call-banner.jpg","articleSection":["Novosti","Vesti"],"inLanguage":"me-ME"},{"@type":"WebPage","@id":"https:\/\/www.evropskakuca.me\/me\/establishment-of-media-resource-centers-to-support-small-and-local-media-outlets\/","url":"https:\/\/www.evropskakuca.me\/me\/establishment-of-media-resource-centers-to-support-small-and-local-media-outlets\/","name":"Uspostavljanje medijskih resursnih centara za podr\u0161ku malim i lokalnim medijima - Europe House","isPartOf":{"@id":"https:\/\/www.evropskakuca.me\/me\/#website"},"primaryImageOfPage":{"@id":"https:\/\/www.evropskakuca.me\/me\/establishment-of-media-resource-centers-to-support-small-and-local-media-outlets\/#primaryimage"},"image":{"@id":"https:\/\/www.evropskakuca.me\/me\/establishment-of-media-resource-centers-to-support-small-and-local-media-outlets\/#primaryimage"},"thumbnailUrl":"https:\/\/www.evropskakuca.me\/wp-content\/uploads\/2026\/02\/Open-call-banner.jpg","datePublished":"2026-02-18T14:01:17+00:00","dateModified":"2026-02-18T14:59:12+00:00","breadcrumb":{"@id":"https:\/\/www.evropskakuca.me\/me\/establishment-of-media-resource-centers-to-support-small-and-local-media-outlets\/#breadcrumb"},"inLanguage":"me-ME","potentialAction":[{"@type":"ReadAction","target":["https:\/\/www.evropskakuca.me\/me\/establishment-of-media-resource-centers-to-support-small-and-local-media-outlets\/"]}]},{"@type":"ImageObject","inLanguage":"me-ME","@id":"https:\/\/www.evropskakuca.me\/me\/establishment-of-media-resource-centers-to-support-small-and-local-media-outlets\/#primaryimage","url":"https:\/\/www.evropskakuca.me\/wp-content\/uploads\/2026\/02\/Open-call-banner.jpg","contentUrl":"https:\/\/www.evropskakuca.me\/wp-content\/uploads\/2026\/02\/Open-call-banner.jpg","width":1920,"height":800},{"@type":"BreadcrumbList","@id":"https:\/\/www.evropskakuca.me\/me\/establishment-of-media-resource-centers-to-support-small-and-local-media-outlets\/#breadcrumb","itemListElement":[{"@type":"ListItem","position":1,"name":"Home","item":"https:\/\/www.evropskakuca.me\/me\/"},{"@type":"ListItem","position":2,"name":"Uspostavljanje medijskih resursnih centara za podr\u0161ku malim i lokalnim medijima"}]},{"@type":"WebSite","@id":"https:\/\/www.evropskakuca.me\/me\/#website","url":"https:\/\/www.evropskakuca.me\/me\/","name":"Evropean house","description":"","publisher":{"@id":"https:\/\/www.evropskakuca.me\/me\/#organization"},"potentialAction":[{"@type":"SearchAction","target":{"@type":"EntryPoint","urlTemplate":"https:\/\/www.evropskakuca.me\/me\/?s={search_term_string}"},"query-input":{"@type":"PropertyValueSpecification","valueRequired":true,"valueName":"search_term_string"}}],"inLanguage":"me-ME"},{"@type":"Organization","@id":"https:\/\/www.evropskakuca.me\/me\/#organization","name":"Evropean house","url":"https:\/\/www.evropskakuca.me\/me\/","logo":{"@type":"ImageObject","inLanguage":"me-ME","@id":"https:\/\/www.evropskakuca.me\/me\/#\/schema\/logo\/image\/","url":"https:\/\/www.evropskakuca.me\/wp-content\/uploads\/2025\/01\/evropska-kuca-logo-1.png","contentUrl":"https:\/\/www.evropskakuca.me\/wp-content\/uploads\/2025\/01\/evropska-kuca-logo-1.png","width":425,"height":312,"caption":"Evropean house"},"image":{"@id":"https:\/\/www.evropskakuca.me\/me\/#\/schema\/logo\/image\/"},"sameAs":["https:\/\/www.facebook.com\/evropska.kuca","https:\/\/x.com\/evropska_kuca","https:\/\/www.instagram.com\/evropska_kuca"]},{"@type":"Person","@id":"https:\/\/www.evropskakuca.me\/me\/#\/schema\/person\/7e16527119c7b67f457996b970f2bd6e","name":"Aleksandar Vukovic","image":{"@type":"ImageObject","inLanguage":"me-ME","@id":"https:\/\/secure.gravatar.com\/avatar\/a1834e0104b0242a886079bde835ba36d80c70f9987a11f3ba33eb9e8d74cc15?s=96&d=mm&r=g","url":"https:\/\/secure.gravatar.com\/avatar\/a1834e0104b0242a886079bde835ba36d80c70f9987a11f3ba33eb9e8d74cc15?s=96&d=mm&r=g","contentUrl":"https:\/\/secure.gravatar.com\/avatar\/a1834e0104b0242a886079bde835ba36d80c70f9987a11f3ba33eb9e8d74cc15?s=96&d=mm&r=g","caption":"Aleksandar Vukovic"},"url":"https:\/\/www.evropskakuca.me\/me\/author\/aleksandar\/"}]}},"_links":{"self":[{"href":"https:\/\/www.evropskakuca.me\/me\/wp-json\/wp\/v2\/posts\/47721","targetHints":{"allow":["GET"]}}],"collection":[{"href":"https:\/\/www.evropskakuca.me\/me\/wp-json\/wp\/v2\/posts"}],"about":[{"href":"https:\/\/www.evropskakuca.me\/me\/wp-json\/wp\/v2\/types\/post"}],"author":[{"embeddable":true,"href":"https:\/\/www.evropskakuca.me\/me\/wp-json\/wp\/v2\/users\/3"}],"replies":[{"embeddable":true,"href":"https:\/\/www.evropskakuca.me\/me\/wp-json\/wp\/v2\/comments?post=47721"}],"version-history":[{"count":1,"href":"https:\/\/www.evropskakuca.me\/me\/wp-json\/wp\/v2\/posts\/47721\/revisions"}],"predecessor-version":[{"id":47723,"href":"https:\/\/www.evropskakuca.me\/me\/wp-json\/wp\/v2\/posts\/47721\/revisions\/47723"}],"wp:featuredmedia":[{"embeddable":true,"href":"https:\/\/www.evropskakuca.me\/me\/wp-json\/wp\/v2\/media\/47717"}],"wp:attachment":[{"href":"https:\/\/www.evropskakuca.me\/me\/wp-json\/wp\/v2\/media?parent=47721"}],"wp:term":[{"taxonomy":"category","embeddable":true,"href":"https:\/\/www.evropskakuca.me\/me\/wp-json\/wp\/v2\/categories?post=47721"},{"taxonomy":"post_tag","embeddable":true,"href":"https:\/\/www.evropskakuca.me\/me\/wp-json\/wp\/v2\/tags?post=47721"}],"curies":[{"name":"wp","href":"https:\/\/api.w.org\/{rel}","templated":true}]}}