{"id":47697,"date":"2026-02-18T12:24:07","date_gmt":"2026-02-18T12:24:07","guid":{"rendered":"https:\/\/www.evropskakuca.me\/?p=47697"},"modified":"2026-02-18T12:24:12","modified_gmt":"2026-02-18T12:24:12","slug":"evropski-pab-kviz-u-budvi","status":"publish","type":"post","link":"https:\/\/www.evropskakuca.me\/me\/evropski-pab-kviz-u-budvi\/","title":{"rendered":"Evropski pab kviz u Budvi"},"content":{"rendered":"\n<p>Takmi\u010darska atmosfera, timsko dogovaranje i pitanja iz razli\u010ditih oblasti obilje\u017eili su Evropski pub kviz u Budvi. U\u010desnici su, kroz vi\u0161e rundi, provjeravali znanje o Evropskoj uniji, dr\u017eavama \u010dlanicama, kulturi, istoriji i zanimljivostima. Na kvizu je u\u010destvovalo osam ekipa, a takmi\u010denje je zasnovano na zajedni\u010dkom radu i brzom usagla\u0161avanju odgovora unutar timova.<\/p>\n\n\n\n<figure class=\"wp-block-image size-large\"><img fetchpriority=\"high\" decoding=\"async\" width=\"1024\" height=\"683\" src=\"https:\/\/www.evropskakuca.me\/wp-content\/uploads\/2026\/02\/Evropski-pub-kviz-Budva-1-1068x712-1-1024x683.jpg\" alt=\"\" class=\"wp-image-47700\" srcset=\"https:\/\/www.evropskakuca.me\/wp-content\/uploads\/2026\/02\/Evropski-pub-kviz-Budva-1-1068x712-1-1024x683.jpg 1024w, https:\/\/www.evropskakuca.me\/wp-content\/uploads\/2026\/02\/Evropski-pub-kviz-Budva-1-1068x712-1-300x200.jpg 300w, https:\/\/www.evropskakuca.me\/wp-content\/uploads\/2026\/02\/Evropski-pub-kviz-Budva-1-1068x712-1-768x512.jpg 768w, https:\/\/www.evropskakuca.me\/wp-content\/uploads\/2026\/02\/Evropski-pub-kviz-Budva-1-1068x712-1.jpg 1068w\" sizes=\"(max-width: 1024px) 100vw, 1024px\" \/><\/figure>\n\n\n\n<p>Najvi\u0161e bodova osvojila je ekipa Pregaoci, ali je nagra\u0111ena i ekipa koja se se na\u0161la na sredini tabele \u2013 \u010detvrtoplasirani Podko\u0161ljunci, kao i ekipa sa za\u010delja \u2013 sedmoplasirani Botunjani. Utiske su podijelili i sami u\u010desnici.<\/p>\n\n\n\n<p>\u201eIskreno jako sam zadovoljna s obzirom da mi je ovo drugi put da igram kviz uop\u0161te, na inicijativu brata sam do\u0161la ovdje i timskim radom smo do\u0161li do ovog rezultata. Ba\u0161 smo sre\u0107ni i zadovoljni. Pitanja nijesu bila uop\u0161te laka, na po\u010detku su bila lak\u0161a, a kako je igra odmicala dolazila su te\u017ea pitanja, ipak timskim radom smo uspjeli da do\u0111emo do ovakvog rezulztata, \u201c rekla je Nives Savi\u0107 iz ekipe Pregaoci.<\/p>\n\n\n\n<figure class=\"wp-block-image size-large\"><img decoding=\"async\" width=\"1024\" height=\"683\" src=\"https:\/\/www.evropskakuca.me\/wp-content\/uploads\/2026\/02\/JA3A0897-1068x712-1-1024x683.jpg\" alt=\"\" class=\"wp-image-47702\" srcset=\"https:\/\/www.evropskakuca.me\/wp-content\/uploads\/2026\/02\/JA3A0897-1068x712-1-1024x683.jpg 1024w, https:\/\/www.evropskakuca.me\/wp-content\/uploads\/2026\/02\/JA3A0897-1068x712-1-300x200.jpg 300w, https:\/\/www.evropskakuca.me\/wp-content\/uploads\/2026\/02\/JA3A0897-1068x712-1-768x512.jpg 768w, https:\/\/www.evropskakuca.me\/wp-content\/uploads\/2026\/02\/JA3A0897-1068x712-1.jpg 1068w\" sizes=\"(max-width: 1024px) 100vw, 1024px\" \/><\/figure>\n\n\n\n<p>Svoje utiske o kvizu podijelio je i u\u010desnik Sergej Stojanovski, koji bi ovakvo iskustvo preporu\u010dio svima.<\/p>\n\n\n\n<p>\u201eUtisci su veoma pozitivni, o\u010dekivao sam te\u017ea pitanja. U svakom slu\u010daju zanimljivo, kompatitivno. Volim pub kvizove i svim prijateljima bih preporu\u010dio da do\u0111u i da posjete, \u201c rekao je u\u010desnik Sergej Stojanovski.<\/p>\n\n\n\n<figure class=\"wp-block-image size-large\"><img decoding=\"async\" width=\"1024\" height=\"683\" src=\"https:\/\/www.evropskakuca.me\/wp-content\/uploads\/2026\/02\/JA3A0751-1068x712-1-1024x683.jpg\" alt=\"\" class=\"wp-image-47704\" srcset=\"https:\/\/www.evropskakuca.me\/wp-content\/uploads\/2026\/02\/JA3A0751-1068x712-1-1024x683.jpg 1024w, https:\/\/www.evropskakuca.me\/wp-content\/uploads\/2026\/02\/JA3A0751-1068x712-1-300x200.jpg 300w, https:\/\/www.evropskakuca.me\/wp-content\/uploads\/2026\/02\/JA3A0751-1068x712-1-768x512.jpg 768w, https:\/\/www.evropskakuca.me\/wp-content\/uploads\/2026\/02\/JA3A0751-1068x712-1.jpg 1068w\" sizes=\"(max-width: 1024px) 100vw, 1024px\" \/><\/figure>\n\n\n\n<p>Ljubitelji kviza ima\u0107e priliku da svoje znanje testiraju i da se dru\u017ee i na narednim izdanjima koja slijede u Beranama i Bijelom Polju.<\/p>\n\n\n\n<figure class=\"wp-block-image size-large\"><img loading=\"lazy\" decoding=\"async\" width=\"1024\" height=\"683\" src=\"https:\/\/www.evropskakuca.me\/wp-content\/uploads\/2026\/02\/Evropski-pub-kviz-Budva-2-1068x712-1-1024x683.jpg\" alt=\"\" class=\"wp-image-47706\" srcset=\"https:\/\/www.evropskakuca.me\/wp-content\/uploads\/2026\/02\/Evropski-pub-kviz-Budva-2-1068x712-1-1024x683.jpg 1024w, https:\/\/www.evropskakuca.me\/wp-content\/uploads\/2026\/02\/Evropski-pub-kviz-Budva-2-1068x712-1-300x200.jpg 300w, https:\/\/www.evropskakuca.me\/wp-content\/uploads\/2026\/02\/Evropski-pub-kviz-Budva-2-1068x712-1-768x512.jpg 768w, https:\/\/www.evropskakuca.me\/wp-content\/uploads\/2026\/02\/Evropski-pub-kviz-Budva-2-1068x712-1.jpg 1068w\" sizes=\"(max-width: 1024px) 100vw, 1024px\" \/><\/figure>\n\n\n\n<p>Evropski pub kviz organizuju Ministarstvo evropskih poslova i Delegacija Evropske unije u Crnoj Gori, kroz projekte EU4ME i Evropska ku\u0107a, u saradnji sa autorom kviza Zoranom Miljani\u0107em, s ciljem da se gra\u0111anima na pristupa\u010dan i zanimljiv na\u010din pribli\u017ee informacije o Evropskoj uniji. Do sada je kviz odr\u017ean u Podgorici, Nik\u0161i\u0107u i Baru.<\/p>\n","protected":false},"excerpt":{"rendered":"<p>Takmi\u010darska atmosfera, timsko dogovaranje i pitanja iz razli\u010ditih oblasti obilje\u017eili su Evropski pub kviz u Budvi. U\u010desnici su, kroz vi\u0161e rundi, provjeravali znanje o Evropskoj uniji, dr\u017eavama \u010dlanicama, kulturi, istoriji i zanimljivostima. Na kvizu je u\u010destvovalo osam ekipa, a takmi\u010denje je zasnovano na zajedni\u010dkom radu i brzom usagla\u0161avanju odgovora unutar timova. Najvi\u0161e bodova osvojila je [&hellip;]<\/p>\n","protected":false},"author":3,"featured_media":47698,"comment_status":"closed","ping_status":"closed","sticky":false,"template":"","format":"standard","meta":{"_acf_changed":false,"footnotes":""},"categories":[283,524],"tags":[],"class_list":["post-47697","post","type-post","status-publish","format-standard","has-post-thumbnail","hentry","category-novosti-me","category-vesti"],"acf":[],"yoast_head":"<!-- This site is optimized with the Yoast SEO plugin v27.3 - https:\/\/yoast.com\/product\/yoast-seo-wordpress\/ -->\n<title>Evropski pab kviz u Budvi - Europe House<\/title>\n<meta name=\"robots\" content=\"index, follow, max-snippet:-1, max-image-preview:large, max-video-preview:-1\" \/>\n<link rel=\"canonical\" href=\"https:\/\/www.evropskakuca.me\/me\/evropski-pab-kviz-u-budvi\/\" \/>\n<meta property=\"og:locale\" content=\"en_US\" \/>\n<meta property=\"og:type\" content=\"article\" \/>\n<meta property=\"og:title\" content=\"Evropski pab kviz u Budvi - Europe House\" \/>\n<meta property=\"og:description\" content=\"Takmi\u010darska atmosfera, timsko dogovaranje i pitanja iz razli\u010ditih oblasti obilje\u017eili su Evropski pub kviz u Budvi. U\u010desnici su, kroz vi\u0161e rundi, provjeravali znanje o Evropskoj uniji, dr\u017eavama \u010dlanicama, kulturi, istoriji i zanimljivostima. Na kvizu je u\u010destvovalo osam ekipa, a takmi\u010denje je zasnovano na zajedni\u010dkom radu i brzom usagla\u0161avanju odgovora unutar timova. Najvi\u0161e bodova osvojila je [&hellip;]\" \/>\n<meta property=\"og:url\" content=\"https:\/\/www.evropskakuca.me\/me\/evropski-pab-kviz-u-budvi\/\" \/>\n<meta property=\"og:site_name\" content=\"Europe House\" \/>\n<meta property=\"article:publisher\" content=\"https:\/\/www.facebook.com\/evropska.kuca\" \/>\n<meta property=\"article:published_time\" content=\"2026-02-18T12:24:07+00:00\" \/>\n<meta property=\"article:modified_time\" content=\"2026-02-18T12:24:12+00:00\" \/>\n<meta property=\"og:image\" content=\"https:\/\/www.evropskakuca.me\/wp-content\/uploads\/2026\/02\/Evropski-pub-kviz-Budva-3-1068x712-1-e1771417317348.jpg\" \/>\n\t<meta property=\"og:image:width\" content=\"1068\" \/>\n\t<meta property=\"og:image:height\" content=\"498\" \/>\n\t<meta property=\"og:image:type\" content=\"image\/jpeg\" \/>\n<meta name=\"author\" content=\"Aleksandar Vukovic\" \/>\n<meta name=\"twitter:card\" content=\"summary_large_image\" \/>\n<meta name=\"twitter:creator\" content=\"@evropska_kuca\" \/>\n<meta name=\"twitter:site\" content=\"@evropska_kuca\" \/>\n<meta name=\"twitter:label1\" content=\"Written by\" \/>\n\t<meta name=\"twitter:data1\" content=\"Aleksandar Vukovic\" \/>\n\t<meta name=\"twitter:label2\" content=\"Est. reading time\" \/>\n\t<meta name=\"twitter:data2\" content=\"3 minutes\" \/>\n<script type=\"application\/ld+json\" class=\"yoast-schema-graph\">{\"@context\":\"https:\\\/\\\/schema.org\",\"@graph\":[{\"@type\":\"Article\",\"@id\":\"https:\\\/\\\/www.evropskakuca.me\\\/me\\\/evropski-pab-kviz-u-budvi\\\/#article\",\"isPartOf\":{\"@id\":\"https:\\\/\\\/www.evropskakuca.me\\\/me\\\/evropski-pab-kviz-u-budvi\\\/\"},\"author\":{\"name\":\"Aleksandar Vukovic\",\"@id\":\"https:\\\/\\\/www.evropskakuca.me\\\/me\\\/#\\\/schema\\\/person\\\/7e16527119c7b67f457996b970f2bd6e\"},\"headline\":\"Evropski pab kviz u Budvi\",\"datePublished\":\"2026-02-18T12:24:07+00:00\",\"dateModified\":\"2026-02-18T12:24:12+00:00\",\"mainEntityOfPage\":{\"@id\":\"https:\\\/\\\/www.evropskakuca.me\\\/me\\\/evropski-pab-kviz-u-budvi\\\/\"},\"wordCount\":327,\"publisher\":{\"@id\":\"https:\\\/\\\/www.evropskakuca.me\\\/me\\\/#organization\"},\"image\":{\"@id\":\"https:\\\/\\\/www.evropskakuca.me\\\/me\\\/evropski-pab-kviz-u-budvi\\\/#primaryimage\"},\"thumbnailUrl\":\"https:\\\/\\\/www.evropskakuca.me\\\/wp-content\\\/uploads\\\/2026\\\/02\\\/Evropski-pub-kviz-Budva-3-1068x712-1-e1771417317348.jpg\",\"articleSection\":[\"Novosti\",\"Vesti\"],\"inLanguage\":\"me-ME\"},{\"@type\":\"WebPage\",\"@id\":\"https:\\\/\\\/www.evropskakuca.me\\\/me\\\/evropski-pab-kviz-u-budvi\\\/\",\"url\":\"https:\\\/\\\/www.evropskakuca.me\\\/me\\\/evropski-pab-kviz-u-budvi\\\/\",\"name\":\"Evropski pab kviz u Budvi - Europe House\",\"isPartOf\":{\"@id\":\"https:\\\/\\\/www.evropskakuca.me\\\/me\\\/#website\"},\"primaryImageOfPage\":{\"@id\":\"https:\\\/\\\/www.evropskakuca.me\\\/me\\\/evropski-pab-kviz-u-budvi\\\/#primaryimage\"},\"image\":{\"@id\":\"https:\\\/\\\/www.evropskakuca.me\\\/me\\\/evropski-pab-kviz-u-budvi\\\/#primaryimage\"},\"thumbnailUrl\":\"https:\\\/\\\/www.evropskakuca.me\\\/wp-content\\\/uploads\\\/2026\\\/02\\\/Evropski-pub-kviz-Budva-3-1068x712-1-e1771417317348.jpg\",\"datePublished\":\"2026-02-18T12:24:07+00:00\",\"dateModified\":\"2026-02-18T12:24:12+00:00\",\"breadcrumb\":{\"@id\":\"https:\\\/\\\/www.evropskakuca.me\\\/me\\\/evropski-pab-kviz-u-budvi\\\/#breadcrumb\"},\"inLanguage\":\"me-ME\",\"potentialAction\":[{\"@type\":\"ReadAction\",\"target\":[\"https:\\\/\\\/www.evropskakuca.me\\\/me\\\/evropski-pab-kviz-u-budvi\\\/\"]}]},{\"@type\":\"ImageObject\",\"inLanguage\":\"me-ME\",\"@id\":\"https:\\\/\\\/www.evropskakuca.me\\\/me\\\/evropski-pab-kviz-u-budvi\\\/#primaryimage\",\"url\":\"https:\\\/\\\/www.evropskakuca.me\\\/wp-content\\\/uploads\\\/2026\\\/02\\\/Evropski-pub-kviz-Budva-3-1068x712-1-e1771417317348.jpg\",\"contentUrl\":\"https:\\\/\\\/www.evropskakuca.me\\\/wp-content\\\/uploads\\\/2026\\\/02\\\/Evropski-pub-kviz-Budva-3-1068x712-1-e1771417317348.jpg\",\"width\":1068,\"height\":498},{\"@type\":\"BreadcrumbList\",\"@id\":\"https:\\\/\\\/www.evropskakuca.me\\\/me\\\/evropski-pab-kviz-u-budvi\\\/#breadcrumb\",\"itemListElement\":[{\"@type\":\"ListItem\",\"position\":1,\"name\":\"Home\",\"item\":\"https:\\\/\\\/www.evropskakuca.me\\\/me\\\/\"},{\"@type\":\"ListItem\",\"position\":2,\"name\":\"Evropski pab kviz u Budvi\"}]},{\"@type\":\"WebSite\",\"@id\":\"https:\\\/\\\/www.evropskakuca.me\\\/me\\\/#website\",\"url\":\"https:\\\/\\\/www.evropskakuca.me\\\/me\\\/\",\"name\":\"Evropean house\",\"description\":\"\",\"publisher\":{\"@id\":\"https:\\\/\\\/www.evropskakuca.me\\\/me\\\/#organization\"},\"potentialAction\":[{\"@type\":\"SearchAction\",\"target\":{\"@type\":\"EntryPoint\",\"urlTemplate\":\"https:\\\/\\\/www.evropskakuca.me\\\/me\\\/?s={search_term_string}\"},\"query-input\":{\"@type\":\"PropertyValueSpecification\",\"valueRequired\":true,\"valueName\":\"search_term_string\"}}],\"inLanguage\":\"me-ME\"},{\"@type\":\"Organization\",\"@id\":\"https:\\\/\\\/www.evropskakuca.me\\\/me\\\/#organization\",\"name\":\"Evropean house\",\"url\":\"https:\\\/\\\/www.evropskakuca.me\\\/me\\\/\",\"logo\":{\"@type\":\"ImageObject\",\"inLanguage\":\"me-ME\",\"@id\":\"https:\\\/\\\/www.evropskakuca.me\\\/me\\\/#\\\/schema\\\/logo\\\/image\\\/\",\"url\":\"https:\\\/\\\/www.evropskakuca.me\\\/wp-content\\\/uploads\\\/2025\\\/01\\\/evropska-kuca-logo-1.png\",\"contentUrl\":\"https:\\\/\\\/www.evropskakuca.me\\\/wp-content\\\/uploads\\\/2025\\\/01\\\/evropska-kuca-logo-1.png\",\"width\":425,\"height\":312,\"caption\":\"Evropean house\"},\"image\":{\"@id\":\"https:\\\/\\\/www.evropskakuca.me\\\/me\\\/#\\\/schema\\\/logo\\\/image\\\/\"},\"sameAs\":[\"https:\\\/\\\/www.facebook.com\\\/evropska.kuca\",\"https:\\\/\\\/x.com\\\/evropska_kuca\",\"https:\\\/\\\/www.instagram.com\\\/evropska_kuca\"]},{\"@type\":\"Person\",\"@id\":\"https:\\\/\\\/www.evropskakuca.me\\\/me\\\/#\\\/schema\\\/person\\\/7e16527119c7b67f457996b970f2bd6e\",\"name\":\"Aleksandar Vukovic\",\"image\":{\"@type\":\"ImageObject\",\"inLanguage\":\"me-ME\",\"@id\":\"https:\\\/\\\/secure.gravatar.com\\\/avatar\\\/a1834e0104b0242a886079bde835ba36d80c70f9987a11f3ba33eb9e8d74cc15?s=96&d=mm&r=g\",\"url\":\"https:\\\/\\\/secure.gravatar.com\\\/avatar\\\/a1834e0104b0242a886079bde835ba36d80c70f9987a11f3ba33eb9e8d74cc15?s=96&d=mm&r=g\",\"contentUrl\":\"https:\\\/\\\/secure.gravatar.com\\\/avatar\\\/a1834e0104b0242a886079bde835ba36d80c70f9987a11f3ba33eb9e8d74cc15?s=96&d=mm&r=g\",\"caption\":\"Aleksandar Vukovic\"},\"url\":\"https:\\\/\\\/www.evropskakuca.me\\\/me\\\/author\\\/aleksandar\\\/\"}]}<\/script>\n<!-- \/ Yoast SEO plugin. -->","yoast_head_json":{"title":"Evropski pab kviz u Budvi - Europe House","robots":{"index":"index","follow":"follow","max-snippet":"max-snippet:-1","max-image-preview":"max-image-preview:large","max-video-preview":"max-video-preview:-1"},"canonical":"https:\/\/www.evropskakuca.me\/me\/evropski-pab-kviz-u-budvi\/","og_locale":"en_US","og_type":"article","og_title":"Evropski pab kviz u Budvi - Europe House","og_description":"Takmi\u010darska atmosfera, timsko dogovaranje i pitanja iz razli\u010ditih oblasti obilje\u017eili su Evropski pub kviz u Budvi. U\u010desnici su, kroz vi\u0161e rundi, provjeravali znanje o Evropskoj uniji, dr\u017eavama \u010dlanicama, kulturi, istoriji i zanimljivostima. Na kvizu je u\u010destvovalo osam ekipa, a takmi\u010denje je zasnovano na zajedni\u010dkom radu i brzom usagla\u0161avanju odgovora unutar timova. Najvi\u0161e bodova osvojila je [&hellip;]","og_url":"https:\/\/www.evropskakuca.me\/me\/evropski-pab-kviz-u-budvi\/","og_site_name":"Europe House","article_publisher":"https:\/\/www.facebook.com\/evropska.kuca","article_published_time":"2026-02-18T12:24:07+00:00","article_modified_time":"2026-02-18T12:24:12+00:00","og_image":[{"width":1068,"height":498,"url":"https:\/\/www.evropskakuca.me\/wp-content\/uploads\/2026\/02\/Evropski-pub-kviz-Budva-3-1068x712-1-e1771417317348.jpg","type":"image\/jpeg"}],"author":"Aleksandar Vukovic","twitter_card":"summary_large_image","twitter_creator":"@evropska_kuca","twitter_site":"@evropska_kuca","twitter_misc":{"Written by":"Aleksandar Vukovic","Est. reading time":"3 minutes"},"schema":{"@context":"https:\/\/schema.org","@graph":[{"@type":"Article","@id":"https:\/\/www.evropskakuca.me\/me\/evropski-pab-kviz-u-budvi\/#article","isPartOf":{"@id":"https:\/\/www.evropskakuca.me\/me\/evropski-pab-kviz-u-budvi\/"},"author":{"name":"Aleksandar Vukovic","@id":"https:\/\/www.evropskakuca.me\/me\/#\/schema\/person\/7e16527119c7b67f457996b970f2bd6e"},"headline":"Evropski pab kviz u Budvi","datePublished":"2026-02-18T12:24:07+00:00","dateModified":"2026-02-18T12:24:12+00:00","mainEntityOfPage":{"@id":"https:\/\/www.evropskakuca.me\/me\/evropski-pab-kviz-u-budvi\/"},"wordCount":327,"publisher":{"@id":"https:\/\/www.evropskakuca.me\/me\/#organization"},"image":{"@id":"https:\/\/www.evropskakuca.me\/me\/evropski-pab-kviz-u-budvi\/#primaryimage"},"thumbnailUrl":"https:\/\/www.evropskakuca.me\/wp-content\/uploads\/2026\/02\/Evropski-pub-kviz-Budva-3-1068x712-1-e1771417317348.jpg","articleSection":["Novosti","Vesti"],"inLanguage":"me-ME"},{"@type":"WebPage","@id":"https:\/\/www.evropskakuca.me\/me\/evropski-pab-kviz-u-budvi\/","url":"https:\/\/www.evropskakuca.me\/me\/evropski-pab-kviz-u-budvi\/","name":"Evropski pab kviz u Budvi - Europe House","isPartOf":{"@id":"https:\/\/www.evropskakuca.me\/me\/#website"},"primaryImageOfPage":{"@id":"https:\/\/www.evropskakuca.me\/me\/evropski-pab-kviz-u-budvi\/#primaryimage"},"image":{"@id":"https:\/\/www.evropskakuca.me\/me\/evropski-pab-kviz-u-budvi\/#primaryimage"},"thumbnailUrl":"https:\/\/www.evropskakuca.me\/wp-content\/uploads\/2026\/02\/Evropski-pub-kviz-Budva-3-1068x712-1-e1771417317348.jpg","datePublished":"2026-02-18T12:24:07+00:00","dateModified":"2026-02-18T12:24:12+00:00","breadcrumb":{"@id":"https:\/\/www.evropskakuca.me\/me\/evropski-pab-kviz-u-budvi\/#breadcrumb"},"inLanguage":"me-ME","potentialAction":[{"@type":"ReadAction","target":["https:\/\/www.evropskakuca.me\/me\/evropski-pab-kviz-u-budvi\/"]}]},{"@type":"ImageObject","inLanguage":"me-ME","@id":"https:\/\/www.evropskakuca.me\/me\/evropski-pab-kviz-u-budvi\/#primaryimage","url":"https:\/\/www.evropskakuca.me\/wp-content\/uploads\/2026\/02\/Evropski-pub-kviz-Budva-3-1068x712-1-e1771417317348.jpg","contentUrl":"https:\/\/www.evropskakuca.me\/wp-content\/uploads\/2026\/02\/Evropski-pub-kviz-Budva-3-1068x712-1-e1771417317348.jpg","width":1068,"height":498},{"@type":"BreadcrumbList","@id":"https:\/\/www.evropskakuca.me\/me\/evropski-pab-kviz-u-budvi\/#breadcrumb","itemListElement":[{"@type":"ListItem","position":1,"name":"Home","item":"https:\/\/www.evropskakuca.me\/me\/"},{"@type":"ListItem","position":2,"name":"Evropski pab kviz u Budvi"}]},{"@type":"WebSite","@id":"https:\/\/www.evropskakuca.me\/me\/#website","url":"https:\/\/www.evropskakuca.me\/me\/","name":"Evropean house","description":"","publisher":{"@id":"https:\/\/www.evropskakuca.me\/me\/#organization"},"potentialAction":[{"@type":"SearchAction","target":{"@type":"EntryPoint","urlTemplate":"https:\/\/www.evropskakuca.me\/me\/?s={search_term_string}"},"query-input":{"@type":"PropertyValueSpecification","valueRequired":true,"valueName":"search_term_string"}}],"inLanguage":"me-ME"},{"@type":"Organization","@id":"https:\/\/www.evropskakuca.me\/me\/#organization","name":"Evropean house","url":"https:\/\/www.evropskakuca.me\/me\/","logo":{"@type":"ImageObject","inLanguage":"me-ME","@id":"https:\/\/www.evropskakuca.me\/me\/#\/schema\/logo\/image\/","url":"https:\/\/www.evropskakuca.me\/wp-content\/uploads\/2025\/01\/evropska-kuca-logo-1.png","contentUrl":"https:\/\/www.evropskakuca.me\/wp-content\/uploads\/2025\/01\/evropska-kuca-logo-1.png","width":425,"height":312,"caption":"Evropean house"},"image":{"@id":"https:\/\/www.evropskakuca.me\/me\/#\/schema\/logo\/image\/"},"sameAs":["https:\/\/www.facebook.com\/evropska.kuca","https:\/\/x.com\/evropska_kuca","https:\/\/www.instagram.com\/evropska_kuca"]},{"@type":"Person","@id":"https:\/\/www.evropskakuca.me\/me\/#\/schema\/person\/7e16527119c7b67f457996b970f2bd6e","name":"Aleksandar Vukovic","image":{"@type":"ImageObject","inLanguage":"me-ME","@id":"https:\/\/secure.gravatar.com\/avatar\/a1834e0104b0242a886079bde835ba36d80c70f9987a11f3ba33eb9e8d74cc15?s=96&d=mm&r=g","url":"https:\/\/secure.gravatar.com\/avatar\/a1834e0104b0242a886079bde835ba36d80c70f9987a11f3ba33eb9e8d74cc15?s=96&d=mm&r=g","contentUrl":"https:\/\/secure.gravatar.com\/avatar\/a1834e0104b0242a886079bde835ba36d80c70f9987a11f3ba33eb9e8d74cc15?s=96&d=mm&r=g","caption":"Aleksandar Vukovic"},"url":"https:\/\/www.evropskakuca.me\/me\/author\/aleksandar\/"}]}},"_links":{"self":[{"href":"https:\/\/www.evropskakuca.me\/me\/wp-json\/wp\/v2\/posts\/47697","targetHints":{"allow":["GET"]}}],"collection":[{"href":"https:\/\/www.evropskakuca.me\/me\/wp-json\/wp\/v2\/posts"}],"about":[{"href":"https:\/\/www.evropskakuca.me\/me\/wp-json\/wp\/v2\/types\/post"}],"author":[{"embeddable":true,"href":"https:\/\/www.evropskakuca.me\/me\/wp-json\/wp\/v2\/users\/3"}],"replies":[{"embeddable":true,"href":"https:\/\/www.evropskakuca.me\/me\/wp-json\/wp\/v2\/comments?post=47697"}],"version-history":[{"count":1,"href":"https:\/\/www.evropskakuca.me\/me\/wp-json\/wp\/v2\/posts\/47697\/revisions"}],"predecessor-version":[{"id":47708,"href":"https:\/\/www.evropskakuca.me\/me\/wp-json\/wp\/v2\/posts\/47697\/revisions\/47708"}],"wp:featuredmedia":[{"embeddable":true,"href":"https:\/\/www.evropskakuca.me\/me\/wp-json\/wp\/v2\/media\/47698"}],"wp:attachment":[{"href":"https:\/\/www.evropskakuca.me\/me\/wp-json\/wp\/v2\/media?parent=47697"}],"wp:term":[{"taxonomy":"category","embeddable":true,"href":"https:\/\/www.evropskakuca.me\/me\/wp-json\/wp\/v2\/categories?post=47697"},{"taxonomy":"post_tag","embeddable":true,"href":"https:\/\/www.evropskakuca.me\/me\/wp-json\/wp\/v2\/tags?post=47697"}],"curies":[{"name":"wp","href":"https:\/\/api.w.org\/{rel}","templated":true}]}}