{"id":47655,"date":"2026-02-13T12:58:30","date_gmt":"2026-02-13T12:58:30","guid":{"rendered":"https:\/\/www.evropskakuca.me\/?p=47655"},"modified":"2026-02-13T12:58:32","modified_gmt":"2026-02-13T12:58:32","slug":"klavir-saksofon-gitare-i-sjajna-atmosfera-u-evropskoj-kuci","status":"publish","type":"post","link":"https:\/\/www.evropskakuca.me\/me\/klavir-saksofon-gitare-i-sjajna-atmosfera-u-evropskoj-kuci\/","title":{"rendered":"Klavir, saksofon, gitare i sjajna atmosfera u Evropskoj ku\u0107i"},"content":{"rendered":"\n<p>\u0160ta se desi kada se spoje d\u017eez, improvizacija i evropske vrijednosti? Nastaje EuroJam \u2013 ve\u010de muzike, susreta i zajedni\u010dkog stvaranja u Evropskoj ku\u0107i Podgorica. Ovaj participativni kulturni doga\u0111aj izbrisao je granice izme\u0111u izvo\u0111a\u010da i publike, pretvaraju\u0107i prostor u \u017eivu platformu za dijalog, kreativnost i jedinstvo u razli\u010ditosti.<\/p>\n\n\n\n<p>\u201cKoncept EuroJam nastao je kroz interakciju i saradnju sa Delegacijom Evropske unije u Crnoj Gori i Evropskom ku\u0107om. EuroJam povezuje savremene kulturne prakse sa vrijednostima Novog evropskog Bauhausa, kulturne diplomatije i anga\u017eovanja zajednice\u201d kazao je <strong>Kaz\u0131m Metehan Ayasbeyo\u011flu<\/strong> iz KMK arts organizacije.<\/p>\n\n\n\n<figure class=\"wp-block-image size-large\"><img fetchpriority=\"high\" decoding=\"async\" width=\"1024\" height=\"683\" src=\"https:\/\/www.evropskakuca.me\/wp-content\/uploads\/2026\/02\/FRO_6018-1024x683.jpg\" alt=\"\" class=\"wp-image-47658\" srcset=\"https:\/\/www.evropskakuca.me\/wp-content\/uploads\/2026\/02\/FRO_6018-1024x683.jpg 1024w, https:\/\/www.evropskakuca.me\/wp-content\/uploads\/2026\/02\/FRO_6018-300x200.jpg 300w, https:\/\/www.evropskakuca.me\/wp-content\/uploads\/2026\/02\/FRO_6018-768x512.jpg 768w, https:\/\/www.evropskakuca.me\/wp-content\/uploads\/2026\/02\/FRO_6018-1536x1024.jpg 1536w, https:\/\/www.evropskakuca.me\/wp-content\/uploads\/2026\/02\/FRO_6018-2048x1365.jpg 2048w\" sizes=\"(max-width: 1024px) 100vw, 1024px\" \/><\/figure>\n\n\n\n<p>\u201eSpajanjem umjetni\u010dkih disciplina, muzike i gastrologije, i \u017eivim povezivanjem umjetnika i publike, doga\u0111aj je predstavio nje\u017enu, ali ujedno i sna\u017enu sliku Evrope kao zajedni\u010dkog kulturnog prostora\u201c dodao je Ayasbeyo\u011flu.<\/p>\n\n\n\n<p>Muzi\u010dki program zapo\u010deo je izvo\u0111enjem tri d\u017eez standarda koje je odsvirao <strong>EuroJam bend<\/strong>. Nakon ovog segmenta bina u Evropskoj ku\u0107i je bila otvorena za sve koji su \u017eeljeli da sviraju, pjevaju, igraju zajedno sa bendom.<\/p>\n\n\n\n<figure class=\"wp-block-gallery has-nested-images columns-default is-cropped wp-block-gallery-1 is-layout-flex wp-block-gallery-is-layout-flex\">\n<figure class=\"wp-block-image size-large\"><img decoding=\"async\" width=\"1024\" height=\"683\" data-id=\"47660\" src=\"https:\/\/www.evropskakuca.me\/wp-content\/uploads\/2026\/02\/FRO_5954-1024x683.jpg\" alt=\"\" class=\"wp-image-47660\" srcset=\"https:\/\/www.evropskakuca.me\/wp-content\/uploads\/2026\/02\/FRO_5954-1024x683.jpg 1024w, https:\/\/www.evropskakuca.me\/wp-content\/uploads\/2026\/02\/FRO_5954-300x200.jpg 300w, https:\/\/www.evropskakuca.me\/wp-content\/uploads\/2026\/02\/FRO_5954-768x512.jpg 768w, https:\/\/www.evropskakuca.me\/wp-content\/uploads\/2026\/02\/FRO_5954-1536x1024.jpg 1536w, https:\/\/www.evropskakuca.me\/wp-content\/uploads\/2026\/02\/FRO_5954-2048x1365.jpg 2048w\" sizes=\"(max-width: 1024px) 100vw, 1024px\" \/><\/figure>\n\n\n\n<figure class=\"wp-block-image size-large\"><img decoding=\"async\" width=\"1024\" height=\"683\" data-id=\"47664\" src=\"https:\/\/www.evropskakuca.me\/wp-content\/uploads\/2026\/02\/FRO_5964-1024x683.jpg\" alt=\"\" class=\"wp-image-47664\" srcset=\"https:\/\/www.evropskakuca.me\/wp-content\/uploads\/2026\/02\/FRO_5964-1024x683.jpg 1024w, https:\/\/www.evropskakuca.me\/wp-content\/uploads\/2026\/02\/FRO_5964-300x200.jpg 300w, https:\/\/www.evropskakuca.me\/wp-content\/uploads\/2026\/02\/FRO_5964-768x512.jpg 768w, https:\/\/www.evropskakuca.me\/wp-content\/uploads\/2026\/02\/FRO_5964-1536x1024.jpg 1536w, https:\/\/www.evropskakuca.me\/wp-content\/uploads\/2026\/02\/FRO_5964-2048x1365.jpg 2048w\" sizes=\"(max-width: 1024px) 100vw, 1024px\" \/><\/figure>\n\n\n\n<figure class=\"wp-block-image size-large\"><img loading=\"lazy\" decoding=\"async\" width=\"1024\" height=\"683\" data-id=\"47662\" src=\"https:\/\/www.evropskakuca.me\/wp-content\/uploads\/2026\/02\/FRO_5969-1024x683.jpg\" alt=\"\" class=\"wp-image-47662\" srcset=\"https:\/\/www.evropskakuca.me\/wp-content\/uploads\/2026\/02\/FRO_5969-1024x683.jpg 1024w, https:\/\/www.evropskakuca.me\/wp-content\/uploads\/2026\/02\/FRO_5969-300x200.jpg 300w, https:\/\/www.evropskakuca.me\/wp-content\/uploads\/2026\/02\/FRO_5969-768x512.jpg 768w, https:\/\/www.evropskakuca.me\/wp-content\/uploads\/2026\/02\/FRO_5969-1536x1024.jpg 1536w, https:\/\/www.evropskakuca.me\/wp-content\/uploads\/2026\/02\/FRO_5969-2048x1365.jpg 2048w\" sizes=\"(max-width: 1024px) 100vw, 1024px\" \/><\/figure>\n<\/figure>\n\n\n\n<p>Me\u0111u njima je i <strong>Georgij Perehod<\/strong>. Georgij se bavi sviranjem violon\u010dela ve\u0107 devet godina, a tokom EuroJam sesije odsvirao je svoju kompoziciju.<\/p>\n\n\n\n<p>\u201eOrganizacija doga\u0111aja je sjajna. Svirao sam kompoziciju koju sam ja napisao, a koja se zove <strong>Fantazija no. 2 za solo violon\u010delo<\/strong>\u201c kazao je Perehod.<\/p>\n\n\n\n<figure class=\"wp-block-image size-large\"><img loading=\"lazy\" decoding=\"async\" width=\"1024\" height=\"683\" src=\"https:\/\/www.evropskakuca.me\/wp-content\/uploads\/2026\/02\/FRO_6151-1024x683.jpg\" alt=\"\" class=\"wp-image-47666\" srcset=\"https:\/\/www.evropskakuca.me\/wp-content\/uploads\/2026\/02\/FRO_6151-1024x683.jpg 1024w, https:\/\/www.evropskakuca.me\/wp-content\/uploads\/2026\/02\/FRO_6151-300x200.jpg 300w, https:\/\/www.evropskakuca.me\/wp-content\/uploads\/2026\/02\/FRO_6151-768x512.jpg 768w, https:\/\/www.evropskakuca.me\/wp-content\/uploads\/2026\/02\/FRO_6151-1536x1024.jpg 1536w, https:\/\/www.evropskakuca.me\/wp-content\/uploads\/2026\/02\/FRO_6151-2048x1365.jpg 2048w\" sizes=\"(max-width: 1024px) 100vw, 1024px\" \/><\/figure>\n\n\n\n<p>Program je tako\u0111e obuhvatio i prezentaciju i serviranje specijalno pripremljene supe pod nazivom \u201e<strong>One pot Europe<\/strong>\u201c, koju je ekskluzivno za ovu priliku kreirao kulinarski tim KMK Arts. Ovaj segment je dio \u0161ireg koncepta gastromuzikologije, koji povezuje muziku, gastronomiju i kulturno pripovijedanje, dodatno oboga\u0107uju\u0107i multisenzorno iskustvo doga\u0111aja.<\/p>\n\n\n\n<p>\u201eNa\u0161 kuvar iz Istanbula je kreirao jelo pod nazivom <strong>One pot Europe<\/strong>. Ovo jelo ima <strong>27 sastojaka<\/strong>, po jedan iz svake dr\u017eave \u010dlanice EU. Pomije\u0161ali smo sve ove sastojke kako bismo stvorili ne\u0161to novo i ukusno. \u017deljeli smo da ljudi osjete ukus Evropske unije\u201c kazao je Ayasbeyo\u011flu.<\/p>\n\n\n\n<figure class=\"wp-block-image size-large\"><img loading=\"lazy\" decoding=\"async\" width=\"1024\" height=\"683\" src=\"https:\/\/www.evropskakuca.me\/wp-content\/uploads\/2026\/02\/FRO_6198-1024x683.jpg\" alt=\"\" class=\"wp-image-47668\" srcset=\"https:\/\/www.evropskakuca.me\/wp-content\/uploads\/2026\/02\/FRO_6198-1024x683.jpg 1024w, https:\/\/www.evropskakuca.me\/wp-content\/uploads\/2026\/02\/FRO_6198-300x200.jpg 300w, https:\/\/www.evropskakuca.me\/wp-content\/uploads\/2026\/02\/FRO_6198-768x512.jpg 768w, https:\/\/www.evropskakuca.me\/wp-content\/uploads\/2026\/02\/FRO_6198-1536x1024.jpg 1536w, https:\/\/www.evropskakuca.me\/wp-content\/uploads\/2026\/02\/FRO_6198-2048x1365.jpg 2048w\" sizes=\"(max-width: 1024px) 100vw, 1024px\" \/><\/figure>\n\n\n\n<p><strong>Azra Topal<\/strong> je \u010dlanica KMK arts Turska. Prema njenim rije\u010dima, ovakvi doga\u0111aji su sjajna prilika za povezivanje kultura.<\/p>\n\n\n\n<p>\u201eVe\u010deras u Crnoj Gori svi zajedno sviramo, i u\u017eivamo u gastromuzikologiji kroz One pot Europe. Velika mi je \u010dast biti ovdje i pjevati na sceni sa svim ovim ljudima i sa umjetni\u010dkim timom KMK.\u201c kazala je Topal.<\/p>\n\n\n\n<figure class=\"wp-block-image size-large\"><img loading=\"lazy\" decoding=\"async\" width=\"1024\" height=\"683\" src=\"https:\/\/www.evropskakuca.me\/wp-content\/uploads\/2026\/02\/FRO_6193-1024x683.jpg\" alt=\"\" class=\"wp-image-47670\" srcset=\"https:\/\/www.evropskakuca.me\/wp-content\/uploads\/2026\/02\/FRO_6193-1024x683.jpg 1024w, https:\/\/www.evropskakuca.me\/wp-content\/uploads\/2026\/02\/FRO_6193-300x200.jpg 300w, https:\/\/www.evropskakuca.me\/wp-content\/uploads\/2026\/02\/FRO_6193-768x512.jpg 768w, https:\/\/www.evropskakuca.me\/wp-content\/uploads\/2026\/02\/FRO_6193-1536x1024.jpg 1536w, https:\/\/www.evropskakuca.me\/wp-content\/uploads\/2026\/02\/FRO_6193-2048x1365.jpg 2048w\" sizes=\"(max-width: 1024px) 100vw, 1024px\" \/><\/figure>\n\n\n\n<p><strong>EuroJam<\/strong> je realizovan u <strong>Evropskoj ku\u0107i Podgorica<\/strong> kroz saradnju <strong>Evropske ku\u0107e<\/strong> i organizacije <strong>KMK Arts<\/strong>, koja je bila zadu\u017eena za umjetni\u010dku i produkcionu realizaciju programa. Doga\u0111aj je dodatno oboga\u0107en podr\u0161kom <strong>Akademije Piva<\/strong>, koja je obezbijedila pi\u0107e za goste, doprinose\u0107i opu\u0161tenoj i zajedni\u010dkoj atmosferi u duhu jam session formata.<\/p>\n","protected":false},"excerpt":{"rendered":"<p>\u0160ta se desi kada se spoje d\u017eez, improvizacija i evropske vrijednosti? Nastaje EuroJam \u2013 ve\u010de muzike, susreta i zajedni\u010dkog stvaranja u Evropskoj ku\u0107i Podgorica. Ovaj participativni kulturni doga\u0111aj izbrisao je granice izme\u0111u izvo\u0111a\u010da i publike, pretvaraju\u0107i prostor u \u017eivu platformu za dijalog, kreativnost i jedinstvo u razli\u010ditosti. \u201cKoncept EuroJam nastao je kroz interakciju i saradnju [&hellip;]<\/p>\n","protected":false},"author":3,"featured_media":47656,"comment_status":"closed","ping_status":"closed","sticky":false,"template":"","format":"standard","meta":{"_acf_changed":false,"footnotes":""},"categories":[283,524],"tags":[],"class_list":["post-47655","post","type-post","status-publish","format-standard","has-post-thumbnail","hentry","category-novosti-me","category-vesti"],"acf":[],"yoast_head":"<!-- This site is optimized with the Yoast SEO plugin v27.3 - https:\/\/yoast.com\/product\/yoast-seo-wordpress\/ -->\n<title>Klavir, saksofon, gitare i sjajna atmosfera u Evropskoj ku\u0107i - Europe House<\/title>\n<meta name=\"robots\" content=\"index, follow, max-snippet:-1, max-image-preview:large, max-video-preview:-1\" \/>\n<link rel=\"canonical\" href=\"https:\/\/www.evropskakuca.me\/me\/klavir-saksofon-gitare-i-sjajna-atmosfera-u-evropskoj-kuci\/\" \/>\n<meta property=\"og:locale\" content=\"en_US\" \/>\n<meta property=\"og:type\" content=\"article\" \/>\n<meta property=\"og:title\" content=\"Klavir, saksofon, gitare i sjajna atmosfera u Evropskoj ku\u0107i - Europe House\" \/>\n<meta property=\"og:description\" content=\"\u0160ta se desi kada se spoje d\u017eez, improvizacija i evropske vrijednosti? Nastaje EuroJam \u2013 ve\u010de muzike, susreta i zajedni\u010dkog stvaranja u Evropskoj ku\u0107i Podgorica. Ovaj participativni kulturni doga\u0111aj izbrisao je granice izme\u0111u izvo\u0111a\u010da i publike, pretvaraju\u0107i prostor u \u017eivu platformu za dijalog, kreativnost i jedinstvo u razli\u010ditosti. \u201cKoncept EuroJam nastao je kroz interakciju i saradnju [&hellip;]\" \/>\n<meta property=\"og:url\" content=\"https:\/\/www.evropskakuca.me\/me\/klavir-saksofon-gitare-i-sjajna-atmosfera-u-evropskoj-kuci\/\" \/>\n<meta property=\"og:site_name\" content=\"Europe House\" \/>\n<meta property=\"article:publisher\" content=\"https:\/\/www.facebook.com\/evropska.kuca\" \/>\n<meta property=\"article:published_time\" content=\"2026-02-13T12:58:30+00:00\" \/>\n<meta property=\"article:modified_time\" content=\"2026-02-13T12:58:32+00:00\" \/>\n<meta property=\"og:image\" content=\"https:\/\/www.evropskakuca.me\/wp-content\/uploads\/2026\/02\/FRO_5999-scaled.jpg\" \/>\n\t<meta property=\"og:image:width\" content=\"2560\" \/>\n\t<meta property=\"og:image:height\" content=\"1707\" \/>\n\t<meta property=\"og:image:type\" content=\"image\/jpeg\" \/>\n<meta name=\"author\" content=\"Aleksandar Vukovic\" \/>\n<meta name=\"twitter:card\" content=\"summary_large_image\" \/>\n<meta name=\"twitter:creator\" content=\"@evropska_kuca\" \/>\n<meta name=\"twitter:site\" content=\"@evropska_kuca\" \/>\n<meta name=\"twitter:label1\" content=\"Written by\" \/>\n\t<meta name=\"twitter:data1\" content=\"Aleksandar Vukovic\" \/>\n\t<meta name=\"twitter:label2\" content=\"Est. reading time\" \/>\n\t<meta name=\"twitter:data2\" content=\"4 minutes\" \/>\n<script type=\"application\/ld+json\" class=\"yoast-schema-graph\">{\"@context\":\"https:\\\/\\\/schema.org\",\"@graph\":[{\"@type\":\"Article\",\"@id\":\"https:\\\/\\\/www.evropskakuca.me\\\/me\\\/klavir-saksofon-gitare-i-sjajna-atmosfera-u-evropskoj-kuci\\\/#article\",\"isPartOf\":{\"@id\":\"https:\\\/\\\/www.evropskakuca.me\\\/me\\\/klavir-saksofon-gitare-i-sjajna-atmosfera-u-evropskoj-kuci\\\/\"},\"author\":{\"name\":\"Aleksandar Vukovic\",\"@id\":\"https:\\\/\\\/www.evropskakuca.me\\\/me\\\/#\\\/schema\\\/person\\\/7e16527119c7b67f457996b970f2bd6e\"},\"headline\":\"Klavir, saksofon, gitare i sjajna atmosfera u Evropskoj ku\u0107i\",\"datePublished\":\"2026-02-13T12:58:30+00:00\",\"dateModified\":\"2026-02-13T12:58:32+00:00\",\"mainEntityOfPage\":{\"@id\":\"https:\\\/\\\/www.evropskakuca.me\\\/me\\\/klavir-saksofon-gitare-i-sjajna-atmosfera-u-evropskoj-kuci\\\/\"},\"wordCount\":455,\"publisher\":{\"@id\":\"https:\\\/\\\/www.evropskakuca.me\\\/me\\\/#organization\"},\"image\":{\"@id\":\"https:\\\/\\\/www.evropskakuca.me\\\/me\\\/klavir-saksofon-gitare-i-sjajna-atmosfera-u-evropskoj-kuci\\\/#primaryimage\"},\"thumbnailUrl\":\"https:\\\/\\\/www.evropskakuca.me\\\/wp-content\\\/uploads\\\/2026\\\/02\\\/FRO_5999-scaled.jpg\",\"articleSection\":[\"Novosti\",\"Vesti\"],\"inLanguage\":\"me-ME\"},{\"@type\":\"WebPage\",\"@id\":\"https:\\\/\\\/www.evropskakuca.me\\\/me\\\/klavir-saksofon-gitare-i-sjajna-atmosfera-u-evropskoj-kuci\\\/\",\"url\":\"https:\\\/\\\/www.evropskakuca.me\\\/me\\\/klavir-saksofon-gitare-i-sjajna-atmosfera-u-evropskoj-kuci\\\/\",\"name\":\"Klavir, saksofon, gitare i sjajna atmosfera u Evropskoj ku\u0107i - Europe House\",\"isPartOf\":{\"@id\":\"https:\\\/\\\/www.evropskakuca.me\\\/me\\\/#website\"},\"primaryImageOfPage\":{\"@id\":\"https:\\\/\\\/www.evropskakuca.me\\\/me\\\/klavir-saksofon-gitare-i-sjajna-atmosfera-u-evropskoj-kuci\\\/#primaryimage\"},\"image\":{\"@id\":\"https:\\\/\\\/www.evropskakuca.me\\\/me\\\/klavir-saksofon-gitare-i-sjajna-atmosfera-u-evropskoj-kuci\\\/#primaryimage\"},\"thumbnailUrl\":\"https:\\\/\\\/www.evropskakuca.me\\\/wp-content\\\/uploads\\\/2026\\\/02\\\/FRO_5999-scaled.jpg\",\"datePublished\":\"2026-02-13T12:58:30+00:00\",\"dateModified\":\"2026-02-13T12:58:32+00:00\",\"breadcrumb\":{\"@id\":\"https:\\\/\\\/www.evropskakuca.me\\\/me\\\/klavir-saksofon-gitare-i-sjajna-atmosfera-u-evropskoj-kuci\\\/#breadcrumb\"},\"inLanguage\":\"me-ME\",\"potentialAction\":[{\"@type\":\"ReadAction\",\"target\":[\"https:\\\/\\\/www.evropskakuca.me\\\/me\\\/klavir-saksofon-gitare-i-sjajna-atmosfera-u-evropskoj-kuci\\\/\"]}]},{\"@type\":\"ImageObject\",\"inLanguage\":\"me-ME\",\"@id\":\"https:\\\/\\\/www.evropskakuca.me\\\/me\\\/klavir-saksofon-gitare-i-sjajna-atmosfera-u-evropskoj-kuci\\\/#primaryimage\",\"url\":\"https:\\\/\\\/www.evropskakuca.me\\\/wp-content\\\/uploads\\\/2026\\\/02\\\/FRO_5999-scaled.jpg\",\"contentUrl\":\"https:\\\/\\\/www.evropskakuca.me\\\/wp-content\\\/uploads\\\/2026\\\/02\\\/FRO_5999-scaled.jpg\",\"width\":2560,\"height\":1707},{\"@type\":\"BreadcrumbList\",\"@id\":\"https:\\\/\\\/www.evropskakuca.me\\\/me\\\/klavir-saksofon-gitare-i-sjajna-atmosfera-u-evropskoj-kuci\\\/#breadcrumb\",\"itemListElement\":[{\"@type\":\"ListItem\",\"position\":1,\"name\":\"Home\",\"item\":\"https:\\\/\\\/www.evropskakuca.me\\\/me\\\/\"},{\"@type\":\"ListItem\",\"position\":2,\"name\":\"Klavir, saksofon, gitare i sjajna atmosfera u Evropskoj ku\u0107i\"}]},{\"@type\":\"WebSite\",\"@id\":\"https:\\\/\\\/www.evropskakuca.me\\\/me\\\/#website\",\"url\":\"https:\\\/\\\/www.evropskakuca.me\\\/me\\\/\",\"name\":\"Evropean house\",\"description\":\"\",\"publisher\":{\"@id\":\"https:\\\/\\\/www.evropskakuca.me\\\/me\\\/#organization\"},\"potentialAction\":[{\"@type\":\"SearchAction\",\"target\":{\"@type\":\"EntryPoint\",\"urlTemplate\":\"https:\\\/\\\/www.evropskakuca.me\\\/me\\\/?s={search_term_string}\"},\"query-input\":{\"@type\":\"PropertyValueSpecification\",\"valueRequired\":true,\"valueName\":\"search_term_string\"}}],\"inLanguage\":\"me-ME\"},{\"@type\":\"Organization\",\"@id\":\"https:\\\/\\\/www.evropskakuca.me\\\/me\\\/#organization\",\"name\":\"Evropean house\",\"url\":\"https:\\\/\\\/www.evropskakuca.me\\\/me\\\/\",\"logo\":{\"@type\":\"ImageObject\",\"inLanguage\":\"me-ME\",\"@id\":\"https:\\\/\\\/www.evropskakuca.me\\\/me\\\/#\\\/schema\\\/logo\\\/image\\\/\",\"url\":\"https:\\\/\\\/www.evropskakuca.me\\\/wp-content\\\/uploads\\\/2025\\\/01\\\/evropska-kuca-logo-1.png\",\"contentUrl\":\"https:\\\/\\\/www.evropskakuca.me\\\/wp-content\\\/uploads\\\/2025\\\/01\\\/evropska-kuca-logo-1.png\",\"width\":425,\"height\":312,\"caption\":\"Evropean house\"},\"image\":{\"@id\":\"https:\\\/\\\/www.evropskakuca.me\\\/me\\\/#\\\/schema\\\/logo\\\/image\\\/\"},\"sameAs\":[\"https:\\\/\\\/www.facebook.com\\\/evropska.kuca\",\"https:\\\/\\\/x.com\\\/evropska_kuca\",\"https:\\\/\\\/www.instagram.com\\\/evropska_kuca\"]},{\"@type\":\"Person\",\"@id\":\"https:\\\/\\\/www.evropskakuca.me\\\/me\\\/#\\\/schema\\\/person\\\/7e16527119c7b67f457996b970f2bd6e\",\"name\":\"Aleksandar Vukovic\",\"image\":{\"@type\":\"ImageObject\",\"inLanguage\":\"me-ME\",\"@id\":\"https:\\\/\\\/secure.gravatar.com\\\/avatar\\\/a1834e0104b0242a886079bde835ba36d80c70f9987a11f3ba33eb9e8d74cc15?s=96&d=mm&r=g\",\"url\":\"https:\\\/\\\/secure.gravatar.com\\\/avatar\\\/a1834e0104b0242a886079bde835ba36d80c70f9987a11f3ba33eb9e8d74cc15?s=96&d=mm&r=g\",\"contentUrl\":\"https:\\\/\\\/secure.gravatar.com\\\/avatar\\\/a1834e0104b0242a886079bde835ba36d80c70f9987a11f3ba33eb9e8d74cc15?s=96&d=mm&r=g\",\"caption\":\"Aleksandar Vukovic\"},\"url\":\"https:\\\/\\\/www.evropskakuca.me\\\/me\\\/author\\\/aleksandar\\\/\"}]}<\/script>\n<!-- \/ Yoast SEO plugin. -->","yoast_head_json":{"title":"Klavir, saksofon, gitare i sjajna atmosfera u Evropskoj ku\u0107i - Europe House","robots":{"index":"index","follow":"follow","max-snippet":"max-snippet:-1","max-image-preview":"max-image-preview:large","max-video-preview":"max-video-preview:-1"},"canonical":"https:\/\/www.evropskakuca.me\/me\/klavir-saksofon-gitare-i-sjajna-atmosfera-u-evropskoj-kuci\/","og_locale":"en_US","og_type":"article","og_title":"Klavir, saksofon, gitare i sjajna atmosfera u Evropskoj ku\u0107i - Europe House","og_description":"\u0160ta se desi kada se spoje d\u017eez, improvizacija i evropske vrijednosti? Nastaje EuroJam \u2013 ve\u010de muzike, susreta i zajedni\u010dkog stvaranja u Evropskoj ku\u0107i Podgorica. Ovaj participativni kulturni doga\u0111aj izbrisao je granice izme\u0111u izvo\u0111a\u010da i publike, pretvaraju\u0107i prostor u \u017eivu platformu za dijalog, kreativnost i jedinstvo u razli\u010ditosti. \u201cKoncept EuroJam nastao je kroz interakciju i saradnju [&hellip;]","og_url":"https:\/\/www.evropskakuca.me\/me\/klavir-saksofon-gitare-i-sjajna-atmosfera-u-evropskoj-kuci\/","og_site_name":"Europe House","article_publisher":"https:\/\/www.facebook.com\/evropska.kuca","article_published_time":"2026-02-13T12:58:30+00:00","article_modified_time":"2026-02-13T12:58:32+00:00","og_image":[{"width":2560,"height":1707,"url":"https:\/\/www.evropskakuca.me\/wp-content\/uploads\/2026\/02\/FRO_5999-scaled.jpg","type":"image\/jpeg"}],"author":"Aleksandar Vukovic","twitter_card":"summary_large_image","twitter_creator":"@evropska_kuca","twitter_site":"@evropska_kuca","twitter_misc":{"Written by":"Aleksandar Vukovic","Est. reading time":"4 minutes"},"schema":{"@context":"https:\/\/schema.org","@graph":[{"@type":"Article","@id":"https:\/\/www.evropskakuca.me\/me\/klavir-saksofon-gitare-i-sjajna-atmosfera-u-evropskoj-kuci\/#article","isPartOf":{"@id":"https:\/\/www.evropskakuca.me\/me\/klavir-saksofon-gitare-i-sjajna-atmosfera-u-evropskoj-kuci\/"},"author":{"name":"Aleksandar Vukovic","@id":"https:\/\/www.evropskakuca.me\/me\/#\/schema\/person\/7e16527119c7b67f457996b970f2bd6e"},"headline":"Klavir, saksofon, gitare i sjajna atmosfera u Evropskoj ku\u0107i","datePublished":"2026-02-13T12:58:30+00:00","dateModified":"2026-02-13T12:58:32+00:00","mainEntityOfPage":{"@id":"https:\/\/www.evropskakuca.me\/me\/klavir-saksofon-gitare-i-sjajna-atmosfera-u-evropskoj-kuci\/"},"wordCount":455,"publisher":{"@id":"https:\/\/www.evropskakuca.me\/me\/#organization"},"image":{"@id":"https:\/\/www.evropskakuca.me\/me\/klavir-saksofon-gitare-i-sjajna-atmosfera-u-evropskoj-kuci\/#primaryimage"},"thumbnailUrl":"https:\/\/www.evropskakuca.me\/wp-content\/uploads\/2026\/02\/FRO_5999-scaled.jpg","articleSection":["Novosti","Vesti"],"inLanguage":"me-ME"},{"@type":"WebPage","@id":"https:\/\/www.evropskakuca.me\/me\/klavir-saksofon-gitare-i-sjajna-atmosfera-u-evropskoj-kuci\/","url":"https:\/\/www.evropskakuca.me\/me\/klavir-saksofon-gitare-i-sjajna-atmosfera-u-evropskoj-kuci\/","name":"Klavir, saksofon, gitare i sjajna atmosfera u Evropskoj ku\u0107i - Europe House","isPartOf":{"@id":"https:\/\/www.evropskakuca.me\/me\/#website"},"primaryImageOfPage":{"@id":"https:\/\/www.evropskakuca.me\/me\/klavir-saksofon-gitare-i-sjajna-atmosfera-u-evropskoj-kuci\/#primaryimage"},"image":{"@id":"https:\/\/www.evropskakuca.me\/me\/klavir-saksofon-gitare-i-sjajna-atmosfera-u-evropskoj-kuci\/#primaryimage"},"thumbnailUrl":"https:\/\/www.evropskakuca.me\/wp-content\/uploads\/2026\/02\/FRO_5999-scaled.jpg","datePublished":"2026-02-13T12:58:30+00:00","dateModified":"2026-02-13T12:58:32+00:00","breadcrumb":{"@id":"https:\/\/www.evropskakuca.me\/me\/klavir-saksofon-gitare-i-sjajna-atmosfera-u-evropskoj-kuci\/#breadcrumb"},"inLanguage":"me-ME","potentialAction":[{"@type":"ReadAction","target":["https:\/\/www.evropskakuca.me\/me\/klavir-saksofon-gitare-i-sjajna-atmosfera-u-evropskoj-kuci\/"]}]},{"@type":"ImageObject","inLanguage":"me-ME","@id":"https:\/\/www.evropskakuca.me\/me\/klavir-saksofon-gitare-i-sjajna-atmosfera-u-evropskoj-kuci\/#primaryimage","url":"https:\/\/www.evropskakuca.me\/wp-content\/uploads\/2026\/02\/FRO_5999-scaled.jpg","contentUrl":"https:\/\/www.evropskakuca.me\/wp-content\/uploads\/2026\/02\/FRO_5999-scaled.jpg","width":2560,"height":1707},{"@type":"BreadcrumbList","@id":"https:\/\/www.evropskakuca.me\/me\/klavir-saksofon-gitare-i-sjajna-atmosfera-u-evropskoj-kuci\/#breadcrumb","itemListElement":[{"@type":"ListItem","position":1,"name":"Home","item":"https:\/\/www.evropskakuca.me\/me\/"},{"@type":"ListItem","position":2,"name":"Klavir, saksofon, gitare i sjajna atmosfera u Evropskoj ku\u0107i"}]},{"@type":"WebSite","@id":"https:\/\/www.evropskakuca.me\/me\/#website","url":"https:\/\/www.evropskakuca.me\/me\/","name":"Evropean house","description":"","publisher":{"@id":"https:\/\/www.evropskakuca.me\/me\/#organization"},"potentialAction":[{"@type":"SearchAction","target":{"@type":"EntryPoint","urlTemplate":"https:\/\/www.evropskakuca.me\/me\/?s={search_term_string}"},"query-input":{"@type":"PropertyValueSpecification","valueRequired":true,"valueName":"search_term_string"}}],"inLanguage":"me-ME"},{"@type":"Organization","@id":"https:\/\/www.evropskakuca.me\/me\/#organization","name":"Evropean house","url":"https:\/\/www.evropskakuca.me\/me\/","logo":{"@type":"ImageObject","inLanguage":"me-ME","@id":"https:\/\/www.evropskakuca.me\/me\/#\/schema\/logo\/image\/","url":"https:\/\/www.evropskakuca.me\/wp-content\/uploads\/2025\/01\/evropska-kuca-logo-1.png","contentUrl":"https:\/\/www.evropskakuca.me\/wp-content\/uploads\/2025\/01\/evropska-kuca-logo-1.png","width":425,"height":312,"caption":"Evropean house"},"image":{"@id":"https:\/\/www.evropskakuca.me\/me\/#\/schema\/logo\/image\/"},"sameAs":["https:\/\/www.facebook.com\/evropska.kuca","https:\/\/x.com\/evropska_kuca","https:\/\/www.instagram.com\/evropska_kuca"]},{"@type":"Person","@id":"https:\/\/www.evropskakuca.me\/me\/#\/schema\/person\/7e16527119c7b67f457996b970f2bd6e","name":"Aleksandar Vukovic","image":{"@type":"ImageObject","inLanguage":"me-ME","@id":"https:\/\/secure.gravatar.com\/avatar\/a1834e0104b0242a886079bde835ba36d80c70f9987a11f3ba33eb9e8d74cc15?s=96&d=mm&r=g","url":"https:\/\/secure.gravatar.com\/avatar\/a1834e0104b0242a886079bde835ba36d80c70f9987a11f3ba33eb9e8d74cc15?s=96&d=mm&r=g","contentUrl":"https:\/\/secure.gravatar.com\/avatar\/a1834e0104b0242a886079bde835ba36d80c70f9987a11f3ba33eb9e8d74cc15?s=96&d=mm&r=g","caption":"Aleksandar Vukovic"},"url":"https:\/\/www.evropskakuca.me\/me\/author\/aleksandar\/"}]}},"_links":{"self":[{"href":"https:\/\/www.evropskakuca.me\/me\/wp-json\/wp\/v2\/posts\/47655","targetHints":{"allow":["GET"]}}],"collection":[{"href":"https:\/\/www.evropskakuca.me\/me\/wp-json\/wp\/v2\/posts"}],"about":[{"href":"https:\/\/www.evropskakuca.me\/me\/wp-json\/wp\/v2\/types\/post"}],"author":[{"embeddable":true,"href":"https:\/\/www.evropskakuca.me\/me\/wp-json\/wp\/v2\/users\/3"}],"replies":[{"embeddable":true,"href":"https:\/\/www.evropskakuca.me\/me\/wp-json\/wp\/v2\/comments?post=47655"}],"version-history":[{"count":1,"href":"https:\/\/www.evropskakuca.me\/me\/wp-json\/wp\/v2\/posts\/47655\/revisions"}],"predecessor-version":[{"id":47672,"href":"https:\/\/www.evropskakuca.me\/me\/wp-json\/wp\/v2\/posts\/47655\/revisions\/47672"}],"wp:featuredmedia":[{"embeddable":true,"href":"https:\/\/www.evropskakuca.me\/me\/wp-json\/wp\/v2\/media\/47656"}],"wp:attachment":[{"href":"https:\/\/www.evropskakuca.me\/me\/wp-json\/wp\/v2\/media?parent=47655"}],"wp:term":[{"taxonomy":"category","embeddable":true,"href":"https:\/\/www.evropskakuca.me\/me\/wp-json\/wp\/v2\/categories?post=47655"},{"taxonomy":"post_tag","embeddable":true,"href":"https:\/\/www.evropskakuca.me\/me\/wp-json\/wp\/v2\/tags?post=47655"}],"curies":[{"name":"wp","href":"https:\/\/api.w.org\/{rel}","templated":true}]}}