{"id":47635,"date":"2026-02-13T10:36:38","date_gmt":"2026-02-13T10:36:38","guid":{"rendered":"https:\/\/www.evropskakuca.me\/?p=47635"},"modified":"2026-02-13T10:55:10","modified_gmt":"2026-02-13T10:55:10","slug":"digitalna-sigurnost-je-pravo-svih-generacija","status":"publish","type":"post","link":"https:\/\/www.evropskakuca.me\/me\/digitalna-sigurnost-je-pravo-svih-generacija\/","title":{"rendered":"Digitalna sigurnost je pravo svih generacija"},"content":{"rendered":"\n<p>Informativni prostor se konstantno mijenja. Dolazak vje\u0161ta\u010dke inteligencije je drasti\u010dno promijenio internet stvarnost. Izlo\u017eeni smo ogromnoj koli\u010dini informacija u medijima i na dru\u0161tvenim mre\u017eama, bez jasnih filtera \u0161ta je provjereno, a \u0161ta manipulativno.<\/p>\n\n\n\n<p>Starije generacije, na\u017ealost, nisu imale priliku da kroz obrazovni sistem razvijaju digitalne vje\u0161tine, te su samim tim \u010desto meta dezinformacija, finansijskih prevara i senzacionalisti\u010dkih sadr\u017eaja koji ciljaju na emocije (strah, brigu za zdravlje, politi\u010dku nesigurnost, itd).<\/p>\n\n\n\n<figure class=\"wp-block-gallery has-nested-images columns-default is-cropped wp-block-gallery-1 is-layout-flex wp-block-gallery-is-layout-flex\">\n<figure class=\"wp-block-image size-large\"><img fetchpriority=\"high\" decoding=\"async\" width=\"1024\" height=\"683\" data-id=\"47638\" src=\"https:\/\/www.evropskakuca.me\/wp-content\/uploads\/2026\/02\/FRO_4802-1024x683.jpg\" alt=\"\" class=\"wp-image-47638\" srcset=\"https:\/\/www.evropskakuca.me\/wp-content\/uploads\/2026\/02\/FRO_4802-1024x683.jpg 1024w, https:\/\/www.evropskakuca.me\/wp-content\/uploads\/2026\/02\/FRO_4802-300x200.jpg 300w, https:\/\/www.evropskakuca.me\/wp-content\/uploads\/2026\/02\/FRO_4802-768x512.jpg 768w, https:\/\/www.evropskakuca.me\/wp-content\/uploads\/2026\/02\/FRO_4802-1536x1024.jpg 1536w, https:\/\/www.evropskakuca.me\/wp-content\/uploads\/2026\/02\/FRO_4802-2048x1365.jpg 2048w\" sizes=\"(max-width: 1024px) 100vw, 1024px\" \/><\/figure>\n\n\n\n<figure class=\"wp-block-image size-large\"><img decoding=\"async\" width=\"1024\" height=\"683\" data-id=\"47642\" src=\"https:\/\/www.evropskakuca.me\/wp-content\/uploads\/2026\/02\/FRO_4871-1024x683.jpg\" alt=\"\" class=\"wp-image-47642\" srcset=\"https:\/\/www.evropskakuca.me\/wp-content\/uploads\/2026\/02\/FRO_4871-1024x683.jpg 1024w, https:\/\/www.evropskakuca.me\/wp-content\/uploads\/2026\/02\/FRO_4871-300x200.jpg 300w, https:\/\/www.evropskakuca.me\/wp-content\/uploads\/2026\/02\/FRO_4871-768x512.jpg 768w, https:\/\/www.evropskakuca.me\/wp-content\/uploads\/2026\/02\/FRO_4871-1536x1024.jpg 1536w, https:\/\/www.evropskakuca.me\/wp-content\/uploads\/2026\/02\/FRO_4871-2048x1365.jpg 2048w\" sizes=\"(max-width: 1024px) 100vw, 1024px\" \/><\/figure>\n\n\n\n<figure class=\"wp-block-image size-large\"><img decoding=\"async\" width=\"1024\" height=\"683\" data-id=\"47640\" src=\"https:\/\/www.evropskakuca.me\/wp-content\/uploads\/2026\/02\/FRO_4894-1024x683.jpg\" alt=\"\" class=\"wp-image-47640\" srcset=\"https:\/\/www.evropskakuca.me\/wp-content\/uploads\/2026\/02\/FRO_4894-1024x683.jpg 1024w, https:\/\/www.evropskakuca.me\/wp-content\/uploads\/2026\/02\/FRO_4894-300x200.jpg 300w, https:\/\/www.evropskakuca.me\/wp-content\/uploads\/2026\/02\/FRO_4894-768x512.jpg 768w, https:\/\/www.evropskakuca.me\/wp-content\/uploads\/2026\/02\/FRO_4894-1536x1024.jpg 1536w, https:\/\/www.evropskakuca.me\/wp-content\/uploads\/2026\/02\/FRO_4894-2048x1365.jpg 2048w\" sizes=\"(max-width: 1024px) 100vw, 1024px\" \/><\/figure>\n<\/figure>\n\n\n\n<p>Kako bi im pomogla da se upoznaju sa medijskom pismeno\u0161\u0107u, da nau\u010de kako mediji funkcioni\u0161u, ko stoji iza odre\u0111enog sadr\u017eaja i za\u0161to je ba\u0161 njima prikazan, <strong>Evropska ku\u0107a<\/strong> u saradnji sa <strong>Sne\u017eanom Nik\u010devi\u0107<\/strong>&nbsp;organizovala je radionicu medijske pismenosti za seniore u <strong>Domu starih u Podgorici<\/strong>.<\/p>\n\n\n\n<p>\u201cVeliki broj starijih ljudi ima osje\u0107aj da <em>kasni<\/em> ili da su ne\u0161to propustili. Kroz ovakve vrste radionica vide da nisu sami i da pitanja koja imaju nisu banalna, ve\u0107 legitimna i va\u017ena\u201d, kazala je Nik\u010devi\u0107.<\/p>\n\n\n\n<figure class=\"wp-block-image size-large\"><img loading=\"lazy\" decoding=\"async\" width=\"1024\" height=\"683\" src=\"https:\/\/www.evropskakuca.me\/wp-content\/uploads\/2026\/02\/FRO_4922-1024x683.jpg\" alt=\"\" class=\"wp-image-47644\" srcset=\"https:\/\/www.evropskakuca.me\/wp-content\/uploads\/2026\/02\/FRO_4922-1024x683.jpg 1024w, https:\/\/www.evropskakuca.me\/wp-content\/uploads\/2026\/02\/FRO_4922-300x200.jpg 300w, https:\/\/www.evropskakuca.me\/wp-content\/uploads\/2026\/02\/FRO_4922-768x512.jpg 768w, https:\/\/www.evropskakuca.me\/wp-content\/uploads\/2026\/02\/FRO_4922-1536x1024.jpg 1536w, https:\/\/www.evropskakuca.me\/wp-content\/uploads\/2026\/02\/FRO_4922-2048x1365.jpg 2048w\" sizes=\"(max-width: 1024px) 100vw, 1024px\" \/><\/figure>\n\n\n\n<p>Kroz zajedni\u010dko analiziranje konkretnih primjera kao \u0161to su la\u017ene vijesti, sumnjive nagradne igre, manipulativni naslovi i sli\u010dno, u\u010desnici su nau\u010dili da prepoznaju obrasce.<\/p>\n\n\n\n<p>Ovakav tip radionica, dodaje Nik\u010devi\u0107, pasivnog korisnika transformi\u0161e u aktivnog procjenjiva\u010da sadr\u017eaja.<\/p>\n\n\n\n<p>\u201cSamopouzdanje dolazi iz razumijevanja. Kada znate kako ne\u0161to funkcioni\u0161e, manje vas pla\u0161i\u201d dodaje Nik\u010devi\u0107.<\/p>\n\n\n\n<p>Tokom radionice u\u010desnici su u\u010dili i \u0161ta zna\u010di biti informisan gra\u0111anin u pravom smislu rije\u010di, razmjenjivali &nbsp;su mi\u0161ljenja i dijelili li\u010dna iskustva sa dezinformacijama.<\/p>\n\n\n\n<p>\u201cInformisano gra\u0111anstvo ne podrazumijeva samo pristup informacijama, ve\u0107 i sposobnost da se te informacije kriti\u010dki procjenjuju. Ako gra\u0111ani ne razlikuju \u010dinjenicu od mi\u0161ljenja ili profesionalni medij od propagandnog kanala, onda je javni prostor lako zloupotrebljiv\u201d zaklju\u010dila je Nik\u010devi\u0107.<\/p>\n","protected":false},"excerpt":{"rendered":"<p>Informativni prostor se konstantno mijenja. Dolazak vje\u0161ta\u010dke inteligencije je drasti\u010dno promijenio internet stvarnost. Izlo\u017eeni smo ogromnoj koli\u010dini informacija u medijima i na dru\u0161tvenim mre\u017eama, bez jasnih filtera \u0161ta je provjereno, a \u0161ta manipulativno. Starije generacije, na\u017ealost, nisu imale priliku da kroz obrazovni sistem razvijaju digitalne vje\u0161tine, te su samim tim \u010desto meta dezinformacija, finansijskih prevara [&hellip;]<\/p>\n","protected":false},"author":3,"featured_media":47636,"comment_status":"closed","ping_status":"closed","sticky":false,"template":"","format":"standard","meta":{"_acf_changed":false,"footnotes":""},"categories":[283,524],"tags":[],"class_list":["post-47635","post","type-post","status-publish","format-standard","has-post-thumbnail","hentry","category-novosti-me","category-vesti"],"acf":[],"yoast_head":"<!-- This site is optimized with the Yoast SEO plugin v27.3 - https:\/\/yoast.com\/product\/yoast-seo-wordpress\/ -->\n<title>Digitalna sigurnost je pravo svih generacija - Europe House<\/title>\n<meta name=\"robots\" content=\"index, follow, max-snippet:-1, max-image-preview:large, max-video-preview:-1\" \/>\n<link rel=\"canonical\" href=\"https:\/\/www.evropskakuca.me\/me\/digitalna-sigurnost-je-pravo-svih-generacija\/\" \/>\n<meta property=\"og:locale\" content=\"en_US\" \/>\n<meta property=\"og:type\" content=\"article\" \/>\n<meta property=\"og:title\" content=\"Digitalna sigurnost je pravo svih generacija - Europe House\" \/>\n<meta property=\"og:description\" content=\"Informativni prostor se konstantno mijenja. Dolazak vje\u0161ta\u010dke inteligencije je drasti\u010dno promijenio internet stvarnost. Izlo\u017eeni smo ogromnoj koli\u010dini informacija u medijima i na dru\u0161tvenim mre\u017eama, bez jasnih filtera \u0161ta je provjereno, a \u0161ta manipulativno. Starije generacije, na\u017ealost, nisu imale priliku da kroz obrazovni sistem razvijaju digitalne vje\u0161tine, te su samim tim \u010desto meta dezinformacija, finansijskih prevara [&hellip;]\" \/>\n<meta property=\"og:url\" content=\"https:\/\/www.evropskakuca.me\/me\/digitalna-sigurnost-je-pravo-svih-generacija\/\" \/>\n<meta property=\"og:site_name\" content=\"Europe House\" \/>\n<meta property=\"article:publisher\" content=\"https:\/\/www.facebook.com\/evropska.kuca\" \/>\n<meta property=\"article:published_time\" content=\"2026-02-13T10:36:38+00:00\" \/>\n<meta property=\"article:modified_time\" content=\"2026-02-13T10:55:10+00:00\" \/>\n<meta property=\"og:image\" content=\"https:\/\/www.evropskakuca.me\/wp-content\/uploads\/2026\/02\/FRO_4936-scaled.jpg\" \/>\n\t<meta property=\"og:image:width\" content=\"2560\" \/>\n\t<meta property=\"og:image:height\" content=\"1707\" \/>\n\t<meta property=\"og:image:type\" content=\"image\/jpeg\" \/>\n<meta name=\"author\" content=\"Aleksandar Vukovic\" \/>\n<meta name=\"twitter:card\" content=\"summary_large_image\" \/>\n<meta name=\"twitter:creator\" content=\"@evropska_kuca\" \/>\n<meta name=\"twitter:site\" content=\"@evropska_kuca\" \/>\n<meta name=\"twitter:label1\" content=\"Written by\" \/>\n\t<meta name=\"twitter:data1\" content=\"Aleksandar Vukovic\" \/>\n\t<meta name=\"twitter:label2\" content=\"Est. reading time\" \/>\n\t<meta name=\"twitter:data2\" content=\"3 minutes\" \/>\n<script type=\"application\/ld+json\" class=\"yoast-schema-graph\">{\"@context\":\"https:\\\/\\\/schema.org\",\"@graph\":[{\"@type\":\"Article\",\"@id\":\"https:\\\/\\\/www.evropskakuca.me\\\/me\\\/digitalna-sigurnost-je-pravo-svih-generacija\\\/#article\",\"isPartOf\":{\"@id\":\"https:\\\/\\\/www.evropskakuca.me\\\/me\\\/digitalna-sigurnost-je-pravo-svih-generacija\\\/\"},\"author\":{\"name\":\"Aleksandar Vukovic\",\"@id\":\"https:\\\/\\\/www.evropskakuca.me\\\/me\\\/#\\\/schema\\\/person\\\/7e16527119c7b67f457996b970f2bd6e\"},\"headline\":\"Digitalna sigurnost je pravo svih generacija\",\"datePublished\":\"2026-02-13T10:36:38+00:00\",\"dateModified\":\"2026-02-13T10:55:10+00:00\",\"mainEntityOfPage\":{\"@id\":\"https:\\\/\\\/www.evropskakuca.me\\\/me\\\/digitalna-sigurnost-je-pravo-svih-generacija\\\/\"},\"wordCount\":319,\"publisher\":{\"@id\":\"https:\\\/\\\/www.evropskakuca.me\\\/me\\\/#organization\"},\"image\":{\"@id\":\"https:\\\/\\\/www.evropskakuca.me\\\/me\\\/digitalna-sigurnost-je-pravo-svih-generacija\\\/#primaryimage\"},\"thumbnailUrl\":\"https:\\\/\\\/www.evropskakuca.me\\\/wp-content\\\/uploads\\\/2026\\\/02\\\/FRO_4936-scaled.jpg\",\"articleSection\":[\"Novosti\",\"Vesti\"],\"inLanguage\":\"me-ME\"},{\"@type\":\"WebPage\",\"@id\":\"https:\\\/\\\/www.evropskakuca.me\\\/me\\\/digitalna-sigurnost-je-pravo-svih-generacija\\\/\",\"url\":\"https:\\\/\\\/www.evropskakuca.me\\\/me\\\/digitalna-sigurnost-je-pravo-svih-generacija\\\/\",\"name\":\"Digitalna sigurnost je pravo svih generacija - Europe House\",\"isPartOf\":{\"@id\":\"https:\\\/\\\/www.evropskakuca.me\\\/me\\\/#website\"},\"primaryImageOfPage\":{\"@id\":\"https:\\\/\\\/www.evropskakuca.me\\\/me\\\/digitalna-sigurnost-je-pravo-svih-generacija\\\/#primaryimage\"},\"image\":{\"@id\":\"https:\\\/\\\/www.evropskakuca.me\\\/me\\\/digitalna-sigurnost-je-pravo-svih-generacija\\\/#primaryimage\"},\"thumbnailUrl\":\"https:\\\/\\\/www.evropskakuca.me\\\/wp-content\\\/uploads\\\/2026\\\/02\\\/FRO_4936-scaled.jpg\",\"datePublished\":\"2026-02-13T10:36:38+00:00\",\"dateModified\":\"2026-02-13T10:55:10+00:00\",\"breadcrumb\":{\"@id\":\"https:\\\/\\\/www.evropskakuca.me\\\/me\\\/digitalna-sigurnost-je-pravo-svih-generacija\\\/#breadcrumb\"},\"inLanguage\":\"me-ME\",\"potentialAction\":[{\"@type\":\"ReadAction\",\"target\":[\"https:\\\/\\\/www.evropskakuca.me\\\/me\\\/digitalna-sigurnost-je-pravo-svih-generacija\\\/\"]}]},{\"@type\":\"ImageObject\",\"inLanguage\":\"me-ME\",\"@id\":\"https:\\\/\\\/www.evropskakuca.me\\\/me\\\/digitalna-sigurnost-je-pravo-svih-generacija\\\/#primaryimage\",\"url\":\"https:\\\/\\\/www.evropskakuca.me\\\/wp-content\\\/uploads\\\/2026\\\/02\\\/FRO_4936-scaled.jpg\",\"contentUrl\":\"https:\\\/\\\/www.evropskakuca.me\\\/wp-content\\\/uploads\\\/2026\\\/02\\\/FRO_4936-scaled.jpg\",\"width\":2560,\"height\":1707},{\"@type\":\"BreadcrumbList\",\"@id\":\"https:\\\/\\\/www.evropskakuca.me\\\/me\\\/digitalna-sigurnost-je-pravo-svih-generacija\\\/#breadcrumb\",\"itemListElement\":[{\"@type\":\"ListItem\",\"position\":1,\"name\":\"Home\",\"item\":\"https:\\\/\\\/www.evropskakuca.me\\\/me\\\/\"},{\"@type\":\"ListItem\",\"position\":2,\"name\":\"Digitalna sigurnost je pravo svih generacija\"}]},{\"@type\":\"WebSite\",\"@id\":\"https:\\\/\\\/www.evropskakuca.me\\\/me\\\/#website\",\"url\":\"https:\\\/\\\/www.evropskakuca.me\\\/me\\\/\",\"name\":\"Evropean house\",\"description\":\"\",\"publisher\":{\"@id\":\"https:\\\/\\\/www.evropskakuca.me\\\/me\\\/#organization\"},\"potentialAction\":[{\"@type\":\"SearchAction\",\"target\":{\"@type\":\"EntryPoint\",\"urlTemplate\":\"https:\\\/\\\/www.evropskakuca.me\\\/me\\\/?s={search_term_string}\"},\"query-input\":{\"@type\":\"PropertyValueSpecification\",\"valueRequired\":true,\"valueName\":\"search_term_string\"}}],\"inLanguage\":\"me-ME\"},{\"@type\":\"Organization\",\"@id\":\"https:\\\/\\\/www.evropskakuca.me\\\/me\\\/#organization\",\"name\":\"Evropean house\",\"url\":\"https:\\\/\\\/www.evropskakuca.me\\\/me\\\/\",\"logo\":{\"@type\":\"ImageObject\",\"inLanguage\":\"me-ME\",\"@id\":\"https:\\\/\\\/www.evropskakuca.me\\\/me\\\/#\\\/schema\\\/logo\\\/image\\\/\",\"url\":\"https:\\\/\\\/www.evropskakuca.me\\\/wp-content\\\/uploads\\\/2025\\\/01\\\/evropska-kuca-logo-1.png\",\"contentUrl\":\"https:\\\/\\\/www.evropskakuca.me\\\/wp-content\\\/uploads\\\/2025\\\/01\\\/evropska-kuca-logo-1.png\",\"width\":425,\"height\":312,\"caption\":\"Evropean house\"},\"image\":{\"@id\":\"https:\\\/\\\/www.evropskakuca.me\\\/me\\\/#\\\/schema\\\/logo\\\/image\\\/\"},\"sameAs\":[\"https:\\\/\\\/www.facebook.com\\\/evropska.kuca\",\"https:\\\/\\\/x.com\\\/evropska_kuca\",\"https:\\\/\\\/www.instagram.com\\\/evropska_kuca\"]},{\"@type\":\"Person\",\"@id\":\"https:\\\/\\\/www.evropskakuca.me\\\/me\\\/#\\\/schema\\\/person\\\/7e16527119c7b67f457996b970f2bd6e\",\"name\":\"Aleksandar Vukovic\",\"image\":{\"@type\":\"ImageObject\",\"inLanguage\":\"me-ME\",\"@id\":\"https:\\\/\\\/secure.gravatar.com\\\/avatar\\\/a1834e0104b0242a886079bde835ba36d80c70f9987a11f3ba33eb9e8d74cc15?s=96&d=mm&r=g\",\"url\":\"https:\\\/\\\/secure.gravatar.com\\\/avatar\\\/a1834e0104b0242a886079bde835ba36d80c70f9987a11f3ba33eb9e8d74cc15?s=96&d=mm&r=g\",\"contentUrl\":\"https:\\\/\\\/secure.gravatar.com\\\/avatar\\\/a1834e0104b0242a886079bde835ba36d80c70f9987a11f3ba33eb9e8d74cc15?s=96&d=mm&r=g\",\"caption\":\"Aleksandar Vukovic\"},\"url\":\"https:\\\/\\\/www.evropskakuca.me\\\/me\\\/author\\\/aleksandar\\\/\"}]}<\/script>\n<!-- \/ Yoast SEO plugin. -->","yoast_head_json":{"title":"Digitalna sigurnost je pravo svih generacija - Europe House","robots":{"index":"index","follow":"follow","max-snippet":"max-snippet:-1","max-image-preview":"max-image-preview:large","max-video-preview":"max-video-preview:-1"},"canonical":"https:\/\/www.evropskakuca.me\/me\/digitalna-sigurnost-je-pravo-svih-generacija\/","og_locale":"en_US","og_type":"article","og_title":"Digitalna sigurnost je pravo svih generacija - Europe House","og_description":"Informativni prostor se konstantno mijenja. Dolazak vje\u0161ta\u010dke inteligencije je drasti\u010dno promijenio internet stvarnost. Izlo\u017eeni smo ogromnoj koli\u010dini informacija u medijima i na dru\u0161tvenim mre\u017eama, bez jasnih filtera \u0161ta je provjereno, a \u0161ta manipulativno. Starije generacije, na\u017ealost, nisu imale priliku da kroz obrazovni sistem razvijaju digitalne vje\u0161tine, te su samim tim \u010desto meta dezinformacija, finansijskih prevara [&hellip;]","og_url":"https:\/\/www.evropskakuca.me\/me\/digitalna-sigurnost-je-pravo-svih-generacija\/","og_site_name":"Europe House","article_publisher":"https:\/\/www.facebook.com\/evropska.kuca","article_published_time":"2026-02-13T10:36:38+00:00","article_modified_time":"2026-02-13T10:55:10+00:00","og_image":[{"width":2560,"height":1707,"url":"https:\/\/www.evropskakuca.me\/wp-content\/uploads\/2026\/02\/FRO_4936-scaled.jpg","type":"image\/jpeg"}],"author":"Aleksandar Vukovic","twitter_card":"summary_large_image","twitter_creator":"@evropska_kuca","twitter_site":"@evropska_kuca","twitter_misc":{"Written by":"Aleksandar Vukovic","Est. reading time":"3 minutes"},"schema":{"@context":"https:\/\/schema.org","@graph":[{"@type":"Article","@id":"https:\/\/www.evropskakuca.me\/me\/digitalna-sigurnost-je-pravo-svih-generacija\/#article","isPartOf":{"@id":"https:\/\/www.evropskakuca.me\/me\/digitalna-sigurnost-je-pravo-svih-generacija\/"},"author":{"name":"Aleksandar Vukovic","@id":"https:\/\/www.evropskakuca.me\/me\/#\/schema\/person\/7e16527119c7b67f457996b970f2bd6e"},"headline":"Digitalna sigurnost je pravo svih generacija","datePublished":"2026-02-13T10:36:38+00:00","dateModified":"2026-02-13T10:55:10+00:00","mainEntityOfPage":{"@id":"https:\/\/www.evropskakuca.me\/me\/digitalna-sigurnost-je-pravo-svih-generacija\/"},"wordCount":319,"publisher":{"@id":"https:\/\/www.evropskakuca.me\/me\/#organization"},"image":{"@id":"https:\/\/www.evropskakuca.me\/me\/digitalna-sigurnost-je-pravo-svih-generacija\/#primaryimage"},"thumbnailUrl":"https:\/\/www.evropskakuca.me\/wp-content\/uploads\/2026\/02\/FRO_4936-scaled.jpg","articleSection":["Novosti","Vesti"],"inLanguage":"me-ME"},{"@type":"WebPage","@id":"https:\/\/www.evropskakuca.me\/me\/digitalna-sigurnost-je-pravo-svih-generacija\/","url":"https:\/\/www.evropskakuca.me\/me\/digitalna-sigurnost-je-pravo-svih-generacija\/","name":"Digitalna sigurnost je pravo svih generacija - Europe House","isPartOf":{"@id":"https:\/\/www.evropskakuca.me\/me\/#website"},"primaryImageOfPage":{"@id":"https:\/\/www.evropskakuca.me\/me\/digitalna-sigurnost-je-pravo-svih-generacija\/#primaryimage"},"image":{"@id":"https:\/\/www.evropskakuca.me\/me\/digitalna-sigurnost-je-pravo-svih-generacija\/#primaryimage"},"thumbnailUrl":"https:\/\/www.evropskakuca.me\/wp-content\/uploads\/2026\/02\/FRO_4936-scaled.jpg","datePublished":"2026-02-13T10:36:38+00:00","dateModified":"2026-02-13T10:55:10+00:00","breadcrumb":{"@id":"https:\/\/www.evropskakuca.me\/me\/digitalna-sigurnost-je-pravo-svih-generacija\/#breadcrumb"},"inLanguage":"me-ME","potentialAction":[{"@type":"ReadAction","target":["https:\/\/www.evropskakuca.me\/me\/digitalna-sigurnost-je-pravo-svih-generacija\/"]}]},{"@type":"ImageObject","inLanguage":"me-ME","@id":"https:\/\/www.evropskakuca.me\/me\/digitalna-sigurnost-je-pravo-svih-generacija\/#primaryimage","url":"https:\/\/www.evropskakuca.me\/wp-content\/uploads\/2026\/02\/FRO_4936-scaled.jpg","contentUrl":"https:\/\/www.evropskakuca.me\/wp-content\/uploads\/2026\/02\/FRO_4936-scaled.jpg","width":2560,"height":1707},{"@type":"BreadcrumbList","@id":"https:\/\/www.evropskakuca.me\/me\/digitalna-sigurnost-je-pravo-svih-generacija\/#breadcrumb","itemListElement":[{"@type":"ListItem","position":1,"name":"Home","item":"https:\/\/www.evropskakuca.me\/me\/"},{"@type":"ListItem","position":2,"name":"Digitalna sigurnost je pravo svih generacija"}]},{"@type":"WebSite","@id":"https:\/\/www.evropskakuca.me\/me\/#website","url":"https:\/\/www.evropskakuca.me\/me\/","name":"Evropean house","description":"","publisher":{"@id":"https:\/\/www.evropskakuca.me\/me\/#organization"},"potentialAction":[{"@type":"SearchAction","target":{"@type":"EntryPoint","urlTemplate":"https:\/\/www.evropskakuca.me\/me\/?s={search_term_string}"},"query-input":{"@type":"PropertyValueSpecification","valueRequired":true,"valueName":"search_term_string"}}],"inLanguage":"me-ME"},{"@type":"Organization","@id":"https:\/\/www.evropskakuca.me\/me\/#organization","name":"Evropean house","url":"https:\/\/www.evropskakuca.me\/me\/","logo":{"@type":"ImageObject","inLanguage":"me-ME","@id":"https:\/\/www.evropskakuca.me\/me\/#\/schema\/logo\/image\/","url":"https:\/\/www.evropskakuca.me\/wp-content\/uploads\/2025\/01\/evropska-kuca-logo-1.png","contentUrl":"https:\/\/www.evropskakuca.me\/wp-content\/uploads\/2025\/01\/evropska-kuca-logo-1.png","width":425,"height":312,"caption":"Evropean house"},"image":{"@id":"https:\/\/www.evropskakuca.me\/me\/#\/schema\/logo\/image\/"},"sameAs":["https:\/\/www.facebook.com\/evropska.kuca","https:\/\/x.com\/evropska_kuca","https:\/\/www.instagram.com\/evropska_kuca"]},{"@type":"Person","@id":"https:\/\/www.evropskakuca.me\/me\/#\/schema\/person\/7e16527119c7b67f457996b970f2bd6e","name":"Aleksandar Vukovic","image":{"@type":"ImageObject","inLanguage":"me-ME","@id":"https:\/\/secure.gravatar.com\/avatar\/a1834e0104b0242a886079bde835ba36d80c70f9987a11f3ba33eb9e8d74cc15?s=96&d=mm&r=g","url":"https:\/\/secure.gravatar.com\/avatar\/a1834e0104b0242a886079bde835ba36d80c70f9987a11f3ba33eb9e8d74cc15?s=96&d=mm&r=g","contentUrl":"https:\/\/secure.gravatar.com\/avatar\/a1834e0104b0242a886079bde835ba36d80c70f9987a11f3ba33eb9e8d74cc15?s=96&d=mm&r=g","caption":"Aleksandar Vukovic"},"url":"https:\/\/www.evropskakuca.me\/me\/author\/aleksandar\/"}]}},"_links":{"self":[{"href":"https:\/\/www.evropskakuca.me\/me\/wp-json\/wp\/v2\/posts\/47635","targetHints":{"allow":["GET"]}}],"collection":[{"href":"https:\/\/www.evropskakuca.me\/me\/wp-json\/wp\/v2\/posts"}],"about":[{"href":"https:\/\/www.evropskakuca.me\/me\/wp-json\/wp\/v2\/types\/post"}],"author":[{"embeddable":true,"href":"https:\/\/www.evropskakuca.me\/me\/wp-json\/wp\/v2\/users\/3"}],"replies":[{"embeddable":true,"href":"https:\/\/www.evropskakuca.me\/me\/wp-json\/wp\/v2\/comments?post=47635"}],"version-history":[{"count":2,"href":"https:\/\/www.evropskakuca.me\/me\/wp-json\/wp\/v2\/posts\/47635\/revisions"}],"predecessor-version":[{"id":47649,"href":"https:\/\/www.evropskakuca.me\/me\/wp-json\/wp\/v2\/posts\/47635\/revisions\/47649"}],"wp:featuredmedia":[{"embeddable":true,"href":"https:\/\/www.evropskakuca.me\/me\/wp-json\/wp\/v2\/media\/47636"}],"wp:attachment":[{"href":"https:\/\/www.evropskakuca.me\/me\/wp-json\/wp\/v2\/media?parent=47635"}],"wp:term":[{"taxonomy":"category","embeddable":true,"href":"https:\/\/www.evropskakuca.me\/me\/wp-json\/wp\/v2\/categories?post=47635"},{"taxonomy":"post_tag","embeddable":true,"href":"https:\/\/www.evropskakuca.me\/me\/wp-json\/wp\/v2\/tags?post=47635"}],"curies":[{"name":"wp","href":"https:\/\/api.w.org\/{rel}","templated":true}]}}