{"id":47618,"date":"2026-02-12T08:53:00","date_gmt":"2026-02-12T08:53:00","guid":{"rendered":"https:\/\/www.evropskakuca.me\/?p=47618"},"modified":"2026-02-12T09:00:56","modified_gmt":"2026-02-12T09:00:56","slug":"djevojke-koje-oblikuju-buducnost-zene-u-inovacijama-i-nauci","status":"publish","type":"post","link":"https:\/\/www.evropskakuca.me\/me\/djevojke-koje-oblikuju-buducnost-zene-u-inovacijama-i-nauci\/","title":{"rendered":"Djevojke koje oblikuju budu\u0107nost: \u017dene u inovacijama i nauci"},"content":{"rendered":"\n<p>U Evropskoj ku\u0107i Bijelo Polje obilje\u017een je Me\u0111unarodni dan \u017eena i djevojaka u nauci kroz panel diskusiju: \u201eDjevojke koje oblikuju budu\u0107nost: \u017dene u inovacijama i nauci\u201d<\/p>\n\n\n\n<p>Doga\u0111aj je bio posve\u0107en znanju, radoznalosti, hrabrosti i izborima koje djevojke i mlade \u017eene prave na svom putu ka nauci, tehnologiji i inovacijama.<\/p>\n\n\n\n<p>Kroz otvoren i inspirativan razgovor, panelistkinje su podijelile svoja iskustva u\u010denja, izazova i uspjeha, potvr\u0111uju\u0107i da put u STEM oblasti nije uvijek lak, ali je mogu\u0107 i vrijedan.<\/p>\n\n\n\n<figure class=\"wp-block-image size-large\"><img fetchpriority=\"high\" decoding=\"async\" width=\"1024\" height=\"681\" src=\"https:\/\/www.evropskakuca.me\/wp-content\/uploads\/2026\/02\/1770813591968302-1024x681.jpg\" alt=\"\" class=\"wp-image-47621\" srcset=\"https:\/\/www.evropskakuca.me\/wp-content\/uploads\/2026\/02\/1770813591968302-1024x681.jpg 1024w, https:\/\/www.evropskakuca.me\/wp-content\/uploads\/2026\/02\/1770813591968302-300x200.jpg 300w, https:\/\/www.evropskakuca.me\/wp-content\/uploads\/2026\/02\/1770813591968302-768x511.jpg 768w, https:\/\/www.evropskakuca.me\/wp-content\/uploads\/2026\/02\/1770813591968302-1536x1022.jpg 1536w, https:\/\/www.evropskakuca.me\/wp-content\/uploads\/2026\/02\/1770813591968302-2048x1363.jpg 2048w\" sizes=\"(max-width: 1024px) 100vw, 1024px\" \/><\/figure>\n\n\n\n<p>O svom uspjehu i profesionalnom putu, govorila je profesorica hemije, Radmila Radovi\u0107, koja je i ovogodi\u0161nja dobitnica najve\u0107eg op\u0161tinskog priznanja Nagrade ,,3.januar\u201c.<\/p>\n\n\n\n<p>,,Zadovoljstvo i uspjeh mi je kada vidim da me djeca razumiju, da vjeruju u mene i da kroz moju podr\u0161ku ostvare svoj uspjeh. Ovakvi doga\u0111aji su izuzetno va\u017eni, jer djevojke u nauci nemaju ba\u0161 neki pristup i nijesu toliko cijenjene, a ja sam primjer nekog ko je radio tiho godinama, i na kraju je to priznato i moj uspjeh je prepoznat, a moj dugogodi\u0161nji rad cijenjen. I danas stavljam akcenat na to da, iako je moj rad bio nenametljiv i van reflektora, rade\u0107i posao koji volim. Va\u017eno je da mladi shvate da nauka ne tra\u017ei savr\u0161enstvo, ve\u0107 upornost, radoznalost i istrajnost\u201c, istakla je Radovi\u0107.<\/p>\n\n\n\n<figure class=\"wp-block-gallery has-nested-images columns-default is-cropped wp-block-gallery-1 is-layout-flex wp-block-gallery-is-layout-flex\">\n<figure class=\"wp-block-image size-large\"><img decoding=\"async\" width=\"1024\" height=\"681\" data-id=\"47623\" src=\"https:\/\/www.evropskakuca.me\/wp-content\/uploads\/2026\/02\/1770813591536713-1024x681.jpg\" alt=\"\" class=\"wp-image-47623\" srcset=\"https:\/\/www.evropskakuca.me\/wp-content\/uploads\/2026\/02\/1770813591536713-1024x681.jpg 1024w, https:\/\/www.evropskakuca.me\/wp-content\/uploads\/2026\/02\/1770813591536713-300x200.jpg 300w, https:\/\/www.evropskakuca.me\/wp-content\/uploads\/2026\/02\/1770813591536713-768x511.jpg 768w, https:\/\/www.evropskakuca.me\/wp-content\/uploads\/2026\/02\/1770813591536713-1536x1022.jpg 1536w, https:\/\/www.evropskakuca.me\/wp-content\/uploads\/2026\/02\/1770813591536713-2048x1363.jpg 2048w\" sizes=\"(max-width: 1024px) 100vw, 1024px\" \/><\/figure>\n\n\n\n<figure class=\"wp-block-image size-large\"><img decoding=\"async\" width=\"1024\" height=\"681\" data-id=\"47625\" src=\"https:\/\/www.evropskakuca.me\/wp-content\/uploads\/2026\/02\/1770813593665231-1024x681.jpg\" alt=\"\" class=\"wp-image-47625\" srcset=\"https:\/\/www.evropskakuca.me\/wp-content\/uploads\/2026\/02\/1770813593665231-1024x681.jpg 1024w, https:\/\/www.evropskakuca.me\/wp-content\/uploads\/2026\/02\/1770813593665231-300x200.jpg 300w, https:\/\/www.evropskakuca.me\/wp-content\/uploads\/2026\/02\/1770813593665231-768x511.jpg 768w, https:\/\/www.evropskakuca.me\/wp-content\/uploads\/2026\/02\/1770813593665231-1536x1022.jpg 1536w, https:\/\/www.evropskakuca.me\/wp-content\/uploads\/2026\/02\/1770813593665231-2048x1363.jpg 2048w\" sizes=\"(max-width: 1024px) 100vw, 1024px\" \/><\/figure>\n<\/figure>\n\n\n\n<p>Na panelu je govorila i dr biotehni\u010dkih nauka Jasmina Balijagi\u0107, koja se prisjetila svojih po\u010detaka u nauci.<\/p>\n\n\n\n<p>,,Ja bih sada javno \u017eeljela da se zahvalim gospo\u0111i Kne\u017eevi\u0107 i njenim koleginicama, zato \u0161to tada nijesam bila samo \u017eena u nauci ve\u0107 i majka bez podr\u0161ke, sa bebom od godinu dana, a u ovom gradu tada nije bilo jaslica, a nije niko imao da mi \u010duva dijete, i zamislite tada jedna se \u017eena ,,drznula\u201c da se bavi naukom. Onda je gospo\u0111a Kne\u017eevi\u0107 rekla da \u0107e uzeti mog sina u ve\u0107u grupu, i preuzela odgovornost za bebu. Mi se nijesmo \u010desto gledale, ali je zaista smatramo \u010dlanom porodice i najve\u0107im prijateljem. Ho\u0107u da ispri\u010dam da nijesam htjela da odustanem od nauke. Moram re\u0107i da \u017eena jeste stub ku\u0107e, ali ako \u017eeli da bude u nauci mora dati duplo vi\u0161e snage, i ako ne\u0161to \u017eeli u tome \u0107e i uspjeti\u201c, istakla je,&nbsp; izme\u0111u ostalog, dr Balijagi\u0107.<\/p>\n\n\n\n<figure class=\"wp-block-image size-large\"><img loading=\"lazy\" decoding=\"async\" width=\"1024\" height=\"681\" src=\"https:\/\/www.evropskakuca.me\/wp-content\/uploads\/2026\/02\/177081359513725-1024x681.jpg\" alt=\"\" class=\"wp-image-47627\" srcset=\"https:\/\/www.evropskakuca.me\/wp-content\/uploads\/2026\/02\/177081359513725-1024x681.jpg 1024w, https:\/\/www.evropskakuca.me\/wp-content\/uploads\/2026\/02\/177081359513725-300x200.jpg 300w, https:\/\/www.evropskakuca.me\/wp-content\/uploads\/2026\/02\/177081359513725-768x511.jpg 768w, https:\/\/www.evropskakuca.me\/wp-content\/uploads\/2026\/02\/177081359513725-1536x1022.jpg 1536w, https:\/\/www.evropskakuca.me\/wp-content\/uploads\/2026\/02\/177081359513725-2048x1363.jpg 2048w\" sizes=\"(max-width: 1024px) 100vw, 1024px\" \/><\/figure>\n\n\n\n<p>O ljubavi prema matematici, i svemu onome \u0161to je dovelo do ulaska u svijet nauke, govorila je u\u010denica drugog razreda Gimnazije ,,Miloje Dobra\u0161inovi\u0107\u201c, Majra Kasumovi\u0107.<\/p>\n\n\n\n<p>,,Od malih nogu sam zavoljela matematiku, igrala logi\u010dke igre, slagala puzle i sve to mi je pomoglo da rje\u0161avam logi\u010dke probleme, a u \u0161estom razredu sam po\u010dela da se takmi\u010dim iz matematike. Ovakvi paneli veoma su va\u017eni da podignu samopouzdanje kod mladih, jer je broj djevojaka u nauci veoma mali, i da podignemo svijest o tome da postoje djevojke u nauci\u201c, dodala je Kasumovi\u0107.<\/p>\n\n\n\n<p>U okviru panel diskusije prikazana su dva filma uspje\u0161nih Bjelopoljki Elme Hot Dervi\u0107 istra\u017eiva\u010dice sa Medicinskog univerziteta u Be\u010du, i Ivane Jovanovi\u0107 specijalistkinje ra\u010dunarskih nauka.<\/p>\n\n\n\n<p>Danas su posebno predstavljene i dvije mlade go\u0161\u0107e Marija Kova\u010devi\u0107, u\u010denica sedmog razreda O\u0160 ,,Du\u0161an Kora\u0107\u201c, koja voli da recituje i taj talenat joj je donio prvo mjesto na Op\u0161tinskoj i Dr\u017eavnoj smotri recitatora, i Hana Strikovi\u0107 u\u010denica Srednje stru\u010dne \u0161kole, smjer zdravstveni tehni\u010dar kroz koji se povezala sa prirodnim naukama, iz kojih posebno izdvaja hemiju.<\/p>\n\n\n\n<p>Panel diskusija organizovana je u partnerstvu sa Kancelarijom za rodnu ravnopravnost Op\u0161tine Bijelo Polje.<\/p>\n\n\n\n<p>Moderatorke panela bile su Almasa Rizvanovi\u0107 i Vasilija Obradovi\u0107.<\/p>\n","protected":false},"excerpt":{"rendered":"<p>U Evropskoj ku\u0107i Bijelo Polje obilje\u017een je Me\u0111unarodni dan \u017eena i djevojaka u nauci kroz panel diskusiju: \u201eDjevojke koje oblikuju budu\u0107nost: \u017dene u inovacijama i nauci\u201d Doga\u0111aj je bio posve\u0107en znanju, radoznalosti, hrabrosti i izborima koje djevojke i mlade \u017eene prave na svom putu ka nauci, tehnologiji i inovacijama. Kroz otvoren i inspirativan razgovor, panelistkinje [&hellip;]<\/p>\n","protected":false},"author":3,"featured_media":47619,"comment_status":"closed","ping_status":"closed","sticky":false,"template":"","format":"standard","meta":{"_acf_changed":false,"footnotes":""},"categories":[1193,283,524],"tags":[],"class_list":["post-47618","post","type-post","status-publish","format-standard","has-post-thumbnail","hentry","category-bijelo-polje","category-novosti-me","category-vesti"],"acf":[],"yoast_head":"<!-- This site is optimized with the Yoast SEO plugin v27.3 - https:\/\/yoast.com\/product\/yoast-seo-wordpress\/ -->\n<title>Djevojke koje oblikuju budu\u0107nost: \u017dene u inovacijama i nauci - Europe House<\/title>\n<meta name=\"robots\" content=\"index, follow, max-snippet:-1, max-image-preview:large, max-video-preview:-1\" \/>\n<link rel=\"canonical\" href=\"https:\/\/www.evropskakuca.me\/me\/djevojke-koje-oblikuju-buducnost-zene-u-inovacijama-i-nauci\/\" \/>\n<meta property=\"og:locale\" content=\"en_US\" \/>\n<meta property=\"og:type\" content=\"article\" \/>\n<meta property=\"og:title\" content=\"Djevojke koje oblikuju budu\u0107nost: \u017dene u inovacijama i nauci - Europe House\" \/>\n<meta property=\"og:description\" content=\"U Evropskoj ku\u0107i Bijelo Polje obilje\u017een je Me\u0111unarodni dan \u017eena i djevojaka u nauci kroz panel diskusiju: \u201eDjevojke koje oblikuju budu\u0107nost: \u017dene u inovacijama i nauci\u201d Doga\u0111aj je bio posve\u0107en znanju, radoznalosti, hrabrosti i izborima koje djevojke i mlade \u017eene prave na svom putu ka nauci, tehnologiji i inovacijama. Kroz otvoren i inspirativan razgovor, panelistkinje [&hellip;]\" \/>\n<meta property=\"og:url\" content=\"https:\/\/www.evropskakuca.me\/me\/djevojke-koje-oblikuju-buducnost-zene-u-inovacijama-i-nauci\/\" \/>\n<meta property=\"og:site_name\" content=\"Europe House\" \/>\n<meta property=\"article:publisher\" content=\"https:\/\/www.facebook.com\/evropska.kuca\" \/>\n<meta property=\"article:published_time\" content=\"2026-02-12T08:53:00+00:00\" \/>\n<meta property=\"article:modified_time\" content=\"2026-02-12T09:00:56+00:00\" \/>\n<meta property=\"og:image\" content=\"https:\/\/www.evropskakuca.me\/wp-content\/uploads\/2026\/02\/1770813592665462-scaled.jpg\" \/>\n\t<meta property=\"og:image:width\" content=\"2560\" \/>\n\t<meta property=\"og:image:height\" content=\"1703\" \/>\n\t<meta property=\"og:image:type\" content=\"image\/jpeg\" \/>\n<meta name=\"author\" content=\"Aleksandar Vukovic\" \/>\n<meta name=\"twitter:card\" content=\"summary_large_image\" \/>\n<meta name=\"twitter:creator\" content=\"@evropska_kuca\" \/>\n<meta name=\"twitter:site\" content=\"@evropska_kuca\" \/>\n<meta name=\"twitter:label1\" content=\"Written by\" \/>\n\t<meta name=\"twitter:data1\" content=\"Aleksandar Vukovic\" \/>\n\t<meta name=\"twitter:label2\" content=\"Est. reading time\" \/>\n\t<meta name=\"twitter:data2\" content=\"4 minutes\" \/>\n<script type=\"application\/ld+json\" class=\"yoast-schema-graph\">{\"@context\":\"https:\\\/\\\/schema.org\",\"@graph\":[{\"@type\":\"Article\",\"@id\":\"https:\\\/\\\/www.evropskakuca.me\\\/me\\\/djevojke-koje-oblikuju-buducnost-zene-u-inovacijama-i-nauci\\\/#article\",\"isPartOf\":{\"@id\":\"https:\\\/\\\/www.evropskakuca.me\\\/me\\\/djevojke-koje-oblikuju-buducnost-zene-u-inovacijama-i-nauci\\\/\"},\"author\":{\"name\":\"Aleksandar Vukovic\",\"@id\":\"https:\\\/\\\/www.evropskakuca.me\\\/me\\\/#\\\/schema\\\/person\\\/7e16527119c7b67f457996b970f2bd6e\"},\"headline\":\"Djevojke koje oblikuju budu\u0107nost: \u017dene u inovacijama i nauci\",\"datePublished\":\"2026-02-12T08:53:00+00:00\",\"dateModified\":\"2026-02-12T09:00:56+00:00\",\"mainEntityOfPage\":{\"@id\":\"https:\\\/\\\/www.evropskakuca.me\\\/me\\\/djevojke-koje-oblikuju-buducnost-zene-u-inovacijama-i-nauci\\\/\"},\"wordCount\":618,\"publisher\":{\"@id\":\"https:\\\/\\\/www.evropskakuca.me\\\/me\\\/#organization\"},\"image\":{\"@id\":\"https:\\\/\\\/www.evropskakuca.me\\\/me\\\/djevojke-koje-oblikuju-buducnost-zene-u-inovacijama-i-nauci\\\/#primaryimage\"},\"thumbnailUrl\":\"https:\\\/\\\/www.evropskakuca.me\\\/wp-content\\\/uploads\\\/2026\\\/02\\\/1770813592665462-scaled.jpg\",\"articleSection\":[\"Bijelo Polje\",\"Novosti\",\"Vesti\"],\"inLanguage\":\"me-ME\"},{\"@type\":\"WebPage\",\"@id\":\"https:\\\/\\\/www.evropskakuca.me\\\/me\\\/djevojke-koje-oblikuju-buducnost-zene-u-inovacijama-i-nauci\\\/\",\"url\":\"https:\\\/\\\/www.evropskakuca.me\\\/me\\\/djevojke-koje-oblikuju-buducnost-zene-u-inovacijama-i-nauci\\\/\",\"name\":\"Djevojke koje oblikuju budu\u0107nost: \u017dene u inovacijama i nauci - Europe House\",\"isPartOf\":{\"@id\":\"https:\\\/\\\/www.evropskakuca.me\\\/me\\\/#website\"},\"primaryImageOfPage\":{\"@id\":\"https:\\\/\\\/www.evropskakuca.me\\\/me\\\/djevojke-koje-oblikuju-buducnost-zene-u-inovacijama-i-nauci\\\/#primaryimage\"},\"image\":{\"@id\":\"https:\\\/\\\/www.evropskakuca.me\\\/me\\\/djevojke-koje-oblikuju-buducnost-zene-u-inovacijama-i-nauci\\\/#primaryimage\"},\"thumbnailUrl\":\"https:\\\/\\\/www.evropskakuca.me\\\/wp-content\\\/uploads\\\/2026\\\/02\\\/1770813592665462-scaled.jpg\",\"datePublished\":\"2026-02-12T08:53:00+00:00\",\"dateModified\":\"2026-02-12T09:00:56+00:00\",\"breadcrumb\":{\"@id\":\"https:\\\/\\\/www.evropskakuca.me\\\/me\\\/djevojke-koje-oblikuju-buducnost-zene-u-inovacijama-i-nauci\\\/#breadcrumb\"},\"inLanguage\":\"me-ME\",\"potentialAction\":[{\"@type\":\"ReadAction\",\"target\":[\"https:\\\/\\\/www.evropskakuca.me\\\/me\\\/djevojke-koje-oblikuju-buducnost-zene-u-inovacijama-i-nauci\\\/\"]}]},{\"@type\":\"ImageObject\",\"inLanguage\":\"me-ME\",\"@id\":\"https:\\\/\\\/www.evropskakuca.me\\\/me\\\/djevojke-koje-oblikuju-buducnost-zene-u-inovacijama-i-nauci\\\/#primaryimage\",\"url\":\"https:\\\/\\\/www.evropskakuca.me\\\/wp-content\\\/uploads\\\/2026\\\/02\\\/1770813592665462-scaled.jpg\",\"contentUrl\":\"https:\\\/\\\/www.evropskakuca.me\\\/wp-content\\\/uploads\\\/2026\\\/02\\\/1770813592665462-scaled.jpg\",\"width\":2560,\"height\":1703},{\"@type\":\"BreadcrumbList\",\"@id\":\"https:\\\/\\\/www.evropskakuca.me\\\/me\\\/djevojke-koje-oblikuju-buducnost-zene-u-inovacijama-i-nauci\\\/#breadcrumb\",\"itemListElement\":[{\"@type\":\"ListItem\",\"position\":1,\"name\":\"Home\",\"item\":\"https:\\\/\\\/www.evropskakuca.me\\\/me\\\/\"},{\"@type\":\"ListItem\",\"position\":2,\"name\":\"Djevojke koje oblikuju budu\u0107nost: \u017dene u inovacijama i nauci\"}]},{\"@type\":\"WebSite\",\"@id\":\"https:\\\/\\\/www.evropskakuca.me\\\/me\\\/#website\",\"url\":\"https:\\\/\\\/www.evropskakuca.me\\\/me\\\/\",\"name\":\"Evropean house\",\"description\":\"\",\"publisher\":{\"@id\":\"https:\\\/\\\/www.evropskakuca.me\\\/me\\\/#organization\"},\"potentialAction\":[{\"@type\":\"SearchAction\",\"target\":{\"@type\":\"EntryPoint\",\"urlTemplate\":\"https:\\\/\\\/www.evropskakuca.me\\\/me\\\/?s={search_term_string}\"},\"query-input\":{\"@type\":\"PropertyValueSpecification\",\"valueRequired\":true,\"valueName\":\"search_term_string\"}}],\"inLanguage\":\"me-ME\"},{\"@type\":\"Organization\",\"@id\":\"https:\\\/\\\/www.evropskakuca.me\\\/me\\\/#organization\",\"name\":\"Evropean house\",\"url\":\"https:\\\/\\\/www.evropskakuca.me\\\/me\\\/\",\"logo\":{\"@type\":\"ImageObject\",\"inLanguage\":\"me-ME\",\"@id\":\"https:\\\/\\\/www.evropskakuca.me\\\/me\\\/#\\\/schema\\\/logo\\\/image\\\/\",\"url\":\"https:\\\/\\\/www.evropskakuca.me\\\/wp-content\\\/uploads\\\/2025\\\/01\\\/evropska-kuca-logo-1.png\",\"contentUrl\":\"https:\\\/\\\/www.evropskakuca.me\\\/wp-content\\\/uploads\\\/2025\\\/01\\\/evropska-kuca-logo-1.png\",\"width\":425,\"height\":312,\"caption\":\"Evropean house\"},\"image\":{\"@id\":\"https:\\\/\\\/www.evropskakuca.me\\\/me\\\/#\\\/schema\\\/logo\\\/image\\\/\"},\"sameAs\":[\"https:\\\/\\\/www.facebook.com\\\/evropska.kuca\",\"https:\\\/\\\/x.com\\\/evropska_kuca\",\"https:\\\/\\\/www.instagram.com\\\/evropska_kuca\"]},{\"@type\":\"Person\",\"@id\":\"https:\\\/\\\/www.evropskakuca.me\\\/me\\\/#\\\/schema\\\/person\\\/7e16527119c7b67f457996b970f2bd6e\",\"name\":\"Aleksandar Vukovic\",\"image\":{\"@type\":\"ImageObject\",\"inLanguage\":\"me-ME\",\"@id\":\"https:\\\/\\\/secure.gravatar.com\\\/avatar\\\/a1834e0104b0242a886079bde835ba36d80c70f9987a11f3ba33eb9e8d74cc15?s=96&d=mm&r=g\",\"url\":\"https:\\\/\\\/secure.gravatar.com\\\/avatar\\\/a1834e0104b0242a886079bde835ba36d80c70f9987a11f3ba33eb9e8d74cc15?s=96&d=mm&r=g\",\"contentUrl\":\"https:\\\/\\\/secure.gravatar.com\\\/avatar\\\/a1834e0104b0242a886079bde835ba36d80c70f9987a11f3ba33eb9e8d74cc15?s=96&d=mm&r=g\",\"caption\":\"Aleksandar Vukovic\"},\"url\":\"https:\\\/\\\/www.evropskakuca.me\\\/me\\\/author\\\/aleksandar\\\/\"}]}<\/script>\n<!-- \/ Yoast SEO plugin. -->","yoast_head_json":{"title":"Djevojke koje oblikuju budu\u0107nost: \u017dene u inovacijama i nauci - Europe House","robots":{"index":"index","follow":"follow","max-snippet":"max-snippet:-1","max-image-preview":"max-image-preview:large","max-video-preview":"max-video-preview:-1"},"canonical":"https:\/\/www.evropskakuca.me\/me\/djevojke-koje-oblikuju-buducnost-zene-u-inovacijama-i-nauci\/","og_locale":"en_US","og_type":"article","og_title":"Djevojke koje oblikuju budu\u0107nost: \u017dene u inovacijama i nauci - Europe House","og_description":"U Evropskoj ku\u0107i Bijelo Polje obilje\u017een je Me\u0111unarodni dan \u017eena i djevojaka u nauci kroz panel diskusiju: \u201eDjevojke koje oblikuju budu\u0107nost: \u017dene u inovacijama i nauci\u201d Doga\u0111aj je bio posve\u0107en znanju, radoznalosti, hrabrosti i izborima koje djevojke i mlade \u017eene prave na svom putu ka nauci, tehnologiji i inovacijama. Kroz otvoren i inspirativan razgovor, panelistkinje [&hellip;]","og_url":"https:\/\/www.evropskakuca.me\/me\/djevojke-koje-oblikuju-buducnost-zene-u-inovacijama-i-nauci\/","og_site_name":"Europe House","article_publisher":"https:\/\/www.facebook.com\/evropska.kuca","article_published_time":"2026-02-12T08:53:00+00:00","article_modified_time":"2026-02-12T09:00:56+00:00","og_image":[{"width":2560,"height":1703,"url":"https:\/\/www.evropskakuca.me\/wp-content\/uploads\/2026\/02\/1770813592665462-scaled.jpg","type":"image\/jpeg"}],"author":"Aleksandar Vukovic","twitter_card":"summary_large_image","twitter_creator":"@evropska_kuca","twitter_site":"@evropska_kuca","twitter_misc":{"Written by":"Aleksandar Vukovic","Est. reading time":"4 minutes"},"schema":{"@context":"https:\/\/schema.org","@graph":[{"@type":"Article","@id":"https:\/\/www.evropskakuca.me\/me\/djevojke-koje-oblikuju-buducnost-zene-u-inovacijama-i-nauci\/#article","isPartOf":{"@id":"https:\/\/www.evropskakuca.me\/me\/djevojke-koje-oblikuju-buducnost-zene-u-inovacijama-i-nauci\/"},"author":{"name":"Aleksandar Vukovic","@id":"https:\/\/www.evropskakuca.me\/me\/#\/schema\/person\/7e16527119c7b67f457996b970f2bd6e"},"headline":"Djevojke koje oblikuju budu\u0107nost: \u017dene u inovacijama i nauci","datePublished":"2026-02-12T08:53:00+00:00","dateModified":"2026-02-12T09:00:56+00:00","mainEntityOfPage":{"@id":"https:\/\/www.evropskakuca.me\/me\/djevojke-koje-oblikuju-buducnost-zene-u-inovacijama-i-nauci\/"},"wordCount":618,"publisher":{"@id":"https:\/\/www.evropskakuca.me\/me\/#organization"},"image":{"@id":"https:\/\/www.evropskakuca.me\/me\/djevojke-koje-oblikuju-buducnost-zene-u-inovacijama-i-nauci\/#primaryimage"},"thumbnailUrl":"https:\/\/www.evropskakuca.me\/wp-content\/uploads\/2026\/02\/1770813592665462-scaled.jpg","articleSection":["Bijelo Polje","Novosti","Vesti"],"inLanguage":"me-ME"},{"@type":"WebPage","@id":"https:\/\/www.evropskakuca.me\/me\/djevojke-koje-oblikuju-buducnost-zene-u-inovacijama-i-nauci\/","url":"https:\/\/www.evropskakuca.me\/me\/djevojke-koje-oblikuju-buducnost-zene-u-inovacijama-i-nauci\/","name":"Djevojke koje oblikuju budu\u0107nost: \u017dene u inovacijama i nauci - Europe House","isPartOf":{"@id":"https:\/\/www.evropskakuca.me\/me\/#website"},"primaryImageOfPage":{"@id":"https:\/\/www.evropskakuca.me\/me\/djevojke-koje-oblikuju-buducnost-zene-u-inovacijama-i-nauci\/#primaryimage"},"image":{"@id":"https:\/\/www.evropskakuca.me\/me\/djevojke-koje-oblikuju-buducnost-zene-u-inovacijama-i-nauci\/#primaryimage"},"thumbnailUrl":"https:\/\/www.evropskakuca.me\/wp-content\/uploads\/2026\/02\/1770813592665462-scaled.jpg","datePublished":"2026-02-12T08:53:00+00:00","dateModified":"2026-02-12T09:00:56+00:00","breadcrumb":{"@id":"https:\/\/www.evropskakuca.me\/me\/djevojke-koje-oblikuju-buducnost-zene-u-inovacijama-i-nauci\/#breadcrumb"},"inLanguage":"me-ME","potentialAction":[{"@type":"ReadAction","target":["https:\/\/www.evropskakuca.me\/me\/djevojke-koje-oblikuju-buducnost-zene-u-inovacijama-i-nauci\/"]}]},{"@type":"ImageObject","inLanguage":"me-ME","@id":"https:\/\/www.evropskakuca.me\/me\/djevojke-koje-oblikuju-buducnost-zene-u-inovacijama-i-nauci\/#primaryimage","url":"https:\/\/www.evropskakuca.me\/wp-content\/uploads\/2026\/02\/1770813592665462-scaled.jpg","contentUrl":"https:\/\/www.evropskakuca.me\/wp-content\/uploads\/2026\/02\/1770813592665462-scaled.jpg","width":2560,"height":1703},{"@type":"BreadcrumbList","@id":"https:\/\/www.evropskakuca.me\/me\/djevojke-koje-oblikuju-buducnost-zene-u-inovacijama-i-nauci\/#breadcrumb","itemListElement":[{"@type":"ListItem","position":1,"name":"Home","item":"https:\/\/www.evropskakuca.me\/me\/"},{"@type":"ListItem","position":2,"name":"Djevojke koje oblikuju budu\u0107nost: \u017dene u inovacijama i nauci"}]},{"@type":"WebSite","@id":"https:\/\/www.evropskakuca.me\/me\/#website","url":"https:\/\/www.evropskakuca.me\/me\/","name":"Evropean house","description":"","publisher":{"@id":"https:\/\/www.evropskakuca.me\/me\/#organization"},"potentialAction":[{"@type":"SearchAction","target":{"@type":"EntryPoint","urlTemplate":"https:\/\/www.evropskakuca.me\/me\/?s={search_term_string}"},"query-input":{"@type":"PropertyValueSpecification","valueRequired":true,"valueName":"search_term_string"}}],"inLanguage":"me-ME"},{"@type":"Organization","@id":"https:\/\/www.evropskakuca.me\/me\/#organization","name":"Evropean house","url":"https:\/\/www.evropskakuca.me\/me\/","logo":{"@type":"ImageObject","inLanguage":"me-ME","@id":"https:\/\/www.evropskakuca.me\/me\/#\/schema\/logo\/image\/","url":"https:\/\/www.evropskakuca.me\/wp-content\/uploads\/2025\/01\/evropska-kuca-logo-1.png","contentUrl":"https:\/\/www.evropskakuca.me\/wp-content\/uploads\/2025\/01\/evropska-kuca-logo-1.png","width":425,"height":312,"caption":"Evropean house"},"image":{"@id":"https:\/\/www.evropskakuca.me\/me\/#\/schema\/logo\/image\/"},"sameAs":["https:\/\/www.facebook.com\/evropska.kuca","https:\/\/x.com\/evropska_kuca","https:\/\/www.instagram.com\/evropska_kuca"]},{"@type":"Person","@id":"https:\/\/www.evropskakuca.me\/me\/#\/schema\/person\/7e16527119c7b67f457996b970f2bd6e","name":"Aleksandar Vukovic","image":{"@type":"ImageObject","inLanguage":"me-ME","@id":"https:\/\/secure.gravatar.com\/avatar\/a1834e0104b0242a886079bde835ba36d80c70f9987a11f3ba33eb9e8d74cc15?s=96&d=mm&r=g","url":"https:\/\/secure.gravatar.com\/avatar\/a1834e0104b0242a886079bde835ba36d80c70f9987a11f3ba33eb9e8d74cc15?s=96&d=mm&r=g","contentUrl":"https:\/\/secure.gravatar.com\/avatar\/a1834e0104b0242a886079bde835ba36d80c70f9987a11f3ba33eb9e8d74cc15?s=96&d=mm&r=g","caption":"Aleksandar Vukovic"},"url":"https:\/\/www.evropskakuca.me\/me\/author\/aleksandar\/"}]}},"_links":{"self":[{"href":"https:\/\/www.evropskakuca.me\/me\/wp-json\/wp\/v2\/posts\/47618","targetHints":{"allow":["GET"]}}],"collection":[{"href":"https:\/\/www.evropskakuca.me\/me\/wp-json\/wp\/v2\/posts"}],"about":[{"href":"https:\/\/www.evropskakuca.me\/me\/wp-json\/wp\/v2\/types\/post"}],"author":[{"embeddable":true,"href":"https:\/\/www.evropskakuca.me\/me\/wp-json\/wp\/v2\/users\/3"}],"replies":[{"embeddable":true,"href":"https:\/\/www.evropskakuca.me\/me\/wp-json\/wp\/v2\/comments?post=47618"}],"version-history":[{"count":2,"href":"https:\/\/www.evropskakuca.me\/me\/wp-json\/wp\/v2\/posts\/47618\/revisions"}],"predecessor-version":[{"id":47630,"href":"https:\/\/www.evropskakuca.me\/me\/wp-json\/wp\/v2\/posts\/47618\/revisions\/47630"}],"wp:featuredmedia":[{"embeddable":true,"href":"https:\/\/www.evropskakuca.me\/me\/wp-json\/wp\/v2\/media\/47619"}],"wp:attachment":[{"href":"https:\/\/www.evropskakuca.me\/me\/wp-json\/wp\/v2\/media?parent=47618"}],"wp:term":[{"taxonomy":"category","embeddable":true,"href":"https:\/\/www.evropskakuca.me\/me\/wp-json\/wp\/v2\/categories?post=47618"},{"taxonomy":"post_tag","embeddable":true,"href":"https:\/\/www.evropskakuca.me\/me\/wp-json\/wp\/v2\/tags?post=47618"}],"curies":[{"name":"wp","href":"https:\/\/api.w.org\/{rel}","templated":true}]}}