{"id":47607,"date":"2026-02-10T17:05:11","date_gmt":"2026-02-10T17:05:11","guid":{"rendered":"https:\/\/www.evropskakuca.me\/?p=47607"},"modified":"2026-02-10T17:06:04","modified_gmt":"2026-02-10T17:06:04","slug":"pokrenut-wifi4wb-besplatan-javni-wi-fi-u-24-opstine-crne-gore","status":"publish","type":"post","link":"https:\/\/www.evropskakuca.me\/me\/pokrenut-wifi4wb-besplatan-javni-wi-fi-u-24-opstine-crne-gore\/","title":{"rendered":"Pokrenut WiFi4WB: besplatan javni Wi-Fi u 24 op\u0161tine Crne Gore"},"content":{"rendered":"\n<p>Inicijativa&nbsp;<strong>WiFi4WB<\/strong>&nbsp;(WiFi za Zapadni Balkan) danas je zvani\u010dno pokrenuta u Crnoj Gori, \u010dime je zapo\u010dela implementacija besplatnih javnih Wi-Fi mre\u017ea u&nbsp;<strong>24 op\u0161tine \u0161irom zemlje<\/strong>. Ceremonija je odr\u017eana u Centru za kulturu u Danilovgradu, na jednoj od prvih instaliranih mre\u017ea, kao dio koordinisane serije doga\u0111aja povodom pokretanja inicijative \u0161irom Zapadnog Balkana.<\/p>\n\n\n\n<p>&nbsp;Inicijativa WiFi4WB dio je projekta&nbsp;<strong>EU4Digital<\/strong>, koji sufinansiraju&nbsp;<strong>Evropska unija i Vlada Savezne Republike Njema\u010dke<\/strong>, a implementira&nbsp;<strong>GIZ<\/strong>. Inspirisana programom&nbsp;<strong>WiFi4EU<\/strong>, koji je ve\u0107 omogu\u0107io besplatan pristup internetu u vi\u0161e od 7.000 zajednica \u0161irom Evrope, inicijativa \u0107e omogu\u0107iti gra\u0111anima i posjetiocima besplatan Wi-Fi u javnim prostorima, poput trgova, parkova, biblioteka, \u0161kola i kulturnih institucija \u0161irom Crne Gore i regiona.<\/p>\n\n\n\n<p>Telekomunikacioni operator&nbsp;<strong>One<\/strong>&nbsp;izabran je putem javnog tendera za implementaciju i odr\u017eavanje Wi-Fi infrastrukture, kao i za pru\u017eanje besplatne internet usluge na odabranim javnim lokacijama \u0161irom Crne Gore.<\/p>\n\n\n\n<p>Otvaraju\u0107i doga\u0111aj,&nbsp;<strong>predsjednik op\u0161tine Danilovgrad, Aleksandar Grgurovi\u0107,<\/strong>&nbsp;istakao je zna\u010daj digitalne povezanosti za lokalne zajednice, naglasiv\u0161i da ovimprojektom i uz podr\u0161ku evropskih partnera, Danilovgrad pravi jo\u0161 jedan konkretan korak ka unapre\u0111enju digitalne dostupnosti za gra\u0111ane i posjetioce.<\/p>\n\n\n\n<p>Ambasador Evropske unije u Crnoj Gori,&nbsp;<strong>Johan Satler<\/strong>, pozdravio je pokretanje inicijative WiFi4WB i njenu ulogu u okviru \u0161ireg&nbsp;<strong>Plana rasta EU za Zapadni Balkan<\/strong>:&nbsp;<em>\u201eZadovoljstvo mi je da u Danilovgradu pokrenemo regionalnu inicijativu WiFi4WB, a zatim i \u0161irom Crne Gore i Zapadnog Balkana, \u010dime Danilovgrad postaje prva op\u0161tina koja se pridru\u017euje mre\u017ei od vi\u0161e od 7.000 zajednica u kojima EU podr\u017eava besplatan javni Wi-Fi. Ovo je samo mali dio na\u0161eg Plana rasta za Zapadni Balkan, koji je pro\u0161le godine donio jeftine SEPA bankarske transfere, a ove godine \u0107e donijeti besplatan roaming sa Evropom. Na\u0161 cilj za Crnu Goru i region je \u0161to br\u017ee uklju\u010divanje u Jedinstveno tr\u017ei\u0161te i pribli\u017eavanje evropskom standardu \u017eivota, \u010dak i prije samog pristupanja.&#8221;<\/em><\/p>\n\n\n\n<p>Ambasador Savezne Republike Njema\u010dke u Crnoj Gori,&nbsp;<strong>Peter Felten<\/strong>, istakao je va\u017enost jednakog pristupa digitalnim uslugama za sve gra\u0111ane:&nbsp;<em>\u201eProgram WiFi4WB doprinosi socijalnoj uklju\u010denosti omogu\u0107avaju\u0107i besplatan pristup digitalnim uslugama svim gra\u0111anima.&#8221;<\/em>&nbsp;Felten je ujedno izrazio zadovoljstvo \u0161to njema\u010dki GIZ djeluje kao implementacioni partner Evropske unije i Vlade Njema\u010dke u okviru ove va\u017ene inicijative.&nbsp;<\/p>\n\n\n\n<figure class=\"wp-block-image size-large\"><img fetchpriority=\"high\" decoding=\"async\" width=\"1024\" height=\"682\" src=\"https:\/\/www.evropskakuca.me\/wp-content\/uploads\/2026\/02\/FRO_4793-1024x682.jpeg\" alt=\"\" class=\"wp-image-47610\" srcset=\"https:\/\/www.evropskakuca.me\/wp-content\/uploads\/2026\/02\/FRO_4793-1024x682.jpeg 1024w, https:\/\/www.evropskakuca.me\/wp-content\/uploads\/2026\/02\/FRO_4793-300x200.jpeg 300w, https:\/\/www.evropskakuca.me\/wp-content\/uploads\/2026\/02\/FRO_4793-768x512.jpeg 768w, https:\/\/www.evropskakuca.me\/wp-content\/uploads\/2026\/02\/FRO_4793.jpeg 1280w\" sizes=\"(max-width: 1024px) 100vw, 1024px\" \/><\/figure>\n\n\n\n<p>Predstavnici Vlade tako\u0111e su se obratili prisutnima, isti\u010du\u0107i uticaj inicijative na upravljanje, pru\u017eanje javnih usluga i uklju\u010denost gra\u0111ana. Ministarka evropskih poslova&nbsp;<strong>Maida Gor\u010devi\u0107<\/strong>&nbsp;naglasila je da se evropske integracije \u010desto do\u017eivljavaju kao apstraktan proces, ali da inicijative poput WiFi4WB pokazuju kako pristupanje EU donosi&nbsp;<strong>konkretne koristi gra\u0111anima i prije samog \u010dlanstva<\/strong>. Ministar javne uprave&nbsp;<strong>Marash Dukaj<\/strong>&nbsp;istakao je da su ulaganja u digitalizaciju i savremena tehnolo\u0161ka rje\u0161enja klju\u010dna za izgradnju efikasne, gra\u0111anima usmjerene javne uprave.<\/p>\n\n\n\n<p>Govore\u0107i u ime kompanije&nbsp;<strong>One<\/strong>, izvr\u0161ni direktor&nbsp;<strong>Branko Mitrovi\u0107<\/strong>&nbsp;izjavio je da je velika je \u010dast za kompaniju One da bude dio inicijative koja povezuje ljude i koja, uz podr\u0161ku Evropske unije i Vlade Njema\u010dke, pokazuje da je evropski put Crne Gore na pravom pravcu.<em>&nbsp;\u201e<\/em><em>Ovo je tek po\u010detak misije povezivanja kroz koju \u0107emo obuhvatiti 24 op\u0161tine \u0161irom zemlje, doprinose\u0107i osje\u0107aju crnogorskog naroda da ve\u0107 pripada Evropi i njegovoj sna\u017enoj \u017eelji da Crna Gora bude prva sljede\u0107a \u010dlanica evropske porodice&#8221;.<\/em><\/p>\n\n\n\n<p>Poseban trenutak doga\u0111aja bilo je potpisivanje&nbsp;<strong>Memoranduma o razumijevanju (MoU)<\/strong>&nbsp;izme\u0111u GIZ-a i Op\u0161tine Danilovgrad, kojim je formalizovana saradnja na instalaciji, radu i dugoro\u010dnom odr\u017eavanju WiFi4WB mre\u017ee. Predstavnici GIZ-a tom prilikom su istakli regionalni zna\u010daj inicijative i njen odr\u017eivi model implementacije.<\/p>\n\n\n\n<p>Inicijativa WiFi4WB ima za cilj unapre\u0111enje pristupa digitalnim uslugama, obrazovanju i javnim informacijama, uz podr\u0161ku malim biznisima, unapre\u0111enje iskustva posjetilaca i ja\u010danje lokalnog turizma. Obezbje\u0111ivanjem besplatnog i pouzdanog pristupa internetu u javnim prostorima, inicijativa doprinosi i socijalnoj uklju\u010denosti te poma\u017ee u smanjenju digitalnog jaza.<\/p>\n","protected":false},"excerpt":{"rendered":"<p>Inicijativa&nbsp;WiFi4WB&nbsp;(WiFi za Zapadni Balkan) danas je zvani\u010dno pokrenuta u Crnoj Gori, \u010dime je zapo\u010dela implementacija besplatnih javnih Wi-Fi mre\u017ea u&nbsp;24 op\u0161tine \u0161irom zemlje. Ceremonija je odr\u017eana u Centru za kulturu u Danilovgradu, na jednoj od prvih instaliranih mre\u017ea, kao dio koordinisane serije doga\u0111aja povodom pokretanja inicijative \u0161irom Zapadnog Balkana. &nbsp;Inicijativa WiFi4WB dio je projekta&nbsp;EU4Digital, koji [&hellip;]<\/p>\n","protected":false},"author":3,"featured_media":47608,"comment_status":"closed","ping_status":"closed","sticky":false,"template":"","format":"standard","meta":{"_acf_changed":false,"footnotes":""},"categories":[283,524],"tags":[],"class_list":["post-47607","post","type-post","status-publish","format-standard","has-post-thumbnail","hentry","category-novosti-me","category-vesti"],"acf":[],"yoast_head":"<!-- This site is optimized with the Yoast SEO plugin v27.3 - https:\/\/yoast.com\/product\/yoast-seo-wordpress\/ -->\n<title>Pokrenut WiFi4WB: besplatan javni Wi-Fi u 24 op\u0161tine Crne Gore - Europe House<\/title>\n<meta name=\"robots\" content=\"index, follow, max-snippet:-1, max-image-preview:large, max-video-preview:-1\" \/>\n<link rel=\"canonical\" href=\"https:\/\/www.evropskakuca.me\/me\/pokrenut-wifi4wb-besplatan-javni-wi-fi-u-24-opstine-crne-gore\/\" \/>\n<meta property=\"og:locale\" content=\"en_US\" \/>\n<meta property=\"og:type\" content=\"article\" \/>\n<meta property=\"og:title\" content=\"Pokrenut WiFi4WB: besplatan javni Wi-Fi u 24 op\u0161tine Crne Gore - Europe House\" \/>\n<meta property=\"og:description\" content=\"Inicijativa&nbsp;WiFi4WB&nbsp;(WiFi za Zapadni Balkan) danas je zvani\u010dno pokrenuta u Crnoj Gori, \u010dime je zapo\u010dela implementacija besplatnih javnih Wi-Fi mre\u017ea u&nbsp;24 op\u0161tine \u0161irom zemlje. Ceremonija je odr\u017eana u Centru za kulturu u Danilovgradu, na jednoj od prvih instaliranih mre\u017ea, kao dio koordinisane serije doga\u0111aja povodom pokretanja inicijative \u0161irom Zapadnog Balkana. &nbsp;Inicijativa WiFi4WB dio je projekta&nbsp;EU4Digital, koji [&hellip;]\" \/>\n<meta property=\"og:url\" content=\"https:\/\/www.evropskakuca.me\/me\/pokrenut-wifi4wb-besplatan-javni-wi-fi-u-24-opstine-crne-gore\/\" \/>\n<meta property=\"og:site_name\" content=\"Europe House\" \/>\n<meta property=\"article:publisher\" content=\"https:\/\/www.facebook.com\/evropska.kuca\" \/>\n<meta property=\"article:published_time\" content=\"2026-02-10T17:05:11+00:00\" \/>\n<meta property=\"article:modified_time\" content=\"2026-02-10T17:06:04+00:00\" \/>\n<meta property=\"og:image\" content=\"https:\/\/www.evropskakuca.me\/wp-content\/uploads\/2026\/02\/FRO_4734-e1770743154680.jpeg\" \/>\n\t<meta property=\"og:image:width\" content=\"1280\" \/>\n\t<meta property=\"og:image:height\" content=\"698\" \/>\n\t<meta property=\"og:image:type\" content=\"image\/jpeg\" \/>\n<meta name=\"author\" content=\"Aleksandar Vukovic\" \/>\n<meta name=\"twitter:card\" content=\"summary_large_image\" \/>\n<meta name=\"twitter:creator\" content=\"@evropska_kuca\" \/>\n<meta name=\"twitter:site\" content=\"@evropska_kuca\" \/>\n<meta name=\"twitter:label1\" content=\"Written by\" \/>\n\t<meta name=\"twitter:data1\" content=\"Aleksandar Vukovic\" \/>\n\t<meta name=\"twitter:label2\" content=\"Est. reading time\" \/>\n\t<meta name=\"twitter:data2\" content=\"3 minutes\" \/>\n<script type=\"application\/ld+json\" class=\"yoast-schema-graph\">{\"@context\":\"https:\\\/\\\/schema.org\",\"@graph\":[{\"@type\":\"Article\",\"@id\":\"https:\\\/\\\/www.evropskakuca.me\\\/me\\\/pokrenut-wifi4wb-besplatan-javni-wi-fi-u-24-opstine-crne-gore\\\/#article\",\"isPartOf\":{\"@id\":\"https:\\\/\\\/www.evropskakuca.me\\\/me\\\/pokrenut-wifi4wb-besplatan-javni-wi-fi-u-24-opstine-crne-gore\\\/\"},\"author\":{\"name\":\"Aleksandar Vukovic\",\"@id\":\"https:\\\/\\\/www.evropskakuca.me\\\/me\\\/#\\\/schema\\\/person\\\/7e16527119c7b67f457996b970f2bd6e\"},\"headline\":\"Pokrenut WiFi4WB: besplatan javni Wi-Fi u 24 op\u0161tine Crne Gore\",\"datePublished\":\"2026-02-10T17:05:11+00:00\",\"dateModified\":\"2026-02-10T17:06:04+00:00\",\"mainEntityOfPage\":{\"@id\":\"https:\\\/\\\/www.evropskakuca.me\\\/me\\\/pokrenut-wifi4wb-besplatan-javni-wi-fi-u-24-opstine-crne-gore\\\/\"},\"wordCount\":716,\"publisher\":{\"@id\":\"https:\\\/\\\/www.evropskakuca.me\\\/me\\\/#organization\"},\"image\":{\"@id\":\"https:\\\/\\\/www.evropskakuca.me\\\/me\\\/pokrenut-wifi4wb-besplatan-javni-wi-fi-u-24-opstine-crne-gore\\\/#primaryimage\"},\"thumbnailUrl\":\"https:\\\/\\\/www.evropskakuca.me\\\/wp-content\\\/uploads\\\/2026\\\/02\\\/FRO_4734-e1770743154680.jpeg\",\"articleSection\":[\"Novosti\",\"Vesti\"],\"inLanguage\":\"me-ME\"},{\"@type\":\"WebPage\",\"@id\":\"https:\\\/\\\/www.evropskakuca.me\\\/me\\\/pokrenut-wifi4wb-besplatan-javni-wi-fi-u-24-opstine-crne-gore\\\/\",\"url\":\"https:\\\/\\\/www.evropskakuca.me\\\/me\\\/pokrenut-wifi4wb-besplatan-javni-wi-fi-u-24-opstine-crne-gore\\\/\",\"name\":\"Pokrenut WiFi4WB: besplatan javni Wi-Fi u 24 op\u0161tine Crne Gore - Europe House\",\"isPartOf\":{\"@id\":\"https:\\\/\\\/www.evropskakuca.me\\\/me\\\/#website\"},\"primaryImageOfPage\":{\"@id\":\"https:\\\/\\\/www.evropskakuca.me\\\/me\\\/pokrenut-wifi4wb-besplatan-javni-wi-fi-u-24-opstine-crne-gore\\\/#primaryimage\"},\"image\":{\"@id\":\"https:\\\/\\\/www.evropskakuca.me\\\/me\\\/pokrenut-wifi4wb-besplatan-javni-wi-fi-u-24-opstine-crne-gore\\\/#primaryimage\"},\"thumbnailUrl\":\"https:\\\/\\\/www.evropskakuca.me\\\/wp-content\\\/uploads\\\/2026\\\/02\\\/FRO_4734-e1770743154680.jpeg\",\"datePublished\":\"2026-02-10T17:05:11+00:00\",\"dateModified\":\"2026-02-10T17:06:04+00:00\",\"breadcrumb\":{\"@id\":\"https:\\\/\\\/www.evropskakuca.me\\\/me\\\/pokrenut-wifi4wb-besplatan-javni-wi-fi-u-24-opstine-crne-gore\\\/#breadcrumb\"},\"inLanguage\":\"me-ME\",\"potentialAction\":[{\"@type\":\"ReadAction\",\"target\":[\"https:\\\/\\\/www.evropskakuca.me\\\/me\\\/pokrenut-wifi4wb-besplatan-javni-wi-fi-u-24-opstine-crne-gore\\\/\"]}]},{\"@type\":\"ImageObject\",\"inLanguage\":\"me-ME\",\"@id\":\"https:\\\/\\\/www.evropskakuca.me\\\/me\\\/pokrenut-wifi4wb-besplatan-javni-wi-fi-u-24-opstine-crne-gore\\\/#primaryimage\",\"url\":\"https:\\\/\\\/www.evropskakuca.me\\\/wp-content\\\/uploads\\\/2026\\\/02\\\/FRO_4734-e1770743154680.jpeg\",\"contentUrl\":\"https:\\\/\\\/www.evropskakuca.me\\\/wp-content\\\/uploads\\\/2026\\\/02\\\/FRO_4734-e1770743154680.jpeg\",\"width\":1280,\"height\":698},{\"@type\":\"BreadcrumbList\",\"@id\":\"https:\\\/\\\/www.evropskakuca.me\\\/me\\\/pokrenut-wifi4wb-besplatan-javni-wi-fi-u-24-opstine-crne-gore\\\/#breadcrumb\",\"itemListElement\":[{\"@type\":\"ListItem\",\"position\":1,\"name\":\"Home\",\"item\":\"https:\\\/\\\/www.evropskakuca.me\\\/me\\\/\"},{\"@type\":\"ListItem\",\"position\":2,\"name\":\"Pokrenut WiFi4WB: besplatan javni Wi-Fi u 24 op\u0161tine Crne Gore\"}]},{\"@type\":\"WebSite\",\"@id\":\"https:\\\/\\\/www.evropskakuca.me\\\/me\\\/#website\",\"url\":\"https:\\\/\\\/www.evropskakuca.me\\\/me\\\/\",\"name\":\"Evropean house\",\"description\":\"\",\"publisher\":{\"@id\":\"https:\\\/\\\/www.evropskakuca.me\\\/me\\\/#organization\"},\"potentialAction\":[{\"@type\":\"SearchAction\",\"target\":{\"@type\":\"EntryPoint\",\"urlTemplate\":\"https:\\\/\\\/www.evropskakuca.me\\\/me\\\/?s={search_term_string}\"},\"query-input\":{\"@type\":\"PropertyValueSpecification\",\"valueRequired\":true,\"valueName\":\"search_term_string\"}}],\"inLanguage\":\"me-ME\"},{\"@type\":\"Organization\",\"@id\":\"https:\\\/\\\/www.evropskakuca.me\\\/me\\\/#organization\",\"name\":\"Evropean house\",\"url\":\"https:\\\/\\\/www.evropskakuca.me\\\/me\\\/\",\"logo\":{\"@type\":\"ImageObject\",\"inLanguage\":\"me-ME\",\"@id\":\"https:\\\/\\\/www.evropskakuca.me\\\/me\\\/#\\\/schema\\\/logo\\\/image\\\/\",\"url\":\"https:\\\/\\\/www.evropskakuca.me\\\/wp-content\\\/uploads\\\/2025\\\/01\\\/evropska-kuca-logo-1.png\",\"contentUrl\":\"https:\\\/\\\/www.evropskakuca.me\\\/wp-content\\\/uploads\\\/2025\\\/01\\\/evropska-kuca-logo-1.png\",\"width\":425,\"height\":312,\"caption\":\"Evropean house\"},\"image\":{\"@id\":\"https:\\\/\\\/www.evropskakuca.me\\\/me\\\/#\\\/schema\\\/logo\\\/image\\\/\"},\"sameAs\":[\"https:\\\/\\\/www.facebook.com\\\/evropska.kuca\",\"https:\\\/\\\/x.com\\\/evropska_kuca\",\"https:\\\/\\\/www.instagram.com\\\/evropska_kuca\"]},{\"@type\":\"Person\",\"@id\":\"https:\\\/\\\/www.evropskakuca.me\\\/me\\\/#\\\/schema\\\/person\\\/7e16527119c7b67f457996b970f2bd6e\",\"name\":\"Aleksandar Vukovic\",\"image\":{\"@type\":\"ImageObject\",\"inLanguage\":\"me-ME\",\"@id\":\"https:\\\/\\\/secure.gravatar.com\\\/avatar\\\/a1834e0104b0242a886079bde835ba36d80c70f9987a11f3ba33eb9e8d74cc15?s=96&d=mm&r=g\",\"url\":\"https:\\\/\\\/secure.gravatar.com\\\/avatar\\\/a1834e0104b0242a886079bde835ba36d80c70f9987a11f3ba33eb9e8d74cc15?s=96&d=mm&r=g\",\"contentUrl\":\"https:\\\/\\\/secure.gravatar.com\\\/avatar\\\/a1834e0104b0242a886079bde835ba36d80c70f9987a11f3ba33eb9e8d74cc15?s=96&d=mm&r=g\",\"caption\":\"Aleksandar Vukovic\"},\"url\":\"https:\\\/\\\/www.evropskakuca.me\\\/me\\\/author\\\/aleksandar\\\/\"}]}<\/script>\n<!-- \/ Yoast SEO plugin. -->","yoast_head_json":{"title":"Pokrenut WiFi4WB: besplatan javni Wi-Fi u 24 op\u0161tine Crne Gore - Europe House","robots":{"index":"index","follow":"follow","max-snippet":"max-snippet:-1","max-image-preview":"max-image-preview:large","max-video-preview":"max-video-preview:-1"},"canonical":"https:\/\/www.evropskakuca.me\/me\/pokrenut-wifi4wb-besplatan-javni-wi-fi-u-24-opstine-crne-gore\/","og_locale":"en_US","og_type":"article","og_title":"Pokrenut WiFi4WB: besplatan javni Wi-Fi u 24 op\u0161tine Crne Gore - Europe House","og_description":"Inicijativa&nbsp;WiFi4WB&nbsp;(WiFi za Zapadni Balkan) danas je zvani\u010dno pokrenuta u Crnoj Gori, \u010dime je zapo\u010dela implementacija besplatnih javnih Wi-Fi mre\u017ea u&nbsp;24 op\u0161tine \u0161irom zemlje. Ceremonija je odr\u017eana u Centru za kulturu u Danilovgradu, na jednoj od prvih instaliranih mre\u017ea, kao dio koordinisane serije doga\u0111aja povodom pokretanja inicijative \u0161irom Zapadnog Balkana. &nbsp;Inicijativa WiFi4WB dio je projekta&nbsp;EU4Digital, koji [&hellip;]","og_url":"https:\/\/www.evropskakuca.me\/me\/pokrenut-wifi4wb-besplatan-javni-wi-fi-u-24-opstine-crne-gore\/","og_site_name":"Europe House","article_publisher":"https:\/\/www.facebook.com\/evropska.kuca","article_published_time":"2026-02-10T17:05:11+00:00","article_modified_time":"2026-02-10T17:06:04+00:00","og_image":[{"width":1280,"height":698,"url":"https:\/\/www.evropskakuca.me\/wp-content\/uploads\/2026\/02\/FRO_4734-e1770743154680.jpeg","type":"image\/jpeg"}],"author":"Aleksandar Vukovic","twitter_card":"summary_large_image","twitter_creator":"@evropska_kuca","twitter_site":"@evropska_kuca","twitter_misc":{"Written by":"Aleksandar Vukovic","Est. reading time":"3 minutes"},"schema":{"@context":"https:\/\/schema.org","@graph":[{"@type":"Article","@id":"https:\/\/www.evropskakuca.me\/me\/pokrenut-wifi4wb-besplatan-javni-wi-fi-u-24-opstine-crne-gore\/#article","isPartOf":{"@id":"https:\/\/www.evropskakuca.me\/me\/pokrenut-wifi4wb-besplatan-javni-wi-fi-u-24-opstine-crne-gore\/"},"author":{"name":"Aleksandar Vukovic","@id":"https:\/\/www.evropskakuca.me\/me\/#\/schema\/person\/7e16527119c7b67f457996b970f2bd6e"},"headline":"Pokrenut WiFi4WB: besplatan javni Wi-Fi u 24 op\u0161tine Crne Gore","datePublished":"2026-02-10T17:05:11+00:00","dateModified":"2026-02-10T17:06:04+00:00","mainEntityOfPage":{"@id":"https:\/\/www.evropskakuca.me\/me\/pokrenut-wifi4wb-besplatan-javni-wi-fi-u-24-opstine-crne-gore\/"},"wordCount":716,"publisher":{"@id":"https:\/\/www.evropskakuca.me\/me\/#organization"},"image":{"@id":"https:\/\/www.evropskakuca.me\/me\/pokrenut-wifi4wb-besplatan-javni-wi-fi-u-24-opstine-crne-gore\/#primaryimage"},"thumbnailUrl":"https:\/\/www.evropskakuca.me\/wp-content\/uploads\/2026\/02\/FRO_4734-e1770743154680.jpeg","articleSection":["Novosti","Vesti"],"inLanguage":"me-ME"},{"@type":"WebPage","@id":"https:\/\/www.evropskakuca.me\/me\/pokrenut-wifi4wb-besplatan-javni-wi-fi-u-24-opstine-crne-gore\/","url":"https:\/\/www.evropskakuca.me\/me\/pokrenut-wifi4wb-besplatan-javni-wi-fi-u-24-opstine-crne-gore\/","name":"Pokrenut WiFi4WB: besplatan javni Wi-Fi u 24 op\u0161tine Crne Gore - Europe House","isPartOf":{"@id":"https:\/\/www.evropskakuca.me\/me\/#website"},"primaryImageOfPage":{"@id":"https:\/\/www.evropskakuca.me\/me\/pokrenut-wifi4wb-besplatan-javni-wi-fi-u-24-opstine-crne-gore\/#primaryimage"},"image":{"@id":"https:\/\/www.evropskakuca.me\/me\/pokrenut-wifi4wb-besplatan-javni-wi-fi-u-24-opstine-crne-gore\/#primaryimage"},"thumbnailUrl":"https:\/\/www.evropskakuca.me\/wp-content\/uploads\/2026\/02\/FRO_4734-e1770743154680.jpeg","datePublished":"2026-02-10T17:05:11+00:00","dateModified":"2026-02-10T17:06:04+00:00","breadcrumb":{"@id":"https:\/\/www.evropskakuca.me\/me\/pokrenut-wifi4wb-besplatan-javni-wi-fi-u-24-opstine-crne-gore\/#breadcrumb"},"inLanguage":"me-ME","potentialAction":[{"@type":"ReadAction","target":["https:\/\/www.evropskakuca.me\/me\/pokrenut-wifi4wb-besplatan-javni-wi-fi-u-24-opstine-crne-gore\/"]}]},{"@type":"ImageObject","inLanguage":"me-ME","@id":"https:\/\/www.evropskakuca.me\/me\/pokrenut-wifi4wb-besplatan-javni-wi-fi-u-24-opstine-crne-gore\/#primaryimage","url":"https:\/\/www.evropskakuca.me\/wp-content\/uploads\/2026\/02\/FRO_4734-e1770743154680.jpeg","contentUrl":"https:\/\/www.evropskakuca.me\/wp-content\/uploads\/2026\/02\/FRO_4734-e1770743154680.jpeg","width":1280,"height":698},{"@type":"BreadcrumbList","@id":"https:\/\/www.evropskakuca.me\/me\/pokrenut-wifi4wb-besplatan-javni-wi-fi-u-24-opstine-crne-gore\/#breadcrumb","itemListElement":[{"@type":"ListItem","position":1,"name":"Home","item":"https:\/\/www.evropskakuca.me\/me\/"},{"@type":"ListItem","position":2,"name":"Pokrenut WiFi4WB: besplatan javni Wi-Fi u 24 op\u0161tine Crne Gore"}]},{"@type":"WebSite","@id":"https:\/\/www.evropskakuca.me\/me\/#website","url":"https:\/\/www.evropskakuca.me\/me\/","name":"Evropean house","description":"","publisher":{"@id":"https:\/\/www.evropskakuca.me\/me\/#organization"},"potentialAction":[{"@type":"SearchAction","target":{"@type":"EntryPoint","urlTemplate":"https:\/\/www.evropskakuca.me\/me\/?s={search_term_string}"},"query-input":{"@type":"PropertyValueSpecification","valueRequired":true,"valueName":"search_term_string"}}],"inLanguage":"me-ME"},{"@type":"Organization","@id":"https:\/\/www.evropskakuca.me\/me\/#organization","name":"Evropean house","url":"https:\/\/www.evropskakuca.me\/me\/","logo":{"@type":"ImageObject","inLanguage":"me-ME","@id":"https:\/\/www.evropskakuca.me\/me\/#\/schema\/logo\/image\/","url":"https:\/\/www.evropskakuca.me\/wp-content\/uploads\/2025\/01\/evropska-kuca-logo-1.png","contentUrl":"https:\/\/www.evropskakuca.me\/wp-content\/uploads\/2025\/01\/evropska-kuca-logo-1.png","width":425,"height":312,"caption":"Evropean house"},"image":{"@id":"https:\/\/www.evropskakuca.me\/me\/#\/schema\/logo\/image\/"},"sameAs":["https:\/\/www.facebook.com\/evropska.kuca","https:\/\/x.com\/evropska_kuca","https:\/\/www.instagram.com\/evropska_kuca"]},{"@type":"Person","@id":"https:\/\/www.evropskakuca.me\/me\/#\/schema\/person\/7e16527119c7b67f457996b970f2bd6e","name":"Aleksandar Vukovic","image":{"@type":"ImageObject","inLanguage":"me-ME","@id":"https:\/\/secure.gravatar.com\/avatar\/a1834e0104b0242a886079bde835ba36d80c70f9987a11f3ba33eb9e8d74cc15?s=96&d=mm&r=g","url":"https:\/\/secure.gravatar.com\/avatar\/a1834e0104b0242a886079bde835ba36d80c70f9987a11f3ba33eb9e8d74cc15?s=96&d=mm&r=g","contentUrl":"https:\/\/secure.gravatar.com\/avatar\/a1834e0104b0242a886079bde835ba36d80c70f9987a11f3ba33eb9e8d74cc15?s=96&d=mm&r=g","caption":"Aleksandar Vukovic"},"url":"https:\/\/www.evropskakuca.me\/me\/author\/aleksandar\/"}]}},"_links":{"self":[{"href":"https:\/\/www.evropskakuca.me\/me\/wp-json\/wp\/v2\/posts\/47607","targetHints":{"allow":["GET"]}}],"collection":[{"href":"https:\/\/www.evropskakuca.me\/me\/wp-json\/wp\/v2\/posts"}],"about":[{"href":"https:\/\/www.evropskakuca.me\/me\/wp-json\/wp\/v2\/types\/post"}],"author":[{"embeddable":true,"href":"https:\/\/www.evropskakuca.me\/me\/wp-json\/wp\/v2\/users\/3"}],"replies":[{"embeddable":true,"href":"https:\/\/www.evropskakuca.me\/me\/wp-json\/wp\/v2\/comments?post=47607"}],"version-history":[{"count":1,"href":"https:\/\/www.evropskakuca.me\/me\/wp-json\/wp\/v2\/posts\/47607\/revisions"}],"predecessor-version":[{"id":47612,"href":"https:\/\/www.evropskakuca.me\/me\/wp-json\/wp\/v2\/posts\/47607\/revisions\/47612"}],"wp:featuredmedia":[{"embeddable":true,"href":"https:\/\/www.evropskakuca.me\/me\/wp-json\/wp\/v2\/media\/47608"}],"wp:attachment":[{"href":"https:\/\/www.evropskakuca.me\/me\/wp-json\/wp\/v2\/media?parent=47607"}],"wp:term":[{"taxonomy":"category","embeddable":true,"href":"https:\/\/www.evropskakuca.me\/me\/wp-json\/wp\/v2\/categories?post=47607"},{"taxonomy":"post_tag","embeddable":true,"href":"https:\/\/www.evropskakuca.me\/me\/wp-json\/wp\/v2\/tags?post=47607"}],"curies":[{"name":"wp","href":"https:\/\/api.w.org\/{rel}","templated":true}]}}