{"id":47565,"date":"2026-02-05T13:25:22","date_gmt":"2026-02-05T13:25:22","guid":{"rendered":"https:\/\/www.evropskakuca.me\/?p=47565"},"modified":"2026-02-05T13:25:25","modified_gmt":"2026-02-05T13:25:25","slug":"u-evropskoj-kuci-predstavljen-program-garancija-za-mlade","status":"publish","type":"post","link":"https:\/\/www.evropskakuca.me\/me\/u-evropskoj-kuci-predstavljen-program-garancija-za-mlade\/","title":{"rendered":"U Evropskoj ku\u0107i predstavljen program ,,Garancija za mlade\u201d"},"content":{"rendered":"\n<p>Program ,,Garancija za mlade&#8221; predstavljen je u Evropskoj ku\u0107i, u organizaciji Ministarstava sporta i mladih, Ministarstva rada, zapo\u0161ljavanja i socijalnog dijaloga, Zavoda za zapo\u0161ljavanje i lokalne uprave.<\/p>\n\n\n\n<p>U okviru sastanka predstavljeni su modeli kako uspostaviti saradnju izme\u0111u partnera, a sve u cilju edukacije mladih, njihovog zapo\u0161ljavanja na sjeveru kao i spre\u010davanja njihovog raseljavanja, koje je evidentno kako na sjeveru tako i na jugu.<\/p>\n\n\n\n<p>Generalni direktor Direktorata za mlade i saradnju sa NVO u Ministarstvu sporta i mladih <strong>Darko Stojanovi\u0107<\/strong>, kazao je da je za projekat va\u017ena saradnja sa lokalnom upravom i drugim parnerima, jer se ti\u010de opstanka mladih na sjeveru zemlje.<\/p>\n\n\n\n<p>Predstavnik Op\u0161tine Bijelo Polje, <strong>Milo\u0161 Kljajevi\u0107,<\/strong> kazao je da je &#8220;Garancija za mlade&#8221; inicijativa koja ima jasan cilj: da svaka osoba mla\u0111a od 30 godina, u roku od \u010detiri mjeseca nakon zavr\u0161etka \u0161kole, dobije ponudu za posao, dodatno obrazovanje, pripravni\u010dki sta\u017e ili kvalitetnu obuku.<br>,,To nije i ne mo\u017ee biti luksuz, privilegija, ve\u0107 mora postati stvarnost za Crnu Goru i za na\u0161e Bijelo Polje, jer je to pitanje od kojeg zavisi zadr\u017eavanje mladih, ekonomski razvoj, demografska stabilnost i dugoro\u010dna odr\u017eivost na\u0161eg grada. Bijelo Polje ima potencijal: obrazovane mlade ljude, sna\u017ean kulturni identitet, prirodne resurse i sve ve\u0107u preduzetni\u010dku energiju. Na nama je da taj potencijal aktiviramo\u201d, naveo je Kljajevi\u0107.<\/p>\n\n\n\n<figure class=\"wp-block-image size-large\"><img fetchpriority=\"high\" decoding=\"async\" width=\"1024\" height=\"768\" src=\"https:\/\/www.evropskakuca.me\/wp-content\/uploads\/2026\/02\/BWUWfxIb6V3IjOpRb7B5xoX8mStEPrEwnJr3pDqm-1024x768.jpg\" alt=\"\" class=\"wp-image-47568\" srcset=\"https:\/\/www.evropskakuca.me\/wp-content\/uploads\/2026\/02\/BWUWfxIb6V3IjOpRb7B5xoX8mStEPrEwnJr3pDqm-1024x768.jpg 1024w, https:\/\/www.evropskakuca.me\/wp-content\/uploads\/2026\/02\/BWUWfxIb6V3IjOpRb7B5xoX8mStEPrEwnJr3pDqm-300x225.jpg 300w, https:\/\/www.evropskakuca.me\/wp-content\/uploads\/2026\/02\/BWUWfxIb6V3IjOpRb7B5xoX8mStEPrEwnJr3pDqm-768x576.jpg 768w, https:\/\/www.evropskakuca.me\/wp-content\/uploads\/2026\/02\/BWUWfxIb6V3IjOpRb7B5xoX8mStEPrEwnJr3pDqm-1536x1152.jpg 1536w, https:\/\/www.evropskakuca.me\/wp-content\/uploads\/2026\/02\/BWUWfxIb6V3IjOpRb7B5xoX8mStEPrEwnJr3pDqm-2048x1536.jpg 2048w\" sizes=\"(max-width: 1024px) 100vw, 1024px\" \/><\/figure>\n\n\n\n<p>Zamjenik nacionalnog koordinatora programa u ime Ministarstva rada, zapo\u0161ljavanja i socijalnog dijaloga <strong>Ivan Medenica<\/strong> je kazao da je \u201eGarancija za mlade\u201c bitan projekat za budu\u0107nost mladih, te da je to jedan od glavnih poku\u0161aja dr\u017eave Crne Gore da odgovori na problem odliva mozgova.<\/p>\n\n\n\n<p>\u201eDo po\u010detka 2027. godine u svih 25 op\u0161tina <strong>Garancija <\/strong>treba da postane aktivna i sprovodljiva. Trenutno radimo na ja\u010danju saradnje na lokalnom nivou, jer sve po\u010dinje sa lokalnog nivoa i lokalnih partnerstava. <strong>Garancija za mlade<\/strong> je sveobuhvatan program koji treba da obuhvate ponude op\u0161tina, lokalnih servisa za mlade, ZZZ, nevladinog sektora i svih servisa koje pru\u017eaju povoljnosti za obrazovanje, edukaciju i usavr\u0161avanje mladih ljudi\u201d, naveo je Medenica.<\/p>\n\n\n\n<p>Savjetnica u Birou rada Bijelo Polje, <strong>Jadranka Rakonjac<\/strong>, kazala je da Biro aktivno radi na realizaciji ovog programa, te da je tokom 2025. godine uspostavljena saradnja sa poslodavcima i nezaposlenim licima koji su u njihovoj evidenciji.<\/p>\n\n\n\n<p>,,Mi smo kroz na\u0161e aktivne politike i mjere zapo\u0161ljavanja uklju\u010dili oko 120 lica, a preko 200 lica je zapo\u0161ljeno preko ovog programa. Istakla bih, da smo nai\u0161li i na neke pote\u0161ko\u0107e koje se ti\u010du odustajanja nekih lica koja su bila uklju\u010dena, pa mo\u017eda treba razmi\u0161ljati u tom pravcu, da se tokom ove godine formira neki vid podr\u0161ke da do toga vi\u0161e ne dolazi. <strong>Garancija za mlade<\/strong> je veoma va\u017ena, a poseban izazov i zadatak nam je da za Bijelo Polje uradimo mnogo toga, jer smo svjesni da mladi napu\u0161taju na\u0161 grad\u201d, pojasnila je Rakonjac.<\/p>\n\n\n\n<figure class=\"wp-block-image size-large\"><img decoding=\"async\" width=\"1024\" height=\"768\" src=\"https:\/\/www.evropskakuca.me\/wp-content\/uploads\/2026\/02\/Es8mfyztjqkrcViJiMqQ63FQBQr9ici1SkQrK9a2-1024x768.jpg\" alt=\"\" class=\"wp-image-47570\" srcset=\"https:\/\/www.evropskakuca.me\/wp-content\/uploads\/2026\/02\/Es8mfyztjqkrcViJiMqQ63FQBQr9ici1SkQrK9a2-1024x768.jpg 1024w, https:\/\/www.evropskakuca.me\/wp-content\/uploads\/2026\/02\/Es8mfyztjqkrcViJiMqQ63FQBQr9ici1SkQrK9a2-300x225.jpg 300w, https:\/\/www.evropskakuca.me\/wp-content\/uploads\/2026\/02\/Es8mfyztjqkrcViJiMqQ63FQBQr9ici1SkQrK9a2-768x576.jpg 768w, https:\/\/www.evropskakuca.me\/wp-content\/uploads\/2026\/02\/Es8mfyztjqkrcViJiMqQ63FQBQr9ici1SkQrK9a2-1536x1152.jpg 1536w, https:\/\/www.evropskakuca.me\/wp-content\/uploads\/2026\/02\/Es8mfyztjqkrcViJiMqQ63FQBQr9ici1SkQrK9a2.jpg 1600w\" sizes=\"(max-width: 1024px) 100vw, 1024px\" \/><\/figure>\n\n\n\n<p><strong>Branko Ste\u0161evi\u0107 <\/strong>iz Ministarstva sporta i mladih kazao je na dana\u0161njem sastanku da je potrebno do\u0107i do ljudi koji mo\u017eda nemaju pristup internetu.<\/p>\n\n\n\n<p>,,Ministarstvo mora da do\u0111e do lica, do kojih se obi\u010dnim putevima te\u0161ko mo\u017ee do\u0107i. Omladinski ili terenski rad je jedan od na\u010dina informisanja te grupe ljudi, moramo imati ljude na terenu koji populaciji obja\u0161njavati za\u0161to je bitno da do\u0111u do Biroa rada, za\u0161to je bitno da se prijave za program <strong>Garancija za mlade<\/strong> i za\u0161to da se vrate u sistem. Problem je kompleksan, a ovdje smo da bi do\u0161li do dogovora, da na\u0111emo najbolji na\u010din\u201d, dodao je Ste\u0161evi\u0107 i napomenuo da je saradnja sa Op\u0161tinom Bijelo Polje uvijek bila dobra.<\/p>\n\n\n\n<p>Autorka: Eldina Be\u0107irovi\u0107<\/p>\n\n\n\n<p>Izvor teksta: Radio Bijelo Polje<\/p>\n\n\n\n<p>Fotografije: Dalibor Rako\u010devi\u0107<\/p>\n","protected":false},"excerpt":{"rendered":"<p>Program ,,Garancija za mlade&#8221; predstavljen je u Evropskoj ku\u0107i, u organizaciji Ministarstava sporta i mladih, Ministarstva rada, zapo\u0161ljavanja i socijalnog dijaloga, Zavoda za zapo\u0161ljavanje i lokalne uprave. U okviru sastanka predstavljeni su modeli kako uspostaviti saradnju izme\u0111u partnera, a sve u cilju edukacije mladih, njihovog zapo\u0161ljavanja na sjeveru kao i spre\u010davanja njihovog raseljavanja, koje je [&hellip;]<\/p>\n","protected":false},"author":3,"featured_media":47566,"comment_status":"closed","ping_status":"closed","sticky":false,"template":"","format":"standard","meta":{"_acf_changed":false,"footnotes":""},"categories":[1193,283,524],"tags":[],"class_list":["post-47565","post","type-post","status-publish","format-standard","has-post-thumbnail","hentry","category-bijelo-polje","category-novosti-me","category-vesti"],"acf":[],"yoast_head":"<!-- This site is optimized with the Yoast SEO plugin v27.3 - https:\/\/yoast.com\/product\/yoast-seo-wordpress\/ -->\n<title>U Evropskoj ku\u0107i predstavljen program ,,Garancija za mlade\u201d - Europe House<\/title>\n<meta name=\"robots\" content=\"index, follow, max-snippet:-1, max-image-preview:large, max-video-preview:-1\" \/>\n<link rel=\"canonical\" href=\"https:\/\/www.evropskakuca.me\/me\/u-evropskoj-kuci-predstavljen-program-garancija-za-mlade\/\" \/>\n<meta property=\"og:locale\" content=\"en_US\" \/>\n<meta property=\"og:type\" content=\"article\" \/>\n<meta property=\"og:title\" content=\"U Evropskoj ku\u0107i predstavljen program ,,Garancija za mlade\u201d - Europe House\" \/>\n<meta property=\"og:description\" content=\"Program ,,Garancija za mlade&#8221; predstavljen je u Evropskoj ku\u0107i, u organizaciji Ministarstava sporta i mladih, Ministarstva rada, zapo\u0161ljavanja i socijalnog dijaloga, Zavoda za zapo\u0161ljavanje i lokalne uprave. U okviru sastanka predstavljeni su modeli kako uspostaviti saradnju izme\u0111u partnera, a sve u cilju edukacije mladih, njihovog zapo\u0161ljavanja na sjeveru kao i spre\u010davanja njihovog raseljavanja, koje je [&hellip;]\" \/>\n<meta property=\"og:url\" content=\"https:\/\/www.evropskakuca.me\/me\/u-evropskoj-kuci-predstavljen-program-garancija-za-mlade\/\" \/>\n<meta property=\"og:site_name\" content=\"Europe House\" \/>\n<meta property=\"article:publisher\" content=\"https:\/\/www.facebook.com\/evropska.kuca\" \/>\n<meta property=\"article:published_time\" content=\"2026-02-05T13:25:22+00:00\" \/>\n<meta property=\"article:modified_time\" content=\"2026-02-05T13:25:25+00:00\" \/>\n<meta name=\"author\" content=\"Aleksandar Vukovic\" \/>\n<meta name=\"twitter:card\" content=\"summary_large_image\" \/>\n<meta name=\"twitter:creator\" content=\"@evropska_kuca\" \/>\n<meta name=\"twitter:site\" content=\"@evropska_kuca\" \/>\n<meta name=\"twitter:label1\" content=\"Written by\" \/>\n\t<meta name=\"twitter:data1\" content=\"Aleksandar Vukovic\" \/>\n\t<meta name=\"twitter:label2\" content=\"Est. reading time\" \/>\n\t<meta name=\"twitter:data2\" content=\"4 minutes\" \/>\n<script type=\"application\/ld+json\" class=\"yoast-schema-graph\">{\"@context\":\"https:\\\/\\\/schema.org\",\"@graph\":[{\"@type\":\"Article\",\"@id\":\"https:\\\/\\\/www.evropskakuca.me\\\/me\\\/u-evropskoj-kuci-predstavljen-program-garancija-za-mlade\\\/#article\",\"isPartOf\":{\"@id\":\"https:\\\/\\\/www.evropskakuca.me\\\/me\\\/u-evropskoj-kuci-predstavljen-program-garancija-za-mlade\\\/\"},\"author\":{\"name\":\"Aleksandar Vukovic\",\"@id\":\"https:\\\/\\\/www.evropskakuca.me\\\/me\\\/#\\\/schema\\\/person\\\/7e16527119c7b67f457996b970f2bd6e\"},\"headline\":\"U Evropskoj ku\u0107i predstavljen program ,,Garancija za mlade\u201d\",\"datePublished\":\"2026-02-05T13:25:22+00:00\",\"dateModified\":\"2026-02-05T13:25:25+00:00\",\"mainEntityOfPage\":{\"@id\":\"https:\\\/\\\/www.evropskakuca.me\\\/me\\\/u-evropskoj-kuci-predstavljen-program-garancija-za-mlade\\\/\"},\"wordCount\":646,\"publisher\":{\"@id\":\"https:\\\/\\\/www.evropskakuca.me\\\/me\\\/#organization\"},\"image\":{\"@id\":\"https:\\\/\\\/www.evropskakuca.me\\\/me\\\/u-evropskoj-kuci-predstavljen-program-garancija-za-mlade\\\/#primaryimage\"},\"thumbnailUrl\":\"https:\\\/\\\/www.evropskakuca.me\\\/wp-content\\\/uploads\\\/2026\\\/02\\\/01KGPTYZF2JRCQCRDZEGPW51WS.avif\",\"articleSection\":[\"Bijelo Polje\",\"Novosti\",\"Vesti\"],\"inLanguage\":\"me-ME\"},{\"@type\":\"WebPage\",\"@id\":\"https:\\\/\\\/www.evropskakuca.me\\\/me\\\/u-evropskoj-kuci-predstavljen-program-garancija-za-mlade\\\/\",\"url\":\"https:\\\/\\\/www.evropskakuca.me\\\/me\\\/u-evropskoj-kuci-predstavljen-program-garancija-za-mlade\\\/\",\"name\":\"U Evropskoj ku\u0107i predstavljen program ,,Garancija za mlade\u201d - Europe House\",\"isPartOf\":{\"@id\":\"https:\\\/\\\/www.evropskakuca.me\\\/me\\\/#website\"},\"primaryImageOfPage\":{\"@id\":\"https:\\\/\\\/www.evropskakuca.me\\\/me\\\/u-evropskoj-kuci-predstavljen-program-garancija-za-mlade\\\/#primaryimage\"},\"image\":{\"@id\":\"https:\\\/\\\/www.evropskakuca.me\\\/me\\\/u-evropskoj-kuci-predstavljen-program-garancija-za-mlade\\\/#primaryimage\"},\"thumbnailUrl\":\"https:\\\/\\\/www.evropskakuca.me\\\/wp-content\\\/uploads\\\/2026\\\/02\\\/01KGPTYZF2JRCQCRDZEGPW51WS.avif\",\"datePublished\":\"2026-02-05T13:25:22+00:00\",\"dateModified\":\"2026-02-05T13:25:25+00:00\",\"breadcrumb\":{\"@id\":\"https:\\\/\\\/www.evropskakuca.me\\\/me\\\/u-evropskoj-kuci-predstavljen-program-garancija-za-mlade\\\/#breadcrumb\"},\"inLanguage\":\"me-ME\",\"potentialAction\":[{\"@type\":\"ReadAction\",\"target\":[\"https:\\\/\\\/www.evropskakuca.me\\\/me\\\/u-evropskoj-kuci-predstavljen-program-garancija-za-mlade\\\/\"]}]},{\"@type\":\"ImageObject\",\"inLanguage\":\"me-ME\",\"@id\":\"https:\\\/\\\/www.evropskakuca.me\\\/me\\\/u-evropskoj-kuci-predstavljen-program-garancija-za-mlade\\\/#primaryimage\",\"url\":\"https:\\\/\\\/www.evropskakuca.me\\\/wp-content\\\/uploads\\\/2026\\\/02\\\/01KGPTYZF2JRCQCRDZEGPW51WS.avif\",\"contentUrl\":\"https:\\\/\\\/www.evropskakuca.me\\\/wp-content\\\/uploads\\\/2026\\\/02\\\/01KGPTYZF2JRCQCRDZEGPW51WS.avif\",\"width\":1200,\"height\":900},{\"@type\":\"BreadcrumbList\",\"@id\":\"https:\\\/\\\/www.evropskakuca.me\\\/me\\\/u-evropskoj-kuci-predstavljen-program-garancija-za-mlade\\\/#breadcrumb\",\"itemListElement\":[{\"@type\":\"ListItem\",\"position\":1,\"name\":\"Home\",\"item\":\"https:\\\/\\\/www.evropskakuca.me\\\/me\\\/\"},{\"@type\":\"ListItem\",\"position\":2,\"name\":\"U Evropskoj ku\u0107i predstavljen program ,,Garancija za mlade\u201d\"}]},{\"@type\":\"WebSite\",\"@id\":\"https:\\\/\\\/www.evropskakuca.me\\\/me\\\/#website\",\"url\":\"https:\\\/\\\/www.evropskakuca.me\\\/me\\\/\",\"name\":\"Evropean house\",\"description\":\"\",\"publisher\":{\"@id\":\"https:\\\/\\\/www.evropskakuca.me\\\/me\\\/#organization\"},\"potentialAction\":[{\"@type\":\"SearchAction\",\"target\":{\"@type\":\"EntryPoint\",\"urlTemplate\":\"https:\\\/\\\/www.evropskakuca.me\\\/me\\\/?s={search_term_string}\"},\"query-input\":{\"@type\":\"PropertyValueSpecification\",\"valueRequired\":true,\"valueName\":\"search_term_string\"}}],\"inLanguage\":\"me-ME\"},{\"@type\":\"Organization\",\"@id\":\"https:\\\/\\\/www.evropskakuca.me\\\/me\\\/#organization\",\"name\":\"Evropean house\",\"url\":\"https:\\\/\\\/www.evropskakuca.me\\\/me\\\/\",\"logo\":{\"@type\":\"ImageObject\",\"inLanguage\":\"me-ME\",\"@id\":\"https:\\\/\\\/www.evropskakuca.me\\\/me\\\/#\\\/schema\\\/logo\\\/image\\\/\",\"url\":\"https:\\\/\\\/www.evropskakuca.me\\\/wp-content\\\/uploads\\\/2025\\\/01\\\/evropska-kuca-logo-1.png\",\"contentUrl\":\"https:\\\/\\\/www.evropskakuca.me\\\/wp-content\\\/uploads\\\/2025\\\/01\\\/evropska-kuca-logo-1.png\",\"width\":425,\"height\":312,\"caption\":\"Evropean house\"},\"image\":{\"@id\":\"https:\\\/\\\/www.evropskakuca.me\\\/me\\\/#\\\/schema\\\/logo\\\/image\\\/\"},\"sameAs\":[\"https:\\\/\\\/www.facebook.com\\\/evropska.kuca\",\"https:\\\/\\\/x.com\\\/evropska_kuca\",\"https:\\\/\\\/www.instagram.com\\\/evropska_kuca\"]},{\"@type\":\"Person\",\"@id\":\"https:\\\/\\\/www.evropskakuca.me\\\/me\\\/#\\\/schema\\\/person\\\/7e16527119c7b67f457996b970f2bd6e\",\"name\":\"Aleksandar Vukovic\",\"image\":{\"@type\":\"ImageObject\",\"inLanguage\":\"me-ME\",\"@id\":\"https:\\\/\\\/secure.gravatar.com\\\/avatar\\\/a1834e0104b0242a886079bde835ba36d80c70f9987a11f3ba33eb9e8d74cc15?s=96&d=mm&r=g\",\"url\":\"https:\\\/\\\/secure.gravatar.com\\\/avatar\\\/a1834e0104b0242a886079bde835ba36d80c70f9987a11f3ba33eb9e8d74cc15?s=96&d=mm&r=g\",\"contentUrl\":\"https:\\\/\\\/secure.gravatar.com\\\/avatar\\\/a1834e0104b0242a886079bde835ba36d80c70f9987a11f3ba33eb9e8d74cc15?s=96&d=mm&r=g\",\"caption\":\"Aleksandar Vukovic\"},\"url\":\"https:\\\/\\\/www.evropskakuca.me\\\/me\\\/author\\\/aleksandar\\\/\"}]}<\/script>\n<!-- \/ Yoast SEO plugin. -->","yoast_head_json":{"title":"U Evropskoj ku\u0107i predstavljen program ,,Garancija za mlade\u201d - Europe House","robots":{"index":"index","follow":"follow","max-snippet":"max-snippet:-1","max-image-preview":"max-image-preview:large","max-video-preview":"max-video-preview:-1"},"canonical":"https:\/\/www.evropskakuca.me\/me\/u-evropskoj-kuci-predstavljen-program-garancija-za-mlade\/","og_locale":"en_US","og_type":"article","og_title":"U Evropskoj ku\u0107i predstavljen program ,,Garancija za mlade\u201d - Europe House","og_description":"Program ,,Garancija za mlade&#8221; predstavljen je u Evropskoj ku\u0107i, u organizaciji Ministarstava sporta i mladih, Ministarstva rada, zapo\u0161ljavanja i socijalnog dijaloga, Zavoda za zapo\u0161ljavanje i lokalne uprave. U okviru sastanka predstavljeni su modeli kako uspostaviti saradnju izme\u0111u partnera, a sve u cilju edukacije mladih, njihovog zapo\u0161ljavanja na sjeveru kao i spre\u010davanja njihovog raseljavanja, koje je [&hellip;]","og_url":"https:\/\/www.evropskakuca.me\/me\/u-evropskoj-kuci-predstavljen-program-garancija-za-mlade\/","og_site_name":"Europe House","article_publisher":"https:\/\/www.facebook.com\/evropska.kuca","article_published_time":"2026-02-05T13:25:22+00:00","article_modified_time":"2026-02-05T13:25:25+00:00","author":"Aleksandar Vukovic","twitter_card":"summary_large_image","twitter_creator":"@evropska_kuca","twitter_site":"@evropska_kuca","twitter_misc":{"Written by":"Aleksandar Vukovic","Est. reading time":"4 minutes"},"schema":{"@context":"https:\/\/schema.org","@graph":[{"@type":"Article","@id":"https:\/\/www.evropskakuca.me\/me\/u-evropskoj-kuci-predstavljen-program-garancija-za-mlade\/#article","isPartOf":{"@id":"https:\/\/www.evropskakuca.me\/me\/u-evropskoj-kuci-predstavljen-program-garancija-za-mlade\/"},"author":{"name":"Aleksandar Vukovic","@id":"https:\/\/www.evropskakuca.me\/me\/#\/schema\/person\/7e16527119c7b67f457996b970f2bd6e"},"headline":"U Evropskoj ku\u0107i predstavljen program ,,Garancija za mlade\u201d","datePublished":"2026-02-05T13:25:22+00:00","dateModified":"2026-02-05T13:25:25+00:00","mainEntityOfPage":{"@id":"https:\/\/www.evropskakuca.me\/me\/u-evropskoj-kuci-predstavljen-program-garancija-za-mlade\/"},"wordCount":646,"publisher":{"@id":"https:\/\/www.evropskakuca.me\/me\/#organization"},"image":{"@id":"https:\/\/www.evropskakuca.me\/me\/u-evropskoj-kuci-predstavljen-program-garancija-za-mlade\/#primaryimage"},"thumbnailUrl":"https:\/\/www.evropskakuca.me\/wp-content\/uploads\/2026\/02\/01KGPTYZF2JRCQCRDZEGPW51WS.avif","articleSection":["Bijelo Polje","Novosti","Vesti"],"inLanguage":"me-ME"},{"@type":"WebPage","@id":"https:\/\/www.evropskakuca.me\/me\/u-evropskoj-kuci-predstavljen-program-garancija-za-mlade\/","url":"https:\/\/www.evropskakuca.me\/me\/u-evropskoj-kuci-predstavljen-program-garancija-za-mlade\/","name":"U Evropskoj ku\u0107i predstavljen program ,,Garancija za mlade\u201d - Europe House","isPartOf":{"@id":"https:\/\/www.evropskakuca.me\/me\/#website"},"primaryImageOfPage":{"@id":"https:\/\/www.evropskakuca.me\/me\/u-evropskoj-kuci-predstavljen-program-garancija-za-mlade\/#primaryimage"},"image":{"@id":"https:\/\/www.evropskakuca.me\/me\/u-evropskoj-kuci-predstavljen-program-garancija-za-mlade\/#primaryimage"},"thumbnailUrl":"https:\/\/www.evropskakuca.me\/wp-content\/uploads\/2026\/02\/01KGPTYZF2JRCQCRDZEGPW51WS.avif","datePublished":"2026-02-05T13:25:22+00:00","dateModified":"2026-02-05T13:25:25+00:00","breadcrumb":{"@id":"https:\/\/www.evropskakuca.me\/me\/u-evropskoj-kuci-predstavljen-program-garancija-za-mlade\/#breadcrumb"},"inLanguage":"me-ME","potentialAction":[{"@type":"ReadAction","target":["https:\/\/www.evropskakuca.me\/me\/u-evropskoj-kuci-predstavljen-program-garancija-za-mlade\/"]}]},{"@type":"ImageObject","inLanguage":"me-ME","@id":"https:\/\/www.evropskakuca.me\/me\/u-evropskoj-kuci-predstavljen-program-garancija-za-mlade\/#primaryimage","url":"https:\/\/www.evropskakuca.me\/wp-content\/uploads\/2026\/02\/01KGPTYZF2JRCQCRDZEGPW51WS.avif","contentUrl":"https:\/\/www.evropskakuca.me\/wp-content\/uploads\/2026\/02\/01KGPTYZF2JRCQCRDZEGPW51WS.avif","width":1200,"height":900},{"@type":"BreadcrumbList","@id":"https:\/\/www.evropskakuca.me\/me\/u-evropskoj-kuci-predstavljen-program-garancija-za-mlade\/#breadcrumb","itemListElement":[{"@type":"ListItem","position":1,"name":"Home","item":"https:\/\/www.evropskakuca.me\/me\/"},{"@type":"ListItem","position":2,"name":"U Evropskoj ku\u0107i predstavljen program ,,Garancija za mlade\u201d"}]},{"@type":"WebSite","@id":"https:\/\/www.evropskakuca.me\/me\/#website","url":"https:\/\/www.evropskakuca.me\/me\/","name":"Evropean house","description":"","publisher":{"@id":"https:\/\/www.evropskakuca.me\/me\/#organization"},"potentialAction":[{"@type":"SearchAction","target":{"@type":"EntryPoint","urlTemplate":"https:\/\/www.evropskakuca.me\/me\/?s={search_term_string}"},"query-input":{"@type":"PropertyValueSpecification","valueRequired":true,"valueName":"search_term_string"}}],"inLanguage":"me-ME"},{"@type":"Organization","@id":"https:\/\/www.evropskakuca.me\/me\/#organization","name":"Evropean house","url":"https:\/\/www.evropskakuca.me\/me\/","logo":{"@type":"ImageObject","inLanguage":"me-ME","@id":"https:\/\/www.evropskakuca.me\/me\/#\/schema\/logo\/image\/","url":"https:\/\/www.evropskakuca.me\/wp-content\/uploads\/2025\/01\/evropska-kuca-logo-1.png","contentUrl":"https:\/\/www.evropskakuca.me\/wp-content\/uploads\/2025\/01\/evropska-kuca-logo-1.png","width":425,"height":312,"caption":"Evropean house"},"image":{"@id":"https:\/\/www.evropskakuca.me\/me\/#\/schema\/logo\/image\/"},"sameAs":["https:\/\/www.facebook.com\/evropska.kuca","https:\/\/x.com\/evropska_kuca","https:\/\/www.instagram.com\/evropska_kuca"]},{"@type":"Person","@id":"https:\/\/www.evropskakuca.me\/me\/#\/schema\/person\/7e16527119c7b67f457996b970f2bd6e","name":"Aleksandar Vukovic","image":{"@type":"ImageObject","inLanguage":"me-ME","@id":"https:\/\/secure.gravatar.com\/avatar\/a1834e0104b0242a886079bde835ba36d80c70f9987a11f3ba33eb9e8d74cc15?s=96&d=mm&r=g","url":"https:\/\/secure.gravatar.com\/avatar\/a1834e0104b0242a886079bde835ba36d80c70f9987a11f3ba33eb9e8d74cc15?s=96&d=mm&r=g","contentUrl":"https:\/\/secure.gravatar.com\/avatar\/a1834e0104b0242a886079bde835ba36d80c70f9987a11f3ba33eb9e8d74cc15?s=96&d=mm&r=g","caption":"Aleksandar Vukovic"},"url":"https:\/\/www.evropskakuca.me\/me\/author\/aleksandar\/"}]}},"_links":{"self":[{"href":"https:\/\/www.evropskakuca.me\/me\/wp-json\/wp\/v2\/posts\/47565","targetHints":{"allow":["GET"]}}],"collection":[{"href":"https:\/\/www.evropskakuca.me\/me\/wp-json\/wp\/v2\/posts"}],"about":[{"href":"https:\/\/www.evropskakuca.me\/me\/wp-json\/wp\/v2\/types\/post"}],"author":[{"embeddable":true,"href":"https:\/\/www.evropskakuca.me\/me\/wp-json\/wp\/v2\/users\/3"}],"replies":[{"embeddable":true,"href":"https:\/\/www.evropskakuca.me\/me\/wp-json\/wp\/v2\/comments?post=47565"}],"version-history":[{"count":1,"href":"https:\/\/www.evropskakuca.me\/me\/wp-json\/wp\/v2\/posts\/47565\/revisions"}],"predecessor-version":[{"id":47572,"href":"https:\/\/www.evropskakuca.me\/me\/wp-json\/wp\/v2\/posts\/47565\/revisions\/47572"}],"wp:featuredmedia":[{"embeddable":true,"href":"https:\/\/www.evropskakuca.me\/me\/wp-json\/wp\/v2\/media\/47566"}],"wp:attachment":[{"href":"https:\/\/www.evropskakuca.me\/me\/wp-json\/wp\/v2\/media?parent=47565"}],"wp:term":[{"taxonomy":"category","embeddable":true,"href":"https:\/\/www.evropskakuca.me\/me\/wp-json\/wp\/v2\/categories?post=47565"},{"taxonomy":"post_tag","embeddable":true,"href":"https:\/\/www.evropskakuca.me\/me\/wp-json\/wp\/v2\/tags?post=47565"}],"curies":[{"name":"wp","href":"https:\/\/api.w.org\/{rel}","templated":true}]}}