{"id":47547,"date":"2026-02-05T11:44:33","date_gmt":"2026-02-05T11:44:33","guid":{"rendered":"https:\/\/www.evropskakuca.me\/?p=47547"},"modified":"2026-02-05T11:44:37","modified_gmt":"2026-02-05T11:44:37","slug":"networking-brainstorming-sesija-povezivanje-juzne-regije","status":"publish","type":"post","link":"https:\/\/www.evropskakuca.me\/me\/networking-brainstorming-sesija-povezivanje-juzne-regije\/","title":{"rendered":"Networking &amp; Brainstorming sesija \u2013 Povezivanje ju\u017ene regije"},"content":{"rendered":"\n<p>\u201eNetworking &amp; Brainstorming sesija \u2013 Povezivanje ju\u017ene regije\u201c posve\u0107ena ja\u010danju dijaloga i saradnje institucija, lokalnih samouprava, obrazovnih ustanova, nevladinih organizacija i drugih relevantnih aktera iz ju\u017ene regije Crne Gore.<\/p>\n\n\n\n<p>Prikupljeni su strukturisani predlozi za&nbsp; programsko djelovanje Evropske ku\u0107e Bar.<\/p>\n\n\n\n<figure class=\"wp-block-gallery has-nested-images columns-default is-cropped wp-block-gallery-1 is-layout-flex wp-block-gallery-is-layout-flex\">\n<figure class=\"wp-block-image size-large\"><img fetchpriority=\"high\" decoding=\"async\" width=\"1024\" height=\"682\" data-id=\"47550\" src=\"https:\/\/www.evropskakuca.me\/wp-content\/uploads\/2026\/02\/viber_image_2026-02-04_14-10-20-977-1024x682.jpg\" alt=\"\" class=\"wp-image-47550\" srcset=\"https:\/\/www.evropskakuca.me\/wp-content\/uploads\/2026\/02\/viber_image_2026-02-04_14-10-20-977-1024x682.jpg 1024w, https:\/\/www.evropskakuca.me\/wp-content\/uploads\/2026\/02\/viber_image_2026-02-04_14-10-20-977-300x200.jpg 300w, https:\/\/www.evropskakuca.me\/wp-content\/uploads\/2026\/02\/viber_image_2026-02-04_14-10-20-977-768x512.jpg 768w, https:\/\/www.evropskakuca.me\/wp-content\/uploads\/2026\/02\/viber_image_2026-02-04_14-10-20-977-1536x1023.jpg 1536w, https:\/\/www.evropskakuca.me\/wp-content\/uploads\/2026\/02\/viber_image_2026-02-04_14-10-20-977.jpg 1600w\" sizes=\"(max-width: 1024px) 100vw, 1024px\" \/><\/figure>\n\n\n\n<figure class=\"wp-block-image size-large\"><img decoding=\"async\" width=\"1024\" height=\"682\" data-id=\"47554\" src=\"https:\/\/www.evropskakuca.me\/wp-content\/uploads\/2026\/02\/viber_image_2026-02-04_14-10-20-557-1024x682.jpg\" alt=\"\" class=\"wp-image-47554\" srcset=\"https:\/\/www.evropskakuca.me\/wp-content\/uploads\/2026\/02\/viber_image_2026-02-04_14-10-20-557-1024x682.jpg 1024w, https:\/\/www.evropskakuca.me\/wp-content\/uploads\/2026\/02\/viber_image_2026-02-04_14-10-20-557-300x200.jpg 300w, https:\/\/www.evropskakuca.me\/wp-content\/uploads\/2026\/02\/viber_image_2026-02-04_14-10-20-557-768x512.jpg 768w, https:\/\/www.evropskakuca.me\/wp-content\/uploads\/2026\/02\/viber_image_2026-02-04_14-10-20-557-1536x1023.jpg 1536w, https:\/\/www.evropskakuca.me\/wp-content\/uploads\/2026\/02\/viber_image_2026-02-04_14-10-20-557.jpg 1600w\" sizes=\"(max-width: 1024px) 100vw, 1024px\" \/><\/figure>\n\n\n\n<figure class=\"wp-block-image size-large\"><img decoding=\"async\" width=\"1024\" height=\"682\" data-id=\"47552\" src=\"https:\/\/www.evropskakuca.me\/wp-content\/uploads\/2026\/02\/viber_image_2026-02-04_14-10-17-866-1024x682.jpg\" alt=\"\" class=\"wp-image-47552\" srcset=\"https:\/\/www.evropskakuca.me\/wp-content\/uploads\/2026\/02\/viber_image_2026-02-04_14-10-17-866-1024x682.jpg 1024w, https:\/\/www.evropskakuca.me\/wp-content\/uploads\/2026\/02\/viber_image_2026-02-04_14-10-17-866-300x200.jpg 300w, https:\/\/www.evropskakuca.me\/wp-content\/uploads\/2026\/02\/viber_image_2026-02-04_14-10-17-866-768x512.jpg 768w, https:\/\/www.evropskakuca.me\/wp-content\/uploads\/2026\/02\/viber_image_2026-02-04_14-10-17-866-1536x1023.jpg 1536w, https:\/\/www.evropskakuca.me\/wp-content\/uploads\/2026\/02\/viber_image_2026-02-04_14-10-17-866.jpg 1600w\" sizes=\"(max-width: 1024px) 100vw, 1024px\" \/><\/figure>\n<\/figure>\n\n\n\n<p>U sklopu ove radionice, predstavljene su i brojne zanimljive sugestije za budu\u0107e aktivnosti Evropske ku\u0107e Bar, uz definisanje ciljnih grupa, kao i izazova sa kojima se te inicijative mogu susresti u praksi.<\/p>\n\n\n\n<p>\u201cOvim metodom smo na kreativan na\u010din dolazili do rje\u0161enja odre\u0111enih problema, ali, danas je glavni cilj bio da od u\u010desnika sesije vidimo kako se Evropska ku\u0107a Bar danas do\u017eivljava i kako ona mo\u017ee da organizuje svoje planiranje i aktivnosti za naredni period, da se bolje fokusira.&#8221; Hakile Resulbegovi\u0107, sertifikovana trenerica Instituta DAMAR.<\/p>\n\n\n\n<figure class=\"wp-block-gallery has-nested-images columns-default is-cropped wp-block-gallery-2 is-layout-flex wp-block-gallery-is-layout-flex\">\n<figure class=\"wp-block-image size-large\"><img loading=\"lazy\" decoding=\"async\" width=\"1024\" height=\"682\" data-id=\"47558\" src=\"https:\/\/www.evropskakuca.me\/wp-content\/uploads\/2026\/02\/viber_image_2026-02-04_14-10-21-211-1024x682.jpg\" alt=\"\" class=\"wp-image-47558\" srcset=\"https:\/\/www.evropskakuca.me\/wp-content\/uploads\/2026\/02\/viber_image_2026-02-04_14-10-21-211-1024x682.jpg 1024w, https:\/\/www.evropskakuca.me\/wp-content\/uploads\/2026\/02\/viber_image_2026-02-04_14-10-21-211-300x200.jpg 300w, https:\/\/www.evropskakuca.me\/wp-content\/uploads\/2026\/02\/viber_image_2026-02-04_14-10-21-211-768x512.jpg 768w, https:\/\/www.evropskakuca.me\/wp-content\/uploads\/2026\/02\/viber_image_2026-02-04_14-10-21-211-1536x1023.jpg 1536w, https:\/\/www.evropskakuca.me\/wp-content\/uploads\/2026\/02\/viber_image_2026-02-04_14-10-21-211.jpg 1600w\" sizes=\"(max-width: 1024px) 100vw, 1024px\" \/><\/figure>\n\n\n\n<figure class=\"wp-block-image size-large\"><img loading=\"lazy\" decoding=\"async\" width=\"1024\" height=\"682\" data-id=\"47556\" src=\"https:\/\/www.evropskakuca.me\/wp-content\/uploads\/2026\/02\/viber_image_2026-02-04_14-10-20-026-1024x682.jpg\" alt=\"\" class=\"wp-image-47556\" srcset=\"https:\/\/www.evropskakuca.me\/wp-content\/uploads\/2026\/02\/viber_image_2026-02-04_14-10-20-026-1024x682.jpg 1024w, https:\/\/www.evropskakuca.me\/wp-content\/uploads\/2026\/02\/viber_image_2026-02-04_14-10-20-026-300x200.jpg 300w, https:\/\/www.evropskakuca.me\/wp-content\/uploads\/2026\/02\/viber_image_2026-02-04_14-10-20-026-768x512.jpg 768w, https:\/\/www.evropskakuca.me\/wp-content\/uploads\/2026\/02\/viber_image_2026-02-04_14-10-20-026-1536x1023.jpg 1536w, https:\/\/www.evropskakuca.me\/wp-content\/uploads\/2026\/02\/viber_image_2026-02-04_14-10-20-026.jpg 1600w\" sizes=\"(max-width: 1024px) 100vw, 1024px\" \/><\/figure>\n<\/figure>\n\n\n\n<p>Me\u0111u u\u010desnicima sesije bila je i Arta Mucaj, sekretarica Sekretarijata za poljoprivredu Op\u0161tine Ulcinj koja je istakla&nbsp; da su iz ugla gra\u0111ana i lokalne samouprave Ulcinja ovakve aktivnosti uvijek dobrodo\u0161le.<\/p>\n\n\n\n<p>\u201cTreba da \u0161to \u010de\u0161\u0107e budemo prisutni u takvim doga\u0111ajima, jer svakako imaju efekat \u0161irenja informacije i \u0161irenja evropskih vrijednosti.&#8221; Arta Mucaj, sekretarica Sekretarijata za poljoprivredu Ulcinj.<\/p>\n\n\n\n<p>Na kreativan na\u010din dolazimo do rje\u0161enja i jasnije vidimo kako Evropska ku\u0107a Bar mo\u017ee bolje planirati i fokusirati svoje aktivnosti.<\/p>\n","protected":false},"excerpt":{"rendered":"<p>\u201eNetworking &amp; Brainstorming sesija \u2013 Povezivanje ju\u017ene regije\u201c posve\u0107ena ja\u010danju dijaloga i saradnje institucija, lokalnih samouprava, obrazovnih ustanova, nevladinih organizacija i drugih relevantnih aktera iz ju\u017ene regije Crne Gore. Prikupljeni su strukturisani predlozi za&nbsp; programsko djelovanje Evropske ku\u0107e Bar. U sklopu ove radionice, predstavljene su i brojne zanimljive sugestije za budu\u0107e aktivnosti Evropske ku\u0107e Bar, [&hellip;]<\/p>\n","protected":false},"author":3,"featured_media":47548,"comment_status":"closed","ping_status":"closed","sticky":false,"template":"","format":"standard","meta":{"_acf_changed":false,"footnotes":""},"categories":[1197,283,524],"tags":[],"class_list":["post-47547","post","type-post","status-publish","format-standard","has-post-thumbnail","hentry","category-bar-me","category-novosti-me","category-vesti"],"acf":[],"yoast_head":"<!-- This site is optimized with the Yoast SEO plugin v27.3 - https:\/\/yoast.com\/product\/yoast-seo-wordpress\/ -->\n<title>Networking &amp; Brainstorming sesija \u2013 Povezivanje ju\u017ene regije - Europe House<\/title>\n<meta name=\"robots\" content=\"index, follow, max-snippet:-1, max-image-preview:large, max-video-preview:-1\" \/>\n<link rel=\"canonical\" href=\"https:\/\/www.evropskakuca.me\/me\/networking-brainstorming-sesija-povezivanje-juzne-regije\/\" \/>\n<meta property=\"og:locale\" content=\"en_US\" \/>\n<meta property=\"og:type\" content=\"article\" \/>\n<meta property=\"og:title\" content=\"Networking &amp; Brainstorming sesija \u2013 Povezivanje ju\u017ene regije - Europe House\" \/>\n<meta property=\"og:description\" content=\"\u201eNetworking &amp; Brainstorming sesija \u2013 Povezivanje ju\u017ene regije\u201c posve\u0107ena ja\u010danju dijaloga i saradnje institucija, lokalnih samouprava, obrazovnih ustanova, nevladinih organizacija i drugih relevantnih aktera iz ju\u017ene regije Crne Gore. Prikupljeni su strukturisani predlozi za&nbsp; programsko djelovanje Evropske ku\u0107e Bar. U sklopu ove radionice, predstavljene su i brojne zanimljive sugestije za budu\u0107e aktivnosti Evropske ku\u0107e Bar, [&hellip;]\" \/>\n<meta property=\"og:url\" content=\"https:\/\/www.evropskakuca.me\/me\/networking-brainstorming-sesija-povezivanje-juzne-regije\/\" \/>\n<meta property=\"og:site_name\" content=\"Europe House\" \/>\n<meta property=\"article:publisher\" content=\"https:\/\/www.facebook.com\/evropska.kuca\" \/>\n<meta property=\"article:published_time\" content=\"2026-02-05T11:44:33+00:00\" \/>\n<meta property=\"article:modified_time\" content=\"2026-02-05T11:44:37+00:00\" \/>\n<meta property=\"og:image\" content=\"https:\/\/www.evropskakuca.me\/wp-content\/uploads\/2026\/02\/viber_image_2026-02-04_14-10-21-415.jpg\" \/>\n\t<meta property=\"og:image:width\" content=\"1600\" \/>\n\t<meta property=\"og:image:height\" content=\"1066\" \/>\n\t<meta property=\"og:image:type\" content=\"image\/jpeg\" \/>\n<meta name=\"author\" content=\"Aleksandar Vukovic\" \/>\n<meta name=\"twitter:card\" content=\"summary_large_image\" \/>\n<meta name=\"twitter:creator\" content=\"@evropska_kuca\" \/>\n<meta name=\"twitter:site\" content=\"@evropska_kuca\" \/>\n<meta name=\"twitter:label1\" content=\"Written by\" \/>\n\t<meta name=\"twitter:data1\" content=\"Aleksandar Vukovic\" \/>\n\t<meta name=\"twitter:label2\" content=\"Est. reading time\" \/>\n\t<meta name=\"twitter:data2\" content=\"3 minutes\" \/>\n<script type=\"application\/ld+json\" class=\"yoast-schema-graph\">{\"@context\":\"https:\\\/\\\/schema.org\",\"@graph\":[{\"@type\":\"Article\",\"@id\":\"https:\\\/\\\/www.evropskakuca.me\\\/me\\\/networking-brainstorming-sesija-povezivanje-juzne-regije\\\/#article\",\"isPartOf\":{\"@id\":\"https:\\\/\\\/www.evropskakuca.me\\\/me\\\/networking-brainstorming-sesija-povezivanje-juzne-regije\\\/\"},\"author\":{\"name\":\"Aleksandar Vukovic\",\"@id\":\"https:\\\/\\\/www.evropskakuca.me\\\/me\\\/#\\\/schema\\\/person\\\/7e16527119c7b67f457996b970f2bd6e\"},\"headline\":\"Networking &amp; Brainstorming sesija \u2013 Povezivanje ju\u017ene regije\",\"datePublished\":\"2026-02-05T11:44:33+00:00\",\"dateModified\":\"2026-02-05T11:44:37+00:00\",\"mainEntityOfPage\":{\"@id\":\"https:\\\/\\\/www.evropskakuca.me\\\/me\\\/networking-brainstorming-sesija-povezivanje-juzne-regije\\\/\"},\"wordCount\":233,\"publisher\":{\"@id\":\"https:\\\/\\\/www.evropskakuca.me\\\/me\\\/#organization\"},\"image\":{\"@id\":\"https:\\\/\\\/www.evropskakuca.me\\\/me\\\/networking-brainstorming-sesija-povezivanje-juzne-regije\\\/#primaryimage\"},\"thumbnailUrl\":\"https:\\\/\\\/www.evropskakuca.me\\\/wp-content\\\/uploads\\\/2026\\\/02\\\/viber_image_2026-02-04_14-10-21-415.jpg\",\"articleSection\":[\"Bar ME\",\"Novosti\",\"Vesti\"],\"inLanguage\":\"me-ME\"},{\"@type\":\"WebPage\",\"@id\":\"https:\\\/\\\/www.evropskakuca.me\\\/me\\\/networking-brainstorming-sesija-povezivanje-juzne-regije\\\/\",\"url\":\"https:\\\/\\\/www.evropskakuca.me\\\/me\\\/networking-brainstorming-sesija-povezivanje-juzne-regije\\\/\",\"name\":\"Networking &amp; Brainstorming sesija \u2013 Povezivanje ju\u017ene regije - Europe House\",\"isPartOf\":{\"@id\":\"https:\\\/\\\/www.evropskakuca.me\\\/me\\\/#website\"},\"primaryImageOfPage\":{\"@id\":\"https:\\\/\\\/www.evropskakuca.me\\\/me\\\/networking-brainstorming-sesija-povezivanje-juzne-regije\\\/#primaryimage\"},\"image\":{\"@id\":\"https:\\\/\\\/www.evropskakuca.me\\\/me\\\/networking-brainstorming-sesija-povezivanje-juzne-regije\\\/#primaryimage\"},\"thumbnailUrl\":\"https:\\\/\\\/www.evropskakuca.me\\\/wp-content\\\/uploads\\\/2026\\\/02\\\/viber_image_2026-02-04_14-10-21-415.jpg\",\"datePublished\":\"2026-02-05T11:44:33+00:00\",\"dateModified\":\"2026-02-05T11:44:37+00:00\",\"breadcrumb\":{\"@id\":\"https:\\\/\\\/www.evropskakuca.me\\\/me\\\/networking-brainstorming-sesija-povezivanje-juzne-regije\\\/#breadcrumb\"},\"inLanguage\":\"me-ME\",\"potentialAction\":[{\"@type\":\"ReadAction\",\"target\":[\"https:\\\/\\\/www.evropskakuca.me\\\/me\\\/networking-brainstorming-sesija-povezivanje-juzne-regije\\\/\"]}]},{\"@type\":\"ImageObject\",\"inLanguage\":\"me-ME\",\"@id\":\"https:\\\/\\\/www.evropskakuca.me\\\/me\\\/networking-brainstorming-sesija-povezivanje-juzne-regije\\\/#primaryimage\",\"url\":\"https:\\\/\\\/www.evropskakuca.me\\\/wp-content\\\/uploads\\\/2026\\\/02\\\/viber_image_2026-02-04_14-10-21-415.jpg\",\"contentUrl\":\"https:\\\/\\\/www.evropskakuca.me\\\/wp-content\\\/uploads\\\/2026\\\/02\\\/viber_image_2026-02-04_14-10-21-415.jpg\",\"width\":1600,\"height\":1066},{\"@type\":\"BreadcrumbList\",\"@id\":\"https:\\\/\\\/www.evropskakuca.me\\\/me\\\/networking-brainstorming-sesija-povezivanje-juzne-regije\\\/#breadcrumb\",\"itemListElement\":[{\"@type\":\"ListItem\",\"position\":1,\"name\":\"Home\",\"item\":\"https:\\\/\\\/www.evropskakuca.me\\\/me\\\/\"},{\"@type\":\"ListItem\",\"position\":2,\"name\":\"Networking &amp; Brainstorming sesija \u2013 Povezivanje ju\u017ene regije\"}]},{\"@type\":\"WebSite\",\"@id\":\"https:\\\/\\\/www.evropskakuca.me\\\/me\\\/#website\",\"url\":\"https:\\\/\\\/www.evropskakuca.me\\\/me\\\/\",\"name\":\"Evropean house\",\"description\":\"\",\"publisher\":{\"@id\":\"https:\\\/\\\/www.evropskakuca.me\\\/me\\\/#organization\"},\"potentialAction\":[{\"@type\":\"SearchAction\",\"target\":{\"@type\":\"EntryPoint\",\"urlTemplate\":\"https:\\\/\\\/www.evropskakuca.me\\\/me\\\/?s={search_term_string}\"},\"query-input\":{\"@type\":\"PropertyValueSpecification\",\"valueRequired\":true,\"valueName\":\"search_term_string\"}}],\"inLanguage\":\"me-ME\"},{\"@type\":\"Organization\",\"@id\":\"https:\\\/\\\/www.evropskakuca.me\\\/me\\\/#organization\",\"name\":\"Evropean house\",\"url\":\"https:\\\/\\\/www.evropskakuca.me\\\/me\\\/\",\"logo\":{\"@type\":\"ImageObject\",\"inLanguage\":\"me-ME\",\"@id\":\"https:\\\/\\\/www.evropskakuca.me\\\/me\\\/#\\\/schema\\\/logo\\\/image\\\/\",\"url\":\"https:\\\/\\\/www.evropskakuca.me\\\/wp-content\\\/uploads\\\/2025\\\/01\\\/evropska-kuca-logo-1.png\",\"contentUrl\":\"https:\\\/\\\/www.evropskakuca.me\\\/wp-content\\\/uploads\\\/2025\\\/01\\\/evropska-kuca-logo-1.png\",\"width\":425,\"height\":312,\"caption\":\"Evropean house\"},\"image\":{\"@id\":\"https:\\\/\\\/www.evropskakuca.me\\\/me\\\/#\\\/schema\\\/logo\\\/image\\\/\"},\"sameAs\":[\"https:\\\/\\\/www.facebook.com\\\/evropska.kuca\",\"https:\\\/\\\/x.com\\\/evropska_kuca\",\"https:\\\/\\\/www.instagram.com\\\/evropska_kuca\"]},{\"@type\":\"Person\",\"@id\":\"https:\\\/\\\/www.evropskakuca.me\\\/me\\\/#\\\/schema\\\/person\\\/7e16527119c7b67f457996b970f2bd6e\",\"name\":\"Aleksandar Vukovic\",\"image\":{\"@type\":\"ImageObject\",\"inLanguage\":\"me-ME\",\"@id\":\"https:\\\/\\\/secure.gravatar.com\\\/avatar\\\/a1834e0104b0242a886079bde835ba36d80c70f9987a11f3ba33eb9e8d74cc15?s=96&d=mm&r=g\",\"url\":\"https:\\\/\\\/secure.gravatar.com\\\/avatar\\\/a1834e0104b0242a886079bde835ba36d80c70f9987a11f3ba33eb9e8d74cc15?s=96&d=mm&r=g\",\"contentUrl\":\"https:\\\/\\\/secure.gravatar.com\\\/avatar\\\/a1834e0104b0242a886079bde835ba36d80c70f9987a11f3ba33eb9e8d74cc15?s=96&d=mm&r=g\",\"caption\":\"Aleksandar Vukovic\"},\"url\":\"https:\\\/\\\/www.evropskakuca.me\\\/me\\\/author\\\/aleksandar\\\/\"}]}<\/script>\n<!-- \/ Yoast SEO plugin. -->","yoast_head_json":{"title":"Networking &amp; Brainstorming sesija \u2013 Povezivanje ju\u017ene regije - Europe House","robots":{"index":"index","follow":"follow","max-snippet":"max-snippet:-1","max-image-preview":"max-image-preview:large","max-video-preview":"max-video-preview:-1"},"canonical":"https:\/\/www.evropskakuca.me\/me\/networking-brainstorming-sesija-povezivanje-juzne-regije\/","og_locale":"en_US","og_type":"article","og_title":"Networking &amp; Brainstorming sesija \u2013 Povezivanje ju\u017ene regije - Europe House","og_description":"\u201eNetworking &amp; Brainstorming sesija \u2013 Povezivanje ju\u017ene regije\u201c posve\u0107ena ja\u010danju dijaloga i saradnje institucija, lokalnih samouprava, obrazovnih ustanova, nevladinih organizacija i drugih relevantnih aktera iz ju\u017ene regije Crne Gore. Prikupljeni su strukturisani predlozi za&nbsp; programsko djelovanje Evropske ku\u0107e Bar. U sklopu ove radionice, predstavljene su i brojne zanimljive sugestije za budu\u0107e aktivnosti Evropske ku\u0107e Bar, [&hellip;]","og_url":"https:\/\/www.evropskakuca.me\/me\/networking-brainstorming-sesija-povezivanje-juzne-regije\/","og_site_name":"Europe House","article_publisher":"https:\/\/www.facebook.com\/evropska.kuca","article_published_time":"2026-02-05T11:44:33+00:00","article_modified_time":"2026-02-05T11:44:37+00:00","og_image":[{"width":1600,"height":1066,"url":"https:\/\/www.evropskakuca.me\/wp-content\/uploads\/2026\/02\/viber_image_2026-02-04_14-10-21-415.jpg","type":"image\/jpeg"}],"author":"Aleksandar Vukovic","twitter_card":"summary_large_image","twitter_creator":"@evropska_kuca","twitter_site":"@evropska_kuca","twitter_misc":{"Written by":"Aleksandar Vukovic","Est. reading time":"3 minutes"},"schema":{"@context":"https:\/\/schema.org","@graph":[{"@type":"Article","@id":"https:\/\/www.evropskakuca.me\/me\/networking-brainstorming-sesija-povezivanje-juzne-regije\/#article","isPartOf":{"@id":"https:\/\/www.evropskakuca.me\/me\/networking-brainstorming-sesija-povezivanje-juzne-regije\/"},"author":{"name":"Aleksandar Vukovic","@id":"https:\/\/www.evropskakuca.me\/me\/#\/schema\/person\/7e16527119c7b67f457996b970f2bd6e"},"headline":"Networking &amp; Brainstorming sesija \u2013 Povezivanje ju\u017ene regije","datePublished":"2026-02-05T11:44:33+00:00","dateModified":"2026-02-05T11:44:37+00:00","mainEntityOfPage":{"@id":"https:\/\/www.evropskakuca.me\/me\/networking-brainstorming-sesija-povezivanje-juzne-regije\/"},"wordCount":233,"publisher":{"@id":"https:\/\/www.evropskakuca.me\/me\/#organization"},"image":{"@id":"https:\/\/www.evropskakuca.me\/me\/networking-brainstorming-sesija-povezivanje-juzne-regije\/#primaryimage"},"thumbnailUrl":"https:\/\/www.evropskakuca.me\/wp-content\/uploads\/2026\/02\/viber_image_2026-02-04_14-10-21-415.jpg","articleSection":["Bar ME","Novosti","Vesti"],"inLanguage":"me-ME"},{"@type":"WebPage","@id":"https:\/\/www.evropskakuca.me\/me\/networking-brainstorming-sesija-povezivanje-juzne-regije\/","url":"https:\/\/www.evropskakuca.me\/me\/networking-brainstorming-sesija-povezivanje-juzne-regije\/","name":"Networking &amp; Brainstorming sesija \u2013 Povezivanje ju\u017ene regije - Europe House","isPartOf":{"@id":"https:\/\/www.evropskakuca.me\/me\/#website"},"primaryImageOfPage":{"@id":"https:\/\/www.evropskakuca.me\/me\/networking-brainstorming-sesija-povezivanje-juzne-regije\/#primaryimage"},"image":{"@id":"https:\/\/www.evropskakuca.me\/me\/networking-brainstorming-sesija-povezivanje-juzne-regije\/#primaryimage"},"thumbnailUrl":"https:\/\/www.evropskakuca.me\/wp-content\/uploads\/2026\/02\/viber_image_2026-02-04_14-10-21-415.jpg","datePublished":"2026-02-05T11:44:33+00:00","dateModified":"2026-02-05T11:44:37+00:00","breadcrumb":{"@id":"https:\/\/www.evropskakuca.me\/me\/networking-brainstorming-sesija-povezivanje-juzne-regije\/#breadcrumb"},"inLanguage":"me-ME","potentialAction":[{"@type":"ReadAction","target":["https:\/\/www.evropskakuca.me\/me\/networking-brainstorming-sesija-povezivanje-juzne-regije\/"]}]},{"@type":"ImageObject","inLanguage":"me-ME","@id":"https:\/\/www.evropskakuca.me\/me\/networking-brainstorming-sesija-povezivanje-juzne-regije\/#primaryimage","url":"https:\/\/www.evropskakuca.me\/wp-content\/uploads\/2026\/02\/viber_image_2026-02-04_14-10-21-415.jpg","contentUrl":"https:\/\/www.evropskakuca.me\/wp-content\/uploads\/2026\/02\/viber_image_2026-02-04_14-10-21-415.jpg","width":1600,"height":1066},{"@type":"BreadcrumbList","@id":"https:\/\/www.evropskakuca.me\/me\/networking-brainstorming-sesija-povezivanje-juzne-regije\/#breadcrumb","itemListElement":[{"@type":"ListItem","position":1,"name":"Home","item":"https:\/\/www.evropskakuca.me\/me\/"},{"@type":"ListItem","position":2,"name":"Networking &amp; Brainstorming sesija \u2013 Povezivanje ju\u017ene regije"}]},{"@type":"WebSite","@id":"https:\/\/www.evropskakuca.me\/me\/#website","url":"https:\/\/www.evropskakuca.me\/me\/","name":"Evropean house","description":"","publisher":{"@id":"https:\/\/www.evropskakuca.me\/me\/#organization"},"potentialAction":[{"@type":"SearchAction","target":{"@type":"EntryPoint","urlTemplate":"https:\/\/www.evropskakuca.me\/me\/?s={search_term_string}"},"query-input":{"@type":"PropertyValueSpecification","valueRequired":true,"valueName":"search_term_string"}}],"inLanguage":"me-ME"},{"@type":"Organization","@id":"https:\/\/www.evropskakuca.me\/me\/#organization","name":"Evropean house","url":"https:\/\/www.evropskakuca.me\/me\/","logo":{"@type":"ImageObject","inLanguage":"me-ME","@id":"https:\/\/www.evropskakuca.me\/me\/#\/schema\/logo\/image\/","url":"https:\/\/www.evropskakuca.me\/wp-content\/uploads\/2025\/01\/evropska-kuca-logo-1.png","contentUrl":"https:\/\/www.evropskakuca.me\/wp-content\/uploads\/2025\/01\/evropska-kuca-logo-1.png","width":425,"height":312,"caption":"Evropean house"},"image":{"@id":"https:\/\/www.evropskakuca.me\/me\/#\/schema\/logo\/image\/"},"sameAs":["https:\/\/www.facebook.com\/evropska.kuca","https:\/\/x.com\/evropska_kuca","https:\/\/www.instagram.com\/evropska_kuca"]},{"@type":"Person","@id":"https:\/\/www.evropskakuca.me\/me\/#\/schema\/person\/7e16527119c7b67f457996b970f2bd6e","name":"Aleksandar Vukovic","image":{"@type":"ImageObject","inLanguage":"me-ME","@id":"https:\/\/secure.gravatar.com\/avatar\/a1834e0104b0242a886079bde835ba36d80c70f9987a11f3ba33eb9e8d74cc15?s=96&d=mm&r=g","url":"https:\/\/secure.gravatar.com\/avatar\/a1834e0104b0242a886079bde835ba36d80c70f9987a11f3ba33eb9e8d74cc15?s=96&d=mm&r=g","contentUrl":"https:\/\/secure.gravatar.com\/avatar\/a1834e0104b0242a886079bde835ba36d80c70f9987a11f3ba33eb9e8d74cc15?s=96&d=mm&r=g","caption":"Aleksandar Vukovic"},"url":"https:\/\/www.evropskakuca.me\/me\/author\/aleksandar\/"}]}},"_links":{"self":[{"href":"https:\/\/www.evropskakuca.me\/me\/wp-json\/wp\/v2\/posts\/47547","targetHints":{"allow":["GET"]}}],"collection":[{"href":"https:\/\/www.evropskakuca.me\/me\/wp-json\/wp\/v2\/posts"}],"about":[{"href":"https:\/\/www.evropskakuca.me\/me\/wp-json\/wp\/v2\/types\/post"}],"author":[{"embeddable":true,"href":"https:\/\/www.evropskakuca.me\/me\/wp-json\/wp\/v2\/users\/3"}],"replies":[{"embeddable":true,"href":"https:\/\/www.evropskakuca.me\/me\/wp-json\/wp\/v2\/comments?post=47547"}],"version-history":[{"count":1,"href":"https:\/\/www.evropskakuca.me\/me\/wp-json\/wp\/v2\/posts\/47547\/revisions"}],"predecessor-version":[{"id":47560,"href":"https:\/\/www.evropskakuca.me\/me\/wp-json\/wp\/v2\/posts\/47547\/revisions\/47560"}],"wp:featuredmedia":[{"embeddable":true,"href":"https:\/\/www.evropskakuca.me\/me\/wp-json\/wp\/v2\/media\/47548"}],"wp:attachment":[{"href":"https:\/\/www.evropskakuca.me\/me\/wp-json\/wp\/v2\/media?parent=47547"}],"wp:term":[{"taxonomy":"category","embeddable":true,"href":"https:\/\/www.evropskakuca.me\/me\/wp-json\/wp\/v2\/categories?post=47547"},{"taxonomy":"post_tag","embeddable":true,"href":"https:\/\/www.evropskakuca.me\/me\/wp-json\/wp\/v2\/tags?post=47547"}],"curies":[{"name":"wp","href":"https:\/\/api.w.org\/{rel}","templated":true}]}}