{"id":47516,"date":"2026-02-02T12:35:04","date_gmt":"2026-02-02T12:35:04","guid":{"rendered":"https:\/\/www.evropskakuca.me\/?p=47516"},"modified":"2026-02-02T12:59:56","modified_gmt":"2026-02-02T12:59:56","slug":"mali-koraci-koji-znace-mnogo","status":"publish","type":"post","link":"https:\/\/www.evropskakuca.me\/me\/mali-koraci-koji-znace-mnogo\/","title":{"rendered":"Little Explorers of Europe &#8211; Mali koraci koji zna\u010de mnogo!"},"content":{"rendered":"\n<p>Smijeh, radoznali pogledi i \u0161areni crte\u017ei ispunili su Evropsku ku\u0107u Bijelo Polje zahvaljuju\u0107i mali\u0161anima iz vrti\u0107a \u201e<strong>Du\u0161o Baseki\u0107<\/strong>\u201c, vaspitne jedinice \u201eCrvenkapa\u201c.<\/p>\n\n\n\n<p>\u010clanovi tima Evropske ku\u0107e srda\u010dno su do\u010dekali mali\u0161ane i kroz interaktivnu radionicu&nbsp;vodili ih kroz prostorije ku\u0107e, obja\u0161njavaju\u0107i \u0161ta je Evropska unija&nbsp;i koja je uloga Evropske ku\u0107e u Bijelom Polju. Djeca su sa velikim entuzijazmom u\u010destvovala u razgovoru, dijelila svoja iskustva, pri\u010dala o zemljama EU koje su posjetila, ali i o onima u koje bi voljela da otputuju, pokazuju\u0107i radoznalost i \u017eelju da saznaju vi\u0161e o svijetu oko sebe.<\/p>\n\n\n\n<figure class=\"wp-block-image size-large\"><img fetchpriority=\"high\" decoding=\"async\" width=\"1024\" height=\"768\" src=\"https:\/\/www.evropskakuca.me\/wp-content\/uploads\/2026\/02\/viber_image_2026-02-02_12-05-34-307-1024x768.jpg\" alt=\"\" class=\"wp-image-47519\" srcset=\"https:\/\/www.evropskakuca.me\/wp-content\/uploads\/2026\/02\/viber_image_2026-02-02_12-05-34-307-1024x768.jpg 1024w, https:\/\/www.evropskakuca.me\/wp-content\/uploads\/2026\/02\/viber_image_2026-02-02_12-05-34-307-300x225.jpg 300w, https:\/\/www.evropskakuca.me\/wp-content\/uploads\/2026\/02\/viber_image_2026-02-02_12-05-34-307-768x576.jpg 768w, https:\/\/www.evropskakuca.me\/wp-content\/uploads\/2026\/02\/viber_image_2026-02-02_12-05-34-307-1536x1152.jpg 1536w, https:\/\/www.evropskakuca.me\/wp-content\/uploads\/2026\/02\/viber_image_2026-02-02_12-05-34-307.jpg 1600w\" sizes=\"(max-width: 1024px) 100vw, 1024px\" \/><\/figure>\n\n\n\n<p>Susret sa strip junakinjom <strong>Super Zvjezdanom<\/strong> posebno je uljep\u0161ao doga\u0111aj. Na\u0161a heroina je kroz zabavnu i edukativnu pri\u010du pribli\u017eila mali\u0161anima osnovne principe Evropske unije \u2013 vrijednosti zajedni\u0161tva, saradnje i solidarnosti.<\/p>\n\n\n\n<p>Radionica je nosila i <strong>eko-friendly<\/strong> poruku. Mali\u0161ani su crtali i slikali motive iz prirode, u\u010dili o za\u0161titi \u017eivotne sredine i simbolima koje promovi\u0161e EU. Kreativnost djece posebno se istakla kada su uz pomo\u0107 stikera u obliku zvjezdica&nbsp;zajedno kreirali logo Evropske unije, pokazuju\u0107i ma\u0161tu i inicijativu na svakom koraku.<\/p>\n\n\n\n<figure class=\"wp-block-image size-large\"><img decoding=\"async\" width=\"1024\" height=\"768\" src=\"https:\/\/www.evropskakuca.me\/wp-content\/uploads\/2026\/02\/viber_image_2026-02-02_12-05-34-669-1024x768.jpg\" alt=\"\" class=\"wp-image-47521\" srcset=\"https:\/\/www.evropskakuca.me\/wp-content\/uploads\/2026\/02\/viber_image_2026-02-02_12-05-34-669-1024x768.jpg 1024w, https:\/\/www.evropskakuca.me\/wp-content\/uploads\/2026\/02\/viber_image_2026-02-02_12-05-34-669-300x225.jpg 300w, https:\/\/www.evropskakuca.me\/wp-content\/uploads\/2026\/02\/viber_image_2026-02-02_12-05-34-669-768x576.jpg 768w, https:\/\/www.evropskakuca.me\/wp-content\/uploads\/2026\/02\/viber_image_2026-02-02_12-05-34-669-1536x1152.jpg 1536w, https:\/\/www.evropskakuca.me\/wp-content\/uploads\/2026\/02\/viber_image_2026-02-02_12-05-34-669.jpg 1600w\" sizes=\"(max-width: 1024px) 100vw, 1024px\" \/><\/figure>\n\n\n\n<p>Djeca su kroz iskustvo i dru\u017eenje dala i svoje male, iskrene komentare:<\/p>\n\n\n\n<p><em>\u201eMeni se najvi\u0161e svidjelo kad smo pravili zvjezdice i bojili prirodu!&#8221;<\/em>&nbsp;\u2013 Stefan, 5 godina<\/p>\n\n\n\n<p class=\"has-text-align-right\"><em>\u201eSuper Zvjezdana mi je pokazala gdje su sve zemlje Evrope!&#8221;<\/em>&nbsp;\u2013 Vasilije, 6 godina<\/p>\n\n\n\n<p><em>\u201eHo\u0107u opet da do\u0111em u Evropsku ku\u0107u!&#8221;<\/em>&nbsp;\u2013 Ema, 5 godina<\/p>\n\n\n\n<p>Pored toga \u0161to su i dosta nau\u010dila djeca su i pjevala, dru\u017eila se i razmjenjivala ideje, stvaraju\u0107i veselu i podsticajnu atmosferu u kojoj je u\u010denje kroz igru bilo u fokusu. Kao simboli\u010dnu nagradu za trud i anga\u017eman, svi u\u010desnici su dobili <strong>sertifikate<\/strong>, koji \u0107e ih podsje\u0107ati na njihov prvi susret sa Evropskom ku\u0107om i iskustvo u\u010denja kroz igru i zajedni\u0161tvo.<\/p>\n\n\n\n<figure class=\"wp-block-image size-large\"><img decoding=\"async\" width=\"941\" height=\"1024\" src=\"https:\/\/www.evropskakuca.me\/wp-content\/uploads\/2026\/02\/viber_image_2026-02-02_12-05-33-978-941x1024.jpg\" alt=\"\" class=\"wp-image-47523\" srcset=\"https:\/\/www.evropskakuca.me\/wp-content\/uploads\/2026\/02\/viber_image_2026-02-02_12-05-33-978-941x1024.jpg 941w, https:\/\/www.evropskakuca.me\/wp-content\/uploads\/2026\/02\/viber_image_2026-02-02_12-05-33-978-276x300.jpg 276w, https:\/\/www.evropskakuca.me\/wp-content\/uploads\/2026\/02\/viber_image_2026-02-02_12-05-33-978-768x836.jpg 768w, https:\/\/www.evropskakuca.me\/wp-content\/uploads\/2026\/02\/viber_image_2026-02-02_12-05-33-978-1411x1536.jpg 1411w, https:\/\/www.evropskakuca.me\/wp-content\/uploads\/2026\/02\/viber_image_2026-02-02_12-05-33-978.jpg 1470w\" sizes=\"(max-width: 941px) 100vw, 941px\" \/><\/figure>\n\n\n\n<p>Doga\u0111aj <strong>Little Explorers of Europe<\/strong>&nbsp;jo\u0161 jednom je potvrdio koliko je va\u017eno sa najmla\u0111ima graditi svijest o evropskim vrijednostima, zajedni\u0161tvu i brizi za prirodu&nbsp;\u2013 kroz igru, pjesmu, boje i osmijehe. Ova inicijativa pokazuje da je edukacija od najranijeg uzrasta klju\u010d za razvijanje radoznalosti, kreativnosti i otvorenosti prema svijetu, ali i va\u017enost uloge Evropske ku\u0107e u promovisanju ovih vrijednosti u lokalnoj zajednici.<\/p>\n","protected":false},"excerpt":{"rendered":"<p>Smijeh, radoznali pogledi i \u0161areni crte\u017ei ispunili su Evropsku ku\u0107u Bijelo Polje zahvaljuju\u0107i mali\u0161anima iz vrti\u0107a \u201eDu\u0161o Baseki\u0107\u201c, vaspitne jedinice \u201eCrvenkapa\u201c. \u010clanovi tima Evropske ku\u0107e srda\u010dno su do\u010dekali mali\u0161ane i kroz interaktivnu radionicu&nbsp;vodili ih kroz prostorije ku\u0107e, obja\u0161njavaju\u0107i \u0161ta je Evropska unija&nbsp;i koja je uloga Evropske ku\u0107e u Bijelom Polju. Djeca su sa velikim entuzijazmom [&hellip;]<\/p>\n","protected":false},"author":3,"featured_media":47517,"comment_status":"closed","ping_status":"closed","sticky":false,"template":"","format":"standard","meta":{"_acf_changed":false,"footnotes":""},"categories":[1193,283,524],"tags":[],"class_list":["post-47516","post","type-post","status-publish","format-standard","has-post-thumbnail","hentry","category-bijelo-polje","category-novosti-me","category-vesti"],"acf":[],"yoast_head":"<!-- This site is optimized with the Yoast SEO plugin v27.3 - https:\/\/yoast.com\/product\/yoast-seo-wordpress\/ -->\n<title>Little Explorers of Europe - Mali koraci koji zna\u010de mnogo! - Europe House<\/title>\n<meta name=\"robots\" content=\"index, follow, max-snippet:-1, max-image-preview:large, max-video-preview:-1\" \/>\n<link rel=\"canonical\" href=\"https:\/\/www.evropskakuca.me\/me\/mali-koraci-koji-znace-mnogo\/\" \/>\n<meta property=\"og:locale\" content=\"en_US\" \/>\n<meta property=\"og:type\" content=\"article\" \/>\n<meta property=\"og:title\" content=\"Little Explorers of Europe - Mali koraci koji zna\u010de mnogo! - Europe House\" \/>\n<meta property=\"og:description\" content=\"Smijeh, radoznali pogledi i \u0161areni crte\u017ei ispunili su Evropsku ku\u0107u Bijelo Polje zahvaljuju\u0107i mali\u0161anima iz vrti\u0107a \u201eDu\u0161o Baseki\u0107\u201c, vaspitne jedinice \u201eCrvenkapa\u201c. \u010clanovi tima Evropske ku\u0107e srda\u010dno su do\u010dekali mali\u0161ane i kroz interaktivnu radionicu&nbsp;vodili ih kroz prostorije ku\u0107e, obja\u0161njavaju\u0107i \u0161ta je Evropska unija&nbsp;i koja je uloga Evropske ku\u0107e u Bijelom Polju. Djeca su sa velikim entuzijazmom [&hellip;]\" \/>\n<meta property=\"og:url\" content=\"https:\/\/www.evropskakuca.me\/me\/mali-koraci-koji-znace-mnogo\/\" \/>\n<meta property=\"og:site_name\" content=\"Europe House\" \/>\n<meta property=\"article:publisher\" content=\"https:\/\/www.facebook.com\/evropska.kuca\" \/>\n<meta property=\"article:published_time\" content=\"2026-02-02T12:35:04+00:00\" \/>\n<meta property=\"article:modified_time\" content=\"2026-02-02T12:59:56+00:00\" \/>\n<meta property=\"og:image\" content=\"https:\/\/www.evropskakuca.me\/wp-content\/uploads\/2026\/02\/viber_image_2026-02-02_12-05-32-463-e1770035799966.jpg\" \/>\n\t<meta property=\"og:image:width\" content=\"1600\" \/>\n\t<meta property=\"og:image:height\" content=\"800\" \/>\n\t<meta property=\"og:image:type\" content=\"image\/jpeg\" \/>\n<meta name=\"author\" content=\"Aleksandar Vukovic\" \/>\n<meta name=\"twitter:card\" content=\"summary_large_image\" \/>\n<meta name=\"twitter:creator\" content=\"@evropska_kuca\" \/>\n<meta name=\"twitter:site\" content=\"@evropska_kuca\" \/>\n<meta name=\"twitter:label1\" content=\"Written by\" \/>\n\t<meta name=\"twitter:data1\" content=\"Aleksandar Vukovic\" \/>\n\t<meta name=\"twitter:label2\" content=\"Est. reading time\" \/>\n\t<meta name=\"twitter:data2\" content=\"3 minutes\" \/>\n<script type=\"application\/ld+json\" class=\"yoast-schema-graph\">{\"@context\":\"https:\\\/\\\/schema.org\",\"@graph\":[{\"@type\":\"Article\",\"@id\":\"https:\\\/\\\/www.evropskakuca.me\\\/me\\\/mali-koraci-koji-znace-mnogo\\\/#article\",\"isPartOf\":{\"@id\":\"https:\\\/\\\/www.evropskakuca.me\\\/me\\\/mali-koraci-koji-znace-mnogo\\\/\"},\"author\":{\"name\":\"Aleksandar Vukovic\",\"@id\":\"https:\\\/\\\/www.evropskakuca.me\\\/me\\\/#\\\/schema\\\/person\\\/7e16527119c7b67f457996b970f2bd6e\"},\"headline\":\"Little Explorers of Europe &#8211; Mali koraci koji zna\u010de mnogo!\",\"datePublished\":\"2026-02-02T12:35:04+00:00\",\"dateModified\":\"2026-02-02T12:59:56+00:00\",\"mainEntityOfPage\":{\"@id\":\"https:\\\/\\\/www.evropskakuca.me\\\/me\\\/mali-koraci-koji-znace-mnogo\\\/\"},\"wordCount\":408,\"publisher\":{\"@id\":\"https:\\\/\\\/www.evropskakuca.me\\\/me\\\/#organization\"},\"image\":{\"@id\":\"https:\\\/\\\/www.evropskakuca.me\\\/me\\\/mali-koraci-koji-znace-mnogo\\\/#primaryimage\"},\"thumbnailUrl\":\"https:\\\/\\\/www.evropskakuca.me\\\/wp-content\\\/uploads\\\/2026\\\/02\\\/viber_image_2026-02-02_12-05-32-463-e1770035799966.jpg\",\"articleSection\":[\"Bijelo Polje\",\"Novosti\",\"Vesti\"],\"inLanguage\":\"me-ME\"},{\"@type\":\"WebPage\",\"@id\":\"https:\\\/\\\/www.evropskakuca.me\\\/me\\\/mali-koraci-koji-znace-mnogo\\\/\",\"url\":\"https:\\\/\\\/www.evropskakuca.me\\\/me\\\/mali-koraci-koji-znace-mnogo\\\/\",\"name\":\"Little Explorers of Europe - Mali koraci koji zna\u010de mnogo! - Europe House\",\"isPartOf\":{\"@id\":\"https:\\\/\\\/www.evropskakuca.me\\\/me\\\/#website\"},\"primaryImageOfPage\":{\"@id\":\"https:\\\/\\\/www.evropskakuca.me\\\/me\\\/mali-koraci-koji-znace-mnogo\\\/#primaryimage\"},\"image\":{\"@id\":\"https:\\\/\\\/www.evropskakuca.me\\\/me\\\/mali-koraci-koji-znace-mnogo\\\/#primaryimage\"},\"thumbnailUrl\":\"https:\\\/\\\/www.evropskakuca.me\\\/wp-content\\\/uploads\\\/2026\\\/02\\\/viber_image_2026-02-02_12-05-32-463-e1770035799966.jpg\",\"datePublished\":\"2026-02-02T12:35:04+00:00\",\"dateModified\":\"2026-02-02T12:59:56+00:00\",\"breadcrumb\":{\"@id\":\"https:\\\/\\\/www.evropskakuca.me\\\/me\\\/mali-koraci-koji-znace-mnogo\\\/#breadcrumb\"},\"inLanguage\":\"me-ME\",\"potentialAction\":[{\"@type\":\"ReadAction\",\"target\":[\"https:\\\/\\\/www.evropskakuca.me\\\/me\\\/mali-koraci-koji-znace-mnogo\\\/\"]}]},{\"@type\":\"ImageObject\",\"inLanguage\":\"me-ME\",\"@id\":\"https:\\\/\\\/www.evropskakuca.me\\\/me\\\/mali-koraci-koji-znace-mnogo\\\/#primaryimage\",\"url\":\"https:\\\/\\\/www.evropskakuca.me\\\/wp-content\\\/uploads\\\/2026\\\/02\\\/viber_image_2026-02-02_12-05-32-463-e1770035799966.jpg\",\"contentUrl\":\"https:\\\/\\\/www.evropskakuca.me\\\/wp-content\\\/uploads\\\/2026\\\/02\\\/viber_image_2026-02-02_12-05-32-463-e1770035799966.jpg\",\"width\":1600,\"height\":800},{\"@type\":\"BreadcrumbList\",\"@id\":\"https:\\\/\\\/www.evropskakuca.me\\\/me\\\/mali-koraci-koji-znace-mnogo\\\/#breadcrumb\",\"itemListElement\":[{\"@type\":\"ListItem\",\"position\":1,\"name\":\"Home\",\"item\":\"https:\\\/\\\/www.evropskakuca.me\\\/me\\\/\"},{\"@type\":\"ListItem\",\"position\":2,\"name\":\"Little Explorers of Europe &#8211; Mali koraci koji zna\u010de mnogo!\"}]},{\"@type\":\"WebSite\",\"@id\":\"https:\\\/\\\/www.evropskakuca.me\\\/me\\\/#website\",\"url\":\"https:\\\/\\\/www.evropskakuca.me\\\/me\\\/\",\"name\":\"Evropean house\",\"description\":\"\",\"publisher\":{\"@id\":\"https:\\\/\\\/www.evropskakuca.me\\\/me\\\/#organization\"},\"potentialAction\":[{\"@type\":\"SearchAction\",\"target\":{\"@type\":\"EntryPoint\",\"urlTemplate\":\"https:\\\/\\\/www.evropskakuca.me\\\/me\\\/?s={search_term_string}\"},\"query-input\":{\"@type\":\"PropertyValueSpecification\",\"valueRequired\":true,\"valueName\":\"search_term_string\"}}],\"inLanguage\":\"me-ME\"},{\"@type\":\"Organization\",\"@id\":\"https:\\\/\\\/www.evropskakuca.me\\\/me\\\/#organization\",\"name\":\"Evropean house\",\"url\":\"https:\\\/\\\/www.evropskakuca.me\\\/me\\\/\",\"logo\":{\"@type\":\"ImageObject\",\"inLanguage\":\"me-ME\",\"@id\":\"https:\\\/\\\/www.evropskakuca.me\\\/me\\\/#\\\/schema\\\/logo\\\/image\\\/\",\"url\":\"https:\\\/\\\/www.evropskakuca.me\\\/wp-content\\\/uploads\\\/2025\\\/01\\\/evropska-kuca-logo-1.png\",\"contentUrl\":\"https:\\\/\\\/www.evropskakuca.me\\\/wp-content\\\/uploads\\\/2025\\\/01\\\/evropska-kuca-logo-1.png\",\"width\":425,\"height\":312,\"caption\":\"Evropean house\"},\"image\":{\"@id\":\"https:\\\/\\\/www.evropskakuca.me\\\/me\\\/#\\\/schema\\\/logo\\\/image\\\/\"},\"sameAs\":[\"https:\\\/\\\/www.facebook.com\\\/evropska.kuca\",\"https:\\\/\\\/x.com\\\/evropska_kuca\",\"https:\\\/\\\/www.instagram.com\\\/evropska_kuca\"]},{\"@type\":\"Person\",\"@id\":\"https:\\\/\\\/www.evropskakuca.me\\\/me\\\/#\\\/schema\\\/person\\\/7e16527119c7b67f457996b970f2bd6e\",\"name\":\"Aleksandar Vukovic\",\"image\":{\"@type\":\"ImageObject\",\"inLanguage\":\"me-ME\",\"@id\":\"https:\\\/\\\/secure.gravatar.com\\\/avatar\\\/a1834e0104b0242a886079bde835ba36d80c70f9987a11f3ba33eb9e8d74cc15?s=96&d=mm&r=g\",\"url\":\"https:\\\/\\\/secure.gravatar.com\\\/avatar\\\/a1834e0104b0242a886079bde835ba36d80c70f9987a11f3ba33eb9e8d74cc15?s=96&d=mm&r=g\",\"contentUrl\":\"https:\\\/\\\/secure.gravatar.com\\\/avatar\\\/a1834e0104b0242a886079bde835ba36d80c70f9987a11f3ba33eb9e8d74cc15?s=96&d=mm&r=g\",\"caption\":\"Aleksandar Vukovic\"},\"url\":\"https:\\\/\\\/www.evropskakuca.me\\\/me\\\/author\\\/aleksandar\\\/\"}]}<\/script>\n<!-- \/ Yoast SEO plugin. -->","yoast_head_json":{"title":"Little Explorers of Europe - Mali koraci koji zna\u010de mnogo! - Europe House","robots":{"index":"index","follow":"follow","max-snippet":"max-snippet:-1","max-image-preview":"max-image-preview:large","max-video-preview":"max-video-preview:-1"},"canonical":"https:\/\/www.evropskakuca.me\/me\/mali-koraci-koji-znace-mnogo\/","og_locale":"en_US","og_type":"article","og_title":"Little Explorers of Europe - Mali koraci koji zna\u010de mnogo! - Europe House","og_description":"Smijeh, radoznali pogledi i \u0161areni crte\u017ei ispunili su Evropsku ku\u0107u Bijelo Polje zahvaljuju\u0107i mali\u0161anima iz vrti\u0107a \u201eDu\u0161o Baseki\u0107\u201c, vaspitne jedinice \u201eCrvenkapa\u201c. \u010clanovi tima Evropske ku\u0107e srda\u010dno su do\u010dekali mali\u0161ane i kroz interaktivnu radionicu&nbsp;vodili ih kroz prostorije ku\u0107e, obja\u0161njavaju\u0107i \u0161ta je Evropska unija&nbsp;i koja je uloga Evropske ku\u0107e u Bijelom Polju. Djeca su sa velikim entuzijazmom [&hellip;]","og_url":"https:\/\/www.evropskakuca.me\/me\/mali-koraci-koji-znace-mnogo\/","og_site_name":"Europe House","article_publisher":"https:\/\/www.facebook.com\/evropska.kuca","article_published_time":"2026-02-02T12:35:04+00:00","article_modified_time":"2026-02-02T12:59:56+00:00","og_image":[{"width":1600,"height":800,"url":"https:\/\/www.evropskakuca.me\/wp-content\/uploads\/2026\/02\/viber_image_2026-02-02_12-05-32-463-e1770035799966.jpg","type":"image\/jpeg"}],"author":"Aleksandar Vukovic","twitter_card":"summary_large_image","twitter_creator":"@evropska_kuca","twitter_site":"@evropska_kuca","twitter_misc":{"Written by":"Aleksandar Vukovic","Est. reading time":"3 minutes"},"schema":{"@context":"https:\/\/schema.org","@graph":[{"@type":"Article","@id":"https:\/\/www.evropskakuca.me\/me\/mali-koraci-koji-znace-mnogo\/#article","isPartOf":{"@id":"https:\/\/www.evropskakuca.me\/me\/mali-koraci-koji-znace-mnogo\/"},"author":{"name":"Aleksandar Vukovic","@id":"https:\/\/www.evropskakuca.me\/me\/#\/schema\/person\/7e16527119c7b67f457996b970f2bd6e"},"headline":"Little Explorers of Europe &#8211; Mali koraci koji zna\u010de mnogo!","datePublished":"2026-02-02T12:35:04+00:00","dateModified":"2026-02-02T12:59:56+00:00","mainEntityOfPage":{"@id":"https:\/\/www.evropskakuca.me\/me\/mali-koraci-koji-znace-mnogo\/"},"wordCount":408,"publisher":{"@id":"https:\/\/www.evropskakuca.me\/me\/#organization"},"image":{"@id":"https:\/\/www.evropskakuca.me\/me\/mali-koraci-koji-znace-mnogo\/#primaryimage"},"thumbnailUrl":"https:\/\/www.evropskakuca.me\/wp-content\/uploads\/2026\/02\/viber_image_2026-02-02_12-05-32-463-e1770035799966.jpg","articleSection":["Bijelo Polje","Novosti","Vesti"],"inLanguage":"me-ME"},{"@type":"WebPage","@id":"https:\/\/www.evropskakuca.me\/me\/mali-koraci-koji-znace-mnogo\/","url":"https:\/\/www.evropskakuca.me\/me\/mali-koraci-koji-znace-mnogo\/","name":"Little Explorers of Europe - Mali koraci koji zna\u010de mnogo! - Europe House","isPartOf":{"@id":"https:\/\/www.evropskakuca.me\/me\/#website"},"primaryImageOfPage":{"@id":"https:\/\/www.evropskakuca.me\/me\/mali-koraci-koji-znace-mnogo\/#primaryimage"},"image":{"@id":"https:\/\/www.evropskakuca.me\/me\/mali-koraci-koji-znace-mnogo\/#primaryimage"},"thumbnailUrl":"https:\/\/www.evropskakuca.me\/wp-content\/uploads\/2026\/02\/viber_image_2026-02-02_12-05-32-463-e1770035799966.jpg","datePublished":"2026-02-02T12:35:04+00:00","dateModified":"2026-02-02T12:59:56+00:00","breadcrumb":{"@id":"https:\/\/www.evropskakuca.me\/me\/mali-koraci-koji-znace-mnogo\/#breadcrumb"},"inLanguage":"me-ME","potentialAction":[{"@type":"ReadAction","target":["https:\/\/www.evropskakuca.me\/me\/mali-koraci-koji-znace-mnogo\/"]}]},{"@type":"ImageObject","inLanguage":"me-ME","@id":"https:\/\/www.evropskakuca.me\/me\/mali-koraci-koji-znace-mnogo\/#primaryimage","url":"https:\/\/www.evropskakuca.me\/wp-content\/uploads\/2026\/02\/viber_image_2026-02-02_12-05-32-463-e1770035799966.jpg","contentUrl":"https:\/\/www.evropskakuca.me\/wp-content\/uploads\/2026\/02\/viber_image_2026-02-02_12-05-32-463-e1770035799966.jpg","width":1600,"height":800},{"@type":"BreadcrumbList","@id":"https:\/\/www.evropskakuca.me\/me\/mali-koraci-koji-znace-mnogo\/#breadcrumb","itemListElement":[{"@type":"ListItem","position":1,"name":"Home","item":"https:\/\/www.evropskakuca.me\/me\/"},{"@type":"ListItem","position":2,"name":"Little Explorers of Europe &#8211; Mali koraci koji zna\u010de mnogo!"}]},{"@type":"WebSite","@id":"https:\/\/www.evropskakuca.me\/me\/#website","url":"https:\/\/www.evropskakuca.me\/me\/","name":"Evropean house","description":"","publisher":{"@id":"https:\/\/www.evropskakuca.me\/me\/#organization"},"potentialAction":[{"@type":"SearchAction","target":{"@type":"EntryPoint","urlTemplate":"https:\/\/www.evropskakuca.me\/me\/?s={search_term_string}"},"query-input":{"@type":"PropertyValueSpecification","valueRequired":true,"valueName":"search_term_string"}}],"inLanguage":"me-ME"},{"@type":"Organization","@id":"https:\/\/www.evropskakuca.me\/me\/#organization","name":"Evropean house","url":"https:\/\/www.evropskakuca.me\/me\/","logo":{"@type":"ImageObject","inLanguage":"me-ME","@id":"https:\/\/www.evropskakuca.me\/me\/#\/schema\/logo\/image\/","url":"https:\/\/www.evropskakuca.me\/wp-content\/uploads\/2025\/01\/evropska-kuca-logo-1.png","contentUrl":"https:\/\/www.evropskakuca.me\/wp-content\/uploads\/2025\/01\/evropska-kuca-logo-1.png","width":425,"height":312,"caption":"Evropean house"},"image":{"@id":"https:\/\/www.evropskakuca.me\/me\/#\/schema\/logo\/image\/"},"sameAs":["https:\/\/www.facebook.com\/evropska.kuca","https:\/\/x.com\/evropska_kuca","https:\/\/www.instagram.com\/evropska_kuca"]},{"@type":"Person","@id":"https:\/\/www.evropskakuca.me\/me\/#\/schema\/person\/7e16527119c7b67f457996b970f2bd6e","name":"Aleksandar Vukovic","image":{"@type":"ImageObject","inLanguage":"me-ME","@id":"https:\/\/secure.gravatar.com\/avatar\/a1834e0104b0242a886079bde835ba36d80c70f9987a11f3ba33eb9e8d74cc15?s=96&d=mm&r=g","url":"https:\/\/secure.gravatar.com\/avatar\/a1834e0104b0242a886079bde835ba36d80c70f9987a11f3ba33eb9e8d74cc15?s=96&d=mm&r=g","contentUrl":"https:\/\/secure.gravatar.com\/avatar\/a1834e0104b0242a886079bde835ba36d80c70f9987a11f3ba33eb9e8d74cc15?s=96&d=mm&r=g","caption":"Aleksandar Vukovic"},"url":"https:\/\/www.evropskakuca.me\/me\/author\/aleksandar\/"}]}},"_links":{"self":[{"href":"https:\/\/www.evropskakuca.me\/me\/wp-json\/wp\/v2\/posts\/47516","targetHints":{"allow":["GET"]}}],"collection":[{"href":"https:\/\/www.evropskakuca.me\/me\/wp-json\/wp\/v2\/posts"}],"about":[{"href":"https:\/\/www.evropskakuca.me\/me\/wp-json\/wp\/v2\/types\/post"}],"author":[{"embeddable":true,"href":"https:\/\/www.evropskakuca.me\/me\/wp-json\/wp\/v2\/users\/3"}],"replies":[{"embeddable":true,"href":"https:\/\/www.evropskakuca.me\/me\/wp-json\/wp\/v2\/comments?post=47516"}],"version-history":[{"count":3,"href":"https:\/\/www.evropskakuca.me\/me\/wp-json\/wp\/v2\/posts\/47516\/revisions"}],"predecessor-version":[{"id":47531,"href":"https:\/\/www.evropskakuca.me\/me\/wp-json\/wp\/v2\/posts\/47516\/revisions\/47531"}],"wp:featuredmedia":[{"embeddable":true,"href":"https:\/\/www.evropskakuca.me\/me\/wp-json\/wp\/v2\/media\/47517"}],"wp:attachment":[{"href":"https:\/\/www.evropskakuca.me\/me\/wp-json\/wp\/v2\/media?parent=47516"}],"wp:term":[{"taxonomy":"category","embeddable":true,"href":"https:\/\/www.evropskakuca.me\/me\/wp-json\/wp\/v2\/categories?post=47516"},{"taxonomy":"post_tag","embeddable":true,"href":"https:\/\/www.evropskakuca.me\/me\/wp-json\/wp\/v2\/tags?post=47516"}],"curies":[{"name":"wp","href":"https:\/\/api.w.org\/{rel}","templated":true}]}}