{"id":47403,"date":"2026-01-28T11:27:59","date_gmt":"2026-01-28T11:27:59","guid":{"rendered":"https:\/\/www.evropskakuca.me\/?p=47403"},"modified":"2026-01-28T11:33:21","modified_gmt":"2026-01-28T11:33:21","slug":"javnost-pamti-dogadaje-koji-imaju-sustinu-i-grade-dugorocnu-vrijednost","status":"publish","type":"post","link":"https:\/\/www.evropskakuca.me\/me\/javnost-pamti-dogadaje-koji-imaju-sustinu-i-grade-dugorocnu-vrijednost\/","title":{"rendered":"Javnost pamti doga\u0111aje koji imaju su\u0161tinu i grade dugoro\u010dnu vrijednost"},"content":{"rendered":"\n<p>Podgorica, PR pres servis&nbsp;&#8211;&nbsp;U PR i event industriji u Crnoj Gori, koja se ubrzano razvija, prati dinami\u010dne globalne trendove i stvara dodatnu vrijednost kroz kvalitetne doga\u0111aje,&nbsp;&nbsp;publika ne pamti samo produkciju i formu, ve\u0107 su\u0161tinu, zato se izdvajaju i pamte doga\u0111aji sa stvarnom svrhom koji imaju jasne vrijednosti i grade dugoro\u010dan odnos sa zajednicom.<\/p>\n\n\n\n<p><strong>Savjetnik za odnose s javno\u0161\u0107u, Nemanja Boljevi\u0107,<\/strong>&nbsp;istakao je zna\u010daj medijskih i poslovnih doga\u0111aja za razvoj crnogorskog dru\u0161tva i privrede.<\/p>\n\n\n\n<p>\u201ePrije svega bih izdvojio doga\u0111aj obilje\u017eavanja ulaska Crne Gore u SEPA sistem pla\u0107anja. Rije\u010d je o vrlo zna\u010dajnom poduhvatu crnogorskog bankarskog sektora, uz podr\u0161ku Centralne banke, koji \u0107e na\u0161oj privredi, a u kona\u010dnici i gra\u0111anima, donijeti nove prilike za razvoj poslovanja i bolji \u017eivot. Sama proslava doga\u0111aja bila je kvalitetna i na najbolji na\u010din je zaokru\u017eila ovaj veliki iskorak\u201c, rekao je Boljevi\u0107.<\/p>\n\n\n\n<p>Kada su u pitanju doga\u0111aji koji su obilje\u017eili godinu, Boljevi\u0107 je ukazao na 15. jubilarni 2BS forum.<\/p>\n\n\n\n<p>\u201eCrna Gora je doma\u0107in doga\u0111aja koji je prepoznat u \u0161irim okvirima iz oblasti globalne bezbjednosti i pitanja koja oblikuju na\u0161u svakodnevicu. Ponosni smo \u0161to smo ve\u0107 15 godina doma\u0107ini foruma koji ima reputaciju i status na evropskom i svjetskom nivou. Nadam se da \u0107e naredna godina donijeti ve\u0107u sistemsku podr\u0161ku i podr\u0161ku dr\u017eave ovom doga\u0111aju, koji je od nemjerljivog zna\u010daja za ostvarenje vitalnih nacionalnih interesa\u201c, rekao je Boljevi\u0107.<\/p>\n\n\n\n<figure class=\"wp-block-image size-large\"><img fetchpriority=\"high\" decoding=\"async\" width=\"1024\" height=\"683\" src=\"https:\/\/www.evropskakuca.me\/wp-content\/uploads\/2026\/01\/FPHH2730-1-1024x683.jpg\" alt=\"\" class=\"wp-image-47408\" srcset=\"https:\/\/www.evropskakuca.me\/wp-content\/uploads\/2026\/01\/FPHH2730-1-1024x683.jpg 1024w, https:\/\/www.evropskakuca.me\/wp-content\/uploads\/2026\/01\/FPHH2730-1-300x200.jpg 300w, https:\/\/www.evropskakuca.me\/wp-content\/uploads\/2026\/01\/FPHH2730-1-768x512.jpg 768w, https:\/\/www.evropskakuca.me\/wp-content\/uploads\/2026\/01\/FPHH2730-1-1536x1024.jpg 1536w, https:\/\/www.evropskakuca.me\/wp-content\/uploads\/2026\/01\/FPHH2730-1-2048x1365.jpg 2048w\" sizes=\"(max-width: 1024px) 100vw, 1024px\" \/><\/figure>\n\n\n\n<p>On je izdvojio i konferenciju CIM Forum u Kotoru, koja ove godine slavi peto jubilarno izdanje festivala kreativnih industrija, navode\u0107i da taj doga\u0111aj okuplja najbolje u segmentu kreativnih industrija.<\/p>\n\n\n\n<p>\u201eMe\u0111u va\u017enijim doga\u0111ajima pro\u0161le godine je i Adriatic TV &amp; Film Awards u Porto Montenegru, koji je donio lijepu dozu glamura i kvalitetne televizijske i filmske produkcije u Crnoj Gori\u201c, rekao je Boljevi\u0107.<\/p>\n\n\n\n<p>Ocijenio je da doga\u0111aji ne trebaju biti svrha sami po sebi, ve\u0107 prilika za razgovor o vrijednostima i izazovima koji su zna\u010dajni za zajednicu.<\/p>\n\n\n\n<p>&nbsp;\u201eManji formati, koji su danas trend u svijetu, \u010desto su vrlo atraktivni jer omogu\u0107avajukvalitetnu interakciju, posebno u vremenu kada je pa\u017enja publike zna\u010dajno smanjena.Doga\u0111aji moraju biti integralni dio \u0161ire strategije i kampanja kako bi njihova vrijednost bila maksimalna\u201c,smatra Boljevi\u0107.<\/p>\n\n\n\n<p>Ukazao je i na va\u017enost uloge profesionalaca u komunikacijama.<\/p>\n\n\n\n<p>\u201ePR stru\u010dnjaci i kompanije koje se bave komunikacijama u Crnoj Gori razumiju tr\u017ei\u0161te i postavili su standarde industrije. Ono \u0161to nam ponekad nedostaje jeste ja\u010da podr\u0161ka i u pogledu resursa, i u pogledu priznanja od strane dr\u017eavne administracije i biznisa. Profesionalci u komunikacijama moraju biti uklju\u010deni u kreiranje politika i dono\u0161enje odluka od samog po\u010detka, jer su kvalitetna komunikacija i PR klju\u010dni za uspjeh mnogih inicijativa\u201c, naveo je Boljevi\u0107.<\/p>\n\n\n\n<p>Smatra da, uz prepoznavanje zna\u010daja komunikacijske industrije od vrha i adekvatne resurse bud\u017eete, ljudske kapacitete i kontinuiranu edukaciju Crna Gora mo\u017ee ostvariti zna\u010dajne iskorake i dodatnu vrijednost kroz kvalitetne doga\u0111aje i komunikacijske strategije.<\/p>\n\n\n\n<p><strong>Direktorica PR Centra i osniva\u010dica NEXUS PR-a Milena Kalezi\u0107<\/strong>&nbsp;kazala je da su doga\u0111aji protekle godine dobro pratili trendove u pr i event&nbsp;&nbsp;industriji koja ima ubrzan tempo, ali da trend visoke produkcije i sna\u017ene vizuelne estetike&nbsp;&nbsp;ostaje u 2025.<\/p>\n\n\n\n<p>Kao zna\u010dajan doga\u0111aj, Kalezi\u0107 je istakla Forum za vladavinu prava, odr\u017ean krajem novembra.<\/p>\n\n\n\n<p>\u201eOvaj doga\u0111aj imao je reformski karakter i okupio je najzna\u010dajnije predstavnike izvr\u0161ne vlasti, Evropske komisije, pravosu\u0111a i sudstva. Ono \u0161to ga izdvaja jeste efikasna uloga moderatora. Upravo kroz vo\u0111enje diskusije i upravljanje narativom, paneli su pomjereni iz zone ponavljanja ve\u0107 poznatih rezultata ka jasnom artikulisanju narednih koraka i konkretnih obaveza u okviru narednih faza pregovara\u010dkog procesa\u201d, kazala je Kalezi\u0107.<\/p>\n\n\n\n<p>\u201cOva konferencija je jo\u0161 jednom potvrdila da, bez obzira na snagu i vidljivost govornika, uloga moderatora ima klju\u010dni zna\u010daj u oblikovanju kvaliteta javne debate. Dobar moderator ne samo da dr\u017ei strukturu panela, ve\u0107 aktivno uti\u010de na dubinu razgovora, pomjera fokus sa op\u0161tih poruka na konkretne politike i \u010dini da doga\u0111aj ostavi stvarni politi\u010dki i reformski trag\u201c, rekla je Kalezi\u0107.<\/p>\n\n\n\n<p>Posebno je istakla i konferenciju Asocijacije Liderki, koja se fokusirala na rodnu politiku i gra\u0111enje zajednice.<\/p>\n\n\n\n<figure class=\"wp-block-image size-large\"><img decoding=\"async\" width=\"1024\" height=\"683\" src=\"https:\/\/www.evropskakuca.me\/wp-content\/uploads\/2026\/01\/FPHH2777-1024x683.jpg\" alt=\"\" class=\"wp-image-47410\" srcset=\"https:\/\/www.evropskakuca.me\/wp-content\/uploads\/2026\/01\/FPHH2777-1024x683.jpg 1024w, https:\/\/www.evropskakuca.me\/wp-content\/uploads\/2026\/01\/FPHH2777-300x200.jpg 300w, https:\/\/www.evropskakuca.me\/wp-content\/uploads\/2026\/01\/FPHH2777-768x512.jpg 768w, https:\/\/www.evropskakuca.me\/wp-content\/uploads\/2026\/01\/FPHH2777-1536x1024.jpg 1536w, https:\/\/www.evropskakuca.me\/wp-content\/uploads\/2026\/01\/FPHH2777-2048x1365.jpg 2048w\" sizes=\"(max-width: 1024px) 100vw, 1024px\" \/><\/figure>\n\n\n\n<p>\u201eOvaj doga\u0111aj je jako zna\u010dajan za rodnu politiku Crne Gore. Na ovom doga\u0111aju okupilo se mnogo \u017eena liderki iz razli\u010ditih sektora: javne uprave, civilnog dru\u0161tva, biznisa, uklju\u010duju\u0107i i male biznise. Organizatorke su postigli ono \u0161to nije lako, a ve\u0107 se predstavlja kao jedan od najzahtjevnijih trendova za 2026.godinu, a to je izgradnja zajednica, a ne publike, koja mo\u017ee biti sna\u017ean i dugoro\u010dan resurs za stvarne promjene. Bila sam u publici te konferencije i svjedo\u010dila ne samo stvaranju zajednice ve\u0107 snazi pokreta\u201c, rekla je Kalezi\u0107.<\/p>\n\n\n\n<p>Ukazala je i na doga\u0111aj Ministarstva kulture i medija povodom obilje\u017eavanja Njego\u0161evih dana.<\/p>\n\n\n\n<p>\u201eBio je to intiman doga\u0111aj na najvi\u0161em nivou, sa performansom autora Stefana Bo\u0161kovi\u0107a, Relje \u0106upi\u0107a i Milo\u0161a Pejovi\u0107a. Doga\u0111aj je odr\u017ean u Crnogorskoj akademiji nauka i umjetnosti, ali je preno\u0161en i putem streaminga RTCG-a, \u010dime je bio dostupan \u0161iroj publici. Ovaj primjer pokazuje kako eventi mogu imati sna\u017enu umjetni\u010dku notu i izazvati duboku emociju kod publike.\u201c, navela je Kalezi\u0107.<\/p>\n\n\n\n<p>Govore\u0107i o trendovima u PR i event industriji, Kalezi\u0107 smatra da se oni pomjeraju prema manjim, intimnim doga\u0111ajima.<\/p>\n\n\n\n<p>\u201eZadaci pred PR i event industrijom uklju\u010duju organizovanje manjih doga\u0111aja na intimnim lokacijama, koji donose sna\u017eniju povezanost sa zajednicom.&nbsp;&nbsp;U\u010desnici treba da budu povezani sa panelistima i temom, a doga\u0111aj treba uklju\u010divati i medije kako bi ispri\u010dali pri\u010du publike. Klju\u010dni elementi su izgradnja zajednice, izazivanje emocija i kori\u0161\u0107enje follow-up alata za o\u017eivljavanje pri\u010da\u201c, ocijenila je Kalezi\u0107.<\/p>\n\n\n\n<p>Dodala je da vje\u0161ta\u010dka inteligencija nastavlja da \u0161iri mogu\u0107nosti u pr &amp; event industriji, ali da \u0107e upravo izgradnja zajednice, smisleno povezivanje te doga\u0111aji i iskustva vo\u0111eni svrhom ozna\u010diti pomak ka dubljem i promi\u0161ljenijem anga\u017emanu.<\/p>\n\n\n\n<p>Kalezi\u0107 je ukazala da stru\u010dnjaci preporu\u010duju uklju\u010divanje u\u010desnika kroz ankete, nagle promjene agende i omogu\u0107avanje da govore iz li\u010dnih perspektiva.<\/p>\n\n\n\n<p>\u201e\u0160to vi\u0161e intime i li\u010dnih pri\u010da u fokusu, to bolji rezultat doga\u0111aja, koji ostavlja sna\u017ean utisak i kod publike i kod zajednice u cjelini\u201c, zaklju\u010dila je Kalezi\u0107.<\/p>\n\n\n\n<p><strong>Novinarka i urednica Televizije Vijesti i Magazina Forbes Danijela Lasica<\/strong>&nbsp;ocijenila je da je po\u010detak pro\u0161le godine obilje\u017eila tragedija na Cetinju, koja je ostavila duboke posljedice po crnogorsko dru\u0161tvo, ali i ogolila slabosti institucija sistema.<\/p>\n\n\n\n<p>\u201ePrvi januar je tragedija koja nas je sve obilje\u017eila. Osim \u0161to je stradalo mnogo ljudi, dodatni osje\u0107aj nemo\u0107i proizlazi iz \u010dinjenice da institucije, ni vi\u0161e od godinu dana kasnije, nijesu uradile gotovo ni\u0161ta da rije\u0161e uzroke koji su do toga doveli ili da gra\u0111anima uliju osje\u0107aj sigurnosti\u201c, kazala je Lasica.<\/p>\n\n\n\n<p>Prema njenim rije\u010dima, dru\u0161tvo i institucije su na tom ispitu \u201edebelo pali\u201c i zaslu\u017eili \u201eneprelaznu ocjenu\u201c.<\/p>\n\n\n\n<p>Kao jo\u0161 jedan negativan primjer izdvaja vi\u0161emjese\u010dnu javnu polemiku oko spomenika Pavlu \u0110uri\u0161i\u0107u, ocjenjuju\u0107i da je rije\u010d o temi koja nije trebalo da bude u fokusu javnosti, medija i dru\u0161tva, a koja je ipak dominirala tokom godine.<\/p>\n\n\n\n<p>Govore\u0107i o pozitivnim de\u0161avanjima, Lasica je istakla potpisivanje ugovora sa avio-kompanijom Wizz Air, koja \u0107e od ove godine imati bazu u Podgorici i ve\u0107i broj avio-linija.<\/p>\n\n\n\n<figure class=\"wp-block-image size-large\"><img decoding=\"async\" width=\"1024\" height=\"683\" src=\"https:\/\/www.evropskakuca.me\/wp-content\/uploads\/2026\/01\/FPHH2550-1024x683.jpg\" alt=\"\" class=\"wp-image-47412\" srcset=\"https:\/\/www.evropskakuca.me\/wp-content\/uploads\/2026\/01\/FPHH2550-1024x683.jpg 1024w, https:\/\/www.evropskakuca.me\/wp-content\/uploads\/2026\/01\/FPHH2550-300x200.jpg 300w, https:\/\/www.evropskakuca.me\/wp-content\/uploads\/2026\/01\/FPHH2550-768x512.jpg 768w, https:\/\/www.evropskakuca.me\/wp-content\/uploads\/2026\/01\/FPHH2550-1536x1024.jpg 1536w, https:\/\/www.evropskakuca.me\/wp-content\/uploads\/2026\/01\/FPHH2550-2048x1365.jpg 2048w\" sizes=\"(max-width: 1024px) 100vw, 1024px\" \/><\/figure>\n\n\n\n<p>\u201eTo je ne\u0161to \u0161to nam kao dru\u0161tvu i dr\u017eavi nedostaje, mogu\u0107nost da putujemo lak\u0161e i jeftinije\u201c, navela je Lasica.<\/p>\n\n\n\n<p>Posebno je izdvojila i obilje\u017eavanje Dana Evrope, uz koncert Crnogorskog simfonijskog orkestra u Muzi\u010dkom centru, pod dirigentskom palicom Ive Marcano.<\/p>\n\n\n\n<p>\u201e\u010culi smo crnogorsku himnu i Odu radosti. Bio je to lijep i pou\u010dan doga\u0111aj, ne\u0161to \u010dega bi u Crnoj Gori trebalo da bude vi\u0161e\u201c, smatra Lasica.<\/p>\n\n\n\n<p>Osvr\u0107u\u0107i se na stanje u medijima, istakla je da novinarska profesija trpi veliki pritisak zbog dru\u0161tvenih mre\u017ea i o\u010dekivanja brzine.<\/p>\n\n\n\n<p>\u201eMediji treba da budu brzi, ali prije svega pouzdani, ta\u010dni i iskreni. Imam osje\u0107aj da su dru\u0161tvene mre\u017ee po\u010dele da diktiraju \u0161ta je vijest i \u010dime treba da se bavimo\u201c, ocijenila je Lasica.<\/p>\n\n\n\n<p>Ona je upozorila da dio medija poku\u0161ava da \u201eflertuje\u201c sa dru\u0161tvenim mre\u017eama i anonimnim nalozima, \u010desto botovima, koji name\u0107u teme i pravce izvje\u0161tavanja, \u0161to vidi kao jednu od negativnih strana savremenog informisanja. Ipak, podsjetila je da istra\u017eivanja pokazuju da gra\u0111ani Crne Gore i dalje najvi\u0161e povjerenja imaju u tradicionalne medije, prije svega televiziju.<\/p>\n\n\n\n<p>\u201eNisam protiv dru\u0161tvenih mre\u017ea, i sama ih koristim, kao i moja djeca. Tehnologija je neminovna, ali imam utisak da nam je mnogo toga oduzela. Sve se kritikuje, svi znaju tu\u0111i posao bolje od onih koji se njime bave\u201c, navela je Lasica.<\/p>\n\n\n\n<p>Govore\u0107i o svakodnevnom radu redakcije, Lasica je naglasila koliko je za medije va\u017eno pravovremeno i ta\u010dno informisanje o doga\u0111ajima.<\/p>\n\n\n\n<p>\u201eKada unaprijed znamo \u0161ta se de\u0161ava, ko su govornici i \u0161ta mo\u017eemo da o\u010dekujemo, mo\u017eemo da planiramo posao. Pogre\u0161ne ili neprecizne informacije nam oduzimaju vrijeme i ote\u017eavaju rad\u201c, zaklju\u010dila je Lasica.<\/p>\n","protected":false},"excerpt":{"rendered":"<p>Podgorica, PR pres servis&nbsp;&#8211;&nbsp;U PR i event industriji u Crnoj Gori, koja se ubrzano razvija, prati dinami\u010dne globalne trendove i stvara dodatnu vrijednost kroz kvalitetne doga\u0111aje,&nbsp;&nbsp;publika ne pamti samo produkciju i formu, ve\u0107 su\u0161tinu, zato se izdvajaju i pamte doga\u0111aji sa stvarnom svrhom koji imaju jasne vrijednosti i grade dugoro\u010dan odnos sa zajednicom. Savjetnik za [&hellip;]<\/p>\n","protected":false},"author":3,"featured_media":47404,"comment_status":"closed","ping_status":"closed","sticky":false,"template":"","format":"standard","meta":{"_acf_changed":false,"footnotes":""},"categories":[283,524],"tags":[],"class_list":["post-47403","post","type-post","status-publish","format-standard","has-post-thumbnail","hentry","category-novosti-me","category-vesti"],"acf":[],"yoast_head":"<!-- This site is optimized with the Yoast SEO plugin v27.3 - https:\/\/yoast.com\/product\/yoast-seo-wordpress\/ -->\n<title>Javnost pamti doga\u0111aje koji imaju su\u0161tinu i grade dugoro\u010dnu vrijednost - Europe House<\/title>\n<meta name=\"robots\" content=\"index, follow, max-snippet:-1, max-image-preview:large, max-video-preview:-1\" \/>\n<link rel=\"canonical\" href=\"https:\/\/www.evropskakuca.me\/me\/javnost-pamti-dogadaje-koji-imaju-sustinu-i-grade-dugorocnu-vrijednost\/\" \/>\n<meta property=\"og:locale\" content=\"en_US\" \/>\n<meta property=\"og:type\" content=\"article\" \/>\n<meta property=\"og:title\" content=\"Javnost pamti doga\u0111aje koji imaju su\u0161tinu i grade dugoro\u010dnu vrijednost - Europe House\" \/>\n<meta property=\"og:description\" content=\"Podgorica, PR pres servis&nbsp;&#8211;&nbsp;U PR i event industriji u Crnoj Gori, koja se ubrzano razvija, prati dinami\u010dne globalne trendove i stvara dodatnu vrijednost kroz kvalitetne doga\u0111aje,&nbsp;&nbsp;publika ne pamti samo produkciju i formu, ve\u0107 su\u0161tinu, zato se izdvajaju i pamte doga\u0111aji sa stvarnom svrhom koji imaju jasne vrijednosti i grade dugoro\u010dan odnos sa zajednicom. Savjetnik za [&hellip;]\" \/>\n<meta property=\"og:url\" content=\"https:\/\/www.evropskakuca.me\/me\/javnost-pamti-dogadaje-koji-imaju-sustinu-i-grade-dugorocnu-vrijednost\/\" \/>\n<meta property=\"og:site_name\" content=\"Europe House\" \/>\n<meta property=\"article:publisher\" content=\"https:\/\/www.facebook.com\/evropska.kuca\" \/>\n<meta property=\"article:published_time\" content=\"2026-01-28T11:27:59+00:00\" \/>\n<meta property=\"article:modified_time\" content=\"2026-01-28T11:33:21+00:00\" \/>\n<meta property=\"og:image\" content=\"https:\/\/www.evropskakuca.me\/wp-content\/uploads\/2026\/01\/FPHH2700-scaled-e1769599547493.jpg\" \/>\n\t<meta property=\"og:image:width\" content=\"2560\" \/>\n\t<meta property=\"og:image:height\" content=\"998\" \/>\n\t<meta property=\"og:image:type\" content=\"image\/jpeg\" \/>\n<meta name=\"author\" content=\"Aleksandar Vukovic\" \/>\n<meta name=\"twitter:card\" content=\"summary_large_image\" \/>\n<meta name=\"twitter:creator\" content=\"@evropska_kuca\" \/>\n<meta name=\"twitter:site\" content=\"@evropska_kuca\" \/>\n<meta name=\"twitter:label1\" content=\"Written by\" \/>\n\t<meta name=\"twitter:data1\" content=\"Aleksandar Vukovic\" \/>\n\t<meta name=\"twitter:label2\" content=\"Est. reading time\" \/>\n\t<meta name=\"twitter:data2\" content=\"7 minutes\" \/>\n<script type=\"application\/ld+json\" class=\"yoast-schema-graph\">{\"@context\":\"https:\\\/\\\/schema.org\",\"@graph\":[{\"@type\":\"Article\",\"@id\":\"https:\\\/\\\/www.evropskakuca.me\\\/me\\\/javnost-pamti-dogadaje-koji-imaju-sustinu-i-grade-dugorocnu-vrijednost\\\/#article\",\"isPartOf\":{\"@id\":\"https:\\\/\\\/www.evropskakuca.me\\\/me\\\/javnost-pamti-dogadaje-koji-imaju-sustinu-i-grade-dugorocnu-vrijednost\\\/\"},\"author\":{\"name\":\"Aleksandar Vukovic\",\"@id\":\"https:\\\/\\\/www.evropskakuca.me\\\/me\\\/#\\\/schema\\\/person\\\/7e16527119c7b67f457996b970f2bd6e\"},\"headline\":\"Javnost pamti doga\u0111aje koji imaju su\u0161tinu i grade dugoro\u010dnu vrijednost\",\"datePublished\":\"2026-01-28T11:27:59+00:00\",\"dateModified\":\"2026-01-28T11:33:21+00:00\",\"mainEntityOfPage\":{\"@id\":\"https:\\\/\\\/www.evropskakuca.me\\\/me\\\/javnost-pamti-dogadaje-koji-imaju-sustinu-i-grade-dugorocnu-vrijednost\\\/\"},\"wordCount\":1617,\"publisher\":{\"@id\":\"https:\\\/\\\/www.evropskakuca.me\\\/me\\\/#organization\"},\"image\":{\"@id\":\"https:\\\/\\\/www.evropskakuca.me\\\/me\\\/javnost-pamti-dogadaje-koji-imaju-sustinu-i-grade-dugorocnu-vrijednost\\\/#primaryimage\"},\"thumbnailUrl\":\"https:\\\/\\\/www.evropskakuca.me\\\/wp-content\\\/uploads\\\/2026\\\/01\\\/FPHH2700-scaled-e1769599547493.jpg\",\"articleSection\":[\"Novosti\",\"Vesti\"],\"inLanguage\":\"me-ME\"},{\"@type\":\"WebPage\",\"@id\":\"https:\\\/\\\/www.evropskakuca.me\\\/me\\\/javnost-pamti-dogadaje-koji-imaju-sustinu-i-grade-dugorocnu-vrijednost\\\/\",\"url\":\"https:\\\/\\\/www.evropskakuca.me\\\/me\\\/javnost-pamti-dogadaje-koji-imaju-sustinu-i-grade-dugorocnu-vrijednost\\\/\",\"name\":\"Javnost pamti doga\u0111aje koji imaju su\u0161tinu i grade dugoro\u010dnu vrijednost - Europe House\",\"isPartOf\":{\"@id\":\"https:\\\/\\\/www.evropskakuca.me\\\/me\\\/#website\"},\"primaryImageOfPage\":{\"@id\":\"https:\\\/\\\/www.evropskakuca.me\\\/me\\\/javnost-pamti-dogadaje-koji-imaju-sustinu-i-grade-dugorocnu-vrijednost\\\/#primaryimage\"},\"image\":{\"@id\":\"https:\\\/\\\/www.evropskakuca.me\\\/me\\\/javnost-pamti-dogadaje-koji-imaju-sustinu-i-grade-dugorocnu-vrijednost\\\/#primaryimage\"},\"thumbnailUrl\":\"https:\\\/\\\/www.evropskakuca.me\\\/wp-content\\\/uploads\\\/2026\\\/01\\\/FPHH2700-scaled-e1769599547493.jpg\",\"datePublished\":\"2026-01-28T11:27:59+00:00\",\"dateModified\":\"2026-01-28T11:33:21+00:00\",\"breadcrumb\":{\"@id\":\"https:\\\/\\\/www.evropskakuca.me\\\/me\\\/javnost-pamti-dogadaje-koji-imaju-sustinu-i-grade-dugorocnu-vrijednost\\\/#breadcrumb\"},\"inLanguage\":\"me-ME\",\"potentialAction\":[{\"@type\":\"ReadAction\",\"target\":[\"https:\\\/\\\/www.evropskakuca.me\\\/me\\\/javnost-pamti-dogadaje-koji-imaju-sustinu-i-grade-dugorocnu-vrijednost\\\/\"]}]},{\"@type\":\"ImageObject\",\"inLanguage\":\"me-ME\",\"@id\":\"https:\\\/\\\/www.evropskakuca.me\\\/me\\\/javnost-pamti-dogadaje-koji-imaju-sustinu-i-grade-dugorocnu-vrijednost\\\/#primaryimage\",\"url\":\"https:\\\/\\\/www.evropskakuca.me\\\/wp-content\\\/uploads\\\/2026\\\/01\\\/FPHH2700-scaled-e1769599547493.jpg\",\"contentUrl\":\"https:\\\/\\\/www.evropskakuca.me\\\/wp-content\\\/uploads\\\/2026\\\/01\\\/FPHH2700-scaled-e1769599547493.jpg\",\"width\":2560,\"height\":998},{\"@type\":\"BreadcrumbList\",\"@id\":\"https:\\\/\\\/www.evropskakuca.me\\\/me\\\/javnost-pamti-dogadaje-koji-imaju-sustinu-i-grade-dugorocnu-vrijednost\\\/#breadcrumb\",\"itemListElement\":[{\"@type\":\"ListItem\",\"position\":1,\"name\":\"Home\",\"item\":\"https:\\\/\\\/www.evropskakuca.me\\\/me\\\/\"},{\"@type\":\"ListItem\",\"position\":2,\"name\":\"Javnost pamti doga\u0111aje koji imaju su\u0161tinu i grade dugoro\u010dnu vrijednost\"}]},{\"@type\":\"WebSite\",\"@id\":\"https:\\\/\\\/www.evropskakuca.me\\\/me\\\/#website\",\"url\":\"https:\\\/\\\/www.evropskakuca.me\\\/me\\\/\",\"name\":\"Evropean house\",\"description\":\"\",\"publisher\":{\"@id\":\"https:\\\/\\\/www.evropskakuca.me\\\/me\\\/#organization\"},\"potentialAction\":[{\"@type\":\"SearchAction\",\"target\":{\"@type\":\"EntryPoint\",\"urlTemplate\":\"https:\\\/\\\/www.evropskakuca.me\\\/me\\\/?s={search_term_string}\"},\"query-input\":{\"@type\":\"PropertyValueSpecification\",\"valueRequired\":true,\"valueName\":\"search_term_string\"}}],\"inLanguage\":\"me-ME\"},{\"@type\":\"Organization\",\"@id\":\"https:\\\/\\\/www.evropskakuca.me\\\/me\\\/#organization\",\"name\":\"Evropean house\",\"url\":\"https:\\\/\\\/www.evropskakuca.me\\\/me\\\/\",\"logo\":{\"@type\":\"ImageObject\",\"inLanguage\":\"me-ME\",\"@id\":\"https:\\\/\\\/www.evropskakuca.me\\\/me\\\/#\\\/schema\\\/logo\\\/image\\\/\",\"url\":\"https:\\\/\\\/www.evropskakuca.me\\\/wp-content\\\/uploads\\\/2025\\\/01\\\/evropska-kuca-logo-1.png\",\"contentUrl\":\"https:\\\/\\\/www.evropskakuca.me\\\/wp-content\\\/uploads\\\/2025\\\/01\\\/evropska-kuca-logo-1.png\",\"width\":425,\"height\":312,\"caption\":\"Evropean house\"},\"image\":{\"@id\":\"https:\\\/\\\/www.evropskakuca.me\\\/me\\\/#\\\/schema\\\/logo\\\/image\\\/\"},\"sameAs\":[\"https:\\\/\\\/www.facebook.com\\\/evropska.kuca\",\"https:\\\/\\\/x.com\\\/evropska_kuca\",\"https:\\\/\\\/www.instagram.com\\\/evropska_kuca\"]},{\"@type\":\"Person\",\"@id\":\"https:\\\/\\\/www.evropskakuca.me\\\/me\\\/#\\\/schema\\\/person\\\/7e16527119c7b67f457996b970f2bd6e\",\"name\":\"Aleksandar Vukovic\",\"image\":{\"@type\":\"ImageObject\",\"inLanguage\":\"me-ME\",\"@id\":\"https:\\\/\\\/secure.gravatar.com\\\/avatar\\\/a1834e0104b0242a886079bde835ba36d80c70f9987a11f3ba33eb9e8d74cc15?s=96&d=mm&r=g\",\"url\":\"https:\\\/\\\/secure.gravatar.com\\\/avatar\\\/a1834e0104b0242a886079bde835ba36d80c70f9987a11f3ba33eb9e8d74cc15?s=96&d=mm&r=g\",\"contentUrl\":\"https:\\\/\\\/secure.gravatar.com\\\/avatar\\\/a1834e0104b0242a886079bde835ba36d80c70f9987a11f3ba33eb9e8d74cc15?s=96&d=mm&r=g\",\"caption\":\"Aleksandar Vukovic\"},\"url\":\"https:\\\/\\\/www.evropskakuca.me\\\/me\\\/author\\\/aleksandar\\\/\"}]}<\/script>\n<!-- \/ Yoast SEO plugin. -->","yoast_head_json":{"title":"Javnost pamti doga\u0111aje koji imaju su\u0161tinu i grade dugoro\u010dnu vrijednost - Europe House","robots":{"index":"index","follow":"follow","max-snippet":"max-snippet:-1","max-image-preview":"max-image-preview:large","max-video-preview":"max-video-preview:-1"},"canonical":"https:\/\/www.evropskakuca.me\/me\/javnost-pamti-dogadaje-koji-imaju-sustinu-i-grade-dugorocnu-vrijednost\/","og_locale":"en_US","og_type":"article","og_title":"Javnost pamti doga\u0111aje koji imaju su\u0161tinu i grade dugoro\u010dnu vrijednost - Europe House","og_description":"Podgorica, PR pres servis&nbsp;&#8211;&nbsp;U PR i event industriji u Crnoj Gori, koja se ubrzano razvija, prati dinami\u010dne globalne trendove i stvara dodatnu vrijednost kroz kvalitetne doga\u0111aje,&nbsp;&nbsp;publika ne pamti samo produkciju i formu, ve\u0107 su\u0161tinu, zato se izdvajaju i pamte doga\u0111aji sa stvarnom svrhom koji imaju jasne vrijednosti i grade dugoro\u010dan odnos sa zajednicom. Savjetnik za [&hellip;]","og_url":"https:\/\/www.evropskakuca.me\/me\/javnost-pamti-dogadaje-koji-imaju-sustinu-i-grade-dugorocnu-vrijednost\/","og_site_name":"Europe House","article_publisher":"https:\/\/www.facebook.com\/evropska.kuca","article_published_time":"2026-01-28T11:27:59+00:00","article_modified_time":"2026-01-28T11:33:21+00:00","og_image":[{"width":2560,"height":998,"url":"https:\/\/www.evropskakuca.me\/wp-content\/uploads\/2026\/01\/FPHH2700-scaled-e1769599547493.jpg","type":"image\/jpeg"}],"author":"Aleksandar Vukovic","twitter_card":"summary_large_image","twitter_creator":"@evropska_kuca","twitter_site":"@evropska_kuca","twitter_misc":{"Written by":"Aleksandar Vukovic","Est. reading time":"7 minutes"},"schema":{"@context":"https:\/\/schema.org","@graph":[{"@type":"Article","@id":"https:\/\/www.evropskakuca.me\/me\/javnost-pamti-dogadaje-koji-imaju-sustinu-i-grade-dugorocnu-vrijednost\/#article","isPartOf":{"@id":"https:\/\/www.evropskakuca.me\/me\/javnost-pamti-dogadaje-koji-imaju-sustinu-i-grade-dugorocnu-vrijednost\/"},"author":{"name":"Aleksandar Vukovic","@id":"https:\/\/www.evropskakuca.me\/me\/#\/schema\/person\/7e16527119c7b67f457996b970f2bd6e"},"headline":"Javnost pamti doga\u0111aje koji imaju su\u0161tinu i grade dugoro\u010dnu vrijednost","datePublished":"2026-01-28T11:27:59+00:00","dateModified":"2026-01-28T11:33:21+00:00","mainEntityOfPage":{"@id":"https:\/\/www.evropskakuca.me\/me\/javnost-pamti-dogadaje-koji-imaju-sustinu-i-grade-dugorocnu-vrijednost\/"},"wordCount":1617,"publisher":{"@id":"https:\/\/www.evropskakuca.me\/me\/#organization"},"image":{"@id":"https:\/\/www.evropskakuca.me\/me\/javnost-pamti-dogadaje-koji-imaju-sustinu-i-grade-dugorocnu-vrijednost\/#primaryimage"},"thumbnailUrl":"https:\/\/www.evropskakuca.me\/wp-content\/uploads\/2026\/01\/FPHH2700-scaled-e1769599547493.jpg","articleSection":["Novosti","Vesti"],"inLanguage":"me-ME"},{"@type":"WebPage","@id":"https:\/\/www.evropskakuca.me\/me\/javnost-pamti-dogadaje-koji-imaju-sustinu-i-grade-dugorocnu-vrijednost\/","url":"https:\/\/www.evropskakuca.me\/me\/javnost-pamti-dogadaje-koji-imaju-sustinu-i-grade-dugorocnu-vrijednost\/","name":"Javnost pamti doga\u0111aje koji imaju su\u0161tinu i grade dugoro\u010dnu vrijednost - Europe House","isPartOf":{"@id":"https:\/\/www.evropskakuca.me\/me\/#website"},"primaryImageOfPage":{"@id":"https:\/\/www.evropskakuca.me\/me\/javnost-pamti-dogadaje-koji-imaju-sustinu-i-grade-dugorocnu-vrijednost\/#primaryimage"},"image":{"@id":"https:\/\/www.evropskakuca.me\/me\/javnost-pamti-dogadaje-koji-imaju-sustinu-i-grade-dugorocnu-vrijednost\/#primaryimage"},"thumbnailUrl":"https:\/\/www.evropskakuca.me\/wp-content\/uploads\/2026\/01\/FPHH2700-scaled-e1769599547493.jpg","datePublished":"2026-01-28T11:27:59+00:00","dateModified":"2026-01-28T11:33:21+00:00","breadcrumb":{"@id":"https:\/\/www.evropskakuca.me\/me\/javnost-pamti-dogadaje-koji-imaju-sustinu-i-grade-dugorocnu-vrijednost\/#breadcrumb"},"inLanguage":"me-ME","potentialAction":[{"@type":"ReadAction","target":["https:\/\/www.evropskakuca.me\/me\/javnost-pamti-dogadaje-koji-imaju-sustinu-i-grade-dugorocnu-vrijednost\/"]}]},{"@type":"ImageObject","inLanguage":"me-ME","@id":"https:\/\/www.evropskakuca.me\/me\/javnost-pamti-dogadaje-koji-imaju-sustinu-i-grade-dugorocnu-vrijednost\/#primaryimage","url":"https:\/\/www.evropskakuca.me\/wp-content\/uploads\/2026\/01\/FPHH2700-scaled-e1769599547493.jpg","contentUrl":"https:\/\/www.evropskakuca.me\/wp-content\/uploads\/2026\/01\/FPHH2700-scaled-e1769599547493.jpg","width":2560,"height":998},{"@type":"BreadcrumbList","@id":"https:\/\/www.evropskakuca.me\/me\/javnost-pamti-dogadaje-koji-imaju-sustinu-i-grade-dugorocnu-vrijednost\/#breadcrumb","itemListElement":[{"@type":"ListItem","position":1,"name":"Home","item":"https:\/\/www.evropskakuca.me\/me\/"},{"@type":"ListItem","position":2,"name":"Javnost pamti doga\u0111aje koji imaju su\u0161tinu i grade dugoro\u010dnu vrijednost"}]},{"@type":"WebSite","@id":"https:\/\/www.evropskakuca.me\/me\/#website","url":"https:\/\/www.evropskakuca.me\/me\/","name":"Evropean house","description":"","publisher":{"@id":"https:\/\/www.evropskakuca.me\/me\/#organization"},"potentialAction":[{"@type":"SearchAction","target":{"@type":"EntryPoint","urlTemplate":"https:\/\/www.evropskakuca.me\/me\/?s={search_term_string}"},"query-input":{"@type":"PropertyValueSpecification","valueRequired":true,"valueName":"search_term_string"}}],"inLanguage":"me-ME"},{"@type":"Organization","@id":"https:\/\/www.evropskakuca.me\/me\/#organization","name":"Evropean house","url":"https:\/\/www.evropskakuca.me\/me\/","logo":{"@type":"ImageObject","inLanguage":"me-ME","@id":"https:\/\/www.evropskakuca.me\/me\/#\/schema\/logo\/image\/","url":"https:\/\/www.evropskakuca.me\/wp-content\/uploads\/2025\/01\/evropska-kuca-logo-1.png","contentUrl":"https:\/\/www.evropskakuca.me\/wp-content\/uploads\/2025\/01\/evropska-kuca-logo-1.png","width":425,"height":312,"caption":"Evropean house"},"image":{"@id":"https:\/\/www.evropskakuca.me\/me\/#\/schema\/logo\/image\/"},"sameAs":["https:\/\/www.facebook.com\/evropska.kuca","https:\/\/x.com\/evropska_kuca","https:\/\/www.instagram.com\/evropska_kuca"]},{"@type":"Person","@id":"https:\/\/www.evropskakuca.me\/me\/#\/schema\/person\/7e16527119c7b67f457996b970f2bd6e","name":"Aleksandar Vukovic","image":{"@type":"ImageObject","inLanguage":"me-ME","@id":"https:\/\/secure.gravatar.com\/avatar\/a1834e0104b0242a886079bde835ba36d80c70f9987a11f3ba33eb9e8d74cc15?s=96&d=mm&r=g","url":"https:\/\/secure.gravatar.com\/avatar\/a1834e0104b0242a886079bde835ba36d80c70f9987a11f3ba33eb9e8d74cc15?s=96&d=mm&r=g","contentUrl":"https:\/\/secure.gravatar.com\/avatar\/a1834e0104b0242a886079bde835ba36d80c70f9987a11f3ba33eb9e8d74cc15?s=96&d=mm&r=g","caption":"Aleksandar Vukovic"},"url":"https:\/\/www.evropskakuca.me\/me\/author\/aleksandar\/"}]}},"_links":{"self":[{"href":"https:\/\/www.evropskakuca.me\/me\/wp-json\/wp\/v2\/posts\/47403","targetHints":{"allow":["GET"]}}],"collection":[{"href":"https:\/\/www.evropskakuca.me\/me\/wp-json\/wp\/v2\/posts"}],"about":[{"href":"https:\/\/www.evropskakuca.me\/me\/wp-json\/wp\/v2\/types\/post"}],"author":[{"embeddable":true,"href":"https:\/\/www.evropskakuca.me\/me\/wp-json\/wp\/v2\/users\/3"}],"replies":[{"embeddable":true,"href":"https:\/\/www.evropskakuca.me\/me\/wp-json\/wp\/v2\/comments?post=47403"}],"version-history":[{"count":1,"href":"https:\/\/www.evropskakuca.me\/me\/wp-json\/wp\/v2\/posts\/47403\/revisions"}],"predecessor-version":[{"id":47414,"href":"https:\/\/www.evropskakuca.me\/me\/wp-json\/wp\/v2\/posts\/47403\/revisions\/47414"}],"wp:featuredmedia":[{"embeddable":true,"href":"https:\/\/www.evropskakuca.me\/me\/wp-json\/wp\/v2\/media\/47404"}],"wp:attachment":[{"href":"https:\/\/www.evropskakuca.me\/me\/wp-json\/wp\/v2\/media?parent=47403"}],"wp:term":[{"taxonomy":"category","embeddable":true,"href":"https:\/\/www.evropskakuca.me\/me\/wp-json\/wp\/v2\/categories?post=47403"},{"taxonomy":"post_tag","embeddable":true,"href":"https:\/\/www.evropskakuca.me\/me\/wp-json\/wp\/v2\/tags?post=47403"}],"curies":[{"name":"wp","href":"https:\/\/api.w.org\/{rel}","templated":true}]}}