{"id":4740,"date":"2018-01-17T11:32:51","date_gmt":"2018-01-17T11:32:51","guid":{"rendered":"http:\/\/www.evropskakuca.me\/me\/?p=4740"},"modified":"2018-01-17T11:32:51","modified_gmt":"2018-01-17T11:32:51","slug":"koncert-povodom-obiljezavanja-55-godina-njemacko-francuskog-prijateljstva","status":"publish","type":"post","link":"https:\/\/www.evropskakuca.me\/me\/koncert-povodom-obiljezavanja-55-godina-njemacko-francuskog-prijateljstva\/","title":{"rendered":"Koncert povodom obilje\u017eavanja 55 godina njema\u010dko-francuskog prijateljstva"},"content":{"rendered":"<p>Povodom proslave 55. godi\u0161njice njema\u010dko-francuskog prijateljstva, njema\u010dki ambassador u Crnoj Gori, H<em>ans<\/em> Ginter <em>Matern<\/em> i njegova francuska koleginica Kristin Tudik pozivaju gra\u0111ane na muzi\u010dko ve\u010de uz guda\u010dki kvartet &#8220;AMULETIC&#8221;\u00a0 22. januara 2018. u 19 \u010dasova u KIC Budo Tomovi\u0107. Ulaz je slobodan!<\/p>\n<p><img fetchpriority=\"high\" decoding=\"async\" class=\"alignleft size-full wp-image-4749\" src=\"http:\/\/www.evropskakuca.me\/wp-content\/uploads\/2018\/01\/mlada.jpg\" alt=\"\" width=\"798\" height=\"554\" \/><\/p>\n<p>22. januar 1963. slovi za ro\u0111endan njema\u010dko-francuskog partnerstva. Tog dana u Jelisejskom dvorcu u Parizu njem a\u010dki kancelar Konrad Adenauer i francuski predsjednik \u0160arl de Gol potpisali su sporazum o njema\u010dko-francuskoj saradnji. Jelisejskim sporazumom stavljen je pe\u010dat na pomirenje susjednih dr\u017eava, a od tada ih sve vi\u0161e zbli\u017eavao. Sporazumom, vlade dviju dr\u017eava obavezale su se za konsultacije u svim bitnim pitanjima na polju spoljne politike, politike bezbijednosti, politike mladih i kulture.<\/p>\n<p>U znak sje\u0107anja na ovaj istorijski va\u017ean sporazum, od 2003 svakog 22. januara slavi se &#8220;Dan njema\u010dko-francuskog prijateljstva&#8221;.<\/p>\n","protected":false},"excerpt":{"rendered":"<p>Ulaz je slobodan!<\/p>\n","protected":false},"author":1,"featured_media":33409,"comment_status":"open","ping_status":"open","sticky":false,"template":"","format":"standard","meta":{"_acf_changed":false,"footnotes":""},"categories":[283,2],"tags":[],"class_list":["post-4740","post","type-post","status-publish","format-standard","has-post-thumbnail","hentry","category-novosti-me","category-uncategorized-me"],"acf":[],"yoast_head":"<!-- This site is optimized with the Yoast SEO plugin v27.3 - https:\/\/yoast.com\/product\/yoast-seo-wordpress\/ -->\n<title>Koncert povodom obilje\u017eavanja 55 godina njema\u010dko-francuskog prijateljstva - Europe House<\/title>\n<meta name=\"robots\" content=\"index, follow, max-snippet:-1, max-image-preview:large, max-video-preview:-1\" \/>\n<link rel=\"canonical\" href=\"https:\/\/www.evropskakuca.me\/me\/koncert-povodom-obiljezavanja-55-godina-njemacko-francuskog-prijateljstva\/\" \/>\n<meta property=\"og:locale\" content=\"en_US\" \/>\n<meta property=\"og:type\" content=\"article\" \/>\n<meta property=\"og:title\" content=\"Koncert povodom obilje\u017eavanja 55 godina njema\u010dko-francuskog prijateljstva - Europe House\" \/>\n<meta property=\"og:description\" content=\"Ulaz je slobodan!\" \/>\n<meta property=\"og:url\" content=\"https:\/\/www.evropskakuca.me\/me\/koncert-povodom-obiljezavanja-55-godina-njemacko-francuskog-prijateljstva\/\" \/>\n<meta property=\"og:site_name\" content=\"Europe House\" \/>\n<meta property=\"article:publisher\" content=\"https:\/\/www.facebook.com\/evropska.kuca\" \/>\n<meta property=\"article:published_time\" content=\"2018-01-17T11:32:51+00:00\" \/>\n<meta property=\"og:image\" content=\"https:\/\/www.evropskakuca.me\/wp-content\/uploads\/2018\/01\/stara.png\" \/>\n\t<meta property=\"og:image:width\" content=\"808\" \/>\n\t<meta property=\"og:image:height\" content=\"554\" \/>\n\t<meta property=\"og:image:type\" content=\"image\/png\" \/>\n<meta name=\"author\" content=\"mkajic\" \/>\n<meta name=\"twitter:card\" content=\"summary_large_image\" \/>\n<meta name=\"twitter:creator\" content=\"@evropska_kuca\" \/>\n<meta name=\"twitter:site\" content=\"@evropska_kuca\" \/>\n<meta name=\"twitter:label1\" content=\"Written by\" \/>\n\t<meta name=\"twitter:data1\" content=\"mkajic\" \/>\n\t<meta name=\"twitter:label2\" content=\"Est. reading time\" \/>\n\t<meta name=\"twitter:data2\" content=\"1 minute\" \/>\n<script type=\"application\/ld+json\" class=\"yoast-schema-graph\">{\"@context\":\"https:\\\/\\\/schema.org\",\"@graph\":[{\"@type\":\"Article\",\"@id\":\"https:\\\/\\\/www.evropskakuca.me\\\/me\\\/koncert-povodom-obiljezavanja-55-godina-njemacko-francuskog-prijateljstva\\\/#article\",\"isPartOf\":{\"@id\":\"https:\\\/\\\/www.evropskakuca.me\\\/me\\\/koncert-povodom-obiljezavanja-55-godina-njemacko-francuskog-prijateljstva\\\/\"},\"author\":{\"name\":\"mkajic\",\"@id\":\"https:\\\/\\\/www.evropskakuca.me\\\/me\\\/#\\\/schema\\\/person\\\/a1d0dcdaefe4a1cd1d60d200ea137ba4\"},\"headline\":\"Koncert povodom obilje\u017eavanja 55 godina njema\u010dko-francuskog prijateljstva\",\"datePublished\":\"2018-01-17T11:32:51+00:00\",\"mainEntityOfPage\":{\"@id\":\"https:\\\/\\\/www.evropskakuca.me\\\/me\\\/koncert-povodom-obiljezavanja-55-godina-njemacko-francuskog-prijateljstva\\\/\"},\"wordCount\":150,\"commentCount\":0,\"publisher\":{\"@id\":\"https:\\\/\\\/www.evropskakuca.me\\\/me\\\/#organization\"},\"image\":{\"@id\":\"https:\\\/\\\/www.evropskakuca.me\\\/me\\\/koncert-povodom-obiljezavanja-55-godina-njemacko-francuskog-prijateljstva\\\/#primaryimage\"},\"thumbnailUrl\":\"https:\\\/\\\/www.evropskakuca.me\\\/wp-content\\\/uploads\\\/2018\\\/01\\\/stara.png\",\"articleSection\":[\"Novosti\",\"Uncategorized @me\"],\"inLanguage\":\"me-ME\",\"potentialAction\":[{\"@type\":\"CommentAction\",\"name\":\"Comment\",\"target\":[\"https:\\\/\\\/www.evropskakuca.me\\\/me\\\/koncert-povodom-obiljezavanja-55-godina-njemacko-francuskog-prijateljstva\\\/#respond\"]}]},{\"@type\":\"WebPage\",\"@id\":\"https:\\\/\\\/www.evropskakuca.me\\\/me\\\/koncert-povodom-obiljezavanja-55-godina-njemacko-francuskog-prijateljstva\\\/\",\"url\":\"https:\\\/\\\/www.evropskakuca.me\\\/me\\\/koncert-povodom-obiljezavanja-55-godina-njemacko-francuskog-prijateljstva\\\/\",\"name\":\"Koncert povodom obilje\u017eavanja 55 godina njema\u010dko-francuskog prijateljstva - Europe House\",\"isPartOf\":{\"@id\":\"https:\\\/\\\/www.evropskakuca.me\\\/me\\\/#website\"},\"primaryImageOfPage\":{\"@id\":\"https:\\\/\\\/www.evropskakuca.me\\\/me\\\/koncert-povodom-obiljezavanja-55-godina-njemacko-francuskog-prijateljstva\\\/#primaryimage\"},\"image\":{\"@id\":\"https:\\\/\\\/www.evropskakuca.me\\\/me\\\/koncert-povodom-obiljezavanja-55-godina-njemacko-francuskog-prijateljstva\\\/#primaryimage\"},\"thumbnailUrl\":\"https:\\\/\\\/www.evropskakuca.me\\\/wp-content\\\/uploads\\\/2018\\\/01\\\/stara.png\",\"datePublished\":\"2018-01-17T11:32:51+00:00\",\"breadcrumb\":{\"@id\":\"https:\\\/\\\/www.evropskakuca.me\\\/me\\\/koncert-povodom-obiljezavanja-55-godina-njemacko-francuskog-prijateljstva\\\/#breadcrumb\"},\"inLanguage\":\"me-ME\",\"potentialAction\":[{\"@type\":\"ReadAction\",\"target\":[\"https:\\\/\\\/www.evropskakuca.me\\\/me\\\/koncert-povodom-obiljezavanja-55-godina-njemacko-francuskog-prijateljstva\\\/\"]}]},{\"@type\":\"ImageObject\",\"inLanguage\":\"me-ME\",\"@id\":\"https:\\\/\\\/www.evropskakuca.me\\\/me\\\/koncert-povodom-obiljezavanja-55-godina-njemacko-francuskog-prijateljstva\\\/#primaryimage\",\"url\":\"https:\\\/\\\/www.evropskakuca.me\\\/wp-content\\\/uploads\\\/2018\\\/01\\\/stara.png\",\"contentUrl\":\"https:\\\/\\\/www.evropskakuca.me\\\/wp-content\\\/uploads\\\/2018\\\/01\\\/stara.png\",\"width\":808,\"height\":554},{\"@type\":\"BreadcrumbList\",\"@id\":\"https:\\\/\\\/www.evropskakuca.me\\\/me\\\/koncert-povodom-obiljezavanja-55-godina-njemacko-francuskog-prijateljstva\\\/#breadcrumb\",\"itemListElement\":[{\"@type\":\"ListItem\",\"position\":1,\"name\":\"Home\",\"item\":\"https:\\\/\\\/www.evropskakuca.me\\\/me\\\/\"},{\"@type\":\"ListItem\",\"position\":2,\"name\":\"Koncert povodom obilje\u017eavanja 55 godina njema\u010dko-francuskog prijateljstva\"}]},{\"@type\":\"WebSite\",\"@id\":\"https:\\\/\\\/www.evropskakuca.me\\\/me\\\/#website\",\"url\":\"https:\\\/\\\/www.evropskakuca.me\\\/me\\\/\",\"name\":\"Evropean house\",\"description\":\"\",\"publisher\":{\"@id\":\"https:\\\/\\\/www.evropskakuca.me\\\/me\\\/#organization\"},\"potentialAction\":[{\"@type\":\"SearchAction\",\"target\":{\"@type\":\"EntryPoint\",\"urlTemplate\":\"https:\\\/\\\/www.evropskakuca.me\\\/me\\\/?s={search_term_string}\"},\"query-input\":{\"@type\":\"PropertyValueSpecification\",\"valueRequired\":true,\"valueName\":\"search_term_string\"}}],\"inLanguage\":\"me-ME\"},{\"@type\":\"Organization\",\"@id\":\"https:\\\/\\\/www.evropskakuca.me\\\/me\\\/#organization\",\"name\":\"Evropean house\",\"url\":\"https:\\\/\\\/www.evropskakuca.me\\\/me\\\/\",\"logo\":{\"@type\":\"ImageObject\",\"inLanguage\":\"me-ME\",\"@id\":\"https:\\\/\\\/www.evropskakuca.me\\\/me\\\/#\\\/schema\\\/logo\\\/image\\\/\",\"url\":\"https:\\\/\\\/www.evropskakuca.me\\\/wp-content\\\/uploads\\\/2025\\\/01\\\/evropska-kuca-logo-1.png\",\"contentUrl\":\"https:\\\/\\\/www.evropskakuca.me\\\/wp-content\\\/uploads\\\/2025\\\/01\\\/evropska-kuca-logo-1.png\",\"width\":425,\"height\":312,\"caption\":\"Evropean house\"},\"image\":{\"@id\":\"https:\\\/\\\/www.evropskakuca.me\\\/me\\\/#\\\/schema\\\/logo\\\/image\\\/\"},\"sameAs\":[\"https:\\\/\\\/www.facebook.com\\\/evropska.kuca\",\"https:\\\/\\\/x.com\\\/evropska_kuca\",\"https:\\\/\\\/www.instagram.com\\\/evropska_kuca\"]},{\"@type\":\"Person\",\"@id\":\"https:\\\/\\\/www.evropskakuca.me\\\/me\\\/#\\\/schema\\\/person\\\/a1d0dcdaefe4a1cd1d60d200ea137ba4\",\"name\":\"mkajic\",\"image\":{\"@type\":\"ImageObject\",\"inLanguage\":\"me-ME\",\"@id\":\"https:\\\/\\\/secure.gravatar.com\\\/avatar\\\/731fa035cefab7316e6bafd1f25a93fb731a07de14e2d9923f8db4422628eabc?s=96&d=mm&r=g\",\"url\":\"https:\\\/\\\/secure.gravatar.com\\\/avatar\\\/731fa035cefab7316e6bafd1f25a93fb731a07de14e2d9923f8db4422628eabc?s=96&d=mm&r=g\",\"contentUrl\":\"https:\\\/\\\/secure.gravatar.com\\\/avatar\\\/731fa035cefab7316e6bafd1f25a93fb731a07de14e2d9923f8db4422628eabc?s=96&d=mm&r=g\",\"caption\":\"mkajic\"},\"sameAs\":[\"https:\\\/\\\/evropskakuca.me\"],\"url\":\"https:\\\/\\\/www.evropskakuca.me\\\/me\\\/author\\\/mkajic\\\/\"}]}<\/script>\n<!-- \/ Yoast SEO plugin. -->","yoast_head_json":{"title":"Koncert povodom obilje\u017eavanja 55 godina njema\u010dko-francuskog prijateljstva - Europe House","robots":{"index":"index","follow":"follow","max-snippet":"max-snippet:-1","max-image-preview":"max-image-preview:large","max-video-preview":"max-video-preview:-1"},"canonical":"https:\/\/www.evropskakuca.me\/me\/koncert-povodom-obiljezavanja-55-godina-njemacko-francuskog-prijateljstva\/","og_locale":"en_US","og_type":"article","og_title":"Koncert povodom obilje\u017eavanja 55 godina njema\u010dko-francuskog prijateljstva - Europe House","og_description":"Ulaz je slobodan!","og_url":"https:\/\/www.evropskakuca.me\/me\/koncert-povodom-obiljezavanja-55-godina-njemacko-francuskog-prijateljstva\/","og_site_name":"Europe House","article_publisher":"https:\/\/www.facebook.com\/evropska.kuca","article_published_time":"2018-01-17T11:32:51+00:00","og_image":[{"width":808,"height":554,"url":"https:\/\/www.evropskakuca.me\/wp-content\/uploads\/2018\/01\/stara.png","type":"image\/png"}],"author":"mkajic","twitter_card":"summary_large_image","twitter_creator":"@evropska_kuca","twitter_site":"@evropska_kuca","twitter_misc":{"Written by":"mkajic","Est. reading time":"1 minute"},"schema":{"@context":"https:\/\/schema.org","@graph":[{"@type":"Article","@id":"https:\/\/www.evropskakuca.me\/me\/koncert-povodom-obiljezavanja-55-godina-njemacko-francuskog-prijateljstva\/#article","isPartOf":{"@id":"https:\/\/www.evropskakuca.me\/me\/koncert-povodom-obiljezavanja-55-godina-njemacko-francuskog-prijateljstva\/"},"author":{"name":"mkajic","@id":"https:\/\/www.evropskakuca.me\/me\/#\/schema\/person\/a1d0dcdaefe4a1cd1d60d200ea137ba4"},"headline":"Koncert povodom obilje\u017eavanja 55 godina njema\u010dko-francuskog prijateljstva","datePublished":"2018-01-17T11:32:51+00:00","mainEntityOfPage":{"@id":"https:\/\/www.evropskakuca.me\/me\/koncert-povodom-obiljezavanja-55-godina-njemacko-francuskog-prijateljstva\/"},"wordCount":150,"commentCount":0,"publisher":{"@id":"https:\/\/www.evropskakuca.me\/me\/#organization"},"image":{"@id":"https:\/\/www.evropskakuca.me\/me\/koncert-povodom-obiljezavanja-55-godina-njemacko-francuskog-prijateljstva\/#primaryimage"},"thumbnailUrl":"https:\/\/www.evropskakuca.me\/wp-content\/uploads\/2018\/01\/stara.png","articleSection":["Novosti","Uncategorized @me"],"inLanguage":"me-ME","potentialAction":[{"@type":"CommentAction","name":"Comment","target":["https:\/\/www.evropskakuca.me\/me\/koncert-povodom-obiljezavanja-55-godina-njemacko-francuskog-prijateljstva\/#respond"]}]},{"@type":"WebPage","@id":"https:\/\/www.evropskakuca.me\/me\/koncert-povodom-obiljezavanja-55-godina-njemacko-francuskog-prijateljstva\/","url":"https:\/\/www.evropskakuca.me\/me\/koncert-povodom-obiljezavanja-55-godina-njemacko-francuskog-prijateljstva\/","name":"Koncert povodom obilje\u017eavanja 55 godina njema\u010dko-francuskog prijateljstva - Europe House","isPartOf":{"@id":"https:\/\/www.evropskakuca.me\/me\/#website"},"primaryImageOfPage":{"@id":"https:\/\/www.evropskakuca.me\/me\/koncert-povodom-obiljezavanja-55-godina-njemacko-francuskog-prijateljstva\/#primaryimage"},"image":{"@id":"https:\/\/www.evropskakuca.me\/me\/koncert-povodom-obiljezavanja-55-godina-njemacko-francuskog-prijateljstva\/#primaryimage"},"thumbnailUrl":"https:\/\/www.evropskakuca.me\/wp-content\/uploads\/2018\/01\/stara.png","datePublished":"2018-01-17T11:32:51+00:00","breadcrumb":{"@id":"https:\/\/www.evropskakuca.me\/me\/koncert-povodom-obiljezavanja-55-godina-njemacko-francuskog-prijateljstva\/#breadcrumb"},"inLanguage":"me-ME","potentialAction":[{"@type":"ReadAction","target":["https:\/\/www.evropskakuca.me\/me\/koncert-povodom-obiljezavanja-55-godina-njemacko-francuskog-prijateljstva\/"]}]},{"@type":"ImageObject","inLanguage":"me-ME","@id":"https:\/\/www.evropskakuca.me\/me\/koncert-povodom-obiljezavanja-55-godina-njemacko-francuskog-prijateljstva\/#primaryimage","url":"https:\/\/www.evropskakuca.me\/wp-content\/uploads\/2018\/01\/stara.png","contentUrl":"https:\/\/www.evropskakuca.me\/wp-content\/uploads\/2018\/01\/stara.png","width":808,"height":554},{"@type":"BreadcrumbList","@id":"https:\/\/www.evropskakuca.me\/me\/koncert-povodom-obiljezavanja-55-godina-njemacko-francuskog-prijateljstva\/#breadcrumb","itemListElement":[{"@type":"ListItem","position":1,"name":"Home","item":"https:\/\/www.evropskakuca.me\/me\/"},{"@type":"ListItem","position":2,"name":"Koncert povodom obilje\u017eavanja 55 godina njema\u010dko-francuskog prijateljstva"}]},{"@type":"WebSite","@id":"https:\/\/www.evropskakuca.me\/me\/#website","url":"https:\/\/www.evropskakuca.me\/me\/","name":"Evropean house","description":"","publisher":{"@id":"https:\/\/www.evropskakuca.me\/me\/#organization"},"potentialAction":[{"@type":"SearchAction","target":{"@type":"EntryPoint","urlTemplate":"https:\/\/www.evropskakuca.me\/me\/?s={search_term_string}"},"query-input":{"@type":"PropertyValueSpecification","valueRequired":true,"valueName":"search_term_string"}}],"inLanguage":"me-ME"},{"@type":"Organization","@id":"https:\/\/www.evropskakuca.me\/me\/#organization","name":"Evropean house","url":"https:\/\/www.evropskakuca.me\/me\/","logo":{"@type":"ImageObject","inLanguage":"me-ME","@id":"https:\/\/www.evropskakuca.me\/me\/#\/schema\/logo\/image\/","url":"https:\/\/www.evropskakuca.me\/wp-content\/uploads\/2025\/01\/evropska-kuca-logo-1.png","contentUrl":"https:\/\/www.evropskakuca.me\/wp-content\/uploads\/2025\/01\/evropska-kuca-logo-1.png","width":425,"height":312,"caption":"Evropean house"},"image":{"@id":"https:\/\/www.evropskakuca.me\/me\/#\/schema\/logo\/image\/"},"sameAs":["https:\/\/www.facebook.com\/evropska.kuca","https:\/\/x.com\/evropska_kuca","https:\/\/www.instagram.com\/evropska_kuca"]},{"@type":"Person","@id":"https:\/\/www.evropskakuca.me\/me\/#\/schema\/person\/a1d0dcdaefe4a1cd1d60d200ea137ba4","name":"mkajic","image":{"@type":"ImageObject","inLanguage":"me-ME","@id":"https:\/\/secure.gravatar.com\/avatar\/731fa035cefab7316e6bafd1f25a93fb731a07de14e2d9923f8db4422628eabc?s=96&d=mm&r=g","url":"https:\/\/secure.gravatar.com\/avatar\/731fa035cefab7316e6bafd1f25a93fb731a07de14e2d9923f8db4422628eabc?s=96&d=mm&r=g","contentUrl":"https:\/\/secure.gravatar.com\/avatar\/731fa035cefab7316e6bafd1f25a93fb731a07de14e2d9923f8db4422628eabc?s=96&d=mm&r=g","caption":"mkajic"},"sameAs":["https:\/\/evropskakuca.me"],"url":"https:\/\/www.evropskakuca.me\/me\/author\/mkajic\/"}]}},"_links":{"self":[{"href":"https:\/\/www.evropskakuca.me\/me\/wp-json\/wp\/v2\/posts\/4740","targetHints":{"allow":["GET"]}}],"collection":[{"href":"https:\/\/www.evropskakuca.me\/me\/wp-json\/wp\/v2\/posts"}],"about":[{"href":"https:\/\/www.evropskakuca.me\/me\/wp-json\/wp\/v2\/types\/post"}],"author":[{"embeddable":true,"href":"https:\/\/www.evropskakuca.me\/me\/wp-json\/wp\/v2\/users\/1"}],"replies":[{"embeddable":true,"href":"https:\/\/www.evropskakuca.me\/me\/wp-json\/wp\/v2\/comments?post=4740"}],"version-history":[{"count":0,"href":"https:\/\/www.evropskakuca.me\/me\/wp-json\/wp\/v2\/posts\/4740\/revisions"}],"wp:featuredmedia":[{"embeddable":true,"href":"https:\/\/www.evropskakuca.me\/me\/wp-json\/wp\/v2\/media\/33409"}],"wp:attachment":[{"href":"https:\/\/www.evropskakuca.me\/me\/wp-json\/wp\/v2\/media?parent=4740"}],"wp:term":[{"taxonomy":"category","embeddable":true,"href":"https:\/\/www.evropskakuca.me\/me\/wp-json\/wp\/v2\/categories?post=4740"},{"taxonomy":"post_tag","embeddable":true,"href":"https:\/\/www.evropskakuca.me\/me\/wp-json\/wp\/v2\/tags?post=4740"}],"curies":[{"name":"wp","href":"https:\/\/api.w.org\/{rel}","templated":true}]}}