{"id":47348,"date":"2026-01-22T11:17:13","date_gmt":"2026-01-22T11:17:13","guid":{"rendered":"https:\/\/www.evropskakuca.me\/?p=47348"},"modified":"2026-01-22T11:18:49","modified_gmt":"2026-01-22T11:18:49","slug":"prioritet-je-zatvaranje-preostalih-pregovarackih-poglavlja-do-kraja-2026","status":"publish","type":"post","link":"https:\/\/www.evropskakuca.me\/me\/prioritet-je-zatvaranje-preostalih-pregovarackih-poglavlja-do-kraja-2026\/","title":{"rendered":"Prioritet je zatvaranje preostalih pregovara\u010dkih poglavlja do kraja 2026"},"content":{"rendered":"\n<p>Ministarstvo evropskih poslova organizovalo je prezentaciju i konsultacije o Nacrtu programa pristupanja Crne Gore Evropskoj uniji 2026 \u2013 2027.<\/p>\n\n\n\n<p>Skup, na kojem su u\u010destvovali predstavnici Odbora za evropske integracije Skup\u0161tine Crne Gore, \u010dlanovi pregovara\u010dke strukture i nevladinih organizacija, bio je prilika za razmjenu mi\u0161ljenja s ciljem \u0161to kvalitetnije finalizacije ovog strate\u0161kog dokumenta.<\/p>\n\n\n\n<figure class=\"wp-block-image size-large\"><img fetchpriority=\"high\" decoding=\"async\" width=\"1024\" height=\"683\" src=\"https:\/\/www.evropskakuca.me\/wp-content\/uploads\/2026\/01\/FRO_5357-1068x712-1-1024x683.jpg\" alt=\"\" class=\"wp-image-47351\" srcset=\"https:\/\/www.evropskakuca.me\/wp-content\/uploads\/2026\/01\/FRO_5357-1068x712-1-1024x683.jpg 1024w, https:\/\/www.evropskakuca.me\/wp-content\/uploads\/2026\/01\/FRO_5357-1068x712-1-300x200.jpg 300w, https:\/\/www.evropskakuca.me\/wp-content\/uploads\/2026\/01\/FRO_5357-1068x712-1-768x512.jpg 768w, https:\/\/www.evropskakuca.me\/wp-content\/uploads\/2026\/01\/FRO_5357-1068x712-1.jpg 1068w\" sizes=\"(max-width: 1024px) 100vw, 1024px\" \/><\/figure>\n\n\n\n<p>Dokument su predstavili dr\u017eavna sekretarka u Ministarstvu evropskih poslova&nbsp;<strong>Biljana Papovi\u0107&nbsp;<\/strong>i v.d. generalnog direktora Direktorata za pristupanje Crne Gore Evropskoj uniji i pravnu tekovinu EU,&nbsp;<strong>Denis Vukoti\u0107&nbsp;<\/strong>i \u0161efica Odsjeka za poljoprivredu i ribarstvo u Ministarstvu evropskih poslova&nbsp;<strong>Granica Petri\u0107.<\/strong><\/p>\n\n\n\n<p>Dr\u017eavna sekretarka<strong>&nbsp;Papovi\u0107<\/strong>&nbsp;pojasnila je da Program pristupanja predstavlja najva\u017eniji strate\u0161ki dokument u pregovara\u010dkom procesu i da obuhvata obaveze za 2026. i 2027. godinu. U nastavku je ukazala da je pred Crnom Gorom, shodno dosada\u0161njoj praksi, veliki broj obaveza u okviru samog dokumenta, ali da je neophodno napraviti jasnu razliku izme\u0111u onih koje proizilaze iz zavr\u0161nih mjerila, odnosno zatvaranja pregovara\u010dkih poglavlja. Istakla je da su upravo te obaveze prioritet Vlade i pregovara\u010dke strukture u prva dva kvartala 2026. godine, kada je predvi\u0111en rok za njihovu realizaciju, a sve u cilju zatvaranja svih pregovara\u010dkih poglavlja do kraja 2026. godine.<\/p>\n\n\n\n<figure class=\"wp-block-image size-large\"><img decoding=\"async\" width=\"1024\" height=\"683\" src=\"https:\/\/www.evropskakuca.me\/wp-content\/uploads\/2026\/01\/Biljana-Papovic-1068x712-1-1024x683.jpg\" alt=\"\" class=\"wp-image-47353\" srcset=\"https:\/\/www.evropskakuca.me\/wp-content\/uploads\/2026\/01\/Biljana-Papovic-1068x712-1-1024x683.jpg 1024w, https:\/\/www.evropskakuca.me\/wp-content\/uploads\/2026\/01\/Biljana-Papovic-1068x712-1-300x200.jpg 300w, https:\/\/www.evropskakuca.me\/wp-content\/uploads\/2026\/01\/Biljana-Papovic-1068x712-1-768x512.jpg 768w, https:\/\/www.evropskakuca.me\/wp-content\/uploads\/2026\/01\/Biljana-Papovic-1068x712-1.jpg 1068w\" sizes=\"(max-width: 1024px) 100vw, 1024px\" \/><\/figure>\n\n\n\n<p>S tim u vezi, navela je da je od ukupno 564 akta, od \u010dega je 490 planirano za 2026. godinu, 122 obaveze direktno vezano za ispunjenje mjerila i zatvaranje poglavlja, i to 22 strate\u0161ka akta, 48 zakona i 52 podzakonska akta. Tako\u0111e je istakla da se ovim PPCG-om, i vizuelno, nastojalo ukazati na obaveze koje predstavljaju uslov za zatvaranje poglavlja, te su one ozna\u010dene plavom bojom.<\/p>\n\n\n\n<p>Naglasila je da je izuzetno va\u017eno da Crna Gora do kraja 2026. godine zavr\u0161i pregovara\u010dki proces, ukazav\u0161i da su rokovi kratki&nbsp;i,&nbsp;imaju\u0107i u vidu zna\u010daj uloge i djelovanja civilnog dru\u0161tva u procesu pristupanja EU,&nbsp;&nbsp;pozvala predstavnike&nbsp;nevladinih organizacija&nbsp;da se uklju\u010de i daju doprinos kako bismo kvalitetno i na vrijeme zavr\u0161ili posao.<\/p>\n\n\n\n<figure class=\"wp-block-image size-large\"><img decoding=\"async\" width=\"1024\" height=\"683\" src=\"https:\/\/www.evropskakuca.me\/wp-content\/uploads\/2026\/01\/FRO_5218-1068x712-1-1024x683.jpg\" alt=\"\" class=\"wp-image-47355\" srcset=\"https:\/\/www.evropskakuca.me\/wp-content\/uploads\/2026\/01\/FRO_5218-1068x712-1-1024x683.jpg 1024w, https:\/\/www.evropskakuca.me\/wp-content\/uploads\/2026\/01\/FRO_5218-1068x712-1-300x200.jpg 300w, https:\/\/www.evropskakuca.me\/wp-content\/uploads\/2026\/01\/FRO_5218-1068x712-1-768x512.jpg 768w, https:\/\/www.evropskakuca.me\/wp-content\/uploads\/2026\/01\/FRO_5218-1068x712-1.jpg 1068w\" sizes=\"(max-width: 1024px) 100vw, 1024px\" \/><\/figure>\n\n\n\n<p>Vr\u0161ilac du\u017enost generalnog direktora&nbsp;<strong>Denis Vukoti\u0107<\/strong>&nbsp;je kazao da PPCG predstavlja klju\u010dni strate\u0161ki dokument evropske integracije, kojim se defini\u0161u obim i dinamika reformi neophodnih za uskla\u0111ivanje sa pravnom tekovinom Evropske unije i koji se, uslijed kontinuiranog razvoja pravne tekovine EU, a\u017eurira na godi\u0161njem nivou kako bi odra\u017eavao najnovije izmjene i osigurao uskla\u0111ivanje nacionalnog zakonodavstva sa evropskim standardima.<\/p>\n\n\n\n<p>On je pojasnio da je izrada PPCGa zapo\u010deta tokom \u010detvrtog kvartala 2025. godine, sa ciljem da se dokument uskladi sa novom pravnom tekovinom EU iz perioda od 1. oktobra 2024. do 31. oktobra 2025, kao i sa dinamikom dono\u0161enja nacionalnih zakonodavnih i strate\u0161kih dokumenata neophodnih za finalizaciju pristupnih pregovora do kraja 2026. godine.<\/p>\n\n\n\n<figure class=\"wp-block-image size-large\"><img loading=\"lazy\" decoding=\"async\" width=\"1024\" height=\"683\" src=\"https:\/\/www.evropskakuca.me\/wp-content\/uploads\/2026\/01\/Denis-Vukotic-1068x712-1-1024x683.jpg\" alt=\"\" class=\"wp-image-47357\" srcset=\"https:\/\/www.evropskakuca.me\/wp-content\/uploads\/2026\/01\/Denis-Vukotic-1068x712-1-1024x683.jpg 1024w, https:\/\/www.evropskakuca.me\/wp-content\/uploads\/2026\/01\/Denis-Vukotic-1068x712-1-300x200.jpg 300w, https:\/\/www.evropskakuca.me\/wp-content\/uploads\/2026\/01\/Denis-Vukotic-1068x712-1-768x512.jpg 768w, https:\/\/www.evropskakuca.me\/wp-content\/uploads\/2026\/01\/Denis-Vukotic-1068x712-1.jpg 1068w\" sizes=\"(max-width: 1024px) 100vw, 1024px\" \/><\/figure>\n\n\n\n<p>\u201ePriprema Programa pristupanja Crne Gore Evropskoj uniji za period 2026\u20132027 podrazumijevala je detaljnu analizu 2.625 akata Evropske unije, pri \u010demu su relevantni propisi koji se prenose u nacionalni pravni poredak preto\u010deni u planske obaveze sadr\u017eane u Programu. Program je koncipiran tako da jasno razdvaja aktivnosti koje predstavljaju neposredan preduslov za zatvaranje pregovara\u010dkih poglavlja od onih koje se sprovode u okviru redovnog procesa daljeg uskla\u0111ivanja sa pravnom tekovinom Evropske unije. Aktivnosti od klju\u010dnog zna\u010daja za zatvaranje poglavlja planirane su u prva dva kvartala godine, u skladu sa praksom Evropske komisije prema kojoj sve obaveze moraju biti realizovane najmanje \u010detiri mjeseca prije planiranog zatvaranja pregovara\u010dkih poglavlja\u201d, kazao je Vukoti\u0107.<\/p>\n\n\n\n<p>\u0160efica Odsjeka za poljoprivredu i ribarstvo u Ministarstvu evropskih poslova,&nbsp;<strong>Granica Kova\u010devi\u0107 Petri\u0107<\/strong>, predstavila je statisti\u010dki aspekt dokumenta, ukazav\u0161i na obim obaveza u okviru strate\u0161kog i zakonodavnog okvira po godinama, sa posebnim fokusom na pregovara\u010dka poglavlja i institucije sa najve\u0107im brojem planiranih obaveza. U tom kontekstu, istakla je da je Nacrtom PPCG-a najve\u0107i broj obaveza planiran u \u0161est pregovara\u010dkih poglavlja:&nbsp;14 \u2013 Saobra\u0107ajna politika (81 obaveza); 12 \u2013 Bezbjednost hrane, veterinarstvo i fitosanitarni poslovi (80 obaveza); 1 \u2013 Sloboda kretanja robe i Poglavlje 13 sa istim brojem obaveza (55 obaveza); 27 \u2013 \u017divotna sredina i klimatske promjene (37 obaveza) i 23 \u2013 Pravosu\u0111e i temeljna prava (28 obaveza).<\/p>\n\n\n\n<figure class=\"wp-block-image size-large\"><img loading=\"lazy\" decoding=\"async\" width=\"1024\" height=\"683\" src=\"https:\/\/www.evropskakuca.me\/wp-content\/uploads\/2026\/01\/Granica-Petric-1068x712-1-1024x683.jpg\" alt=\"\" class=\"wp-image-47359\" srcset=\"https:\/\/www.evropskakuca.me\/wp-content\/uploads\/2026\/01\/Granica-Petric-1068x712-1-1024x683.jpg 1024w, https:\/\/www.evropskakuca.me\/wp-content\/uploads\/2026\/01\/Granica-Petric-1068x712-1-300x200.jpg 300w, https:\/\/www.evropskakuca.me\/wp-content\/uploads\/2026\/01\/Granica-Petric-1068x712-1-768x512.jpg 768w, https:\/\/www.evropskakuca.me\/wp-content\/uploads\/2026\/01\/Granica-Petric-1068x712-1.jpg 1068w\" sizes=\"(max-width: 1024px) 100vw, 1024px\" \/><\/figure>\n\n\n\n<p>Ona je istakla da su najvi\u0161e obaveza planirali Ministarstvo poljoprivrede, \u0161umarstava i vodoprivrede \u2013 94 obaveze; Uprava za bezbjednost hrane, veterinu i fitosanitarne poslove \u2013 80 obaveza; Ministarstvo finansija \u2013&nbsp; 62 obaveze; Ministarstvo ekologije, odr\u017eivog razvoja i razvoja sjevera \u2013 41 obaveza; Ministarstvo ekonomskog razvoja \u2013 38 obaveza; Ministarstvo saobra\u0107aja \u2013 36 obaveza.<\/p>\n\n\n\n<figure class=\"wp-block-image size-large\"><img loading=\"lazy\" decoding=\"async\" width=\"1024\" height=\"683\" src=\"https:\/\/www.evropskakuca.me\/wp-content\/uploads\/2026\/01\/FRO_5437-1068x712-1-1024x683.jpg\" alt=\"\" class=\"wp-image-47361\" srcset=\"https:\/\/www.evropskakuca.me\/wp-content\/uploads\/2026\/01\/FRO_5437-1068x712-1-1024x683.jpg 1024w, https:\/\/www.evropskakuca.me\/wp-content\/uploads\/2026\/01\/FRO_5437-1068x712-1-300x200.jpg 300w, https:\/\/www.evropskakuca.me\/wp-content\/uploads\/2026\/01\/FRO_5437-1068x712-1-768x512.jpg 768w, https:\/\/www.evropskakuca.me\/wp-content\/uploads\/2026\/01\/FRO_5437-1068x712-1.jpg 1068w\" sizes=\"(max-width: 1024px) 100vw, 1024px\" \/><\/figure>\n\n\n\n<p>Tokom diskusije, predstavnici civilnog sektora su pokazali interesovanje za presjek stanja ispunjenosti obaveza u prethodnoj godini. Tako\u0111e, iskazali su zanimanje za usvajanje akata po hitnoj proceduri, pitanja izmjena Ustava, kao i pitanja rodnog identiteta na osnovu samoodre\u0111enja.<\/p>\n","protected":false},"excerpt":{"rendered":"<p>Ministarstvo evropskih poslova organizovalo je prezentaciju i konsultacije o Nacrtu programa pristupanja Crne Gore Evropskoj uniji 2026 \u2013 2027. Skup, na kojem su u\u010destvovali predstavnici Odbora za evropske integracije Skup\u0161tine Crne Gore, \u010dlanovi pregovara\u010dke strukture i nevladinih organizacija, bio je prilika za razmjenu mi\u0161ljenja s ciljem \u0161to kvalitetnije finalizacije ovog strate\u0161kog dokumenta. Dokument su predstavili [&hellip;]<\/p>\n","protected":false},"author":3,"featured_media":47349,"comment_status":"closed","ping_status":"closed","sticky":false,"template":"","format":"standard","meta":{"_acf_changed":false,"footnotes":""},"categories":[283,524],"tags":[],"class_list":["post-47348","post","type-post","status-publish","format-standard","has-post-thumbnail","hentry","category-novosti-me","category-vesti"],"acf":[],"yoast_head":"<!-- This site is optimized with the Yoast SEO plugin v27.3 - https:\/\/yoast.com\/product\/yoast-seo-wordpress\/ -->\n<title>Prioritet je zatvaranje preostalih pregovara\u010dkih poglavlja do kraja 2026 - Europe House<\/title>\n<meta name=\"robots\" content=\"index, follow, max-snippet:-1, max-image-preview:large, max-video-preview:-1\" \/>\n<link rel=\"canonical\" href=\"https:\/\/www.evropskakuca.me\/me\/prioritet-je-zatvaranje-preostalih-pregovarackih-poglavlja-do-kraja-2026\/\" \/>\n<meta property=\"og:locale\" content=\"en_US\" \/>\n<meta property=\"og:type\" content=\"article\" \/>\n<meta property=\"og:title\" content=\"Prioritet je zatvaranje preostalih pregovara\u010dkih poglavlja do kraja 2026 - Europe House\" \/>\n<meta property=\"og:description\" content=\"Ministarstvo evropskih poslova organizovalo je prezentaciju i konsultacije o Nacrtu programa pristupanja Crne Gore Evropskoj uniji 2026 \u2013 2027. Skup, na kojem su u\u010destvovali predstavnici Odbora za evropske integracije Skup\u0161tine Crne Gore, \u010dlanovi pregovara\u010dke strukture i nevladinih organizacija, bio je prilika za razmjenu mi\u0161ljenja s ciljem \u0161to kvalitetnije finalizacije ovog strate\u0161kog dokumenta. Dokument su predstavili [&hellip;]\" \/>\n<meta property=\"og:url\" content=\"https:\/\/www.evropskakuca.me\/me\/prioritet-je-zatvaranje-preostalih-pregovarackih-poglavlja-do-kraja-2026\/\" \/>\n<meta property=\"og:site_name\" content=\"Europe House\" \/>\n<meta property=\"article:publisher\" content=\"https:\/\/www.facebook.com\/evropska.kuca\" \/>\n<meta property=\"article:published_time\" content=\"2026-01-22T11:17:13+00:00\" \/>\n<meta property=\"article:modified_time\" content=\"2026-01-22T11:18:49+00:00\" \/>\n<meta property=\"og:image\" content=\"https:\/\/www.evropskakuca.me\/wp-content\/uploads\/2026\/01\/konsultacije-1068x712-1.jpg\" \/>\n\t<meta property=\"og:image:width\" content=\"1068\" \/>\n\t<meta property=\"og:image:height\" content=\"712\" \/>\n\t<meta property=\"og:image:type\" content=\"image\/jpeg\" \/>\n<meta name=\"author\" content=\"Aleksandar Vukovic\" \/>\n<meta name=\"twitter:card\" content=\"summary_large_image\" \/>\n<meta name=\"twitter:creator\" content=\"@evropska_kuca\" \/>\n<meta name=\"twitter:site\" content=\"@evropska_kuca\" \/>\n<meta name=\"twitter:label1\" content=\"Written by\" \/>\n\t<meta name=\"twitter:data1\" content=\"Aleksandar Vukovic\" \/>\n\t<meta name=\"twitter:label2\" content=\"Est. reading time\" \/>\n\t<meta name=\"twitter:data2\" content=\"5 minutes\" \/>\n<script type=\"application\/ld+json\" class=\"yoast-schema-graph\">{\"@context\":\"https:\\\/\\\/schema.org\",\"@graph\":[{\"@type\":\"Article\",\"@id\":\"https:\\\/\\\/www.evropskakuca.me\\\/me\\\/prioritet-je-zatvaranje-preostalih-pregovarackih-poglavlja-do-kraja-2026\\\/#article\",\"isPartOf\":{\"@id\":\"https:\\\/\\\/www.evropskakuca.me\\\/me\\\/prioritet-je-zatvaranje-preostalih-pregovarackih-poglavlja-do-kraja-2026\\\/\"},\"author\":{\"name\":\"Aleksandar Vukovic\",\"@id\":\"https:\\\/\\\/www.evropskakuca.me\\\/me\\\/#\\\/schema\\\/person\\\/7e16527119c7b67f457996b970f2bd6e\"},\"headline\":\"Prioritet je zatvaranje preostalih pregovara\u010dkih poglavlja do kraja 2026\",\"datePublished\":\"2026-01-22T11:17:13+00:00\",\"dateModified\":\"2026-01-22T11:18:49+00:00\",\"mainEntityOfPage\":{\"@id\":\"https:\\\/\\\/www.evropskakuca.me\\\/me\\\/prioritet-je-zatvaranje-preostalih-pregovarackih-poglavlja-do-kraja-2026\\\/\"},\"wordCount\":766,\"publisher\":{\"@id\":\"https:\\\/\\\/www.evropskakuca.me\\\/me\\\/#organization\"},\"image\":{\"@id\":\"https:\\\/\\\/www.evropskakuca.me\\\/me\\\/prioritet-je-zatvaranje-preostalih-pregovarackih-poglavlja-do-kraja-2026\\\/#primaryimage\"},\"thumbnailUrl\":\"https:\\\/\\\/www.evropskakuca.me\\\/wp-content\\\/uploads\\\/2026\\\/01\\\/konsultacije-1068x712-1.jpg\",\"articleSection\":[\"Novosti\",\"Vesti\"],\"inLanguage\":\"me-ME\"},{\"@type\":\"WebPage\",\"@id\":\"https:\\\/\\\/www.evropskakuca.me\\\/me\\\/prioritet-je-zatvaranje-preostalih-pregovarackih-poglavlja-do-kraja-2026\\\/\",\"url\":\"https:\\\/\\\/www.evropskakuca.me\\\/me\\\/prioritet-je-zatvaranje-preostalih-pregovarackih-poglavlja-do-kraja-2026\\\/\",\"name\":\"Prioritet je zatvaranje preostalih pregovara\u010dkih poglavlja do kraja 2026 - Europe House\",\"isPartOf\":{\"@id\":\"https:\\\/\\\/www.evropskakuca.me\\\/me\\\/#website\"},\"primaryImageOfPage\":{\"@id\":\"https:\\\/\\\/www.evropskakuca.me\\\/me\\\/prioritet-je-zatvaranje-preostalih-pregovarackih-poglavlja-do-kraja-2026\\\/#primaryimage\"},\"image\":{\"@id\":\"https:\\\/\\\/www.evropskakuca.me\\\/me\\\/prioritet-je-zatvaranje-preostalih-pregovarackih-poglavlja-do-kraja-2026\\\/#primaryimage\"},\"thumbnailUrl\":\"https:\\\/\\\/www.evropskakuca.me\\\/wp-content\\\/uploads\\\/2026\\\/01\\\/konsultacije-1068x712-1.jpg\",\"datePublished\":\"2026-01-22T11:17:13+00:00\",\"dateModified\":\"2026-01-22T11:18:49+00:00\",\"breadcrumb\":{\"@id\":\"https:\\\/\\\/www.evropskakuca.me\\\/me\\\/prioritet-je-zatvaranje-preostalih-pregovarackih-poglavlja-do-kraja-2026\\\/#breadcrumb\"},\"inLanguage\":\"me-ME\",\"potentialAction\":[{\"@type\":\"ReadAction\",\"target\":[\"https:\\\/\\\/www.evropskakuca.me\\\/me\\\/prioritet-je-zatvaranje-preostalih-pregovarackih-poglavlja-do-kraja-2026\\\/\"]}]},{\"@type\":\"ImageObject\",\"inLanguage\":\"me-ME\",\"@id\":\"https:\\\/\\\/www.evropskakuca.me\\\/me\\\/prioritet-je-zatvaranje-preostalih-pregovarackih-poglavlja-do-kraja-2026\\\/#primaryimage\",\"url\":\"https:\\\/\\\/www.evropskakuca.me\\\/wp-content\\\/uploads\\\/2026\\\/01\\\/konsultacije-1068x712-1.jpg\",\"contentUrl\":\"https:\\\/\\\/www.evropskakuca.me\\\/wp-content\\\/uploads\\\/2026\\\/01\\\/konsultacije-1068x712-1.jpg\",\"width\":1068,\"height\":712},{\"@type\":\"BreadcrumbList\",\"@id\":\"https:\\\/\\\/www.evropskakuca.me\\\/me\\\/prioritet-je-zatvaranje-preostalih-pregovarackih-poglavlja-do-kraja-2026\\\/#breadcrumb\",\"itemListElement\":[{\"@type\":\"ListItem\",\"position\":1,\"name\":\"Home\",\"item\":\"https:\\\/\\\/www.evropskakuca.me\\\/me\\\/\"},{\"@type\":\"ListItem\",\"position\":2,\"name\":\"Prioritet je zatvaranje preostalih pregovara\u010dkih poglavlja do kraja 2026\"}]},{\"@type\":\"WebSite\",\"@id\":\"https:\\\/\\\/www.evropskakuca.me\\\/me\\\/#website\",\"url\":\"https:\\\/\\\/www.evropskakuca.me\\\/me\\\/\",\"name\":\"Evropean house\",\"description\":\"\",\"publisher\":{\"@id\":\"https:\\\/\\\/www.evropskakuca.me\\\/me\\\/#organization\"},\"potentialAction\":[{\"@type\":\"SearchAction\",\"target\":{\"@type\":\"EntryPoint\",\"urlTemplate\":\"https:\\\/\\\/www.evropskakuca.me\\\/me\\\/?s={search_term_string}\"},\"query-input\":{\"@type\":\"PropertyValueSpecification\",\"valueRequired\":true,\"valueName\":\"search_term_string\"}}],\"inLanguage\":\"me-ME\"},{\"@type\":\"Organization\",\"@id\":\"https:\\\/\\\/www.evropskakuca.me\\\/me\\\/#organization\",\"name\":\"Evropean house\",\"url\":\"https:\\\/\\\/www.evropskakuca.me\\\/me\\\/\",\"logo\":{\"@type\":\"ImageObject\",\"inLanguage\":\"me-ME\",\"@id\":\"https:\\\/\\\/www.evropskakuca.me\\\/me\\\/#\\\/schema\\\/logo\\\/image\\\/\",\"url\":\"https:\\\/\\\/www.evropskakuca.me\\\/wp-content\\\/uploads\\\/2025\\\/01\\\/evropska-kuca-logo-1.png\",\"contentUrl\":\"https:\\\/\\\/www.evropskakuca.me\\\/wp-content\\\/uploads\\\/2025\\\/01\\\/evropska-kuca-logo-1.png\",\"width\":425,\"height\":312,\"caption\":\"Evropean house\"},\"image\":{\"@id\":\"https:\\\/\\\/www.evropskakuca.me\\\/me\\\/#\\\/schema\\\/logo\\\/image\\\/\"},\"sameAs\":[\"https:\\\/\\\/www.facebook.com\\\/evropska.kuca\",\"https:\\\/\\\/x.com\\\/evropska_kuca\",\"https:\\\/\\\/www.instagram.com\\\/evropska_kuca\"]},{\"@type\":\"Person\",\"@id\":\"https:\\\/\\\/www.evropskakuca.me\\\/me\\\/#\\\/schema\\\/person\\\/7e16527119c7b67f457996b970f2bd6e\",\"name\":\"Aleksandar Vukovic\",\"image\":{\"@type\":\"ImageObject\",\"inLanguage\":\"me-ME\",\"@id\":\"https:\\\/\\\/secure.gravatar.com\\\/avatar\\\/a1834e0104b0242a886079bde835ba36d80c70f9987a11f3ba33eb9e8d74cc15?s=96&d=mm&r=g\",\"url\":\"https:\\\/\\\/secure.gravatar.com\\\/avatar\\\/a1834e0104b0242a886079bde835ba36d80c70f9987a11f3ba33eb9e8d74cc15?s=96&d=mm&r=g\",\"contentUrl\":\"https:\\\/\\\/secure.gravatar.com\\\/avatar\\\/a1834e0104b0242a886079bde835ba36d80c70f9987a11f3ba33eb9e8d74cc15?s=96&d=mm&r=g\",\"caption\":\"Aleksandar Vukovic\"},\"url\":\"https:\\\/\\\/www.evropskakuca.me\\\/me\\\/author\\\/aleksandar\\\/\"}]}<\/script>\n<!-- \/ Yoast SEO plugin. -->","yoast_head_json":{"title":"Prioritet je zatvaranje preostalih pregovara\u010dkih poglavlja do kraja 2026 - Europe House","robots":{"index":"index","follow":"follow","max-snippet":"max-snippet:-1","max-image-preview":"max-image-preview:large","max-video-preview":"max-video-preview:-1"},"canonical":"https:\/\/www.evropskakuca.me\/me\/prioritet-je-zatvaranje-preostalih-pregovarackih-poglavlja-do-kraja-2026\/","og_locale":"en_US","og_type":"article","og_title":"Prioritet je zatvaranje preostalih pregovara\u010dkih poglavlja do kraja 2026 - Europe House","og_description":"Ministarstvo evropskih poslova organizovalo je prezentaciju i konsultacije o Nacrtu programa pristupanja Crne Gore Evropskoj uniji 2026 \u2013 2027. Skup, na kojem su u\u010destvovali predstavnici Odbora za evropske integracije Skup\u0161tine Crne Gore, \u010dlanovi pregovara\u010dke strukture i nevladinih organizacija, bio je prilika za razmjenu mi\u0161ljenja s ciljem \u0161to kvalitetnije finalizacije ovog strate\u0161kog dokumenta. Dokument su predstavili [&hellip;]","og_url":"https:\/\/www.evropskakuca.me\/me\/prioritet-je-zatvaranje-preostalih-pregovarackih-poglavlja-do-kraja-2026\/","og_site_name":"Europe House","article_publisher":"https:\/\/www.facebook.com\/evropska.kuca","article_published_time":"2026-01-22T11:17:13+00:00","article_modified_time":"2026-01-22T11:18:49+00:00","og_image":[{"width":1068,"height":712,"url":"https:\/\/www.evropskakuca.me\/wp-content\/uploads\/2026\/01\/konsultacije-1068x712-1.jpg","type":"image\/jpeg"}],"author":"Aleksandar Vukovic","twitter_card":"summary_large_image","twitter_creator":"@evropska_kuca","twitter_site":"@evropska_kuca","twitter_misc":{"Written by":"Aleksandar Vukovic","Est. reading time":"5 minutes"},"schema":{"@context":"https:\/\/schema.org","@graph":[{"@type":"Article","@id":"https:\/\/www.evropskakuca.me\/me\/prioritet-je-zatvaranje-preostalih-pregovarackih-poglavlja-do-kraja-2026\/#article","isPartOf":{"@id":"https:\/\/www.evropskakuca.me\/me\/prioritet-je-zatvaranje-preostalih-pregovarackih-poglavlja-do-kraja-2026\/"},"author":{"name":"Aleksandar Vukovic","@id":"https:\/\/www.evropskakuca.me\/me\/#\/schema\/person\/7e16527119c7b67f457996b970f2bd6e"},"headline":"Prioritet je zatvaranje preostalih pregovara\u010dkih poglavlja do kraja 2026","datePublished":"2026-01-22T11:17:13+00:00","dateModified":"2026-01-22T11:18:49+00:00","mainEntityOfPage":{"@id":"https:\/\/www.evropskakuca.me\/me\/prioritet-je-zatvaranje-preostalih-pregovarackih-poglavlja-do-kraja-2026\/"},"wordCount":766,"publisher":{"@id":"https:\/\/www.evropskakuca.me\/me\/#organization"},"image":{"@id":"https:\/\/www.evropskakuca.me\/me\/prioritet-je-zatvaranje-preostalih-pregovarackih-poglavlja-do-kraja-2026\/#primaryimage"},"thumbnailUrl":"https:\/\/www.evropskakuca.me\/wp-content\/uploads\/2026\/01\/konsultacije-1068x712-1.jpg","articleSection":["Novosti","Vesti"],"inLanguage":"me-ME"},{"@type":"WebPage","@id":"https:\/\/www.evropskakuca.me\/me\/prioritet-je-zatvaranje-preostalih-pregovarackih-poglavlja-do-kraja-2026\/","url":"https:\/\/www.evropskakuca.me\/me\/prioritet-je-zatvaranje-preostalih-pregovarackih-poglavlja-do-kraja-2026\/","name":"Prioritet je zatvaranje preostalih pregovara\u010dkih poglavlja do kraja 2026 - Europe House","isPartOf":{"@id":"https:\/\/www.evropskakuca.me\/me\/#website"},"primaryImageOfPage":{"@id":"https:\/\/www.evropskakuca.me\/me\/prioritet-je-zatvaranje-preostalih-pregovarackih-poglavlja-do-kraja-2026\/#primaryimage"},"image":{"@id":"https:\/\/www.evropskakuca.me\/me\/prioritet-je-zatvaranje-preostalih-pregovarackih-poglavlja-do-kraja-2026\/#primaryimage"},"thumbnailUrl":"https:\/\/www.evropskakuca.me\/wp-content\/uploads\/2026\/01\/konsultacije-1068x712-1.jpg","datePublished":"2026-01-22T11:17:13+00:00","dateModified":"2026-01-22T11:18:49+00:00","breadcrumb":{"@id":"https:\/\/www.evropskakuca.me\/me\/prioritet-je-zatvaranje-preostalih-pregovarackih-poglavlja-do-kraja-2026\/#breadcrumb"},"inLanguage":"me-ME","potentialAction":[{"@type":"ReadAction","target":["https:\/\/www.evropskakuca.me\/me\/prioritet-je-zatvaranje-preostalih-pregovarackih-poglavlja-do-kraja-2026\/"]}]},{"@type":"ImageObject","inLanguage":"me-ME","@id":"https:\/\/www.evropskakuca.me\/me\/prioritet-je-zatvaranje-preostalih-pregovarackih-poglavlja-do-kraja-2026\/#primaryimage","url":"https:\/\/www.evropskakuca.me\/wp-content\/uploads\/2026\/01\/konsultacije-1068x712-1.jpg","contentUrl":"https:\/\/www.evropskakuca.me\/wp-content\/uploads\/2026\/01\/konsultacije-1068x712-1.jpg","width":1068,"height":712},{"@type":"BreadcrumbList","@id":"https:\/\/www.evropskakuca.me\/me\/prioritet-je-zatvaranje-preostalih-pregovarackih-poglavlja-do-kraja-2026\/#breadcrumb","itemListElement":[{"@type":"ListItem","position":1,"name":"Home","item":"https:\/\/www.evropskakuca.me\/me\/"},{"@type":"ListItem","position":2,"name":"Prioritet je zatvaranje preostalih pregovara\u010dkih poglavlja do kraja 2026"}]},{"@type":"WebSite","@id":"https:\/\/www.evropskakuca.me\/me\/#website","url":"https:\/\/www.evropskakuca.me\/me\/","name":"Evropean house","description":"","publisher":{"@id":"https:\/\/www.evropskakuca.me\/me\/#organization"},"potentialAction":[{"@type":"SearchAction","target":{"@type":"EntryPoint","urlTemplate":"https:\/\/www.evropskakuca.me\/me\/?s={search_term_string}"},"query-input":{"@type":"PropertyValueSpecification","valueRequired":true,"valueName":"search_term_string"}}],"inLanguage":"me-ME"},{"@type":"Organization","@id":"https:\/\/www.evropskakuca.me\/me\/#organization","name":"Evropean house","url":"https:\/\/www.evropskakuca.me\/me\/","logo":{"@type":"ImageObject","inLanguage":"me-ME","@id":"https:\/\/www.evropskakuca.me\/me\/#\/schema\/logo\/image\/","url":"https:\/\/www.evropskakuca.me\/wp-content\/uploads\/2025\/01\/evropska-kuca-logo-1.png","contentUrl":"https:\/\/www.evropskakuca.me\/wp-content\/uploads\/2025\/01\/evropska-kuca-logo-1.png","width":425,"height":312,"caption":"Evropean house"},"image":{"@id":"https:\/\/www.evropskakuca.me\/me\/#\/schema\/logo\/image\/"},"sameAs":["https:\/\/www.facebook.com\/evropska.kuca","https:\/\/x.com\/evropska_kuca","https:\/\/www.instagram.com\/evropska_kuca"]},{"@type":"Person","@id":"https:\/\/www.evropskakuca.me\/me\/#\/schema\/person\/7e16527119c7b67f457996b970f2bd6e","name":"Aleksandar Vukovic","image":{"@type":"ImageObject","inLanguage":"me-ME","@id":"https:\/\/secure.gravatar.com\/avatar\/a1834e0104b0242a886079bde835ba36d80c70f9987a11f3ba33eb9e8d74cc15?s=96&d=mm&r=g","url":"https:\/\/secure.gravatar.com\/avatar\/a1834e0104b0242a886079bde835ba36d80c70f9987a11f3ba33eb9e8d74cc15?s=96&d=mm&r=g","contentUrl":"https:\/\/secure.gravatar.com\/avatar\/a1834e0104b0242a886079bde835ba36d80c70f9987a11f3ba33eb9e8d74cc15?s=96&d=mm&r=g","caption":"Aleksandar Vukovic"},"url":"https:\/\/www.evropskakuca.me\/me\/author\/aleksandar\/"}]}},"_links":{"self":[{"href":"https:\/\/www.evropskakuca.me\/me\/wp-json\/wp\/v2\/posts\/47348","targetHints":{"allow":["GET"]}}],"collection":[{"href":"https:\/\/www.evropskakuca.me\/me\/wp-json\/wp\/v2\/posts"}],"about":[{"href":"https:\/\/www.evropskakuca.me\/me\/wp-json\/wp\/v2\/types\/post"}],"author":[{"embeddable":true,"href":"https:\/\/www.evropskakuca.me\/me\/wp-json\/wp\/v2\/users\/3"}],"replies":[{"embeddable":true,"href":"https:\/\/www.evropskakuca.me\/me\/wp-json\/wp\/v2\/comments?post=47348"}],"version-history":[{"count":1,"href":"https:\/\/www.evropskakuca.me\/me\/wp-json\/wp\/v2\/posts\/47348\/revisions"}],"predecessor-version":[{"id":47363,"href":"https:\/\/www.evropskakuca.me\/me\/wp-json\/wp\/v2\/posts\/47348\/revisions\/47363"}],"wp:featuredmedia":[{"embeddable":true,"href":"https:\/\/www.evropskakuca.me\/me\/wp-json\/wp\/v2\/media\/47349"}],"wp:attachment":[{"href":"https:\/\/www.evropskakuca.me\/me\/wp-json\/wp\/v2\/media?parent=47348"}],"wp:term":[{"taxonomy":"category","embeddable":true,"href":"https:\/\/www.evropskakuca.me\/me\/wp-json\/wp\/v2\/categories?post=47348"},{"taxonomy":"post_tag","embeddable":true,"href":"https:\/\/www.evropskakuca.me\/me\/wp-json\/wp\/v2\/tags?post=47348"}],"curies":[{"name":"wp","href":"https:\/\/api.w.org\/{rel}","templated":true}]}}