{"id":4711,"date":"2018-01-18T13:44:38","date_gmt":"2018-01-18T13:44:38","guid":{"rendered":"http:\/\/www.evropskakuca.me\/me\/?p=4711"},"modified":"2018-01-18T13:44:38","modified_gmt":"2018-01-18T13:44:38","slug":"4711","status":"publish","type":"post","link":"https:\/\/www.evropskakuca.me\/me\/4711\/","title":{"rendered":"Raste pozitivan stav o Evropskoj uniji"},"content":{"rendered":"<p>Podgorica, 18. januar \u2013 Istra\u017eivanje javnog mnjenja pokazuje da bi vi\u0161e od tri \u010detvrtine gra\u0111ana (76.5%) iza\u0161lo na referendum o ulasku u Evropsku uniju. Od opredijeljenih gra\u0111ana koji bi iza\u0161li na referednum, dakle onih koji u vrijeme istra\u017eivanja imaju stav po tom pitanju, za ulazak bi glasalo 80.9%, dok bi \u201ene\u201c zaokru\u017eilo \u010detiri puta manje gra\u0111ana (19.1%).<\/p>\n<p>Istra\u017eivanje je tako\u0111e pokazalo da je ve\u0107 \u010detvrtu godinu za redom, od kada se sprovode ispitivanja, podr\u0161ka gra\u0111ana pristupanju Crne Gore Evropskoj unji na konstatno visokom nivou, pa je krajem pro\u0161le godine 62 % ispitanika podr\u017ealo ulazak zemlje u EU.<\/p>\n<p>Rezultate istra\u017eivanja predstavili su u EU info centru ministar evropskih poslova, Aleksandar Andrija Pejovi\u0107, \u0161efica politi\u010dkog sektora u Delegaciji EU u Crnoj Gori, Plamena Hala\u010deva i autorka istra\u017eivanja, Olivera Komar.<\/p>\n<p>Ministar Pejovi\u0107\u00a0ocijenio je da je ovo istra\u017eivanje potvrdilo stabilan trend podr\u0161ke gra\u0111ana Crne Gore \u010dlanstvu u Evropskoj uniji.<\/p>\n<p>\u201eUvijek smo imali stabilan trend od oko 75% onih koji bi na referendumu glasali za \u010dlanstvo u EU. Danas imamo porast i \u010dak 80,9% stanovni\u0161tva bi na tom referendumu glasalo za ulazak u EU. \u010dlanstvo u EU. Ovo govori da imamo jak trend i da oni koji su zainteresovani za ulazak Crne Gore u EU to i pokazuju podr\u0161kom\u201c, rekao je ministar Pejovi\u0107 i dodao:<\/p>\n<p>\u201eDanas kad mnogi govore da je EU u krizi i da nema perspektivu, istra\u017eivanje pokazuje da gra\u0111ani Crne Gore zaista imaju jasnu perspektivu i podr\u017eavaju ono \u0161to radimo. Istra\u017eivanje pokazuje da tre\u0107ina gra\u0111ana razumije da dr\u017eava napreduje prema EU onoliko brzo koliko to okolnosti dozvoljavaju.\u201c<\/p>\n<p><img fetchpriority=\"high\" decoding=\"async\" class=\"alignleft size-large wp-image-4709\" src=\"http:\/\/www.evropskakuca.me\/wp-content\/uploads\/2018\/01\/grafik-1024x724.png\" alt=\"\" width=\"1024\" height=\"724\" \/><\/p>\n<p>\u0160efica politi\u010dkog sektora u Delegaciji EU u Crnoj Gori, Plamena Hala\u010deva je kazala da je u ovom neizvjesnom vremenu stabilan nivo podr\u0161ke integraciji rijedak primjer.<\/p>\n<p>\u201eEvropa ovim dobija vi\u0161e vjetra u svoja jedra, tako\u0111e i politika pro\u0161irenja Crna Gora \u010dak ima i vremenski definisan proces pristupanja. Sada bi trebalo da iskoristimo ovaj novi trenutak i okupimo se oko tog cilja, za koji \u010dvrsto vjerujem da \u0107e napraviti i EU i Crnu Goru boljim mjestom,\u201c kazala je Hla\u010deva.<\/p>\n<p>Broj gra\u0111ana koji imaju pozitivan stav prema EU nastavio je da raste, i sada iznosi 63.7%, \u0161to je najve\u0107i procenat od 2013. godine, od kada se sprovodi ovo istra\u017eivanje.<\/p>\n<p>Pove\u0107ao se i broj gra\u0111ana koji vjeruju da \u0107e Crna Gora, nezavisno od njhovog mi\u0161ljenja, postati dio Evropske unije, pa on sada iznosi 69.4%. \u201eOvo je indikator toga u kojoj ste mjeri iskomunicirali \u0161ta je strate\u0161ki cilj Crne Gore. Dakle, strate\u0161ki cilj Crne gore je ulazak u Evropsku uniju i kao \u0161to vidite da je ljudima to jasno. Bez obzira da li im se to svi\u0111a gra\u0111ani su svjesni da je ulazak u EU budu\u0107nost Crne Gore. Ako bih trebala da biram podatak koji je napozitivniji, ja bih odabrala ovaj podatak,\u201c kazala je autorka ista\u017eivanja, Olivera Komar.<\/p>\n<p>Gotovo svaki drugi gra\u0111anin (46,7%)\u00a0 smatra da je Evropska unija najve\u0107i donator Crnoj Gori.<\/p>\n<p>Kao glavne razloge za podr\u017eku ulaska Crne Gore u EU gra\u0111ani navode: stabilnost, bolji kvalitet \u017eivota i mogu\u0107nost putovanja. Sa duge strane, oni koji ne podr\u017eavaju ulazak, kao glavne razloge navode krizu u EU i izbjegli\u010dku krizu.<\/p>\n<p>Gra\u0111ani pozitivno percipiraju uticaj Evropske unije, pa 63.9% smatra da je podr\u0161ka EU Crnoj Gori pozitivan faktor, dok je kao negativan faktor vidi 29.7% populacije. Sa tim u vezi, broj gra\u0111ana koji smatra da bi ulazak u Evropsku uniju koristio Crnoj Gori (58.5%) je 3.5 puta ve\u0107i od onih koji misle da bi \u0161kodio (17.3%).<\/p>\n<p>U svakoj oblasti dru\u0161tvenog \u017eivota, gra\u0111ani smatraju da \u0107e \u010dlanstvo u Evropskoj uniji imati pozitivan uticaj, a najve\u0107u\u00a0 korist od ulaska u EU ispitanici vide za nezaposlene, mlade i poljoprivrednike.<\/p>\n<p>Kao i prijethodnih godina, gra\u0111ani se najvi\u0161e informi\u0161u o integracijama kroz televiziju, novine i internet portale, dok dodatne informacije tra\u017ee na sajtu Vlade, Delegacije EU u Crnoj Gori i fejzbuk stranici Delegacije i u EU info centru.<\/p>\n<p>Istra\u017eivanje javnog mnjenja sprovela je agencija Defacto u novembru i decembru 2017. godine na uzorku od 1008 ispitanika za potrebe Delegacije EU u Crnoj Gori.<\/p>\n","protected":false},"excerpt":{"rendered":"<p>Od opredijeljenih gra\u0111ana koji bi iza\u0161li na referednum, za ulazak bi glasalo 80.9%<\/p>\n","protected":false},"author":1,"featured_media":33373,"comment_status":"closed","ping_status":"closed","sticky":false,"template":"","format":"standard","meta":{"_acf_changed":false,"footnotes":""},"categories":[285,283],"tags":[],"class_list":["post-4711","post","type-post","status-publish","format-standard","has-post-thumbnail","hentry","category-kampanje-i-eventi","category-novosti-me"],"acf":[],"yoast_head":"<!-- This site is optimized with the Yoast SEO plugin v27.3 - https:\/\/yoast.com\/product\/yoast-seo-wordpress\/ -->\n<title>Raste pozitivan stav o Evropskoj uniji - Europe House<\/title>\n<meta name=\"robots\" content=\"index, follow, max-snippet:-1, max-image-preview:large, max-video-preview:-1\" \/>\n<link rel=\"canonical\" href=\"https:\/\/www.evropskakuca.me\/me\/4711\/\" \/>\n<meta property=\"og:locale\" content=\"en_US\" \/>\n<meta property=\"og:type\" content=\"article\" \/>\n<meta property=\"og:title\" content=\"Raste pozitivan stav o Evropskoj uniji - Europe House\" \/>\n<meta property=\"og:description\" content=\"Od opredijeljenih gra\u0111ana koji bi iza\u0161li na referednum, za ulazak bi glasalo 80.9%\" \/>\n<meta property=\"og:url\" content=\"https:\/\/www.evropskakuca.me\/me\/4711\/\" \/>\n<meta property=\"og:site_name\" content=\"Europe House\" \/>\n<meta property=\"article:publisher\" content=\"https:\/\/www.facebook.com\/evropska.kuca\" \/>\n<meta property=\"article:published_time\" content=\"2018-01-18T13:44:38+00:00\" \/>\n<meta property=\"og:image\" content=\"https:\/\/www.evropskakuca.me\/wp-content\/uploads\/2018\/01\/180118_r_istrazivanja_eu-4-1024x683.jpg\" \/>\n\t<meta property=\"og:image:width\" content=\"1024\" \/>\n\t<meta property=\"og:image:height\" content=\"683\" \/>\n\t<meta property=\"og:image:type\" content=\"image\/jpeg\" \/>\n<meta name=\"author\" content=\"mkajic\" \/>\n<meta name=\"twitter:card\" content=\"summary_large_image\" \/>\n<meta name=\"twitter:creator\" content=\"@evropska_kuca\" \/>\n<meta name=\"twitter:site\" content=\"@evropska_kuca\" \/>\n<meta name=\"twitter:label1\" content=\"Written by\" \/>\n\t<meta name=\"twitter:data1\" content=\"mkajic\" \/>\n\t<meta name=\"twitter:label2\" content=\"Est. reading time\" \/>\n\t<meta name=\"twitter:data2\" content=\"4 minutes\" \/>\n<script type=\"application\/ld+json\" class=\"yoast-schema-graph\">{\"@context\":\"https:\\\/\\\/schema.org\",\"@graph\":[{\"@type\":\"Article\",\"@id\":\"https:\\\/\\\/www.evropskakuca.me\\\/me\\\/4711\\\/#article\",\"isPartOf\":{\"@id\":\"https:\\\/\\\/www.evropskakuca.me\\\/me\\\/4711\\\/\"},\"author\":{\"name\":\"mkajic\",\"@id\":\"https:\\\/\\\/www.evropskakuca.me\\\/me\\\/#\\\/schema\\\/person\\\/a1d0dcdaefe4a1cd1d60d200ea137ba4\"},\"headline\":\"Raste pozitivan stav o Evropskoj uniji\",\"datePublished\":\"2018-01-18T13:44:38+00:00\",\"mainEntityOfPage\":{\"@id\":\"https:\\\/\\\/www.evropskakuca.me\\\/me\\\/4711\\\/\"},\"wordCount\":712,\"publisher\":{\"@id\":\"https:\\\/\\\/www.evropskakuca.me\\\/me\\\/#organization\"},\"image\":{\"@id\":\"https:\\\/\\\/www.evropskakuca.me\\\/me\\\/4711\\\/#primaryimage\"},\"thumbnailUrl\":\"https:\\\/\\\/www.evropskakuca.me\\\/wp-content\\\/uploads\\\/2018\\\/01\\\/180118_r_istrazivanja_eu-4.jpg\",\"articleSection\":[\"Kampanje i eventi\",\"Novosti\"],\"inLanguage\":\"me-ME\"},{\"@type\":\"WebPage\",\"@id\":\"https:\\\/\\\/www.evropskakuca.me\\\/me\\\/4711\\\/\",\"url\":\"https:\\\/\\\/www.evropskakuca.me\\\/me\\\/4711\\\/\",\"name\":\"Raste pozitivan stav o Evropskoj uniji - Europe House\",\"isPartOf\":{\"@id\":\"https:\\\/\\\/www.evropskakuca.me\\\/me\\\/#website\"},\"primaryImageOfPage\":{\"@id\":\"https:\\\/\\\/www.evropskakuca.me\\\/me\\\/4711\\\/#primaryimage\"},\"image\":{\"@id\":\"https:\\\/\\\/www.evropskakuca.me\\\/me\\\/4711\\\/#primaryimage\"},\"thumbnailUrl\":\"https:\\\/\\\/www.evropskakuca.me\\\/wp-content\\\/uploads\\\/2018\\\/01\\\/180118_r_istrazivanja_eu-4.jpg\",\"datePublished\":\"2018-01-18T13:44:38+00:00\",\"breadcrumb\":{\"@id\":\"https:\\\/\\\/www.evropskakuca.me\\\/me\\\/4711\\\/#breadcrumb\"},\"inLanguage\":\"me-ME\",\"potentialAction\":[{\"@type\":\"ReadAction\",\"target\":[\"https:\\\/\\\/www.evropskakuca.me\\\/me\\\/4711\\\/\"]}]},{\"@type\":\"ImageObject\",\"inLanguage\":\"me-ME\",\"@id\":\"https:\\\/\\\/www.evropskakuca.me\\\/me\\\/4711\\\/#primaryimage\",\"url\":\"https:\\\/\\\/www.evropskakuca.me\\\/wp-content\\\/uploads\\\/2018\\\/01\\\/180118_r_istrazivanja_eu-4.jpg\",\"contentUrl\":\"https:\\\/\\\/www.evropskakuca.me\\\/wp-content\\\/uploads\\\/2018\\\/01\\\/180118_r_istrazivanja_eu-4.jpg\",\"width\":2028,\"height\":1352},{\"@type\":\"BreadcrumbList\",\"@id\":\"https:\\\/\\\/www.evropskakuca.me\\\/me\\\/4711\\\/#breadcrumb\",\"itemListElement\":[{\"@type\":\"ListItem\",\"position\":1,\"name\":\"Home\",\"item\":\"https:\\\/\\\/www.evropskakuca.me\\\/me\\\/\"},{\"@type\":\"ListItem\",\"position\":2,\"name\":\"Raste pozitivan stav o Evropskoj uniji\"}]},{\"@type\":\"WebSite\",\"@id\":\"https:\\\/\\\/www.evropskakuca.me\\\/me\\\/#website\",\"url\":\"https:\\\/\\\/www.evropskakuca.me\\\/me\\\/\",\"name\":\"Evropean house\",\"description\":\"\",\"publisher\":{\"@id\":\"https:\\\/\\\/www.evropskakuca.me\\\/me\\\/#organization\"},\"potentialAction\":[{\"@type\":\"SearchAction\",\"target\":{\"@type\":\"EntryPoint\",\"urlTemplate\":\"https:\\\/\\\/www.evropskakuca.me\\\/me\\\/?s={search_term_string}\"},\"query-input\":{\"@type\":\"PropertyValueSpecification\",\"valueRequired\":true,\"valueName\":\"search_term_string\"}}],\"inLanguage\":\"me-ME\"},{\"@type\":\"Organization\",\"@id\":\"https:\\\/\\\/www.evropskakuca.me\\\/me\\\/#organization\",\"name\":\"Evropean house\",\"url\":\"https:\\\/\\\/www.evropskakuca.me\\\/me\\\/\",\"logo\":{\"@type\":\"ImageObject\",\"inLanguage\":\"me-ME\",\"@id\":\"https:\\\/\\\/www.evropskakuca.me\\\/me\\\/#\\\/schema\\\/logo\\\/image\\\/\",\"url\":\"https:\\\/\\\/www.evropskakuca.me\\\/wp-content\\\/uploads\\\/2025\\\/01\\\/evropska-kuca-logo-1.png\",\"contentUrl\":\"https:\\\/\\\/www.evropskakuca.me\\\/wp-content\\\/uploads\\\/2025\\\/01\\\/evropska-kuca-logo-1.png\",\"width\":425,\"height\":312,\"caption\":\"Evropean house\"},\"image\":{\"@id\":\"https:\\\/\\\/www.evropskakuca.me\\\/me\\\/#\\\/schema\\\/logo\\\/image\\\/\"},\"sameAs\":[\"https:\\\/\\\/www.facebook.com\\\/evropska.kuca\",\"https:\\\/\\\/x.com\\\/evropska_kuca\",\"https:\\\/\\\/www.instagram.com\\\/evropska_kuca\"]},{\"@type\":\"Person\",\"@id\":\"https:\\\/\\\/www.evropskakuca.me\\\/me\\\/#\\\/schema\\\/person\\\/a1d0dcdaefe4a1cd1d60d200ea137ba4\",\"name\":\"mkajic\",\"image\":{\"@type\":\"ImageObject\",\"inLanguage\":\"me-ME\",\"@id\":\"https:\\\/\\\/secure.gravatar.com\\\/avatar\\\/731fa035cefab7316e6bafd1f25a93fb731a07de14e2d9923f8db4422628eabc?s=96&d=mm&r=g\",\"url\":\"https:\\\/\\\/secure.gravatar.com\\\/avatar\\\/731fa035cefab7316e6bafd1f25a93fb731a07de14e2d9923f8db4422628eabc?s=96&d=mm&r=g\",\"contentUrl\":\"https:\\\/\\\/secure.gravatar.com\\\/avatar\\\/731fa035cefab7316e6bafd1f25a93fb731a07de14e2d9923f8db4422628eabc?s=96&d=mm&r=g\",\"caption\":\"mkajic\"},\"sameAs\":[\"https:\\\/\\\/evropskakuca.me\"],\"url\":\"https:\\\/\\\/www.evropskakuca.me\\\/me\\\/author\\\/mkajic\\\/\"}]}<\/script>\n<!-- \/ Yoast SEO plugin. -->","yoast_head_json":{"title":"Raste pozitivan stav o Evropskoj uniji - Europe House","robots":{"index":"index","follow":"follow","max-snippet":"max-snippet:-1","max-image-preview":"max-image-preview:large","max-video-preview":"max-video-preview:-1"},"canonical":"https:\/\/www.evropskakuca.me\/me\/4711\/","og_locale":"en_US","og_type":"article","og_title":"Raste pozitivan stav o Evropskoj uniji - Europe House","og_description":"Od opredijeljenih gra\u0111ana koji bi iza\u0161li na referednum, za ulazak bi glasalo 80.9%","og_url":"https:\/\/www.evropskakuca.me\/me\/4711\/","og_site_name":"Europe House","article_publisher":"https:\/\/www.facebook.com\/evropska.kuca","article_published_time":"2018-01-18T13:44:38+00:00","og_image":[{"width":1024,"height":683,"url":"https:\/\/www.evropskakuca.me\/wp-content\/uploads\/2018\/01\/180118_r_istrazivanja_eu-4-1024x683.jpg","type":"image\/jpeg"}],"author":"mkajic","twitter_card":"summary_large_image","twitter_creator":"@evropska_kuca","twitter_site":"@evropska_kuca","twitter_misc":{"Written by":"mkajic","Est. reading time":"4 minutes"},"schema":{"@context":"https:\/\/schema.org","@graph":[{"@type":"Article","@id":"https:\/\/www.evropskakuca.me\/me\/4711\/#article","isPartOf":{"@id":"https:\/\/www.evropskakuca.me\/me\/4711\/"},"author":{"name":"mkajic","@id":"https:\/\/www.evropskakuca.me\/me\/#\/schema\/person\/a1d0dcdaefe4a1cd1d60d200ea137ba4"},"headline":"Raste pozitivan stav o Evropskoj uniji","datePublished":"2018-01-18T13:44:38+00:00","mainEntityOfPage":{"@id":"https:\/\/www.evropskakuca.me\/me\/4711\/"},"wordCount":712,"publisher":{"@id":"https:\/\/www.evropskakuca.me\/me\/#organization"},"image":{"@id":"https:\/\/www.evropskakuca.me\/me\/4711\/#primaryimage"},"thumbnailUrl":"https:\/\/www.evropskakuca.me\/wp-content\/uploads\/2018\/01\/180118_r_istrazivanja_eu-4.jpg","articleSection":["Kampanje i eventi","Novosti"],"inLanguage":"me-ME"},{"@type":"WebPage","@id":"https:\/\/www.evropskakuca.me\/me\/4711\/","url":"https:\/\/www.evropskakuca.me\/me\/4711\/","name":"Raste pozitivan stav o Evropskoj uniji - Europe House","isPartOf":{"@id":"https:\/\/www.evropskakuca.me\/me\/#website"},"primaryImageOfPage":{"@id":"https:\/\/www.evropskakuca.me\/me\/4711\/#primaryimage"},"image":{"@id":"https:\/\/www.evropskakuca.me\/me\/4711\/#primaryimage"},"thumbnailUrl":"https:\/\/www.evropskakuca.me\/wp-content\/uploads\/2018\/01\/180118_r_istrazivanja_eu-4.jpg","datePublished":"2018-01-18T13:44:38+00:00","breadcrumb":{"@id":"https:\/\/www.evropskakuca.me\/me\/4711\/#breadcrumb"},"inLanguage":"me-ME","potentialAction":[{"@type":"ReadAction","target":["https:\/\/www.evropskakuca.me\/me\/4711\/"]}]},{"@type":"ImageObject","inLanguage":"me-ME","@id":"https:\/\/www.evropskakuca.me\/me\/4711\/#primaryimage","url":"https:\/\/www.evropskakuca.me\/wp-content\/uploads\/2018\/01\/180118_r_istrazivanja_eu-4.jpg","contentUrl":"https:\/\/www.evropskakuca.me\/wp-content\/uploads\/2018\/01\/180118_r_istrazivanja_eu-4.jpg","width":2028,"height":1352},{"@type":"BreadcrumbList","@id":"https:\/\/www.evropskakuca.me\/me\/4711\/#breadcrumb","itemListElement":[{"@type":"ListItem","position":1,"name":"Home","item":"https:\/\/www.evropskakuca.me\/me\/"},{"@type":"ListItem","position":2,"name":"Raste pozitivan stav o Evropskoj uniji"}]},{"@type":"WebSite","@id":"https:\/\/www.evropskakuca.me\/me\/#website","url":"https:\/\/www.evropskakuca.me\/me\/","name":"Evropean house","description":"","publisher":{"@id":"https:\/\/www.evropskakuca.me\/me\/#organization"},"potentialAction":[{"@type":"SearchAction","target":{"@type":"EntryPoint","urlTemplate":"https:\/\/www.evropskakuca.me\/me\/?s={search_term_string}"},"query-input":{"@type":"PropertyValueSpecification","valueRequired":true,"valueName":"search_term_string"}}],"inLanguage":"me-ME"},{"@type":"Organization","@id":"https:\/\/www.evropskakuca.me\/me\/#organization","name":"Evropean house","url":"https:\/\/www.evropskakuca.me\/me\/","logo":{"@type":"ImageObject","inLanguage":"me-ME","@id":"https:\/\/www.evropskakuca.me\/me\/#\/schema\/logo\/image\/","url":"https:\/\/www.evropskakuca.me\/wp-content\/uploads\/2025\/01\/evropska-kuca-logo-1.png","contentUrl":"https:\/\/www.evropskakuca.me\/wp-content\/uploads\/2025\/01\/evropska-kuca-logo-1.png","width":425,"height":312,"caption":"Evropean house"},"image":{"@id":"https:\/\/www.evropskakuca.me\/me\/#\/schema\/logo\/image\/"},"sameAs":["https:\/\/www.facebook.com\/evropska.kuca","https:\/\/x.com\/evropska_kuca","https:\/\/www.instagram.com\/evropska_kuca"]},{"@type":"Person","@id":"https:\/\/www.evropskakuca.me\/me\/#\/schema\/person\/a1d0dcdaefe4a1cd1d60d200ea137ba4","name":"mkajic","image":{"@type":"ImageObject","inLanguage":"me-ME","@id":"https:\/\/secure.gravatar.com\/avatar\/731fa035cefab7316e6bafd1f25a93fb731a07de14e2d9923f8db4422628eabc?s=96&d=mm&r=g","url":"https:\/\/secure.gravatar.com\/avatar\/731fa035cefab7316e6bafd1f25a93fb731a07de14e2d9923f8db4422628eabc?s=96&d=mm&r=g","contentUrl":"https:\/\/secure.gravatar.com\/avatar\/731fa035cefab7316e6bafd1f25a93fb731a07de14e2d9923f8db4422628eabc?s=96&d=mm&r=g","caption":"mkajic"},"sameAs":["https:\/\/evropskakuca.me"],"url":"https:\/\/www.evropskakuca.me\/me\/author\/mkajic\/"}]}},"_links":{"self":[{"href":"https:\/\/www.evropskakuca.me\/me\/wp-json\/wp\/v2\/posts\/4711","targetHints":{"allow":["GET"]}}],"collection":[{"href":"https:\/\/www.evropskakuca.me\/me\/wp-json\/wp\/v2\/posts"}],"about":[{"href":"https:\/\/www.evropskakuca.me\/me\/wp-json\/wp\/v2\/types\/post"}],"author":[{"embeddable":true,"href":"https:\/\/www.evropskakuca.me\/me\/wp-json\/wp\/v2\/users\/1"}],"replies":[{"embeddable":true,"href":"https:\/\/www.evropskakuca.me\/me\/wp-json\/wp\/v2\/comments?post=4711"}],"version-history":[{"count":0,"href":"https:\/\/www.evropskakuca.me\/me\/wp-json\/wp\/v2\/posts\/4711\/revisions"}],"wp:featuredmedia":[{"embeddable":true,"href":"https:\/\/www.evropskakuca.me\/me\/wp-json\/wp\/v2\/media\/33373"}],"wp:attachment":[{"href":"https:\/\/www.evropskakuca.me\/me\/wp-json\/wp\/v2\/media?parent=4711"}],"wp:term":[{"taxonomy":"category","embeddable":true,"href":"https:\/\/www.evropskakuca.me\/me\/wp-json\/wp\/v2\/categories?post=4711"},{"taxonomy":"post_tag","embeddable":true,"href":"https:\/\/www.evropskakuca.me\/me\/wp-json\/wp\/v2\/tags?post=4711"}],"curies":[{"name":"wp","href":"https:\/\/api.w.org\/{rel}","templated":true}]}}