{"id":47031,"date":"2025-12-15T11:47:06","date_gmt":"2025-12-15T11:47:06","guid":{"rendered":"https:\/\/www.evropskakuca.me\/eu-dan-na-podgorickom-bazaru-uz-mini-koncert-snezane-ljubojevic\/"},"modified":"2025-12-15T11:48:52","modified_gmt":"2025-12-15T11:48:52","slug":"eu-dan-na-podgorickom-bazaru-uz-mini-koncert-snezane-ljubojevic","status":"publish","type":"post","link":"https:\/\/www.evropskakuca.me\/me\/eu-dan-na-podgorickom-bazaru-uz-mini-koncert-snezane-ljubojevic\/","title":{"rendered":"EU dan na Podgori\u010dkom bazaru uz mini koncert Sne\u017eane Ljubojevi\u0107"},"content":{"rendered":"\n<p>Ministarstvo evropskih poslova i Delegacija Evropske unije u Crnoj Gori, u partnerstvu sa Glavnim gradom Podgorica, kroz EU projekte&nbsp; EU4ME i Evropska ku\u0107a,&nbsp;<strong>organizuju EU dan na podgori\u010dkom pazaru<\/strong>, u subotu,&nbsp;<strong>20. decembra, na Trgu nezavisnosti, od 11 do 14 \u010dasova.<\/strong><\/p>\n\n\n\n<p>Prvo izdanje ove manifestacije donosi raznolik i dinami\u010dan program, a posebnu pa\u017enju privu\u0107i \u0107e&nbsp;<strong>Sne\u017eana Ljubojevi\u0107,<\/strong>&nbsp;vokal izuzetne topline koja je nedavno svojom emocijom i glasom osvojila simpatije \u0161irom regiona.<\/p>\n\n\n\n<figure class=\"wp-block-image size-large\"><img fetchpriority=\"high\" decoding=\"async\" width=\"1024\" height=\"576\" src=\"https:\/\/www.evropskakuca.me\/wp-content\/uploads\/2025\/12\/EU-dan-na-PG-pazaru-1-1024x576.jpg\" alt=\"\" class=\"wp-image-47022\" srcset=\"https:\/\/www.evropskakuca.me\/wp-content\/uploads\/2025\/12\/EU-dan-na-PG-pazaru-1-1024x576.jpg 1024w, https:\/\/www.evropskakuca.me\/wp-content\/uploads\/2025\/12\/EU-dan-na-PG-pazaru-1-300x169.jpg 300w, https:\/\/www.evropskakuca.me\/wp-content\/uploads\/2025\/12\/EU-dan-na-PG-pazaru-1-768x432.jpg 768w, https:\/\/www.evropskakuca.me\/wp-content\/uploads\/2025\/12\/EU-dan-na-PG-pazaru-1-1536x864.jpg 1536w, https:\/\/www.evropskakuca.me\/wp-content\/uploads\/2025\/12\/EU-dan-na-PG-pazaru-1-2048x1152.jpg 2048w\" sizes=\"(max-width: 1024px) 100vw, 1024px\" \/><\/figure>\n\n\n\n<p>\u201eEU dan na podgori\u010dkom pazaru osmi\u0161ljen je kao dru\u017eenje koje spaja umjetnost, zabavu i znanje \u2013 uz brojne prilike da djeca, mladi i oni malo stariji, kroz lako razumljiv i interaktivan sadr\u017eaj, otkriju vrijednosti koje \u010dine evropsku zajednicu. Pozivamo sve gra\u0111ane da nam se pridru\u017ee i zajedno obilje\u017eimo prvo izdanje ove manifestacije u atmosferi dobre energije, muzike, kreativnosti i interesantnih iskustava za cijelu porodicu\u201c, poru\u010dili su organizatori.<\/p>\n\n\n\n<p>Doga\u0111aj \u0107e otvoriti ministarka evropskih poslova&nbsp;<strong>Maida Gor\u010devi\u0107&nbsp;<\/strong>i predsjednica Skup\u0161tine Op\u0161tine Glavnog grada Jelena Borovini\u0107 Bojovi\u0107, nakon \u010dega slijede nastupi hora&nbsp;<strong>Vokalisti<\/strong>&nbsp;pod dirigentskom palicom Sa\u0161e Barjaktarovi\u0107a i Dje\u010dijeg hora&nbsp;<strong>JU \u201eZahumlje\u201c<\/strong>&nbsp;uz dirigentkinju Ivanu Popovi\u0107. Publika \u0107e u\u017eivati u poznatim evropskim pop i rock pjesmama, a umjetni\u010dki dio programa upotpuni\u0107e kreativna radionica za djecu \u201e<strong>Super Zvjezdana kroz \u010das crtanja\u201c.<\/strong><\/p>\n\n\n\n<figure class=\"wp-block-image size-large\"><img decoding=\"async\" width=\"1024\" height=\"576\" src=\"https:\/\/www.evropskakuca.me\/wp-content\/uploads\/2025\/12\/Vizual-3-16x9-copy-1024x576.jpg\" alt=\"\" class=\"wp-image-47024\" srcset=\"https:\/\/www.evropskakuca.me\/wp-content\/uploads\/2025\/12\/Vizual-3-16x9-copy-1024x576.jpg 1024w, https:\/\/www.evropskakuca.me\/wp-content\/uploads\/2025\/12\/Vizual-3-16x9-copy-300x169.jpg 300w, https:\/\/www.evropskakuca.me\/wp-content\/uploads\/2025\/12\/Vizual-3-16x9-copy-768x432.jpg 768w, https:\/\/www.evropskakuca.me\/wp-content\/uploads\/2025\/12\/Vizual-3-16x9-copy-1536x864.jpg 1536w, https:\/\/www.evropskakuca.me\/wp-content\/uploads\/2025\/12\/Vizual-3-16x9-copy-2048x1152.jpg 2048w\" sizes=\"(max-width: 1024px) 100vw, 1024px\" \/><\/figure>\n\n\n\n<p>Najmla\u0111i i ove godine dobijaju svoj poseban kutak kroz EU igre sa&nbsp;<strong>\u017darkom \u017dapcem<\/strong>&nbsp;koji \u0107e, zajedno sa predstavnicima Ministarstva evropskih poslova, djeci na zabavan na\u010din pribli\u017eiti \u0161ta zna\u010di biti dio evropske zajednice i \u0161ta \u010dlanstvo u EU donosi Crnoj Gori.<\/p>\n\n\n\n<figure class=\"wp-block-image aligncenter size-large\"><img decoding=\"async\" width=\"819\" height=\"1024\" src=\"https:\/\/www.evropskakuca.me\/wp-content\/uploads\/2025\/12\/EU-dan-na-PG-pazaru-2-819x1024.jpg\" alt=\"\" class=\"wp-image-47026\" srcset=\"https:\/\/www.evropskakuca.me\/wp-content\/uploads\/2025\/12\/EU-dan-na-PG-pazaru-2-819x1024.jpg 819w, https:\/\/www.evropskakuca.me\/wp-content\/uploads\/2025\/12\/EU-dan-na-PG-pazaru-2-240x300.jpg 240w, https:\/\/www.evropskakuca.me\/wp-content\/uploads\/2025\/12\/EU-dan-na-PG-pazaru-2-768x960.jpg 768w, https:\/\/www.evropskakuca.me\/wp-content\/uploads\/2025\/12\/EU-dan-na-PG-pazaru-2-1229x1536.jpg 1229w, https:\/\/www.evropskakuca.me\/wp-content\/uploads\/2025\/12\/EU-dan-na-PG-pazaru-2-1638x2048.jpg 1638w, https:\/\/www.evropskakuca.me\/wp-content\/uploads\/2025\/12\/EU-dan-na-PG-pazaru-2-scaled.jpg 2048w\" sizes=\"(max-width: 819px) 100vw, 819px\" \/><\/figure>\n\n\n\n<p>Za ljubitelje novih tehnologija bi\u0107e dostupan i&nbsp;<strong>Pollinator Park<\/strong>, futuristi\u010dki prikaz svijeta opra\u0161iva\u010da u virtuelnoj realnosti. Posjetioci \u0107e mo\u0107i da otkriju koliko su p\u010dele i druge vrste va\u017ene za ekosistem i kako funkcioni\u0161e savr\u0161ena veza izme\u0111u biljaka i njihovih \u201emalih pomaga\u010da\u201c.<\/p>\n\n\n\n<p>Tokom cijelog programa bi\u0107e otvorena i EU ku\u0107ica sa zabavnim kvizom znanja, a najuspje\u0161nije u\u010desnike o\u010dekuju pokloni.<\/p>\n","protected":false},"excerpt":{"rendered":"<p>Ministarstvo evropskih poslova i Delegacija Evropske unije u Crnoj Gori, u partnerstvu sa Glavnim gradom Podgorica, kroz EU projekte&nbsp; EU4ME i Evropska ku\u0107a,&nbsp;organizuju EU dan na podgori\u010dkom pazaru, u subotu,&nbsp;20. decembra, na Trgu nezavisnosti, od 11 do 14 \u010dasova. Prvo izdanje ove manifestacije donosi raznolik i dinami\u010dan program, a posebnu pa\u017enju privu\u0107i \u0107e&nbsp;Sne\u017eana Ljubojevi\u0107,&nbsp;vokal izuzetne [&hellip;]<\/p>\n","protected":false},"author":3,"featured_media":47021,"comment_status":"closed","ping_status":"closed","sticky":false,"template":"","format":"standard","meta":{"_acf_changed":false,"footnotes":""},"categories":[283,524],"tags":[],"class_list":["post-47031","post","type-post","status-publish","format-standard","has-post-thumbnail","hentry","category-novosti-me","category-vesti"],"acf":[],"yoast_head":"<!-- This site is optimized with the Yoast SEO plugin v27.3 - https:\/\/yoast.com\/product\/yoast-seo-wordpress\/ -->\n<title>EU dan na Podgori\u010dkom bazaru uz mini koncert Sne\u017eane Ljubojevi\u0107 - Europe House<\/title>\n<meta name=\"robots\" content=\"index, follow, max-snippet:-1, max-image-preview:large, max-video-preview:-1\" \/>\n<link rel=\"canonical\" href=\"https:\/\/www.evropskakuca.me\/me\/eu-dan-na-podgorickom-bazaru-uz-mini-koncert-snezane-ljubojevic\/\" \/>\n<meta property=\"og:locale\" content=\"en_US\" \/>\n<meta property=\"og:type\" content=\"article\" \/>\n<meta property=\"og:title\" content=\"EU dan na Podgori\u010dkom bazaru uz mini koncert Sne\u017eane Ljubojevi\u0107 - Europe House\" \/>\n<meta property=\"og:description\" content=\"Ministarstvo evropskih poslova i Delegacija Evropske unije u Crnoj Gori, u partnerstvu sa Glavnim gradom Podgorica, kroz EU projekte&nbsp; EU4ME i Evropska ku\u0107a,&nbsp;organizuju EU dan na podgori\u010dkom pazaru, u subotu,&nbsp;20. decembra, na Trgu nezavisnosti, od 11 do 14 \u010dasova. Prvo izdanje ove manifestacije donosi raznolik i dinami\u010dan program, a posebnu pa\u017enju privu\u0107i \u0107e&nbsp;Sne\u017eana Ljubojevi\u0107,&nbsp;vokal izuzetne [&hellip;]\" \/>\n<meta property=\"og:url\" content=\"https:\/\/www.evropskakuca.me\/me\/eu-dan-na-podgorickom-bazaru-uz-mini-koncert-snezane-ljubojevic\/\" \/>\n<meta property=\"og:site_name\" content=\"Europe House\" \/>\n<meta property=\"article:publisher\" content=\"https:\/\/www.facebook.com\/evropska.kuca\" \/>\n<meta property=\"article:published_time\" content=\"2025-12-15T11:47:06+00:00\" \/>\n<meta property=\"article:modified_time\" content=\"2025-12-15T11:48:52+00:00\" \/>\n<meta property=\"og:image\" content=\"https:\/\/www.evropskakuca.me\/wp-content\/uploads\/2025\/12\/EU-dan-na-PG-pazaru-3-889x500-1.jpg\" \/>\n\t<meta property=\"og:image:width\" content=\"889\" \/>\n\t<meta property=\"og:image:height\" content=\"500\" \/>\n\t<meta property=\"og:image:type\" content=\"image\/jpeg\" \/>\n<meta name=\"author\" content=\"Aleksandar Vukovic\" \/>\n<meta name=\"twitter:card\" content=\"summary_large_image\" \/>\n<meta name=\"twitter:creator\" content=\"@evropska_kuca\" \/>\n<meta name=\"twitter:site\" content=\"@evropska_kuca\" \/>\n<meta name=\"twitter:label1\" content=\"Written by\" \/>\n\t<meta name=\"twitter:data1\" content=\"Aleksandar Vukovic\" \/>\n\t<meta name=\"twitter:label2\" content=\"Est. reading time\" \/>\n\t<meta name=\"twitter:data2\" content=\"3 minutes\" \/>\n<script type=\"application\/ld+json\" class=\"yoast-schema-graph\">{\"@context\":\"https:\\\/\\\/schema.org\",\"@graph\":[{\"@type\":\"Article\",\"@id\":\"https:\\\/\\\/www.evropskakuca.me\\\/me\\\/eu-dan-na-podgorickom-bazaru-uz-mini-koncert-snezane-ljubojevic\\\/#article\",\"isPartOf\":{\"@id\":\"https:\\\/\\\/www.evropskakuca.me\\\/me\\\/eu-dan-na-podgorickom-bazaru-uz-mini-koncert-snezane-ljubojevic\\\/\"},\"author\":{\"name\":\"Aleksandar Vukovic\",\"@id\":\"https:\\\/\\\/www.evropskakuca.me\\\/me\\\/#\\\/schema\\\/person\\\/7e16527119c7b67f457996b970f2bd6e\"},\"headline\":\"EU dan na Podgori\u010dkom bazaru uz mini koncert Sne\u017eane Ljubojevi\u0107\",\"datePublished\":\"2025-12-15T11:47:06+00:00\",\"dateModified\":\"2025-12-15T11:48:52+00:00\",\"mainEntityOfPage\":{\"@id\":\"https:\\\/\\\/www.evropskakuca.me\\\/me\\\/eu-dan-na-podgorickom-bazaru-uz-mini-koncert-snezane-ljubojevic\\\/\"},\"wordCount\":365,\"publisher\":{\"@id\":\"https:\\\/\\\/www.evropskakuca.me\\\/me\\\/#organization\"},\"image\":{\"@id\":\"https:\\\/\\\/www.evropskakuca.me\\\/me\\\/eu-dan-na-podgorickom-bazaru-uz-mini-koncert-snezane-ljubojevic\\\/#primaryimage\"},\"thumbnailUrl\":\"https:\\\/\\\/www.evropskakuca.me\\\/wp-content\\\/uploads\\\/2025\\\/12\\\/EU-dan-na-PG-pazaru-3-889x500-1.jpg\",\"articleSection\":[\"Novosti\",\"Vesti\"],\"inLanguage\":\"me-ME\"},{\"@type\":\"WebPage\",\"@id\":\"https:\\\/\\\/www.evropskakuca.me\\\/me\\\/eu-dan-na-podgorickom-bazaru-uz-mini-koncert-snezane-ljubojevic\\\/\",\"url\":\"https:\\\/\\\/www.evropskakuca.me\\\/me\\\/eu-dan-na-podgorickom-bazaru-uz-mini-koncert-snezane-ljubojevic\\\/\",\"name\":\"EU dan na Podgori\u010dkom bazaru uz mini koncert Sne\u017eane Ljubojevi\u0107 - Europe House\",\"isPartOf\":{\"@id\":\"https:\\\/\\\/www.evropskakuca.me\\\/me\\\/#website\"},\"primaryImageOfPage\":{\"@id\":\"https:\\\/\\\/www.evropskakuca.me\\\/me\\\/eu-dan-na-podgorickom-bazaru-uz-mini-koncert-snezane-ljubojevic\\\/#primaryimage\"},\"image\":{\"@id\":\"https:\\\/\\\/www.evropskakuca.me\\\/me\\\/eu-dan-na-podgorickom-bazaru-uz-mini-koncert-snezane-ljubojevic\\\/#primaryimage\"},\"thumbnailUrl\":\"https:\\\/\\\/www.evropskakuca.me\\\/wp-content\\\/uploads\\\/2025\\\/12\\\/EU-dan-na-PG-pazaru-3-889x500-1.jpg\",\"datePublished\":\"2025-12-15T11:47:06+00:00\",\"dateModified\":\"2025-12-15T11:48:52+00:00\",\"breadcrumb\":{\"@id\":\"https:\\\/\\\/www.evropskakuca.me\\\/me\\\/eu-dan-na-podgorickom-bazaru-uz-mini-koncert-snezane-ljubojevic\\\/#breadcrumb\"},\"inLanguage\":\"me-ME\",\"potentialAction\":[{\"@type\":\"ReadAction\",\"target\":[\"https:\\\/\\\/www.evropskakuca.me\\\/me\\\/eu-dan-na-podgorickom-bazaru-uz-mini-koncert-snezane-ljubojevic\\\/\"]}]},{\"@type\":\"ImageObject\",\"inLanguage\":\"me-ME\",\"@id\":\"https:\\\/\\\/www.evropskakuca.me\\\/me\\\/eu-dan-na-podgorickom-bazaru-uz-mini-koncert-snezane-ljubojevic\\\/#primaryimage\",\"url\":\"https:\\\/\\\/www.evropskakuca.me\\\/wp-content\\\/uploads\\\/2025\\\/12\\\/EU-dan-na-PG-pazaru-3-889x500-1.jpg\",\"contentUrl\":\"https:\\\/\\\/www.evropskakuca.me\\\/wp-content\\\/uploads\\\/2025\\\/12\\\/EU-dan-na-PG-pazaru-3-889x500-1.jpg\",\"width\":889,\"height\":500},{\"@type\":\"BreadcrumbList\",\"@id\":\"https:\\\/\\\/www.evropskakuca.me\\\/me\\\/eu-dan-na-podgorickom-bazaru-uz-mini-koncert-snezane-ljubojevic\\\/#breadcrumb\",\"itemListElement\":[{\"@type\":\"ListItem\",\"position\":1,\"name\":\"Home\",\"item\":\"https:\\\/\\\/www.evropskakuca.me\\\/me\\\/\"},{\"@type\":\"ListItem\",\"position\":2,\"name\":\"EU dan na Podgori\u010dkom bazaru uz mini koncert Sne\u017eane Ljubojevi\u0107\"}]},{\"@type\":\"WebSite\",\"@id\":\"https:\\\/\\\/www.evropskakuca.me\\\/me\\\/#website\",\"url\":\"https:\\\/\\\/www.evropskakuca.me\\\/me\\\/\",\"name\":\"Evropean house\",\"description\":\"\",\"publisher\":{\"@id\":\"https:\\\/\\\/www.evropskakuca.me\\\/me\\\/#organization\"},\"potentialAction\":[{\"@type\":\"SearchAction\",\"target\":{\"@type\":\"EntryPoint\",\"urlTemplate\":\"https:\\\/\\\/www.evropskakuca.me\\\/me\\\/?s={search_term_string}\"},\"query-input\":{\"@type\":\"PropertyValueSpecification\",\"valueRequired\":true,\"valueName\":\"search_term_string\"}}],\"inLanguage\":\"me-ME\"},{\"@type\":\"Organization\",\"@id\":\"https:\\\/\\\/www.evropskakuca.me\\\/me\\\/#organization\",\"name\":\"Evropean house\",\"url\":\"https:\\\/\\\/www.evropskakuca.me\\\/me\\\/\",\"logo\":{\"@type\":\"ImageObject\",\"inLanguage\":\"me-ME\",\"@id\":\"https:\\\/\\\/www.evropskakuca.me\\\/me\\\/#\\\/schema\\\/logo\\\/image\\\/\",\"url\":\"https:\\\/\\\/www.evropskakuca.me\\\/wp-content\\\/uploads\\\/2025\\\/01\\\/evropska-kuca-logo-1.png\",\"contentUrl\":\"https:\\\/\\\/www.evropskakuca.me\\\/wp-content\\\/uploads\\\/2025\\\/01\\\/evropska-kuca-logo-1.png\",\"width\":425,\"height\":312,\"caption\":\"Evropean house\"},\"image\":{\"@id\":\"https:\\\/\\\/www.evropskakuca.me\\\/me\\\/#\\\/schema\\\/logo\\\/image\\\/\"},\"sameAs\":[\"https:\\\/\\\/www.facebook.com\\\/evropska.kuca\",\"https:\\\/\\\/x.com\\\/evropska_kuca\",\"https:\\\/\\\/www.instagram.com\\\/evropska_kuca\"]},{\"@type\":\"Person\",\"@id\":\"https:\\\/\\\/www.evropskakuca.me\\\/me\\\/#\\\/schema\\\/person\\\/7e16527119c7b67f457996b970f2bd6e\",\"name\":\"Aleksandar Vukovic\",\"image\":{\"@type\":\"ImageObject\",\"inLanguage\":\"me-ME\",\"@id\":\"https:\\\/\\\/secure.gravatar.com\\\/avatar\\\/a1834e0104b0242a886079bde835ba36d80c70f9987a11f3ba33eb9e8d74cc15?s=96&d=mm&r=g\",\"url\":\"https:\\\/\\\/secure.gravatar.com\\\/avatar\\\/a1834e0104b0242a886079bde835ba36d80c70f9987a11f3ba33eb9e8d74cc15?s=96&d=mm&r=g\",\"contentUrl\":\"https:\\\/\\\/secure.gravatar.com\\\/avatar\\\/a1834e0104b0242a886079bde835ba36d80c70f9987a11f3ba33eb9e8d74cc15?s=96&d=mm&r=g\",\"caption\":\"Aleksandar Vukovic\"},\"url\":\"https:\\\/\\\/www.evropskakuca.me\\\/me\\\/author\\\/aleksandar\\\/\"}]}<\/script>\n<!-- \/ Yoast SEO plugin. -->","yoast_head_json":{"title":"EU dan na Podgori\u010dkom bazaru uz mini koncert Sne\u017eane Ljubojevi\u0107 - Europe House","robots":{"index":"index","follow":"follow","max-snippet":"max-snippet:-1","max-image-preview":"max-image-preview:large","max-video-preview":"max-video-preview:-1"},"canonical":"https:\/\/www.evropskakuca.me\/me\/eu-dan-na-podgorickom-bazaru-uz-mini-koncert-snezane-ljubojevic\/","og_locale":"en_US","og_type":"article","og_title":"EU dan na Podgori\u010dkom bazaru uz mini koncert Sne\u017eane Ljubojevi\u0107 - Europe House","og_description":"Ministarstvo evropskih poslova i Delegacija Evropske unije u Crnoj Gori, u partnerstvu sa Glavnim gradom Podgorica, kroz EU projekte&nbsp; EU4ME i Evropska ku\u0107a,&nbsp;organizuju EU dan na podgori\u010dkom pazaru, u subotu,&nbsp;20. decembra, na Trgu nezavisnosti, od 11 do 14 \u010dasova. Prvo izdanje ove manifestacije donosi raznolik i dinami\u010dan program, a posebnu pa\u017enju privu\u0107i \u0107e&nbsp;Sne\u017eana Ljubojevi\u0107,&nbsp;vokal izuzetne [&hellip;]","og_url":"https:\/\/www.evropskakuca.me\/me\/eu-dan-na-podgorickom-bazaru-uz-mini-koncert-snezane-ljubojevic\/","og_site_name":"Europe House","article_publisher":"https:\/\/www.facebook.com\/evropska.kuca","article_published_time":"2025-12-15T11:47:06+00:00","article_modified_time":"2025-12-15T11:48:52+00:00","og_image":[{"width":889,"height":500,"url":"https:\/\/www.evropskakuca.me\/wp-content\/uploads\/2025\/12\/EU-dan-na-PG-pazaru-3-889x500-1.jpg","type":"image\/jpeg"}],"author":"Aleksandar Vukovic","twitter_card":"summary_large_image","twitter_creator":"@evropska_kuca","twitter_site":"@evropska_kuca","twitter_misc":{"Written by":"Aleksandar Vukovic","Est. reading time":"3 minutes"},"schema":{"@context":"https:\/\/schema.org","@graph":[{"@type":"Article","@id":"https:\/\/www.evropskakuca.me\/me\/eu-dan-na-podgorickom-bazaru-uz-mini-koncert-snezane-ljubojevic\/#article","isPartOf":{"@id":"https:\/\/www.evropskakuca.me\/me\/eu-dan-na-podgorickom-bazaru-uz-mini-koncert-snezane-ljubojevic\/"},"author":{"name":"Aleksandar Vukovic","@id":"https:\/\/www.evropskakuca.me\/me\/#\/schema\/person\/7e16527119c7b67f457996b970f2bd6e"},"headline":"EU dan na Podgori\u010dkom bazaru uz mini koncert Sne\u017eane Ljubojevi\u0107","datePublished":"2025-12-15T11:47:06+00:00","dateModified":"2025-12-15T11:48:52+00:00","mainEntityOfPage":{"@id":"https:\/\/www.evropskakuca.me\/me\/eu-dan-na-podgorickom-bazaru-uz-mini-koncert-snezane-ljubojevic\/"},"wordCount":365,"publisher":{"@id":"https:\/\/www.evropskakuca.me\/me\/#organization"},"image":{"@id":"https:\/\/www.evropskakuca.me\/me\/eu-dan-na-podgorickom-bazaru-uz-mini-koncert-snezane-ljubojevic\/#primaryimage"},"thumbnailUrl":"https:\/\/www.evropskakuca.me\/wp-content\/uploads\/2025\/12\/EU-dan-na-PG-pazaru-3-889x500-1.jpg","articleSection":["Novosti","Vesti"],"inLanguage":"me-ME"},{"@type":"WebPage","@id":"https:\/\/www.evropskakuca.me\/me\/eu-dan-na-podgorickom-bazaru-uz-mini-koncert-snezane-ljubojevic\/","url":"https:\/\/www.evropskakuca.me\/me\/eu-dan-na-podgorickom-bazaru-uz-mini-koncert-snezane-ljubojevic\/","name":"EU dan na Podgori\u010dkom bazaru uz mini koncert Sne\u017eane Ljubojevi\u0107 - Europe House","isPartOf":{"@id":"https:\/\/www.evropskakuca.me\/me\/#website"},"primaryImageOfPage":{"@id":"https:\/\/www.evropskakuca.me\/me\/eu-dan-na-podgorickom-bazaru-uz-mini-koncert-snezane-ljubojevic\/#primaryimage"},"image":{"@id":"https:\/\/www.evropskakuca.me\/me\/eu-dan-na-podgorickom-bazaru-uz-mini-koncert-snezane-ljubojevic\/#primaryimage"},"thumbnailUrl":"https:\/\/www.evropskakuca.me\/wp-content\/uploads\/2025\/12\/EU-dan-na-PG-pazaru-3-889x500-1.jpg","datePublished":"2025-12-15T11:47:06+00:00","dateModified":"2025-12-15T11:48:52+00:00","breadcrumb":{"@id":"https:\/\/www.evropskakuca.me\/me\/eu-dan-na-podgorickom-bazaru-uz-mini-koncert-snezane-ljubojevic\/#breadcrumb"},"inLanguage":"me-ME","potentialAction":[{"@type":"ReadAction","target":["https:\/\/www.evropskakuca.me\/me\/eu-dan-na-podgorickom-bazaru-uz-mini-koncert-snezane-ljubojevic\/"]}]},{"@type":"ImageObject","inLanguage":"me-ME","@id":"https:\/\/www.evropskakuca.me\/me\/eu-dan-na-podgorickom-bazaru-uz-mini-koncert-snezane-ljubojevic\/#primaryimage","url":"https:\/\/www.evropskakuca.me\/wp-content\/uploads\/2025\/12\/EU-dan-na-PG-pazaru-3-889x500-1.jpg","contentUrl":"https:\/\/www.evropskakuca.me\/wp-content\/uploads\/2025\/12\/EU-dan-na-PG-pazaru-3-889x500-1.jpg","width":889,"height":500},{"@type":"BreadcrumbList","@id":"https:\/\/www.evropskakuca.me\/me\/eu-dan-na-podgorickom-bazaru-uz-mini-koncert-snezane-ljubojevic\/#breadcrumb","itemListElement":[{"@type":"ListItem","position":1,"name":"Home","item":"https:\/\/www.evropskakuca.me\/me\/"},{"@type":"ListItem","position":2,"name":"EU dan na Podgori\u010dkom bazaru uz mini koncert Sne\u017eane Ljubojevi\u0107"}]},{"@type":"WebSite","@id":"https:\/\/www.evropskakuca.me\/me\/#website","url":"https:\/\/www.evropskakuca.me\/me\/","name":"Evropean house","description":"","publisher":{"@id":"https:\/\/www.evropskakuca.me\/me\/#organization"},"potentialAction":[{"@type":"SearchAction","target":{"@type":"EntryPoint","urlTemplate":"https:\/\/www.evropskakuca.me\/me\/?s={search_term_string}"},"query-input":{"@type":"PropertyValueSpecification","valueRequired":true,"valueName":"search_term_string"}}],"inLanguage":"me-ME"},{"@type":"Organization","@id":"https:\/\/www.evropskakuca.me\/me\/#organization","name":"Evropean house","url":"https:\/\/www.evropskakuca.me\/me\/","logo":{"@type":"ImageObject","inLanguage":"me-ME","@id":"https:\/\/www.evropskakuca.me\/me\/#\/schema\/logo\/image\/","url":"https:\/\/www.evropskakuca.me\/wp-content\/uploads\/2025\/01\/evropska-kuca-logo-1.png","contentUrl":"https:\/\/www.evropskakuca.me\/wp-content\/uploads\/2025\/01\/evropska-kuca-logo-1.png","width":425,"height":312,"caption":"Evropean house"},"image":{"@id":"https:\/\/www.evropskakuca.me\/me\/#\/schema\/logo\/image\/"},"sameAs":["https:\/\/www.facebook.com\/evropska.kuca","https:\/\/x.com\/evropska_kuca","https:\/\/www.instagram.com\/evropska_kuca"]},{"@type":"Person","@id":"https:\/\/www.evropskakuca.me\/me\/#\/schema\/person\/7e16527119c7b67f457996b970f2bd6e","name":"Aleksandar Vukovic","image":{"@type":"ImageObject","inLanguage":"me-ME","@id":"https:\/\/secure.gravatar.com\/avatar\/a1834e0104b0242a886079bde835ba36d80c70f9987a11f3ba33eb9e8d74cc15?s=96&d=mm&r=g","url":"https:\/\/secure.gravatar.com\/avatar\/a1834e0104b0242a886079bde835ba36d80c70f9987a11f3ba33eb9e8d74cc15?s=96&d=mm&r=g","contentUrl":"https:\/\/secure.gravatar.com\/avatar\/a1834e0104b0242a886079bde835ba36d80c70f9987a11f3ba33eb9e8d74cc15?s=96&d=mm&r=g","caption":"Aleksandar Vukovic"},"url":"https:\/\/www.evropskakuca.me\/me\/author\/aleksandar\/"}]}},"_links":{"self":[{"href":"https:\/\/www.evropskakuca.me\/me\/wp-json\/wp\/v2\/posts\/47031","targetHints":{"allow":["GET"]}}],"collection":[{"href":"https:\/\/www.evropskakuca.me\/me\/wp-json\/wp\/v2\/posts"}],"about":[{"href":"https:\/\/www.evropskakuca.me\/me\/wp-json\/wp\/v2\/types\/post"}],"author":[{"embeddable":true,"href":"https:\/\/www.evropskakuca.me\/me\/wp-json\/wp\/v2\/users\/3"}],"replies":[{"embeddable":true,"href":"https:\/\/www.evropskakuca.me\/me\/wp-json\/wp\/v2\/comments?post=47031"}],"version-history":[{"count":1,"href":"https:\/\/www.evropskakuca.me\/me\/wp-json\/wp\/v2\/posts\/47031\/revisions"}],"predecessor-version":[{"id":47032,"href":"https:\/\/www.evropskakuca.me\/me\/wp-json\/wp\/v2\/posts\/47031\/revisions\/47032"}],"wp:featuredmedia":[{"embeddable":true,"href":"https:\/\/www.evropskakuca.me\/me\/wp-json\/wp\/v2\/media\/47021"}],"wp:attachment":[{"href":"https:\/\/www.evropskakuca.me\/me\/wp-json\/wp\/v2\/media?parent=47031"}],"wp:term":[{"taxonomy":"category","embeddable":true,"href":"https:\/\/www.evropskakuca.me\/me\/wp-json\/wp\/v2\/categories?post=47031"},{"taxonomy":"post_tag","embeddable":true,"href":"https:\/\/www.evropskakuca.me\/me\/wp-json\/wp\/v2\/tags?post=47031"}],"curies":[{"name":"wp","href":"https:\/\/api.w.org\/{rel}","templated":true}]}}