{"id":46806,"date":"2025-12-08T13:18:39","date_gmt":"2025-12-08T13:18:39","guid":{"rendered":"https:\/\/www.evropskakuca.me\/what-colours-are-human-rights\/"},"modified":"2025-12-08T13:30:34","modified_gmt":"2025-12-08T13:30:34","slug":"what-colours-are-human-rights","status":"publish","type":"post","link":"https:\/\/www.evropskakuca.me\/me\/what-colours-are-human-rights\/","title":{"rendered":"Koje su boje ljudska prava i kako ih djeca zami\u0161ljaju"},"content":{"rendered":"\n<p>Kako izgleda pravo na ljubav? Koje je boje pravo na slobodu govora? Odgovore na ova pitanja dala su djeca, u\u010denici Osnovne \u0161kole \u201c<strong>Sutjeska<\/strong>\u201d iz Podgorica tokom doga\u0111aja kojim je <strong>Evropska ku\u0107a<\/strong> u saradnji sa mre\u017eom <strong>Mladih evropskih ambasadora<\/strong> i \u0161kolicom crtanja <strong>Moj imaginarijum<\/strong>, obilje\u017eila <strong>Me\u0111unarodni dan ljudskih prava<\/strong>.<\/p>\n\n\n\n<figure class=\"wp-block-image size-large\"><img fetchpriority=\"high\" decoding=\"async\" width=\"1024\" height=\"683\" src=\"https:\/\/www.evropskakuca.me\/wp-content\/uploads\/2025\/12\/FRO_8627-1024x683.jpg\" alt=\"\" class=\"wp-image-46784\" srcset=\"https:\/\/www.evropskakuca.me\/wp-content\/uploads\/2025\/12\/FRO_8627-1024x683.jpg 1024w, https:\/\/www.evropskakuca.me\/wp-content\/uploads\/2025\/12\/FRO_8627-300x200.jpg 300w, https:\/\/www.evropskakuca.me\/wp-content\/uploads\/2025\/12\/FRO_8627-768x512.jpg 768w, https:\/\/www.evropskakuca.me\/wp-content\/uploads\/2025\/12\/FRO_8627-1536x1024.jpg 1536w, https:\/\/www.evropskakuca.me\/wp-content\/uploads\/2025\/12\/FRO_8627-2048x1365.jpg 2048w\" sizes=\"(max-width: 1024px) 100vw, 1024px\" \/><\/figure>\n\n\n\n<p>Na po\u010detku, djecu je pozdravila mlada evropska ambasadorka <strong>Bojana Mara\u0161<\/strong>. Ona je odr\u017eala kratko predavanje o ljudskim pravima, posebno o pravima djece.<\/p>\n\n\n\n<figure class=\"wp-block-gallery has-nested-images columns-default is-cropped wp-block-gallery-1 is-layout-flex wp-block-gallery-is-layout-flex\">\n<figure class=\"wp-block-image size-large\"><img decoding=\"async\" width=\"1024\" height=\"683\" data-id=\"46786\" src=\"https:\/\/www.evropskakuca.me\/wp-content\/uploads\/2025\/12\/FRO_8667-1024x683.jpg\" alt=\"\" class=\"wp-image-46786\" srcset=\"https:\/\/www.evropskakuca.me\/wp-content\/uploads\/2025\/12\/FRO_8667-1024x683.jpg 1024w, https:\/\/www.evropskakuca.me\/wp-content\/uploads\/2025\/12\/FRO_8667-300x200.jpg 300w, https:\/\/www.evropskakuca.me\/wp-content\/uploads\/2025\/12\/FRO_8667-768x512.jpg 768w, https:\/\/www.evropskakuca.me\/wp-content\/uploads\/2025\/12\/FRO_8667-1536x1024.jpg 1536w, https:\/\/www.evropskakuca.me\/wp-content\/uploads\/2025\/12\/FRO_8667-2048x1365.jpg 2048w\" sizes=\"(max-width: 1024px) 100vw, 1024px\" \/><\/figure>\n\n\n\n<figure class=\"wp-block-image size-large\"><img decoding=\"async\" width=\"1024\" height=\"683\" data-id=\"46788\" src=\"https:\/\/www.evropskakuca.me\/wp-content\/uploads\/2025\/12\/FRO_8683-1024x683.jpg\" alt=\"\" class=\"wp-image-46788\" srcset=\"https:\/\/www.evropskakuca.me\/wp-content\/uploads\/2025\/12\/FRO_8683-1024x683.jpg 1024w, https:\/\/www.evropskakuca.me\/wp-content\/uploads\/2025\/12\/FRO_8683-300x200.jpg 300w, https:\/\/www.evropskakuca.me\/wp-content\/uploads\/2025\/12\/FRO_8683-768x512.jpg 768w, https:\/\/www.evropskakuca.me\/wp-content\/uploads\/2025\/12\/FRO_8683-1536x1024.jpg 1536w, https:\/\/www.evropskakuca.me\/wp-content\/uploads\/2025\/12\/FRO_8683-2048x1365.jpg 2048w\" sizes=\"(max-width: 1024px) 100vw, 1024px\" \/><\/figure>\n<\/figure>\n\n\n\n<p>\u201eMislim da je vrlo va\u017eno da se djeca upoznaju sa ljudskim pravima. Radionica je bila vrlo zanimljiva, interaktivna, djeca su podijelila svoje mi\u0161ljenje i govorila su o svojim iskustvima\u201c.<\/p>\n\n\n\n<figure class=\"wp-block-gallery has-nested-images columns-default is-cropped wp-block-gallery-2 is-layout-flex wp-block-gallery-is-layout-flex\">\n<figure class=\"wp-block-image size-large\"><img loading=\"lazy\" decoding=\"async\" width=\"1024\" height=\"683\" data-id=\"46790\" src=\"https:\/\/www.evropskakuca.me\/wp-content\/uploads\/2025\/12\/FRO_8620-1024x683.jpg\" alt=\"\" class=\"wp-image-46790\" srcset=\"https:\/\/www.evropskakuca.me\/wp-content\/uploads\/2025\/12\/FRO_8620-1024x683.jpg 1024w, https:\/\/www.evropskakuca.me\/wp-content\/uploads\/2025\/12\/FRO_8620-300x200.jpg 300w, https:\/\/www.evropskakuca.me\/wp-content\/uploads\/2025\/12\/FRO_8620-768x512.jpg 768w, https:\/\/www.evropskakuca.me\/wp-content\/uploads\/2025\/12\/FRO_8620-1536x1024.jpg 1536w, https:\/\/www.evropskakuca.me\/wp-content\/uploads\/2025\/12\/FRO_8620-2048x1365.jpg 2048w\" sizes=\"(max-width: 1024px) 100vw, 1024px\" \/><\/figure>\n\n\n\n<figure class=\"wp-block-image size-large\"><img loading=\"lazy\" decoding=\"async\" width=\"1024\" height=\"683\" data-id=\"46792\" src=\"https:\/\/www.evropskakuca.me\/wp-content\/uploads\/2025\/12\/FRO_8788-1024x683.jpg\" alt=\"\" class=\"wp-image-46792\" srcset=\"https:\/\/www.evropskakuca.me\/wp-content\/uploads\/2025\/12\/FRO_8788-1024x683.jpg 1024w, https:\/\/www.evropskakuca.me\/wp-content\/uploads\/2025\/12\/FRO_8788-300x200.jpg 300w, https:\/\/www.evropskakuca.me\/wp-content\/uploads\/2025\/12\/FRO_8788-768x512.jpg 768w, https:\/\/www.evropskakuca.me\/wp-content\/uploads\/2025\/12\/FRO_8788-1536x1024.jpg 1536w, https:\/\/www.evropskakuca.me\/wp-content\/uploads\/2025\/12\/FRO_8788-2048x1365.jpg 2048w\" sizes=\"(max-width: 1024px) 100vw, 1024px\" \/><\/figure>\n\n\n\n<figure class=\"wp-block-image size-large\"><img loading=\"lazy\" decoding=\"async\" width=\"1024\" height=\"683\" data-id=\"46794\" src=\"https:\/\/www.evropskakuca.me\/wp-content\/uploads\/2025\/12\/FRO_8823-1024x683.jpg\" alt=\"\" class=\"wp-image-46794\" srcset=\"https:\/\/www.evropskakuca.me\/wp-content\/uploads\/2025\/12\/FRO_8823-1024x683.jpg 1024w, https:\/\/www.evropskakuca.me\/wp-content\/uploads\/2025\/12\/FRO_8823-300x200.jpg 300w, https:\/\/www.evropskakuca.me\/wp-content\/uploads\/2025\/12\/FRO_8823-768x512.jpg 768w, https:\/\/www.evropskakuca.me\/wp-content\/uploads\/2025\/12\/FRO_8823-1536x1024.jpg 1536w, https:\/\/www.evropskakuca.me\/wp-content\/uploads\/2025\/12\/FRO_8823-2048x1365.jpg 2048w\" sizes=\"(max-width: 1024px) 100vw, 1024px\" \/><\/figure>\n<\/figure>\n\n\n\n<p>U drugom dijelu doga\u0111aja, pod vo\u0111stvom <strong>Ive Ivananovi\u0107<\/strong>, iz \u0161kolice slikanja Moj imaginarijum, mali\u0161ani su ma\u0161tali kako izgledaju ljudska prava. Djeca su se sjajno zabavila ali i upoznala s Evropskom ku\u0107om, njenim aktivnostima i djelovanjem.<\/p>\n\n\n\n<p>&nbsp;\u201eMali\u0161ani su danas imala zadatak da naprave zajedni\u010dki mozaik od pojedina\u010dnih radova koje su oni oslikali. Na slikama su prikazali motive na temu dje\u010dijih prava\u201c kazala je Ivanovi\u0107.<\/p>\n\n\n\n<figure class=\"wp-block-image size-large\"><img loading=\"lazy\" decoding=\"async\" width=\"1024\" height=\"683\" src=\"https:\/\/www.evropskakuca.me\/wp-content\/uploads\/2025\/12\/FRO_8826-1024x683.jpg\" alt=\"\" class=\"wp-image-46796\" srcset=\"https:\/\/www.evropskakuca.me\/wp-content\/uploads\/2025\/12\/FRO_8826-1024x683.jpg 1024w, https:\/\/www.evropskakuca.me\/wp-content\/uploads\/2025\/12\/FRO_8826-300x200.jpg 300w, https:\/\/www.evropskakuca.me\/wp-content\/uploads\/2025\/12\/FRO_8826-768x512.jpg 768w, https:\/\/www.evropskakuca.me\/wp-content\/uploads\/2025\/12\/FRO_8826-1536x1024.jpg 1536w, https:\/\/www.evropskakuca.me\/wp-content\/uploads\/2025\/12\/FRO_8826-2048x1365.jpg 2048w\" sizes=\"(max-width: 1024px) 100vw, 1024px\" \/><\/figure>\n\n\n\n<p>\u201eDjeca su imala slobodu i da doslikaju ono \u0161to vole, pa smo vidjeli da se na slikama pojavljuju i motivi sporta, fudbala, rukometa do muzike, knjige, \u0161kolovanja, ljubavi prije svega i porodice\u201c dodala je Ivanovi\u0107<\/p>\n\n\n\n<p>\u201cTokom posjete, u\u010denici su bili veoma aktivni i u potpunosti uklju\u010deni u sve planirane aktivnosti, pokazuju\u0107i veliko interesovanje i motivaciju za u\u010de\u0161\u0107e\u201d kazala je nastavnica engleskog jezika <strong>Ana Miljevi\u0107<\/strong>.<\/p>\n\n\n\n<figure class=\"wp-block-gallery has-nested-images columns-default is-cropped wp-block-gallery-3 is-layout-flex wp-block-gallery-is-layout-flex\">\n<figure class=\"wp-block-image size-large\"><img loading=\"lazy\" decoding=\"async\" width=\"1024\" height=\"683\" data-id=\"46798\" src=\"https:\/\/www.evropskakuca.me\/wp-content\/uploads\/2025\/12\/FRO_8811-1024x683.jpg\" alt=\"\" class=\"wp-image-46798\" srcset=\"https:\/\/www.evropskakuca.me\/wp-content\/uploads\/2025\/12\/FRO_8811-1024x683.jpg 1024w, https:\/\/www.evropskakuca.me\/wp-content\/uploads\/2025\/12\/FRO_8811-300x200.jpg 300w, https:\/\/www.evropskakuca.me\/wp-content\/uploads\/2025\/12\/FRO_8811-768x512.jpg 768w, https:\/\/www.evropskakuca.me\/wp-content\/uploads\/2025\/12\/FRO_8811-1536x1024.jpg 1536w, https:\/\/www.evropskakuca.me\/wp-content\/uploads\/2025\/12\/FRO_8811-2048x1365.jpg 2048w\" sizes=\"(max-width: 1024px) 100vw, 1024px\" \/><\/figure>\n\n\n\n<figure class=\"wp-block-image size-large\"><img loading=\"lazy\" decoding=\"async\" width=\"1024\" height=\"683\" data-id=\"46800\" src=\"https:\/\/www.evropskakuca.me\/wp-content\/uploads\/2025\/12\/FRO_8835-1024x683.jpg\" alt=\"\" class=\"wp-image-46800\" srcset=\"https:\/\/www.evropskakuca.me\/wp-content\/uploads\/2025\/12\/FRO_8835-1024x683.jpg 1024w, https:\/\/www.evropskakuca.me\/wp-content\/uploads\/2025\/12\/FRO_8835-300x200.jpg 300w, https:\/\/www.evropskakuca.me\/wp-content\/uploads\/2025\/12\/FRO_8835-768x512.jpg 768w, https:\/\/www.evropskakuca.me\/wp-content\/uploads\/2025\/12\/FRO_8835-1536x1024.jpg 1536w, https:\/\/www.evropskakuca.me\/wp-content\/uploads\/2025\/12\/FRO_8835-2048x1365.jpg 2048w\" sizes=\"(max-width: 1024px) 100vw, 1024px\" \/><\/figure>\n\n\n\n<figure class=\"wp-block-image size-large\"><img loading=\"lazy\" decoding=\"async\" width=\"1024\" height=\"683\" data-id=\"46802\" src=\"https:\/\/www.evropskakuca.me\/wp-content\/uploads\/2025\/12\/FRO_8853-1024x683.jpg\" alt=\"\" class=\"wp-image-46802\" srcset=\"https:\/\/www.evropskakuca.me\/wp-content\/uploads\/2025\/12\/FRO_8853-1024x683.jpg 1024w, https:\/\/www.evropskakuca.me\/wp-content\/uploads\/2025\/12\/FRO_8853-300x200.jpg 300w, https:\/\/www.evropskakuca.me\/wp-content\/uploads\/2025\/12\/FRO_8853-768x512.jpg 768w, https:\/\/www.evropskakuca.me\/wp-content\/uploads\/2025\/12\/FRO_8853-1536x1024.jpg 1536w, https:\/\/www.evropskakuca.me\/wp-content\/uploads\/2025\/12\/FRO_8853-2048x1365.jpg 2048w\" sizes=\"(max-width: 1024px) 100vw, 1024px\" \/><\/figure>\n<\/figure>\n\n\n\n<p>Na kraju se svojim drugarima i drugaricama obratio u\u010denik <strong>Vito Radulovi\u0107<\/strong>. On je govorio o pravu na \u017eivot kao i o rastu\u0107em problemu vr\u0161nja\u010dkog ali i porodi\u010dnog nasilja.<\/p>\n\n\n\n<p><\/p>\n","protected":false},"excerpt":{"rendered":"<p>Kako izgleda pravo na ljubav? Koje je boje pravo na slobodu govora? Odgovore na ova pitanja dala su djeca, u\u010denici Osnovne \u0161kole \u201cSutjeska\u201d iz Podgorica tokom doga\u0111aja kojim je Evropska ku\u0107a u saradnji sa mre\u017eom Mladih evropskih ambasadora i \u0161kolicom crtanja Moj imaginarijum, obilje\u017eila Me\u0111unarodni dan ljudskih prava. Na po\u010detku, djecu je pozdravila mlada evropska [&hellip;]<\/p>\n","protected":false},"author":3,"featured_media":46783,"comment_status":"closed","ping_status":"closed","sticky":false,"template":"","format":"standard","meta":{"_acf_changed":false,"footnotes":""},"categories":[283,524],"tags":[],"class_list":["post-46806","post","type-post","status-publish","format-standard","has-post-thumbnail","hentry","category-novosti-me","category-vesti"],"acf":[],"yoast_head":"<!-- This site is optimized with the Yoast SEO plugin v27.3 - https:\/\/yoast.com\/product\/yoast-seo-wordpress\/ -->\n<title>Koje su boje ljudska prava i kako ih djeca zami\u0161ljaju - Europe House<\/title>\n<meta name=\"robots\" content=\"index, follow, max-snippet:-1, max-image-preview:large, max-video-preview:-1\" \/>\n<link rel=\"canonical\" href=\"https:\/\/www.evropskakuca.me\/me\/what-colours-are-human-rights\/\" \/>\n<meta property=\"og:locale\" content=\"en_US\" \/>\n<meta property=\"og:type\" content=\"article\" \/>\n<meta property=\"og:title\" content=\"Koje su boje ljudska prava i kako ih djeca zami\u0161ljaju - Europe House\" \/>\n<meta property=\"og:description\" content=\"Kako izgleda pravo na ljubav? Koje je boje pravo na slobodu govora? Odgovore na ova pitanja dala su djeca, u\u010denici Osnovne \u0161kole \u201cSutjeska\u201d iz Podgorica tokom doga\u0111aja kojim je Evropska ku\u0107a u saradnji sa mre\u017eom Mladih evropskih ambasadora i \u0161kolicom crtanja Moj imaginarijum, obilje\u017eila Me\u0111unarodni dan ljudskih prava. Na po\u010detku, djecu je pozdravila mlada evropska [&hellip;]\" \/>\n<meta property=\"og:url\" content=\"https:\/\/www.evropskakuca.me\/me\/what-colours-are-human-rights\/\" \/>\n<meta property=\"og:site_name\" content=\"Europe House\" \/>\n<meta property=\"article:publisher\" content=\"https:\/\/www.facebook.com\/evropska.kuca\" \/>\n<meta property=\"article:published_time\" content=\"2025-12-08T13:18:39+00:00\" \/>\n<meta property=\"article:modified_time\" content=\"2025-12-08T13:30:34+00:00\" \/>\n<meta property=\"og:image\" content=\"https:\/\/www.evropskakuca.me\/wp-content\/uploads\/2025\/12\/FRO_8863-scaled.jpg\" \/>\n\t<meta property=\"og:image:width\" content=\"2560\" \/>\n\t<meta property=\"og:image:height\" content=\"1707\" \/>\n\t<meta property=\"og:image:type\" content=\"image\/jpeg\" \/>\n<meta name=\"author\" content=\"Aleksandar Vukovic\" \/>\n<meta name=\"twitter:card\" content=\"summary_large_image\" \/>\n<meta name=\"twitter:creator\" content=\"@evropska_kuca\" \/>\n<meta name=\"twitter:site\" content=\"@evropska_kuca\" \/>\n<meta name=\"twitter:label1\" content=\"Written by\" \/>\n\t<meta name=\"twitter:data1\" content=\"Aleksandar Vukovic\" \/>\n\t<meta name=\"twitter:label2\" content=\"Est. reading time\" \/>\n\t<meta name=\"twitter:data2\" content=\"4 minutes\" \/>\n<script type=\"application\/ld+json\" class=\"yoast-schema-graph\">{\"@context\":\"https:\\\/\\\/schema.org\",\"@graph\":[{\"@type\":\"Article\",\"@id\":\"https:\\\/\\\/www.evropskakuca.me\\\/me\\\/what-colours-are-human-rights\\\/#article\",\"isPartOf\":{\"@id\":\"https:\\\/\\\/www.evropskakuca.me\\\/me\\\/what-colours-are-human-rights\\\/\"},\"author\":{\"name\":\"Aleksandar Vukovic\",\"@id\":\"https:\\\/\\\/www.evropskakuca.me\\\/me\\\/#\\\/schema\\\/person\\\/7e16527119c7b67f457996b970f2bd6e\"},\"headline\":\"Koje su boje ljudska prava i kako ih djeca zami\u0161ljaju\",\"datePublished\":\"2025-12-08T13:18:39+00:00\",\"dateModified\":\"2025-12-08T13:30:34+00:00\",\"mainEntityOfPage\":{\"@id\":\"https:\\\/\\\/www.evropskakuca.me\\\/me\\\/what-colours-are-human-rights\\\/\"},\"wordCount\":295,\"publisher\":{\"@id\":\"https:\\\/\\\/www.evropskakuca.me\\\/me\\\/#organization\"},\"image\":{\"@id\":\"https:\\\/\\\/www.evropskakuca.me\\\/me\\\/what-colours-are-human-rights\\\/#primaryimage\"},\"thumbnailUrl\":\"https:\\\/\\\/www.evropskakuca.me\\\/wp-content\\\/uploads\\\/2025\\\/12\\\/FRO_8863-scaled.jpg\",\"articleSection\":[\"Novosti\",\"Vesti\"],\"inLanguage\":\"me-ME\"},{\"@type\":\"WebPage\",\"@id\":\"https:\\\/\\\/www.evropskakuca.me\\\/me\\\/what-colours-are-human-rights\\\/\",\"url\":\"https:\\\/\\\/www.evropskakuca.me\\\/me\\\/what-colours-are-human-rights\\\/\",\"name\":\"Koje su boje ljudska prava i kako ih djeca zami\u0161ljaju - Europe House\",\"isPartOf\":{\"@id\":\"https:\\\/\\\/www.evropskakuca.me\\\/me\\\/#website\"},\"primaryImageOfPage\":{\"@id\":\"https:\\\/\\\/www.evropskakuca.me\\\/me\\\/what-colours-are-human-rights\\\/#primaryimage\"},\"image\":{\"@id\":\"https:\\\/\\\/www.evropskakuca.me\\\/me\\\/what-colours-are-human-rights\\\/#primaryimage\"},\"thumbnailUrl\":\"https:\\\/\\\/www.evropskakuca.me\\\/wp-content\\\/uploads\\\/2025\\\/12\\\/FRO_8863-scaled.jpg\",\"datePublished\":\"2025-12-08T13:18:39+00:00\",\"dateModified\":\"2025-12-08T13:30:34+00:00\",\"breadcrumb\":{\"@id\":\"https:\\\/\\\/www.evropskakuca.me\\\/me\\\/what-colours-are-human-rights\\\/#breadcrumb\"},\"inLanguage\":\"me-ME\",\"potentialAction\":[{\"@type\":\"ReadAction\",\"target\":[\"https:\\\/\\\/www.evropskakuca.me\\\/me\\\/what-colours-are-human-rights\\\/\"]}]},{\"@type\":\"ImageObject\",\"inLanguage\":\"me-ME\",\"@id\":\"https:\\\/\\\/www.evropskakuca.me\\\/me\\\/what-colours-are-human-rights\\\/#primaryimage\",\"url\":\"https:\\\/\\\/www.evropskakuca.me\\\/wp-content\\\/uploads\\\/2025\\\/12\\\/FRO_8863-scaled.jpg\",\"contentUrl\":\"https:\\\/\\\/www.evropskakuca.me\\\/wp-content\\\/uploads\\\/2025\\\/12\\\/FRO_8863-scaled.jpg\",\"width\":2560,\"height\":1707},{\"@type\":\"BreadcrumbList\",\"@id\":\"https:\\\/\\\/www.evropskakuca.me\\\/me\\\/what-colours-are-human-rights\\\/#breadcrumb\",\"itemListElement\":[{\"@type\":\"ListItem\",\"position\":1,\"name\":\"Home\",\"item\":\"https:\\\/\\\/www.evropskakuca.me\\\/me\\\/\"},{\"@type\":\"ListItem\",\"position\":2,\"name\":\"Koje su boje ljudska prava i kako ih djeca zami\u0161ljaju\"}]},{\"@type\":\"WebSite\",\"@id\":\"https:\\\/\\\/www.evropskakuca.me\\\/me\\\/#website\",\"url\":\"https:\\\/\\\/www.evropskakuca.me\\\/me\\\/\",\"name\":\"Evropean house\",\"description\":\"\",\"publisher\":{\"@id\":\"https:\\\/\\\/www.evropskakuca.me\\\/me\\\/#organization\"},\"potentialAction\":[{\"@type\":\"SearchAction\",\"target\":{\"@type\":\"EntryPoint\",\"urlTemplate\":\"https:\\\/\\\/www.evropskakuca.me\\\/me\\\/?s={search_term_string}\"},\"query-input\":{\"@type\":\"PropertyValueSpecification\",\"valueRequired\":true,\"valueName\":\"search_term_string\"}}],\"inLanguage\":\"me-ME\"},{\"@type\":\"Organization\",\"@id\":\"https:\\\/\\\/www.evropskakuca.me\\\/me\\\/#organization\",\"name\":\"Evropean house\",\"url\":\"https:\\\/\\\/www.evropskakuca.me\\\/me\\\/\",\"logo\":{\"@type\":\"ImageObject\",\"inLanguage\":\"me-ME\",\"@id\":\"https:\\\/\\\/www.evropskakuca.me\\\/me\\\/#\\\/schema\\\/logo\\\/image\\\/\",\"url\":\"https:\\\/\\\/www.evropskakuca.me\\\/wp-content\\\/uploads\\\/2025\\\/01\\\/evropska-kuca-logo-1.png\",\"contentUrl\":\"https:\\\/\\\/www.evropskakuca.me\\\/wp-content\\\/uploads\\\/2025\\\/01\\\/evropska-kuca-logo-1.png\",\"width\":425,\"height\":312,\"caption\":\"Evropean house\"},\"image\":{\"@id\":\"https:\\\/\\\/www.evropskakuca.me\\\/me\\\/#\\\/schema\\\/logo\\\/image\\\/\"},\"sameAs\":[\"https:\\\/\\\/www.facebook.com\\\/evropska.kuca\",\"https:\\\/\\\/x.com\\\/evropska_kuca\",\"https:\\\/\\\/www.instagram.com\\\/evropska_kuca\"]},{\"@type\":\"Person\",\"@id\":\"https:\\\/\\\/www.evropskakuca.me\\\/me\\\/#\\\/schema\\\/person\\\/7e16527119c7b67f457996b970f2bd6e\",\"name\":\"Aleksandar Vukovic\",\"image\":{\"@type\":\"ImageObject\",\"inLanguage\":\"me-ME\",\"@id\":\"https:\\\/\\\/secure.gravatar.com\\\/avatar\\\/a1834e0104b0242a886079bde835ba36d80c70f9987a11f3ba33eb9e8d74cc15?s=96&d=mm&r=g\",\"url\":\"https:\\\/\\\/secure.gravatar.com\\\/avatar\\\/a1834e0104b0242a886079bde835ba36d80c70f9987a11f3ba33eb9e8d74cc15?s=96&d=mm&r=g\",\"contentUrl\":\"https:\\\/\\\/secure.gravatar.com\\\/avatar\\\/a1834e0104b0242a886079bde835ba36d80c70f9987a11f3ba33eb9e8d74cc15?s=96&d=mm&r=g\",\"caption\":\"Aleksandar Vukovic\"},\"url\":\"https:\\\/\\\/www.evropskakuca.me\\\/me\\\/author\\\/aleksandar\\\/\"}]}<\/script>\n<!-- \/ Yoast SEO plugin. -->","yoast_head_json":{"title":"Koje su boje ljudska prava i kako ih djeca zami\u0161ljaju - Europe House","robots":{"index":"index","follow":"follow","max-snippet":"max-snippet:-1","max-image-preview":"max-image-preview:large","max-video-preview":"max-video-preview:-1"},"canonical":"https:\/\/www.evropskakuca.me\/me\/what-colours-are-human-rights\/","og_locale":"en_US","og_type":"article","og_title":"Koje su boje ljudska prava i kako ih djeca zami\u0161ljaju - Europe House","og_description":"Kako izgleda pravo na ljubav? Koje je boje pravo na slobodu govora? Odgovore na ova pitanja dala su djeca, u\u010denici Osnovne \u0161kole \u201cSutjeska\u201d iz Podgorica tokom doga\u0111aja kojim je Evropska ku\u0107a u saradnji sa mre\u017eom Mladih evropskih ambasadora i \u0161kolicom crtanja Moj imaginarijum, obilje\u017eila Me\u0111unarodni dan ljudskih prava. Na po\u010detku, djecu je pozdravila mlada evropska [&hellip;]","og_url":"https:\/\/www.evropskakuca.me\/me\/what-colours-are-human-rights\/","og_site_name":"Europe House","article_publisher":"https:\/\/www.facebook.com\/evropska.kuca","article_published_time":"2025-12-08T13:18:39+00:00","article_modified_time":"2025-12-08T13:30:34+00:00","og_image":[{"width":2560,"height":1707,"url":"https:\/\/www.evropskakuca.me\/wp-content\/uploads\/2025\/12\/FRO_8863-scaled.jpg","type":"image\/jpeg"}],"author":"Aleksandar Vukovic","twitter_card":"summary_large_image","twitter_creator":"@evropska_kuca","twitter_site":"@evropska_kuca","twitter_misc":{"Written by":"Aleksandar Vukovic","Est. reading time":"4 minutes"},"schema":{"@context":"https:\/\/schema.org","@graph":[{"@type":"Article","@id":"https:\/\/www.evropskakuca.me\/me\/what-colours-are-human-rights\/#article","isPartOf":{"@id":"https:\/\/www.evropskakuca.me\/me\/what-colours-are-human-rights\/"},"author":{"name":"Aleksandar Vukovic","@id":"https:\/\/www.evropskakuca.me\/me\/#\/schema\/person\/7e16527119c7b67f457996b970f2bd6e"},"headline":"Koje su boje ljudska prava i kako ih djeca zami\u0161ljaju","datePublished":"2025-12-08T13:18:39+00:00","dateModified":"2025-12-08T13:30:34+00:00","mainEntityOfPage":{"@id":"https:\/\/www.evropskakuca.me\/me\/what-colours-are-human-rights\/"},"wordCount":295,"publisher":{"@id":"https:\/\/www.evropskakuca.me\/me\/#organization"},"image":{"@id":"https:\/\/www.evropskakuca.me\/me\/what-colours-are-human-rights\/#primaryimage"},"thumbnailUrl":"https:\/\/www.evropskakuca.me\/wp-content\/uploads\/2025\/12\/FRO_8863-scaled.jpg","articleSection":["Novosti","Vesti"],"inLanguage":"me-ME"},{"@type":"WebPage","@id":"https:\/\/www.evropskakuca.me\/me\/what-colours-are-human-rights\/","url":"https:\/\/www.evropskakuca.me\/me\/what-colours-are-human-rights\/","name":"Koje su boje ljudska prava i kako ih djeca zami\u0161ljaju - Europe House","isPartOf":{"@id":"https:\/\/www.evropskakuca.me\/me\/#website"},"primaryImageOfPage":{"@id":"https:\/\/www.evropskakuca.me\/me\/what-colours-are-human-rights\/#primaryimage"},"image":{"@id":"https:\/\/www.evropskakuca.me\/me\/what-colours-are-human-rights\/#primaryimage"},"thumbnailUrl":"https:\/\/www.evropskakuca.me\/wp-content\/uploads\/2025\/12\/FRO_8863-scaled.jpg","datePublished":"2025-12-08T13:18:39+00:00","dateModified":"2025-12-08T13:30:34+00:00","breadcrumb":{"@id":"https:\/\/www.evropskakuca.me\/me\/what-colours-are-human-rights\/#breadcrumb"},"inLanguage":"me-ME","potentialAction":[{"@type":"ReadAction","target":["https:\/\/www.evropskakuca.me\/me\/what-colours-are-human-rights\/"]}]},{"@type":"ImageObject","inLanguage":"me-ME","@id":"https:\/\/www.evropskakuca.me\/me\/what-colours-are-human-rights\/#primaryimage","url":"https:\/\/www.evropskakuca.me\/wp-content\/uploads\/2025\/12\/FRO_8863-scaled.jpg","contentUrl":"https:\/\/www.evropskakuca.me\/wp-content\/uploads\/2025\/12\/FRO_8863-scaled.jpg","width":2560,"height":1707},{"@type":"BreadcrumbList","@id":"https:\/\/www.evropskakuca.me\/me\/what-colours-are-human-rights\/#breadcrumb","itemListElement":[{"@type":"ListItem","position":1,"name":"Home","item":"https:\/\/www.evropskakuca.me\/me\/"},{"@type":"ListItem","position":2,"name":"Koje su boje ljudska prava i kako ih djeca zami\u0161ljaju"}]},{"@type":"WebSite","@id":"https:\/\/www.evropskakuca.me\/me\/#website","url":"https:\/\/www.evropskakuca.me\/me\/","name":"Evropean house","description":"","publisher":{"@id":"https:\/\/www.evropskakuca.me\/me\/#organization"},"potentialAction":[{"@type":"SearchAction","target":{"@type":"EntryPoint","urlTemplate":"https:\/\/www.evropskakuca.me\/me\/?s={search_term_string}"},"query-input":{"@type":"PropertyValueSpecification","valueRequired":true,"valueName":"search_term_string"}}],"inLanguage":"me-ME"},{"@type":"Organization","@id":"https:\/\/www.evropskakuca.me\/me\/#organization","name":"Evropean house","url":"https:\/\/www.evropskakuca.me\/me\/","logo":{"@type":"ImageObject","inLanguage":"me-ME","@id":"https:\/\/www.evropskakuca.me\/me\/#\/schema\/logo\/image\/","url":"https:\/\/www.evropskakuca.me\/wp-content\/uploads\/2025\/01\/evropska-kuca-logo-1.png","contentUrl":"https:\/\/www.evropskakuca.me\/wp-content\/uploads\/2025\/01\/evropska-kuca-logo-1.png","width":425,"height":312,"caption":"Evropean house"},"image":{"@id":"https:\/\/www.evropskakuca.me\/me\/#\/schema\/logo\/image\/"},"sameAs":["https:\/\/www.facebook.com\/evropska.kuca","https:\/\/x.com\/evropska_kuca","https:\/\/www.instagram.com\/evropska_kuca"]},{"@type":"Person","@id":"https:\/\/www.evropskakuca.me\/me\/#\/schema\/person\/7e16527119c7b67f457996b970f2bd6e","name":"Aleksandar Vukovic","image":{"@type":"ImageObject","inLanguage":"me-ME","@id":"https:\/\/secure.gravatar.com\/avatar\/a1834e0104b0242a886079bde835ba36d80c70f9987a11f3ba33eb9e8d74cc15?s=96&d=mm&r=g","url":"https:\/\/secure.gravatar.com\/avatar\/a1834e0104b0242a886079bde835ba36d80c70f9987a11f3ba33eb9e8d74cc15?s=96&d=mm&r=g","contentUrl":"https:\/\/secure.gravatar.com\/avatar\/a1834e0104b0242a886079bde835ba36d80c70f9987a11f3ba33eb9e8d74cc15?s=96&d=mm&r=g","caption":"Aleksandar Vukovic"},"url":"https:\/\/www.evropskakuca.me\/me\/author\/aleksandar\/"}]}},"_links":{"self":[{"href":"https:\/\/www.evropskakuca.me\/me\/wp-json\/wp\/v2\/posts\/46806","targetHints":{"allow":["GET"]}}],"collection":[{"href":"https:\/\/www.evropskakuca.me\/me\/wp-json\/wp\/v2\/posts"}],"about":[{"href":"https:\/\/www.evropskakuca.me\/me\/wp-json\/wp\/v2\/types\/post"}],"author":[{"embeddable":true,"href":"https:\/\/www.evropskakuca.me\/me\/wp-json\/wp\/v2\/users\/3"}],"replies":[{"embeddable":true,"href":"https:\/\/www.evropskakuca.me\/me\/wp-json\/wp\/v2\/comments?post=46806"}],"version-history":[{"count":3,"href":"https:\/\/www.evropskakuca.me\/me\/wp-json\/wp\/v2\/posts\/46806\/revisions"}],"predecessor-version":[{"id":46812,"href":"https:\/\/www.evropskakuca.me\/me\/wp-json\/wp\/v2\/posts\/46806\/revisions\/46812"}],"wp:featuredmedia":[{"embeddable":true,"href":"https:\/\/www.evropskakuca.me\/me\/wp-json\/wp\/v2\/media\/46783"}],"wp:attachment":[{"href":"https:\/\/www.evropskakuca.me\/me\/wp-json\/wp\/v2\/media?parent=46806"}],"wp:term":[{"taxonomy":"category","embeddable":true,"href":"https:\/\/www.evropskakuca.me\/me\/wp-json\/wp\/v2\/categories?post=46806"},{"taxonomy":"post_tag","embeddable":true,"href":"https:\/\/www.evropskakuca.me\/me\/wp-json\/wp\/v2\/tags?post=46806"}],"curies":[{"name":"wp","href":"https:\/\/api.w.org\/{rel}","templated":true}]}}