{"id":46753,"date":"2025-12-04T16:50:31","date_gmt":"2025-12-04T16:50:31","guid":{"rendered":"https:\/\/www.evropskakuca.me\/?p=46753"},"modified":"2025-12-05T09:23:55","modified_gmt":"2025-12-05T09:23:55","slug":"evropska-kuca-svecano-otvorena-u-bijelom-polju","status":"publish","type":"post","link":"https:\/\/www.evropskakuca.me\/me\/evropska-kuca-svecano-otvorena-u-bijelom-polju\/","title":{"rendered":"Evropska ku\u0107a sve\u010dano otvorena u Bijelom Polju"},"content":{"rendered":"\n<p><strong>Delegacija Evropske unije u Crnoj Gori<\/strong> danas je sve\u010dano otvorila <strong>Evropsku ku\u0107u u Bijelom Polju<\/strong>, tre\u0107i centar ove vrste u zemlji, namijenjen ja\u010danju informisanja, komunikacije i povezivanja gra\u0111ana sa Evropskom unijom i njenim vrijednostima, politikama i programima.<\/p>\n\n\n\n<p>Evropska ku\u0107a u Bijelom Polju otvorena je na adresi <strong>Ulica Slobode br. 3<\/strong>, u prostoru koji je ustupila <strong>Centralna banka Crne Gore<\/strong>, a \u010dije je otvaranje realizovano u partnerstvu sa <strong>Op\u0161tinom Bijelo Polje<\/strong>. Delegacija Evropske unije izvr\u0161ila je ure\u0111enje i adaptaciju prostorija.<\/p>\n\n\n\n<figure class=\"wp-block-gallery has-nested-images columns-default is-cropped wp-block-gallery-1 is-layout-flex wp-block-gallery-is-layout-flex\">\n<figure class=\"wp-block-image size-large\"><img fetchpriority=\"high\" decoding=\"async\" width=\"1024\" height=\"576\" data-id=\"46757\" src=\"https:\/\/www.evropskakuca.me\/wp-content\/uploads\/2025\/12\/FRO_Ji1-1024x576.jpeg\" alt=\"\" class=\"wp-image-46757\" srcset=\"https:\/\/www.evropskakuca.me\/wp-content\/uploads\/2025\/12\/FRO_Ji1-1024x576.jpeg 1024w, https:\/\/www.evropskakuca.me\/wp-content\/uploads\/2025\/12\/FRO_Ji1-300x169.jpeg 300w, https:\/\/www.evropskakuca.me\/wp-content\/uploads\/2025\/12\/FRO_Ji1-768x432.jpeg 768w, https:\/\/www.evropskakuca.me\/wp-content\/uploads\/2025\/12\/FRO_Ji1.jpeg 1280w\" sizes=\"(max-width: 1024px) 100vw, 1024px\" \/><\/figure>\n\n\n\n<figure class=\"wp-block-image size-large\"><img decoding=\"async\" width=\"1024\" height=\"682\" data-id=\"46760\" src=\"https:\/\/www.evropskakuca.me\/wp-content\/uploads\/2025\/12\/FRO_9771-1024x682.jpeg\" alt=\"\" class=\"wp-image-46760\" srcset=\"https:\/\/www.evropskakuca.me\/wp-content\/uploads\/2025\/12\/FRO_9771-1024x682.jpeg 1024w, https:\/\/www.evropskakuca.me\/wp-content\/uploads\/2025\/12\/FRO_9771-300x200.jpeg 300w, https:\/\/www.evropskakuca.me\/wp-content\/uploads\/2025\/12\/FRO_9771-768x512.jpeg 768w, https:\/\/www.evropskakuca.me\/wp-content\/uploads\/2025\/12\/FRO_9771.jpeg 1280w\" sizes=\"(max-width: 1024px) 100vw, 1024px\" \/><\/figure>\n\n\n\n<figure class=\"wp-block-image size-large\"><img decoding=\"async\" width=\"1024\" height=\"682\" data-id=\"46756\" src=\"https:\/\/www.evropskakuca.me\/wp-content\/uploads\/2025\/12\/FRO_9667-1024x682.jpeg\" alt=\"\" class=\"wp-image-46756\" srcset=\"https:\/\/www.evropskakuca.me\/wp-content\/uploads\/2025\/12\/FRO_9667-1024x682.jpeg 1024w, https:\/\/www.evropskakuca.me\/wp-content\/uploads\/2025\/12\/FRO_9667-300x200.jpeg 300w, https:\/\/www.evropskakuca.me\/wp-content\/uploads\/2025\/12\/FRO_9667-768x512.jpeg 768w, https:\/\/www.evropskakuca.me\/wp-content\/uploads\/2025\/12\/FRO_9667.jpeg 1280w\" sizes=\"(max-width: 1024px) 100vw, 1024px\" \/><\/figure>\n<\/figure>\n\n\n\n<p>Sve\u010danost je odr\u017eana u prisustvu velikog broja visokih zvanica iz dr\u017eavnih institucija, lokalne samouprave, diplomatskog kora, me\u0111unarodnih organizacija, civilnog sektora i medija. Na ceremoniji su se obratili ambasador Evropske unije u Crnoj Gori <strong>Johan Satler<\/strong>, predsjednik Crne Gore <strong>Jakov Milatovi\u0107<\/strong>, ministarka evropskih poslova <strong>Maida Gor\u010devi\u0107<\/strong>, viceguvernerka Centralne banke Crne Gore <strong>Gordana Kalezi\u0107<\/strong>, predsjednik Op\u0161tine Bijelo Polje <strong>Petar Smolovi\u0107<\/strong> i ambasadorka Kraljevine Danske, kao predsjedavaju\u0107e Savjetom Evropske unije, <strong>Pernile Deler Kardel<\/strong>.&nbsp;&nbsp;<\/p>\n\n\n\n<figure class=\"wp-block-gallery has-nested-images columns-default is-cropped wp-block-gallery-2 is-layout-flex wp-block-gallery-is-layout-flex\">\n<figure class=\"wp-block-image size-large\"><img loading=\"lazy\" decoding=\"async\" width=\"1024\" height=\"682\" data-id=\"46762\" src=\"https:\/\/www.evropskakuca.me\/wp-content\/uploads\/2025\/12\/FRO_8767-1024x682.jpeg\" alt=\"\" class=\"wp-image-46762\" srcset=\"https:\/\/www.evropskakuca.me\/wp-content\/uploads\/2025\/12\/FRO_8767-1024x682.jpeg 1024w, https:\/\/www.evropskakuca.me\/wp-content\/uploads\/2025\/12\/FRO_8767-300x200.jpeg 300w, https:\/\/www.evropskakuca.me\/wp-content\/uploads\/2025\/12\/FRO_8767-768x512.jpeg 768w, https:\/\/www.evropskakuca.me\/wp-content\/uploads\/2025\/12\/FRO_8767.jpeg 1280w\" sizes=\"(max-width: 1024px) 100vw, 1024px\" \/><\/figure>\n\n\n\n<figure class=\"wp-block-image size-large\"><img loading=\"lazy\" decoding=\"async\" width=\"1024\" height=\"682\" data-id=\"46764\" src=\"https:\/\/www.evropskakuca.me\/wp-content\/uploads\/2025\/12\/FRO_8606-1024x682.jpeg\" alt=\"\" class=\"wp-image-46764\" srcset=\"https:\/\/www.evropskakuca.me\/wp-content\/uploads\/2025\/12\/FRO_8606-1024x682.jpeg 1024w, https:\/\/www.evropskakuca.me\/wp-content\/uploads\/2025\/12\/FRO_8606-300x200.jpeg 300w, https:\/\/www.evropskakuca.me\/wp-content\/uploads\/2025\/12\/FRO_8606-768x512.jpeg 768w, https:\/\/www.evropskakuca.me\/wp-content\/uploads\/2025\/12\/FRO_8606.jpeg 1280w\" sizes=\"(max-width: 1024px) 100vw, 1024px\" \/><\/figure>\n<\/figure>\n\n\n\n<p>U saradnji sa \u017deljezni\u010dkim prevozom Crne Gore, visoke zvanice doputovale su u Bijelo Polje specijalnim vozom koji je nosio poruke nacionalne ekolo\u0161ke kampanje \u201e<strong>\u010cuvaj da te \u010duva<\/strong>&#8220;, \u010dime je dodatno istaknuta va\u017enost ideje odr\u017eive mobilnosti, te uskla\u0111ivanja sa evropskim standardima u oblasti za\u0161tite prirode i klimatskih promjena, posebno u kontekstu obaveza iz poglavlja 27, kao i u svijetlu ambicije Crne Gore da okon\u010da pristupne pregovore do kraja 2026. godine.<\/p>\n\n\n\n<figure class=\"wp-block-image size-large\"><img loading=\"lazy\" decoding=\"async\" width=\"1024\" height=\"682\" src=\"https:\/\/www.evropskakuca.me\/wp-content\/uploads\/2025\/12\/FRO_9942-1024x682.jpeg\" alt=\"\" class=\"wp-image-46766\" srcset=\"https:\/\/www.evropskakuca.me\/wp-content\/uploads\/2025\/12\/FRO_9942-1024x682.jpeg 1024w, https:\/\/www.evropskakuca.me\/wp-content\/uploads\/2025\/12\/FRO_9942-300x200.jpeg 300w, https:\/\/www.evropskakuca.me\/wp-content\/uploads\/2025\/12\/FRO_9942-768x512.jpeg 768w, https:\/\/www.evropskakuca.me\/wp-content\/uploads\/2025\/12\/FRO_9942.jpeg 1280w\" sizes=\"(max-width: 1024px) 100vw, 1024px\" \/><\/figure>\n\n\n\n<p>Evropska ku\u0107a Bijelo Polje otvorena je za sve gra\u0111ane kao prostor namijenjen javnim debatama, informativnim sesijama, radionicama, aktivnostima mladih, kulturnim doga\u0111ajima i drugim programima usmjerenim ka ja\u010danju u\u010de\u0161\u0107a javnosti u procesu evropske integracije. Posebno \u0107e doprinositi tome da prisustvo Evropske unije postane vidljivije u svakodnevnom \u017eivotu ljudi na sjeveru dr\u017eave, stvaraju\u0107i mjesto gdje se lokalna zajednica i evropska perspektiva susrije\u0107u.&nbsp;<\/p>\n\n\n\n<p>Povodom otvaranja Evropske ku\u0107e, Delegacija Evropske unije u Crnoj Gori poklanja gra\u0111anima Bijelog Polja i gostima koncert Amire Medunjanin, koji \u0107e se odr\u017eati ve\u010deras u Kulturnom centru \u201e<strong>Vojislav Bulatovi\u0107 Strunjo<\/strong>&#8220;, sa po\u010detkom u <strong>19.00 sati<\/strong>.<\/p>\n","protected":false},"excerpt":{"rendered":"<p>Delegacija Evropske unije u Crnoj Gori danas je sve\u010dano otvorila Evropsku ku\u0107u u Bijelom Polju, tre\u0107i centar ove vrste u zemlji, namijenjen ja\u010danju informisanja, komunikacije i povezivanja gra\u0111ana sa Evropskom unijom i njenim vrijednostima, politikama i programima. Evropska ku\u0107a u Bijelom Polju otvorena je na adresi Ulica Slobode br. 3, u prostoru koji je ustupila [&hellip;]<\/p>\n","protected":false},"author":3,"featured_media":46754,"comment_status":"closed","ping_status":"closed","sticky":false,"template":"","format":"standard","meta":{"_acf_changed":false,"footnotes":""},"categories":[1193,283,524],"tags":[],"class_list":["post-46753","post","type-post","status-publish","format-standard","has-post-thumbnail","hentry","category-bijelo-polje","category-novosti-me","category-vesti"],"acf":[],"yoast_head":"<!-- This site is optimized with the Yoast SEO plugin v27.3 - https:\/\/yoast.com\/product\/yoast-seo-wordpress\/ -->\n<title>Evropska ku\u0107a sve\u010dano otvorena u Bijelom Polju - Europe House<\/title>\n<meta name=\"robots\" content=\"index, follow, max-snippet:-1, max-image-preview:large, max-video-preview:-1\" \/>\n<link rel=\"canonical\" href=\"https:\/\/www.evropskakuca.me\/me\/evropska-kuca-svecano-otvorena-u-bijelom-polju\/\" \/>\n<meta property=\"og:locale\" content=\"en_US\" \/>\n<meta property=\"og:type\" content=\"article\" \/>\n<meta property=\"og:title\" content=\"Evropska ku\u0107a sve\u010dano otvorena u Bijelom Polju - Europe House\" \/>\n<meta property=\"og:description\" content=\"Delegacija Evropske unije u Crnoj Gori danas je sve\u010dano otvorila Evropsku ku\u0107u u Bijelom Polju, tre\u0107i centar ove vrste u zemlji, namijenjen ja\u010danju informisanja, komunikacije i povezivanja gra\u0111ana sa Evropskom unijom i njenim vrijednostima, politikama i programima. Evropska ku\u0107a u Bijelom Polju otvorena je na adresi Ulica Slobode br. 3, u prostoru koji je ustupila [&hellip;]\" \/>\n<meta property=\"og:url\" content=\"https:\/\/www.evropskakuca.me\/me\/evropska-kuca-svecano-otvorena-u-bijelom-polju\/\" \/>\n<meta property=\"og:site_name\" content=\"Europe House\" \/>\n<meta property=\"article:publisher\" content=\"https:\/\/www.facebook.com\/evropska.kuca\" \/>\n<meta property=\"article:published_time\" content=\"2025-12-04T16:50:31+00:00\" \/>\n<meta property=\"article:modified_time\" content=\"2025-12-05T09:23:55+00:00\" \/>\n<meta property=\"og:image\" content=\"https:\/\/www.evropskakuca.me\/wp-content\/uploads\/2025\/12\/FRO_9199.jpeg\" \/>\n\t<meta property=\"og:image:width\" content=\"1280\" \/>\n\t<meta property=\"og:image:height\" content=\"853\" \/>\n\t<meta property=\"og:image:type\" content=\"image\/jpeg\" \/>\n<meta name=\"author\" content=\"Aleksandar Vukovic\" \/>\n<meta name=\"twitter:card\" content=\"summary_large_image\" \/>\n<meta name=\"twitter:creator\" content=\"@evropska_kuca\" \/>\n<meta name=\"twitter:site\" content=\"@evropska_kuca\" \/>\n<meta name=\"twitter:label1\" content=\"Written by\" \/>\n\t<meta name=\"twitter:data1\" content=\"Aleksandar Vukovic\" \/>\n\t<meta name=\"twitter:label2\" content=\"Est. reading time\" \/>\n\t<meta name=\"twitter:data2\" content=\"3 minutes\" \/>\n<script type=\"application\/ld+json\" class=\"yoast-schema-graph\">{\"@context\":\"https:\\\/\\\/schema.org\",\"@graph\":[{\"@type\":\"Article\",\"@id\":\"https:\\\/\\\/www.evropskakuca.me\\\/me\\\/evropska-kuca-svecano-otvorena-u-bijelom-polju\\\/#article\",\"isPartOf\":{\"@id\":\"https:\\\/\\\/www.evropskakuca.me\\\/me\\\/evropska-kuca-svecano-otvorena-u-bijelom-polju\\\/\"},\"author\":{\"name\":\"Aleksandar Vukovic\",\"@id\":\"https:\\\/\\\/www.evropskakuca.me\\\/me\\\/#\\\/schema\\\/person\\\/7e16527119c7b67f457996b970f2bd6e\"},\"headline\":\"Evropska ku\u0107a sve\u010dano otvorena u Bijelom Polju\",\"datePublished\":\"2025-12-04T16:50:31+00:00\",\"dateModified\":\"2025-12-05T09:23:55+00:00\",\"mainEntityOfPage\":{\"@id\":\"https:\\\/\\\/www.evropskakuca.me\\\/me\\\/evropska-kuca-svecano-otvorena-u-bijelom-polju\\\/\"},\"wordCount\":358,\"publisher\":{\"@id\":\"https:\\\/\\\/www.evropskakuca.me\\\/me\\\/#organization\"},\"image\":{\"@id\":\"https:\\\/\\\/www.evropskakuca.me\\\/me\\\/evropska-kuca-svecano-otvorena-u-bijelom-polju\\\/#primaryimage\"},\"thumbnailUrl\":\"https:\\\/\\\/www.evropskakuca.me\\\/wp-content\\\/uploads\\\/2025\\\/12\\\/FRO_9199.jpeg\",\"articleSection\":[\"Bijelo Polje\",\"Novosti\",\"Vesti\"],\"inLanguage\":\"me-ME\"},{\"@type\":\"WebPage\",\"@id\":\"https:\\\/\\\/www.evropskakuca.me\\\/me\\\/evropska-kuca-svecano-otvorena-u-bijelom-polju\\\/\",\"url\":\"https:\\\/\\\/www.evropskakuca.me\\\/me\\\/evropska-kuca-svecano-otvorena-u-bijelom-polju\\\/\",\"name\":\"Evropska ku\u0107a sve\u010dano otvorena u Bijelom Polju - Europe House\",\"isPartOf\":{\"@id\":\"https:\\\/\\\/www.evropskakuca.me\\\/me\\\/#website\"},\"primaryImageOfPage\":{\"@id\":\"https:\\\/\\\/www.evropskakuca.me\\\/me\\\/evropska-kuca-svecano-otvorena-u-bijelom-polju\\\/#primaryimage\"},\"image\":{\"@id\":\"https:\\\/\\\/www.evropskakuca.me\\\/me\\\/evropska-kuca-svecano-otvorena-u-bijelom-polju\\\/#primaryimage\"},\"thumbnailUrl\":\"https:\\\/\\\/www.evropskakuca.me\\\/wp-content\\\/uploads\\\/2025\\\/12\\\/FRO_9199.jpeg\",\"datePublished\":\"2025-12-04T16:50:31+00:00\",\"dateModified\":\"2025-12-05T09:23:55+00:00\",\"breadcrumb\":{\"@id\":\"https:\\\/\\\/www.evropskakuca.me\\\/me\\\/evropska-kuca-svecano-otvorena-u-bijelom-polju\\\/#breadcrumb\"},\"inLanguage\":\"me-ME\",\"potentialAction\":[{\"@type\":\"ReadAction\",\"target\":[\"https:\\\/\\\/www.evropskakuca.me\\\/me\\\/evropska-kuca-svecano-otvorena-u-bijelom-polju\\\/\"]}]},{\"@type\":\"ImageObject\",\"inLanguage\":\"me-ME\",\"@id\":\"https:\\\/\\\/www.evropskakuca.me\\\/me\\\/evropska-kuca-svecano-otvorena-u-bijelom-polju\\\/#primaryimage\",\"url\":\"https:\\\/\\\/www.evropskakuca.me\\\/wp-content\\\/uploads\\\/2025\\\/12\\\/FRO_9199.jpeg\",\"contentUrl\":\"https:\\\/\\\/www.evropskakuca.me\\\/wp-content\\\/uploads\\\/2025\\\/12\\\/FRO_9199.jpeg\",\"width\":1280,\"height\":853},{\"@type\":\"BreadcrumbList\",\"@id\":\"https:\\\/\\\/www.evropskakuca.me\\\/me\\\/evropska-kuca-svecano-otvorena-u-bijelom-polju\\\/#breadcrumb\",\"itemListElement\":[{\"@type\":\"ListItem\",\"position\":1,\"name\":\"Home\",\"item\":\"https:\\\/\\\/www.evropskakuca.me\\\/me\\\/\"},{\"@type\":\"ListItem\",\"position\":2,\"name\":\"Evropska ku\u0107a sve\u010dano otvorena u Bijelom Polju\"}]},{\"@type\":\"WebSite\",\"@id\":\"https:\\\/\\\/www.evropskakuca.me\\\/me\\\/#website\",\"url\":\"https:\\\/\\\/www.evropskakuca.me\\\/me\\\/\",\"name\":\"Evropean house\",\"description\":\"\",\"publisher\":{\"@id\":\"https:\\\/\\\/www.evropskakuca.me\\\/me\\\/#organization\"},\"potentialAction\":[{\"@type\":\"SearchAction\",\"target\":{\"@type\":\"EntryPoint\",\"urlTemplate\":\"https:\\\/\\\/www.evropskakuca.me\\\/me\\\/?s={search_term_string}\"},\"query-input\":{\"@type\":\"PropertyValueSpecification\",\"valueRequired\":true,\"valueName\":\"search_term_string\"}}],\"inLanguage\":\"me-ME\"},{\"@type\":\"Organization\",\"@id\":\"https:\\\/\\\/www.evropskakuca.me\\\/me\\\/#organization\",\"name\":\"Evropean house\",\"url\":\"https:\\\/\\\/www.evropskakuca.me\\\/me\\\/\",\"logo\":{\"@type\":\"ImageObject\",\"inLanguage\":\"me-ME\",\"@id\":\"https:\\\/\\\/www.evropskakuca.me\\\/me\\\/#\\\/schema\\\/logo\\\/image\\\/\",\"url\":\"https:\\\/\\\/www.evropskakuca.me\\\/wp-content\\\/uploads\\\/2025\\\/01\\\/evropska-kuca-logo-1.png\",\"contentUrl\":\"https:\\\/\\\/www.evropskakuca.me\\\/wp-content\\\/uploads\\\/2025\\\/01\\\/evropska-kuca-logo-1.png\",\"width\":425,\"height\":312,\"caption\":\"Evropean house\"},\"image\":{\"@id\":\"https:\\\/\\\/www.evropskakuca.me\\\/me\\\/#\\\/schema\\\/logo\\\/image\\\/\"},\"sameAs\":[\"https:\\\/\\\/www.facebook.com\\\/evropska.kuca\",\"https:\\\/\\\/x.com\\\/evropska_kuca\",\"https:\\\/\\\/www.instagram.com\\\/evropska_kuca\"]},{\"@type\":\"Person\",\"@id\":\"https:\\\/\\\/www.evropskakuca.me\\\/me\\\/#\\\/schema\\\/person\\\/7e16527119c7b67f457996b970f2bd6e\",\"name\":\"Aleksandar Vukovic\",\"image\":{\"@type\":\"ImageObject\",\"inLanguage\":\"me-ME\",\"@id\":\"https:\\\/\\\/secure.gravatar.com\\\/avatar\\\/a1834e0104b0242a886079bde835ba36d80c70f9987a11f3ba33eb9e8d74cc15?s=96&d=mm&r=g\",\"url\":\"https:\\\/\\\/secure.gravatar.com\\\/avatar\\\/a1834e0104b0242a886079bde835ba36d80c70f9987a11f3ba33eb9e8d74cc15?s=96&d=mm&r=g\",\"contentUrl\":\"https:\\\/\\\/secure.gravatar.com\\\/avatar\\\/a1834e0104b0242a886079bde835ba36d80c70f9987a11f3ba33eb9e8d74cc15?s=96&d=mm&r=g\",\"caption\":\"Aleksandar Vukovic\"},\"url\":\"https:\\\/\\\/www.evropskakuca.me\\\/me\\\/author\\\/aleksandar\\\/\"}]}<\/script>\n<!-- \/ Yoast SEO plugin. -->","yoast_head_json":{"title":"Evropska ku\u0107a sve\u010dano otvorena u Bijelom Polju - Europe House","robots":{"index":"index","follow":"follow","max-snippet":"max-snippet:-1","max-image-preview":"max-image-preview:large","max-video-preview":"max-video-preview:-1"},"canonical":"https:\/\/www.evropskakuca.me\/me\/evropska-kuca-svecano-otvorena-u-bijelom-polju\/","og_locale":"en_US","og_type":"article","og_title":"Evropska ku\u0107a sve\u010dano otvorena u Bijelom Polju - Europe House","og_description":"Delegacija Evropske unije u Crnoj Gori danas je sve\u010dano otvorila Evropsku ku\u0107u u Bijelom Polju, tre\u0107i centar ove vrste u zemlji, namijenjen ja\u010danju informisanja, komunikacije i povezivanja gra\u0111ana sa Evropskom unijom i njenim vrijednostima, politikama i programima. Evropska ku\u0107a u Bijelom Polju otvorena je na adresi Ulica Slobode br. 3, u prostoru koji je ustupila [&hellip;]","og_url":"https:\/\/www.evropskakuca.me\/me\/evropska-kuca-svecano-otvorena-u-bijelom-polju\/","og_site_name":"Europe House","article_publisher":"https:\/\/www.facebook.com\/evropska.kuca","article_published_time":"2025-12-04T16:50:31+00:00","article_modified_time":"2025-12-05T09:23:55+00:00","og_image":[{"width":1280,"height":853,"url":"https:\/\/www.evropskakuca.me\/wp-content\/uploads\/2025\/12\/FRO_9199.jpeg","type":"image\/jpeg"}],"author":"Aleksandar Vukovic","twitter_card":"summary_large_image","twitter_creator":"@evropska_kuca","twitter_site":"@evropska_kuca","twitter_misc":{"Written by":"Aleksandar Vukovic","Est. reading time":"3 minutes"},"schema":{"@context":"https:\/\/schema.org","@graph":[{"@type":"Article","@id":"https:\/\/www.evropskakuca.me\/me\/evropska-kuca-svecano-otvorena-u-bijelom-polju\/#article","isPartOf":{"@id":"https:\/\/www.evropskakuca.me\/me\/evropska-kuca-svecano-otvorena-u-bijelom-polju\/"},"author":{"name":"Aleksandar Vukovic","@id":"https:\/\/www.evropskakuca.me\/me\/#\/schema\/person\/7e16527119c7b67f457996b970f2bd6e"},"headline":"Evropska ku\u0107a sve\u010dano otvorena u Bijelom Polju","datePublished":"2025-12-04T16:50:31+00:00","dateModified":"2025-12-05T09:23:55+00:00","mainEntityOfPage":{"@id":"https:\/\/www.evropskakuca.me\/me\/evropska-kuca-svecano-otvorena-u-bijelom-polju\/"},"wordCount":358,"publisher":{"@id":"https:\/\/www.evropskakuca.me\/me\/#organization"},"image":{"@id":"https:\/\/www.evropskakuca.me\/me\/evropska-kuca-svecano-otvorena-u-bijelom-polju\/#primaryimage"},"thumbnailUrl":"https:\/\/www.evropskakuca.me\/wp-content\/uploads\/2025\/12\/FRO_9199.jpeg","articleSection":["Bijelo Polje","Novosti","Vesti"],"inLanguage":"me-ME"},{"@type":"WebPage","@id":"https:\/\/www.evropskakuca.me\/me\/evropska-kuca-svecano-otvorena-u-bijelom-polju\/","url":"https:\/\/www.evropskakuca.me\/me\/evropska-kuca-svecano-otvorena-u-bijelom-polju\/","name":"Evropska ku\u0107a sve\u010dano otvorena u Bijelom Polju - Europe House","isPartOf":{"@id":"https:\/\/www.evropskakuca.me\/me\/#website"},"primaryImageOfPage":{"@id":"https:\/\/www.evropskakuca.me\/me\/evropska-kuca-svecano-otvorena-u-bijelom-polju\/#primaryimage"},"image":{"@id":"https:\/\/www.evropskakuca.me\/me\/evropska-kuca-svecano-otvorena-u-bijelom-polju\/#primaryimage"},"thumbnailUrl":"https:\/\/www.evropskakuca.me\/wp-content\/uploads\/2025\/12\/FRO_9199.jpeg","datePublished":"2025-12-04T16:50:31+00:00","dateModified":"2025-12-05T09:23:55+00:00","breadcrumb":{"@id":"https:\/\/www.evropskakuca.me\/me\/evropska-kuca-svecano-otvorena-u-bijelom-polju\/#breadcrumb"},"inLanguage":"me-ME","potentialAction":[{"@type":"ReadAction","target":["https:\/\/www.evropskakuca.me\/me\/evropska-kuca-svecano-otvorena-u-bijelom-polju\/"]}]},{"@type":"ImageObject","inLanguage":"me-ME","@id":"https:\/\/www.evropskakuca.me\/me\/evropska-kuca-svecano-otvorena-u-bijelom-polju\/#primaryimage","url":"https:\/\/www.evropskakuca.me\/wp-content\/uploads\/2025\/12\/FRO_9199.jpeg","contentUrl":"https:\/\/www.evropskakuca.me\/wp-content\/uploads\/2025\/12\/FRO_9199.jpeg","width":1280,"height":853},{"@type":"BreadcrumbList","@id":"https:\/\/www.evropskakuca.me\/me\/evropska-kuca-svecano-otvorena-u-bijelom-polju\/#breadcrumb","itemListElement":[{"@type":"ListItem","position":1,"name":"Home","item":"https:\/\/www.evropskakuca.me\/me\/"},{"@type":"ListItem","position":2,"name":"Evropska ku\u0107a sve\u010dano otvorena u Bijelom Polju"}]},{"@type":"WebSite","@id":"https:\/\/www.evropskakuca.me\/me\/#website","url":"https:\/\/www.evropskakuca.me\/me\/","name":"Evropean house","description":"","publisher":{"@id":"https:\/\/www.evropskakuca.me\/me\/#organization"},"potentialAction":[{"@type":"SearchAction","target":{"@type":"EntryPoint","urlTemplate":"https:\/\/www.evropskakuca.me\/me\/?s={search_term_string}"},"query-input":{"@type":"PropertyValueSpecification","valueRequired":true,"valueName":"search_term_string"}}],"inLanguage":"me-ME"},{"@type":"Organization","@id":"https:\/\/www.evropskakuca.me\/me\/#organization","name":"Evropean house","url":"https:\/\/www.evropskakuca.me\/me\/","logo":{"@type":"ImageObject","inLanguage":"me-ME","@id":"https:\/\/www.evropskakuca.me\/me\/#\/schema\/logo\/image\/","url":"https:\/\/www.evropskakuca.me\/wp-content\/uploads\/2025\/01\/evropska-kuca-logo-1.png","contentUrl":"https:\/\/www.evropskakuca.me\/wp-content\/uploads\/2025\/01\/evropska-kuca-logo-1.png","width":425,"height":312,"caption":"Evropean house"},"image":{"@id":"https:\/\/www.evropskakuca.me\/me\/#\/schema\/logo\/image\/"},"sameAs":["https:\/\/www.facebook.com\/evropska.kuca","https:\/\/x.com\/evropska_kuca","https:\/\/www.instagram.com\/evropska_kuca"]},{"@type":"Person","@id":"https:\/\/www.evropskakuca.me\/me\/#\/schema\/person\/7e16527119c7b67f457996b970f2bd6e","name":"Aleksandar Vukovic","image":{"@type":"ImageObject","inLanguage":"me-ME","@id":"https:\/\/secure.gravatar.com\/avatar\/a1834e0104b0242a886079bde835ba36d80c70f9987a11f3ba33eb9e8d74cc15?s=96&d=mm&r=g","url":"https:\/\/secure.gravatar.com\/avatar\/a1834e0104b0242a886079bde835ba36d80c70f9987a11f3ba33eb9e8d74cc15?s=96&d=mm&r=g","contentUrl":"https:\/\/secure.gravatar.com\/avatar\/a1834e0104b0242a886079bde835ba36d80c70f9987a11f3ba33eb9e8d74cc15?s=96&d=mm&r=g","caption":"Aleksandar Vukovic"},"url":"https:\/\/www.evropskakuca.me\/me\/author\/aleksandar\/"}]}},"_links":{"self":[{"href":"https:\/\/www.evropskakuca.me\/me\/wp-json\/wp\/v2\/posts\/46753","targetHints":{"allow":["GET"]}}],"collection":[{"href":"https:\/\/www.evropskakuca.me\/me\/wp-json\/wp\/v2\/posts"}],"about":[{"href":"https:\/\/www.evropskakuca.me\/me\/wp-json\/wp\/v2\/types\/post"}],"author":[{"embeddable":true,"href":"https:\/\/www.evropskakuca.me\/me\/wp-json\/wp\/v2\/users\/3"}],"replies":[{"embeddable":true,"href":"https:\/\/www.evropskakuca.me\/me\/wp-json\/wp\/v2\/comments?post=46753"}],"version-history":[{"count":1,"href":"https:\/\/www.evropskakuca.me\/me\/wp-json\/wp\/v2\/posts\/46753\/revisions"}],"predecessor-version":[{"id":46768,"href":"https:\/\/www.evropskakuca.me\/me\/wp-json\/wp\/v2\/posts\/46753\/revisions\/46768"}],"wp:featuredmedia":[{"embeddable":true,"href":"https:\/\/www.evropskakuca.me\/me\/wp-json\/wp\/v2\/media\/46754"}],"wp:attachment":[{"href":"https:\/\/www.evropskakuca.me\/me\/wp-json\/wp\/v2\/media?parent=46753"}],"wp:term":[{"taxonomy":"category","embeddable":true,"href":"https:\/\/www.evropskakuca.me\/me\/wp-json\/wp\/v2\/categories?post=46753"},{"taxonomy":"post_tag","embeddable":true,"href":"https:\/\/www.evropskakuca.me\/me\/wp-json\/wp\/v2\/tags?post=46753"}],"curies":[{"name":"wp","href":"https:\/\/api.w.org\/{rel}","templated":true}]}}