{"id":46665,"date":"2025-12-01T14:00:32","date_gmt":"2025-12-01T14:00:32","guid":{"rendered":"https:\/\/www.evropskakuca.me\/unaprijedeni-kapaciteti-lokalnih-sluzbi-zastite-i-spasavanja\/"},"modified":"2025-12-01T14:54:42","modified_gmt":"2025-12-01T14:54:42","slug":"unaprijedeni-kapaciteti-lokalnih-sluzbi-zastite-i-spasavanja","status":"publish","type":"post","link":"https:\/\/www.evropskakuca.me\/me\/unaprijedeni-kapaciteti-lokalnih-sluzbi-zastite-i-spasavanja\/","title":{"rendered":"Unaprije\u0111eni kapaciteti lokalnih slu\u017ebi za\u0161tite i spa\u0161avanja"},"content":{"rendered":"\n<p>U Nacionalnom trening centru za za\u0161titu i spa\u0161avanje u Podgorici uprili\u010dena je primopredaja&nbsp;\u0161est specijalizovanih vatrogasnih vozila&nbsp;namijenjenih ja\u010danju operativnih kapaciteta lokalnih slu\u017ebi za\u0161tite i spa\u0161avanja.<\/p>\n\n\n\n<p>Vozila su obezbije\u0111ena u okviru&nbsp; projekta \u201cJa\u010danje otpornosti na klimatske promjene u ju\u017enom Jadranu\u201d \u2013 RESILIENCE koji finansira Evropska unija&nbsp;<strong>kroz Interreg IPA Program Ju\u017eni Jadran 2021\u20132027<\/strong>, a dodijeljena su op\u0161tinama: Bar, Danilovgrad, Ulcinj, Prijestonici Cetinje, dok su dva vozila privremeno ustupljena Glavnom gradu Podgorica, kao administrativnom i tehni\u010dkom korisniku, do formalnog uspostavljanja slu\u017ebi za\u0161tite u op\u0161tinama Zeta i Tuzi.<\/p>\n\n\n\n<p>Ukupna vrijednost vozila iznosi&nbsp;399.154,80 EUR&nbsp;a sva vozila su opremljena namjenskim vatrogasnim modulima visokog pritiska, rezervoarima za vodu, signalizacijom i opremom za intervenciju na te\u0161ko pristupa\u010dnim terenima.<\/p>\n\n\n\n<p>Nabavka specijalizovanih vozila predstavlja jedan od klju\u010dnih rezultata projekta i doprinos ja\u010danju spremnosti op\u0161tina za reagovanje u slu\u010daju po\u017eara na otvorenom prostoru, elementarnih nepogoda i drugih vanrednih situacija. Nova vozila omogu\u0107i\u0107e br\u017eu intervenciju, ve\u0107u dostupnost na nepristupa\u010dnim terenima i efikasnije djelovanje lokalnih jedinica za\u0161tite i spa\u0161avanja.<\/p>\n\n\n\n<figure class=\"wp-block-image size-large\"><img fetchpriority=\"high\" decoding=\"async\" width=\"1024\" height=\"768\" src=\"https:\/\/www.evropskakuca.me\/wp-content\/uploads\/2025\/12\/1000025808-1024x768.jpg\" alt=\"\" class=\"wp-image-46659\" srcset=\"https:\/\/www.evropskakuca.me\/wp-content\/uploads\/2025\/12\/1000025808-1024x768.jpg 1024w, https:\/\/www.evropskakuca.me\/wp-content\/uploads\/2025\/12\/1000025808-300x225.jpg 300w, https:\/\/www.evropskakuca.me\/wp-content\/uploads\/2025\/12\/1000025808-768x576.jpg 768w, https:\/\/www.evropskakuca.me\/wp-content\/uploads\/2025\/12\/1000025808-1536x1152.jpg 1536w, https:\/\/www.evropskakuca.me\/wp-content\/uploads\/2025\/12\/1000025808.jpg 1600w\" sizes=\"(max-width: 1024px) 100vw, 1024px\" \/><\/figure>\n\n\n\n<p>Na po\u010detku doga\u0111aja prisutne je pozdravila dr\u017eavna sekretarka Ministarstva unutra\u0161njih poslova&nbsp;<strong>Dragana Ka\u017eanegra Stani\u0161i\u0107<\/strong>&nbsp;koja je naglasila: \u201eUlaganje u opremu i kapacitete slu\u017ebi ne predstavlja samo finansijsku investiciju. To je ulaganje u \u017eivote ljudi, u bezbjednost na\u0161ih zajednica, u sposobnost dr\u017eave da odgovori na izazove. Vlada i Ministarstvo unutra\u0161njih poslova ostaju u potpunosti posve\u0107eni daljem ja\u010danju sistema za\u0161tite i spa\u0161avanja.\u201d<\/p>\n\n\n\n<p>Generalni direktor Direktorata za za\u0161titu i spa\u0161avanje&nbsp;<strong>Miodrag Be\u0161ovi\u0107<\/strong>&nbsp;je saop\u0161tio da ovaj projekat nije pojedina\u010dna aktivnost, ve\u0107 dio \u0161ire vizije i strategije razvoja sistema za\u0161tite i spa\u0161avanja i najavio jo\u0161 jedan projekat koji je po\u010deo sa realizacijom a u okviru kojeg \u0107e biti nabavljena &nbsp;vatrogasna vozila za op\u0161tine koje su obuhva\u0107ene projektom.<\/p>\n\n\n\n<p><strong>Radomir \u0160\u0107epanovi\u0107<\/strong>, na\u010delnik Direkcije za operativne poslove i Sla\u0111ana Pe\u0161i\u0107, nacionalna programska koordinatorka Ministarstva za evropske poslove akcentovali su zna\u010daj prekograni\u010dne saradnje i doprinosa Evropske unije u modernizaciji kapaciteta za reagovanje.<\/p>\n\n\n\n<p>Vozila su ispred op\u0161tina preuzeli Aleksandar Grgurovi\u0107, predsjednik Op\u0161tine Danilovgrad, Genci Nimanbegu, predsjednik Op\u0161tine Ulcinj, Ana Novovi\u0107, zamjenica gradona\u010delnika Prijestonice Cetinje, Aco Vulevi\u0107, komandir Slu\u017ebe za\u0161tite Bar i Nikola Bojanovi\u0107, komandir Slu\u017ebe za\u0161tite i spa\u0161avanja Glavnog grada Podgorica.<\/p>\n\n\n\n<p>Projekat RESILIENCE je strate\u0161ka inicijativu koja ima za cilj unapre\u0111enje kapaciteta slu\u017ebi za\u0161tite i spa\u0161avanja u prekograni\u010dnom podru\u010dju Albanije, Crne Gore i Italije i obuhvata modernizaciju opreme, zajedni\u010dke protokole djelovanja, specijalizovane obuke i razvoj regionalnih procedura za reagovanje u situacijama vanrednih doga\u0111aja. U Crnoj Gori projekat sprovodi Direktorat za za\u0161titu i spa\u0161avanje MUP-a a ukupan bud\u017eet projekta za Crnu Goru iznosi 761.796 EUR, od \u010dega Evropska unija finansira 85% bud\u017eeta.<\/p>\n\n\n\n<p>Ministarstvo unutra\u0161njih poslova \u0107e i u narednom nastaviti da radi na ja\u010danju kapaciteta svih jedinica lokalne samouprave kroz obuke, stru\u010dno usavr\u0161avanje i dalju nabavku opreme.<\/p>\n","protected":false},"excerpt":{"rendered":"<p>U Nacionalnom trening centru za za\u0161titu i spa\u0161avanje u Podgorici uprili\u010dena je primopredaja&nbsp;\u0161est specijalizovanih vatrogasnih vozila&nbsp;namijenjenih ja\u010danju operativnih kapaciteta lokalnih slu\u017ebi za\u0161tite i spa\u0161avanja. Vozila su obezbije\u0111ena u okviru&nbsp; projekta \u201cJa\u010danje otpornosti na klimatske promjene u ju\u017enom Jadranu\u201d \u2013 RESILIENCE koji finansira Evropska unija&nbsp;kroz Interreg IPA Program Ju\u017eni Jadran 2021\u20132027, a dodijeljena su op\u0161tinama: Bar, [&hellip;]<\/p>\n","protected":false},"author":3,"featured_media":46658,"comment_status":"closed","ping_status":"closed","sticky":false,"template":"","format":"standard","meta":{"_acf_changed":false,"footnotes":""},"categories":[283,524],"tags":[],"class_list":["post-46665","post","type-post","status-publish","format-standard","has-post-thumbnail","hentry","category-novosti-me","category-vesti"],"acf":[],"yoast_head":"<!-- This site is optimized with the Yoast SEO plugin v27.3 - https:\/\/yoast.com\/product\/yoast-seo-wordpress\/ -->\n<title>Unaprije\u0111eni kapaciteti lokalnih slu\u017ebi za\u0161tite i spa\u0161avanja - Europe House<\/title>\n<meta name=\"robots\" content=\"index, follow, max-snippet:-1, max-image-preview:large, max-video-preview:-1\" \/>\n<link rel=\"canonical\" href=\"https:\/\/www.evropskakuca.me\/me\/unaprijedeni-kapaciteti-lokalnih-sluzbi-zastite-i-spasavanja\/\" \/>\n<meta property=\"og:locale\" content=\"en_US\" \/>\n<meta property=\"og:type\" content=\"article\" \/>\n<meta property=\"og:title\" content=\"Unaprije\u0111eni kapaciteti lokalnih slu\u017ebi za\u0161tite i spa\u0161avanja - Europe House\" \/>\n<meta property=\"og:description\" content=\"U Nacionalnom trening centru za za\u0161titu i spa\u0161avanje u Podgorici uprili\u010dena je primopredaja&nbsp;\u0161est specijalizovanih vatrogasnih vozila&nbsp;namijenjenih ja\u010danju operativnih kapaciteta lokalnih slu\u017ebi za\u0161tite i spa\u0161avanja. Vozila su obezbije\u0111ena u okviru&nbsp; projekta \u201cJa\u010danje otpornosti na klimatske promjene u ju\u017enom Jadranu\u201d \u2013 RESILIENCE koji finansira Evropska unija&nbsp;kroz Interreg IPA Program Ju\u017eni Jadran 2021\u20132027, a dodijeljena su op\u0161tinama: Bar, [&hellip;]\" \/>\n<meta property=\"og:url\" content=\"https:\/\/www.evropskakuca.me\/me\/unaprijedeni-kapaciteti-lokalnih-sluzbi-zastite-i-spasavanja\/\" \/>\n<meta property=\"og:site_name\" content=\"Europe House\" \/>\n<meta property=\"article:publisher\" content=\"https:\/\/www.facebook.com\/evropska.kuca\" \/>\n<meta property=\"article:published_time\" content=\"2025-12-01T14:00:32+00:00\" \/>\n<meta property=\"article:modified_time\" content=\"2025-12-01T14:54:42+00:00\" \/>\n<meta property=\"og:image\" content=\"https:\/\/www.evropskakuca.me\/wp-content\/uploads\/2025\/12\/naslovna-4-e1764599291639.jpg\" \/>\n\t<meta property=\"og:image:width\" content=\"1000\" \/>\n\t<meta property=\"og:image:height\" content=\"666\" \/>\n\t<meta property=\"og:image:type\" content=\"image\/jpeg\" \/>\n<meta name=\"author\" content=\"Aleksandar Vukovic\" \/>\n<meta name=\"twitter:card\" content=\"summary_large_image\" \/>\n<meta name=\"twitter:creator\" content=\"@evropska_kuca\" \/>\n<meta name=\"twitter:site\" content=\"@evropska_kuca\" \/>\n<meta name=\"twitter:label1\" content=\"Written by\" \/>\n\t<meta name=\"twitter:data1\" content=\"Aleksandar Vukovic\" \/>\n\t<meta name=\"twitter:label2\" content=\"Est. reading time\" \/>\n\t<meta name=\"twitter:data2\" content=\"3 minutes\" \/>\n<script type=\"application\/ld+json\" class=\"yoast-schema-graph\">{\"@context\":\"https:\\\/\\\/schema.org\",\"@graph\":[{\"@type\":\"Article\",\"@id\":\"https:\\\/\\\/www.evropskakuca.me\\\/me\\\/unaprijedeni-kapaciteti-lokalnih-sluzbi-zastite-i-spasavanja\\\/#article\",\"isPartOf\":{\"@id\":\"https:\\\/\\\/www.evropskakuca.me\\\/me\\\/unaprijedeni-kapaciteti-lokalnih-sluzbi-zastite-i-spasavanja\\\/\"},\"author\":{\"name\":\"Aleksandar Vukovic\",\"@id\":\"https:\\\/\\\/www.evropskakuca.me\\\/me\\\/#\\\/schema\\\/person\\\/7e16527119c7b67f457996b970f2bd6e\"},\"headline\":\"Unaprije\u0111eni kapaciteti lokalnih slu\u017ebi za\u0161tite i spa\u0161avanja\",\"datePublished\":\"2025-12-01T14:00:32+00:00\",\"dateModified\":\"2025-12-01T14:54:42+00:00\",\"mainEntityOfPage\":{\"@id\":\"https:\\\/\\\/www.evropskakuca.me\\\/me\\\/unaprijedeni-kapaciteti-lokalnih-sluzbi-zastite-i-spasavanja\\\/\"},\"wordCount\":539,\"publisher\":{\"@id\":\"https:\\\/\\\/www.evropskakuca.me\\\/me\\\/#organization\"},\"image\":{\"@id\":\"https:\\\/\\\/www.evropskakuca.me\\\/me\\\/unaprijedeni-kapaciteti-lokalnih-sluzbi-zastite-i-spasavanja\\\/#primaryimage\"},\"thumbnailUrl\":\"https:\\\/\\\/www.evropskakuca.me\\\/wp-content\\\/uploads\\\/2025\\\/12\\\/naslovna-4-e1764599291639.jpg\",\"articleSection\":[\"Novosti\",\"Vesti\"],\"inLanguage\":\"me-ME\"},{\"@type\":\"WebPage\",\"@id\":\"https:\\\/\\\/www.evropskakuca.me\\\/me\\\/unaprijedeni-kapaciteti-lokalnih-sluzbi-zastite-i-spasavanja\\\/\",\"url\":\"https:\\\/\\\/www.evropskakuca.me\\\/me\\\/unaprijedeni-kapaciteti-lokalnih-sluzbi-zastite-i-spasavanja\\\/\",\"name\":\"Unaprije\u0111eni kapaciteti lokalnih slu\u017ebi za\u0161tite i spa\u0161avanja - Europe House\",\"isPartOf\":{\"@id\":\"https:\\\/\\\/www.evropskakuca.me\\\/me\\\/#website\"},\"primaryImageOfPage\":{\"@id\":\"https:\\\/\\\/www.evropskakuca.me\\\/me\\\/unaprijedeni-kapaciteti-lokalnih-sluzbi-zastite-i-spasavanja\\\/#primaryimage\"},\"image\":{\"@id\":\"https:\\\/\\\/www.evropskakuca.me\\\/me\\\/unaprijedeni-kapaciteti-lokalnih-sluzbi-zastite-i-spasavanja\\\/#primaryimage\"},\"thumbnailUrl\":\"https:\\\/\\\/www.evropskakuca.me\\\/wp-content\\\/uploads\\\/2025\\\/12\\\/naslovna-4-e1764599291639.jpg\",\"datePublished\":\"2025-12-01T14:00:32+00:00\",\"dateModified\":\"2025-12-01T14:54:42+00:00\",\"breadcrumb\":{\"@id\":\"https:\\\/\\\/www.evropskakuca.me\\\/me\\\/unaprijedeni-kapaciteti-lokalnih-sluzbi-zastite-i-spasavanja\\\/#breadcrumb\"},\"inLanguage\":\"me-ME\",\"potentialAction\":[{\"@type\":\"ReadAction\",\"target\":[\"https:\\\/\\\/www.evropskakuca.me\\\/me\\\/unaprijedeni-kapaciteti-lokalnih-sluzbi-zastite-i-spasavanja\\\/\"]}]},{\"@type\":\"ImageObject\",\"inLanguage\":\"me-ME\",\"@id\":\"https:\\\/\\\/www.evropskakuca.me\\\/me\\\/unaprijedeni-kapaciteti-lokalnih-sluzbi-zastite-i-spasavanja\\\/#primaryimage\",\"url\":\"https:\\\/\\\/www.evropskakuca.me\\\/wp-content\\\/uploads\\\/2025\\\/12\\\/naslovna-4-e1764599291639.jpg\",\"contentUrl\":\"https:\\\/\\\/www.evropskakuca.me\\\/wp-content\\\/uploads\\\/2025\\\/12\\\/naslovna-4-e1764599291639.jpg\",\"width\":1000,\"height\":666},{\"@type\":\"BreadcrumbList\",\"@id\":\"https:\\\/\\\/www.evropskakuca.me\\\/me\\\/unaprijedeni-kapaciteti-lokalnih-sluzbi-zastite-i-spasavanja\\\/#breadcrumb\",\"itemListElement\":[{\"@type\":\"ListItem\",\"position\":1,\"name\":\"Home\",\"item\":\"https:\\\/\\\/www.evropskakuca.me\\\/me\\\/\"},{\"@type\":\"ListItem\",\"position\":2,\"name\":\"Unaprije\u0111eni kapaciteti lokalnih slu\u017ebi za\u0161tite i spa\u0161avanja\"}]},{\"@type\":\"WebSite\",\"@id\":\"https:\\\/\\\/www.evropskakuca.me\\\/me\\\/#website\",\"url\":\"https:\\\/\\\/www.evropskakuca.me\\\/me\\\/\",\"name\":\"Evropean house\",\"description\":\"\",\"publisher\":{\"@id\":\"https:\\\/\\\/www.evropskakuca.me\\\/me\\\/#organization\"},\"potentialAction\":[{\"@type\":\"SearchAction\",\"target\":{\"@type\":\"EntryPoint\",\"urlTemplate\":\"https:\\\/\\\/www.evropskakuca.me\\\/me\\\/?s={search_term_string}\"},\"query-input\":{\"@type\":\"PropertyValueSpecification\",\"valueRequired\":true,\"valueName\":\"search_term_string\"}}],\"inLanguage\":\"me-ME\"},{\"@type\":\"Organization\",\"@id\":\"https:\\\/\\\/www.evropskakuca.me\\\/me\\\/#organization\",\"name\":\"Evropean house\",\"url\":\"https:\\\/\\\/www.evropskakuca.me\\\/me\\\/\",\"logo\":{\"@type\":\"ImageObject\",\"inLanguage\":\"me-ME\",\"@id\":\"https:\\\/\\\/www.evropskakuca.me\\\/me\\\/#\\\/schema\\\/logo\\\/image\\\/\",\"url\":\"https:\\\/\\\/www.evropskakuca.me\\\/wp-content\\\/uploads\\\/2025\\\/01\\\/evropska-kuca-logo-1.png\",\"contentUrl\":\"https:\\\/\\\/www.evropskakuca.me\\\/wp-content\\\/uploads\\\/2025\\\/01\\\/evropska-kuca-logo-1.png\",\"width\":425,\"height\":312,\"caption\":\"Evropean house\"},\"image\":{\"@id\":\"https:\\\/\\\/www.evropskakuca.me\\\/me\\\/#\\\/schema\\\/logo\\\/image\\\/\"},\"sameAs\":[\"https:\\\/\\\/www.facebook.com\\\/evropska.kuca\",\"https:\\\/\\\/x.com\\\/evropska_kuca\",\"https:\\\/\\\/www.instagram.com\\\/evropska_kuca\"]},{\"@type\":\"Person\",\"@id\":\"https:\\\/\\\/www.evropskakuca.me\\\/me\\\/#\\\/schema\\\/person\\\/7e16527119c7b67f457996b970f2bd6e\",\"name\":\"Aleksandar Vukovic\",\"image\":{\"@type\":\"ImageObject\",\"inLanguage\":\"me-ME\",\"@id\":\"https:\\\/\\\/secure.gravatar.com\\\/avatar\\\/a1834e0104b0242a886079bde835ba36d80c70f9987a11f3ba33eb9e8d74cc15?s=96&d=mm&r=g\",\"url\":\"https:\\\/\\\/secure.gravatar.com\\\/avatar\\\/a1834e0104b0242a886079bde835ba36d80c70f9987a11f3ba33eb9e8d74cc15?s=96&d=mm&r=g\",\"contentUrl\":\"https:\\\/\\\/secure.gravatar.com\\\/avatar\\\/a1834e0104b0242a886079bde835ba36d80c70f9987a11f3ba33eb9e8d74cc15?s=96&d=mm&r=g\",\"caption\":\"Aleksandar Vukovic\"},\"url\":\"https:\\\/\\\/www.evropskakuca.me\\\/me\\\/author\\\/aleksandar\\\/\"}]}<\/script>\n<!-- \/ Yoast SEO plugin. -->","yoast_head_json":{"title":"Unaprije\u0111eni kapaciteti lokalnih slu\u017ebi za\u0161tite i spa\u0161avanja - Europe House","robots":{"index":"index","follow":"follow","max-snippet":"max-snippet:-1","max-image-preview":"max-image-preview:large","max-video-preview":"max-video-preview:-1"},"canonical":"https:\/\/www.evropskakuca.me\/me\/unaprijedeni-kapaciteti-lokalnih-sluzbi-zastite-i-spasavanja\/","og_locale":"en_US","og_type":"article","og_title":"Unaprije\u0111eni kapaciteti lokalnih slu\u017ebi za\u0161tite i spa\u0161avanja - Europe House","og_description":"U Nacionalnom trening centru za za\u0161titu i spa\u0161avanje u Podgorici uprili\u010dena je primopredaja&nbsp;\u0161est specijalizovanih vatrogasnih vozila&nbsp;namijenjenih ja\u010danju operativnih kapaciteta lokalnih slu\u017ebi za\u0161tite i spa\u0161avanja. Vozila su obezbije\u0111ena u okviru&nbsp; projekta \u201cJa\u010danje otpornosti na klimatske promjene u ju\u017enom Jadranu\u201d \u2013 RESILIENCE koji finansira Evropska unija&nbsp;kroz Interreg IPA Program Ju\u017eni Jadran 2021\u20132027, a dodijeljena su op\u0161tinama: Bar, [&hellip;]","og_url":"https:\/\/www.evropskakuca.me\/me\/unaprijedeni-kapaciteti-lokalnih-sluzbi-zastite-i-spasavanja\/","og_site_name":"Europe House","article_publisher":"https:\/\/www.facebook.com\/evropska.kuca","article_published_time":"2025-12-01T14:00:32+00:00","article_modified_time":"2025-12-01T14:54:42+00:00","og_image":[{"width":1000,"height":666,"url":"https:\/\/www.evropskakuca.me\/wp-content\/uploads\/2025\/12\/naslovna-4-e1764599291639.jpg","type":"image\/jpeg"}],"author":"Aleksandar Vukovic","twitter_card":"summary_large_image","twitter_creator":"@evropska_kuca","twitter_site":"@evropska_kuca","twitter_misc":{"Written by":"Aleksandar Vukovic","Est. reading time":"3 minutes"},"schema":{"@context":"https:\/\/schema.org","@graph":[{"@type":"Article","@id":"https:\/\/www.evropskakuca.me\/me\/unaprijedeni-kapaciteti-lokalnih-sluzbi-zastite-i-spasavanja\/#article","isPartOf":{"@id":"https:\/\/www.evropskakuca.me\/me\/unaprijedeni-kapaciteti-lokalnih-sluzbi-zastite-i-spasavanja\/"},"author":{"name":"Aleksandar Vukovic","@id":"https:\/\/www.evropskakuca.me\/me\/#\/schema\/person\/7e16527119c7b67f457996b970f2bd6e"},"headline":"Unaprije\u0111eni kapaciteti lokalnih slu\u017ebi za\u0161tite i spa\u0161avanja","datePublished":"2025-12-01T14:00:32+00:00","dateModified":"2025-12-01T14:54:42+00:00","mainEntityOfPage":{"@id":"https:\/\/www.evropskakuca.me\/me\/unaprijedeni-kapaciteti-lokalnih-sluzbi-zastite-i-spasavanja\/"},"wordCount":539,"publisher":{"@id":"https:\/\/www.evropskakuca.me\/me\/#organization"},"image":{"@id":"https:\/\/www.evropskakuca.me\/me\/unaprijedeni-kapaciteti-lokalnih-sluzbi-zastite-i-spasavanja\/#primaryimage"},"thumbnailUrl":"https:\/\/www.evropskakuca.me\/wp-content\/uploads\/2025\/12\/naslovna-4-e1764599291639.jpg","articleSection":["Novosti","Vesti"],"inLanguage":"me-ME"},{"@type":"WebPage","@id":"https:\/\/www.evropskakuca.me\/me\/unaprijedeni-kapaciteti-lokalnih-sluzbi-zastite-i-spasavanja\/","url":"https:\/\/www.evropskakuca.me\/me\/unaprijedeni-kapaciteti-lokalnih-sluzbi-zastite-i-spasavanja\/","name":"Unaprije\u0111eni kapaciteti lokalnih slu\u017ebi za\u0161tite i spa\u0161avanja - Europe House","isPartOf":{"@id":"https:\/\/www.evropskakuca.me\/me\/#website"},"primaryImageOfPage":{"@id":"https:\/\/www.evropskakuca.me\/me\/unaprijedeni-kapaciteti-lokalnih-sluzbi-zastite-i-spasavanja\/#primaryimage"},"image":{"@id":"https:\/\/www.evropskakuca.me\/me\/unaprijedeni-kapaciteti-lokalnih-sluzbi-zastite-i-spasavanja\/#primaryimage"},"thumbnailUrl":"https:\/\/www.evropskakuca.me\/wp-content\/uploads\/2025\/12\/naslovna-4-e1764599291639.jpg","datePublished":"2025-12-01T14:00:32+00:00","dateModified":"2025-12-01T14:54:42+00:00","breadcrumb":{"@id":"https:\/\/www.evropskakuca.me\/me\/unaprijedeni-kapaciteti-lokalnih-sluzbi-zastite-i-spasavanja\/#breadcrumb"},"inLanguage":"me-ME","potentialAction":[{"@type":"ReadAction","target":["https:\/\/www.evropskakuca.me\/me\/unaprijedeni-kapaciteti-lokalnih-sluzbi-zastite-i-spasavanja\/"]}]},{"@type":"ImageObject","inLanguage":"me-ME","@id":"https:\/\/www.evropskakuca.me\/me\/unaprijedeni-kapaciteti-lokalnih-sluzbi-zastite-i-spasavanja\/#primaryimage","url":"https:\/\/www.evropskakuca.me\/wp-content\/uploads\/2025\/12\/naslovna-4-e1764599291639.jpg","contentUrl":"https:\/\/www.evropskakuca.me\/wp-content\/uploads\/2025\/12\/naslovna-4-e1764599291639.jpg","width":1000,"height":666},{"@type":"BreadcrumbList","@id":"https:\/\/www.evropskakuca.me\/me\/unaprijedeni-kapaciteti-lokalnih-sluzbi-zastite-i-spasavanja\/#breadcrumb","itemListElement":[{"@type":"ListItem","position":1,"name":"Home","item":"https:\/\/www.evropskakuca.me\/me\/"},{"@type":"ListItem","position":2,"name":"Unaprije\u0111eni kapaciteti lokalnih slu\u017ebi za\u0161tite i spa\u0161avanja"}]},{"@type":"WebSite","@id":"https:\/\/www.evropskakuca.me\/me\/#website","url":"https:\/\/www.evropskakuca.me\/me\/","name":"Evropean house","description":"","publisher":{"@id":"https:\/\/www.evropskakuca.me\/me\/#organization"},"potentialAction":[{"@type":"SearchAction","target":{"@type":"EntryPoint","urlTemplate":"https:\/\/www.evropskakuca.me\/me\/?s={search_term_string}"},"query-input":{"@type":"PropertyValueSpecification","valueRequired":true,"valueName":"search_term_string"}}],"inLanguage":"me-ME"},{"@type":"Organization","@id":"https:\/\/www.evropskakuca.me\/me\/#organization","name":"Evropean house","url":"https:\/\/www.evropskakuca.me\/me\/","logo":{"@type":"ImageObject","inLanguage":"me-ME","@id":"https:\/\/www.evropskakuca.me\/me\/#\/schema\/logo\/image\/","url":"https:\/\/www.evropskakuca.me\/wp-content\/uploads\/2025\/01\/evropska-kuca-logo-1.png","contentUrl":"https:\/\/www.evropskakuca.me\/wp-content\/uploads\/2025\/01\/evropska-kuca-logo-1.png","width":425,"height":312,"caption":"Evropean house"},"image":{"@id":"https:\/\/www.evropskakuca.me\/me\/#\/schema\/logo\/image\/"},"sameAs":["https:\/\/www.facebook.com\/evropska.kuca","https:\/\/x.com\/evropska_kuca","https:\/\/www.instagram.com\/evropska_kuca"]},{"@type":"Person","@id":"https:\/\/www.evropskakuca.me\/me\/#\/schema\/person\/7e16527119c7b67f457996b970f2bd6e","name":"Aleksandar Vukovic","image":{"@type":"ImageObject","inLanguage":"me-ME","@id":"https:\/\/secure.gravatar.com\/avatar\/a1834e0104b0242a886079bde835ba36d80c70f9987a11f3ba33eb9e8d74cc15?s=96&d=mm&r=g","url":"https:\/\/secure.gravatar.com\/avatar\/a1834e0104b0242a886079bde835ba36d80c70f9987a11f3ba33eb9e8d74cc15?s=96&d=mm&r=g","contentUrl":"https:\/\/secure.gravatar.com\/avatar\/a1834e0104b0242a886079bde835ba36d80c70f9987a11f3ba33eb9e8d74cc15?s=96&d=mm&r=g","caption":"Aleksandar Vukovic"},"url":"https:\/\/www.evropskakuca.me\/me\/author\/aleksandar\/"}]}},"_links":{"self":[{"href":"https:\/\/www.evropskakuca.me\/me\/wp-json\/wp\/v2\/posts\/46665","targetHints":{"allow":["GET"]}}],"collection":[{"href":"https:\/\/www.evropskakuca.me\/me\/wp-json\/wp\/v2\/posts"}],"about":[{"href":"https:\/\/www.evropskakuca.me\/me\/wp-json\/wp\/v2\/types\/post"}],"author":[{"embeddable":true,"href":"https:\/\/www.evropskakuca.me\/me\/wp-json\/wp\/v2\/users\/3"}],"replies":[{"embeddable":true,"href":"https:\/\/www.evropskakuca.me\/me\/wp-json\/wp\/v2\/comments?post=46665"}],"version-history":[{"count":1,"href":"https:\/\/www.evropskakuca.me\/me\/wp-json\/wp\/v2\/posts\/46665\/revisions"}],"predecessor-version":[{"id":46666,"href":"https:\/\/www.evropskakuca.me\/me\/wp-json\/wp\/v2\/posts\/46665\/revisions\/46666"}],"wp:featuredmedia":[{"embeddable":true,"href":"https:\/\/www.evropskakuca.me\/me\/wp-json\/wp\/v2\/media\/46658"}],"wp:attachment":[{"href":"https:\/\/www.evropskakuca.me\/me\/wp-json\/wp\/v2\/media?parent=46665"}],"wp:term":[{"taxonomy":"category","embeddable":true,"href":"https:\/\/www.evropskakuca.me\/me\/wp-json\/wp\/v2\/categories?post=46665"},{"taxonomy":"post_tag","embeddable":true,"href":"https:\/\/www.evropskakuca.me\/me\/wp-json\/wp\/v2\/tags?post=46665"}],"curies":[{"name":"wp","href":"https:\/\/api.w.org\/{rel}","templated":true}]}}