{"id":46637,"date":"2025-11-27T12:24:57","date_gmt":"2025-11-27T12:24:57","guid":{"rendered":"https:\/\/www.evropskakuca.me\/?p=46637"},"modified":"2025-11-27T12:31:17","modified_gmt":"2025-11-27T12:31:17","slug":"klinicki-centar-podgorica-i-46-skola-bice-renovirano-uz-podrsku-eu-kfw-a-i-ebrd-a","status":"publish","type":"post","link":"https:\/\/www.evropskakuca.me\/me\/klinicki-centar-podgorica-i-46-skola-bice-renovirano-uz-podrsku-eu-kfw-a-i-ebrd-a\/","title":{"rendered":"KCCG i 46 \u0161kola bi\u0107e renovirano uz podr\u0161ku EU, KfW-a i EBRD-a"},"content":{"rendered":"\n<p><strong>104 miliona eura ulo\u017eeno u unapre\u0111enje javnih zgrada u okviru Regionalnog programa energetske efikasnosti<\/strong><\/p>\n\n\n\n<p>Javne zgrade Crne Gore, primarno \u0161kole i bolnice, kao i veliki broj doma\u0107instava su u fazi modernizacije zahvaljuju\u0107i investicijama u iznosu od preko 100 miliona eura. Zajam i bespovratna sredstva obezbje\u0111uju Evropska unija (EU), Njema\u010dka razvojna banka (KfW) i Evropska banka za obnovu i razvoj (EBRD) kroz Regionalni program energetske efikasnosti (REEP), koji poma\u017ee zemljama Zapadnog Balkana da pobolj\u0161aju energetsku efikasnost zgrada i usklade zakonodavstvo sa pravnom tekovinom EU.<\/p>\n\n\n\n<p>Na doga\u0111aju odr\u017eanom u Evropskoj ku\u0107i u Podgorici, predstavnici EU, Vlade Crne Gore, KfW-a i EBRD-a predstavili su najsvje\u017cije rezultate i uticaj REEP programa na infrastrukturu Crne Gore i zelenu tranziciju.<\/p>\n\n\n\n<p>Sa 104 miliona eura obezbije\u0111enih za projekte pobolj\u0161anja energetske efikasnosti &#8211; uklju\u010duju\u0107i 12,6 miliona eura u grantovima EU i drugih donatora i 82 miliona eura u zajmovima od EBRD-a i KfW-a &#8211; REEP uti\u010de na opipljiva pobolj\u0161anja u obrazovnom, zdravstvenom i stambenom sektoru u Crnoj Gori. U toku je energetski efikasna rekonstrukcija Klini\u010dkog centra u Podgorici i 46 \u0161kola, dok je 180 doma\u0107instava ve\u0107 dobilo priliku da uvede inovacije sa dugoro\u010dnim pozitivnim efektima na zdravlje i komfor stanovanja. O\u010dekuje se da \u0107e ta nastojanja godi\u0161nje u\u0161tedjeti 48,722 MWh energije i smanjiti emisiju CO\u2082 za 13,429 tona.<\/p>\n\n\n\n<figure class=\"wp-block-image size-full\"><img fetchpriority=\"high\" decoding=\"async\" width=\"1000\" height=\"667\" src=\"https:\/\/www.evropskakuca.me\/wp-content\/uploads\/2025\/11\/EBRD-i-KfW-FOTO-5.jpg\" alt=\"\" class=\"wp-image-46640\" srcset=\"https:\/\/www.evropskakuca.me\/wp-content\/uploads\/2025\/11\/EBRD-i-KfW-FOTO-5.jpg 1000w, https:\/\/www.evropskakuca.me\/wp-content\/uploads\/2025\/11\/EBRD-i-KfW-FOTO-5-300x200.jpg 300w, https:\/\/www.evropskakuca.me\/wp-content\/uploads\/2025\/11\/EBRD-i-KfW-FOTO-5-768x512.jpg 768w\" sizes=\"(max-width: 1000px) 100vw, 1000px\" \/><\/figure>\n\n\n\n<p><strong>Ekaterina Bakalova, programska menad\u017eerka Evropske Komisije<\/strong> (Investicioni okvir za Zapadni Balkan) naglasila je: \u201eEU je najve\u0107i investitor i strate\u0161ki partner Crne Gore, podr\u017eavaju\u0107i njen proces pristupanja EU sveobuhvatnom finansijskom i tehni\u010dkom pomo\u0107i. REEP je primjer kako EU, zajedno s KfW-om, EBRD-em i vladom Crne Gore, podsti\u010de odr\u017eiva ulaganja velikih razmjera. Svaka renovirana \u0161kola i bolnica pobolj\u0161avaju kvalitet \u017eivota ljudi. Jedan od stubova Plana rasta EU je ja\u010danje ekonomske integracije s jedinstvenim tr\u017ei\u0161tem Evropske unije, gdje su integracija i dekarbonizacija energetskih tr\u017ei\u0161ta od visokog prioriteta.\u201c<\/p>\n\n\n\n<p>Pored finansiranja, REEP pru\u017ea tehni\u010dku pomo\u0107 za zakonodavni rad i ja\u010danje kapaciteta, omogu\u0107avaju\u0107i Crnoj Gori da usvoji strate\u0161ke dokumente i propise uskla\u0111ene sa EU zelenim dogovorom i ciljevima Energetske zajednice.<\/p>\n\n\n\n<figure class=\"wp-block-image size-full\"><img decoding=\"async\" width=\"1000\" height=\"667\" src=\"https:\/\/www.evropskakuca.me\/wp-content\/uploads\/2025\/11\/EBRD-i-KfW-FOTO-3-1.jpg\" alt=\"\" class=\"wp-image-46642\" srcset=\"https:\/\/www.evropskakuca.me\/wp-content\/uploads\/2025\/11\/EBRD-i-KfW-FOTO-3-1.jpg 1000w, https:\/\/www.evropskakuca.me\/wp-content\/uploads\/2025\/11\/EBRD-i-KfW-FOTO-3-1-300x200.jpg 300w, https:\/\/www.evropskakuca.me\/wp-content\/uploads\/2025\/11\/EBRD-i-KfW-FOTO-3-1-768x512.jpg 768w\" sizes=\"(max-width: 1000px) 100vw, 1000px\" \/><\/figure>\n\n\n\n<p><strong>Admir \u0160ahmanovi\u0107, ministar energetike i rudarstva Crne Gore<\/strong>, izjavio je: &#8220;Program REEP nam je pomogao da uskladimo na\u0161u zakonsku regulativu o energetskoj efikasnosti sa EU direktivama, podi\u017eu\u0107i standarde i kvalitet u gra\u0111evinskom sektoru. Do sada je sedam \u0161kola u Nik\u0161i\u0107u, Kotoru, Tuzima, Baru i na Cetinju potpuno renovirano, pobolj\u0161avaju\u0107i uslove za u\u010denike i zaposlene. Ovaj program pobolj\u0161ava kvalitet \u017eivota, sa odr\u017eivo\u0161\u0107u kao vode\u0107im principom. Zahvaljujem se svim partnerima na podr\u0161ci.&#8221;<\/p>\n\n\n\n<figure class=\"wp-block-image size-large\"><img decoding=\"async\" width=\"1024\" height=\"683\" src=\"https:\/\/www.evropskakuca.me\/wp-content\/uploads\/2025\/11\/DSC_8416-1024x683.jpg\" alt=\"\" class=\"wp-image-46644\" srcset=\"https:\/\/www.evropskakuca.me\/wp-content\/uploads\/2025\/11\/DSC_8416-1024x683.jpg 1024w, https:\/\/www.evropskakuca.me\/wp-content\/uploads\/2025\/11\/DSC_8416-300x200.jpg 300w, https:\/\/www.evropskakuca.me\/wp-content\/uploads\/2025\/11\/DSC_8416-768x512.jpg 768w, https:\/\/www.evropskakuca.me\/wp-content\/uploads\/2025\/11\/DSC_8416-1536x1024.jpg 1536w, https:\/\/www.evropskakuca.me\/wp-content\/uploads\/2025\/11\/DSC_8416-2048x1365.jpg 2048w\" sizes=\"(max-width: 1024px) 100vw, 1024px\" \/><\/figure>\n\n\n\n<p><strong>Pablo Obrador Alvarez, \u0161ef odjeljenja Energetike Jugoisto\u010dne Evrope i Turske u KfW<\/strong>, primijetio je: &#8220;Na\u0161 program energetske efikasnosti u javnim zgradama u Crnoj Gori vrijedi 60 miliona eura i obuhvata 19 \u0161kola, jedan dom za stare, jednu upravnu zgradu i prvu zgradu sa gotovo nultom potro\u0161njom energije u zemlji.&#8221; Mnoge zgrade, od kojih neke datiraju od 1930-ih, renovirane su kako bi se rije\u0161ili problemi kao \u0161to su zastarjelo grijanje, lo\u0161a izolacija i neprimjeren kvalitet vazduha, zna\u010dajno pobolj\u0161avaju\u0107i uslove za u\u010denike i zaposlene.<\/p>\n\n\n\n<p>U zdravstvu, EBRD finansira energetsku sanaciju tri glavne bolnice: Klini\u010dkog centra Podgorica i ustanove na Cetinju i u Bijelom Polju. Pored bolnica, EBRD finansira i obnovu 24 \u0161kole. U saradnji sa partnerskim bankama, EBRD obezbje\u0111uje finansiranje i za doma\u0107instva za energetsku sanaciju individualnih domova.<\/p>\n\n\n\n<figure class=\"wp-block-image size-large\"><img loading=\"lazy\" decoding=\"async\" width=\"1024\" height=\"683\" src=\"https:\/\/www.evropskakuca.me\/wp-content\/uploads\/2025\/11\/DSC_8374-1024x683.jpg\" alt=\"\" class=\"wp-image-46646\" srcset=\"https:\/\/www.evropskakuca.me\/wp-content\/uploads\/2025\/11\/DSC_8374-1024x683.jpg 1024w, https:\/\/www.evropskakuca.me\/wp-content\/uploads\/2025\/11\/DSC_8374-300x200.jpg 300w, https:\/\/www.evropskakuca.me\/wp-content\/uploads\/2025\/11\/DSC_8374-768x512.jpg 768w, https:\/\/www.evropskakuca.me\/wp-content\/uploads\/2025\/11\/DSC_8374-1536x1024.jpg 1536w, https:\/\/www.evropskakuca.me\/wp-content\/uploads\/2025\/11\/DSC_8374-2048x1365.jpg 2048w\" sizes=\"(max-width: 1024px) 100vw, 1024px\" \/><\/figure>\n\n\n\n<p><strong>Remon Zakaria, direktor kancelarije EBRD-a za Crnu Goru<\/strong>, dodao je: \u201ePonosni smo \u0161to stojimo uz Vladu Crne Gore u realizaciji projekata koji \u010dine stvarnu razliku u \u017eivotima ljudi. Kroz na\u0161e partnerstvo s Evropskom unijom u okviru Regionalnog programa energetske efikasnosti, ula\u017eemo u unapre\u0111enje energetske efikasnosti za dvadeset \u010detiri \u0161kole i modernizujemo tri bolnice \u0161irom zemlje. Ova pobolj\u0161anja \u0107e stvoriti bolja okru\u017eenja za u\u010denje za hiljade u\u010denika i sigurnije, modernije objekte za pacijente i medicinsko osoblje, uz smanjenje rizika od kontaminacije putem vazduha. Pored javnih zgrada, u okviru REEP programa unapre\u0111ujemo reforme politika i omogu\u0107avamo doma\u0107instvima da pobolj\u0161aju energetsku efikasnost putem namjenskih kreditnih linija s na\u0161im partnerskim bankama &#8211; NLB, CKB i Erste Bank. Ovi napori odra\u017eavaju na\u0161u posve\u0107enost odr\u017eivosti i vi\u0161em \u017eivotnom standardu za sve gra\u0111ane Crne Gore.\u201c<\/p>\n\n\n\n<p>Pokrenut 2012. godine u okviru Investicionog okvira Zapadnog Balkana, REEP kombinuje finansiranje EBRD-a i KfW-a sa bespovratnim sredstvima EU i drugih donatora za investicije, tehni\u010dku podr\u0161ku i reforme. Do sada je kroz program mobilizovano preko 1,1 milijarde eura na nivou regiona. Ukupan doprinos EU za WBIF REEP iznosi 276,5 miliona eura, uklju\u010duju\u0107i i dopunu od 90 miliona eura u 2025. godini, kako bi se o\u010duvao i dodatno ubrzao zeleni tranzicioni zamah Zapadnog Balkana.<\/p>\n","protected":false},"excerpt":{"rendered":"<p>104 miliona eura ulo\u017eeno u unapre\u0111enje javnih zgrada u okviru Regionalnog programa energetske efikasnosti Javne zgrade Crne Gore, primarno \u0161kole i bolnice, kao i veliki broj doma\u0107instava su u fazi modernizacije zahvaljuju\u0107i investicijama u iznosu od preko 100 miliona eura. Zajam i bespovratna sredstva obezbje\u0111uju Evropska unija (EU), Njema\u010dka razvojna banka (KfW) i Evropska banka [&hellip;]<\/p>\n","protected":false},"author":3,"featured_media":46638,"comment_status":"closed","ping_status":"closed","sticky":false,"template":"","format":"standard","meta":{"_acf_changed":false,"footnotes":""},"categories":[283,524],"tags":[],"class_list":["post-46637","post","type-post","status-publish","format-standard","has-post-thumbnail","hentry","category-novosti-me","category-vesti"],"acf":[],"yoast_head":"<!-- This site is optimized with the Yoast SEO plugin v27.3 - https:\/\/yoast.com\/product\/yoast-seo-wordpress\/ -->\n<title>KCCG i 46 \u0161kola bi\u0107e renovirano uz podr\u0161ku EU, KfW-a i EBRD-a - Europe House<\/title>\n<meta name=\"robots\" content=\"index, follow, max-snippet:-1, max-image-preview:large, max-video-preview:-1\" \/>\n<link rel=\"canonical\" href=\"https:\/\/www.evropskakuca.me\/me\/klinicki-centar-podgorica-i-46-skola-bice-renovirano-uz-podrsku-eu-kfw-a-i-ebrd-a\/\" \/>\n<meta property=\"og:locale\" content=\"en_US\" \/>\n<meta property=\"og:type\" content=\"article\" \/>\n<meta property=\"og:title\" content=\"KCCG i 46 \u0161kola bi\u0107e renovirano uz podr\u0161ku EU, KfW-a i EBRD-a - Europe House\" \/>\n<meta property=\"og:description\" content=\"104 miliona eura ulo\u017eeno u unapre\u0111enje javnih zgrada u okviru Regionalnog programa energetske efikasnosti Javne zgrade Crne Gore, primarno \u0161kole i bolnice, kao i veliki broj doma\u0107instava su u fazi modernizacije zahvaljuju\u0107i investicijama u iznosu od preko 100 miliona eura. Zajam i bespovratna sredstva obezbje\u0111uju Evropska unija (EU), Njema\u010dka razvojna banka (KfW) i Evropska banka [&hellip;]\" \/>\n<meta property=\"og:url\" content=\"https:\/\/www.evropskakuca.me\/me\/klinicki-centar-podgorica-i-46-skola-bice-renovirano-uz-podrsku-eu-kfw-a-i-ebrd-a\/\" \/>\n<meta property=\"og:site_name\" content=\"Europe House\" \/>\n<meta property=\"article:publisher\" content=\"https:\/\/www.facebook.com\/evropska.kuca\" \/>\n<meta property=\"article:published_time\" content=\"2025-11-27T12:24:57+00:00\" \/>\n<meta property=\"article:modified_time\" content=\"2025-11-27T12:31:17+00:00\" \/>\n<meta property=\"og:image\" content=\"https:\/\/www.evropskakuca.me\/wp-content\/uploads\/2025\/11\/EBRD-i-KfW-FOTO-1.jpg\" \/>\n\t<meta property=\"og:image:width\" content=\"1000\" \/>\n\t<meta property=\"og:image:height\" content=\"667\" \/>\n\t<meta property=\"og:image:type\" content=\"image\/jpeg\" \/>\n<meta name=\"author\" content=\"Aleksandar Vukovic\" \/>\n<meta name=\"twitter:card\" content=\"summary_large_image\" \/>\n<meta name=\"twitter:creator\" content=\"@evropska_kuca\" \/>\n<meta name=\"twitter:site\" content=\"@evropska_kuca\" \/>\n<meta name=\"twitter:label1\" content=\"Written by\" \/>\n\t<meta name=\"twitter:data1\" content=\"Aleksandar Vukovic\" \/>\n\t<meta name=\"twitter:label2\" content=\"Est. reading time\" \/>\n\t<meta name=\"twitter:data2\" content=\"5 minutes\" \/>\n<script type=\"application\/ld+json\" class=\"yoast-schema-graph\">{\"@context\":\"https:\\\/\\\/schema.org\",\"@graph\":[{\"@type\":\"Article\",\"@id\":\"https:\\\/\\\/www.evropskakuca.me\\\/me\\\/klinicki-centar-podgorica-i-46-skola-bice-renovirano-uz-podrsku-eu-kfw-a-i-ebrd-a\\\/#article\",\"isPartOf\":{\"@id\":\"https:\\\/\\\/www.evropskakuca.me\\\/me\\\/klinicki-centar-podgorica-i-46-skola-bice-renovirano-uz-podrsku-eu-kfw-a-i-ebrd-a\\\/\"},\"author\":{\"name\":\"Aleksandar Vukovic\",\"@id\":\"https:\\\/\\\/www.evropskakuca.me\\\/me\\\/#\\\/schema\\\/person\\\/7e16527119c7b67f457996b970f2bd6e\"},\"headline\":\"KCCG i 46 \u0161kola bi\u0107e renovirano uz podr\u0161ku EU, KfW-a i EBRD-a\",\"datePublished\":\"2025-11-27T12:24:57+00:00\",\"dateModified\":\"2025-11-27T12:31:17+00:00\",\"mainEntityOfPage\":{\"@id\":\"https:\\\/\\\/www.evropskakuca.me\\\/me\\\/klinicki-centar-podgorica-i-46-skola-bice-renovirano-uz-podrsku-eu-kfw-a-i-ebrd-a\\\/\"},\"wordCount\":811,\"publisher\":{\"@id\":\"https:\\\/\\\/www.evropskakuca.me\\\/me\\\/#organization\"},\"image\":{\"@id\":\"https:\\\/\\\/www.evropskakuca.me\\\/me\\\/klinicki-centar-podgorica-i-46-skola-bice-renovirano-uz-podrsku-eu-kfw-a-i-ebrd-a\\\/#primaryimage\"},\"thumbnailUrl\":\"https:\\\/\\\/www.evropskakuca.me\\\/wp-content\\\/uploads\\\/2025\\\/11\\\/EBRD-i-KfW-FOTO-1.jpg\",\"articleSection\":[\"Novosti\",\"Vesti\"],\"inLanguage\":\"me-ME\"},{\"@type\":\"WebPage\",\"@id\":\"https:\\\/\\\/www.evropskakuca.me\\\/me\\\/klinicki-centar-podgorica-i-46-skola-bice-renovirano-uz-podrsku-eu-kfw-a-i-ebrd-a\\\/\",\"url\":\"https:\\\/\\\/www.evropskakuca.me\\\/me\\\/klinicki-centar-podgorica-i-46-skola-bice-renovirano-uz-podrsku-eu-kfw-a-i-ebrd-a\\\/\",\"name\":\"KCCG i 46 \u0161kola bi\u0107e renovirano uz podr\u0161ku EU, KfW-a i EBRD-a - Europe House\",\"isPartOf\":{\"@id\":\"https:\\\/\\\/www.evropskakuca.me\\\/me\\\/#website\"},\"primaryImageOfPage\":{\"@id\":\"https:\\\/\\\/www.evropskakuca.me\\\/me\\\/klinicki-centar-podgorica-i-46-skola-bice-renovirano-uz-podrsku-eu-kfw-a-i-ebrd-a\\\/#primaryimage\"},\"image\":{\"@id\":\"https:\\\/\\\/www.evropskakuca.me\\\/me\\\/klinicki-centar-podgorica-i-46-skola-bice-renovirano-uz-podrsku-eu-kfw-a-i-ebrd-a\\\/#primaryimage\"},\"thumbnailUrl\":\"https:\\\/\\\/www.evropskakuca.me\\\/wp-content\\\/uploads\\\/2025\\\/11\\\/EBRD-i-KfW-FOTO-1.jpg\",\"datePublished\":\"2025-11-27T12:24:57+00:00\",\"dateModified\":\"2025-11-27T12:31:17+00:00\",\"breadcrumb\":{\"@id\":\"https:\\\/\\\/www.evropskakuca.me\\\/me\\\/klinicki-centar-podgorica-i-46-skola-bice-renovirano-uz-podrsku-eu-kfw-a-i-ebrd-a\\\/#breadcrumb\"},\"inLanguage\":\"me-ME\",\"potentialAction\":[{\"@type\":\"ReadAction\",\"target\":[\"https:\\\/\\\/www.evropskakuca.me\\\/me\\\/klinicki-centar-podgorica-i-46-skola-bice-renovirano-uz-podrsku-eu-kfw-a-i-ebrd-a\\\/\"]}]},{\"@type\":\"ImageObject\",\"inLanguage\":\"me-ME\",\"@id\":\"https:\\\/\\\/www.evropskakuca.me\\\/me\\\/klinicki-centar-podgorica-i-46-skola-bice-renovirano-uz-podrsku-eu-kfw-a-i-ebrd-a\\\/#primaryimage\",\"url\":\"https:\\\/\\\/www.evropskakuca.me\\\/wp-content\\\/uploads\\\/2025\\\/11\\\/EBRD-i-KfW-FOTO-1.jpg\",\"contentUrl\":\"https:\\\/\\\/www.evropskakuca.me\\\/wp-content\\\/uploads\\\/2025\\\/11\\\/EBRD-i-KfW-FOTO-1.jpg\",\"width\":1000,\"height\":667},{\"@type\":\"BreadcrumbList\",\"@id\":\"https:\\\/\\\/www.evropskakuca.me\\\/me\\\/klinicki-centar-podgorica-i-46-skola-bice-renovirano-uz-podrsku-eu-kfw-a-i-ebrd-a\\\/#breadcrumb\",\"itemListElement\":[{\"@type\":\"ListItem\",\"position\":1,\"name\":\"Home\",\"item\":\"https:\\\/\\\/www.evropskakuca.me\\\/me\\\/\"},{\"@type\":\"ListItem\",\"position\":2,\"name\":\"KCCG i 46 \u0161kola bi\u0107e renovirano uz podr\u0161ku EU, KfW-a i EBRD-a\"}]},{\"@type\":\"WebSite\",\"@id\":\"https:\\\/\\\/www.evropskakuca.me\\\/me\\\/#website\",\"url\":\"https:\\\/\\\/www.evropskakuca.me\\\/me\\\/\",\"name\":\"Evropean house\",\"description\":\"\",\"publisher\":{\"@id\":\"https:\\\/\\\/www.evropskakuca.me\\\/me\\\/#organization\"},\"potentialAction\":[{\"@type\":\"SearchAction\",\"target\":{\"@type\":\"EntryPoint\",\"urlTemplate\":\"https:\\\/\\\/www.evropskakuca.me\\\/me\\\/?s={search_term_string}\"},\"query-input\":{\"@type\":\"PropertyValueSpecification\",\"valueRequired\":true,\"valueName\":\"search_term_string\"}}],\"inLanguage\":\"me-ME\"},{\"@type\":\"Organization\",\"@id\":\"https:\\\/\\\/www.evropskakuca.me\\\/me\\\/#organization\",\"name\":\"Evropean house\",\"url\":\"https:\\\/\\\/www.evropskakuca.me\\\/me\\\/\",\"logo\":{\"@type\":\"ImageObject\",\"inLanguage\":\"me-ME\",\"@id\":\"https:\\\/\\\/www.evropskakuca.me\\\/me\\\/#\\\/schema\\\/logo\\\/image\\\/\",\"url\":\"https:\\\/\\\/www.evropskakuca.me\\\/wp-content\\\/uploads\\\/2025\\\/01\\\/evropska-kuca-logo-1.png\",\"contentUrl\":\"https:\\\/\\\/www.evropskakuca.me\\\/wp-content\\\/uploads\\\/2025\\\/01\\\/evropska-kuca-logo-1.png\",\"width\":425,\"height\":312,\"caption\":\"Evropean house\"},\"image\":{\"@id\":\"https:\\\/\\\/www.evropskakuca.me\\\/me\\\/#\\\/schema\\\/logo\\\/image\\\/\"},\"sameAs\":[\"https:\\\/\\\/www.facebook.com\\\/evropska.kuca\",\"https:\\\/\\\/x.com\\\/evropska_kuca\",\"https:\\\/\\\/www.instagram.com\\\/evropska_kuca\"]},{\"@type\":\"Person\",\"@id\":\"https:\\\/\\\/www.evropskakuca.me\\\/me\\\/#\\\/schema\\\/person\\\/7e16527119c7b67f457996b970f2bd6e\",\"name\":\"Aleksandar Vukovic\",\"image\":{\"@type\":\"ImageObject\",\"inLanguage\":\"me-ME\",\"@id\":\"https:\\\/\\\/secure.gravatar.com\\\/avatar\\\/a1834e0104b0242a886079bde835ba36d80c70f9987a11f3ba33eb9e8d74cc15?s=96&d=mm&r=g\",\"url\":\"https:\\\/\\\/secure.gravatar.com\\\/avatar\\\/a1834e0104b0242a886079bde835ba36d80c70f9987a11f3ba33eb9e8d74cc15?s=96&d=mm&r=g\",\"contentUrl\":\"https:\\\/\\\/secure.gravatar.com\\\/avatar\\\/a1834e0104b0242a886079bde835ba36d80c70f9987a11f3ba33eb9e8d74cc15?s=96&d=mm&r=g\",\"caption\":\"Aleksandar Vukovic\"},\"url\":\"https:\\\/\\\/www.evropskakuca.me\\\/me\\\/author\\\/aleksandar\\\/\"}]}<\/script>\n<!-- \/ Yoast SEO plugin. -->","yoast_head_json":{"title":"KCCG i 46 \u0161kola bi\u0107e renovirano uz podr\u0161ku EU, KfW-a i EBRD-a - Europe House","robots":{"index":"index","follow":"follow","max-snippet":"max-snippet:-1","max-image-preview":"max-image-preview:large","max-video-preview":"max-video-preview:-1"},"canonical":"https:\/\/www.evropskakuca.me\/me\/klinicki-centar-podgorica-i-46-skola-bice-renovirano-uz-podrsku-eu-kfw-a-i-ebrd-a\/","og_locale":"en_US","og_type":"article","og_title":"KCCG i 46 \u0161kola bi\u0107e renovirano uz podr\u0161ku EU, KfW-a i EBRD-a - Europe House","og_description":"104 miliona eura ulo\u017eeno u unapre\u0111enje javnih zgrada u okviru Regionalnog programa energetske efikasnosti Javne zgrade Crne Gore, primarno \u0161kole i bolnice, kao i veliki broj doma\u0107instava su u fazi modernizacije zahvaljuju\u0107i investicijama u iznosu od preko 100 miliona eura. Zajam i bespovratna sredstva obezbje\u0111uju Evropska unija (EU), Njema\u010dka razvojna banka (KfW) i Evropska banka [&hellip;]","og_url":"https:\/\/www.evropskakuca.me\/me\/klinicki-centar-podgorica-i-46-skola-bice-renovirano-uz-podrsku-eu-kfw-a-i-ebrd-a\/","og_site_name":"Europe House","article_publisher":"https:\/\/www.facebook.com\/evropska.kuca","article_published_time":"2025-11-27T12:24:57+00:00","article_modified_time":"2025-11-27T12:31:17+00:00","og_image":[{"width":1000,"height":667,"url":"https:\/\/www.evropskakuca.me\/wp-content\/uploads\/2025\/11\/EBRD-i-KfW-FOTO-1.jpg","type":"image\/jpeg"}],"author":"Aleksandar Vukovic","twitter_card":"summary_large_image","twitter_creator":"@evropska_kuca","twitter_site":"@evropska_kuca","twitter_misc":{"Written by":"Aleksandar Vukovic","Est. reading time":"5 minutes"},"schema":{"@context":"https:\/\/schema.org","@graph":[{"@type":"Article","@id":"https:\/\/www.evropskakuca.me\/me\/klinicki-centar-podgorica-i-46-skola-bice-renovirano-uz-podrsku-eu-kfw-a-i-ebrd-a\/#article","isPartOf":{"@id":"https:\/\/www.evropskakuca.me\/me\/klinicki-centar-podgorica-i-46-skola-bice-renovirano-uz-podrsku-eu-kfw-a-i-ebrd-a\/"},"author":{"name":"Aleksandar Vukovic","@id":"https:\/\/www.evropskakuca.me\/me\/#\/schema\/person\/7e16527119c7b67f457996b970f2bd6e"},"headline":"KCCG i 46 \u0161kola bi\u0107e renovirano uz podr\u0161ku EU, KfW-a i EBRD-a","datePublished":"2025-11-27T12:24:57+00:00","dateModified":"2025-11-27T12:31:17+00:00","mainEntityOfPage":{"@id":"https:\/\/www.evropskakuca.me\/me\/klinicki-centar-podgorica-i-46-skola-bice-renovirano-uz-podrsku-eu-kfw-a-i-ebrd-a\/"},"wordCount":811,"publisher":{"@id":"https:\/\/www.evropskakuca.me\/me\/#organization"},"image":{"@id":"https:\/\/www.evropskakuca.me\/me\/klinicki-centar-podgorica-i-46-skola-bice-renovirano-uz-podrsku-eu-kfw-a-i-ebrd-a\/#primaryimage"},"thumbnailUrl":"https:\/\/www.evropskakuca.me\/wp-content\/uploads\/2025\/11\/EBRD-i-KfW-FOTO-1.jpg","articleSection":["Novosti","Vesti"],"inLanguage":"me-ME"},{"@type":"WebPage","@id":"https:\/\/www.evropskakuca.me\/me\/klinicki-centar-podgorica-i-46-skola-bice-renovirano-uz-podrsku-eu-kfw-a-i-ebrd-a\/","url":"https:\/\/www.evropskakuca.me\/me\/klinicki-centar-podgorica-i-46-skola-bice-renovirano-uz-podrsku-eu-kfw-a-i-ebrd-a\/","name":"KCCG i 46 \u0161kola bi\u0107e renovirano uz podr\u0161ku EU, KfW-a i EBRD-a - Europe House","isPartOf":{"@id":"https:\/\/www.evropskakuca.me\/me\/#website"},"primaryImageOfPage":{"@id":"https:\/\/www.evropskakuca.me\/me\/klinicki-centar-podgorica-i-46-skola-bice-renovirano-uz-podrsku-eu-kfw-a-i-ebrd-a\/#primaryimage"},"image":{"@id":"https:\/\/www.evropskakuca.me\/me\/klinicki-centar-podgorica-i-46-skola-bice-renovirano-uz-podrsku-eu-kfw-a-i-ebrd-a\/#primaryimage"},"thumbnailUrl":"https:\/\/www.evropskakuca.me\/wp-content\/uploads\/2025\/11\/EBRD-i-KfW-FOTO-1.jpg","datePublished":"2025-11-27T12:24:57+00:00","dateModified":"2025-11-27T12:31:17+00:00","breadcrumb":{"@id":"https:\/\/www.evropskakuca.me\/me\/klinicki-centar-podgorica-i-46-skola-bice-renovirano-uz-podrsku-eu-kfw-a-i-ebrd-a\/#breadcrumb"},"inLanguage":"me-ME","potentialAction":[{"@type":"ReadAction","target":["https:\/\/www.evropskakuca.me\/me\/klinicki-centar-podgorica-i-46-skola-bice-renovirano-uz-podrsku-eu-kfw-a-i-ebrd-a\/"]}]},{"@type":"ImageObject","inLanguage":"me-ME","@id":"https:\/\/www.evropskakuca.me\/me\/klinicki-centar-podgorica-i-46-skola-bice-renovirano-uz-podrsku-eu-kfw-a-i-ebrd-a\/#primaryimage","url":"https:\/\/www.evropskakuca.me\/wp-content\/uploads\/2025\/11\/EBRD-i-KfW-FOTO-1.jpg","contentUrl":"https:\/\/www.evropskakuca.me\/wp-content\/uploads\/2025\/11\/EBRD-i-KfW-FOTO-1.jpg","width":1000,"height":667},{"@type":"BreadcrumbList","@id":"https:\/\/www.evropskakuca.me\/me\/klinicki-centar-podgorica-i-46-skola-bice-renovirano-uz-podrsku-eu-kfw-a-i-ebrd-a\/#breadcrumb","itemListElement":[{"@type":"ListItem","position":1,"name":"Home","item":"https:\/\/www.evropskakuca.me\/me\/"},{"@type":"ListItem","position":2,"name":"KCCG i 46 \u0161kola bi\u0107e renovirano uz podr\u0161ku EU, KfW-a i EBRD-a"}]},{"@type":"WebSite","@id":"https:\/\/www.evropskakuca.me\/me\/#website","url":"https:\/\/www.evropskakuca.me\/me\/","name":"Evropean house","description":"","publisher":{"@id":"https:\/\/www.evropskakuca.me\/me\/#organization"},"potentialAction":[{"@type":"SearchAction","target":{"@type":"EntryPoint","urlTemplate":"https:\/\/www.evropskakuca.me\/me\/?s={search_term_string}"},"query-input":{"@type":"PropertyValueSpecification","valueRequired":true,"valueName":"search_term_string"}}],"inLanguage":"me-ME"},{"@type":"Organization","@id":"https:\/\/www.evropskakuca.me\/me\/#organization","name":"Evropean house","url":"https:\/\/www.evropskakuca.me\/me\/","logo":{"@type":"ImageObject","inLanguage":"me-ME","@id":"https:\/\/www.evropskakuca.me\/me\/#\/schema\/logo\/image\/","url":"https:\/\/www.evropskakuca.me\/wp-content\/uploads\/2025\/01\/evropska-kuca-logo-1.png","contentUrl":"https:\/\/www.evropskakuca.me\/wp-content\/uploads\/2025\/01\/evropska-kuca-logo-1.png","width":425,"height":312,"caption":"Evropean house"},"image":{"@id":"https:\/\/www.evropskakuca.me\/me\/#\/schema\/logo\/image\/"},"sameAs":["https:\/\/www.facebook.com\/evropska.kuca","https:\/\/x.com\/evropska_kuca","https:\/\/www.instagram.com\/evropska_kuca"]},{"@type":"Person","@id":"https:\/\/www.evropskakuca.me\/me\/#\/schema\/person\/7e16527119c7b67f457996b970f2bd6e","name":"Aleksandar Vukovic","image":{"@type":"ImageObject","inLanguage":"me-ME","@id":"https:\/\/secure.gravatar.com\/avatar\/a1834e0104b0242a886079bde835ba36d80c70f9987a11f3ba33eb9e8d74cc15?s=96&d=mm&r=g","url":"https:\/\/secure.gravatar.com\/avatar\/a1834e0104b0242a886079bde835ba36d80c70f9987a11f3ba33eb9e8d74cc15?s=96&d=mm&r=g","contentUrl":"https:\/\/secure.gravatar.com\/avatar\/a1834e0104b0242a886079bde835ba36d80c70f9987a11f3ba33eb9e8d74cc15?s=96&d=mm&r=g","caption":"Aleksandar Vukovic"},"url":"https:\/\/www.evropskakuca.me\/me\/author\/aleksandar\/"}]}},"_links":{"self":[{"href":"https:\/\/www.evropskakuca.me\/me\/wp-json\/wp\/v2\/posts\/46637","targetHints":{"allow":["GET"]}}],"collection":[{"href":"https:\/\/www.evropskakuca.me\/me\/wp-json\/wp\/v2\/posts"}],"about":[{"href":"https:\/\/www.evropskakuca.me\/me\/wp-json\/wp\/v2\/types\/post"}],"author":[{"embeddable":true,"href":"https:\/\/www.evropskakuca.me\/me\/wp-json\/wp\/v2\/users\/3"}],"replies":[{"embeddable":true,"href":"https:\/\/www.evropskakuca.me\/me\/wp-json\/wp\/v2\/comments?post=46637"}],"version-history":[{"count":4,"href":"https:\/\/www.evropskakuca.me\/me\/wp-json\/wp\/v2\/posts\/46637\/revisions"}],"predecessor-version":[{"id":46651,"href":"https:\/\/www.evropskakuca.me\/me\/wp-json\/wp\/v2\/posts\/46637\/revisions\/46651"}],"wp:featuredmedia":[{"embeddable":true,"href":"https:\/\/www.evropskakuca.me\/me\/wp-json\/wp\/v2\/media\/46638"}],"wp:attachment":[{"href":"https:\/\/www.evropskakuca.me\/me\/wp-json\/wp\/v2\/media?parent=46637"}],"wp:term":[{"taxonomy":"category","embeddable":true,"href":"https:\/\/www.evropskakuca.me\/me\/wp-json\/wp\/v2\/categories?post=46637"},{"taxonomy":"post_tag","embeddable":true,"href":"https:\/\/www.evropskakuca.me\/me\/wp-json\/wp\/v2\/tags?post=46637"}],"curies":[{"name":"wp","href":"https:\/\/api.w.org\/{rel}","templated":true}]}}