{"id":46420,"date":"2025-11-18T13:58:49","date_gmt":"2025-11-18T13:58:49","guid":{"rendered":"https:\/\/www.evropskakuca.me\/?p=46420"},"modified":"2025-11-18T13:58:53","modified_gmt":"2025-11-18T13:58:53","slug":"platforma-cuvaj-me-daje-rezultate-gradani-prijavljuju-institucije-reaguju","status":"publish","type":"post","link":"https:\/\/www.evropskakuca.me\/me\/platforma-cuvaj-me-daje-rezultate-gradani-prijavljuju-institucije-reaguju\/","title":{"rendered":"Platforma\u00a0\u010cuvaj.me\u00a0daje rezultate: gra\u0111ani prijavljuju, institucije reaguju"},"content":{"rendered":"\n<p>Platforma&nbsp;<strong><a href=\"http:\/\/xn--uvaj-fua.me\/\" target=\"_blank\" rel=\"noreferrer noopener\">\u010cuvaj.me<\/a><\/strong>, koju finansira Evropska unija u okviru nacionalne kampanje za za\u0161titu \u017eivotne sredine&nbsp;\u201e\u010cuvaj da te \u010duva&#8221;, od juna bilje\u017ei sve ve\u0107i broj prijava ekolo\u0161kih problema u lokalnim zajednicama \u0161irom Crne Gore. Dosada\u0161nja iskustva jasno pokazuju da&nbsp;saradnja gra\u0111ana i nadle\u017enih institucija donosi konkretne i vidljive rezultate na terenu.<\/p>\n\n\n\n<p>Naj\u010de\u0161\u0107e prijavljeni problemi odnose se na&nbsp;divlje deponije, zaga\u0111enje vodotokova, nepravilno odlaganje otpada&nbsp;i&nbsp;nelegalne aktivnosti u za\u0161ti\u0107enim podru\u010djima. Tim Platforme, kojim rukovodi inicijativa&nbsp;Ozelenimo Crnu Goru, proslje\u0111uje prijave nadle\u017enim slu\u017ebama \u2013 od komunalnih preduze\u0107a i inspekcija, do veterinarskih i ekolo\u0161kih organa \u2013 i&nbsp;svakodnevno prati&nbsp;sprovo\u0111enje mjera na terenu.<\/p>\n\n\n\n<p>Zahvaljuju\u0107i prijavama gra\u0111ana i djelovanju institucija, u prethodnom periodu je&nbsp;zatvoren ve\u0107i broj slu\u010dajeva&nbsp;\u0161irom Crne Gore, a dio predmeta se vodi kao privremeno zatvoren uz&nbsp;nastavak nadzora&nbsp;na lokacijama gdje postoji rizik od ponavljanja problema. Nadzor nad sprovedenim mjerama bi\u0107e dodatno oja\u010dan u saradnji sa&nbsp;Agencijom za za\u0161titu \u017eivotne sredine&nbsp;koja \u0107e vr\u0161iti terenske obilaske spornih lokacija.<\/p>\n\n\n\n<figure class=\"wp-block-image size-large\"><img fetchpriority=\"high\" decoding=\"async\" width=\"1024\" height=\"683\" src=\"https:\/\/www.evropskakuca.me\/wp-content\/uploads\/2025\/07\/Nenaslovljeni-dizajn-3-1-1024x683.jpg\" alt=\"\" class=\"wp-image-45400\" srcset=\"https:\/\/www.evropskakuca.me\/wp-content\/uploads\/2025\/07\/Nenaslovljeni-dizajn-3-1-1024x683.jpg 1024w, https:\/\/www.evropskakuca.me\/wp-content\/uploads\/2025\/07\/Nenaslovljeni-dizajn-3-1-300x200.jpg 300w, https:\/\/www.evropskakuca.me\/wp-content\/uploads\/2025\/07\/Nenaslovljeni-dizajn-3-1-768x512.jpg 768w, https:\/\/www.evropskakuca.me\/wp-content\/uploads\/2025\/07\/Nenaslovljeni-dizajn-3-1.jpg 1200w\" sizes=\"(max-width: 1024px) 100vw, 1024px\" \/><\/figure>\n\n\n\n<p>Platforma \u0107e, u saradnji sa nadle\u017enim institucijama,&nbsp;prioritet dati prijavama gdje je mogu\u0107e utvrditi individualnu odgovornost,&nbsp;kako bi brza reakcija i efikasna kaznena politika sprije\u010dile ponavljanje \u0161tete po prirodu.<\/p>\n\n\n\n<p>Tako\u0111e, administratori Platforme \u0107e ubudu\u0107e&nbsp;na polumjese\u010dnom nivou&nbsp;slati urgencije organima koji nijesu postupili po prijavama, a&nbsp;na mjese\u010dnom nivou&nbsp;objavljivati&nbsp;izvje\u0161taje o efikasnosti institucija&nbsp;u postupanju po prijavama.<\/p>\n\n\n\n<p>Pristigle prijave jasno pokazuju da&nbsp;mehanizam funkcioni\u0161e:&nbsp;gra\u0111ani prijave, institucije djeluju, javni prostor i prirodna dobra se \u0161tite.&nbsp;Istovremeno, broj prijava upozorava da se priroda&nbsp;i dalje svakodnevno ugro\u017eava, \u010dime se direktno naru\u0161ava&nbsp;pravo svakog gra\u0111anina na zdravu \u017eivotnu sredinu.<\/p>\n\n\n\n<p>Svaka prijava zna\u010di&nbsp;\u010distije rijeke, parkove, ulice i naselja.&nbsp;Zajedni\u010dkim djelovanjem gra\u0111ana i institucija mogu\u0107e je sprije\u010diti nesavjesne prakse, za\u0161tititi prirodu i unaprijediti kvalitet \u017eivota u Crnoj Gori.<\/p>\n\n\n\n<p>Prijave mo\u017eete podnijeti putem linka:&nbsp;<a href=\"http:\/\/www.cuvaj.me\/\" target=\"_blank\" rel=\"noreferrer noopener\">www.cuvaj.me<\/a><\/p>\n\n\n\n<p><strong>Kad prijavimo i reagujemo \u2014 zajedno \u010duvamo ono \u0161to nas \u010duva.&nbsp;\u010cuvaj da te \u010duva.<\/strong><\/p>\n","protected":false},"excerpt":{"rendered":"<p>Platforma&nbsp;\u010cuvaj.me, koju finansira Evropska unija u okviru nacionalne kampanje za za\u0161titu \u017eivotne sredine&nbsp;\u201e\u010cuvaj da te \u010duva&#8221;, od juna bilje\u017ei sve ve\u0107i broj prijava ekolo\u0161kih problema u lokalnim zajednicama \u0161irom Crne Gore. Dosada\u0161nja iskustva jasno pokazuju da&nbsp;saradnja gra\u0111ana i nadle\u017enih institucija donosi konkretne i vidljive rezultate na terenu. Naj\u010de\u0161\u0107e prijavljeni problemi odnose se na&nbsp;divlje deponije, zaga\u0111enje [&hellip;]<\/p>\n","protected":false},"author":3,"featured_media":44681,"comment_status":"closed","ping_status":"closed","sticky":false,"template":"","format":"standard","meta":{"_acf_changed":false,"footnotes":""},"categories":[283,524],"tags":[],"class_list":["post-46420","post","type-post","status-publish","format-standard","has-post-thumbnail","hentry","category-novosti-me","category-vesti"],"acf":[],"yoast_head":"<!-- This site is optimized with the Yoast SEO plugin v27.3 - https:\/\/yoast.com\/product\/yoast-seo-wordpress\/ -->\n<title>Platforma\u00a0\u010cuvaj.me\u00a0daje rezultate: gra\u0111ani prijavljuju, institucije reaguju - Europe House<\/title>\n<meta name=\"robots\" content=\"index, follow, max-snippet:-1, max-image-preview:large, max-video-preview:-1\" \/>\n<link rel=\"canonical\" href=\"https:\/\/www.evropskakuca.me\/me\/platforma-cuvaj-me-daje-rezultate-gradani-prijavljuju-institucije-reaguju\/\" \/>\n<meta property=\"og:locale\" content=\"en_US\" \/>\n<meta property=\"og:type\" content=\"article\" \/>\n<meta property=\"og:title\" content=\"Platforma\u00a0\u010cuvaj.me\u00a0daje rezultate: gra\u0111ani prijavljuju, institucije reaguju - Europe House\" \/>\n<meta property=\"og:description\" content=\"Platforma&nbsp;\u010cuvaj.me, koju finansira Evropska unija u okviru nacionalne kampanje za za\u0161titu \u017eivotne sredine&nbsp;\u201e\u010cuvaj da te \u010duva&#8221;, od juna bilje\u017ei sve ve\u0107i broj prijava ekolo\u0161kih problema u lokalnim zajednicama \u0161irom Crne Gore. Dosada\u0161nja iskustva jasno pokazuju da&nbsp;saradnja gra\u0111ana i nadle\u017enih institucija donosi konkretne i vidljive rezultate na terenu. Naj\u010de\u0161\u0107e prijavljeni problemi odnose se na&nbsp;divlje deponije, zaga\u0111enje [&hellip;]\" \/>\n<meta property=\"og:url\" content=\"https:\/\/www.evropskakuca.me\/me\/platforma-cuvaj-me-daje-rezultate-gradani-prijavljuju-institucije-reaguju\/\" \/>\n<meta property=\"og:site_name\" content=\"Europe House\" \/>\n<meta property=\"article:publisher\" content=\"https:\/\/www.facebook.com\/evropska.kuca\" \/>\n<meta property=\"article:published_time\" content=\"2025-11-18T13:58:49+00:00\" \/>\n<meta property=\"article:modified_time\" content=\"2025-11-18T13:58:53+00:00\" \/>\n<meta property=\"og:image\" content=\"https:\/\/www.evropskakuca.me\/wp-content\/uploads\/2025\/06\/Nenaslovljeni-dizajn-3.jpg\" \/>\n\t<meta property=\"og:image:width\" content=\"1200\" \/>\n\t<meta property=\"og:image:height\" content=\"800\" \/>\n\t<meta property=\"og:image:type\" content=\"image\/jpeg\" \/>\n<meta name=\"author\" content=\"Aleksandar Vukovic\" \/>\n<meta name=\"twitter:card\" content=\"summary_large_image\" \/>\n<meta name=\"twitter:creator\" content=\"@evropska_kuca\" \/>\n<meta name=\"twitter:site\" content=\"@evropska_kuca\" \/>\n<meta name=\"twitter:label1\" content=\"Written by\" \/>\n\t<meta name=\"twitter:data1\" content=\"Aleksandar Vukovic\" \/>\n\t<meta name=\"twitter:label2\" content=\"Est. reading time\" \/>\n\t<meta name=\"twitter:data2\" content=\"2 minutes\" \/>\n<script type=\"application\/ld+json\" class=\"yoast-schema-graph\">{\"@context\":\"https:\\\/\\\/schema.org\",\"@graph\":[{\"@type\":\"Article\",\"@id\":\"https:\\\/\\\/www.evropskakuca.me\\\/me\\\/platforma-cuvaj-me-daje-rezultate-gradani-prijavljuju-institucije-reaguju\\\/#article\",\"isPartOf\":{\"@id\":\"https:\\\/\\\/www.evropskakuca.me\\\/me\\\/platforma-cuvaj-me-daje-rezultate-gradani-prijavljuju-institucije-reaguju\\\/\"},\"author\":{\"name\":\"Aleksandar Vukovic\",\"@id\":\"https:\\\/\\\/www.evropskakuca.me\\\/me\\\/#\\\/schema\\\/person\\\/7e16527119c7b67f457996b970f2bd6e\"},\"headline\":\"Platforma\u00a0\u010cuvaj.me\u00a0daje rezultate: gra\u0111ani prijavljuju, institucije reaguju\",\"datePublished\":\"2025-11-18T13:58:49+00:00\",\"dateModified\":\"2025-11-18T13:58:53+00:00\",\"mainEntityOfPage\":{\"@id\":\"https:\\\/\\\/www.evropskakuca.me\\\/me\\\/platforma-cuvaj-me-daje-rezultate-gradani-prijavljuju-institucije-reaguju\\\/\"},\"wordCount\":394,\"publisher\":{\"@id\":\"https:\\\/\\\/www.evropskakuca.me\\\/me\\\/#organization\"},\"image\":{\"@id\":\"https:\\\/\\\/www.evropskakuca.me\\\/me\\\/platforma-cuvaj-me-daje-rezultate-gradani-prijavljuju-institucije-reaguju\\\/#primaryimage\"},\"thumbnailUrl\":\"https:\\\/\\\/www.evropskakuca.me\\\/wp-content\\\/uploads\\\/2025\\\/06\\\/Nenaslovljeni-dizajn-3.jpg\",\"articleSection\":[\"Novosti\",\"Vesti\"],\"inLanguage\":\"me-ME\"},{\"@type\":\"WebPage\",\"@id\":\"https:\\\/\\\/www.evropskakuca.me\\\/me\\\/platforma-cuvaj-me-daje-rezultate-gradani-prijavljuju-institucije-reaguju\\\/\",\"url\":\"https:\\\/\\\/www.evropskakuca.me\\\/me\\\/platforma-cuvaj-me-daje-rezultate-gradani-prijavljuju-institucije-reaguju\\\/\",\"name\":\"Platforma\u00a0\u010cuvaj.me\u00a0daje rezultate: gra\u0111ani prijavljuju, institucije reaguju - Europe House\",\"isPartOf\":{\"@id\":\"https:\\\/\\\/www.evropskakuca.me\\\/me\\\/#website\"},\"primaryImageOfPage\":{\"@id\":\"https:\\\/\\\/www.evropskakuca.me\\\/me\\\/platforma-cuvaj-me-daje-rezultate-gradani-prijavljuju-institucije-reaguju\\\/#primaryimage\"},\"image\":{\"@id\":\"https:\\\/\\\/www.evropskakuca.me\\\/me\\\/platforma-cuvaj-me-daje-rezultate-gradani-prijavljuju-institucije-reaguju\\\/#primaryimage\"},\"thumbnailUrl\":\"https:\\\/\\\/www.evropskakuca.me\\\/wp-content\\\/uploads\\\/2025\\\/06\\\/Nenaslovljeni-dizajn-3.jpg\",\"datePublished\":\"2025-11-18T13:58:49+00:00\",\"dateModified\":\"2025-11-18T13:58:53+00:00\",\"breadcrumb\":{\"@id\":\"https:\\\/\\\/www.evropskakuca.me\\\/me\\\/platforma-cuvaj-me-daje-rezultate-gradani-prijavljuju-institucije-reaguju\\\/#breadcrumb\"},\"inLanguage\":\"me-ME\",\"potentialAction\":[{\"@type\":\"ReadAction\",\"target\":[\"https:\\\/\\\/www.evropskakuca.me\\\/me\\\/platforma-cuvaj-me-daje-rezultate-gradani-prijavljuju-institucije-reaguju\\\/\"]}]},{\"@type\":\"ImageObject\",\"inLanguage\":\"me-ME\",\"@id\":\"https:\\\/\\\/www.evropskakuca.me\\\/me\\\/platforma-cuvaj-me-daje-rezultate-gradani-prijavljuju-institucije-reaguju\\\/#primaryimage\",\"url\":\"https:\\\/\\\/www.evropskakuca.me\\\/wp-content\\\/uploads\\\/2025\\\/06\\\/Nenaslovljeni-dizajn-3.jpg\",\"contentUrl\":\"https:\\\/\\\/www.evropskakuca.me\\\/wp-content\\\/uploads\\\/2025\\\/06\\\/Nenaslovljeni-dizajn-3.jpg\",\"width\":1200,\"height\":800},{\"@type\":\"BreadcrumbList\",\"@id\":\"https:\\\/\\\/www.evropskakuca.me\\\/me\\\/platforma-cuvaj-me-daje-rezultate-gradani-prijavljuju-institucije-reaguju\\\/#breadcrumb\",\"itemListElement\":[{\"@type\":\"ListItem\",\"position\":1,\"name\":\"Home\",\"item\":\"https:\\\/\\\/www.evropskakuca.me\\\/me\\\/\"},{\"@type\":\"ListItem\",\"position\":2,\"name\":\"Platforma\u00a0\u010cuvaj.me\u00a0daje rezultate: gra\u0111ani prijavljuju, institucije reaguju\"}]},{\"@type\":\"WebSite\",\"@id\":\"https:\\\/\\\/www.evropskakuca.me\\\/me\\\/#website\",\"url\":\"https:\\\/\\\/www.evropskakuca.me\\\/me\\\/\",\"name\":\"Evropean house\",\"description\":\"\",\"publisher\":{\"@id\":\"https:\\\/\\\/www.evropskakuca.me\\\/me\\\/#organization\"},\"potentialAction\":[{\"@type\":\"SearchAction\",\"target\":{\"@type\":\"EntryPoint\",\"urlTemplate\":\"https:\\\/\\\/www.evropskakuca.me\\\/me\\\/?s={search_term_string}\"},\"query-input\":{\"@type\":\"PropertyValueSpecification\",\"valueRequired\":true,\"valueName\":\"search_term_string\"}}],\"inLanguage\":\"me-ME\"},{\"@type\":\"Organization\",\"@id\":\"https:\\\/\\\/www.evropskakuca.me\\\/me\\\/#organization\",\"name\":\"Evropean house\",\"url\":\"https:\\\/\\\/www.evropskakuca.me\\\/me\\\/\",\"logo\":{\"@type\":\"ImageObject\",\"inLanguage\":\"me-ME\",\"@id\":\"https:\\\/\\\/www.evropskakuca.me\\\/me\\\/#\\\/schema\\\/logo\\\/image\\\/\",\"url\":\"https:\\\/\\\/www.evropskakuca.me\\\/wp-content\\\/uploads\\\/2025\\\/01\\\/evropska-kuca-logo-1.png\",\"contentUrl\":\"https:\\\/\\\/www.evropskakuca.me\\\/wp-content\\\/uploads\\\/2025\\\/01\\\/evropska-kuca-logo-1.png\",\"width\":425,\"height\":312,\"caption\":\"Evropean house\"},\"image\":{\"@id\":\"https:\\\/\\\/www.evropskakuca.me\\\/me\\\/#\\\/schema\\\/logo\\\/image\\\/\"},\"sameAs\":[\"https:\\\/\\\/www.facebook.com\\\/evropska.kuca\",\"https:\\\/\\\/x.com\\\/evropska_kuca\",\"https:\\\/\\\/www.instagram.com\\\/evropska_kuca\"]},{\"@type\":\"Person\",\"@id\":\"https:\\\/\\\/www.evropskakuca.me\\\/me\\\/#\\\/schema\\\/person\\\/7e16527119c7b67f457996b970f2bd6e\",\"name\":\"Aleksandar Vukovic\",\"image\":{\"@type\":\"ImageObject\",\"inLanguage\":\"me-ME\",\"@id\":\"https:\\\/\\\/secure.gravatar.com\\\/avatar\\\/a1834e0104b0242a886079bde835ba36d80c70f9987a11f3ba33eb9e8d74cc15?s=96&d=mm&r=g\",\"url\":\"https:\\\/\\\/secure.gravatar.com\\\/avatar\\\/a1834e0104b0242a886079bde835ba36d80c70f9987a11f3ba33eb9e8d74cc15?s=96&d=mm&r=g\",\"contentUrl\":\"https:\\\/\\\/secure.gravatar.com\\\/avatar\\\/a1834e0104b0242a886079bde835ba36d80c70f9987a11f3ba33eb9e8d74cc15?s=96&d=mm&r=g\",\"caption\":\"Aleksandar Vukovic\"},\"url\":\"https:\\\/\\\/www.evropskakuca.me\\\/me\\\/author\\\/aleksandar\\\/\"}]}<\/script>\n<!-- \/ Yoast SEO plugin. -->","yoast_head_json":{"title":"Platforma\u00a0\u010cuvaj.me\u00a0daje rezultate: gra\u0111ani prijavljuju, institucije reaguju - Europe House","robots":{"index":"index","follow":"follow","max-snippet":"max-snippet:-1","max-image-preview":"max-image-preview:large","max-video-preview":"max-video-preview:-1"},"canonical":"https:\/\/www.evropskakuca.me\/me\/platforma-cuvaj-me-daje-rezultate-gradani-prijavljuju-institucije-reaguju\/","og_locale":"en_US","og_type":"article","og_title":"Platforma\u00a0\u010cuvaj.me\u00a0daje rezultate: gra\u0111ani prijavljuju, institucije reaguju - Europe House","og_description":"Platforma&nbsp;\u010cuvaj.me, koju finansira Evropska unija u okviru nacionalne kampanje za za\u0161titu \u017eivotne sredine&nbsp;\u201e\u010cuvaj da te \u010duva&#8221;, od juna bilje\u017ei sve ve\u0107i broj prijava ekolo\u0161kih problema u lokalnim zajednicama \u0161irom Crne Gore. Dosada\u0161nja iskustva jasno pokazuju da&nbsp;saradnja gra\u0111ana i nadle\u017enih institucija donosi konkretne i vidljive rezultate na terenu. Naj\u010de\u0161\u0107e prijavljeni problemi odnose se na&nbsp;divlje deponije, zaga\u0111enje [&hellip;]","og_url":"https:\/\/www.evropskakuca.me\/me\/platforma-cuvaj-me-daje-rezultate-gradani-prijavljuju-institucije-reaguju\/","og_site_name":"Europe House","article_publisher":"https:\/\/www.facebook.com\/evropska.kuca","article_published_time":"2025-11-18T13:58:49+00:00","article_modified_time":"2025-11-18T13:58:53+00:00","og_image":[{"width":1200,"height":800,"url":"https:\/\/www.evropskakuca.me\/wp-content\/uploads\/2025\/06\/Nenaslovljeni-dizajn-3.jpg","type":"image\/jpeg"}],"author":"Aleksandar Vukovic","twitter_card":"summary_large_image","twitter_creator":"@evropska_kuca","twitter_site":"@evropska_kuca","twitter_misc":{"Written by":"Aleksandar Vukovic","Est. reading time":"2 minutes"},"schema":{"@context":"https:\/\/schema.org","@graph":[{"@type":"Article","@id":"https:\/\/www.evropskakuca.me\/me\/platforma-cuvaj-me-daje-rezultate-gradani-prijavljuju-institucije-reaguju\/#article","isPartOf":{"@id":"https:\/\/www.evropskakuca.me\/me\/platforma-cuvaj-me-daje-rezultate-gradani-prijavljuju-institucije-reaguju\/"},"author":{"name":"Aleksandar Vukovic","@id":"https:\/\/www.evropskakuca.me\/me\/#\/schema\/person\/7e16527119c7b67f457996b970f2bd6e"},"headline":"Platforma\u00a0\u010cuvaj.me\u00a0daje rezultate: gra\u0111ani prijavljuju, institucije reaguju","datePublished":"2025-11-18T13:58:49+00:00","dateModified":"2025-11-18T13:58:53+00:00","mainEntityOfPage":{"@id":"https:\/\/www.evropskakuca.me\/me\/platforma-cuvaj-me-daje-rezultate-gradani-prijavljuju-institucije-reaguju\/"},"wordCount":394,"publisher":{"@id":"https:\/\/www.evropskakuca.me\/me\/#organization"},"image":{"@id":"https:\/\/www.evropskakuca.me\/me\/platforma-cuvaj-me-daje-rezultate-gradani-prijavljuju-institucije-reaguju\/#primaryimage"},"thumbnailUrl":"https:\/\/www.evropskakuca.me\/wp-content\/uploads\/2025\/06\/Nenaslovljeni-dizajn-3.jpg","articleSection":["Novosti","Vesti"],"inLanguage":"me-ME"},{"@type":"WebPage","@id":"https:\/\/www.evropskakuca.me\/me\/platforma-cuvaj-me-daje-rezultate-gradani-prijavljuju-institucije-reaguju\/","url":"https:\/\/www.evropskakuca.me\/me\/platforma-cuvaj-me-daje-rezultate-gradani-prijavljuju-institucije-reaguju\/","name":"Platforma\u00a0\u010cuvaj.me\u00a0daje rezultate: gra\u0111ani prijavljuju, institucije reaguju - Europe House","isPartOf":{"@id":"https:\/\/www.evropskakuca.me\/me\/#website"},"primaryImageOfPage":{"@id":"https:\/\/www.evropskakuca.me\/me\/platforma-cuvaj-me-daje-rezultate-gradani-prijavljuju-institucije-reaguju\/#primaryimage"},"image":{"@id":"https:\/\/www.evropskakuca.me\/me\/platforma-cuvaj-me-daje-rezultate-gradani-prijavljuju-institucije-reaguju\/#primaryimage"},"thumbnailUrl":"https:\/\/www.evropskakuca.me\/wp-content\/uploads\/2025\/06\/Nenaslovljeni-dizajn-3.jpg","datePublished":"2025-11-18T13:58:49+00:00","dateModified":"2025-11-18T13:58:53+00:00","breadcrumb":{"@id":"https:\/\/www.evropskakuca.me\/me\/platforma-cuvaj-me-daje-rezultate-gradani-prijavljuju-institucije-reaguju\/#breadcrumb"},"inLanguage":"me-ME","potentialAction":[{"@type":"ReadAction","target":["https:\/\/www.evropskakuca.me\/me\/platforma-cuvaj-me-daje-rezultate-gradani-prijavljuju-institucije-reaguju\/"]}]},{"@type":"ImageObject","inLanguage":"me-ME","@id":"https:\/\/www.evropskakuca.me\/me\/platforma-cuvaj-me-daje-rezultate-gradani-prijavljuju-institucije-reaguju\/#primaryimage","url":"https:\/\/www.evropskakuca.me\/wp-content\/uploads\/2025\/06\/Nenaslovljeni-dizajn-3.jpg","contentUrl":"https:\/\/www.evropskakuca.me\/wp-content\/uploads\/2025\/06\/Nenaslovljeni-dizajn-3.jpg","width":1200,"height":800},{"@type":"BreadcrumbList","@id":"https:\/\/www.evropskakuca.me\/me\/platforma-cuvaj-me-daje-rezultate-gradani-prijavljuju-institucije-reaguju\/#breadcrumb","itemListElement":[{"@type":"ListItem","position":1,"name":"Home","item":"https:\/\/www.evropskakuca.me\/me\/"},{"@type":"ListItem","position":2,"name":"Platforma\u00a0\u010cuvaj.me\u00a0daje rezultate: gra\u0111ani prijavljuju, institucije reaguju"}]},{"@type":"WebSite","@id":"https:\/\/www.evropskakuca.me\/me\/#website","url":"https:\/\/www.evropskakuca.me\/me\/","name":"Evropean house","description":"","publisher":{"@id":"https:\/\/www.evropskakuca.me\/me\/#organization"},"potentialAction":[{"@type":"SearchAction","target":{"@type":"EntryPoint","urlTemplate":"https:\/\/www.evropskakuca.me\/me\/?s={search_term_string}"},"query-input":{"@type":"PropertyValueSpecification","valueRequired":true,"valueName":"search_term_string"}}],"inLanguage":"me-ME"},{"@type":"Organization","@id":"https:\/\/www.evropskakuca.me\/me\/#organization","name":"Evropean house","url":"https:\/\/www.evropskakuca.me\/me\/","logo":{"@type":"ImageObject","inLanguage":"me-ME","@id":"https:\/\/www.evropskakuca.me\/me\/#\/schema\/logo\/image\/","url":"https:\/\/www.evropskakuca.me\/wp-content\/uploads\/2025\/01\/evropska-kuca-logo-1.png","contentUrl":"https:\/\/www.evropskakuca.me\/wp-content\/uploads\/2025\/01\/evropska-kuca-logo-1.png","width":425,"height":312,"caption":"Evropean house"},"image":{"@id":"https:\/\/www.evropskakuca.me\/me\/#\/schema\/logo\/image\/"},"sameAs":["https:\/\/www.facebook.com\/evropska.kuca","https:\/\/x.com\/evropska_kuca","https:\/\/www.instagram.com\/evropska_kuca"]},{"@type":"Person","@id":"https:\/\/www.evropskakuca.me\/me\/#\/schema\/person\/7e16527119c7b67f457996b970f2bd6e","name":"Aleksandar Vukovic","image":{"@type":"ImageObject","inLanguage":"me-ME","@id":"https:\/\/secure.gravatar.com\/avatar\/a1834e0104b0242a886079bde835ba36d80c70f9987a11f3ba33eb9e8d74cc15?s=96&d=mm&r=g","url":"https:\/\/secure.gravatar.com\/avatar\/a1834e0104b0242a886079bde835ba36d80c70f9987a11f3ba33eb9e8d74cc15?s=96&d=mm&r=g","contentUrl":"https:\/\/secure.gravatar.com\/avatar\/a1834e0104b0242a886079bde835ba36d80c70f9987a11f3ba33eb9e8d74cc15?s=96&d=mm&r=g","caption":"Aleksandar Vukovic"},"url":"https:\/\/www.evropskakuca.me\/me\/author\/aleksandar\/"}]}},"_links":{"self":[{"href":"https:\/\/www.evropskakuca.me\/me\/wp-json\/wp\/v2\/posts\/46420","targetHints":{"allow":["GET"]}}],"collection":[{"href":"https:\/\/www.evropskakuca.me\/me\/wp-json\/wp\/v2\/posts"}],"about":[{"href":"https:\/\/www.evropskakuca.me\/me\/wp-json\/wp\/v2\/types\/post"}],"author":[{"embeddable":true,"href":"https:\/\/www.evropskakuca.me\/me\/wp-json\/wp\/v2\/users\/3"}],"replies":[{"embeddable":true,"href":"https:\/\/www.evropskakuca.me\/me\/wp-json\/wp\/v2\/comments?post=46420"}],"version-history":[{"count":1,"href":"https:\/\/www.evropskakuca.me\/me\/wp-json\/wp\/v2\/posts\/46420\/revisions"}],"predecessor-version":[{"id":46421,"href":"https:\/\/www.evropskakuca.me\/me\/wp-json\/wp\/v2\/posts\/46420\/revisions\/46421"}],"wp:featuredmedia":[{"embeddable":true,"href":"https:\/\/www.evropskakuca.me\/me\/wp-json\/wp\/v2\/media\/44681"}],"wp:attachment":[{"href":"https:\/\/www.evropskakuca.me\/me\/wp-json\/wp\/v2\/media?parent=46420"}],"wp:term":[{"taxonomy":"category","embeddable":true,"href":"https:\/\/www.evropskakuca.me\/me\/wp-json\/wp\/v2\/categories?post=46420"},{"taxonomy":"post_tag","embeddable":true,"href":"https:\/\/www.evropskakuca.me\/me\/wp-json\/wp\/v2\/tags?post=46420"}],"curies":[{"name":"wp","href":"https:\/\/api.w.org\/{rel}","templated":true}]}}