{"id":46337,"date":"2025-11-07T13:31:25","date_gmt":"2025-11-07T13:31:25","guid":{"rendered":"https:\/\/www.evropskakuca.me\/?p=46337"},"modified":"2025-11-07T13:37:42","modified_gmt":"2025-11-07T13:37:42","slug":"obiljezen-medinarodni-stem-dan-u-evropskoj-kuci","status":"publish","type":"post","link":"https:\/\/www.evropskakuca.me\/me\/obiljezen-medinarodni-stem-dan-u-evropskoj-kuci\/","title":{"rendered":"Obilje\u017een Me\u0111inarodni STEM dan u Evropskoj ku\u0107i"},"content":{"rendered":"\n<p><strong>Evropska ku\u0107a<\/strong> u Podgorici je danas, u saradnji sa Gimnazijom \u201e<strong>Slobodan \u0160kerovi\u0107<\/strong>&#8220;, \u0160kolom robotike i programiranja Smart Hub \u201e<strong>Dvori\u0161te<\/strong>&#8221; i Osnovnom \u0161kolom \u201e<strong>Savo Pejanovi\u0107<\/strong>&#8221; organizovala interaktivni doga\u0111aj povodom <strong>Me\u0111unarodnog dana nauke, tehnologije, in\u017eenjerstva i matematike<\/strong> (STEM), koji se \u0161irom svijeta obilje\u017eava <strong>8. novembra.<\/strong> Cilj doga\u0111aja bio je da kod mladih podstakne radoznalost, kreativno razmi\u0161ljanje i interesovanje za STEM oblasti \u2013 klju\u010dne za napredak dru\u0161tva i razvoj savremenih vje\u0161tina.<\/p>\n\n\n\n<figure class=\"wp-block-gallery has-nested-images columns-default is-cropped wp-block-gallery-1 is-layout-flex wp-block-gallery-is-layout-flex\">\n<figure class=\"wp-block-image size-large\"><img fetchpriority=\"high\" decoding=\"async\" width=\"1024\" height=\"683\" data-id=\"46344\" src=\"https:\/\/www.evropskakuca.me\/wp-content\/uploads\/2025\/11\/FRO_2576-1024x683.jpg\" alt=\"\" class=\"wp-image-46344\" srcset=\"https:\/\/www.evropskakuca.me\/wp-content\/uploads\/2025\/11\/FRO_2576-1024x683.jpg 1024w, https:\/\/www.evropskakuca.me\/wp-content\/uploads\/2025\/11\/FRO_2576-300x200.jpg 300w, https:\/\/www.evropskakuca.me\/wp-content\/uploads\/2025\/11\/FRO_2576-768x512.jpg 768w, https:\/\/www.evropskakuca.me\/wp-content\/uploads\/2025\/11\/FRO_2576-1536x1024.jpg 1536w, https:\/\/www.evropskakuca.me\/wp-content\/uploads\/2025\/11\/FRO_2576-2048x1365.jpg 2048w\" sizes=\"(max-width: 1024px) 100vw, 1024px\" \/><\/figure>\n\n\n\n<figure class=\"wp-block-image size-large\"><img decoding=\"async\" width=\"1024\" height=\"683\" data-id=\"46340\" src=\"https:\/\/www.evropskakuca.me\/wp-content\/uploads\/2025\/11\/FRO_2625-1024x683.jpg\" alt=\"\" class=\"wp-image-46340\" srcset=\"https:\/\/www.evropskakuca.me\/wp-content\/uploads\/2025\/11\/FRO_2625-1024x683.jpg 1024w, https:\/\/www.evropskakuca.me\/wp-content\/uploads\/2025\/11\/FRO_2625-300x200.jpg 300w, https:\/\/www.evropskakuca.me\/wp-content\/uploads\/2025\/11\/FRO_2625-768x512.jpg 768w, https:\/\/www.evropskakuca.me\/wp-content\/uploads\/2025\/11\/FRO_2625-1536x1024.jpg 1536w, https:\/\/www.evropskakuca.me\/wp-content\/uploads\/2025\/11\/FRO_2625-2048x1365.jpg 2048w\" sizes=\"(max-width: 1024px) 100vw, 1024px\" \/><\/figure>\n\n\n\n<figure class=\"wp-block-image size-large\"><img decoding=\"async\" width=\"1024\" height=\"683\" data-id=\"46342\" src=\"https:\/\/www.evropskakuca.me\/wp-content\/uploads\/2025\/11\/FRO_2653-1024x683.jpg\" alt=\"\" class=\"wp-image-46342\" srcset=\"https:\/\/www.evropskakuca.me\/wp-content\/uploads\/2025\/11\/FRO_2653-1024x683.jpg 1024w, https:\/\/www.evropskakuca.me\/wp-content\/uploads\/2025\/11\/FRO_2653-300x200.jpg 300w, https:\/\/www.evropskakuca.me\/wp-content\/uploads\/2025\/11\/FRO_2653-768x512.jpg 768w, https:\/\/www.evropskakuca.me\/wp-content\/uploads\/2025\/11\/FRO_2653-1536x1024.jpg 1536w, https:\/\/www.evropskakuca.me\/wp-content\/uploads\/2025\/11\/FRO_2653-2048x1365.jpg 2048w\" sizes=\"(max-width: 1024px) 100vw, 1024px\" \/><\/figure>\n<\/figure>\n\n\n\n<p>Doga\u0111aj je zapo\u010deo mini-predstavom\u00a0\u201e<strong>\u017divot na pravoj liniji \u2013 Linearne funkcije u svakodnevnom \u017eivotu<\/strong>&#8220;, koju su izveli podgori\u010dke gimnazijalke i gimnazijalci. Kroz humoristi\u010dne primjere, u\u010denici Gimnazije su osnovcima pokazali kako linearne funkcije mogu objasniti razli\u010dite svakodnevne situacije \u2013 od odnosa vremena provedenog na TikToku i nivoa raspolo\u017eenja, preko uticaja stresa na koncentraciju, do motivacije koju roditeljska pravila mogu imati na jutarnje bu\u0111enje. Predstava je pribli\u017eila matematiku kao alat koji obja\u0161njava realan \u017eivot, a ne udaljeni, apstraktni koncept.<\/p>\n\n\n\n<figure class=\"wp-block-image size-large\"><img loading=\"lazy\" decoding=\"async\" width=\"1024\" height=\"576\" src=\"https:\/\/www.evropskakuca.me\/wp-content\/uploads\/2025\/11\/STEM-TV-copy-1024x576.jpg\" alt=\"\" class=\"wp-image-46346\" srcset=\"https:\/\/www.evropskakuca.me\/wp-content\/uploads\/2025\/11\/STEM-TV-copy-1024x576.jpg 1024w, https:\/\/www.evropskakuca.me\/wp-content\/uploads\/2025\/11\/STEM-TV-copy-300x169.jpg 300w, https:\/\/www.evropskakuca.me\/wp-content\/uploads\/2025\/11\/STEM-TV-copy-768x432.jpg 768w, https:\/\/www.evropskakuca.me\/wp-content\/uploads\/2025\/11\/STEM-TV-copy-1536x864.jpg 1536w, https:\/\/www.evropskakuca.me\/wp-content\/uploads\/2025\/11\/STEM-TV-copy.jpg 1920w\" sizes=\"(max-width: 1024px) 100vw, 1024px\" \/><\/figure>\n\n\n\n<p>Drugi dio programa bio je posve\u0107en prakti\u010dnom istra\u017eivanju kroz tehnologiju. Nakon kratkog uvoda predstavnice Evropske ku\u0107e o procesu evropskih integracija, u\u010denici su u\u010destvovali u radionici robotike&nbsp;\u201eEU integracioni put kroz STEM&#8221;.<\/p>\n\n\n\n<p>Na posebnoj mapi sa simboli\u010dki predstavljenih 33 pregovara\u010dkih poglavlja, mladi programeri Smart Huba \u201eDvori\u0161te&#8221; upravljali su robotom \u010diji je svaki pokret predstavljao korak Crne Gore na evropskom putu. Na taj na\u010din, kompleksan politi\u010dki proces prikazan je kroz logiku programiranja, timski rad i igru, \u010dine\u0107i ga razumljivijim i bliskijim mladima.<\/p>\n\n\n\n<figure class=\"wp-block-gallery has-nested-images columns-default is-cropped wp-block-gallery-2 is-layout-flex wp-block-gallery-is-layout-flex\">\n<figure class=\"wp-block-image size-large\"><img loading=\"lazy\" decoding=\"async\" width=\"1024\" height=\"683\" data-id=\"46352\" src=\"https:\/\/www.evropskakuca.me\/wp-content\/uploads\/2025\/11\/FRO_2524-1024x683.jpg\" alt=\"\" class=\"wp-image-46352\" srcset=\"https:\/\/www.evropskakuca.me\/wp-content\/uploads\/2025\/11\/FRO_2524-1024x683.jpg 1024w, https:\/\/www.evropskakuca.me\/wp-content\/uploads\/2025\/11\/FRO_2524-300x200.jpg 300w, https:\/\/www.evropskakuca.me\/wp-content\/uploads\/2025\/11\/FRO_2524-768x512.jpg 768w, https:\/\/www.evropskakuca.me\/wp-content\/uploads\/2025\/11\/FRO_2524-1536x1024.jpg 1536w, https:\/\/www.evropskakuca.me\/wp-content\/uploads\/2025\/11\/FRO_2524-2048x1365.jpg 2048w\" sizes=\"(max-width: 1024px) 100vw, 1024px\" \/><\/figure>\n\n\n\n<figure class=\"wp-block-image size-large\"><img loading=\"lazy\" decoding=\"async\" width=\"1024\" height=\"683\" data-id=\"46356\" src=\"https:\/\/www.evropskakuca.me\/wp-content\/uploads\/2025\/11\/FRO_2792-1024x683.jpg\" alt=\"\" class=\"wp-image-46356\" srcset=\"https:\/\/www.evropskakuca.me\/wp-content\/uploads\/2025\/11\/FRO_2792-1024x683.jpg 1024w, https:\/\/www.evropskakuca.me\/wp-content\/uploads\/2025\/11\/FRO_2792-300x200.jpg 300w, https:\/\/www.evropskakuca.me\/wp-content\/uploads\/2025\/11\/FRO_2792-768x512.jpg 768w, https:\/\/www.evropskakuca.me\/wp-content\/uploads\/2025\/11\/FRO_2792-1536x1024.jpg 1536w, https:\/\/www.evropskakuca.me\/wp-content\/uploads\/2025\/11\/FRO_2792-2048x1365.jpg 2048w\" sizes=\"(max-width: 1024px) 100vw, 1024px\" \/><\/figure>\n\n\n\n<figure class=\"wp-block-image size-large\"><img loading=\"lazy\" decoding=\"async\" width=\"1024\" height=\"683\" data-id=\"46354\" src=\"https:\/\/www.evropskakuca.me\/wp-content\/uploads\/2025\/11\/FRO_2815-1-1024x683.jpg\" alt=\"\" class=\"wp-image-46354\" srcset=\"https:\/\/www.evropskakuca.me\/wp-content\/uploads\/2025\/11\/FRO_2815-1-1024x683.jpg 1024w, https:\/\/www.evropskakuca.me\/wp-content\/uploads\/2025\/11\/FRO_2815-1-300x200.jpg 300w, https:\/\/www.evropskakuca.me\/wp-content\/uploads\/2025\/11\/FRO_2815-1-768x512.jpg 768w, https:\/\/www.evropskakuca.me\/wp-content\/uploads\/2025\/11\/FRO_2815-1-1536x1024.jpg 1536w, https:\/\/www.evropskakuca.me\/wp-content\/uploads\/2025\/11\/FRO_2815-1-2048x1365.jpg 2048w\" sizes=\"(max-width: 1024px) 100vw, 1024px\" \/><\/figure>\n<\/figure>\n\n\n\n<p>Umjesto da STEM ostane samo teorija iz ud\u017ebenika, ovaj susret ga je pretvorio u iskustvo \u2013 u ne\u0161to \u0161to se dotakne, ispita i pomjeri.&nbsp;Kroz aktivno u\u010de\u0161\u0107e, u\u010denici su dobili priliku da u\u010de, postavljaju pitanja i stvaraju \u2013 sna\u017ee\u0107i znanje i samopouzdanje kao budu\u0107i gra\u0111ani Evropske unije.<\/p>\n","protected":false},"excerpt":{"rendered":"<p>Evropska ku\u0107a u Podgorici je danas, u saradnji sa Gimnazijom \u201eSlobodan \u0160kerovi\u0107&#8220;, \u0160kolom robotike i programiranja Smart Hub \u201eDvori\u0161te&#8221; i Osnovnom \u0161kolom \u201eSavo Pejanovi\u0107&#8221; organizovala interaktivni doga\u0111aj povodom Me\u0111unarodnog dana nauke, tehnologije, in\u017eenjerstva i matematike (STEM), koji se \u0161irom svijeta obilje\u017eava 8. novembra. Cilj doga\u0111aja bio je da kod mladih podstakne radoznalost, kreativno razmi\u0161ljanje i [&hellip;]<\/p>\n","protected":false},"author":3,"featured_media":46338,"comment_status":"closed","ping_status":"closed","sticky":false,"template":"","format":"standard","meta":{"_acf_changed":false,"footnotes":""},"categories":[283,524],"tags":[],"class_list":["post-46337","post","type-post","status-publish","format-standard","has-post-thumbnail","hentry","category-novosti-me","category-vesti"],"acf":[],"yoast_head":"<!-- This site is optimized with the Yoast SEO plugin v27.3 - https:\/\/yoast.com\/product\/yoast-seo-wordpress\/ -->\n<title>Obilje\u017een Me\u0111inarodni STEM dan u Evropskoj ku\u0107i - Europe House<\/title>\n<meta name=\"robots\" content=\"index, follow, max-snippet:-1, max-image-preview:large, max-video-preview:-1\" \/>\n<link rel=\"canonical\" href=\"https:\/\/www.evropskakuca.me\/me\/obiljezen-medinarodni-stem-dan-u-evropskoj-kuci\/\" \/>\n<meta property=\"og:locale\" content=\"en_US\" \/>\n<meta property=\"og:type\" content=\"article\" \/>\n<meta property=\"og:title\" content=\"Obilje\u017een Me\u0111inarodni STEM dan u Evropskoj ku\u0107i - Europe House\" \/>\n<meta property=\"og:description\" content=\"Evropska ku\u0107a u Podgorici je danas, u saradnji sa Gimnazijom \u201eSlobodan \u0160kerovi\u0107&#8220;, \u0160kolom robotike i programiranja Smart Hub \u201eDvori\u0161te&#8221; i Osnovnom \u0161kolom \u201eSavo Pejanovi\u0107&#8221; organizovala interaktivni doga\u0111aj povodom Me\u0111unarodnog dana nauke, tehnologije, in\u017eenjerstva i matematike (STEM), koji se \u0161irom svijeta obilje\u017eava 8. novembra. Cilj doga\u0111aja bio je da kod mladih podstakne radoznalost, kreativno razmi\u0161ljanje i [&hellip;]\" \/>\n<meta property=\"og:url\" content=\"https:\/\/www.evropskakuca.me\/me\/obiljezen-medinarodni-stem-dan-u-evropskoj-kuci\/\" \/>\n<meta property=\"og:site_name\" content=\"Europe House\" \/>\n<meta property=\"article:publisher\" content=\"https:\/\/www.facebook.com\/evropska.kuca\" \/>\n<meta property=\"article:published_time\" content=\"2025-11-07T13:31:25+00:00\" \/>\n<meta property=\"article:modified_time\" content=\"2025-11-07T13:37:42+00:00\" \/>\n<meta property=\"og:image\" content=\"https:\/\/www.evropskakuca.me\/wp-content\/uploads\/2025\/11\/FRO_2736-scaled-e1762522647327.jpg\" \/>\n\t<meta property=\"og:image:width\" content=\"2560\" \/>\n\t<meta property=\"og:image:height\" content=\"1360\" \/>\n\t<meta property=\"og:image:type\" content=\"image\/jpeg\" \/>\n<meta name=\"author\" content=\"Aleksandar Vukovic\" \/>\n<meta name=\"twitter:card\" content=\"summary_large_image\" \/>\n<meta name=\"twitter:creator\" content=\"@evropska_kuca\" \/>\n<meta name=\"twitter:site\" content=\"@evropska_kuca\" \/>\n<meta name=\"twitter:label1\" content=\"Written by\" \/>\n\t<meta name=\"twitter:data1\" content=\"Aleksandar Vukovic\" \/>\n\t<meta name=\"twitter:label2\" content=\"Est. reading time\" \/>\n\t<meta name=\"twitter:data2\" content=\"3 minutes\" \/>\n<script type=\"application\/ld+json\" class=\"yoast-schema-graph\">{\"@context\":\"https:\\\/\\\/schema.org\",\"@graph\":[{\"@type\":\"Article\",\"@id\":\"https:\\\/\\\/www.evropskakuca.me\\\/me\\\/obiljezen-medinarodni-stem-dan-u-evropskoj-kuci\\\/#article\",\"isPartOf\":{\"@id\":\"https:\\\/\\\/www.evropskakuca.me\\\/me\\\/obiljezen-medinarodni-stem-dan-u-evropskoj-kuci\\\/\"},\"author\":{\"name\":\"Aleksandar Vukovic\",\"@id\":\"https:\\\/\\\/www.evropskakuca.me\\\/me\\\/#\\\/schema\\\/person\\\/7e16527119c7b67f457996b970f2bd6e\"},\"headline\":\"Obilje\u017een Me\u0111inarodni STEM dan u Evropskoj ku\u0107i\",\"datePublished\":\"2025-11-07T13:31:25+00:00\",\"dateModified\":\"2025-11-07T13:37:42+00:00\",\"mainEntityOfPage\":{\"@id\":\"https:\\\/\\\/www.evropskakuca.me\\\/me\\\/obiljezen-medinarodni-stem-dan-u-evropskoj-kuci\\\/\"},\"wordCount\":320,\"publisher\":{\"@id\":\"https:\\\/\\\/www.evropskakuca.me\\\/me\\\/#organization\"},\"image\":{\"@id\":\"https:\\\/\\\/www.evropskakuca.me\\\/me\\\/obiljezen-medinarodni-stem-dan-u-evropskoj-kuci\\\/#primaryimage\"},\"thumbnailUrl\":\"https:\\\/\\\/www.evropskakuca.me\\\/wp-content\\\/uploads\\\/2025\\\/11\\\/FRO_2736-scaled-e1762522647327.jpg\",\"articleSection\":[\"Novosti\",\"Vesti\"],\"inLanguage\":\"me-ME\"},{\"@type\":\"WebPage\",\"@id\":\"https:\\\/\\\/www.evropskakuca.me\\\/me\\\/obiljezen-medinarodni-stem-dan-u-evropskoj-kuci\\\/\",\"url\":\"https:\\\/\\\/www.evropskakuca.me\\\/me\\\/obiljezen-medinarodni-stem-dan-u-evropskoj-kuci\\\/\",\"name\":\"Obilje\u017een Me\u0111inarodni STEM dan u Evropskoj ku\u0107i - Europe House\",\"isPartOf\":{\"@id\":\"https:\\\/\\\/www.evropskakuca.me\\\/me\\\/#website\"},\"primaryImageOfPage\":{\"@id\":\"https:\\\/\\\/www.evropskakuca.me\\\/me\\\/obiljezen-medinarodni-stem-dan-u-evropskoj-kuci\\\/#primaryimage\"},\"image\":{\"@id\":\"https:\\\/\\\/www.evropskakuca.me\\\/me\\\/obiljezen-medinarodni-stem-dan-u-evropskoj-kuci\\\/#primaryimage\"},\"thumbnailUrl\":\"https:\\\/\\\/www.evropskakuca.me\\\/wp-content\\\/uploads\\\/2025\\\/11\\\/FRO_2736-scaled-e1762522647327.jpg\",\"datePublished\":\"2025-11-07T13:31:25+00:00\",\"dateModified\":\"2025-11-07T13:37:42+00:00\",\"breadcrumb\":{\"@id\":\"https:\\\/\\\/www.evropskakuca.me\\\/me\\\/obiljezen-medinarodni-stem-dan-u-evropskoj-kuci\\\/#breadcrumb\"},\"inLanguage\":\"me-ME\",\"potentialAction\":[{\"@type\":\"ReadAction\",\"target\":[\"https:\\\/\\\/www.evropskakuca.me\\\/me\\\/obiljezen-medinarodni-stem-dan-u-evropskoj-kuci\\\/\"]}]},{\"@type\":\"ImageObject\",\"inLanguage\":\"me-ME\",\"@id\":\"https:\\\/\\\/www.evropskakuca.me\\\/me\\\/obiljezen-medinarodni-stem-dan-u-evropskoj-kuci\\\/#primaryimage\",\"url\":\"https:\\\/\\\/www.evropskakuca.me\\\/wp-content\\\/uploads\\\/2025\\\/11\\\/FRO_2736-scaled-e1762522647327.jpg\",\"contentUrl\":\"https:\\\/\\\/www.evropskakuca.me\\\/wp-content\\\/uploads\\\/2025\\\/11\\\/FRO_2736-scaled-e1762522647327.jpg\",\"width\":2560,\"height\":1360},{\"@type\":\"BreadcrumbList\",\"@id\":\"https:\\\/\\\/www.evropskakuca.me\\\/me\\\/obiljezen-medinarodni-stem-dan-u-evropskoj-kuci\\\/#breadcrumb\",\"itemListElement\":[{\"@type\":\"ListItem\",\"position\":1,\"name\":\"Home\",\"item\":\"https:\\\/\\\/www.evropskakuca.me\\\/me\\\/\"},{\"@type\":\"ListItem\",\"position\":2,\"name\":\"Obilje\u017een Me\u0111inarodni STEM dan u Evropskoj ku\u0107i\"}]},{\"@type\":\"WebSite\",\"@id\":\"https:\\\/\\\/www.evropskakuca.me\\\/me\\\/#website\",\"url\":\"https:\\\/\\\/www.evropskakuca.me\\\/me\\\/\",\"name\":\"Evropean house\",\"description\":\"\",\"publisher\":{\"@id\":\"https:\\\/\\\/www.evropskakuca.me\\\/me\\\/#organization\"},\"potentialAction\":[{\"@type\":\"SearchAction\",\"target\":{\"@type\":\"EntryPoint\",\"urlTemplate\":\"https:\\\/\\\/www.evropskakuca.me\\\/me\\\/?s={search_term_string}\"},\"query-input\":{\"@type\":\"PropertyValueSpecification\",\"valueRequired\":true,\"valueName\":\"search_term_string\"}}],\"inLanguage\":\"me-ME\"},{\"@type\":\"Organization\",\"@id\":\"https:\\\/\\\/www.evropskakuca.me\\\/me\\\/#organization\",\"name\":\"Evropean house\",\"url\":\"https:\\\/\\\/www.evropskakuca.me\\\/me\\\/\",\"logo\":{\"@type\":\"ImageObject\",\"inLanguage\":\"me-ME\",\"@id\":\"https:\\\/\\\/www.evropskakuca.me\\\/me\\\/#\\\/schema\\\/logo\\\/image\\\/\",\"url\":\"https:\\\/\\\/www.evropskakuca.me\\\/wp-content\\\/uploads\\\/2025\\\/01\\\/evropska-kuca-logo-1.png\",\"contentUrl\":\"https:\\\/\\\/www.evropskakuca.me\\\/wp-content\\\/uploads\\\/2025\\\/01\\\/evropska-kuca-logo-1.png\",\"width\":425,\"height\":312,\"caption\":\"Evropean house\"},\"image\":{\"@id\":\"https:\\\/\\\/www.evropskakuca.me\\\/me\\\/#\\\/schema\\\/logo\\\/image\\\/\"},\"sameAs\":[\"https:\\\/\\\/www.facebook.com\\\/evropska.kuca\",\"https:\\\/\\\/x.com\\\/evropska_kuca\",\"https:\\\/\\\/www.instagram.com\\\/evropska_kuca\"]},{\"@type\":\"Person\",\"@id\":\"https:\\\/\\\/www.evropskakuca.me\\\/me\\\/#\\\/schema\\\/person\\\/7e16527119c7b67f457996b970f2bd6e\",\"name\":\"Aleksandar Vukovic\",\"image\":{\"@type\":\"ImageObject\",\"inLanguage\":\"me-ME\",\"@id\":\"https:\\\/\\\/secure.gravatar.com\\\/avatar\\\/a1834e0104b0242a886079bde835ba36d80c70f9987a11f3ba33eb9e8d74cc15?s=96&d=mm&r=g\",\"url\":\"https:\\\/\\\/secure.gravatar.com\\\/avatar\\\/a1834e0104b0242a886079bde835ba36d80c70f9987a11f3ba33eb9e8d74cc15?s=96&d=mm&r=g\",\"contentUrl\":\"https:\\\/\\\/secure.gravatar.com\\\/avatar\\\/a1834e0104b0242a886079bde835ba36d80c70f9987a11f3ba33eb9e8d74cc15?s=96&d=mm&r=g\",\"caption\":\"Aleksandar Vukovic\"},\"url\":\"https:\\\/\\\/www.evropskakuca.me\\\/me\\\/author\\\/aleksandar\\\/\"}]}<\/script>\n<!-- \/ Yoast SEO plugin. -->","yoast_head_json":{"title":"Obilje\u017een Me\u0111inarodni STEM dan u Evropskoj ku\u0107i - Europe House","robots":{"index":"index","follow":"follow","max-snippet":"max-snippet:-1","max-image-preview":"max-image-preview:large","max-video-preview":"max-video-preview:-1"},"canonical":"https:\/\/www.evropskakuca.me\/me\/obiljezen-medinarodni-stem-dan-u-evropskoj-kuci\/","og_locale":"en_US","og_type":"article","og_title":"Obilje\u017een Me\u0111inarodni STEM dan u Evropskoj ku\u0107i - Europe House","og_description":"Evropska ku\u0107a u Podgorici je danas, u saradnji sa Gimnazijom \u201eSlobodan \u0160kerovi\u0107&#8220;, \u0160kolom robotike i programiranja Smart Hub \u201eDvori\u0161te&#8221; i Osnovnom \u0161kolom \u201eSavo Pejanovi\u0107&#8221; organizovala interaktivni doga\u0111aj povodom Me\u0111unarodnog dana nauke, tehnologije, in\u017eenjerstva i matematike (STEM), koji se \u0161irom svijeta obilje\u017eava 8. novembra. Cilj doga\u0111aja bio je da kod mladih podstakne radoznalost, kreativno razmi\u0161ljanje i [&hellip;]","og_url":"https:\/\/www.evropskakuca.me\/me\/obiljezen-medinarodni-stem-dan-u-evropskoj-kuci\/","og_site_name":"Europe House","article_publisher":"https:\/\/www.facebook.com\/evropska.kuca","article_published_time":"2025-11-07T13:31:25+00:00","article_modified_time":"2025-11-07T13:37:42+00:00","og_image":[{"width":2560,"height":1360,"url":"https:\/\/www.evropskakuca.me\/wp-content\/uploads\/2025\/11\/FRO_2736-scaled-e1762522647327.jpg","type":"image\/jpeg"}],"author":"Aleksandar Vukovic","twitter_card":"summary_large_image","twitter_creator":"@evropska_kuca","twitter_site":"@evropska_kuca","twitter_misc":{"Written by":"Aleksandar Vukovic","Est. reading time":"3 minutes"},"schema":{"@context":"https:\/\/schema.org","@graph":[{"@type":"Article","@id":"https:\/\/www.evropskakuca.me\/me\/obiljezen-medinarodni-stem-dan-u-evropskoj-kuci\/#article","isPartOf":{"@id":"https:\/\/www.evropskakuca.me\/me\/obiljezen-medinarodni-stem-dan-u-evropskoj-kuci\/"},"author":{"name":"Aleksandar Vukovic","@id":"https:\/\/www.evropskakuca.me\/me\/#\/schema\/person\/7e16527119c7b67f457996b970f2bd6e"},"headline":"Obilje\u017een Me\u0111inarodni STEM dan u Evropskoj ku\u0107i","datePublished":"2025-11-07T13:31:25+00:00","dateModified":"2025-11-07T13:37:42+00:00","mainEntityOfPage":{"@id":"https:\/\/www.evropskakuca.me\/me\/obiljezen-medinarodni-stem-dan-u-evropskoj-kuci\/"},"wordCount":320,"publisher":{"@id":"https:\/\/www.evropskakuca.me\/me\/#organization"},"image":{"@id":"https:\/\/www.evropskakuca.me\/me\/obiljezen-medinarodni-stem-dan-u-evropskoj-kuci\/#primaryimage"},"thumbnailUrl":"https:\/\/www.evropskakuca.me\/wp-content\/uploads\/2025\/11\/FRO_2736-scaled-e1762522647327.jpg","articleSection":["Novosti","Vesti"],"inLanguage":"me-ME"},{"@type":"WebPage","@id":"https:\/\/www.evropskakuca.me\/me\/obiljezen-medinarodni-stem-dan-u-evropskoj-kuci\/","url":"https:\/\/www.evropskakuca.me\/me\/obiljezen-medinarodni-stem-dan-u-evropskoj-kuci\/","name":"Obilje\u017een Me\u0111inarodni STEM dan u Evropskoj ku\u0107i - Europe House","isPartOf":{"@id":"https:\/\/www.evropskakuca.me\/me\/#website"},"primaryImageOfPage":{"@id":"https:\/\/www.evropskakuca.me\/me\/obiljezen-medinarodni-stem-dan-u-evropskoj-kuci\/#primaryimage"},"image":{"@id":"https:\/\/www.evropskakuca.me\/me\/obiljezen-medinarodni-stem-dan-u-evropskoj-kuci\/#primaryimage"},"thumbnailUrl":"https:\/\/www.evropskakuca.me\/wp-content\/uploads\/2025\/11\/FRO_2736-scaled-e1762522647327.jpg","datePublished":"2025-11-07T13:31:25+00:00","dateModified":"2025-11-07T13:37:42+00:00","breadcrumb":{"@id":"https:\/\/www.evropskakuca.me\/me\/obiljezen-medinarodni-stem-dan-u-evropskoj-kuci\/#breadcrumb"},"inLanguage":"me-ME","potentialAction":[{"@type":"ReadAction","target":["https:\/\/www.evropskakuca.me\/me\/obiljezen-medinarodni-stem-dan-u-evropskoj-kuci\/"]}]},{"@type":"ImageObject","inLanguage":"me-ME","@id":"https:\/\/www.evropskakuca.me\/me\/obiljezen-medinarodni-stem-dan-u-evropskoj-kuci\/#primaryimage","url":"https:\/\/www.evropskakuca.me\/wp-content\/uploads\/2025\/11\/FRO_2736-scaled-e1762522647327.jpg","contentUrl":"https:\/\/www.evropskakuca.me\/wp-content\/uploads\/2025\/11\/FRO_2736-scaled-e1762522647327.jpg","width":2560,"height":1360},{"@type":"BreadcrumbList","@id":"https:\/\/www.evropskakuca.me\/me\/obiljezen-medinarodni-stem-dan-u-evropskoj-kuci\/#breadcrumb","itemListElement":[{"@type":"ListItem","position":1,"name":"Home","item":"https:\/\/www.evropskakuca.me\/me\/"},{"@type":"ListItem","position":2,"name":"Obilje\u017een Me\u0111inarodni STEM dan u Evropskoj ku\u0107i"}]},{"@type":"WebSite","@id":"https:\/\/www.evropskakuca.me\/me\/#website","url":"https:\/\/www.evropskakuca.me\/me\/","name":"Evropean house","description":"","publisher":{"@id":"https:\/\/www.evropskakuca.me\/me\/#organization"},"potentialAction":[{"@type":"SearchAction","target":{"@type":"EntryPoint","urlTemplate":"https:\/\/www.evropskakuca.me\/me\/?s={search_term_string}"},"query-input":{"@type":"PropertyValueSpecification","valueRequired":true,"valueName":"search_term_string"}}],"inLanguage":"me-ME"},{"@type":"Organization","@id":"https:\/\/www.evropskakuca.me\/me\/#organization","name":"Evropean house","url":"https:\/\/www.evropskakuca.me\/me\/","logo":{"@type":"ImageObject","inLanguage":"me-ME","@id":"https:\/\/www.evropskakuca.me\/me\/#\/schema\/logo\/image\/","url":"https:\/\/www.evropskakuca.me\/wp-content\/uploads\/2025\/01\/evropska-kuca-logo-1.png","contentUrl":"https:\/\/www.evropskakuca.me\/wp-content\/uploads\/2025\/01\/evropska-kuca-logo-1.png","width":425,"height":312,"caption":"Evropean house"},"image":{"@id":"https:\/\/www.evropskakuca.me\/me\/#\/schema\/logo\/image\/"},"sameAs":["https:\/\/www.facebook.com\/evropska.kuca","https:\/\/x.com\/evropska_kuca","https:\/\/www.instagram.com\/evropska_kuca"]},{"@type":"Person","@id":"https:\/\/www.evropskakuca.me\/me\/#\/schema\/person\/7e16527119c7b67f457996b970f2bd6e","name":"Aleksandar Vukovic","image":{"@type":"ImageObject","inLanguage":"me-ME","@id":"https:\/\/secure.gravatar.com\/avatar\/a1834e0104b0242a886079bde835ba36d80c70f9987a11f3ba33eb9e8d74cc15?s=96&d=mm&r=g","url":"https:\/\/secure.gravatar.com\/avatar\/a1834e0104b0242a886079bde835ba36d80c70f9987a11f3ba33eb9e8d74cc15?s=96&d=mm&r=g","contentUrl":"https:\/\/secure.gravatar.com\/avatar\/a1834e0104b0242a886079bde835ba36d80c70f9987a11f3ba33eb9e8d74cc15?s=96&d=mm&r=g","caption":"Aleksandar Vukovic"},"url":"https:\/\/www.evropskakuca.me\/me\/author\/aleksandar\/"}]}},"_links":{"self":[{"href":"https:\/\/www.evropskakuca.me\/me\/wp-json\/wp\/v2\/posts\/46337","targetHints":{"allow":["GET"]}}],"collection":[{"href":"https:\/\/www.evropskakuca.me\/me\/wp-json\/wp\/v2\/posts"}],"about":[{"href":"https:\/\/www.evropskakuca.me\/me\/wp-json\/wp\/v2\/types\/post"}],"author":[{"embeddable":true,"href":"https:\/\/www.evropskakuca.me\/me\/wp-json\/wp\/v2\/users\/3"}],"replies":[{"embeddable":true,"href":"https:\/\/www.evropskakuca.me\/me\/wp-json\/wp\/v2\/comments?post=46337"}],"version-history":[{"count":1,"href":"https:\/\/www.evropskakuca.me\/me\/wp-json\/wp\/v2\/posts\/46337\/revisions"}],"predecessor-version":[{"id":46358,"href":"https:\/\/www.evropskakuca.me\/me\/wp-json\/wp\/v2\/posts\/46337\/revisions\/46358"}],"wp:featuredmedia":[{"embeddable":true,"href":"https:\/\/www.evropskakuca.me\/me\/wp-json\/wp\/v2\/media\/46338"}],"wp:attachment":[{"href":"https:\/\/www.evropskakuca.me\/me\/wp-json\/wp\/v2\/media?parent=46337"}],"wp:term":[{"taxonomy":"category","embeddable":true,"href":"https:\/\/www.evropskakuca.me\/me\/wp-json\/wp\/v2\/categories?post=46337"},{"taxonomy":"post_tag","embeddable":true,"href":"https:\/\/www.evropskakuca.me\/me\/wp-json\/wp\/v2\/tags?post=46337"}],"curies":[{"name":"wp","href":"https:\/\/api.w.org\/{rel}","templated":true}]}}