{"id":46317,"date":"2025-11-05T10:29:48","date_gmt":"2025-11-05T10:29:48","guid":{"rendered":"https:\/\/www.evropskakuca.me\/?p=46317"},"modified":"2025-11-05T10:31:03","modified_gmt":"2025-11-05T10:31:03","slug":"crna-gora-pokazuje-posvecenost-reformama-na-putu-ka-eu","status":"publish","type":"post","link":"https:\/\/www.evropskakuca.me\/me\/crna-gora-pokazuje-posvecenost-reformama-na-putu-ka-eu\/","title":{"rendered":"Crna Gora pokazuje posve\u0107enost reformama na putu ka EU"},"content":{"rendered":"\n<p>\u201eOvo je bila vrlo uspje\u0161na godina za evropski put Crne Gore. Ostvaren je vidljiv i sna\u017ean napredak i Evropa to jasno prepoznaje\u201c kazao je ambasador Evropske unije u Crnoj Gori<strong> Johan Satler<\/strong> na konferenciji za medije povodom objave godi\u0161njeg izvje\u0161taja Evropske komisije o Crnoj Gori za 2025. godinu.<\/p>\n\n\n\n<p>\u201eIzvje\u0161taj jasno poru\u010duje da \u0107e naredna godina i narednih 14 mjeseci biti presudni, posebno u oblastima vladavine prava i pravosudnih reformi, od izbora sudija Ustavnog suda do sprovo\u0111enja preporuka Venecijanske komisije, imenovanja savjeta nezavisnih tijela i ja\u010danja borbe protiv korupcije i organizovanog kriminala\u201c, naglasio je Satler.<\/p>\n\n\n\n<p>Prema njegovim rije\u010dima Izvje\u0161taj bilje\u017ei sna\u017enu politi\u010dku posve\u0107enost crnogorskih vlasti pristupanju Evropskoj uniji.<\/p>\n\n\n\n<p>\u201eU tom kontekstu Izvje\u0161taj navodi odlu\u010dan korak ka izbornoj reformi kroz usvajanje prvog paketa zakonskih izmjena uklju\u010duju\u0107i i nadzor nad finansiranjem i medijskim aspektima kampanja unapre\u0111enjem integriteta izborne administracije, pove\u0107anjem rodne kvote i uvo\u0111enjem jedinstvenog dana za odr\u017eavanje lokalnih izbora. Ovo je svakako veliko dostignu\u0107e jer je ostvaren me\u0111upartijski konsenzus koji je dozvolio da se ova reforma pozitivno ostvari\u201c, kazao je Satler.<\/p>\n\n\n\n<figure class=\"wp-block-image size-large\"><img fetchpriority=\"high\" decoding=\"async\" width=\"1024\" height=\"683\" src=\"https:\/\/www.evropskakuca.me\/wp-content\/uploads\/2025\/11\/FRO_9451-1024x683.jpg\" alt=\"\" class=\"wp-image-46320\" srcset=\"https:\/\/www.evropskakuca.me\/wp-content\/uploads\/2025\/11\/FRO_9451-1024x683.jpg 1024w, https:\/\/www.evropskakuca.me\/wp-content\/uploads\/2025\/11\/FRO_9451-300x200.jpg 300w, https:\/\/www.evropskakuca.me\/wp-content\/uploads\/2025\/11\/FRO_9451-768x512.jpg 768w, https:\/\/www.evropskakuca.me\/wp-content\/uploads\/2025\/11\/FRO_9451-1536x1024.jpg 1536w, https:\/\/www.evropskakuca.me\/wp-content\/uploads\/2025\/11\/FRO_9451-2048x1365.jpg 2048w\" sizes=\"(max-width: 1024px) 100vw, 1024px\" \/><\/figure>\n\n\n\n<p>On je dodao da je Crna Gora ispred sebe postavila ambiciozan cilj, &nbsp;da naredne godine zatvori 20 poglavlja.<\/p>\n\n\n\n<p>\u201eBi\u0107e potrebno jo\u0161 vi\u0161e truda, stabilnost i jasnog fokusa Vlade, Skup\u0161tine i pravosu\u0111a na ovom zadatku. Evropska unija stoji \u010dvrsto uz Crnu Goru na tom putu\u201c kazao je Satler.<\/p>\n\n\n\n<p>U svom obra\u0107anju ambasador se osvrnuo i na Plan rasta za Zapadni Balkan isti\u010du\u0107i da je Crna Gora ostvarila zna\u010dajan napredak u sprovo\u0111enju Reformske agende.<\/p>\n\n\n\n<p>\u201ePrimljene su isplate u iznosu od 45 miliona eura iz prve dvije tran\u0161e. Crna Gora je me\u0111u najboljim \u0111acima na Zapadnom Balkanu i jedna je od predvodnika kada je u pitanju implementacija Plana rasta\u201c, istakao je Satler.<\/p>\n\n\n\n<p>Ambasador se osvrnuo i na pristupanje Crne Gore Jedinstvenom podru\u010dju pla\u0107anja u eurima (SEPA) i Konvenciji o zajedni\u010dkom tranzitnom postupku koji omogu\u0107ava br\u017eu, jeftiniju, efikasiju i bezbjedniju me\u0111unarodnu trgovinu sa ostatkom Evrope.<\/p>\n\n\n\n<figure class=\"wp-block-image size-large\"><img decoding=\"async\" width=\"1024\" height=\"683\" src=\"https:\/\/www.evropskakuca.me\/wp-content\/uploads\/2025\/11\/FRO_9718-1024x683.jpg\" alt=\"\" class=\"wp-image-46322\" srcset=\"https:\/\/www.evropskakuca.me\/wp-content\/uploads\/2025\/11\/FRO_9718-1024x683.jpg 1024w, https:\/\/www.evropskakuca.me\/wp-content\/uploads\/2025\/11\/FRO_9718-300x200.jpg 300w, https:\/\/www.evropskakuca.me\/wp-content\/uploads\/2025\/11\/FRO_9718-768x512.jpg 768w, https:\/\/www.evropskakuca.me\/wp-content\/uploads\/2025\/11\/FRO_9718-1536x1024.jpg 1536w, https:\/\/www.evropskakuca.me\/wp-content\/uploads\/2025\/11\/FRO_9718-2048x1365.jpg 2048w\" sizes=\"(max-width: 1024px) 100vw, 1024px\" \/><\/figure>\n\n\n\n<p>Premijer <strong>Milojko Spaji\u0107<\/strong> rekao je da je ovogodi\u0161nji Izvje\u0161taj najpozitivniji do sada i da potvr\u0111uje da se na nacionalnim prioritetima i drugim pitanjima radilo predano.<\/p>\n\n\n\n<p>&#8220;Izvje\u0161taj ukazuje i na izazove koje moramo rije\u0161iti. Preporuke Brisela vidim kao mapu puta za Vladu, Parlament&#8230;&#8221;, kazao je Spaji\u0107.<\/p>\n","protected":false},"excerpt":{"rendered":"<p>\u201eOvo je bila vrlo uspje\u0161na godina za evropski put Crne Gore. Ostvaren je vidljiv i sna\u017ean napredak i Evropa to jasno prepoznaje\u201c kazao je ambasador Evropske unije u Crnoj Gori Johan Satler na konferenciji za medije povodom objave godi\u0161njeg izvje\u0161taja Evropske komisije o Crnoj Gori za 2025. godinu. \u201eIzvje\u0161taj jasno poru\u010duje da \u0107e naredna godina [&hellip;]<\/p>\n","protected":false},"author":3,"featured_media":46318,"comment_status":"closed","ping_status":"closed","sticky":false,"template":"","format":"standard","meta":{"_acf_changed":false,"footnotes":""},"categories":[283,524],"tags":[],"class_list":["post-46317","post","type-post","status-publish","format-standard","has-post-thumbnail","hentry","category-novosti-me","category-vesti"],"acf":[],"yoast_head":"<!-- This site is optimized with the Yoast SEO plugin v27.3 - https:\/\/yoast.com\/product\/yoast-seo-wordpress\/ -->\n<title>Crna Gora pokazuje posve\u0107enost reformama na putu ka EU - Europe House<\/title>\n<meta name=\"robots\" content=\"index, follow, max-snippet:-1, max-image-preview:large, max-video-preview:-1\" \/>\n<link rel=\"canonical\" href=\"https:\/\/www.evropskakuca.me\/me\/crna-gora-pokazuje-posvecenost-reformama-na-putu-ka-eu\/\" \/>\n<meta property=\"og:locale\" content=\"en_US\" \/>\n<meta property=\"og:type\" content=\"article\" \/>\n<meta property=\"og:title\" content=\"Crna Gora pokazuje posve\u0107enost reformama na putu ka EU - Europe House\" \/>\n<meta property=\"og:description\" content=\"\u201eOvo je bila vrlo uspje\u0161na godina za evropski put Crne Gore. Ostvaren je vidljiv i sna\u017ean napredak i Evropa to jasno prepoznaje\u201c kazao je ambasador Evropske unije u Crnoj Gori Johan Satler na konferenciji za medije povodom objave godi\u0161njeg izvje\u0161taja Evropske komisije o Crnoj Gori za 2025. godinu. \u201eIzvje\u0161taj jasno poru\u010duje da \u0107e naredna godina [&hellip;]\" \/>\n<meta property=\"og:url\" content=\"https:\/\/www.evropskakuca.me\/me\/crna-gora-pokazuje-posvecenost-reformama-na-putu-ka-eu\/\" \/>\n<meta property=\"og:site_name\" content=\"Europe House\" \/>\n<meta property=\"article:publisher\" content=\"https:\/\/www.facebook.com\/evropska.kuca\" \/>\n<meta property=\"article:published_time\" content=\"2025-11-05T10:29:48+00:00\" \/>\n<meta property=\"article:modified_time\" content=\"2025-11-05T10:31:03+00:00\" \/>\n<meta property=\"og:image\" content=\"https:\/\/www.evropskakuca.me\/wp-content\/uploads\/2025\/11\/FRO_9856-scaled-e1762338651554.jpg\" \/>\n\t<meta property=\"og:image:width\" content=\"2560\" \/>\n\t<meta property=\"og:image:height\" content=\"1314\" \/>\n\t<meta property=\"og:image:type\" content=\"image\/jpeg\" \/>\n<meta name=\"author\" content=\"Aleksandar Vukovic\" \/>\n<meta name=\"twitter:card\" content=\"summary_large_image\" \/>\n<meta name=\"twitter:creator\" content=\"@evropska_kuca\" \/>\n<meta name=\"twitter:site\" content=\"@evropska_kuca\" \/>\n<meta name=\"twitter:label1\" content=\"Written by\" \/>\n\t<meta name=\"twitter:data1\" content=\"Aleksandar Vukovic\" \/>\n\t<meta name=\"twitter:label2\" content=\"Est. reading time\" \/>\n\t<meta name=\"twitter:data2\" content=\"3 minutes\" \/>\n<script type=\"application\/ld+json\" class=\"yoast-schema-graph\">{\"@context\":\"https:\\\/\\\/schema.org\",\"@graph\":[{\"@type\":\"Article\",\"@id\":\"https:\\\/\\\/www.evropskakuca.me\\\/me\\\/crna-gora-pokazuje-posvecenost-reformama-na-putu-ka-eu\\\/#article\",\"isPartOf\":{\"@id\":\"https:\\\/\\\/www.evropskakuca.me\\\/me\\\/crna-gora-pokazuje-posvecenost-reformama-na-putu-ka-eu\\\/\"},\"author\":{\"name\":\"Aleksandar Vukovic\",\"@id\":\"https:\\\/\\\/www.evropskakuca.me\\\/me\\\/#\\\/schema\\\/person\\\/7e16527119c7b67f457996b970f2bd6e\"},\"headline\":\"Crna Gora pokazuje posve\u0107enost reformama na putu ka EU\",\"datePublished\":\"2025-11-05T10:29:48+00:00\",\"dateModified\":\"2025-11-05T10:31:03+00:00\",\"mainEntityOfPage\":{\"@id\":\"https:\\\/\\\/www.evropskakuca.me\\\/me\\\/crna-gora-pokazuje-posvecenost-reformama-na-putu-ka-eu\\\/\"},\"wordCount\":408,\"publisher\":{\"@id\":\"https:\\\/\\\/www.evropskakuca.me\\\/me\\\/#organization\"},\"image\":{\"@id\":\"https:\\\/\\\/www.evropskakuca.me\\\/me\\\/crna-gora-pokazuje-posvecenost-reformama-na-putu-ka-eu\\\/#primaryimage\"},\"thumbnailUrl\":\"https:\\\/\\\/www.evropskakuca.me\\\/wp-content\\\/uploads\\\/2025\\\/11\\\/FRO_9856-scaled-e1762338651554.jpg\",\"articleSection\":[\"Novosti\",\"Vesti\"],\"inLanguage\":\"me-ME\"},{\"@type\":\"WebPage\",\"@id\":\"https:\\\/\\\/www.evropskakuca.me\\\/me\\\/crna-gora-pokazuje-posvecenost-reformama-na-putu-ka-eu\\\/\",\"url\":\"https:\\\/\\\/www.evropskakuca.me\\\/me\\\/crna-gora-pokazuje-posvecenost-reformama-na-putu-ka-eu\\\/\",\"name\":\"Crna Gora pokazuje posve\u0107enost reformama na putu ka EU - Europe House\",\"isPartOf\":{\"@id\":\"https:\\\/\\\/www.evropskakuca.me\\\/me\\\/#website\"},\"primaryImageOfPage\":{\"@id\":\"https:\\\/\\\/www.evropskakuca.me\\\/me\\\/crna-gora-pokazuje-posvecenost-reformama-na-putu-ka-eu\\\/#primaryimage\"},\"image\":{\"@id\":\"https:\\\/\\\/www.evropskakuca.me\\\/me\\\/crna-gora-pokazuje-posvecenost-reformama-na-putu-ka-eu\\\/#primaryimage\"},\"thumbnailUrl\":\"https:\\\/\\\/www.evropskakuca.me\\\/wp-content\\\/uploads\\\/2025\\\/11\\\/FRO_9856-scaled-e1762338651554.jpg\",\"datePublished\":\"2025-11-05T10:29:48+00:00\",\"dateModified\":\"2025-11-05T10:31:03+00:00\",\"breadcrumb\":{\"@id\":\"https:\\\/\\\/www.evropskakuca.me\\\/me\\\/crna-gora-pokazuje-posvecenost-reformama-na-putu-ka-eu\\\/#breadcrumb\"},\"inLanguage\":\"me-ME\",\"potentialAction\":[{\"@type\":\"ReadAction\",\"target\":[\"https:\\\/\\\/www.evropskakuca.me\\\/me\\\/crna-gora-pokazuje-posvecenost-reformama-na-putu-ka-eu\\\/\"]}]},{\"@type\":\"ImageObject\",\"inLanguage\":\"me-ME\",\"@id\":\"https:\\\/\\\/www.evropskakuca.me\\\/me\\\/crna-gora-pokazuje-posvecenost-reformama-na-putu-ka-eu\\\/#primaryimage\",\"url\":\"https:\\\/\\\/www.evropskakuca.me\\\/wp-content\\\/uploads\\\/2025\\\/11\\\/FRO_9856-scaled-e1762338651554.jpg\",\"contentUrl\":\"https:\\\/\\\/www.evropskakuca.me\\\/wp-content\\\/uploads\\\/2025\\\/11\\\/FRO_9856-scaled-e1762338651554.jpg\",\"width\":2560,\"height\":1314},{\"@type\":\"BreadcrumbList\",\"@id\":\"https:\\\/\\\/www.evropskakuca.me\\\/me\\\/crna-gora-pokazuje-posvecenost-reformama-na-putu-ka-eu\\\/#breadcrumb\",\"itemListElement\":[{\"@type\":\"ListItem\",\"position\":1,\"name\":\"Home\",\"item\":\"https:\\\/\\\/www.evropskakuca.me\\\/me\\\/\"},{\"@type\":\"ListItem\",\"position\":2,\"name\":\"Crna Gora pokazuje posve\u0107enost reformama na putu ka EU\"}]},{\"@type\":\"WebSite\",\"@id\":\"https:\\\/\\\/www.evropskakuca.me\\\/me\\\/#website\",\"url\":\"https:\\\/\\\/www.evropskakuca.me\\\/me\\\/\",\"name\":\"Evropean house\",\"description\":\"\",\"publisher\":{\"@id\":\"https:\\\/\\\/www.evropskakuca.me\\\/me\\\/#organization\"},\"potentialAction\":[{\"@type\":\"SearchAction\",\"target\":{\"@type\":\"EntryPoint\",\"urlTemplate\":\"https:\\\/\\\/www.evropskakuca.me\\\/me\\\/?s={search_term_string}\"},\"query-input\":{\"@type\":\"PropertyValueSpecification\",\"valueRequired\":true,\"valueName\":\"search_term_string\"}}],\"inLanguage\":\"me-ME\"},{\"@type\":\"Organization\",\"@id\":\"https:\\\/\\\/www.evropskakuca.me\\\/me\\\/#organization\",\"name\":\"Evropean house\",\"url\":\"https:\\\/\\\/www.evropskakuca.me\\\/me\\\/\",\"logo\":{\"@type\":\"ImageObject\",\"inLanguage\":\"me-ME\",\"@id\":\"https:\\\/\\\/www.evropskakuca.me\\\/me\\\/#\\\/schema\\\/logo\\\/image\\\/\",\"url\":\"https:\\\/\\\/www.evropskakuca.me\\\/wp-content\\\/uploads\\\/2025\\\/01\\\/evropska-kuca-logo-1.png\",\"contentUrl\":\"https:\\\/\\\/www.evropskakuca.me\\\/wp-content\\\/uploads\\\/2025\\\/01\\\/evropska-kuca-logo-1.png\",\"width\":425,\"height\":312,\"caption\":\"Evropean house\"},\"image\":{\"@id\":\"https:\\\/\\\/www.evropskakuca.me\\\/me\\\/#\\\/schema\\\/logo\\\/image\\\/\"},\"sameAs\":[\"https:\\\/\\\/www.facebook.com\\\/evropska.kuca\",\"https:\\\/\\\/x.com\\\/evropska_kuca\",\"https:\\\/\\\/www.instagram.com\\\/evropska_kuca\"]},{\"@type\":\"Person\",\"@id\":\"https:\\\/\\\/www.evropskakuca.me\\\/me\\\/#\\\/schema\\\/person\\\/7e16527119c7b67f457996b970f2bd6e\",\"name\":\"Aleksandar Vukovic\",\"image\":{\"@type\":\"ImageObject\",\"inLanguage\":\"me-ME\",\"@id\":\"https:\\\/\\\/secure.gravatar.com\\\/avatar\\\/a1834e0104b0242a886079bde835ba36d80c70f9987a11f3ba33eb9e8d74cc15?s=96&d=mm&r=g\",\"url\":\"https:\\\/\\\/secure.gravatar.com\\\/avatar\\\/a1834e0104b0242a886079bde835ba36d80c70f9987a11f3ba33eb9e8d74cc15?s=96&d=mm&r=g\",\"contentUrl\":\"https:\\\/\\\/secure.gravatar.com\\\/avatar\\\/a1834e0104b0242a886079bde835ba36d80c70f9987a11f3ba33eb9e8d74cc15?s=96&d=mm&r=g\",\"caption\":\"Aleksandar Vukovic\"},\"url\":\"https:\\\/\\\/www.evropskakuca.me\\\/me\\\/author\\\/aleksandar\\\/\"}]}<\/script>\n<!-- \/ Yoast SEO plugin. -->","yoast_head_json":{"title":"Crna Gora pokazuje posve\u0107enost reformama na putu ka EU - Europe House","robots":{"index":"index","follow":"follow","max-snippet":"max-snippet:-1","max-image-preview":"max-image-preview:large","max-video-preview":"max-video-preview:-1"},"canonical":"https:\/\/www.evropskakuca.me\/me\/crna-gora-pokazuje-posvecenost-reformama-na-putu-ka-eu\/","og_locale":"en_US","og_type":"article","og_title":"Crna Gora pokazuje posve\u0107enost reformama na putu ka EU - Europe House","og_description":"\u201eOvo je bila vrlo uspje\u0161na godina za evropski put Crne Gore. Ostvaren je vidljiv i sna\u017ean napredak i Evropa to jasno prepoznaje\u201c kazao je ambasador Evropske unije u Crnoj Gori Johan Satler na konferenciji za medije povodom objave godi\u0161njeg izvje\u0161taja Evropske komisije o Crnoj Gori za 2025. godinu. \u201eIzvje\u0161taj jasno poru\u010duje da \u0107e naredna godina [&hellip;]","og_url":"https:\/\/www.evropskakuca.me\/me\/crna-gora-pokazuje-posvecenost-reformama-na-putu-ka-eu\/","og_site_name":"Europe House","article_publisher":"https:\/\/www.facebook.com\/evropska.kuca","article_published_time":"2025-11-05T10:29:48+00:00","article_modified_time":"2025-11-05T10:31:03+00:00","og_image":[{"width":2560,"height":1314,"url":"https:\/\/www.evropskakuca.me\/wp-content\/uploads\/2025\/11\/FRO_9856-scaled-e1762338651554.jpg","type":"image\/jpeg"}],"author":"Aleksandar Vukovic","twitter_card":"summary_large_image","twitter_creator":"@evropska_kuca","twitter_site":"@evropska_kuca","twitter_misc":{"Written by":"Aleksandar Vukovic","Est. reading time":"3 minutes"},"schema":{"@context":"https:\/\/schema.org","@graph":[{"@type":"Article","@id":"https:\/\/www.evropskakuca.me\/me\/crna-gora-pokazuje-posvecenost-reformama-na-putu-ka-eu\/#article","isPartOf":{"@id":"https:\/\/www.evropskakuca.me\/me\/crna-gora-pokazuje-posvecenost-reformama-na-putu-ka-eu\/"},"author":{"name":"Aleksandar Vukovic","@id":"https:\/\/www.evropskakuca.me\/me\/#\/schema\/person\/7e16527119c7b67f457996b970f2bd6e"},"headline":"Crna Gora pokazuje posve\u0107enost reformama na putu ka EU","datePublished":"2025-11-05T10:29:48+00:00","dateModified":"2025-11-05T10:31:03+00:00","mainEntityOfPage":{"@id":"https:\/\/www.evropskakuca.me\/me\/crna-gora-pokazuje-posvecenost-reformama-na-putu-ka-eu\/"},"wordCount":408,"publisher":{"@id":"https:\/\/www.evropskakuca.me\/me\/#organization"},"image":{"@id":"https:\/\/www.evropskakuca.me\/me\/crna-gora-pokazuje-posvecenost-reformama-na-putu-ka-eu\/#primaryimage"},"thumbnailUrl":"https:\/\/www.evropskakuca.me\/wp-content\/uploads\/2025\/11\/FRO_9856-scaled-e1762338651554.jpg","articleSection":["Novosti","Vesti"],"inLanguage":"me-ME"},{"@type":"WebPage","@id":"https:\/\/www.evropskakuca.me\/me\/crna-gora-pokazuje-posvecenost-reformama-na-putu-ka-eu\/","url":"https:\/\/www.evropskakuca.me\/me\/crna-gora-pokazuje-posvecenost-reformama-na-putu-ka-eu\/","name":"Crna Gora pokazuje posve\u0107enost reformama na putu ka EU - Europe House","isPartOf":{"@id":"https:\/\/www.evropskakuca.me\/me\/#website"},"primaryImageOfPage":{"@id":"https:\/\/www.evropskakuca.me\/me\/crna-gora-pokazuje-posvecenost-reformama-na-putu-ka-eu\/#primaryimage"},"image":{"@id":"https:\/\/www.evropskakuca.me\/me\/crna-gora-pokazuje-posvecenost-reformama-na-putu-ka-eu\/#primaryimage"},"thumbnailUrl":"https:\/\/www.evropskakuca.me\/wp-content\/uploads\/2025\/11\/FRO_9856-scaled-e1762338651554.jpg","datePublished":"2025-11-05T10:29:48+00:00","dateModified":"2025-11-05T10:31:03+00:00","breadcrumb":{"@id":"https:\/\/www.evropskakuca.me\/me\/crna-gora-pokazuje-posvecenost-reformama-na-putu-ka-eu\/#breadcrumb"},"inLanguage":"me-ME","potentialAction":[{"@type":"ReadAction","target":["https:\/\/www.evropskakuca.me\/me\/crna-gora-pokazuje-posvecenost-reformama-na-putu-ka-eu\/"]}]},{"@type":"ImageObject","inLanguage":"me-ME","@id":"https:\/\/www.evropskakuca.me\/me\/crna-gora-pokazuje-posvecenost-reformama-na-putu-ka-eu\/#primaryimage","url":"https:\/\/www.evropskakuca.me\/wp-content\/uploads\/2025\/11\/FRO_9856-scaled-e1762338651554.jpg","contentUrl":"https:\/\/www.evropskakuca.me\/wp-content\/uploads\/2025\/11\/FRO_9856-scaled-e1762338651554.jpg","width":2560,"height":1314},{"@type":"BreadcrumbList","@id":"https:\/\/www.evropskakuca.me\/me\/crna-gora-pokazuje-posvecenost-reformama-na-putu-ka-eu\/#breadcrumb","itemListElement":[{"@type":"ListItem","position":1,"name":"Home","item":"https:\/\/www.evropskakuca.me\/me\/"},{"@type":"ListItem","position":2,"name":"Crna Gora pokazuje posve\u0107enost reformama na putu ka EU"}]},{"@type":"WebSite","@id":"https:\/\/www.evropskakuca.me\/me\/#website","url":"https:\/\/www.evropskakuca.me\/me\/","name":"Evropean house","description":"","publisher":{"@id":"https:\/\/www.evropskakuca.me\/me\/#organization"},"potentialAction":[{"@type":"SearchAction","target":{"@type":"EntryPoint","urlTemplate":"https:\/\/www.evropskakuca.me\/me\/?s={search_term_string}"},"query-input":{"@type":"PropertyValueSpecification","valueRequired":true,"valueName":"search_term_string"}}],"inLanguage":"me-ME"},{"@type":"Organization","@id":"https:\/\/www.evropskakuca.me\/me\/#organization","name":"Evropean house","url":"https:\/\/www.evropskakuca.me\/me\/","logo":{"@type":"ImageObject","inLanguage":"me-ME","@id":"https:\/\/www.evropskakuca.me\/me\/#\/schema\/logo\/image\/","url":"https:\/\/www.evropskakuca.me\/wp-content\/uploads\/2025\/01\/evropska-kuca-logo-1.png","contentUrl":"https:\/\/www.evropskakuca.me\/wp-content\/uploads\/2025\/01\/evropska-kuca-logo-1.png","width":425,"height":312,"caption":"Evropean house"},"image":{"@id":"https:\/\/www.evropskakuca.me\/me\/#\/schema\/logo\/image\/"},"sameAs":["https:\/\/www.facebook.com\/evropska.kuca","https:\/\/x.com\/evropska_kuca","https:\/\/www.instagram.com\/evropska_kuca"]},{"@type":"Person","@id":"https:\/\/www.evropskakuca.me\/me\/#\/schema\/person\/7e16527119c7b67f457996b970f2bd6e","name":"Aleksandar Vukovic","image":{"@type":"ImageObject","inLanguage":"me-ME","@id":"https:\/\/secure.gravatar.com\/avatar\/a1834e0104b0242a886079bde835ba36d80c70f9987a11f3ba33eb9e8d74cc15?s=96&d=mm&r=g","url":"https:\/\/secure.gravatar.com\/avatar\/a1834e0104b0242a886079bde835ba36d80c70f9987a11f3ba33eb9e8d74cc15?s=96&d=mm&r=g","contentUrl":"https:\/\/secure.gravatar.com\/avatar\/a1834e0104b0242a886079bde835ba36d80c70f9987a11f3ba33eb9e8d74cc15?s=96&d=mm&r=g","caption":"Aleksandar Vukovic"},"url":"https:\/\/www.evropskakuca.me\/me\/author\/aleksandar\/"}]}},"_links":{"self":[{"href":"https:\/\/www.evropskakuca.me\/me\/wp-json\/wp\/v2\/posts\/46317","targetHints":{"allow":["GET"]}}],"collection":[{"href":"https:\/\/www.evropskakuca.me\/me\/wp-json\/wp\/v2\/posts"}],"about":[{"href":"https:\/\/www.evropskakuca.me\/me\/wp-json\/wp\/v2\/types\/post"}],"author":[{"embeddable":true,"href":"https:\/\/www.evropskakuca.me\/me\/wp-json\/wp\/v2\/users\/3"}],"replies":[{"embeddable":true,"href":"https:\/\/www.evropskakuca.me\/me\/wp-json\/wp\/v2\/comments?post=46317"}],"version-history":[{"count":1,"href":"https:\/\/www.evropskakuca.me\/me\/wp-json\/wp\/v2\/posts\/46317\/revisions"}],"predecessor-version":[{"id":46324,"href":"https:\/\/www.evropskakuca.me\/me\/wp-json\/wp\/v2\/posts\/46317\/revisions\/46324"}],"wp:featuredmedia":[{"embeddable":true,"href":"https:\/\/www.evropskakuca.me\/me\/wp-json\/wp\/v2\/media\/46318"}],"wp:attachment":[{"href":"https:\/\/www.evropskakuca.me\/me\/wp-json\/wp\/v2\/media?parent=46317"}],"wp:term":[{"taxonomy":"category","embeddable":true,"href":"https:\/\/www.evropskakuca.me\/me\/wp-json\/wp\/v2\/categories?post=46317"},{"taxonomy":"post_tag","embeddable":true,"href":"https:\/\/www.evropskakuca.me\/me\/wp-json\/wp\/v2\/tags?post=46317"}],"curies":[{"name":"wp","href":"https:\/\/api.w.org\/{rel}","templated":true}]}}