{"id":46279,"date":"2025-11-03T09:37:49","date_gmt":"2025-11-03T09:37:49","guid":{"rendered":"https:\/\/www.evropskakuca.me\/?p=46279"},"modified":"2025-11-03T09:37:54","modified_gmt":"2025-11-03T09:37:54","slug":"crna-gora-se-integrise-u-novi-kompjuterizovani-tranzitni-sistem","status":"publish","type":"post","link":"https:\/\/www.evropskakuca.me\/me\/crna-gora-se-integrise-u-novi-kompjuterizovani-tranzitni-sistem\/","title":{"rendered":"Crna Gora se integri\u0161e u Novi kompjuterizovani tranzitni sistem"},"content":{"rendered":"\n<p>Crna Gora je postala punopravna \u010dlanica&nbsp;<strong>Konvencije o zajedni\u010dkom tranzitnom postupku<\/strong>, \u010dime se me\u0111unarodni tranzit robe izme\u0111u Crne Gore i ostalih strana ugovornica \u2013 dr\u017eava \u010dlanica Evropske unije, EFTA-e, kao i&nbsp;Gruzije, Sjeverne Makedonije, Srbije, Turske, Ujedinjenog Kraljevstva i Ukrajine&nbsp;\u2013 odvija uz pomo\u0107 Novog kompjuterizovanog tranzitnog sistema (NCTS). Time se obezbje\u0111uje&nbsp;<strong>br\u017ea, jeftinija i sigurnija me\u0111unarodna trgovina<\/strong>.<\/p>\n\n\n\n<p>\u201eUlazak Crne Gore u Novi kompjuterizovani tranzitni sistem predstavlja klju\u010dni korak ka digitalizaciji carinskih procedura, efikasnijem protoku robe i smanjenju tro\u0161kova za privredne subjekte. Ovim postajemo dio velikog evropskog sistema, \u0161to doprinosi sigurnijem i br\u017eem kretanju robe,&#8221; izjavila je direktorica Uprave carina&nbsp;<strong>Maja Vu\u010dini\u0107<\/strong>.<\/p>\n\n\n\n<figure class=\"wp-block-image size-large\"><img fetchpriority=\"high\" decoding=\"async\" width=\"1024\" height=\"683\" src=\"https:\/\/www.evropskakuca.me\/wp-content\/uploads\/2025\/11\/DSC04006-1024x683.jpg\" alt=\"\" class=\"wp-image-46282\" srcset=\"https:\/\/www.evropskakuca.me\/wp-content\/uploads\/2025\/11\/DSC04006-1024x683.jpg 1024w, https:\/\/www.evropskakuca.me\/wp-content\/uploads\/2025\/11\/DSC04006-300x200.jpg 300w, https:\/\/www.evropskakuca.me\/wp-content\/uploads\/2025\/11\/DSC04006-768x512.jpg 768w, https:\/\/www.evropskakuca.me\/wp-content\/uploads\/2025\/11\/DSC04006-1536x1024.jpg 1536w, https:\/\/www.evropskakuca.me\/wp-content\/uploads\/2025\/11\/DSC04006-2048x1365.jpg 2048w\" sizes=\"(max-width: 1024px) 100vw, 1024px\" \/><\/figure>\n\n\n\n<p>Govore\u0107i o zna\u010daju ovog rezultata za ispunjavanje kriterijuma iz poglavlja 29 &#8211; Carinska unija i kontinuitetu evropske podr\u0161ke,&nbsp;<strong>Bernar Brune<\/strong>, \u0161ef Sektora za saradnju Delegacije Evropske unije u Crnoj Gori, poru\u010dio je:&nbsp;\u201eOvo je rezultat strate\u0161kog partnerstva Crne Gore i Evropske unije. Kroz Instrument za pretpristupnu podr\u0161ku, Evropska unija je obezbijedila 3 miliona eura za modernizaciju carinske administracije, dok je dr\u017eava obezbijedila dodatnih 10% sredstava. EU \u0107e nastaviti da pru\u017ea podr\u0161ku kroz projekte unapre\u0111enja IT sistema za poslovanje i uvozno-izvozne procedure, kako bi Crna Gora bila u potpunosti spremna za budu\u0107e \u010dlanstvo u Evropskoj uniji.&#8221;<\/p>\n\n\n\n<figure class=\"wp-block-image size-large\"><img decoding=\"async\" width=\"1024\" height=\"683\" src=\"https:\/\/www.evropskakuca.me\/wp-content\/uploads\/2025\/11\/DSC03975-1024x683.jpg\" alt=\"\" class=\"wp-image-46286\" srcset=\"https:\/\/www.evropskakuca.me\/wp-content\/uploads\/2025\/11\/DSC03975-1024x683.jpg 1024w, https:\/\/www.evropskakuca.me\/wp-content\/uploads\/2025\/11\/DSC03975-300x200.jpg 300w, https:\/\/www.evropskakuca.me\/wp-content\/uploads\/2025\/11\/DSC03975-768x512.jpg 768w, https:\/\/www.evropskakuca.me\/wp-content\/uploads\/2025\/11\/DSC03975-1536x1024.jpg 1536w, https:\/\/www.evropskakuca.me\/wp-content\/uploads\/2025\/11\/DSC03975-2048x1365.jpg 2048w\" sizes=\"(max-width: 1024px) 100vw, 1024px\" \/><\/figure>\n\n\n\n<p>O konkretnim koristima za privredu govorio je&nbsp;<strong>dr<\/strong>&nbsp;<strong>Dalibor Pelevi\u0107<\/strong>&nbsp;iz \u0161peditersko-brodarske agencije MSC, isti\u010du\u0107i da \u0107e implementacija NCTS-a omogu\u0107iti&nbsp;<strong>kra\u0107e vrijeme transporta<\/strong>, te da bi, uz unapre\u0111enje povezanosti sa zale\u0111em i dalji razvoj koridora Bar\u2013Beograd\u2013Budimpe\u0161ta, Crna Gora u narednoj deceniji mogla ostvariti&nbsp;<strong>zna\u010dajne ekonomske benefite<\/strong>.<\/p>\n\n\n\n<p>\u201eNa evropskom putu, Uprava carina aktivno digitalizuje procese i uvodi moderne mehanizme kontrole, \u010dime se smanjuje vrijeme zadr\u017eavanja robe na granici i pove\u0107ava efikasnost transporta,&#8221; dodao je&nbsp;<strong>Ma\u0161an Leki\u0107<\/strong>, \u0161ef carinske ispostave Slobodna zona Bar.<\/p>\n\n\n\n<figure class=\"wp-block-gallery has-nested-images columns-default is-cropped wp-block-gallery-1 is-layout-flex wp-block-gallery-is-layout-flex\">\n<figure class=\"wp-block-image size-large\"><img decoding=\"async\" width=\"1024\" height=\"683\" data-id=\"46290\" src=\"https:\/\/www.evropskakuca.me\/wp-content\/uploads\/2025\/11\/Evropska-kuca-Luka-Bar-1024x683.jpg\" alt=\"\" class=\"wp-image-46290\" srcset=\"https:\/\/www.evropskakuca.me\/wp-content\/uploads\/2025\/11\/Evropska-kuca-Luka-Bar-1024x683.jpg 1024w, https:\/\/www.evropskakuca.me\/wp-content\/uploads\/2025\/11\/Evropska-kuca-Luka-Bar-300x200.jpg 300w, https:\/\/www.evropskakuca.me\/wp-content\/uploads\/2025\/11\/Evropska-kuca-Luka-Bar-768x512.jpg 768w, https:\/\/www.evropskakuca.me\/wp-content\/uploads\/2025\/11\/Evropska-kuca-Luka-Bar-1536x1024.jpg 1536w, https:\/\/www.evropskakuca.me\/wp-content\/uploads\/2025\/11\/Evropska-kuca-Luka-Bar-2048x1365.jpg 2048w\" sizes=\"(max-width: 1024px) 100vw, 1024px\" \/><\/figure>\n\n\n\n<figure class=\"wp-block-image size-large\"><img loading=\"lazy\" decoding=\"async\" width=\"1024\" height=\"683\" data-id=\"46288\" src=\"https:\/\/www.evropskakuca.me\/wp-content\/uploads\/2025\/11\/Evropska-kuca-Luka-Bar-5-1024x683.jpg\" alt=\"\" class=\"wp-image-46288\" srcset=\"https:\/\/www.evropskakuca.me\/wp-content\/uploads\/2025\/11\/Evropska-kuca-Luka-Bar-5-1024x683.jpg 1024w, https:\/\/www.evropskakuca.me\/wp-content\/uploads\/2025\/11\/Evropska-kuca-Luka-Bar-5-300x200.jpg 300w, https:\/\/www.evropskakuca.me\/wp-content\/uploads\/2025\/11\/Evropska-kuca-Luka-Bar-5-768x512.jpg 768w, https:\/\/www.evropskakuca.me\/wp-content\/uploads\/2025\/11\/Evropska-kuca-Luka-Bar-5-1536x1024.jpg 1536w, https:\/\/www.evropskakuca.me\/wp-content\/uploads\/2025\/11\/Evropska-kuca-Luka-Bar-5-2048x1365.jpg 2048w\" sizes=\"(max-width: 1024px) 100vw, 1024px\" \/><\/figure>\n<\/figure>\n\n\n\n<p>Od 2007. godine,&nbsp;<strong>Evropska unija<\/strong>&nbsp;je kroz nacionalne, regionalne i vi\u0161ekorisni\u010dke&nbsp;<strong>IPA programe<\/strong>&nbsp;obezbijedila&nbsp;<strong>vi\u0161e od 18 miliona eura<\/strong>&nbsp;podr\u0161ke modernizaciji crnogorskog carinskog sistema \u2013 od unapre\u0111enja IT infrastrukture i digitalizacije procedura, do ja\u010danja administrativnih kapaciteta i kontrole granica.&nbsp;<\/p>\n\n\n\n<p>Pristupanjem Konvenciji,&nbsp;<strong>Crna Gora postaje dio velike evropske mre\u017ee za kontrolu i pra\u0107enje tranzita<\/strong>, \u0161to&nbsp;<strong>ja\u010da konkurentnost crnogorskih privrednih i logisti\u010dkih tokova<\/strong>&nbsp;i dodatno povezuje zemlju sa evropskim tr\u017ei\u0161tem.<\/p>\n","protected":false},"excerpt":{"rendered":"<p>Crna Gora je postala punopravna \u010dlanica&nbsp;Konvencije o zajedni\u010dkom tranzitnom postupku, \u010dime se me\u0111unarodni tranzit robe izme\u0111u Crne Gore i ostalih strana ugovornica \u2013 dr\u017eava \u010dlanica Evropske unije, EFTA-e, kao i&nbsp;Gruzije, Sjeverne Makedonije, Srbije, Turske, Ujedinjenog Kraljevstva i Ukrajine&nbsp;\u2013 odvija uz pomo\u0107 Novog kompjuterizovanog tranzitnog sistema (NCTS). Time se obezbje\u0111uje&nbsp;br\u017ea, jeftinija i sigurnija me\u0111unarodna trgovina. \u201eUlazak [&hellip;]<\/p>\n","protected":false},"author":3,"featured_media":46280,"comment_status":"closed","ping_status":"closed","sticky":false,"template":"","format":"standard","meta":{"_acf_changed":false,"footnotes":""},"categories":[283,524],"tags":[],"class_list":["post-46279","post","type-post","status-publish","format-standard","has-post-thumbnail","hentry","category-novosti-me","category-vesti"],"acf":[],"yoast_head":"<!-- This site is optimized with the Yoast SEO plugin v27.3 - https:\/\/yoast.com\/product\/yoast-seo-wordpress\/ -->\n<title>Crna Gora se integri\u0161e u Novi kompjuterizovani tranzitni sistem - Europe House<\/title>\n<meta name=\"robots\" content=\"index, follow, max-snippet:-1, max-image-preview:large, max-video-preview:-1\" \/>\n<link rel=\"canonical\" href=\"https:\/\/www.evropskakuca.me\/me\/crna-gora-se-integrise-u-novi-kompjuterizovani-tranzitni-sistem\/\" \/>\n<meta property=\"og:locale\" content=\"en_US\" \/>\n<meta property=\"og:type\" content=\"article\" \/>\n<meta property=\"og:title\" content=\"Crna Gora se integri\u0161e u Novi kompjuterizovani tranzitni sistem - Europe House\" \/>\n<meta property=\"og:description\" content=\"Crna Gora je postala punopravna \u010dlanica&nbsp;Konvencije o zajedni\u010dkom tranzitnom postupku, \u010dime se me\u0111unarodni tranzit robe izme\u0111u Crne Gore i ostalih strana ugovornica \u2013 dr\u017eava \u010dlanica Evropske unije, EFTA-e, kao i&nbsp;Gruzije, Sjeverne Makedonije, Srbije, Turske, Ujedinjenog Kraljevstva i Ukrajine&nbsp;\u2013 odvija uz pomo\u0107 Novog kompjuterizovanog tranzitnog sistema (NCTS). Time se obezbje\u0111uje&nbsp;br\u017ea, jeftinija i sigurnija me\u0111unarodna trgovina. \u201eUlazak [&hellip;]\" \/>\n<meta property=\"og:url\" content=\"https:\/\/www.evropskakuca.me\/me\/crna-gora-se-integrise-u-novi-kompjuterizovani-tranzitni-sistem\/\" \/>\n<meta property=\"og:site_name\" content=\"Europe House\" \/>\n<meta property=\"article:publisher\" content=\"https:\/\/www.facebook.com\/evropska.kuca\" \/>\n<meta property=\"article:published_time\" content=\"2025-11-03T09:37:49+00:00\" \/>\n<meta property=\"article:modified_time\" content=\"2025-11-03T09:37:54+00:00\" \/>\n<meta property=\"og:image\" content=\"https:\/\/www.evropskakuca.me\/wp-content\/uploads\/2025\/11\/Evropska-kuca-Luka-Bar-45-scaled.jpg\" \/>\n\t<meta property=\"og:image:width\" content=\"2560\" \/>\n\t<meta property=\"og:image:height\" content=\"1707\" \/>\n\t<meta property=\"og:image:type\" content=\"image\/jpeg\" \/>\n<meta name=\"author\" content=\"Aleksandar Vukovic\" \/>\n<meta name=\"twitter:card\" content=\"summary_large_image\" \/>\n<meta name=\"twitter:creator\" content=\"@evropska_kuca\" \/>\n<meta name=\"twitter:site\" content=\"@evropska_kuca\" \/>\n<meta name=\"twitter:label1\" content=\"Written by\" \/>\n\t<meta name=\"twitter:data1\" content=\"Aleksandar Vukovic\" \/>\n\t<meta name=\"twitter:label2\" content=\"Est. reading time\" \/>\n\t<meta name=\"twitter:data2\" content=\"3 minutes\" \/>\n<script type=\"application\/ld+json\" class=\"yoast-schema-graph\">{\"@context\":\"https:\\\/\\\/schema.org\",\"@graph\":[{\"@type\":\"Article\",\"@id\":\"https:\\\/\\\/www.evropskakuca.me\\\/me\\\/crna-gora-se-integrise-u-novi-kompjuterizovani-tranzitni-sistem\\\/#article\",\"isPartOf\":{\"@id\":\"https:\\\/\\\/www.evropskakuca.me\\\/me\\\/crna-gora-se-integrise-u-novi-kompjuterizovani-tranzitni-sistem\\\/\"},\"author\":{\"name\":\"Aleksandar Vukovic\",\"@id\":\"https:\\\/\\\/www.evropskakuca.me\\\/me\\\/#\\\/schema\\\/person\\\/7e16527119c7b67f457996b970f2bd6e\"},\"headline\":\"Crna Gora se integri\u0161e u Novi kompjuterizovani tranzitni sistem\",\"datePublished\":\"2025-11-03T09:37:49+00:00\",\"dateModified\":\"2025-11-03T09:37:54+00:00\",\"mainEntityOfPage\":{\"@id\":\"https:\\\/\\\/www.evropskakuca.me\\\/me\\\/crna-gora-se-integrise-u-novi-kompjuterizovani-tranzitni-sistem\\\/\"},\"wordCount\":418,\"publisher\":{\"@id\":\"https:\\\/\\\/www.evropskakuca.me\\\/me\\\/#organization\"},\"image\":{\"@id\":\"https:\\\/\\\/www.evropskakuca.me\\\/me\\\/crna-gora-se-integrise-u-novi-kompjuterizovani-tranzitni-sistem\\\/#primaryimage\"},\"thumbnailUrl\":\"https:\\\/\\\/www.evropskakuca.me\\\/wp-content\\\/uploads\\\/2025\\\/11\\\/Evropska-kuca-Luka-Bar-45-scaled.jpg\",\"articleSection\":[\"Novosti\",\"Vesti\"],\"inLanguage\":\"me-ME\"},{\"@type\":\"WebPage\",\"@id\":\"https:\\\/\\\/www.evropskakuca.me\\\/me\\\/crna-gora-se-integrise-u-novi-kompjuterizovani-tranzitni-sistem\\\/\",\"url\":\"https:\\\/\\\/www.evropskakuca.me\\\/me\\\/crna-gora-se-integrise-u-novi-kompjuterizovani-tranzitni-sistem\\\/\",\"name\":\"Crna Gora se integri\u0161e u Novi kompjuterizovani tranzitni sistem - Europe House\",\"isPartOf\":{\"@id\":\"https:\\\/\\\/www.evropskakuca.me\\\/me\\\/#website\"},\"primaryImageOfPage\":{\"@id\":\"https:\\\/\\\/www.evropskakuca.me\\\/me\\\/crna-gora-se-integrise-u-novi-kompjuterizovani-tranzitni-sistem\\\/#primaryimage\"},\"image\":{\"@id\":\"https:\\\/\\\/www.evropskakuca.me\\\/me\\\/crna-gora-se-integrise-u-novi-kompjuterizovani-tranzitni-sistem\\\/#primaryimage\"},\"thumbnailUrl\":\"https:\\\/\\\/www.evropskakuca.me\\\/wp-content\\\/uploads\\\/2025\\\/11\\\/Evropska-kuca-Luka-Bar-45-scaled.jpg\",\"datePublished\":\"2025-11-03T09:37:49+00:00\",\"dateModified\":\"2025-11-03T09:37:54+00:00\",\"breadcrumb\":{\"@id\":\"https:\\\/\\\/www.evropskakuca.me\\\/me\\\/crna-gora-se-integrise-u-novi-kompjuterizovani-tranzitni-sistem\\\/#breadcrumb\"},\"inLanguage\":\"me-ME\",\"potentialAction\":[{\"@type\":\"ReadAction\",\"target\":[\"https:\\\/\\\/www.evropskakuca.me\\\/me\\\/crna-gora-se-integrise-u-novi-kompjuterizovani-tranzitni-sistem\\\/\"]}]},{\"@type\":\"ImageObject\",\"inLanguage\":\"me-ME\",\"@id\":\"https:\\\/\\\/www.evropskakuca.me\\\/me\\\/crna-gora-se-integrise-u-novi-kompjuterizovani-tranzitni-sistem\\\/#primaryimage\",\"url\":\"https:\\\/\\\/www.evropskakuca.me\\\/wp-content\\\/uploads\\\/2025\\\/11\\\/Evropska-kuca-Luka-Bar-45-scaled.jpg\",\"contentUrl\":\"https:\\\/\\\/www.evropskakuca.me\\\/wp-content\\\/uploads\\\/2025\\\/11\\\/Evropska-kuca-Luka-Bar-45-scaled.jpg\",\"width\":2560,\"height\":1707},{\"@type\":\"BreadcrumbList\",\"@id\":\"https:\\\/\\\/www.evropskakuca.me\\\/me\\\/crna-gora-se-integrise-u-novi-kompjuterizovani-tranzitni-sistem\\\/#breadcrumb\",\"itemListElement\":[{\"@type\":\"ListItem\",\"position\":1,\"name\":\"Home\",\"item\":\"https:\\\/\\\/www.evropskakuca.me\\\/me\\\/\"},{\"@type\":\"ListItem\",\"position\":2,\"name\":\"Crna Gora se integri\u0161e u Novi kompjuterizovani tranzitni sistem\"}]},{\"@type\":\"WebSite\",\"@id\":\"https:\\\/\\\/www.evropskakuca.me\\\/me\\\/#website\",\"url\":\"https:\\\/\\\/www.evropskakuca.me\\\/me\\\/\",\"name\":\"Evropean house\",\"description\":\"\",\"publisher\":{\"@id\":\"https:\\\/\\\/www.evropskakuca.me\\\/me\\\/#organization\"},\"potentialAction\":[{\"@type\":\"SearchAction\",\"target\":{\"@type\":\"EntryPoint\",\"urlTemplate\":\"https:\\\/\\\/www.evropskakuca.me\\\/me\\\/?s={search_term_string}\"},\"query-input\":{\"@type\":\"PropertyValueSpecification\",\"valueRequired\":true,\"valueName\":\"search_term_string\"}}],\"inLanguage\":\"me-ME\"},{\"@type\":\"Organization\",\"@id\":\"https:\\\/\\\/www.evropskakuca.me\\\/me\\\/#organization\",\"name\":\"Evropean house\",\"url\":\"https:\\\/\\\/www.evropskakuca.me\\\/me\\\/\",\"logo\":{\"@type\":\"ImageObject\",\"inLanguage\":\"me-ME\",\"@id\":\"https:\\\/\\\/www.evropskakuca.me\\\/me\\\/#\\\/schema\\\/logo\\\/image\\\/\",\"url\":\"https:\\\/\\\/www.evropskakuca.me\\\/wp-content\\\/uploads\\\/2025\\\/01\\\/evropska-kuca-logo-1.png\",\"contentUrl\":\"https:\\\/\\\/www.evropskakuca.me\\\/wp-content\\\/uploads\\\/2025\\\/01\\\/evropska-kuca-logo-1.png\",\"width\":425,\"height\":312,\"caption\":\"Evropean house\"},\"image\":{\"@id\":\"https:\\\/\\\/www.evropskakuca.me\\\/me\\\/#\\\/schema\\\/logo\\\/image\\\/\"},\"sameAs\":[\"https:\\\/\\\/www.facebook.com\\\/evropska.kuca\",\"https:\\\/\\\/x.com\\\/evropska_kuca\",\"https:\\\/\\\/www.instagram.com\\\/evropska_kuca\"]},{\"@type\":\"Person\",\"@id\":\"https:\\\/\\\/www.evropskakuca.me\\\/me\\\/#\\\/schema\\\/person\\\/7e16527119c7b67f457996b970f2bd6e\",\"name\":\"Aleksandar Vukovic\",\"image\":{\"@type\":\"ImageObject\",\"inLanguage\":\"me-ME\",\"@id\":\"https:\\\/\\\/secure.gravatar.com\\\/avatar\\\/a1834e0104b0242a886079bde835ba36d80c70f9987a11f3ba33eb9e8d74cc15?s=96&d=mm&r=g\",\"url\":\"https:\\\/\\\/secure.gravatar.com\\\/avatar\\\/a1834e0104b0242a886079bde835ba36d80c70f9987a11f3ba33eb9e8d74cc15?s=96&d=mm&r=g\",\"contentUrl\":\"https:\\\/\\\/secure.gravatar.com\\\/avatar\\\/a1834e0104b0242a886079bde835ba36d80c70f9987a11f3ba33eb9e8d74cc15?s=96&d=mm&r=g\",\"caption\":\"Aleksandar Vukovic\"},\"url\":\"https:\\\/\\\/www.evropskakuca.me\\\/me\\\/author\\\/aleksandar\\\/\"}]}<\/script>\n<!-- \/ Yoast SEO plugin. -->","yoast_head_json":{"title":"Crna Gora se integri\u0161e u Novi kompjuterizovani tranzitni sistem - Europe House","robots":{"index":"index","follow":"follow","max-snippet":"max-snippet:-1","max-image-preview":"max-image-preview:large","max-video-preview":"max-video-preview:-1"},"canonical":"https:\/\/www.evropskakuca.me\/me\/crna-gora-se-integrise-u-novi-kompjuterizovani-tranzitni-sistem\/","og_locale":"en_US","og_type":"article","og_title":"Crna Gora se integri\u0161e u Novi kompjuterizovani tranzitni sistem - Europe House","og_description":"Crna Gora je postala punopravna \u010dlanica&nbsp;Konvencije o zajedni\u010dkom tranzitnom postupku, \u010dime se me\u0111unarodni tranzit robe izme\u0111u Crne Gore i ostalih strana ugovornica \u2013 dr\u017eava \u010dlanica Evropske unije, EFTA-e, kao i&nbsp;Gruzije, Sjeverne Makedonije, Srbije, Turske, Ujedinjenog Kraljevstva i Ukrajine&nbsp;\u2013 odvija uz pomo\u0107 Novog kompjuterizovanog tranzitnog sistema (NCTS). Time se obezbje\u0111uje&nbsp;br\u017ea, jeftinija i sigurnija me\u0111unarodna trgovina. \u201eUlazak [&hellip;]","og_url":"https:\/\/www.evropskakuca.me\/me\/crna-gora-se-integrise-u-novi-kompjuterizovani-tranzitni-sistem\/","og_site_name":"Europe House","article_publisher":"https:\/\/www.facebook.com\/evropska.kuca","article_published_time":"2025-11-03T09:37:49+00:00","article_modified_time":"2025-11-03T09:37:54+00:00","og_image":[{"width":2560,"height":1707,"url":"https:\/\/www.evropskakuca.me\/wp-content\/uploads\/2025\/11\/Evropska-kuca-Luka-Bar-45-scaled.jpg","type":"image\/jpeg"}],"author":"Aleksandar Vukovic","twitter_card":"summary_large_image","twitter_creator":"@evropska_kuca","twitter_site":"@evropska_kuca","twitter_misc":{"Written by":"Aleksandar Vukovic","Est. reading time":"3 minutes"},"schema":{"@context":"https:\/\/schema.org","@graph":[{"@type":"Article","@id":"https:\/\/www.evropskakuca.me\/me\/crna-gora-se-integrise-u-novi-kompjuterizovani-tranzitni-sistem\/#article","isPartOf":{"@id":"https:\/\/www.evropskakuca.me\/me\/crna-gora-se-integrise-u-novi-kompjuterizovani-tranzitni-sistem\/"},"author":{"name":"Aleksandar Vukovic","@id":"https:\/\/www.evropskakuca.me\/me\/#\/schema\/person\/7e16527119c7b67f457996b970f2bd6e"},"headline":"Crna Gora se integri\u0161e u Novi kompjuterizovani tranzitni sistem","datePublished":"2025-11-03T09:37:49+00:00","dateModified":"2025-11-03T09:37:54+00:00","mainEntityOfPage":{"@id":"https:\/\/www.evropskakuca.me\/me\/crna-gora-se-integrise-u-novi-kompjuterizovani-tranzitni-sistem\/"},"wordCount":418,"publisher":{"@id":"https:\/\/www.evropskakuca.me\/me\/#organization"},"image":{"@id":"https:\/\/www.evropskakuca.me\/me\/crna-gora-se-integrise-u-novi-kompjuterizovani-tranzitni-sistem\/#primaryimage"},"thumbnailUrl":"https:\/\/www.evropskakuca.me\/wp-content\/uploads\/2025\/11\/Evropska-kuca-Luka-Bar-45-scaled.jpg","articleSection":["Novosti","Vesti"],"inLanguage":"me-ME"},{"@type":"WebPage","@id":"https:\/\/www.evropskakuca.me\/me\/crna-gora-se-integrise-u-novi-kompjuterizovani-tranzitni-sistem\/","url":"https:\/\/www.evropskakuca.me\/me\/crna-gora-se-integrise-u-novi-kompjuterizovani-tranzitni-sistem\/","name":"Crna Gora se integri\u0161e u Novi kompjuterizovani tranzitni sistem - Europe House","isPartOf":{"@id":"https:\/\/www.evropskakuca.me\/me\/#website"},"primaryImageOfPage":{"@id":"https:\/\/www.evropskakuca.me\/me\/crna-gora-se-integrise-u-novi-kompjuterizovani-tranzitni-sistem\/#primaryimage"},"image":{"@id":"https:\/\/www.evropskakuca.me\/me\/crna-gora-se-integrise-u-novi-kompjuterizovani-tranzitni-sistem\/#primaryimage"},"thumbnailUrl":"https:\/\/www.evropskakuca.me\/wp-content\/uploads\/2025\/11\/Evropska-kuca-Luka-Bar-45-scaled.jpg","datePublished":"2025-11-03T09:37:49+00:00","dateModified":"2025-11-03T09:37:54+00:00","breadcrumb":{"@id":"https:\/\/www.evropskakuca.me\/me\/crna-gora-se-integrise-u-novi-kompjuterizovani-tranzitni-sistem\/#breadcrumb"},"inLanguage":"me-ME","potentialAction":[{"@type":"ReadAction","target":["https:\/\/www.evropskakuca.me\/me\/crna-gora-se-integrise-u-novi-kompjuterizovani-tranzitni-sistem\/"]}]},{"@type":"ImageObject","inLanguage":"me-ME","@id":"https:\/\/www.evropskakuca.me\/me\/crna-gora-se-integrise-u-novi-kompjuterizovani-tranzitni-sistem\/#primaryimage","url":"https:\/\/www.evropskakuca.me\/wp-content\/uploads\/2025\/11\/Evropska-kuca-Luka-Bar-45-scaled.jpg","contentUrl":"https:\/\/www.evropskakuca.me\/wp-content\/uploads\/2025\/11\/Evropska-kuca-Luka-Bar-45-scaled.jpg","width":2560,"height":1707},{"@type":"BreadcrumbList","@id":"https:\/\/www.evropskakuca.me\/me\/crna-gora-se-integrise-u-novi-kompjuterizovani-tranzitni-sistem\/#breadcrumb","itemListElement":[{"@type":"ListItem","position":1,"name":"Home","item":"https:\/\/www.evropskakuca.me\/me\/"},{"@type":"ListItem","position":2,"name":"Crna Gora se integri\u0161e u Novi kompjuterizovani tranzitni sistem"}]},{"@type":"WebSite","@id":"https:\/\/www.evropskakuca.me\/me\/#website","url":"https:\/\/www.evropskakuca.me\/me\/","name":"Evropean house","description":"","publisher":{"@id":"https:\/\/www.evropskakuca.me\/me\/#organization"},"potentialAction":[{"@type":"SearchAction","target":{"@type":"EntryPoint","urlTemplate":"https:\/\/www.evropskakuca.me\/me\/?s={search_term_string}"},"query-input":{"@type":"PropertyValueSpecification","valueRequired":true,"valueName":"search_term_string"}}],"inLanguage":"me-ME"},{"@type":"Organization","@id":"https:\/\/www.evropskakuca.me\/me\/#organization","name":"Evropean house","url":"https:\/\/www.evropskakuca.me\/me\/","logo":{"@type":"ImageObject","inLanguage":"me-ME","@id":"https:\/\/www.evropskakuca.me\/me\/#\/schema\/logo\/image\/","url":"https:\/\/www.evropskakuca.me\/wp-content\/uploads\/2025\/01\/evropska-kuca-logo-1.png","contentUrl":"https:\/\/www.evropskakuca.me\/wp-content\/uploads\/2025\/01\/evropska-kuca-logo-1.png","width":425,"height":312,"caption":"Evropean house"},"image":{"@id":"https:\/\/www.evropskakuca.me\/me\/#\/schema\/logo\/image\/"},"sameAs":["https:\/\/www.facebook.com\/evropska.kuca","https:\/\/x.com\/evropska_kuca","https:\/\/www.instagram.com\/evropska_kuca"]},{"@type":"Person","@id":"https:\/\/www.evropskakuca.me\/me\/#\/schema\/person\/7e16527119c7b67f457996b970f2bd6e","name":"Aleksandar Vukovic","image":{"@type":"ImageObject","inLanguage":"me-ME","@id":"https:\/\/secure.gravatar.com\/avatar\/a1834e0104b0242a886079bde835ba36d80c70f9987a11f3ba33eb9e8d74cc15?s=96&d=mm&r=g","url":"https:\/\/secure.gravatar.com\/avatar\/a1834e0104b0242a886079bde835ba36d80c70f9987a11f3ba33eb9e8d74cc15?s=96&d=mm&r=g","contentUrl":"https:\/\/secure.gravatar.com\/avatar\/a1834e0104b0242a886079bde835ba36d80c70f9987a11f3ba33eb9e8d74cc15?s=96&d=mm&r=g","caption":"Aleksandar Vukovic"},"url":"https:\/\/www.evropskakuca.me\/me\/author\/aleksandar\/"}]}},"_links":{"self":[{"href":"https:\/\/www.evropskakuca.me\/me\/wp-json\/wp\/v2\/posts\/46279","targetHints":{"allow":["GET"]}}],"collection":[{"href":"https:\/\/www.evropskakuca.me\/me\/wp-json\/wp\/v2\/posts"}],"about":[{"href":"https:\/\/www.evropskakuca.me\/me\/wp-json\/wp\/v2\/types\/post"}],"author":[{"embeddable":true,"href":"https:\/\/www.evropskakuca.me\/me\/wp-json\/wp\/v2\/users\/3"}],"replies":[{"embeddable":true,"href":"https:\/\/www.evropskakuca.me\/me\/wp-json\/wp\/v2\/comments?post=46279"}],"version-history":[{"count":1,"href":"https:\/\/www.evropskakuca.me\/me\/wp-json\/wp\/v2\/posts\/46279\/revisions"}],"predecessor-version":[{"id":46292,"href":"https:\/\/www.evropskakuca.me\/me\/wp-json\/wp\/v2\/posts\/46279\/revisions\/46292"}],"wp:featuredmedia":[{"embeddable":true,"href":"https:\/\/www.evropskakuca.me\/me\/wp-json\/wp\/v2\/media\/46280"}],"wp:attachment":[{"href":"https:\/\/www.evropskakuca.me\/me\/wp-json\/wp\/v2\/media?parent=46279"}],"wp:term":[{"taxonomy":"category","embeddable":true,"href":"https:\/\/www.evropskakuca.me\/me\/wp-json\/wp\/v2\/categories?post=46279"},{"taxonomy":"post_tag","embeddable":true,"href":"https:\/\/www.evropskakuca.me\/me\/wp-json\/wp\/v2\/tags?post=46279"}],"curies":[{"name":"wp","href":"https:\/\/api.w.org\/{rel}","templated":true}]}}