{"id":46181,"date":"2025-10-23T09:44:59","date_gmt":"2025-10-23T09:44:59","guid":{"rendered":"https:\/\/www.evropskakuca.me\/interview-with-lgbtiq-persons-in-the-creative-industries\/"},"modified":"2025-10-23T10:17:48","modified_gmt":"2025-10-23T10:17:48","slug":"interview-with-lgbtiq-persons-in-the-creative-industries","status":"publish","type":"post","link":"https:\/\/www.evropskakuca.me\/me\/interview-with-lgbtiq-persons-in-the-creative-industries\/","title":{"rendered":"Intervju sa LGBTIQ+ osobama u kreativnim industrijama"},"content":{"rendered":"\n<p>U skladu sa ovogodi\u0161njom globalnom IDAHOT temom <em>\u201eSnaga zajednica\u201c<\/em>, Evropska ku\u0107a je pripremila intervju sa grafi\u010dkim dizajnerom i fotografom <strong>Ivanom Velimirovi\u0107em Inovijem<\/strong>.<\/p>\n\n\n\n<p><strong>1. Kako na tebe uti\u010de slogan \u201eKreativnost nas zajedno osna\u017euje\u201c?<\/strong><\/p>\n\n\n\n<p>Moj rad mo\u017eda najbolje opisuje slogan <em>\u201eKreativnost nas zajedno osna\u017euje\u201c<\/em>. Koriste\u0107i fotografiju poku\u0161avam da pove\u017eem ljude koji osje\u0107aju, misle ili prolaze kroz sli\u010dne stvari kao i ja. \u017delim da moje fotografije podsjete ljude da nisu sami na ovom svijetu \u2014 da svi dijelimo emocije, misli i iskustva, samo na razli\u010dite na\u010dine. Vjerujem da nam kreativnost poma\u017ee da vidimo nevidljive veze me\u0111u ljudima i da postanemo otvoreniji i ljubazniji jedni prema drugima.<\/p>\n\n\n\n<figure class=\"wp-block-image size-large\"><img decoding=\"async\" src=\"https:\/\/www.evropskakuca.me\/wp-content\/uploads\/2025\/10\/Objava_Post-1-scaled-e1761212601282-1024x825.jpg\" alt=\"\" class=\"wp-image-46177\"\/><\/figure>\n\n\n\n<p><strong>2. Mo\u017ee li kreativnost pomo\u0107i u oblikovanju svijeta u kojem se svako osje\u0107a prihva\u0107eno i cijenjeno, bez obzira na porijeklo ili identitet?<\/strong><\/p>\n\n\n\n<p>Ako mislimo da sama kreativnost mo\u017ee promijeniti svijet, onda bih rekao da ne. Da bismo ostvarili pravu promjenu, potrebno nam je vi\u0161e od kreativnosti \u2014 potrebni su nam hrabrost, samoprihvatanje i ljubaznost. Moramo biti dovoljno hrabri da budemo ono \u0161to jesmo i da razumijemo druge. Kreativnost mo\u017ee da inspiri\u0161e i otvori umove, ali pravi napredak dolazi i kroz trud, razmi\u0161ljanje i ljubav \u2014 kako prema sebi, tako i prema ljudima oko nas.<\/p>\n\n\n\n<p><strong>3. Kako vidi\u0161 doprinos svog kreativnog rada kada je rije\u010d o politi\u010dkim i dru\u0161tvenim promjenama?<\/strong><\/p>\n\n\n\n<p>Vjerujem da moj kreativni rad mo\u017ee doprinijeti dru\u0161tvenim i politi\u010dkim promjenama tiho ali zna\u010dajan na\u010din. Kada je rije\u010d o politi\u010dkom aspektu, mislim da kreativnost mo\u017ee podr\u017eati borbu za ljudska prava tako \u0161to \u0107e prikazati stvarne pri\u010de i emocije, umjesto oslanjanja samo na rije\u010di ili slogane. Umjetnost mo\u017ee natjerati ljude da osjete i shvate stvari na dublji na\u010din.<\/p>\n\n\n\n<p>Na dru\u0161tvenom nivou, najve\u0107i uticaj vidim kroz doga\u0111aje i izlo\u017ebe. Iako danas uglavnom \u017eivimo online, ne\u0161to sna\u017eno se dogodi kada se ljudi okupe u istom prostoru da vide fotografiju, sliku ili performans. Tada dijele sli\u010dna razmi\u0161ljanja i osje\u0107anja, i \u010desto upoznaju osobu koja stoji iza rada. U tim trenucima ra\u0111a se prava povezanost i inspiracija \u2014 a to je, po meni, ve\u0107 mali korak ka promjeni.<\/p>\n","protected":false},"excerpt":{"rendered":"<p>U skladu sa ovogodi\u0161njom globalnom IDAHOT temom \u201eSnaga zajednica\u201c, Evropska ku\u0107a je pripremila intervju sa grafi\u010dkim dizajnerom i fotografom Ivanom Velimirovi\u0107em Inovijem. 1. Kako na tebe uti\u010de slogan \u201eKreativnost nas zajedno osna\u017euje\u201c? Moj rad mo\u017eda najbolje opisuje slogan \u201eKreativnost nas zajedno osna\u017euje\u201c. Koriste\u0107i fotografiju poku\u0161avam da pove\u017eem ljude koji osje\u0107aju, misle ili prolaze kroz sli\u010dne [&hellip;]<\/p>\n","protected":false},"author":3,"featured_media":46178,"comment_status":"closed","ping_status":"closed","sticky":false,"template":"","format":"standard","meta":{"_acf_changed":false,"footnotes":""},"categories":[283,524],"tags":[],"class_list":["post-46181","post","type-post","status-publish","format-standard","has-post-thumbnail","hentry","category-novosti-me","category-vesti"],"acf":[],"yoast_head":"<!-- This site is optimized with the Yoast SEO plugin v27.3 - https:\/\/yoast.com\/product\/yoast-seo-wordpress\/ -->\n<title>Intervju sa LGBTIQ+ osobama u kreativnim industrijama - Europe House<\/title>\n<meta name=\"robots\" content=\"index, follow, max-snippet:-1, max-image-preview:large, max-video-preview:-1\" \/>\n<link rel=\"canonical\" href=\"https:\/\/www.evropskakuca.me\/me\/interview-with-lgbtiq-persons-in-the-creative-industries\/\" \/>\n<meta property=\"og:locale\" content=\"en_US\" \/>\n<meta property=\"og:type\" content=\"article\" \/>\n<meta property=\"og:title\" content=\"Intervju sa LGBTIQ+ osobama u kreativnim industrijama - Europe House\" \/>\n<meta property=\"og:description\" content=\"U skladu sa ovogodi\u0161njom globalnom IDAHOT temom \u201eSnaga zajednica\u201c, Evropska ku\u0107a je pripremila intervju sa grafi\u010dkim dizajnerom i fotografom Ivanom Velimirovi\u0107em Inovijem. 1. Kako na tebe uti\u010de slogan \u201eKreativnost nas zajedno osna\u017euje\u201c? Moj rad mo\u017eda najbolje opisuje slogan \u201eKreativnost nas zajedno osna\u017euje\u201c. Koriste\u0107i fotografiju poku\u0161avam da pove\u017eem ljude koji osje\u0107aju, misle ili prolaze kroz sli\u010dne [&hellip;]\" \/>\n<meta property=\"og:url\" content=\"https:\/\/www.evropskakuca.me\/me\/interview-with-lgbtiq-persons-in-the-creative-industries\/\" \/>\n<meta property=\"og:site_name\" content=\"Europe House\" \/>\n<meta property=\"article:publisher\" content=\"https:\/\/www.facebook.com\/evropska.kuca\" \/>\n<meta property=\"article:published_time\" content=\"2025-10-23T09:44:59+00:00\" \/>\n<meta property=\"article:modified_time\" content=\"2025-10-23T10:17:48+00:00\" \/>\n<meta property=\"og:image\" content=\"https:\/\/www.evropskakuca.me\/wp-content\/uploads\/2025\/10\/Objava_Post-1-scaled-e1761212767513.jpg\" \/>\n\t<meta property=\"og:image:width\" content=\"2048\" \/>\n\t<meta property=\"og:image:height\" content=\"2560\" \/>\n\t<meta property=\"og:image:type\" content=\"image\/jpeg\" \/>\n<meta name=\"author\" content=\"Aleksandar Vukovic\" \/>\n<meta name=\"twitter:card\" content=\"summary_large_image\" \/>\n<meta name=\"twitter:creator\" content=\"@evropska_kuca\" \/>\n<meta name=\"twitter:site\" content=\"@evropska_kuca\" \/>\n<meta name=\"twitter:label1\" content=\"Written by\" \/>\n\t<meta name=\"twitter:data1\" content=\"Aleksandar Vukovic\" \/>\n\t<meta name=\"twitter:label2\" content=\"Est. reading time\" \/>\n\t<meta name=\"twitter:data2\" content=\"2 minutes\" \/>\n<script type=\"application\/ld+json\" class=\"yoast-schema-graph\">{\"@context\":\"https:\\\/\\\/schema.org\",\"@graph\":[{\"@type\":\"Article\",\"@id\":\"https:\\\/\\\/www.evropskakuca.me\\\/me\\\/interview-with-lgbtiq-persons-in-the-creative-industries\\\/#article\",\"isPartOf\":{\"@id\":\"https:\\\/\\\/www.evropskakuca.me\\\/me\\\/interview-with-lgbtiq-persons-in-the-creative-industries\\\/\"},\"author\":{\"name\":\"Aleksandar Vukovic\",\"@id\":\"https:\\\/\\\/www.evropskakuca.me\\\/me\\\/#\\\/schema\\\/person\\\/7e16527119c7b67f457996b970f2bd6e\"},\"headline\":\"Intervju sa LGBTIQ+ osobama u kreativnim industrijama\",\"datePublished\":\"2025-10-23T09:44:59+00:00\",\"dateModified\":\"2025-10-23T10:17:48+00:00\",\"mainEntityOfPage\":{\"@id\":\"https:\\\/\\\/www.evropskakuca.me\\\/me\\\/interview-with-lgbtiq-persons-in-the-creative-industries\\\/\"},\"wordCount\":385,\"publisher\":{\"@id\":\"https:\\\/\\\/www.evropskakuca.me\\\/me\\\/#organization\"},\"image\":{\"@id\":\"https:\\\/\\\/www.evropskakuca.me\\\/me\\\/interview-with-lgbtiq-persons-in-the-creative-industries\\\/#primaryimage\"},\"thumbnailUrl\":\"https:\\\/\\\/www.evropskakuca.me\\\/wp-content\\\/uploads\\\/2025\\\/10\\\/Objava_Post-1-scaled-e1761212767513.jpg\",\"articleSection\":[\"Novosti\",\"Vesti\"],\"inLanguage\":\"me-ME\"},{\"@type\":\"WebPage\",\"@id\":\"https:\\\/\\\/www.evropskakuca.me\\\/me\\\/interview-with-lgbtiq-persons-in-the-creative-industries\\\/\",\"url\":\"https:\\\/\\\/www.evropskakuca.me\\\/me\\\/interview-with-lgbtiq-persons-in-the-creative-industries\\\/\",\"name\":\"Intervju sa LGBTIQ+ osobama u kreativnim industrijama - Europe House\",\"isPartOf\":{\"@id\":\"https:\\\/\\\/www.evropskakuca.me\\\/me\\\/#website\"},\"primaryImageOfPage\":{\"@id\":\"https:\\\/\\\/www.evropskakuca.me\\\/me\\\/interview-with-lgbtiq-persons-in-the-creative-industries\\\/#primaryimage\"},\"image\":{\"@id\":\"https:\\\/\\\/www.evropskakuca.me\\\/me\\\/interview-with-lgbtiq-persons-in-the-creative-industries\\\/#primaryimage\"},\"thumbnailUrl\":\"https:\\\/\\\/www.evropskakuca.me\\\/wp-content\\\/uploads\\\/2025\\\/10\\\/Objava_Post-1-scaled-e1761212767513.jpg\",\"datePublished\":\"2025-10-23T09:44:59+00:00\",\"dateModified\":\"2025-10-23T10:17:48+00:00\",\"breadcrumb\":{\"@id\":\"https:\\\/\\\/www.evropskakuca.me\\\/me\\\/interview-with-lgbtiq-persons-in-the-creative-industries\\\/#breadcrumb\"},\"inLanguage\":\"me-ME\",\"potentialAction\":[{\"@type\":\"ReadAction\",\"target\":[\"https:\\\/\\\/www.evropskakuca.me\\\/me\\\/interview-with-lgbtiq-persons-in-the-creative-industries\\\/\"]}]},{\"@type\":\"ImageObject\",\"inLanguage\":\"me-ME\",\"@id\":\"https:\\\/\\\/www.evropskakuca.me\\\/me\\\/interview-with-lgbtiq-persons-in-the-creative-industries\\\/#primaryimage\",\"url\":\"https:\\\/\\\/www.evropskakuca.me\\\/wp-content\\\/uploads\\\/2025\\\/10\\\/Objava_Post-1-scaled-e1761212767513.jpg\",\"contentUrl\":\"https:\\\/\\\/www.evropskakuca.me\\\/wp-content\\\/uploads\\\/2025\\\/10\\\/Objava_Post-1-scaled-e1761212767513.jpg\",\"width\":2048,\"height\":2560},{\"@type\":\"BreadcrumbList\",\"@id\":\"https:\\\/\\\/www.evropskakuca.me\\\/me\\\/interview-with-lgbtiq-persons-in-the-creative-industries\\\/#breadcrumb\",\"itemListElement\":[{\"@type\":\"ListItem\",\"position\":1,\"name\":\"Home\",\"item\":\"https:\\\/\\\/www.evropskakuca.me\\\/me\\\/\"},{\"@type\":\"ListItem\",\"position\":2,\"name\":\"Intervju sa LGBTIQ+ osobama u kreativnim industrijama\"}]},{\"@type\":\"WebSite\",\"@id\":\"https:\\\/\\\/www.evropskakuca.me\\\/me\\\/#website\",\"url\":\"https:\\\/\\\/www.evropskakuca.me\\\/me\\\/\",\"name\":\"Evropean house\",\"description\":\"\",\"publisher\":{\"@id\":\"https:\\\/\\\/www.evropskakuca.me\\\/me\\\/#organization\"},\"potentialAction\":[{\"@type\":\"SearchAction\",\"target\":{\"@type\":\"EntryPoint\",\"urlTemplate\":\"https:\\\/\\\/www.evropskakuca.me\\\/me\\\/?s={search_term_string}\"},\"query-input\":{\"@type\":\"PropertyValueSpecification\",\"valueRequired\":true,\"valueName\":\"search_term_string\"}}],\"inLanguage\":\"me-ME\"},{\"@type\":\"Organization\",\"@id\":\"https:\\\/\\\/www.evropskakuca.me\\\/me\\\/#organization\",\"name\":\"Evropean house\",\"url\":\"https:\\\/\\\/www.evropskakuca.me\\\/me\\\/\",\"logo\":{\"@type\":\"ImageObject\",\"inLanguage\":\"me-ME\",\"@id\":\"https:\\\/\\\/www.evropskakuca.me\\\/me\\\/#\\\/schema\\\/logo\\\/image\\\/\",\"url\":\"https:\\\/\\\/www.evropskakuca.me\\\/wp-content\\\/uploads\\\/2025\\\/01\\\/evropska-kuca-logo-1.png\",\"contentUrl\":\"https:\\\/\\\/www.evropskakuca.me\\\/wp-content\\\/uploads\\\/2025\\\/01\\\/evropska-kuca-logo-1.png\",\"width\":425,\"height\":312,\"caption\":\"Evropean house\"},\"image\":{\"@id\":\"https:\\\/\\\/www.evropskakuca.me\\\/me\\\/#\\\/schema\\\/logo\\\/image\\\/\"},\"sameAs\":[\"https:\\\/\\\/www.facebook.com\\\/evropska.kuca\",\"https:\\\/\\\/x.com\\\/evropska_kuca\",\"https:\\\/\\\/www.instagram.com\\\/evropska_kuca\"]},{\"@type\":\"Person\",\"@id\":\"https:\\\/\\\/www.evropskakuca.me\\\/me\\\/#\\\/schema\\\/person\\\/7e16527119c7b67f457996b970f2bd6e\",\"name\":\"Aleksandar Vukovic\",\"image\":{\"@type\":\"ImageObject\",\"inLanguage\":\"me-ME\",\"@id\":\"https:\\\/\\\/secure.gravatar.com\\\/avatar\\\/a1834e0104b0242a886079bde835ba36d80c70f9987a11f3ba33eb9e8d74cc15?s=96&d=mm&r=g\",\"url\":\"https:\\\/\\\/secure.gravatar.com\\\/avatar\\\/a1834e0104b0242a886079bde835ba36d80c70f9987a11f3ba33eb9e8d74cc15?s=96&d=mm&r=g\",\"contentUrl\":\"https:\\\/\\\/secure.gravatar.com\\\/avatar\\\/a1834e0104b0242a886079bde835ba36d80c70f9987a11f3ba33eb9e8d74cc15?s=96&d=mm&r=g\",\"caption\":\"Aleksandar Vukovic\"},\"url\":\"https:\\\/\\\/www.evropskakuca.me\\\/me\\\/author\\\/aleksandar\\\/\"}]}<\/script>\n<!-- \/ Yoast SEO plugin. -->","yoast_head_json":{"title":"Intervju sa LGBTIQ+ osobama u kreativnim industrijama - Europe House","robots":{"index":"index","follow":"follow","max-snippet":"max-snippet:-1","max-image-preview":"max-image-preview:large","max-video-preview":"max-video-preview:-1"},"canonical":"https:\/\/www.evropskakuca.me\/me\/interview-with-lgbtiq-persons-in-the-creative-industries\/","og_locale":"en_US","og_type":"article","og_title":"Intervju sa LGBTIQ+ osobama u kreativnim industrijama - Europe House","og_description":"U skladu sa ovogodi\u0161njom globalnom IDAHOT temom \u201eSnaga zajednica\u201c, Evropska ku\u0107a je pripremila intervju sa grafi\u010dkim dizajnerom i fotografom Ivanom Velimirovi\u0107em Inovijem. 1. Kako na tebe uti\u010de slogan \u201eKreativnost nas zajedno osna\u017euje\u201c? Moj rad mo\u017eda najbolje opisuje slogan \u201eKreativnost nas zajedno osna\u017euje\u201c. Koriste\u0107i fotografiju poku\u0161avam da pove\u017eem ljude koji osje\u0107aju, misle ili prolaze kroz sli\u010dne [&hellip;]","og_url":"https:\/\/www.evropskakuca.me\/me\/interview-with-lgbtiq-persons-in-the-creative-industries\/","og_site_name":"Europe House","article_publisher":"https:\/\/www.facebook.com\/evropska.kuca","article_published_time":"2025-10-23T09:44:59+00:00","article_modified_time":"2025-10-23T10:17:48+00:00","og_image":[{"width":2048,"height":2560,"url":"https:\/\/www.evropskakuca.me\/wp-content\/uploads\/2025\/10\/Objava_Post-1-scaled-e1761212767513.jpg","type":"image\/jpeg"}],"author":"Aleksandar Vukovic","twitter_card":"summary_large_image","twitter_creator":"@evropska_kuca","twitter_site":"@evropska_kuca","twitter_misc":{"Written by":"Aleksandar Vukovic","Est. reading time":"2 minutes"},"schema":{"@context":"https:\/\/schema.org","@graph":[{"@type":"Article","@id":"https:\/\/www.evropskakuca.me\/me\/interview-with-lgbtiq-persons-in-the-creative-industries\/#article","isPartOf":{"@id":"https:\/\/www.evropskakuca.me\/me\/interview-with-lgbtiq-persons-in-the-creative-industries\/"},"author":{"name":"Aleksandar Vukovic","@id":"https:\/\/www.evropskakuca.me\/me\/#\/schema\/person\/7e16527119c7b67f457996b970f2bd6e"},"headline":"Intervju sa LGBTIQ+ osobama u kreativnim industrijama","datePublished":"2025-10-23T09:44:59+00:00","dateModified":"2025-10-23T10:17:48+00:00","mainEntityOfPage":{"@id":"https:\/\/www.evropskakuca.me\/me\/interview-with-lgbtiq-persons-in-the-creative-industries\/"},"wordCount":385,"publisher":{"@id":"https:\/\/www.evropskakuca.me\/me\/#organization"},"image":{"@id":"https:\/\/www.evropskakuca.me\/me\/interview-with-lgbtiq-persons-in-the-creative-industries\/#primaryimage"},"thumbnailUrl":"https:\/\/www.evropskakuca.me\/wp-content\/uploads\/2025\/10\/Objava_Post-1-scaled-e1761212767513.jpg","articleSection":["Novosti","Vesti"],"inLanguage":"me-ME"},{"@type":"WebPage","@id":"https:\/\/www.evropskakuca.me\/me\/interview-with-lgbtiq-persons-in-the-creative-industries\/","url":"https:\/\/www.evropskakuca.me\/me\/interview-with-lgbtiq-persons-in-the-creative-industries\/","name":"Intervju sa LGBTIQ+ osobama u kreativnim industrijama - Europe House","isPartOf":{"@id":"https:\/\/www.evropskakuca.me\/me\/#website"},"primaryImageOfPage":{"@id":"https:\/\/www.evropskakuca.me\/me\/interview-with-lgbtiq-persons-in-the-creative-industries\/#primaryimage"},"image":{"@id":"https:\/\/www.evropskakuca.me\/me\/interview-with-lgbtiq-persons-in-the-creative-industries\/#primaryimage"},"thumbnailUrl":"https:\/\/www.evropskakuca.me\/wp-content\/uploads\/2025\/10\/Objava_Post-1-scaled-e1761212767513.jpg","datePublished":"2025-10-23T09:44:59+00:00","dateModified":"2025-10-23T10:17:48+00:00","breadcrumb":{"@id":"https:\/\/www.evropskakuca.me\/me\/interview-with-lgbtiq-persons-in-the-creative-industries\/#breadcrumb"},"inLanguage":"me-ME","potentialAction":[{"@type":"ReadAction","target":["https:\/\/www.evropskakuca.me\/me\/interview-with-lgbtiq-persons-in-the-creative-industries\/"]}]},{"@type":"ImageObject","inLanguage":"me-ME","@id":"https:\/\/www.evropskakuca.me\/me\/interview-with-lgbtiq-persons-in-the-creative-industries\/#primaryimage","url":"https:\/\/www.evropskakuca.me\/wp-content\/uploads\/2025\/10\/Objava_Post-1-scaled-e1761212767513.jpg","contentUrl":"https:\/\/www.evropskakuca.me\/wp-content\/uploads\/2025\/10\/Objava_Post-1-scaled-e1761212767513.jpg","width":2048,"height":2560},{"@type":"BreadcrumbList","@id":"https:\/\/www.evropskakuca.me\/me\/interview-with-lgbtiq-persons-in-the-creative-industries\/#breadcrumb","itemListElement":[{"@type":"ListItem","position":1,"name":"Home","item":"https:\/\/www.evropskakuca.me\/me\/"},{"@type":"ListItem","position":2,"name":"Intervju sa LGBTIQ+ osobama u kreativnim industrijama"}]},{"@type":"WebSite","@id":"https:\/\/www.evropskakuca.me\/me\/#website","url":"https:\/\/www.evropskakuca.me\/me\/","name":"Evropean house","description":"","publisher":{"@id":"https:\/\/www.evropskakuca.me\/me\/#organization"},"potentialAction":[{"@type":"SearchAction","target":{"@type":"EntryPoint","urlTemplate":"https:\/\/www.evropskakuca.me\/me\/?s={search_term_string}"},"query-input":{"@type":"PropertyValueSpecification","valueRequired":true,"valueName":"search_term_string"}}],"inLanguage":"me-ME"},{"@type":"Organization","@id":"https:\/\/www.evropskakuca.me\/me\/#organization","name":"Evropean house","url":"https:\/\/www.evropskakuca.me\/me\/","logo":{"@type":"ImageObject","inLanguage":"me-ME","@id":"https:\/\/www.evropskakuca.me\/me\/#\/schema\/logo\/image\/","url":"https:\/\/www.evropskakuca.me\/wp-content\/uploads\/2025\/01\/evropska-kuca-logo-1.png","contentUrl":"https:\/\/www.evropskakuca.me\/wp-content\/uploads\/2025\/01\/evropska-kuca-logo-1.png","width":425,"height":312,"caption":"Evropean house"},"image":{"@id":"https:\/\/www.evropskakuca.me\/me\/#\/schema\/logo\/image\/"},"sameAs":["https:\/\/www.facebook.com\/evropska.kuca","https:\/\/x.com\/evropska_kuca","https:\/\/www.instagram.com\/evropska_kuca"]},{"@type":"Person","@id":"https:\/\/www.evropskakuca.me\/me\/#\/schema\/person\/7e16527119c7b67f457996b970f2bd6e","name":"Aleksandar Vukovic","image":{"@type":"ImageObject","inLanguage":"me-ME","@id":"https:\/\/secure.gravatar.com\/avatar\/a1834e0104b0242a886079bde835ba36d80c70f9987a11f3ba33eb9e8d74cc15?s=96&d=mm&r=g","url":"https:\/\/secure.gravatar.com\/avatar\/a1834e0104b0242a886079bde835ba36d80c70f9987a11f3ba33eb9e8d74cc15?s=96&d=mm&r=g","contentUrl":"https:\/\/secure.gravatar.com\/avatar\/a1834e0104b0242a886079bde835ba36d80c70f9987a11f3ba33eb9e8d74cc15?s=96&d=mm&r=g","caption":"Aleksandar Vukovic"},"url":"https:\/\/www.evropskakuca.me\/me\/author\/aleksandar\/"}]}},"_links":{"self":[{"href":"https:\/\/www.evropskakuca.me\/me\/wp-json\/wp\/v2\/posts\/46181","targetHints":{"allow":["GET"]}}],"collection":[{"href":"https:\/\/www.evropskakuca.me\/me\/wp-json\/wp\/v2\/posts"}],"about":[{"href":"https:\/\/www.evropskakuca.me\/me\/wp-json\/wp\/v2\/types\/post"}],"author":[{"embeddable":true,"href":"https:\/\/www.evropskakuca.me\/me\/wp-json\/wp\/v2\/users\/3"}],"replies":[{"embeddable":true,"href":"https:\/\/www.evropskakuca.me\/me\/wp-json\/wp\/v2\/comments?post=46181"}],"version-history":[{"count":1,"href":"https:\/\/www.evropskakuca.me\/me\/wp-json\/wp\/v2\/posts\/46181\/revisions"}],"predecessor-version":[{"id":46183,"href":"https:\/\/www.evropskakuca.me\/me\/wp-json\/wp\/v2\/posts\/46181\/revisions\/46183"}],"wp:featuredmedia":[{"embeddable":true,"href":"https:\/\/www.evropskakuca.me\/me\/wp-json\/wp\/v2\/media\/46178"}],"wp:attachment":[{"href":"https:\/\/www.evropskakuca.me\/me\/wp-json\/wp\/v2\/media?parent=46181"}],"wp:term":[{"taxonomy":"category","embeddable":true,"href":"https:\/\/www.evropskakuca.me\/me\/wp-json\/wp\/v2\/categories?post=46181"},{"taxonomy":"post_tag","embeddable":true,"href":"https:\/\/www.evropskakuca.me\/me\/wp-json\/wp\/v2\/tags?post=46181"}],"curies":[{"name":"wp","href":"https:\/\/api.w.org\/{rel}","templated":true}]}}