{"id":46159,"date":"2025-10-22T12:49:21","date_gmt":"2025-10-22T12:49:21","guid":{"rendered":"https:\/\/www.evropskakuca.me\/urbact-pomaze-opstinama-da-budu-pokretaci-promjena\/"},"modified":"2025-10-22T13:31:47","modified_gmt":"2025-10-22T13:31:47","slug":"urbact-pomaze-opstinama-da-budu-pokretaci-promjena","status":"publish","type":"post","link":"https:\/\/www.evropskakuca.me\/me\/urbact-pomaze-opstinama-da-budu-pokretaci-promjena\/","title":{"rendered":"URBACT poma\u017ee op\u0161tinama da budu pokreta\u010di promjena"},"content":{"rendered":"\n<p>Lokalne samouprave su klju\u010dni akteri u procesu pristupanja Evropskoj uniji, zbog \u010dega je va\u017eno da razvijaju svoje kapacitete za kori\u0161\u0107enje evropskih sredstava i ja\u010daju institucionalne, finansijske i ljudske resurse kako bi uspje\u0161no sprovodile evropske standarde i politike. To je poru\u010deno sa konferencije \u201eURBACT i op\u0161tine: zajedno preko granica\u201c, koja je odr\u017eana u Nik\u0161i\u0107u u organizaciji Ministarstva evropskih poslova.<\/p>\n\n\n\n<p>Konferencija je okupila predstavnike op\u0161tina i drugih lokalnih aktera iz cijele Crne Gore, s ciljem ja\u010danja saradnje i razmjene iskustava, sa posebnim fokusom na ulogu i doprinos lokalnih samouprava u programu me\u0111uregionalne saradnje URBACT.<\/p>\n\n\n\n<p>\u201eURBACT je jedinstveni program Evropske unije namijenjen isklju\u010divo lokalnom nivou. Ve\u0107 vi\u0161e od dvije decenije, ovaj program podsti\u010de promjene u gradovima \u0161irom Evrope, otvaraju\u0107i put za integrisani i odr\u017eivi urbani razvoj, sa posebnim naglaskom na digitalnu transformaciju, zelenu tranziciju i rodnu ravnopravnost. On poma\u017ee op\u0161tinama da postanu pokreta\u010di promjena \u2013 kroz zajedni\u010dke projekte, umre\u017eavanje i razmjenu dobrih praksi\u201c, istakla je Jasna Bulatovi\u0107, na\u010delnica Direkcije za interregionalne programe u Ministarstvu evropskih poslova Crne Gore, otvaraju\u0107i doga\u0111aj.<\/p>\n\n\n\n<figure class=\"wp-block-image size-large\"><img fetchpriority=\"high\" decoding=\"async\" width=\"1024\" height=\"930\" src=\"https:\/\/www.evropskakuca.me\/wp-content\/uploads\/2025\/10\/sksa-1024x930.jpeg\" alt=\"\" class=\"wp-image-46153\" srcset=\"https:\/\/www.evropskakuca.me\/wp-content\/uploads\/2025\/10\/sksa-1024x930.jpeg 1024w, https:\/\/www.evropskakuca.me\/wp-content\/uploads\/2025\/10\/sksa-300x272.jpeg 300w, https:\/\/www.evropskakuca.me\/wp-content\/uploads\/2025\/10\/sksa-768x697.jpeg 768w, https:\/\/www.evropskakuca.me\/wp-content\/uploads\/2025\/10\/sksa-1536x1395.jpeg 1536w, https:\/\/www.evropskakuca.me\/wp-content\/uploads\/2025\/10\/sksa-2048x1860.jpeg 2048w\" sizes=\"(max-width: 1024px) 100vw, 1024px\" \/><\/figure>\n\n\n\n<p>Kako je naglasila, uklju\u010divanje gra\u0111ana u dono\u0161enje odluka predstavlja temelj odr\u017eivih lokalnih politika, \u0161to je i jedan od osnovnih postulata program URBACT.<\/p>\n\n\n\n<p>\u201eLokalne uprave zato imaju presudnu ulogu u informisanju, edukaciji i podsticanju aktivnog u\u010de\u0161\u0107a gra\u0111ana u procesima koji doprinose kvalitetu \u017eivota. Time se ja\u010da legitimitet odluka, povjerenje gra\u0111ana u institucije i dobro upravljanje\u201c, dodala je Bulatovi\u0107.<\/p>\n\n\n\n<p>Trenutno osam crnogorskih op\u0161tina u\u010destvuje u deset mre\u017ea ovog programa saradnje, \u010dime su ostvarile pravo na oko 670.000 eura bespovratnih sredstava Evropske unije.<\/p>\n\n\n\n<p>Milorad Ze\u010devi\u0107, sekretar Sekretarijata za komunalne poslove i saobra\u0107aj Op\u0161tine Nik\u0161i\u0107, kazao je da zahvaljuju\u0107i podr\u0161ci Evropske unije zaposleni u ovoj op\u0161tini imaju priliku da u\u010de od evropskih gradova koji uspje\u0161no integri\u0161u principe odr\u017eivosti u svakodnevne politike i da ta znanja primijene u lokalnom kontekstu Nik\u0161i\u0107a.<\/p>\n\n\n\n<p>\u201eOvo je va\u017ean trenutak za nas, jer potvr\u0111uje da se Nik\u0161i\u0107 aktivno uklju\u010duje u evropske tokove urbanog odr\u017eivog razvoja, kroz zajedni\u010dko u\u010denje, razmjenu iskustava i konkretne akcije koje doprinose kvalitetnijem i zelenijem \u017eivotu u na\u0161em gradu. S druge strane, vidimo da kreiranjem posebnih programa i inicijativa Evropska unija prepoznaje va\u017enost podr\u0161ke lokalnim samoupravama. Nik\u0161i\u0107 je prepoznao priliku i sa entuzijazmom se priklju\u010dio programu URBACT\u201c, poru\u010dio je Ze\u0107evi\u0107.<\/p>\n\n\n\n<figure class=\"wp-block-image size-large\"><img decoding=\"async\" width=\"1024\" height=\"683\" src=\"https:\/\/www.evropskakuca.me\/wp-content\/uploads\/2025\/10\/image00028-1024x683.jpeg\" alt=\"\" class=\"wp-image-46155\" srcset=\"https:\/\/www.evropskakuca.me\/wp-content\/uploads\/2025\/10\/image00028-1024x683.jpeg 1024w, https:\/\/www.evropskakuca.me\/wp-content\/uploads\/2025\/10\/image00028-300x200.jpeg 300w, https:\/\/www.evropskakuca.me\/wp-content\/uploads\/2025\/10\/image00028-768x512.jpeg 768w, https:\/\/www.evropskakuca.me\/wp-content\/uploads\/2025\/10\/image00028-1536x1024.jpeg 1536w, https:\/\/www.evropskakuca.me\/wp-content\/uploads\/2025\/10\/image00028-2048x1365.jpeg 2048w\" sizes=\"(max-width: 1024px) 100vw, 1024px\" \/><\/figure>\n\n\n\n<p>U okviru konferencije odr\u017eana je i panel diskusija na temu evropskih fondova kao podr\u0161ke lokalnom razvoju, tokom koje su predstavnice Ministarstva evropskih poslova, Zajednice op\u0161tina Crne Gore i Op\u0161tine Berane govorile o iskustvima, izazovima i mogu\u0107nostima kori\u0161\u0107enja evropskih sredstava u ja\u010danju odr\u017eivog lokalnog razvoja.<\/p>\n\n\n\n<p>Program URBACT IV 2021\u20132027 podr\u017eava razmjenu znanja i dobrih praksi me\u0111u gradovima s ciljem unapre\u0111enja urbanih politika i ja\u010danja efekata kohezione politike EU na lokalnom nivou. Klju\u010dni cilj Programa je podsticanje integrisanog i odr\u017eivog urbanog razvoja, kroz saradnju i u\u010denje izme\u0111u partnerskih gradova. Programsko podru\u010dje obuhvata 27 dr\u017eava \u010dlanica Evropske unije, Norve\u0161ku, \u0160vajcarsku, zemlje korisnice IPA \u2013 Albaniju, Bosnu i Hercegovinu, Crnu Goru, Sjevernu Makedoniju i Srbiju, kao i Moldaviju i Ukrajinu.<\/p>\n\n\n\n<p>Kada je rije\u010d o crnogorskim lokalnim samoupravama, u sprovo\u0111enju ovog programa u\u010destvuju op\u0161tine Berane, Bijelo Polje i Budva u okviru mre\u017ea za akciono planiranje, zatim mjesna zajednica Stara Varo\u0161 Op\u0161tine Nik\u0161i\u0107 u okviru mre\u017ee za prenos inovacija, dok u posebnom programu u\u010denja URBACT Pioneers Accelerator u\u010destvuju op\u0161tine Herceg Novi, Nik\u0161i\u0107 i Tivat. Dodatno, na nedavno odr\u017eanom sastanku Odbora za nadgledanje odobreni su projekti op\u0161tina Bijelo Polje, Kola\u0161in i Plav, koje \u0107e svoje iskustvo kroz program URBACT zapo\u010deti u okviru mre\u017ea za prenos dobrih praksi.<\/p>\n","protected":false},"excerpt":{"rendered":"<p>Lokalne samouprave su klju\u010dni akteri u procesu pristupanja Evropskoj uniji, zbog \u010dega je va\u017eno da razvijaju svoje kapacitete za kori\u0161\u0107enje evropskih sredstava i ja\u010daju institucionalne, finansijske i ljudske resurse kako bi uspje\u0161no sprovodile evropske standarde i politike. To je poru\u010deno sa konferencije \u201eURBACT i op\u0161tine: zajedno preko granica\u201c, koja je odr\u017eana u Nik\u0161i\u0107u u organizaciji [&hellip;]<\/p>\n","protected":false},"author":3,"featured_media":46152,"comment_status":"closed","ping_status":"closed","sticky":false,"template":"","format":"standard","meta":{"_acf_changed":false,"footnotes":""},"categories":[283,524],"tags":[],"class_list":["post-46159","post","type-post","status-publish","format-standard","has-post-thumbnail","hentry","category-novosti-me","category-vesti"],"acf":[],"yoast_head":"<!-- This site is optimized with the Yoast SEO plugin v27.3 - https:\/\/yoast.com\/product\/yoast-seo-wordpress\/ -->\n<title>URBACT poma\u017ee op\u0161tinama da budu pokreta\u010di promjena - Europe House<\/title>\n<meta name=\"robots\" content=\"index, follow, max-snippet:-1, max-image-preview:large, max-video-preview:-1\" \/>\n<link rel=\"canonical\" href=\"https:\/\/www.evropskakuca.me\/me\/urbact-pomaze-opstinama-da-budu-pokretaci-promjena\/\" \/>\n<meta property=\"og:locale\" content=\"en_US\" \/>\n<meta property=\"og:type\" content=\"article\" \/>\n<meta property=\"og:title\" content=\"URBACT poma\u017ee op\u0161tinama da budu pokreta\u010di promjena - Europe House\" \/>\n<meta property=\"og:description\" content=\"Lokalne samouprave su klju\u010dni akteri u procesu pristupanja Evropskoj uniji, zbog \u010dega je va\u017eno da razvijaju svoje kapacitete za kori\u0161\u0107enje evropskih sredstava i ja\u010daju institucionalne, finansijske i ljudske resurse kako bi uspje\u0161no sprovodile evropske standarde i politike. To je poru\u010deno sa konferencije \u201eURBACT i op\u0161tine: zajedno preko granica\u201c, koja je odr\u017eana u Nik\u0161i\u0107u u organizaciji [&hellip;]\" \/>\n<meta property=\"og:url\" content=\"https:\/\/www.evropskakuca.me\/me\/urbact-pomaze-opstinama-da-budu-pokretaci-promjena\/\" \/>\n<meta property=\"og:site_name\" content=\"Europe House\" \/>\n<meta property=\"article:publisher\" content=\"https:\/\/www.facebook.com\/evropska.kuca\" \/>\n<meta property=\"article:published_time\" content=\"2025-10-22T12:49:21+00:00\" \/>\n<meta property=\"article:modified_time\" content=\"2025-10-22T13:31:47+00:00\" \/>\n<meta property=\"og:image\" content=\"https:\/\/www.evropskakuca.me\/wp-content\/uploads\/2025\/10\/image00033-scaled-e1761139844128.jpeg\" \/>\n\t<meta property=\"og:image:width\" content=\"2560\" \/>\n\t<meta property=\"og:image:height\" content=\"1707\" \/>\n\t<meta property=\"og:image:type\" content=\"image\/jpeg\" \/>\n<meta name=\"author\" content=\"Aleksandar Vukovic\" \/>\n<meta name=\"twitter:card\" content=\"summary_large_image\" \/>\n<meta name=\"twitter:creator\" content=\"@evropska_kuca\" \/>\n<meta name=\"twitter:site\" content=\"@evropska_kuca\" \/>\n<meta name=\"twitter:label1\" content=\"Written by\" \/>\n\t<meta name=\"twitter:data1\" content=\"Aleksandar Vukovic\" \/>\n\t<meta name=\"twitter:label2\" content=\"Est. reading time\" \/>\n\t<meta name=\"twitter:data2\" content=\"4 minutes\" \/>\n<script type=\"application\/ld+json\" class=\"yoast-schema-graph\">{\"@context\":\"https:\\\/\\\/schema.org\",\"@graph\":[{\"@type\":\"Article\",\"@id\":\"https:\\\/\\\/www.evropskakuca.me\\\/me\\\/urbact-pomaze-opstinama-da-budu-pokretaci-promjena\\\/#article\",\"isPartOf\":{\"@id\":\"https:\\\/\\\/www.evropskakuca.me\\\/me\\\/urbact-pomaze-opstinama-da-budu-pokretaci-promjena\\\/\"},\"author\":{\"name\":\"Aleksandar Vukovic\",\"@id\":\"https:\\\/\\\/www.evropskakuca.me\\\/me\\\/#\\\/schema\\\/person\\\/7e16527119c7b67f457996b970f2bd6e\"},\"headline\":\"URBACT poma\u017ee op\u0161tinama da budu pokreta\u010di promjena\",\"datePublished\":\"2025-10-22T12:49:21+00:00\",\"dateModified\":\"2025-10-22T13:31:47+00:00\",\"mainEntityOfPage\":{\"@id\":\"https:\\\/\\\/www.evropskakuca.me\\\/me\\\/urbact-pomaze-opstinama-da-budu-pokretaci-promjena\\\/\"},\"wordCount\":665,\"publisher\":{\"@id\":\"https:\\\/\\\/www.evropskakuca.me\\\/me\\\/#organization\"},\"image\":{\"@id\":\"https:\\\/\\\/www.evropskakuca.me\\\/me\\\/urbact-pomaze-opstinama-da-budu-pokretaci-promjena\\\/#primaryimage\"},\"thumbnailUrl\":\"https:\\\/\\\/www.evropskakuca.me\\\/wp-content\\\/uploads\\\/2025\\\/10\\\/image00033-scaled-e1761139844128.jpeg\",\"articleSection\":[\"Novosti\",\"Vesti\"],\"inLanguage\":\"me-ME\"},{\"@type\":\"WebPage\",\"@id\":\"https:\\\/\\\/www.evropskakuca.me\\\/me\\\/urbact-pomaze-opstinama-da-budu-pokretaci-promjena\\\/\",\"url\":\"https:\\\/\\\/www.evropskakuca.me\\\/me\\\/urbact-pomaze-opstinama-da-budu-pokretaci-promjena\\\/\",\"name\":\"URBACT poma\u017ee op\u0161tinama da budu pokreta\u010di promjena - Europe House\",\"isPartOf\":{\"@id\":\"https:\\\/\\\/www.evropskakuca.me\\\/me\\\/#website\"},\"primaryImageOfPage\":{\"@id\":\"https:\\\/\\\/www.evropskakuca.me\\\/me\\\/urbact-pomaze-opstinama-da-budu-pokretaci-promjena\\\/#primaryimage\"},\"image\":{\"@id\":\"https:\\\/\\\/www.evropskakuca.me\\\/me\\\/urbact-pomaze-opstinama-da-budu-pokretaci-promjena\\\/#primaryimage\"},\"thumbnailUrl\":\"https:\\\/\\\/www.evropskakuca.me\\\/wp-content\\\/uploads\\\/2025\\\/10\\\/image00033-scaled-e1761139844128.jpeg\",\"datePublished\":\"2025-10-22T12:49:21+00:00\",\"dateModified\":\"2025-10-22T13:31:47+00:00\",\"breadcrumb\":{\"@id\":\"https:\\\/\\\/www.evropskakuca.me\\\/me\\\/urbact-pomaze-opstinama-da-budu-pokretaci-promjena\\\/#breadcrumb\"},\"inLanguage\":\"me-ME\",\"potentialAction\":[{\"@type\":\"ReadAction\",\"target\":[\"https:\\\/\\\/www.evropskakuca.me\\\/me\\\/urbact-pomaze-opstinama-da-budu-pokretaci-promjena\\\/\"]}]},{\"@type\":\"ImageObject\",\"inLanguage\":\"me-ME\",\"@id\":\"https:\\\/\\\/www.evropskakuca.me\\\/me\\\/urbact-pomaze-opstinama-da-budu-pokretaci-promjena\\\/#primaryimage\",\"url\":\"https:\\\/\\\/www.evropskakuca.me\\\/wp-content\\\/uploads\\\/2025\\\/10\\\/image00033-scaled-e1761139844128.jpeg\",\"contentUrl\":\"https:\\\/\\\/www.evropskakuca.me\\\/wp-content\\\/uploads\\\/2025\\\/10\\\/image00033-scaled-e1761139844128.jpeg\",\"width\":2560,\"height\":1707},{\"@type\":\"BreadcrumbList\",\"@id\":\"https:\\\/\\\/www.evropskakuca.me\\\/me\\\/urbact-pomaze-opstinama-da-budu-pokretaci-promjena\\\/#breadcrumb\",\"itemListElement\":[{\"@type\":\"ListItem\",\"position\":1,\"name\":\"Home\",\"item\":\"https:\\\/\\\/www.evropskakuca.me\\\/me\\\/\"},{\"@type\":\"ListItem\",\"position\":2,\"name\":\"URBACT poma\u017ee op\u0161tinama da budu pokreta\u010di promjena\"}]},{\"@type\":\"WebSite\",\"@id\":\"https:\\\/\\\/www.evropskakuca.me\\\/me\\\/#website\",\"url\":\"https:\\\/\\\/www.evropskakuca.me\\\/me\\\/\",\"name\":\"Evropean house\",\"description\":\"\",\"publisher\":{\"@id\":\"https:\\\/\\\/www.evropskakuca.me\\\/me\\\/#organization\"},\"potentialAction\":[{\"@type\":\"SearchAction\",\"target\":{\"@type\":\"EntryPoint\",\"urlTemplate\":\"https:\\\/\\\/www.evropskakuca.me\\\/me\\\/?s={search_term_string}\"},\"query-input\":{\"@type\":\"PropertyValueSpecification\",\"valueRequired\":true,\"valueName\":\"search_term_string\"}}],\"inLanguage\":\"me-ME\"},{\"@type\":\"Organization\",\"@id\":\"https:\\\/\\\/www.evropskakuca.me\\\/me\\\/#organization\",\"name\":\"Evropean house\",\"url\":\"https:\\\/\\\/www.evropskakuca.me\\\/me\\\/\",\"logo\":{\"@type\":\"ImageObject\",\"inLanguage\":\"me-ME\",\"@id\":\"https:\\\/\\\/www.evropskakuca.me\\\/me\\\/#\\\/schema\\\/logo\\\/image\\\/\",\"url\":\"https:\\\/\\\/www.evropskakuca.me\\\/wp-content\\\/uploads\\\/2025\\\/01\\\/evropska-kuca-logo-1.png\",\"contentUrl\":\"https:\\\/\\\/www.evropskakuca.me\\\/wp-content\\\/uploads\\\/2025\\\/01\\\/evropska-kuca-logo-1.png\",\"width\":425,\"height\":312,\"caption\":\"Evropean house\"},\"image\":{\"@id\":\"https:\\\/\\\/www.evropskakuca.me\\\/me\\\/#\\\/schema\\\/logo\\\/image\\\/\"},\"sameAs\":[\"https:\\\/\\\/www.facebook.com\\\/evropska.kuca\",\"https:\\\/\\\/x.com\\\/evropska_kuca\",\"https:\\\/\\\/www.instagram.com\\\/evropska_kuca\"]},{\"@type\":\"Person\",\"@id\":\"https:\\\/\\\/www.evropskakuca.me\\\/me\\\/#\\\/schema\\\/person\\\/7e16527119c7b67f457996b970f2bd6e\",\"name\":\"Aleksandar Vukovic\",\"image\":{\"@type\":\"ImageObject\",\"inLanguage\":\"me-ME\",\"@id\":\"https:\\\/\\\/secure.gravatar.com\\\/avatar\\\/a1834e0104b0242a886079bde835ba36d80c70f9987a11f3ba33eb9e8d74cc15?s=96&d=mm&r=g\",\"url\":\"https:\\\/\\\/secure.gravatar.com\\\/avatar\\\/a1834e0104b0242a886079bde835ba36d80c70f9987a11f3ba33eb9e8d74cc15?s=96&d=mm&r=g\",\"contentUrl\":\"https:\\\/\\\/secure.gravatar.com\\\/avatar\\\/a1834e0104b0242a886079bde835ba36d80c70f9987a11f3ba33eb9e8d74cc15?s=96&d=mm&r=g\",\"caption\":\"Aleksandar Vukovic\"},\"url\":\"https:\\\/\\\/www.evropskakuca.me\\\/me\\\/author\\\/aleksandar\\\/\"}]}<\/script>\n<!-- \/ Yoast SEO plugin. -->","yoast_head_json":{"title":"URBACT poma\u017ee op\u0161tinama da budu pokreta\u010di promjena - Europe House","robots":{"index":"index","follow":"follow","max-snippet":"max-snippet:-1","max-image-preview":"max-image-preview:large","max-video-preview":"max-video-preview:-1"},"canonical":"https:\/\/www.evropskakuca.me\/me\/urbact-pomaze-opstinama-da-budu-pokretaci-promjena\/","og_locale":"en_US","og_type":"article","og_title":"URBACT poma\u017ee op\u0161tinama da budu pokreta\u010di promjena - Europe House","og_description":"Lokalne samouprave su klju\u010dni akteri u procesu pristupanja Evropskoj uniji, zbog \u010dega je va\u017eno da razvijaju svoje kapacitete za kori\u0161\u0107enje evropskih sredstava i ja\u010daju institucionalne, finansijske i ljudske resurse kako bi uspje\u0161no sprovodile evropske standarde i politike. To je poru\u010deno sa konferencije \u201eURBACT i op\u0161tine: zajedno preko granica\u201c, koja je odr\u017eana u Nik\u0161i\u0107u u organizaciji [&hellip;]","og_url":"https:\/\/www.evropskakuca.me\/me\/urbact-pomaze-opstinama-da-budu-pokretaci-promjena\/","og_site_name":"Europe House","article_publisher":"https:\/\/www.facebook.com\/evropska.kuca","article_published_time":"2025-10-22T12:49:21+00:00","article_modified_time":"2025-10-22T13:31:47+00:00","og_image":[{"width":2560,"height":1707,"url":"https:\/\/www.evropskakuca.me\/wp-content\/uploads\/2025\/10\/image00033-scaled-e1761139844128.jpeg","type":"image\/jpeg"}],"author":"Aleksandar Vukovic","twitter_card":"summary_large_image","twitter_creator":"@evropska_kuca","twitter_site":"@evropska_kuca","twitter_misc":{"Written by":"Aleksandar Vukovic","Est. reading time":"4 minutes"},"schema":{"@context":"https:\/\/schema.org","@graph":[{"@type":"Article","@id":"https:\/\/www.evropskakuca.me\/me\/urbact-pomaze-opstinama-da-budu-pokretaci-promjena\/#article","isPartOf":{"@id":"https:\/\/www.evropskakuca.me\/me\/urbact-pomaze-opstinama-da-budu-pokretaci-promjena\/"},"author":{"name":"Aleksandar Vukovic","@id":"https:\/\/www.evropskakuca.me\/me\/#\/schema\/person\/7e16527119c7b67f457996b970f2bd6e"},"headline":"URBACT poma\u017ee op\u0161tinama da budu pokreta\u010di promjena","datePublished":"2025-10-22T12:49:21+00:00","dateModified":"2025-10-22T13:31:47+00:00","mainEntityOfPage":{"@id":"https:\/\/www.evropskakuca.me\/me\/urbact-pomaze-opstinama-da-budu-pokretaci-promjena\/"},"wordCount":665,"publisher":{"@id":"https:\/\/www.evropskakuca.me\/me\/#organization"},"image":{"@id":"https:\/\/www.evropskakuca.me\/me\/urbact-pomaze-opstinama-da-budu-pokretaci-promjena\/#primaryimage"},"thumbnailUrl":"https:\/\/www.evropskakuca.me\/wp-content\/uploads\/2025\/10\/image00033-scaled-e1761139844128.jpeg","articleSection":["Novosti","Vesti"],"inLanguage":"me-ME"},{"@type":"WebPage","@id":"https:\/\/www.evropskakuca.me\/me\/urbact-pomaze-opstinama-da-budu-pokretaci-promjena\/","url":"https:\/\/www.evropskakuca.me\/me\/urbact-pomaze-opstinama-da-budu-pokretaci-promjena\/","name":"URBACT poma\u017ee op\u0161tinama da budu pokreta\u010di promjena - Europe House","isPartOf":{"@id":"https:\/\/www.evropskakuca.me\/me\/#website"},"primaryImageOfPage":{"@id":"https:\/\/www.evropskakuca.me\/me\/urbact-pomaze-opstinama-da-budu-pokretaci-promjena\/#primaryimage"},"image":{"@id":"https:\/\/www.evropskakuca.me\/me\/urbact-pomaze-opstinama-da-budu-pokretaci-promjena\/#primaryimage"},"thumbnailUrl":"https:\/\/www.evropskakuca.me\/wp-content\/uploads\/2025\/10\/image00033-scaled-e1761139844128.jpeg","datePublished":"2025-10-22T12:49:21+00:00","dateModified":"2025-10-22T13:31:47+00:00","breadcrumb":{"@id":"https:\/\/www.evropskakuca.me\/me\/urbact-pomaze-opstinama-da-budu-pokretaci-promjena\/#breadcrumb"},"inLanguage":"me-ME","potentialAction":[{"@type":"ReadAction","target":["https:\/\/www.evropskakuca.me\/me\/urbact-pomaze-opstinama-da-budu-pokretaci-promjena\/"]}]},{"@type":"ImageObject","inLanguage":"me-ME","@id":"https:\/\/www.evropskakuca.me\/me\/urbact-pomaze-opstinama-da-budu-pokretaci-promjena\/#primaryimage","url":"https:\/\/www.evropskakuca.me\/wp-content\/uploads\/2025\/10\/image00033-scaled-e1761139844128.jpeg","contentUrl":"https:\/\/www.evropskakuca.me\/wp-content\/uploads\/2025\/10\/image00033-scaled-e1761139844128.jpeg","width":2560,"height":1707},{"@type":"BreadcrumbList","@id":"https:\/\/www.evropskakuca.me\/me\/urbact-pomaze-opstinama-da-budu-pokretaci-promjena\/#breadcrumb","itemListElement":[{"@type":"ListItem","position":1,"name":"Home","item":"https:\/\/www.evropskakuca.me\/me\/"},{"@type":"ListItem","position":2,"name":"URBACT poma\u017ee op\u0161tinama da budu pokreta\u010di promjena"}]},{"@type":"WebSite","@id":"https:\/\/www.evropskakuca.me\/me\/#website","url":"https:\/\/www.evropskakuca.me\/me\/","name":"Evropean house","description":"","publisher":{"@id":"https:\/\/www.evropskakuca.me\/me\/#organization"},"potentialAction":[{"@type":"SearchAction","target":{"@type":"EntryPoint","urlTemplate":"https:\/\/www.evropskakuca.me\/me\/?s={search_term_string}"},"query-input":{"@type":"PropertyValueSpecification","valueRequired":true,"valueName":"search_term_string"}}],"inLanguage":"me-ME"},{"@type":"Organization","@id":"https:\/\/www.evropskakuca.me\/me\/#organization","name":"Evropean house","url":"https:\/\/www.evropskakuca.me\/me\/","logo":{"@type":"ImageObject","inLanguage":"me-ME","@id":"https:\/\/www.evropskakuca.me\/me\/#\/schema\/logo\/image\/","url":"https:\/\/www.evropskakuca.me\/wp-content\/uploads\/2025\/01\/evropska-kuca-logo-1.png","contentUrl":"https:\/\/www.evropskakuca.me\/wp-content\/uploads\/2025\/01\/evropska-kuca-logo-1.png","width":425,"height":312,"caption":"Evropean house"},"image":{"@id":"https:\/\/www.evropskakuca.me\/me\/#\/schema\/logo\/image\/"},"sameAs":["https:\/\/www.facebook.com\/evropska.kuca","https:\/\/x.com\/evropska_kuca","https:\/\/www.instagram.com\/evropska_kuca"]},{"@type":"Person","@id":"https:\/\/www.evropskakuca.me\/me\/#\/schema\/person\/7e16527119c7b67f457996b970f2bd6e","name":"Aleksandar Vukovic","image":{"@type":"ImageObject","inLanguage":"me-ME","@id":"https:\/\/secure.gravatar.com\/avatar\/a1834e0104b0242a886079bde835ba36d80c70f9987a11f3ba33eb9e8d74cc15?s=96&d=mm&r=g","url":"https:\/\/secure.gravatar.com\/avatar\/a1834e0104b0242a886079bde835ba36d80c70f9987a11f3ba33eb9e8d74cc15?s=96&d=mm&r=g","contentUrl":"https:\/\/secure.gravatar.com\/avatar\/a1834e0104b0242a886079bde835ba36d80c70f9987a11f3ba33eb9e8d74cc15?s=96&d=mm&r=g","caption":"Aleksandar Vukovic"},"url":"https:\/\/www.evropskakuca.me\/me\/author\/aleksandar\/"}]}},"_links":{"self":[{"href":"https:\/\/www.evropskakuca.me\/me\/wp-json\/wp\/v2\/posts\/46159","targetHints":{"allow":["GET"]}}],"collection":[{"href":"https:\/\/www.evropskakuca.me\/me\/wp-json\/wp\/v2\/posts"}],"about":[{"href":"https:\/\/www.evropskakuca.me\/me\/wp-json\/wp\/v2\/types\/post"}],"author":[{"embeddable":true,"href":"https:\/\/www.evropskakuca.me\/me\/wp-json\/wp\/v2\/users\/3"}],"replies":[{"embeddable":true,"href":"https:\/\/www.evropskakuca.me\/me\/wp-json\/wp\/v2\/comments?post=46159"}],"version-history":[{"count":2,"href":"https:\/\/www.evropskakuca.me\/me\/wp-json\/wp\/v2\/posts\/46159\/revisions"}],"predecessor-version":[{"id":46161,"href":"https:\/\/www.evropskakuca.me\/me\/wp-json\/wp\/v2\/posts\/46159\/revisions\/46161"}],"wp:featuredmedia":[{"embeddable":true,"href":"https:\/\/www.evropskakuca.me\/me\/wp-json\/wp\/v2\/media\/46152"}],"wp:attachment":[{"href":"https:\/\/www.evropskakuca.me\/me\/wp-json\/wp\/v2\/media?parent=46159"}],"wp:term":[{"taxonomy":"category","embeddable":true,"href":"https:\/\/www.evropskakuca.me\/me\/wp-json\/wp\/v2\/categories?post=46159"},{"taxonomy":"post_tag","embeddable":true,"href":"https:\/\/www.evropskakuca.me\/me\/wp-json\/wp\/v2\/tags?post=46159"}],"curies":[{"name":"wp","href":"https:\/\/api.w.org\/{rel}","templated":true}]}}