{"id":46065,"date":"2025-10-17T08:40:42","date_gmt":"2025-10-17T08:40:42","guid":{"rendered":"https:\/\/www.evropskakuca.me\/commission-releases-funds-for-mne-under-eu-growth-plan-for-wb\/"},"modified":"2025-10-17T09:13:25","modified_gmt":"2025-10-17T09:13:25","slug":"commission-releases-funds-for-mne-under-eu-growth-plan-for-wb","status":"publish","type":"post","link":"https:\/\/www.evropskakuca.me\/me\/commission-releases-funds-for-mne-under-eu-growth-plan-for-wb\/","title":{"rendered":"Komisija odobrila sredstva za CG u okviru EU Plana rasta za ZB"},"content":{"rendered":"\n<p>Evropska komisija je odobrila sredstva za Crnu Goru, Albaniju i Sjevernu Makedoniju u okviru Plana rasta Evropske unije za Zapadni Balkan. Ova odluka odaje priznanje za zna\u010dajne reforme koje su partnerske zemlje sprovele kako bi se bolje uskladile sa standardima EU.<\/p>\n\n\n\n<p><strong>Crna Gora<\/strong> \u0107e dobiti svoju drugu tran\u0161u u iznosu od <strong>8,1 miliona eura<\/strong>, od \u010dega \u0107e <strong>3,8 miliona eura<\/strong> biti upla\u0107eno direktno u dr\u017eavni bud\u017eet, dok \u0107e preostali dio biti namijenjen infrastrukturnim projektima putem <strong>WBIF-a<\/strong> (Investicionog okvira za Zapadni Balkan).<\/p>\n\n\n\n<figure class=\"wp-block-image size-full\"><img fetchpriority=\"high\" decoding=\"async\" width=\"991\" height=\"661\" src=\"https:\/\/www.evropskakuca.me\/wp-content\/uploads\/2025\/10\/20251016_growth-plan.jpg\" alt=\"\" class=\"wp-image-46057\" srcset=\"https:\/\/www.evropskakuca.me\/wp-content\/uploads\/2025\/10\/20251016_growth-plan.jpg 991w, https:\/\/www.evropskakuca.me\/wp-content\/uploads\/2025\/10\/20251016_growth-plan-300x200.jpg 300w, https:\/\/www.evropskakuca.me\/wp-content\/uploads\/2025\/10\/20251016_growth-plan-768x512.jpg 768w\" sizes=\"(max-width: 991px) 100vw, 991px\" \/><\/figure>\n\n\n\n<p><strong>Albanija <\/strong>\u0107e primiti svoju prvu tran\u0161u od <strong>99,3 miliona eura<\/strong>, od \u010dega \u0107e <strong>46,2 miliona eura<\/strong> biti upla\u0107eno direktno u dr\u017eavni bud\u017eet, dok \u0107e ostatak biti usmjeren na infrastrukturne projekte kroz WBIF.<br><strong>Sjeverna Makedonija<\/strong> \u0107e dobiti svoju drugu tran\u0161u u iznosu od <strong>16 miliona eura<\/strong>, od \u010dega \u0107e <strong>7,4 miliona eura<\/strong> biti upla\u0107eno direktno u dr\u017eavni bud\u017eet, a ostatak \u0107e finansirati infrastrukturne projekte putem WBIF-a.<\/p>\n\n\n\n<p>Kada WBIF odbor odobri ove projekte, sredstva \u0107e biti iskori\u0161\u0107ena za razvoj infrastrukture u oblastima kao \u0161to su <strong>odr\u017eivi transport, \u010dista energija, digitalni razvoj i razvoj ljudskog kapitala<\/strong>, u bliskoj saradnji sa partnerima sa Zapadnog Balkana i me\u0111unarodnim finansijskim institucijama.<\/p>\n\n\n\n<p>Od po\u010detka sprovo\u0111enja Plana rasta za Zapadni Balkan, ukupno ispla\u0107eni iznosi dosti\u017eu <strong>18,3 miliona eura za Crnu Goru,<\/strong> <strong>99,3 miliona eura za Albaniju<\/strong> i <strong>25 miliona eura za Sjevernu Makedoniju<\/strong>.<br>Plan rasta ima za cilj da podstakne pripreme zemalja kandidata za \u010dlanstvo u EU, nude\u0107i im koristi i prije punopravne integracije u Uniju. Time se ubrzava proces pro\u0161irenja i ekonomski rast regiona.<\/p>\n\n\n\n<p>Vi\u0161e informacija dostupno je na <strong><a href=\"https:\/\/enlargement.ec.europa.eu\/funding-technical-assistance\/reform-and-growth-facility-western-balkans_en\">Reform and Growth Facility Scoreboard<\/a><\/strong> i <strong><a href=\"https:\/\/enlargement.ec.europa.eu\/enlargement-policy\/growth-plan-western-balkans_en\">Growth Plan<\/a><\/strong> web stranici.<\/p>\n","protected":false},"excerpt":{"rendered":"<p>Evropska komisija je odobrila sredstva za Crnu Goru, Albaniju i Sjevernu Makedoniju u okviru Plana rasta Evropske unije za Zapadni Balkan. Ova odluka odaje priznanje za zna\u010dajne reforme koje su partnerske zemlje sprovele kako bi se bolje uskladile sa standardima EU. Crna Gora \u0107e dobiti svoju drugu tran\u0161u u iznosu od 8,1 miliona eura, od [&hellip;]<\/p>\n","protected":false},"author":3,"featured_media":46058,"comment_status":"closed","ping_status":"closed","sticky":false,"template":"","format":"standard","meta":{"_acf_changed":false,"footnotes":""},"categories":[283,524],"tags":[],"class_list":["post-46065","post","type-post","status-publish","format-standard","has-post-thumbnail","hentry","category-novosti-me","category-vesti"],"acf":[],"yoast_head":"<!-- This site is optimized with the Yoast SEO plugin v27.3 - https:\/\/yoast.com\/product\/yoast-seo-wordpress\/ -->\n<title>Komisija odobrila sredstva za CG u okviru EU Plana rasta za ZB - Europe House<\/title>\n<meta name=\"robots\" content=\"index, follow, max-snippet:-1, max-image-preview:large, max-video-preview:-1\" \/>\n<link rel=\"canonical\" href=\"https:\/\/www.evropskakuca.me\/me\/commission-releases-funds-for-mne-under-eu-growth-plan-for-wb\/\" \/>\n<meta property=\"og:locale\" content=\"en_US\" \/>\n<meta property=\"og:type\" content=\"article\" \/>\n<meta property=\"og:title\" content=\"Komisija odobrila sredstva za CG u okviru EU Plana rasta za ZB - Europe House\" \/>\n<meta property=\"og:description\" content=\"Evropska komisija je odobrila sredstva za Crnu Goru, Albaniju i Sjevernu Makedoniju u okviru Plana rasta Evropske unije za Zapadni Balkan. Ova odluka odaje priznanje za zna\u010dajne reforme koje su partnerske zemlje sprovele kako bi se bolje uskladile sa standardima EU. Crna Gora \u0107e dobiti svoju drugu tran\u0161u u iznosu od 8,1 miliona eura, od [&hellip;]\" \/>\n<meta property=\"og:url\" content=\"https:\/\/www.evropskakuca.me\/me\/commission-releases-funds-for-mne-under-eu-growth-plan-for-wb\/\" \/>\n<meta property=\"og:site_name\" content=\"Europe House\" \/>\n<meta property=\"article:publisher\" content=\"https:\/\/www.facebook.com\/evropska.kuca\" \/>\n<meta property=\"article:published_time\" content=\"2025-10-17T08:40:42+00:00\" \/>\n<meta property=\"article:modified_time\" content=\"2025-10-17T09:13:25+00:00\" \/>\n<meta property=\"og:image\" content=\"https:\/\/www.evropskakuca.me\/wp-content\/uploads\/2025\/10\/20251016_growth-plan.jpg\" \/>\n\t<meta property=\"og:image:width\" content=\"991\" \/>\n\t<meta property=\"og:image:height\" content=\"661\" \/>\n\t<meta property=\"og:image:type\" content=\"image\/jpeg\" \/>\n<meta name=\"author\" content=\"Aleksandar Vukovic\" \/>\n<meta name=\"twitter:card\" content=\"summary_large_image\" \/>\n<meta name=\"twitter:creator\" content=\"@evropska_kuca\" \/>\n<meta name=\"twitter:site\" content=\"@evropska_kuca\" \/>\n<meta name=\"twitter:label1\" content=\"Written by\" \/>\n\t<meta name=\"twitter:data1\" content=\"Aleksandar Vukovic\" \/>\n\t<meta name=\"twitter:label2\" content=\"Est. reading time\" \/>\n\t<meta name=\"twitter:data2\" content=\"2 minutes\" \/>\n<script type=\"application\/ld+json\" class=\"yoast-schema-graph\">{\"@context\":\"https:\\\/\\\/schema.org\",\"@graph\":[{\"@type\":\"Article\",\"@id\":\"https:\\\/\\\/www.evropskakuca.me\\\/me\\\/commission-releases-funds-for-mne-under-eu-growth-plan-for-wb\\\/#article\",\"isPartOf\":{\"@id\":\"https:\\\/\\\/www.evropskakuca.me\\\/me\\\/commission-releases-funds-for-mne-under-eu-growth-plan-for-wb\\\/\"},\"author\":{\"name\":\"Aleksandar Vukovic\",\"@id\":\"https:\\\/\\\/www.evropskakuca.me\\\/me\\\/#\\\/schema\\\/person\\\/7e16527119c7b67f457996b970f2bd6e\"},\"headline\":\"Komisija odobrila sredstva za CG u okviru EU Plana rasta za ZB\",\"datePublished\":\"2025-10-17T08:40:42+00:00\",\"dateModified\":\"2025-10-17T09:13:25+00:00\",\"mainEntityOfPage\":{\"@id\":\"https:\\\/\\\/www.evropskakuca.me\\\/me\\\/commission-releases-funds-for-mne-under-eu-growth-plan-for-wb\\\/\"},\"wordCount\":289,\"publisher\":{\"@id\":\"https:\\\/\\\/www.evropskakuca.me\\\/me\\\/#organization\"},\"image\":{\"@id\":\"https:\\\/\\\/www.evropskakuca.me\\\/me\\\/commission-releases-funds-for-mne-under-eu-growth-plan-for-wb\\\/#primaryimage\"},\"thumbnailUrl\":\"https:\\\/\\\/www.evropskakuca.me\\\/wp-content\\\/uploads\\\/2025\\\/10\\\/20251016_growth-plan.jpg\",\"articleSection\":[\"Novosti\",\"Vesti\"],\"inLanguage\":\"me-ME\"},{\"@type\":\"WebPage\",\"@id\":\"https:\\\/\\\/www.evropskakuca.me\\\/me\\\/commission-releases-funds-for-mne-under-eu-growth-plan-for-wb\\\/\",\"url\":\"https:\\\/\\\/www.evropskakuca.me\\\/me\\\/commission-releases-funds-for-mne-under-eu-growth-plan-for-wb\\\/\",\"name\":\"Komisija odobrila sredstva za CG u okviru EU Plana rasta za ZB - Europe House\",\"isPartOf\":{\"@id\":\"https:\\\/\\\/www.evropskakuca.me\\\/me\\\/#website\"},\"primaryImageOfPage\":{\"@id\":\"https:\\\/\\\/www.evropskakuca.me\\\/me\\\/commission-releases-funds-for-mne-under-eu-growth-plan-for-wb\\\/#primaryimage\"},\"image\":{\"@id\":\"https:\\\/\\\/www.evropskakuca.me\\\/me\\\/commission-releases-funds-for-mne-under-eu-growth-plan-for-wb\\\/#primaryimage\"},\"thumbnailUrl\":\"https:\\\/\\\/www.evropskakuca.me\\\/wp-content\\\/uploads\\\/2025\\\/10\\\/20251016_growth-plan.jpg\",\"datePublished\":\"2025-10-17T08:40:42+00:00\",\"dateModified\":\"2025-10-17T09:13:25+00:00\",\"breadcrumb\":{\"@id\":\"https:\\\/\\\/www.evropskakuca.me\\\/me\\\/commission-releases-funds-for-mne-under-eu-growth-plan-for-wb\\\/#breadcrumb\"},\"inLanguage\":\"me-ME\",\"potentialAction\":[{\"@type\":\"ReadAction\",\"target\":[\"https:\\\/\\\/www.evropskakuca.me\\\/me\\\/commission-releases-funds-for-mne-under-eu-growth-plan-for-wb\\\/\"]}]},{\"@type\":\"ImageObject\",\"inLanguage\":\"me-ME\",\"@id\":\"https:\\\/\\\/www.evropskakuca.me\\\/me\\\/commission-releases-funds-for-mne-under-eu-growth-plan-for-wb\\\/#primaryimage\",\"url\":\"https:\\\/\\\/www.evropskakuca.me\\\/wp-content\\\/uploads\\\/2025\\\/10\\\/20251016_growth-plan.jpg\",\"contentUrl\":\"https:\\\/\\\/www.evropskakuca.me\\\/wp-content\\\/uploads\\\/2025\\\/10\\\/20251016_growth-plan.jpg\",\"width\":991,\"height\":661},{\"@type\":\"BreadcrumbList\",\"@id\":\"https:\\\/\\\/www.evropskakuca.me\\\/me\\\/commission-releases-funds-for-mne-under-eu-growth-plan-for-wb\\\/#breadcrumb\",\"itemListElement\":[{\"@type\":\"ListItem\",\"position\":1,\"name\":\"Home\",\"item\":\"https:\\\/\\\/www.evropskakuca.me\\\/me\\\/\"},{\"@type\":\"ListItem\",\"position\":2,\"name\":\"Komisija odobrila sredstva za CG u okviru EU Plana rasta za ZB\"}]},{\"@type\":\"WebSite\",\"@id\":\"https:\\\/\\\/www.evropskakuca.me\\\/me\\\/#website\",\"url\":\"https:\\\/\\\/www.evropskakuca.me\\\/me\\\/\",\"name\":\"Evropean house\",\"description\":\"\",\"publisher\":{\"@id\":\"https:\\\/\\\/www.evropskakuca.me\\\/me\\\/#organization\"},\"potentialAction\":[{\"@type\":\"SearchAction\",\"target\":{\"@type\":\"EntryPoint\",\"urlTemplate\":\"https:\\\/\\\/www.evropskakuca.me\\\/me\\\/?s={search_term_string}\"},\"query-input\":{\"@type\":\"PropertyValueSpecification\",\"valueRequired\":true,\"valueName\":\"search_term_string\"}}],\"inLanguage\":\"me-ME\"},{\"@type\":\"Organization\",\"@id\":\"https:\\\/\\\/www.evropskakuca.me\\\/me\\\/#organization\",\"name\":\"Evropean house\",\"url\":\"https:\\\/\\\/www.evropskakuca.me\\\/me\\\/\",\"logo\":{\"@type\":\"ImageObject\",\"inLanguage\":\"me-ME\",\"@id\":\"https:\\\/\\\/www.evropskakuca.me\\\/me\\\/#\\\/schema\\\/logo\\\/image\\\/\",\"url\":\"https:\\\/\\\/www.evropskakuca.me\\\/wp-content\\\/uploads\\\/2025\\\/01\\\/evropska-kuca-logo-1.png\",\"contentUrl\":\"https:\\\/\\\/www.evropskakuca.me\\\/wp-content\\\/uploads\\\/2025\\\/01\\\/evropska-kuca-logo-1.png\",\"width\":425,\"height\":312,\"caption\":\"Evropean house\"},\"image\":{\"@id\":\"https:\\\/\\\/www.evropskakuca.me\\\/me\\\/#\\\/schema\\\/logo\\\/image\\\/\"},\"sameAs\":[\"https:\\\/\\\/www.facebook.com\\\/evropska.kuca\",\"https:\\\/\\\/x.com\\\/evropska_kuca\",\"https:\\\/\\\/www.instagram.com\\\/evropska_kuca\"]},{\"@type\":\"Person\",\"@id\":\"https:\\\/\\\/www.evropskakuca.me\\\/me\\\/#\\\/schema\\\/person\\\/7e16527119c7b67f457996b970f2bd6e\",\"name\":\"Aleksandar Vukovic\",\"image\":{\"@type\":\"ImageObject\",\"inLanguage\":\"me-ME\",\"@id\":\"https:\\\/\\\/secure.gravatar.com\\\/avatar\\\/a1834e0104b0242a886079bde835ba36d80c70f9987a11f3ba33eb9e8d74cc15?s=96&d=mm&r=g\",\"url\":\"https:\\\/\\\/secure.gravatar.com\\\/avatar\\\/a1834e0104b0242a886079bde835ba36d80c70f9987a11f3ba33eb9e8d74cc15?s=96&d=mm&r=g\",\"contentUrl\":\"https:\\\/\\\/secure.gravatar.com\\\/avatar\\\/a1834e0104b0242a886079bde835ba36d80c70f9987a11f3ba33eb9e8d74cc15?s=96&d=mm&r=g\",\"caption\":\"Aleksandar Vukovic\"},\"url\":\"https:\\\/\\\/www.evropskakuca.me\\\/me\\\/author\\\/aleksandar\\\/\"}]}<\/script>\n<!-- \/ Yoast SEO plugin. -->","yoast_head_json":{"title":"Komisija odobrila sredstva za CG u okviru EU Plana rasta za ZB - Europe House","robots":{"index":"index","follow":"follow","max-snippet":"max-snippet:-1","max-image-preview":"max-image-preview:large","max-video-preview":"max-video-preview:-1"},"canonical":"https:\/\/www.evropskakuca.me\/me\/commission-releases-funds-for-mne-under-eu-growth-plan-for-wb\/","og_locale":"en_US","og_type":"article","og_title":"Komisija odobrila sredstva za CG u okviru EU Plana rasta za ZB - Europe House","og_description":"Evropska komisija je odobrila sredstva za Crnu Goru, Albaniju i Sjevernu Makedoniju u okviru Plana rasta Evropske unije za Zapadni Balkan. Ova odluka odaje priznanje za zna\u010dajne reforme koje su partnerske zemlje sprovele kako bi se bolje uskladile sa standardima EU. Crna Gora \u0107e dobiti svoju drugu tran\u0161u u iznosu od 8,1 miliona eura, od [&hellip;]","og_url":"https:\/\/www.evropskakuca.me\/me\/commission-releases-funds-for-mne-under-eu-growth-plan-for-wb\/","og_site_name":"Europe House","article_publisher":"https:\/\/www.facebook.com\/evropska.kuca","article_published_time":"2025-10-17T08:40:42+00:00","article_modified_time":"2025-10-17T09:13:25+00:00","og_image":[{"width":991,"height":661,"url":"https:\/\/www.evropskakuca.me\/wp-content\/uploads\/2025\/10\/20251016_growth-plan.jpg","type":"image\/jpeg"}],"author":"Aleksandar Vukovic","twitter_card":"summary_large_image","twitter_creator":"@evropska_kuca","twitter_site":"@evropska_kuca","twitter_misc":{"Written by":"Aleksandar Vukovic","Est. reading time":"2 minutes"},"schema":{"@context":"https:\/\/schema.org","@graph":[{"@type":"Article","@id":"https:\/\/www.evropskakuca.me\/me\/commission-releases-funds-for-mne-under-eu-growth-plan-for-wb\/#article","isPartOf":{"@id":"https:\/\/www.evropskakuca.me\/me\/commission-releases-funds-for-mne-under-eu-growth-plan-for-wb\/"},"author":{"name":"Aleksandar Vukovic","@id":"https:\/\/www.evropskakuca.me\/me\/#\/schema\/person\/7e16527119c7b67f457996b970f2bd6e"},"headline":"Komisija odobrila sredstva za CG u okviru EU Plana rasta za ZB","datePublished":"2025-10-17T08:40:42+00:00","dateModified":"2025-10-17T09:13:25+00:00","mainEntityOfPage":{"@id":"https:\/\/www.evropskakuca.me\/me\/commission-releases-funds-for-mne-under-eu-growth-plan-for-wb\/"},"wordCount":289,"publisher":{"@id":"https:\/\/www.evropskakuca.me\/me\/#organization"},"image":{"@id":"https:\/\/www.evropskakuca.me\/me\/commission-releases-funds-for-mne-under-eu-growth-plan-for-wb\/#primaryimage"},"thumbnailUrl":"https:\/\/www.evropskakuca.me\/wp-content\/uploads\/2025\/10\/20251016_growth-plan.jpg","articleSection":["Novosti","Vesti"],"inLanguage":"me-ME"},{"@type":"WebPage","@id":"https:\/\/www.evropskakuca.me\/me\/commission-releases-funds-for-mne-under-eu-growth-plan-for-wb\/","url":"https:\/\/www.evropskakuca.me\/me\/commission-releases-funds-for-mne-under-eu-growth-plan-for-wb\/","name":"Komisija odobrila sredstva za CG u okviru EU Plana rasta za ZB - Europe House","isPartOf":{"@id":"https:\/\/www.evropskakuca.me\/me\/#website"},"primaryImageOfPage":{"@id":"https:\/\/www.evropskakuca.me\/me\/commission-releases-funds-for-mne-under-eu-growth-plan-for-wb\/#primaryimage"},"image":{"@id":"https:\/\/www.evropskakuca.me\/me\/commission-releases-funds-for-mne-under-eu-growth-plan-for-wb\/#primaryimage"},"thumbnailUrl":"https:\/\/www.evropskakuca.me\/wp-content\/uploads\/2025\/10\/20251016_growth-plan.jpg","datePublished":"2025-10-17T08:40:42+00:00","dateModified":"2025-10-17T09:13:25+00:00","breadcrumb":{"@id":"https:\/\/www.evropskakuca.me\/me\/commission-releases-funds-for-mne-under-eu-growth-plan-for-wb\/#breadcrumb"},"inLanguage":"me-ME","potentialAction":[{"@type":"ReadAction","target":["https:\/\/www.evropskakuca.me\/me\/commission-releases-funds-for-mne-under-eu-growth-plan-for-wb\/"]}]},{"@type":"ImageObject","inLanguage":"me-ME","@id":"https:\/\/www.evropskakuca.me\/me\/commission-releases-funds-for-mne-under-eu-growth-plan-for-wb\/#primaryimage","url":"https:\/\/www.evropskakuca.me\/wp-content\/uploads\/2025\/10\/20251016_growth-plan.jpg","contentUrl":"https:\/\/www.evropskakuca.me\/wp-content\/uploads\/2025\/10\/20251016_growth-plan.jpg","width":991,"height":661},{"@type":"BreadcrumbList","@id":"https:\/\/www.evropskakuca.me\/me\/commission-releases-funds-for-mne-under-eu-growth-plan-for-wb\/#breadcrumb","itemListElement":[{"@type":"ListItem","position":1,"name":"Home","item":"https:\/\/www.evropskakuca.me\/me\/"},{"@type":"ListItem","position":2,"name":"Komisija odobrila sredstva za CG u okviru EU Plana rasta za ZB"}]},{"@type":"WebSite","@id":"https:\/\/www.evropskakuca.me\/me\/#website","url":"https:\/\/www.evropskakuca.me\/me\/","name":"Evropean house","description":"","publisher":{"@id":"https:\/\/www.evropskakuca.me\/me\/#organization"},"potentialAction":[{"@type":"SearchAction","target":{"@type":"EntryPoint","urlTemplate":"https:\/\/www.evropskakuca.me\/me\/?s={search_term_string}"},"query-input":{"@type":"PropertyValueSpecification","valueRequired":true,"valueName":"search_term_string"}}],"inLanguage":"me-ME"},{"@type":"Organization","@id":"https:\/\/www.evropskakuca.me\/me\/#organization","name":"Evropean house","url":"https:\/\/www.evropskakuca.me\/me\/","logo":{"@type":"ImageObject","inLanguage":"me-ME","@id":"https:\/\/www.evropskakuca.me\/me\/#\/schema\/logo\/image\/","url":"https:\/\/www.evropskakuca.me\/wp-content\/uploads\/2025\/01\/evropska-kuca-logo-1.png","contentUrl":"https:\/\/www.evropskakuca.me\/wp-content\/uploads\/2025\/01\/evropska-kuca-logo-1.png","width":425,"height":312,"caption":"Evropean house"},"image":{"@id":"https:\/\/www.evropskakuca.me\/me\/#\/schema\/logo\/image\/"},"sameAs":["https:\/\/www.facebook.com\/evropska.kuca","https:\/\/x.com\/evropska_kuca","https:\/\/www.instagram.com\/evropska_kuca"]},{"@type":"Person","@id":"https:\/\/www.evropskakuca.me\/me\/#\/schema\/person\/7e16527119c7b67f457996b970f2bd6e","name":"Aleksandar Vukovic","image":{"@type":"ImageObject","inLanguage":"me-ME","@id":"https:\/\/secure.gravatar.com\/avatar\/a1834e0104b0242a886079bde835ba36d80c70f9987a11f3ba33eb9e8d74cc15?s=96&d=mm&r=g","url":"https:\/\/secure.gravatar.com\/avatar\/a1834e0104b0242a886079bde835ba36d80c70f9987a11f3ba33eb9e8d74cc15?s=96&d=mm&r=g","contentUrl":"https:\/\/secure.gravatar.com\/avatar\/a1834e0104b0242a886079bde835ba36d80c70f9987a11f3ba33eb9e8d74cc15?s=96&d=mm&r=g","caption":"Aleksandar Vukovic"},"url":"https:\/\/www.evropskakuca.me\/me\/author\/aleksandar\/"}]}},"_links":{"self":[{"href":"https:\/\/www.evropskakuca.me\/me\/wp-json\/wp\/v2\/posts\/46065","targetHints":{"allow":["GET"]}}],"collection":[{"href":"https:\/\/www.evropskakuca.me\/me\/wp-json\/wp\/v2\/posts"}],"about":[{"href":"https:\/\/www.evropskakuca.me\/me\/wp-json\/wp\/v2\/types\/post"}],"author":[{"embeddable":true,"href":"https:\/\/www.evropskakuca.me\/me\/wp-json\/wp\/v2\/users\/3"}],"replies":[{"embeddable":true,"href":"https:\/\/www.evropskakuca.me\/me\/wp-json\/wp\/v2\/comments?post=46065"}],"version-history":[{"count":2,"href":"https:\/\/www.evropskakuca.me\/me\/wp-json\/wp\/v2\/posts\/46065\/revisions"}],"predecessor-version":[{"id":46072,"href":"https:\/\/www.evropskakuca.me\/me\/wp-json\/wp\/v2\/posts\/46065\/revisions\/46072"}],"wp:featuredmedia":[{"embeddable":true,"href":"https:\/\/www.evropskakuca.me\/me\/wp-json\/wp\/v2\/media\/46058"}],"wp:attachment":[{"href":"https:\/\/www.evropskakuca.me\/me\/wp-json\/wp\/v2\/media?parent=46065"}],"wp:term":[{"taxonomy":"category","embeddable":true,"href":"https:\/\/www.evropskakuca.me\/me\/wp-json\/wp\/v2\/categories?post=46065"},{"taxonomy":"post_tag","embeddable":true,"href":"https:\/\/www.evropskakuca.me\/me\/wp-json\/wp\/v2\/tags?post=46065"}],"curies":[{"name":"wp","href":"https:\/\/api.w.org\/{rel}","templated":true}]}}