{"id":46030,"date":"2025-10-14T09:22:33","date_gmt":"2025-10-14T09:22:33","guid":{"rendered":"https:\/\/www.evropskakuca.me\/?p=46030"},"modified":"2025-10-15T07:48:23","modified_gmt":"2025-10-15T07:48:23","slug":"pametan-rast-zelena-buducnost-ubrzanje-investicija-u-cg","status":"publish","type":"post","link":"https:\/\/www.evropskakuca.me\/me\/pametan-rast-zelena-buducnost-ubrzanje-investicija-u-cg\/","title":{"rendered":"Pametan rast, zelena budu\u0107nost \u2013 Ubrzanje investicija u CG"},"content":{"rendered":"\n<p>Na <strong>Investicionoj konferenciji EU &#8211; Crna Gora<\/strong>, koju su danas u Lu\u0161tici otvorili predsjednik Vlade <strong>Milojko Spaji\u0107<\/strong> i predsjednica Evropske komisije <strong>Ursula fon der Lajen<\/strong>, predstavljen je rastu\u0107i potencijal Crne Gore za strate\u0161ke, zelene i odr\u017eive investicije kroz nova partnerstva izme\u0111u vode\u0107ih crnogorskih i evropskih kompanija.<\/p>\n\n\n\n<p>Ovaj doga\u0111aj, pod sloganom&nbsp;\u201e<strong>Pametan rast, zelena budu\u0107nost \u2013 Ubrzanje investicija u Crnoj Gori<\/strong>&#8220;, okupio je visoke predstavnike Vlade Crne Gore, Evropske unije, me\u0111unarodnih finansijskih institucija, kao i istaknute evropske i crnogorske investitore. Cilj konferencije bio je da podstakne strate\u0161ke, zelene i odr\u017eive investicije i da pozicionira Crnu Goru kao klju\u010dnu investicionu destinaciju na Zapadnom Balkanu, pospje\u0161uju\u0107i napredak u oblastima obnovljive energije, odr\u017eive poljoprivrede, turizma, transporta i digitalnih inovacija.<\/p>\n\n\n\n<figure class=\"wp-block-image size-large\"><img fetchpriority=\"high\" decoding=\"async\" width=\"1024\" height=\"682\" src=\"https:\/\/www.evropskakuca.me\/wp-content\/uploads\/2025\/10\/Photo-1-6-1024x682.jpeg\" alt=\"\" class=\"wp-image-46033\" srcset=\"https:\/\/www.evropskakuca.me\/wp-content\/uploads\/2025\/10\/Photo-1-6-1024x682.jpeg 1024w, https:\/\/www.evropskakuca.me\/wp-content\/uploads\/2025\/10\/Photo-1-6-300x200.jpeg 300w, https:\/\/www.evropskakuca.me\/wp-content\/uploads\/2025\/10\/Photo-1-6-768x512.jpeg 768w, https:\/\/www.evropskakuca.me\/wp-content\/uploads\/2025\/10\/Photo-1-6.jpeg 1280w\" sizes=\"(max-width: 1024px) 100vw, 1024px\" \/><\/figure>\n\n\n\n<p>Na konferenciji je pokrenuto\u00a014 novih partnerskih projekata izme\u0111u crnogorskih i evropskih kompanija, koji svjedo\u010de o transformativnom potencijalu evropskog puta Crne Gore i snazi saradnje izme\u0111u EU i Crne Gore. Projekti obuhvataju \u0161irok spektar sektora \u2013 od obnovljivih izvora energije i transporta do agroturizma, digitalnih inovacija i niskougljeni\u010dnog razvoja. Me\u0111u njima su nove solarne elektrane i vjetroelektrane koje \u0107e oja\u010dati energetsku nezavisnost Crne Gore, moderna transportna ulaganja koja \u0107e unaprijediti povezanost s Evropom, te agroturisti\u010dke inicijative koje \u0107e pomo\u0107i u diverzifikaciji ekonomije. Ostalim projektima predvi\u0111ena je transformacija Luke Bar u\u00a0objekat s nultom emisijom ugljenika<strong>,\u00a0<\/strong>osnivanje\u00a0prvog digitalnog inovacionog kampusa u Crnoj Gori,\u00a0te podsticanje odr\u017eivog razvoja sjevera zemlje.<\/p>\n\n\n\n<p>\u201eMoja poruka je veoma jasna: ne \u010dekajte pristupanje da biste investirali u Crnu Goru, jer biste tada mogli propustiti prilike koje \u0107e drugi iskoristiti&#8221;, poru\u010dila je predsjednica <strong>Ursula fon der Lajen<\/strong>, isti\u010du\u0107i da je sna\u017eno prisustvo investitora na konferenciji odraz povjerenja u ambicioznu reformsku agendu Vlade. <\/p>\n\n\n\n<figure class=\"wp-block-image size-large\"><img decoding=\"async\" width=\"1024\" height=\"682\" src=\"https:\/\/www.evropskakuca.me\/wp-content\/uploads\/2025\/10\/Photo-5-1024x682.jpeg\" alt=\"\" class=\"wp-image-46035\" srcset=\"https:\/\/www.evropskakuca.me\/wp-content\/uploads\/2025\/10\/Photo-5-1024x682.jpeg 1024w, https:\/\/www.evropskakuca.me\/wp-content\/uploads\/2025\/10\/Photo-5-300x200.jpeg 300w, https:\/\/www.evropskakuca.me\/wp-content\/uploads\/2025\/10\/Photo-5-768x512.jpeg 768w, https:\/\/www.evropskakuca.me\/wp-content\/uploads\/2025\/10\/Photo-5.jpeg 1280w\" sizes=\"(max-width: 1024px) 100vw, 1024px\" \/><\/figure>\n\n\n\n<p>\u201ePogledajte samo neke od dana\u0161njih najava. U oblasti \u010diste energije, vidje\u0107emo plutaju\u0107e solarne elektrane, vjetroparkove na velikim nadmorskim visinama i prvo postrojenje za skladi\u0161tenje baterijske energije u Crnoj Gori, \u0161to je od izuzetnog zna\u010daja za budu\u0107nost. U sektoru transporta, Luka Bar bi\u0107e prvi objekat sa nultom emisijom ugljenika na Jadranu. A u oblasti tehnologije, prvi inovacioni kampus u Crnoj Gori mo\u017ee otvoriti hiljade radnih mjesta. Ovo je samo djeli\u0107 od 14 projekata koje \u0107emo danas potpisati, a koji okupljaju investitore iz Crne Gore i cijele Evrope \u2013 uz sna\u017enu podr\u0161ku s na\u0161e strane&#8221;, kazala je ona. Zaklju\u010dila je da Crna Gora, nastavljaju\u0107i sa evropskim putem sa odlu\u010dno\u0161\u0107u i brzinom, \u010dini cilj pristupanja Evropskoj uniji dosti\u017enim.<\/p>\n\n\n\n<figure class=\"wp-block-gallery has-nested-images columns-default is-cropped wp-block-gallery-1 is-layout-flex wp-block-gallery-is-layout-flex\">\n<figure class=\"wp-block-image size-large\"><img decoding=\"async\" width=\"1024\" height=\"682\" data-id=\"46037\" src=\"https:\/\/www.evropskakuca.me\/wp-content\/uploads\/2025\/10\/Photo-4-5-1024x682.jpeg\" alt=\"\" class=\"wp-image-46037\" srcset=\"https:\/\/www.evropskakuca.me\/wp-content\/uploads\/2025\/10\/Photo-4-5-1024x682.jpeg 1024w, https:\/\/www.evropskakuca.me\/wp-content\/uploads\/2025\/10\/Photo-4-5-300x200.jpeg 300w, https:\/\/www.evropskakuca.me\/wp-content\/uploads\/2025\/10\/Photo-4-5-768x512.jpeg 768w, https:\/\/www.evropskakuca.me\/wp-content\/uploads\/2025\/10\/Photo-4-5.jpeg 1280w\" sizes=\"(max-width: 1024px) 100vw, 1024px\" \/><\/figure>\n\n\n\n<figure class=\"wp-block-image size-large\"><img loading=\"lazy\" decoding=\"async\" width=\"1024\" height=\"682\" data-id=\"46039\" src=\"https:\/\/www.evropskakuca.me\/wp-content\/uploads\/2025\/10\/Photo-2-7-1024x682.jpeg\" alt=\"\" class=\"wp-image-46039\" srcset=\"https:\/\/www.evropskakuca.me\/wp-content\/uploads\/2025\/10\/Photo-2-7-1024x682.jpeg 1024w, https:\/\/www.evropskakuca.me\/wp-content\/uploads\/2025\/10\/Photo-2-7-300x200.jpeg 300w, https:\/\/www.evropskakuca.me\/wp-content\/uploads\/2025\/10\/Photo-2-7-768x512.jpeg 768w, https:\/\/www.evropskakuca.me\/wp-content\/uploads\/2025\/10\/Photo-2-7.jpeg 1280w\" sizes=\"(max-width: 1024px) 100vw, 1024px\" \/><\/figure>\n<\/figure>\n\n\n\n<p>\u201eDanas otvaramo novo poglavlje razvoja \u2014 zapo\u010dinjemo veliki investicioni ciklus, ja\u010daju\u0107i na\u0161e veze sa evropskim tr\u017ei\u0161tem jo\u0161 prije formalnog pristupanja evropskoj porodici. Danas pretvaramo na\u0161u viziju zelenog i pametnog rasta u stvarnost. To \u010dinimo zajedno sa na\u0161im najva\u017enijim strate\u0161kim partnerom \u2014 Evropskom unijom, koja je ujedno i najve\u0107i investitor u na\u0161oj zemlji&#8221; poru\u010dio je predsjednik Vlade Milojko Spaji\u0107 tokom otvaranja Konferencije.&nbsp;Premijer je istakao da Crna Gora danas zauzima mjesto me\u0111u najdinami\u010dnijim investicionim destinacijama u regionu. \u201eProjekti vrijedni gotovo 3 milijarde eura trenutno su u realizaciji \u2014 stotine novih kilometara autoputeva i brzih saobra\u0107ajnica, modernizovani aerodromi i luke, te projekti \u010diste energije koji \u0107e donijeti konkretne koristi svakom gra\u0111aninu&#8221; kazao je predsjednik Vlade.<\/p>\n\n\n\n<p>Konferenciju su zajedni\u010dki organizovali&nbsp;Vlada Crne GoreiEvropska komisija, uz podr\u0161ku&nbsp;Agencije za investicije Crne Gore, u okviru inicijative&nbsp;\u201eUbrzanje investicija u Crnoj Gori&#8221;.<\/p>\n","protected":false},"excerpt":{"rendered":"<p>Na Investicionoj konferenciji EU &#8211; Crna Gora, koju su danas u Lu\u0161tici otvorili predsjednik Vlade Milojko Spaji\u0107 i predsjednica Evropske komisije Ursula fon der Lajen, predstavljen je rastu\u0107i potencijal Crne Gore za strate\u0161ke, zelene i odr\u017eive investicije kroz nova partnerstva izme\u0111u vode\u0107ih crnogorskih i evropskih kompanija. Ovaj doga\u0111aj, pod sloganom&nbsp;\u201ePametan rast, zelena budu\u0107nost \u2013 Ubrzanje [&hellip;]<\/p>\n","protected":false},"author":3,"featured_media":46031,"comment_status":"closed","ping_status":"closed","sticky":false,"template":"","format":"standard","meta":{"_acf_changed":false,"footnotes":""},"categories":[283,524],"tags":[],"class_list":["post-46030","post","type-post","status-publish","format-standard","has-post-thumbnail","hentry","category-novosti-me","category-vesti"],"acf":[],"yoast_head":"<!-- This site is optimized with the Yoast SEO plugin v27.3 - https:\/\/yoast.com\/product\/yoast-seo-wordpress\/ -->\n<title>Pametan rast, zelena budu\u0107nost \u2013 Ubrzanje investicija u CG - Europe House<\/title>\n<meta name=\"robots\" content=\"index, follow, max-snippet:-1, max-image-preview:large, max-video-preview:-1\" \/>\n<link rel=\"canonical\" href=\"https:\/\/www.evropskakuca.me\/me\/pametan-rast-zelena-buducnost-ubrzanje-investicija-u-cg\/\" \/>\n<meta property=\"og:locale\" content=\"en_US\" \/>\n<meta property=\"og:type\" content=\"article\" \/>\n<meta property=\"og:title\" content=\"Pametan rast, zelena budu\u0107nost \u2013 Ubrzanje investicija u CG - Europe House\" \/>\n<meta property=\"og:description\" content=\"Na Investicionoj konferenciji EU &#8211; Crna Gora, koju su danas u Lu\u0161tici otvorili predsjednik Vlade Milojko Spaji\u0107 i predsjednica Evropske komisije Ursula fon der Lajen, predstavljen je rastu\u0107i potencijal Crne Gore za strate\u0161ke, zelene i odr\u017eive investicije kroz nova partnerstva izme\u0111u vode\u0107ih crnogorskih i evropskih kompanija. Ovaj doga\u0111aj, pod sloganom&nbsp;\u201ePametan rast, zelena budu\u0107nost \u2013 Ubrzanje [&hellip;]\" \/>\n<meta property=\"og:url\" content=\"https:\/\/www.evropskakuca.me\/me\/pametan-rast-zelena-buducnost-ubrzanje-investicija-u-cg\/\" \/>\n<meta property=\"og:site_name\" content=\"Europe House\" \/>\n<meta property=\"article:publisher\" content=\"https:\/\/www.facebook.com\/evropska.kuca\" \/>\n<meta property=\"article:published_time\" content=\"2025-10-14T09:22:33+00:00\" \/>\n<meta property=\"article:modified_time\" content=\"2025-10-15T07:48:23+00:00\" \/>\n<meta property=\"og:image\" content=\"https:\/\/www.evropskakuca.me\/wp-content\/uploads\/2025\/10\/Photo-3-6.jpeg\" \/>\n\t<meta property=\"og:image:width\" content=\"1280\" \/>\n\t<meta property=\"og:image:height\" content=\"853\" \/>\n\t<meta property=\"og:image:type\" content=\"image\/jpeg\" \/>\n<meta name=\"author\" content=\"Aleksandar Vukovic\" \/>\n<meta name=\"twitter:card\" content=\"summary_large_image\" \/>\n<meta name=\"twitter:creator\" content=\"@evropska_kuca\" \/>\n<meta name=\"twitter:site\" content=\"@evropska_kuca\" \/>\n<meta name=\"twitter:label1\" content=\"Written by\" \/>\n\t<meta name=\"twitter:data1\" content=\"Aleksandar Vukovic\" \/>\n\t<meta name=\"twitter:label2\" content=\"Est. reading time\" \/>\n\t<meta name=\"twitter:data2\" content=\"4 minutes\" \/>\n<script type=\"application\/ld+json\" class=\"yoast-schema-graph\">{\"@context\":\"https:\\\/\\\/schema.org\",\"@graph\":[{\"@type\":\"Article\",\"@id\":\"https:\\\/\\\/www.evropskakuca.me\\\/me\\\/pametan-rast-zelena-buducnost-ubrzanje-investicija-u-cg\\\/#article\",\"isPartOf\":{\"@id\":\"https:\\\/\\\/www.evropskakuca.me\\\/me\\\/pametan-rast-zelena-buducnost-ubrzanje-investicija-u-cg\\\/\"},\"author\":{\"name\":\"Aleksandar Vukovic\",\"@id\":\"https:\\\/\\\/www.evropskakuca.me\\\/me\\\/#\\\/schema\\\/person\\\/7e16527119c7b67f457996b970f2bd6e\"},\"headline\":\"Pametan rast, zelena budu\u0107nost \u2013 Ubrzanje investicija u CG\",\"datePublished\":\"2025-10-14T09:22:33+00:00\",\"dateModified\":\"2025-10-15T07:48:23+00:00\",\"mainEntityOfPage\":{\"@id\":\"https:\\\/\\\/www.evropskakuca.me\\\/me\\\/pametan-rast-zelena-buducnost-ubrzanje-investicija-u-cg\\\/\"},\"wordCount\":590,\"publisher\":{\"@id\":\"https:\\\/\\\/www.evropskakuca.me\\\/me\\\/#organization\"},\"image\":{\"@id\":\"https:\\\/\\\/www.evropskakuca.me\\\/me\\\/pametan-rast-zelena-buducnost-ubrzanje-investicija-u-cg\\\/#primaryimage\"},\"thumbnailUrl\":\"https:\\\/\\\/www.evropskakuca.me\\\/wp-content\\\/uploads\\\/2025\\\/10\\\/Photo-3-6.jpeg\",\"articleSection\":[\"Novosti\",\"Vesti\"],\"inLanguage\":\"me-ME\"},{\"@type\":\"WebPage\",\"@id\":\"https:\\\/\\\/www.evropskakuca.me\\\/me\\\/pametan-rast-zelena-buducnost-ubrzanje-investicija-u-cg\\\/\",\"url\":\"https:\\\/\\\/www.evropskakuca.me\\\/me\\\/pametan-rast-zelena-buducnost-ubrzanje-investicija-u-cg\\\/\",\"name\":\"Pametan rast, zelena budu\u0107nost \u2013 Ubrzanje investicija u CG - Europe House\",\"isPartOf\":{\"@id\":\"https:\\\/\\\/www.evropskakuca.me\\\/me\\\/#website\"},\"primaryImageOfPage\":{\"@id\":\"https:\\\/\\\/www.evropskakuca.me\\\/me\\\/pametan-rast-zelena-buducnost-ubrzanje-investicija-u-cg\\\/#primaryimage\"},\"image\":{\"@id\":\"https:\\\/\\\/www.evropskakuca.me\\\/me\\\/pametan-rast-zelena-buducnost-ubrzanje-investicija-u-cg\\\/#primaryimage\"},\"thumbnailUrl\":\"https:\\\/\\\/www.evropskakuca.me\\\/wp-content\\\/uploads\\\/2025\\\/10\\\/Photo-3-6.jpeg\",\"datePublished\":\"2025-10-14T09:22:33+00:00\",\"dateModified\":\"2025-10-15T07:48:23+00:00\",\"breadcrumb\":{\"@id\":\"https:\\\/\\\/www.evropskakuca.me\\\/me\\\/pametan-rast-zelena-buducnost-ubrzanje-investicija-u-cg\\\/#breadcrumb\"},\"inLanguage\":\"me-ME\",\"potentialAction\":[{\"@type\":\"ReadAction\",\"target\":[\"https:\\\/\\\/www.evropskakuca.me\\\/me\\\/pametan-rast-zelena-buducnost-ubrzanje-investicija-u-cg\\\/\"]}]},{\"@type\":\"ImageObject\",\"inLanguage\":\"me-ME\",\"@id\":\"https:\\\/\\\/www.evropskakuca.me\\\/me\\\/pametan-rast-zelena-buducnost-ubrzanje-investicija-u-cg\\\/#primaryimage\",\"url\":\"https:\\\/\\\/www.evropskakuca.me\\\/wp-content\\\/uploads\\\/2025\\\/10\\\/Photo-3-6.jpeg\",\"contentUrl\":\"https:\\\/\\\/www.evropskakuca.me\\\/wp-content\\\/uploads\\\/2025\\\/10\\\/Photo-3-6.jpeg\",\"width\":1280,\"height\":853},{\"@type\":\"BreadcrumbList\",\"@id\":\"https:\\\/\\\/www.evropskakuca.me\\\/me\\\/pametan-rast-zelena-buducnost-ubrzanje-investicija-u-cg\\\/#breadcrumb\",\"itemListElement\":[{\"@type\":\"ListItem\",\"position\":1,\"name\":\"Home\",\"item\":\"https:\\\/\\\/www.evropskakuca.me\\\/me\\\/\"},{\"@type\":\"ListItem\",\"position\":2,\"name\":\"Pametan rast, zelena budu\u0107nost \u2013 Ubrzanje investicija u CG\"}]},{\"@type\":\"WebSite\",\"@id\":\"https:\\\/\\\/www.evropskakuca.me\\\/me\\\/#website\",\"url\":\"https:\\\/\\\/www.evropskakuca.me\\\/me\\\/\",\"name\":\"Evropean house\",\"description\":\"\",\"publisher\":{\"@id\":\"https:\\\/\\\/www.evropskakuca.me\\\/me\\\/#organization\"},\"potentialAction\":[{\"@type\":\"SearchAction\",\"target\":{\"@type\":\"EntryPoint\",\"urlTemplate\":\"https:\\\/\\\/www.evropskakuca.me\\\/me\\\/?s={search_term_string}\"},\"query-input\":{\"@type\":\"PropertyValueSpecification\",\"valueRequired\":true,\"valueName\":\"search_term_string\"}}],\"inLanguage\":\"me-ME\"},{\"@type\":\"Organization\",\"@id\":\"https:\\\/\\\/www.evropskakuca.me\\\/me\\\/#organization\",\"name\":\"Evropean house\",\"url\":\"https:\\\/\\\/www.evropskakuca.me\\\/me\\\/\",\"logo\":{\"@type\":\"ImageObject\",\"inLanguage\":\"me-ME\",\"@id\":\"https:\\\/\\\/www.evropskakuca.me\\\/me\\\/#\\\/schema\\\/logo\\\/image\\\/\",\"url\":\"https:\\\/\\\/www.evropskakuca.me\\\/wp-content\\\/uploads\\\/2025\\\/01\\\/evropska-kuca-logo-1.png\",\"contentUrl\":\"https:\\\/\\\/www.evropskakuca.me\\\/wp-content\\\/uploads\\\/2025\\\/01\\\/evropska-kuca-logo-1.png\",\"width\":425,\"height\":312,\"caption\":\"Evropean house\"},\"image\":{\"@id\":\"https:\\\/\\\/www.evropskakuca.me\\\/me\\\/#\\\/schema\\\/logo\\\/image\\\/\"},\"sameAs\":[\"https:\\\/\\\/www.facebook.com\\\/evropska.kuca\",\"https:\\\/\\\/x.com\\\/evropska_kuca\",\"https:\\\/\\\/www.instagram.com\\\/evropska_kuca\"]},{\"@type\":\"Person\",\"@id\":\"https:\\\/\\\/www.evropskakuca.me\\\/me\\\/#\\\/schema\\\/person\\\/7e16527119c7b67f457996b970f2bd6e\",\"name\":\"Aleksandar Vukovic\",\"image\":{\"@type\":\"ImageObject\",\"inLanguage\":\"me-ME\",\"@id\":\"https:\\\/\\\/secure.gravatar.com\\\/avatar\\\/a1834e0104b0242a886079bde835ba36d80c70f9987a11f3ba33eb9e8d74cc15?s=96&d=mm&r=g\",\"url\":\"https:\\\/\\\/secure.gravatar.com\\\/avatar\\\/a1834e0104b0242a886079bde835ba36d80c70f9987a11f3ba33eb9e8d74cc15?s=96&d=mm&r=g\",\"contentUrl\":\"https:\\\/\\\/secure.gravatar.com\\\/avatar\\\/a1834e0104b0242a886079bde835ba36d80c70f9987a11f3ba33eb9e8d74cc15?s=96&d=mm&r=g\",\"caption\":\"Aleksandar Vukovic\"},\"url\":\"https:\\\/\\\/www.evropskakuca.me\\\/me\\\/author\\\/aleksandar\\\/\"}]}<\/script>\n<!-- \/ Yoast SEO plugin. -->","yoast_head_json":{"title":"Pametan rast, zelena budu\u0107nost \u2013 Ubrzanje investicija u CG - Europe House","robots":{"index":"index","follow":"follow","max-snippet":"max-snippet:-1","max-image-preview":"max-image-preview:large","max-video-preview":"max-video-preview:-1"},"canonical":"https:\/\/www.evropskakuca.me\/me\/pametan-rast-zelena-buducnost-ubrzanje-investicija-u-cg\/","og_locale":"en_US","og_type":"article","og_title":"Pametan rast, zelena budu\u0107nost \u2013 Ubrzanje investicija u CG - Europe House","og_description":"Na Investicionoj konferenciji EU &#8211; Crna Gora, koju su danas u Lu\u0161tici otvorili predsjednik Vlade Milojko Spaji\u0107 i predsjednica Evropske komisije Ursula fon der Lajen, predstavljen je rastu\u0107i potencijal Crne Gore za strate\u0161ke, zelene i odr\u017eive investicije kroz nova partnerstva izme\u0111u vode\u0107ih crnogorskih i evropskih kompanija. Ovaj doga\u0111aj, pod sloganom&nbsp;\u201ePametan rast, zelena budu\u0107nost \u2013 Ubrzanje [&hellip;]","og_url":"https:\/\/www.evropskakuca.me\/me\/pametan-rast-zelena-buducnost-ubrzanje-investicija-u-cg\/","og_site_name":"Europe House","article_publisher":"https:\/\/www.facebook.com\/evropska.kuca","article_published_time":"2025-10-14T09:22:33+00:00","article_modified_time":"2025-10-15T07:48:23+00:00","og_image":[{"width":1280,"height":853,"url":"https:\/\/www.evropskakuca.me\/wp-content\/uploads\/2025\/10\/Photo-3-6.jpeg","type":"image\/jpeg"}],"author":"Aleksandar Vukovic","twitter_card":"summary_large_image","twitter_creator":"@evropska_kuca","twitter_site":"@evropska_kuca","twitter_misc":{"Written by":"Aleksandar Vukovic","Est. reading time":"4 minutes"},"schema":{"@context":"https:\/\/schema.org","@graph":[{"@type":"Article","@id":"https:\/\/www.evropskakuca.me\/me\/pametan-rast-zelena-buducnost-ubrzanje-investicija-u-cg\/#article","isPartOf":{"@id":"https:\/\/www.evropskakuca.me\/me\/pametan-rast-zelena-buducnost-ubrzanje-investicija-u-cg\/"},"author":{"name":"Aleksandar Vukovic","@id":"https:\/\/www.evropskakuca.me\/me\/#\/schema\/person\/7e16527119c7b67f457996b970f2bd6e"},"headline":"Pametan rast, zelena budu\u0107nost \u2013 Ubrzanje investicija u CG","datePublished":"2025-10-14T09:22:33+00:00","dateModified":"2025-10-15T07:48:23+00:00","mainEntityOfPage":{"@id":"https:\/\/www.evropskakuca.me\/me\/pametan-rast-zelena-buducnost-ubrzanje-investicija-u-cg\/"},"wordCount":590,"publisher":{"@id":"https:\/\/www.evropskakuca.me\/me\/#organization"},"image":{"@id":"https:\/\/www.evropskakuca.me\/me\/pametan-rast-zelena-buducnost-ubrzanje-investicija-u-cg\/#primaryimage"},"thumbnailUrl":"https:\/\/www.evropskakuca.me\/wp-content\/uploads\/2025\/10\/Photo-3-6.jpeg","articleSection":["Novosti","Vesti"],"inLanguage":"me-ME"},{"@type":"WebPage","@id":"https:\/\/www.evropskakuca.me\/me\/pametan-rast-zelena-buducnost-ubrzanje-investicija-u-cg\/","url":"https:\/\/www.evropskakuca.me\/me\/pametan-rast-zelena-buducnost-ubrzanje-investicija-u-cg\/","name":"Pametan rast, zelena budu\u0107nost \u2013 Ubrzanje investicija u CG - Europe House","isPartOf":{"@id":"https:\/\/www.evropskakuca.me\/me\/#website"},"primaryImageOfPage":{"@id":"https:\/\/www.evropskakuca.me\/me\/pametan-rast-zelena-buducnost-ubrzanje-investicija-u-cg\/#primaryimage"},"image":{"@id":"https:\/\/www.evropskakuca.me\/me\/pametan-rast-zelena-buducnost-ubrzanje-investicija-u-cg\/#primaryimage"},"thumbnailUrl":"https:\/\/www.evropskakuca.me\/wp-content\/uploads\/2025\/10\/Photo-3-6.jpeg","datePublished":"2025-10-14T09:22:33+00:00","dateModified":"2025-10-15T07:48:23+00:00","breadcrumb":{"@id":"https:\/\/www.evropskakuca.me\/me\/pametan-rast-zelena-buducnost-ubrzanje-investicija-u-cg\/#breadcrumb"},"inLanguage":"me-ME","potentialAction":[{"@type":"ReadAction","target":["https:\/\/www.evropskakuca.me\/me\/pametan-rast-zelena-buducnost-ubrzanje-investicija-u-cg\/"]}]},{"@type":"ImageObject","inLanguage":"me-ME","@id":"https:\/\/www.evropskakuca.me\/me\/pametan-rast-zelena-buducnost-ubrzanje-investicija-u-cg\/#primaryimage","url":"https:\/\/www.evropskakuca.me\/wp-content\/uploads\/2025\/10\/Photo-3-6.jpeg","contentUrl":"https:\/\/www.evropskakuca.me\/wp-content\/uploads\/2025\/10\/Photo-3-6.jpeg","width":1280,"height":853},{"@type":"BreadcrumbList","@id":"https:\/\/www.evropskakuca.me\/me\/pametan-rast-zelena-buducnost-ubrzanje-investicija-u-cg\/#breadcrumb","itemListElement":[{"@type":"ListItem","position":1,"name":"Home","item":"https:\/\/www.evropskakuca.me\/me\/"},{"@type":"ListItem","position":2,"name":"Pametan rast, zelena budu\u0107nost \u2013 Ubrzanje investicija u CG"}]},{"@type":"WebSite","@id":"https:\/\/www.evropskakuca.me\/me\/#website","url":"https:\/\/www.evropskakuca.me\/me\/","name":"Evropean house","description":"","publisher":{"@id":"https:\/\/www.evropskakuca.me\/me\/#organization"},"potentialAction":[{"@type":"SearchAction","target":{"@type":"EntryPoint","urlTemplate":"https:\/\/www.evropskakuca.me\/me\/?s={search_term_string}"},"query-input":{"@type":"PropertyValueSpecification","valueRequired":true,"valueName":"search_term_string"}}],"inLanguage":"me-ME"},{"@type":"Organization","@id":"https:\/\/www.evropskakuca.me\/me\/#organization","name":"Evropean house","url":"https:\/\/www.evropskakuca.me\/me\/","logo":{"@type":"ImageObject","inLanguage":"me-ME","@id":"https:\/\/www.evropskakuca.me\/me\/#\/schema\/logo\/image\/","url":"https:\/\/www.evropskakuca.me\/wp-content\/uploads\/2025\/01\/evropska-kuca-logo-1.png","contentUrl":"https:\/\/www.evropskakuca.me\/wp-content\/uploads\/2025\/01\/evropska-kuca-logo-1.png","width":425,"height":312,"caption":"Evropean house"},"image":{"@id":"https:\/\/www.evropskakuca.me\/me\/#\/schema\/logo\/image\/"},"sameAs":["https:\/\/www.facebook.com\/evropska.kuca","https:\/\/x.com\/evropska_kuca","https:\/\/www.instagram.com\/evropska_kuca"]},{"@type":"Person","@id":"https:\/\/www.evropskakuca.me\/me\/#\/schema\/person\/7e16527119c7b67f457996b970f2bd6e","name":"Aleksandar Vukovic","image":{"@type":"ImageObject","inLanguage":"me-ME","@id":"https:\/\/secure.gravatar.com\/avatar\/a1834e0104b0242a886079bde835ba36d80c70f9987a11f3ba33eb9e8d74cc15?s=96&d=mm&r=g","url":"https:\/\/secure.gravatar.com\/avatar\/a1834e0104b0242a886079bde835ba36d80c70f9987a11f3ba33eb9e8d74cc15?s=96&d=mm&r=g","contentUrl":"https:\/\/secure.gravatar.com\/avatar\/a1834e0104b0242a886079bde835ba36d80c70f9987a11f3ba33eb9e8d74cc15?s=96&d=mm&r=g","caption":"Aleksandar Vukovic"},"url":"https:\/\/www.evropskakuca.me\/me\/author\/aleksandar\/"}]}},"_links":{"self":[{"href":"https:\/\/www.evropskakuca.me\/me\/wp-json\/wp\/v2\/posts\/46030","targetHints":{"allow":["GET"]}}],"collection":[{"href":"https:\/\/www.evropskakuca.me\/me\/wp-json\/wp\/v2\/posts"}],"about":[{"href":"https:\/\/www.evropskakuca.me\/me\/wp-json\/wp\/v2\/types\/post"}],"author":[{"embeddable":true,"href":"https:\/\/www.evropskakuca.me\/me\/wp-json\/wp\/v2\/users\/3"}],"replies":[{"embeddable":true,"href":"https:\/\/www.evropskakuca.me\/me\/wp-json\/wp\/v2\/comments?post=46030"}],"version-history":[{"count":2,"href":"https:\/\/www.evropskakuca.me\/me\/wp-json\/wp\/v2\/posts\/46030\/revisions"}],"predecessor-version":[{"id":46046,"href":"https:\/\/www.evropskakuca.me\/me\/wp-json\/wp\/v2\/posts\/46030\/revisions\/46046"}],"wp:featuredmedia":[{"embeddable":true,"href":"https:\/\/www.evropskakuca.me\/me\/wp-json\/wp\/v2\/media\/46031"}],"wp:attachment":[{"href":"https:\/\/www.evropskakuca.me\/me\/wp-json\/wp\/v2\/media?parent=46030"}],"wp:term":[{"taxonomy":"category","embeddable":true,"href":"https:\/\/www.evropskakuca.me\/me\/wp-json\/wp\/v2\/categories?post=46030"},{"taxonomy":"post_tag","embeddable":true,"href":"https:\/\/www.evropskakuca.me\/me\/wp-json\/wp\/v2\/tags?post=46030"}],"curies":[{"name":"wp","href":"https:\/\/api.w.org\/{rel}","templated":true}]}}