{"id":45897,"date":"2025-10-02T11:03:25","date_gmt":"2025-10-02T11:03:25","guid":{"rendered":"https:\/\/www.evropskakuca.me\/?p=45897"},"modified":"2025-10-02T11:37:51","modified_gmt":"2025-10-02T11:37:51","slug":"eu4green-otvara-konkurs-za-zeleno-novinarstvo-na-zapadnom-balkanu","status":"publish","type":"post","link":"https:\/\/www.evropskakuca.me\/me\/eu4green-otvara-konkurs-za-zeleno-novinarstvo-na-zapadnom-balkanu\/","title":{"rendered":"EU4Green otvara Konkurs za zeleno novinarstvo na Zapadnom Balkanu"},"content":{"rendered":"\n<p>Novinari i novinarke \u0161irom Zapadnog Balkana pozivaju se da u\u010destvuju u Konkursu za zeleno novinarstvo, inicijativi koja prepoznaje izuzetno novinarsko izve\u0161tavanje o za\u0161titi \u017eivotne sredine i zelenoj tranziciji regiona.<\/p>\n\n\n\n<p>Cilj nagrade je da podstakne javnu debatu, ohrabri kvalitetno novinarstvo i istakne ulogu medija u sprovo\u0111enju&nbsp;<strong>Zelene agende za Zapadni Balkan<\/strong>. Konkurs obuhvata svih \u0161est ekonomija Zapadnog Balkana, uklju\u010duju\u0107i i Srbiju, i otvoren je za objavljene radove koji gra\u0111anima pribli\u017eavaju izazove i mogu\u0107nosti zelene tranzicije.<\/p>\n\n\n\n<p>Autor\/ka najbolje ocjenjenog rada dobi\u0107e&nbsp;<strong>Professional Certificate in Environmental Journalism<\/strong>, online kurs koji realizuje&nbsp;<strong>London School of International Business (LSIB)<\/strong>, u trajanju od jednog do dva mjeseca. Pored toga, pobjednik\/ca \u0107e ste\u0107i me\u0111unarodnu prepoznatljivost putem EU4Green komunikacionih kanala.<\/p>\n\n\n\n<p><strong>Pravo u\u010de\u0161\u0107a<\/strong><\/p>\n\n\n\n<p>Na konkurs se mogu prijaviti novinarski radovi \u2014 TV prilozi, radijske reporta\u017ee, online forme ili pisani \u010dlanci \u2014&nbsp;<strong>objavljeni izme\u0111u 1. januara i 1. oktobra 2025.<\/strong>&nbsp;Radovi moraju poticati iz jedne od \u0161est ekonomija Zapadnog Balkana i mogu biti na lokalnom jeziku ili na engleskom.&nbsp;<strong>Radovi na lokalnim jezicima treba da budu prevedeni i na engleski.<\/strong><\/p>\n\n\n\n<p><strong>Teme<\/strong><\/p>\n\n\n\n<p>Radovi treba da obra\u0111uju jednu ili vi\u0161e tema u vezi sa&nbsp;<strong>Zelenom agendom za Zapadni Balkan<\/strong>&nbsp;i njenim uticajem na gra\u0111ane, uklju\u010duju\u0107i: \u010dist vazduh, vodu i zemlji\u0161te; biodiverzitet i prirodu; odr\u017eivu poljoprivredu i ishranu; zelenu i kru\u017enu ekonomiju i zelene finansije; klimatske akcije (ubla\u017eavanje, adaptacija, otpornost zajednica). Podsti\u010du se i me\u0111usektorski pristupi (inkluzija, rodna ravnopravnost, socijalna pravda).<\/p>\n\n\n\n<figure class=\"wp-block-image size-large\"><img fetchpriority=\"high\" decoding=\"async\" width=\"1024\" height=\"1024\" src=\"https:\/\/www.evropskakuca.me\/wp-content\/uploads\/2025\/10\/Vizual-EU4GREEN-konkurs-1024x1024.jpeg\" alt=\"\" class=\"wp-image-45898\" srcset=\"https:\/\/www.evropskakuca.me\/wp-content\/uploads\/2025\/10\/Vizual-EU4GREEN-konkurs-1024x1024.jpeg 1024w, https:\/\/www.evropskakuca.me\/wp-content\/uploads\/2025\/10\/Vizual-EU4GREEN-konkurs-300x300.jpeg 300w, https:\/\/www.evropskakuca.me\/wp-content\/uploads\/2025\/10\/Vizual-EU4GREEN-konkurs-150x150.jpeg 150w, https:\/\/www.evropskakuca.me\/wp-content\/uploads\/2025\/10\/Vizual-EU4GREEN-konkurs-768x768.jpeg 768w, https:\/\/www.evropskakuca.me\/wp-content\/uploads\/2025\/10\/Vizual-EU4GREEN-konkurs.jpeg 1080w\" sizes=\"(max-width: 1024px) 100vw, 1024px\" \/><\/figure>\n\n\n\n<p><strong>Kako se prijaviti<\/strong><\/p>\n\n\n\n<p>Konkurs je otvoren&nbsp;<strong>od 30. septembra do 9. oktobra 2025.<\/strong>&nbsp;Novinari ili ovla\u0161teni predstavnici medija \u0161alju radove na&nbsp;<strong><a href=\"mailto:contact@eu4green.eu\">contact@eu4green.eu<\/a><\/strong>, sa naznakom u predmetu mail-a:&nbsp;<strong>&#8220;For the Green Journalism Award&#8221;<\/strong>. Svaka prijava mora da sadr\u017ei podatke o autoru\/ki, datum objave i link ili kopiju objavljenog rada. Dozvoljena su najvi\u0161e&nbsp;<strong>tri rada po kandidatu\/kinji<\/strong>.<\/p>\n\n\n\n<p>Stru\u010dni \u017eiri ocjenjiva\u0107e prijave prema&nbsp;<strong>relevantnosti, dubini obrade teme, originalnosti, javnom uticaju i eti\u010dkim standardima<\/strong>. Pobjednik\/ca&nbsp;\u0107e biti objavljen\/a nakon zavr\u0161ene evaluacije. Otvoreni poziv i pravila konkursa dostupni su na linku:&nbsp;<a href=\"https:\/\/eu4green.eu\/open-call-for-submission-of-journalistic-works-eu4green-green-journalism-award\/\" target=\"_blank\" rel=\"noreferrer noopener\">Konkurs za zeleno novinarstvo_EU4Green<\/a><\/p>\n\n\n\n<p><strong>O projektu<\/strong><\/p>\n\n\n\n<p><strong>EU4Green<\/strong>&nbsp;je regionalni program koji finansira&nbsp;<strong>Evropska unija<\/strong>, uz sufinansiranje&nbsp;<strong>Austrijske razvojne agencije (ADA)<\/strong>&nbsp;putem&nbsp;<strong>International Partnerships Austria<\/strong>, a implementira ga&nbsp;<strong>Agencija za \u017eivotnu sredinu Austrije<\/strong>. Projekat podr\u017eava ekonomije Zapadnog Balkana u sprovo\u0111enju Zelene agende kroz uskla\u0111ivanje politika sa standardima EU.<\/p>\n","protected":false},"excerpt":{"rendered":"<p>Novinari i novinarke \u0161irom Zapadnog Balkana pozivaju se da u\u010destvuju u Konkursu za zeleno novinarstvo, inicijativi koja prepoznaje izuzetno novinarsko izve\u0161tavanje o za\u0161titi \u017eivotne sredine i zelenoj tranziciji regiona. Cilj nagrade je da podstakne javnu debatu, ohrabri kvalitetno novinarstvo i istakne ulogu medija u sprovo\u0111enju&nbsp;Zelene agende za Zapadni Balkan. Konkurs obuhvata svih \u0161est ekonomija Zapadnog [&hellip;]<\/p>\n","protected":false},"author":3,"featured_media":45898,"comment_status":"closed","ping_status":"closed","sticky":false,"template":"","format":"standard","meta":{"_acf_changed":false,"footnotes":""},"categories":[283,2,524],"tags":[],"class_list":["post-45897","post","type-post","status-publish","format-standard","has-post-thumbnail","hentry","category-novosti-me","category-uncategorized-me","category-vesti"],"acf":[],"yoast_head":"<!-- This site is optimized with the Yoast SEO plugin v27.3 - https:\/\/yoast.com\/product\/yoast-seo-wordpress\/ -->\n<title>EU4Green otvara Konkurs za zeleno novinarstvo na Zapadnom Balkanu - Europe House<\/title>\n<meta name=\"robots\" content=\"index, follow, max-snippet:-1, max-image-preview:large, max-video-preview:-1\" \/>\n<link rel=\"canonical\" href=\"https:\/\/www.evropskakuca.me\/me\/eu4green-otvara-konkurs-za-zeleno-novinarstvo-na-zapadnom-balkanu\/\" \/>\n<meta property=\"og:locale\" content=\"en_US\" \/>\n<meta property=\"og:type\" content=\"article\" \/>\n<meta property=\"og:title\" content=\"EU4Green otvara Konkurs za zeleno novinarstvo na Zapadnom Balkanu - Europe House\" \/>\n<meta property=\"og:description\" content=\"Novinari i novinarke \u0161irom Zapadnog Balkana pozivaju se da u\u010destvuju u Konkursu za zeleno novinarstvo, inicijativi koja prepoznaje izuzetno novinarsko izve\u0161tavanje o za\u0161titi \u017eivotne sredine i zelenoj tranziciji regiona. Cilj nagrade je da podstakne javnu debatu, ohrabri kvalitetno novinarstvo i istakne ulogu medija u sprovo\u0111enju&nbsp;Zelene agende za Zapadni Balkan. Konkurs obuhvata svih \u0161est ekonomija Zapadnog [&hellip;]\" \/>\n<meta property=\"og:url\" content=\"https:\/\/www.evropskakuca.me\/me\/eu4green-otvara-konkurs-za-zeleno-novinarstvo-na-zapadnom-balkanu\/\" \/>\n<meta property=\"og:site_name\" content=\"Europe House\" \/>\n<meta property=\"article:publisher\" content=\"https:\/\/www.facebook.com\/evropska.kuca\" \/>\n<meta property=\"article:published_time\" content=\"2025-10-02T11:03:25+00:00\" \/>\n<meta property=\"article:modified_time\" content=\"2025-10-02T11:37:51+00:00\" \/>\n<meta property=\"og:image\" content=\"https:\/\/www.evropskakuca.me\/wp-content\/uploads\/2025\/10\/Vizual-EU4GREEN-konkurs.jpeg\" \/>\n\t<meta property=\"og:image:width\" content=\"1080\" \/>\n\t<meta property=\"og:image:height\" content=\"1080\" \/>\n\t<meta property=\"og:image:type\" content=\"image\/jpeg\" \/>\n<meta name=\"author\" content=\"Aleksandar Vukovic\" \/>\n<meta name=\"twitter:card\" content=\"summary_large_image\" \/>\n<meta name=\"twitter:creator\" content=\"@evropska_kuca\" \/>\n<meta name=\"twitter:site\" content=\"@evropska_kuca\" \/>\n<meta name=\"twitter:label1\" content=\"Written by\" \/>\n\t<meta name=\"twitter:data1\" content=\"Aleksandar Vukovic\" \/>\n\t<meta name=\"twitter:label2\" content=\"Est. reading time\" \/>\n\t<meta name=\"twitter:data2\" content=\"2 minutes\" \/>\n<script type=\"application\/ld+json\" class=\"yoast-schema-graph\">{\"@context\":\"https:\\\/\\\/schema.org\",\"@graph\":[{\"@type\":\"Article\",\"@id\":\"https:\\\/\\\/www.evropskakuca.me\\\/me\\\/eu4green-otvara-konkurs-za-zeleno-novinarstvo-na-zapadnom-balkanu\\\/#article\",\"isPartOf\":{\"@id\":\"https:\\\/\\\/www.evropskakuca.me\\\/me\\\/eu4green-otvara-konkurs-za-zeleno-novinarstvo-na-zapadnom-balkanu\\\/\"},\"author\":{\"name\":\"Aleksandar Vukovic\",\"@id\":\"https:\\\/\\\/www.evropskakuca.me\\\/me\\\/#\\\/schema\\\/person\\\/7e16527119c7b67f457996b970f2bd6e\"},\"headline\":\"EU4Green otvara Konkurs za zeleno novinarstvo na Zapadnom Balkanu\",\"datePublished\":\"2025-10-02T11:03:25+00:00\",\"dateModified\":\"2025-10-02T11:37:51+00:00\",\"mainEntityOfPage\":{\"@id\":\"https:\\\/\\\/www.evropskakuca.me\\\/me\\\/eu4green-otvara-konkurs-za-zeleno-novinarstvo-na-zapadnom-balkanu\\\/\"},\"wordCount\":435,\"publisher\":{\"@id\":\"https:\\\/\\\/www.evropskakuca.me\\\/me\\\/#organization\"},\"image\":{\"@id\":\"https:\\\/\\\/www.evropskakuca.me\\\/me\\\/eu4green-otvara-konkurs-za-zeleno-novinarstvo-na-zapadnom-balkanu\\\/#primaryimage\"},\"thumbnailUrl\":\"https:\\\/\\\/www.evropskakuca.me\\\/wp-content\\\/uploads\\\/2025\\\/10\\\/Vizual-EU4GREEN-konkurs.jpeg\",\"articleSection\":[\"Novosti\",\"Uncategorized @me\",\"Vesti\"],\"inLanguage\":\"me-ME\"},{\"@type\":\"WebPage\",\"@id\":\"https:\\\/\\\/www.evropskakuca.me\\\/me\\\/eu4green-otvara-konkurs-za-zeleno-novinarstvo-na-zapadnom-balkanu\\\/\",\"url\":\"https:\\\/\\\/www.evropskakuca.me\\\/me\\\/eu4green-otvara-konkurs-za-zeleno-novinarstvo-na-zapadnom-balkanu\\\/\",\"name\":\"EU4Green otvara Konkurs za zeleno novinarstvo na Zapadnom Balkanu - Europe House\",\"isPartOf\":{\"@id\":\"https:\\\/\\\/www.evropskakuca.me\\\/me\\\/#website\"},\"primaryImageOfPage\":{\"@id\":\"https:\\\/\\\/www.evropskakuca.me\\\/me\\\/eu4green-otvara-konkurs-za-zeleno-novinarstvo-na-zapadnom-balkanu\\\/#primaryimage\"},\"image\":{\"@id\":\"https:\\\/\\\/www.evropskakuca.me\\\/me\\\/eu4green-otvara-konkurs-za-zeleno-novinarstvo-na-zapadnom-balkanu\\\/#primaryimage\"},\"thumbnailUrl\":\"https:\\\/\\\/www.evropskakuca.me\\\/wp-content\\\/uploads\\\/2025\\\/10\\\/Vizual-EU4GREEN-konkurs.jpeg\",\"datePublished\":\"2025-10-02T11:03:25+00:00\",\"dateModified\":\"2025-10-02T11:37:51+00:00\",\"breadcrumb\":{\"@id\":\"https:\\\/\\\/www.evropskakuca.me\\\/me\\\/eu4green-otvara-konkurs-za-zeleno-novinarstvo-na-zapadnom-balkanu\\\/#breadcrumb\"},\"inLanguage\":\"me-ME\",\"potentialAction\":[{\"@type\":\"ReadAction\",\"target\":[\"https:\\\/\\\/www.evropskakuca.me\\\/me\\\/eu4green-otvara-konkurs-za-zeleno-novinarstvo-na-zapadnom-balkanu\\\/\"]}]},{\"@type\":\"ImageObject\",\"inLanguage\":\"me-ME\",\"@id\":\"https:\\\/\\\/www.evropskakuca.me\\\/me\\\/eu4green-otvara-konkurs-za-zeleno-novinarstvo-na-zapadnom-balkanu\\\/#primaryimage\",\"url\":\"https:\\\/\\\/www.evropskakuca.me\\\/wp-content\\\/uploads\\\/2025\\\/10\\\/Vizual-EU4GREEN-konkurs.jpeg\",\"contentUrl\":\"https:\\\/\\\/www.evropskakuca.me\\\/wp-content\\\/uploads\\\/2025\\\/10\\\/Vizual-EU4GREEN-konkurs.jpeg\",\"width\":1080,\"height\":1080},{\"@type\":\"BreadcrumbList\",\"@id\":\"https:\\\/\\\/www.evropskakuca.me\\\/me\\\/eu4green-otvara-konkurs-za-zeleno-novinarstvo-na-zapadnom-balkanu\\\/#breadcrumb\",\"itemListElement\":[{\"@type\":\"ListItem\",\"position\":1,\"name\":\"Home\",\"item\":\"https:\\\/\\\/www.evropskakuca.me\\\/me\\\/\"},{\"@type\":\"ListItem\",\"position\":2,\"name\":\"EU4Green otvara Konkurs za zeleno novinarstvo na Zapadnom Balkanu\"}]},{\"@type\":\"WebSite\",\"@id\":\"https:\\\/\\\/www.evropskakuca.me\\\/me\\\/#website\",\"url\":\"https:\\\/\\\/www.evropskakuca.me\\\/me\\\/\",\"name\":\"Evropean house\",\"description\":\"\",\"publisher\":{\"@id\":\"https:\\\/\\\/www.evropskakuca.me\\\/me\\\/#organization\"},\"potentialAction\":[{\"@type\":\"SearchAction\",\"target\":{\"@type\":\"EntryPoint\",\"urlTemplate\":\"https:\\\/\\\/www.evropskakuca.me\\\/me\\\/?s={search_term_string}\"},\"query-input\":{\"@type\":\"PropertyValueSpecification\",\"valueRequired\":true,\"valueName\":\"search_term_string\"}}],\"inLanguage\":\"me-ME\"},{\"@type\":\"Organization\",\"@id\":\"https:\\\/\\\/www.evropskakuca.me\\\/me\\\/#organization\",\"name\":\"Evropean house\",\"url\":\"https:\\\/\\\/www.evropskakuca.me\\\/me\\\/\",\"logo\":{\"@type\":\"ImageObject\",\"inLanguage\":\"me-ME\",\"@id\":\"https:\\\/\\\/www.evropskakuca.me\\\/me\\\/#\\\/schema\\\/logo\\\/image\\\/\",\"url\":\"https:\\\/\\\/www.evropskakuca.me\\\/wp-content\\\/uploads\\\/2025\\\/01\\\/evropska-kuca-logo-1.png\",\"contentUrl\":\"https:\\\/\\\/www.evropskakuca.me\\\/wp-content\\\/uploads\\\/2025\\\/01\\\/evropska-kuca-logo-1.png\",\"width\":425,\"height\":312,\"caption\":\"Evropean house\"},\"image\":{\"@id\":\"https:\\\/\\\/www.evropskakuca.me\\\/me\\\/#\\\/schema\\\/logo\\\/image\\\/\"},\"sameAs\":[\"https:\\\/\\\/www.facebook.com\\\/evropska.kuca\",\"https:\\\/\\\/x.com\\\/evropska_kuca\",\"https:\\\/\\\/www.instagram.com\\\/evropska_kuca\"]},{\"@type\":\"Person\",\"@id\":\"https:\\\/\\\/www.evropskakuca.me\\\/me\\\/#\\\/schema\\\/person\\\/7e16527119c7b67f457996b970f2bd6e\",\"name\":\"Aleksandar Vukovic\",\"image\":{\"@type\":\"ImageObject\",\"inLanguage\":\"me-ME\",\"@id\":\"https:\\\/\\\/secure.gravatar.com\\\/avatar\\\/a1834e0104b0242a886079bde835ba36d80c70f9987a11f3ba33eb9e8d74cc15?s=96&d=mm&r=g\",\"url\":\"https:\\\/\\\/secure.gravatar.com\\\/avatar\\\/a1834e0104b0242a886079bde835ba36d80c70f9987a11f3ba33eb9e8d74cc15?s=96&d=mm&r=g\",\"contentUrl\":\"https:\\\/\\\/secure.gravatar.com\\\/avatar\\\/a1834e0104b0242a886079bde835ba36d80c70f9987a11f3ba33eb9e8d74cc15?s=96&d=mm&r=g\",\"caption\":\"Aleksandar Vukovic\"},\"url\":\"https:\\\/\\\/www.evropskakuca.me\\\/me\\\/author\\\/aleksandar\\\/\"}]}<\/script>\n<!-- \/ Yoast SEO plugin. -->","yoast_head_json":{"title":"EU4Green otvara Konkurs za zeleno novinarstvo na Zapadnom Balkanu - Europe House","robots":{"index":"index","follow":"follow","max-snippet":"max-snippet:-1","max-image-preview":"max-image-preview:large","max-video-preview":"max-video-preview:-1"},"canonical":"https:\/\/www.evropskakuca.me\/me\/eu4green-otvara-konkurs-za-zeleno-novinarstvo-na-zapadnom-balkanu\/","og_locale":"en_US","og_type":"article","og_title":"EU4Green otvara Konkurs za zeleno novinarstvo na Zapadnom Balkanu - Europe House","og_description":"Novinari i novinarke \u0161irom Zapadnog Balkana pozivaju se da u\u010destvuju u Konkursu za zeleno novinarstvo, inicijativi koja prepoznaje izuzetno novinarsko izve\u0161tavanje o za\u0161titi \u017eivotne sredine i zelenoj tranziciji regiona. Cilj nagrade je da podstakne javnu debatu, ohrabri kvalitetno novinarstvo i istakne ulogu medija u sprovo\u0111enju&nbsp;Zelene agende za Zapadni Balkan. Konkurs obuhvata svih \u0161est ekonomija Zapadnog [&hellip;]","og_url":"https:\/\/www.evropskakuca.me\/me\/eu4green-otvara-konkurs-za-zeleno-novinarstvo-na-zapadnom-balkanu\/","og_site_name":"Europe House","article_publisher":"https:\/\/www.facebook.com\/evropska.kuca","article_published_time":"2025-10-02T11:03:25+00:00","article_modified_time":"2025-10-02T11:37:51+00:00","og_image":[{"width":1080,"height":1080,"url":"https:\/\/www.evropskakuca.me\/wp-content\/uploads\/2025\/10\/Vizual-EU4GREEN-konkurs.jpeg","type":"image\/jpeg"}],"author":"Aleksandar Vukovic","twitter_card":"summary_large_image","twitter_creator":"@evropska_kuca","twitter_site":"@evropska_kuca","twitter_misc":{"Written by":"Aleksandar Vukovic","Est. reading time":"2 minutes"},"schema":{"@context":"https:\/\/schema.org","@graph":[{"@type":"Article","@id":"https:\/\/www.evropskakuca.me\/me\/eu4green-otvara-konkurs-za-zeleno-novinarstvo-na-zapadnom-balkanu\/#article","isPartOf":{"@id":"https:\/\/www.evropskakuca.me\/me\/eu4green-otvara-konkurs-za-zeleno-novinarstvo-na-zapadnom-balkanu\/"},"author":{"name":"Aleksandar Vukovic","@id":"https:\/\/www.evropskakuca.me\/me\/#\/schema\/person\/7e16527119c7b67f457996b970f2bd6e"},"headline":"EU4Green otvara Konkurs za zeleno novinarstvo na Zapadnom Balkanu","datePublished":"2025-10-02T11:03:25+00:00","dateModified":"2025-10-02T11:37:51+00:00","mainEntityOfPage":{"@id":"https:\/\/www.evropskakuca.me\/me\/eu4green-otvara-konkurs-za-zeleno-novinarstvo-na-zapadnom-balkanu\/"},"wordCount":435,"publisher":{"@id":"https:\/\/www.evropskakuca.me\/me\/#organization"},"image":{"@id":"https:\/\/www.evropskakuca.me\/me\/eu4green-otvara-konkurs-za-zeleno-novinarstvo-na-zapadnom-balkanu\/#primaryimage"},"thumbnailUrl":"https:\/\/www.evropskakuca.me\/wp-content\/uploads\/2025\/10\/Vizual-EU4GREEN-konkurs.jpeg","articleSection":["Novosti","Uncategorized @me","Vesti"],"inLanguage":"me-ME"},{"@type":"WebPage","@id":"https:\/\/www.evropskakuca.me\/me\/eu4green-otvara-konkurs-za-zeleno-novinarstvo-na-zapadnom-balkanu\/","url":"https:\/\/www.evropskakuca.me\/me\/eu4green-otvara-konkurs-za-zeleno-novinarstvo-na-zapadnom-balkanu\/","name":"EU4Green otvara Konkurs za zeleno novinarstvo na Zapadnom Balkanu - Europe House","isPartOf":{"@id":"https:\/\/www.evropskakuca.me\/me\/#website"},"primaryImageOfPage":{"@id":"https:\/\/www.evropskakuca.me\/me\/eu4green-otvara-konkurs-za-zeleno-novinarstvo-na-zapadnom-balkanu\/#primaryimage"},"image":{"@id":"https:\/\/www.evropskakuca.me\/me\/eu4green-otvara-konkurs-za-zeleno-novinarstvo-na-zapadnom-balkanu\/#primaryimage"},"thumbnailUrl":"https:\/\/www.evropskakuca.me\/wp-content\/uploads\/2025\/10\/Vizual-EU4GREEN-konkurs.jpeg","datePublished":"2025-10-02T11:03:25+00:00","dateModified":"2025-10-02T11:37:51+00:00","breadcrumb":{"@id":"https:\/\/www.evropskakuca.me\/me\/eu4green-otvara-konkurs-za-zeleno-novinarstvo-na-zapadnom-balkanu\/#breadcrumb"},"inLanguage":"me-ME","potentialAction":[{"@type":"ReadAction","target":["https:\/\/www.evropskakuca.me\/me\/eu4green-otvara-konkurs-za-zeleno-novinarstvo-na-zapadnom-balkanu\/"]}]},{"@type":"ImageObject","inLanguage":"me-ME","@id":"https:\/\/www.evropskakuca.me\/me\/eu4green-otvara-konkurs-za-zeleno-novinarstvo-na-zapadnom-balkanu\/#primaryimage","url":"https:\/\/www.evropskakuca.me\/wp-content\/uploads\/2025\/10\/Vizual-EU4GREEN-konkurs.jpeg","contentUrl":"https:\/\/www.evropskakuca.me\/wp-content\/uploads\/2025\/10\/Vizual-EU4GREEN-konkurs.jpeg","width":1080,"height":1080},{"@type":"BreadcrumbList","@id":"https:\/\/www.evropskakuca.me\/me\/eu4green-otvara-konkurs-za-zeleno-novinarstvo-na-zapadnom-balkanu\/#breadcrumb","itemListElement":[{"@type":"ListItem","position":1,"name":"Home","item":"https:\/\/www.evropskakuca.me\/me\/"},{"@type":"ListItem","position":2,"name":"EU4Green otvara Konkurs za zeleno novinarstvo na Zapadnom Balkanu"}]},{"@type":"WebSite","@id":"https:\/\/www.evropskakuca.me\/me\/#website","url":"https:\/\/www.evropskakuca.me\/me\/","name":"Evropean house","description":"","publisher":{"@id":"https:\/\/www.evropskakuca.me\/me\/#organization"},"potentialAction":[{"@type":"SearchAction","target":{"@type":"EntryPoint","urlTemplate":"https:\/\/www.evropskakuca.me\/me\/?s={search_term_string}"},"query-input":{"@type":"PropertyValueSpecification","valueRequired":true,"valueName":"search_term_string"}}],"inLanguage":"me-ME"},{"@type":"Organization","@id":"https:\/\/www.evropskakuca.me\/me\/#organization","name":"Evropean house","url":"https:\/\/www.evropskakuca.me\/me\/","logo":{"@type":"ImageObject","inLanguage":"me-ME","@id":"https:\/\/www.evropskakuca.me\/me\/#\/schema\/logo\/image\/","url":"https:\/\/www.evropskakuca.me\/wp-content\/uploads\/2025\/01\/evropska-kuca-logo-1.png","contentUrl":"https:\/\/www.evropskakuca.me\/wp-content\/uploads\/2025\/01\/evropska-kuca-logo-1.png","width":425,"height":312,"caption":"Evropean house"},"image":{"@id":"https:\/\/www.evropskakuca.me\/me\/#\/schema\/logo\/image\/"},"sameAs":["https:\/\/www.facebook.com\/evropska.kuca","https:\/\/x.com\/evropska_kuca","https:\/\/www.instagram.com\/evropska_kuca"]},{"@type":"Person","@id":"https:\/\/www.evropskakuca.me\/me\/#\/schema\/person\/7e16527119c7b67f457996b970f2bd6e","name":"Aleksandar Vukovic","image":{"@type":"ImageObject","inLanguage":"me-ME","@id":"https:\/\/secure.gravatar.com\/avatar\/a1834e0104b0242a886079bde835ba36d80c70f9987a11f3ba33eb9e8d74cc15?s=96&d=mm&r=g","url":"https:\/\/secure.gravatar.com\/avatar\/a1834e0104b0242a886079bde835ba36d80c70f9987a11f3ba33eb9e8d74cc15?s=96&d=mm&r=g","contentUrl":"https:\/\/secure.gravatar.com\/avatar\/a1834e0104b0242a886079bde835ba36d80c70f9987a11f3ba33eb9e8d74cc15?s=96&d=mm&r=g","caption":"Aleksandar Vukovic"},"url":"https:\/\/www.evropskakuca.me\/me\/author\/aleksandar\/"}]}},"_links":{"self":[{"href":"https:\/\/www.evropskakuca.me\/me\/wp-json\/wp\/v2\/posts\/45897","targetHints":{"allow":["GET"]}}],"collection":[{"href":"https:\/\/www.evropskakuca.me\/me\/wp-json\/wp\/v2\/posts"}],"about":[{"href":"https:\/\/www.evropskakuca.me\/me\/wp-json\/wp\/v2\/types\/post"}],"author":[{"embeddable":true,"href":"https:\/\/www.evropskakuca.me\/me\/wp-json\/wp\/v2\/users\/3"}],"replies":[{"embeddable":true,"href":"https:\/\/www.evropskakuca.me\/me\/wp-json\/wp\/v2\/comments?post=45897"}],"version-history":[{"count":1,"href":"https:\/\/www.evropskakuca.me\/me\/wp-json\/wp\/v2\/posts\/45897\/revisions"}],"predecessor-version":[{"id":45900,"href":"https:\/\/www.evropskakuca.me\/me\/wp-json\/wp\/v2\/posts\/45897\/revisions\/45900"}],"wp:featuredmedia":[{"embeddable":true,"href":"https:\/\/www.evropskakuca.me\/me\/wp-json\/wp\/v2\/media\/45898"}],"wp:attachment":[{"href":"https:\/\/www.evropskakuca.me\/me\/wp-json\/wp\/v2\/media?parent=45897"}],"wp:term":[{"taxonomy":"category","embeddable":true,"href":"https:\/\/www.evropskakuca.me\/me\/wp-json\/wp\/v2\/categories?post=45897"},{"taxonomy":"post_tag","embeddable":true,"href":"https:\/\/www.evropskakuca.me\/me\/wp-json\/wp\/v2\/tags?post=45897"}],"curies":[{"name":"wp","href":"https:\/\/api.w.org\/{rel}","templated":true}]}}