{"id":45815,"date":"2025-09-26T13:36:12","date_gmt":"2025-09-26T13:36:12","guid":{"rendered":"https:\/\/www.evropskakuca.me\/?p=45815"},"modified":"2025-09-26T13:36:13","modified_gmt":"2025-09-26T13:36:13","slug":"potpisan-memorandum-o-saradnji-izmedu-eko-fonda-i-evropske-kuce","status":"publish","type":"post","link":"https:\/\/www.evropskakuca.me\/me\/potpisan-memorandum-o-saradnji-izmedu-eko-fonda-i-evropske-kuce\/","title":{"rendered":"Potpisan Memorandum o saradnji izme\u0111u Eko fonda i Evropske ku\u0107e"},"content":{"rendered":"\n<p><strong>U okviru nacionalne kampanje za za\u0161titu \u017eivotne sredine \u201e\u010cuvaj da te \u010duva&#8221;<\/strong><\/p>\n\n\n\n<p>Danas je u prostorijama Evropske ku\u0107e potpisan Memorandum o saradnji izme\u0111u Evropske ku\u0107e i DOO Fonda za za\u0161titu \u017eivotne sredine \u2013 Eko fonda, u okviru nacionalne kampanje \u201e\u010cuvaj da te \u010duva&#8221;. Ovim dokumentom dodatno se u\u010dvr\u0161\u0107uje partnerstvo dvije institucije na realizaciji jednog od klju\u010dnih ciljeva kampanje \u2013 osna\u017eivanja gra\u0111ana da aktivno doprinesu za\u0161titi \u017eivotne sredine kroz smanjenje upotrebe plasti\u010dnih kesa i promjenu potro\u0161a\u010dkih navika.<\/p>\n\n\n\n<p>Memorandum su potpisali Nata\u0161a Be\u0161irevi\u0107, direktorica Evropske ku\u0107e, i Dra\u0161ko Boljevi\u0107, izvr\u0161ni direktor Eko fonda, u prisustvu predstavnika Delegacije Evropske unije u Podgorici Paola Londera.<\/p>\n\n\n\n<figure class=\"wp-block-image size-large\"><img fetchpriority=\"high\" decoding=\"async\" width=\"1024\" height=\"645\" src=\"https:\/\/www.evropskakuca.me\/wp-content\/uploads\/2025\/09\/FRO_4034-1024x645.jpeg\" alt=\"\" class=\"wp-image-45816\" srcset=\"https:\/\/www.evropskakuca.me\/wp-content\/uploads\/2025\/09\/FRO_4034-1024x645.jpeg 1024w, https:\/\/www.evropskakuca.me\/wp-content\/uploads\/2025\/09\/FRO_4034-300x189.jpeg 300w, https:\/\/www.evropskakuca.me\/wp-content\/uploads\/2025\/09\/FRO_4034-768x484.jpeg 768w, https:\/\/www.evropskakuca.me\/wp-content\/uploads\/2025\/09\/FRO_4034.jpeg 1280w\" sizes=\"(max-width: 1024px) 100vw, 1024px\" \/><\/figure>\n\n\n\n<p>Iskazuju\u0107i zadovoljstvo \u0161to je uspje\u0161na saradnja dvije institucije na kampanji&nbsp;<em>\u010cuvaj da te \u010duva<\/em>&nbsp;dodatno oja\u010dana potpisivanjem Memoranduma, Be\u0161irevi\u0107 je istakla da Evropska ku\u0107a realizuje niz aktivnosti kojima nastoji da kampanja dopre do svakog gra\u0111anina Crne Gore i uti\u010de na promjenu pona\u0161anja. \u201ePotpisivanje Memoranduma korak je u pravom smjeru jer \u0107emo udru\u017eenim snagama omogu\u0107iti izradu ekolo\u0161kih cegera i njihovu distribuciju gra\u0111anima Crne Gore putem javnih kampanja. Time \u0107emo zna\u010dajno smanjiti upotrebu, a samim tim i proizvodnju jednokratnih plasti\u010dnih kesa koje predstavljaju ozbiljnu prijetnju na\u0161oj prirodi&#8221;, poru\u010dila je Be\u0161irevi\u0107.<\/p>\n\n\n\n<p>Izvr\u0161ni direktor Eko fonda Dra\u0161ko Boljevi\u0107 je ukazao da mu je posebno drago \u0161to \u0107e Eko fond imati bitnu ulogu u sprovo\u0111enju ove aktivnosti, koju je i sama Vlada Crne Gore prepoznala kao va\u017enu, usvojiv\u0161i&nbsp;<em>Program za podizanje svijesti i javnog informisanja o \u0161tetnosti plasti\u010dnih kesa na \u017eivotnu sredinu<\/em>&nbsp;na predlog Ministarstva ekologije, odr\u017eivog razvoja i razvoja sjevera.<\/p>\n\n\n\n<p>\u201eOvo je samo jedan korak bli\u017ee ka podizanju svijesti o \u0161tetnosti plasti\u010dnih kesa po zdravlje ljudi i \u017eivotnu sredinu.&nbsp;Na\u0161 zadatak je da nastavimo da motivi\u0161emo gra\u0111ane da biraju odr\u017eive alternative i aktivno doprinesu o\u010duvanju prirode,&#8221;&nbsp;poru\u010dio je Boljevi\u0107.<\/p>\n\n\n\n<p>Nakon potpisivanja ovog Memoranduma Eko fond \u0107e otpo\u010deti proceduru javne nabavke cegera kao odr\u017eive alternative plasti\u010dnim kesama, dok \u0107e Evropska ku\u0107a realizovati komunikacione i promotivne aktivnosti u skladu sa standardima i vizuelnim identitetom Evropske unije, Ministarstva ekologije, odr\u017eivog razvoja i razvoja sjevera i Eko fonda.<\/p>\n\n\n\n<p><strong>Ceger kao alternativa plasti\u010dnoj kesi znak je odgovornog odnosa prema \u017eivotnoj sredini \u2013 \u010cuvaj da te \u010duva.<\/strong><\/p>\n","protected":false},"excerpt":{"rendered":"<p>U okviru nacionalne kampanje za za\u0161titu \u017eivotne sredine \u201e\u010cuvaj da te \u010duva&#8221; Danas je u prostorijama Evropske ku\u0107e potpisan Memorandum o saradnji izme\u0111u Evropske ku\u0107e i DOO Fonda za za\u0161titu \u017eivotne sredine \u2013 Eko fonda, u okviru nacionalne kampanje \u201e\u010cuvaj da te \u010duva&#8221;. Ovim dokumentom dodatno se u\u010dvr\u0161\u0107uje partnerstvo dvije institucije na realizaciji jednog od [&hellip;]<\/p>\n","protected":false},"author":3,"featured_media":45816,"comment_status":"closed","ping_status":"closed","sticky":false,"template":"","format":"standard","meta":{"_acf_changed":false,"footnotes":""},"categories":[283,524],"tags":[],"class_list":["post-45815","post","type-post","status-publish","format-standard","has-post-thumbnail","hentry","category-novosti-me","category-vesti"],"acf":[],"yoast_head":"<!-- This site is optimized with the Yoast SEO plugin v27.3 - https:\/\/yoast.com\/product\/yoast-seo-wordpress\/ -->\n<title>Potpisan Memorandum o saradnji izme\u0111u Eko fonda i Evropske ku\u0107e - Europe House<\/title>\n<meta name=\"robots\" content=\"index, follow, max-snippet:-1, max-image-preview:large, max-video-preview:-1\" \/>\n<link rel=\"canonical\" href=\"https:\/\/www.evropskakuca.me\/me\/potpisan-memorandum-o-saradnji-izmedu-eko-fonda-i-evropske-kuce\/\" \/>\n<meta property=\"og:locale\" content=\"en_US\" \/>\n<meta property=\"og:type\" content=\"article\" \/>\n<meta property=\"og:title\" content=\"Potpisan Memorandum o saradnji izme\u0111u Eko fonda i Evropske ku\u0107e - Europe House\" \/>\n<meta property=\"og:description\" content=\"U okviru nacionalne kampanje za za\u0161titu \u017eivotne sredine \u201e\u010cuvaj da te \u010duva&#8221; Danas je u prostorijama Evropske ku\u0107e potpisan Memorandum o saradnji izme\u0111u Evropske ku\u0107e i DOO Fonda za za\u0161titu \u017eivotne sredine \u2013 Eko fonda, u okviru nacionalne kampanje \u201e\u010cuvaj da te \u010duva&#8221;. Ovim dokumentom dodatno se u\u010dvr\u0161\u0107uje partnerstvo dvije institucije na realizaciji jednog od [&hellip;]\" \/>\n<meta property=\"og:url\" content=\"https:\/\/www.evropskakuca.me\/me\/potpisan-memorandum-o-saradnji-izmedu-eko-fonda-i-evropske-kuce\/\" \/>\n<meta property=\"og:site_name\" content=\"Europe House\" \/>\n<meta property=\"article:publisher\" content=\"https:\/\/www.facebook.com\/evropska.kuca\" \/>\n<meta property=\"article:published_time\" content=\"2025-09-26T13:36:12+00:00\" \/>\n<meta property=\"article:modified_time\" content=\"2025-09-26T13:36:13+00:00\" \/>\n<meta property=\"og:image\" content=\"https:\/\/www.evropskakuca.me\/wp-content\/uploads\/2025\/09\/FRO_4034.jpeg\" \/>\n\t<meta property=\"og:image:width\" content=\"1280\" \/>\n\t<meta property=\"og:image:height\" content=\"806\" \/>\n\t<meta property=\"og:image:type\" content=\"image\/jpeg\" \/>\n<meta name=\"author\" content=\"Aleksandar Vukovic\" \/>\n<meta name=\"twitter:card\" content=\"summary_large_image\" \/>\n<meta name=\"twitter:creator\" content=\"@evropska_kuca\" \/>\n<meta name=\"twitter:site\" content=\"@evropska_kuca\" \/>\n<meta name=\"twitter:label1\" content=\"Written by\" \/>\n\t<meta name=\"twitter:data1\" content=\"Aleksandar Vukovic\" \/>\n\t<meta name=\"twitter:label2\" content=\"Est. reading time\" \/>\n\t<meta name=\"twitter:data2\" content=\"2 minutes\" \/>\n<script type=\"application\/ld+json\" class=\"yoast-schema-graph\">{\"@context\":\"https:\\\/\\\/schema.org\",\"@graph\":[{\"@type\":\"Article\",\"@id\":\"https:\\\/\\\/www.evropskakuca.me\\\/me\\\/potpisan-memorandum-o-saradnji-izmedu-eko-fonda-i-evropske-kuce\\\/#article\",\"isPartOf\":{\"@id\":\"https:\\\/\\\/www.evropskakuca.me\\\/me\\\/potpisan-memorandum-o-saradnji-izmedu-eko-fonda-i-evropske-kuce\\\/\"},\"author\":{\"name\":\"Aleksandar Vukovic\",\"@id\":\"https:\\\/\\\/www.evropskakuca.me\\\/me\\\/#\\\/schema\\\/person\\\/7e16527119c7b67f457996b970f2bd6e\"},\"headline\":\"Potpisan Memorandum o saradnji izme\u0111u Eko fonda i Evropske ku\u0107e\",\"datePublished\":\"2025-09-26T13:36:12+00:00\",\"dateModified\":\"2025-09-26T13:36:13+00:00\",\"mainEntityOfPage\":{\"@id\":\"https:\\\/\\\/www.evropskakuca.me\\\/me\\\/potpisan-memorandum-o-saradnji-izmedu-eko-fonda-i-evropske-kuce\\\/\"},\"wordCount\":419,\"publisher\":{\"@id\":\"https:\\\/\\\/www.evropskakuca.me\\\/me\\\/#organization\"},\"image\":{\"@id\":\"https:\\\/\\\/www.evropskakuca.me\\\/me\\\/potpisan-memorandum-o-saradnji-izmedu-eko-fonda-i-evropske-kuce\\\/#primaryimage\"},\"thumbnailUrl\":\"https:\\\/\\\/www.evropskakuca.me\\\/wp-content\\\/uploads\\\/2025\\\/09\\\/FRO_4034.jpeg\",\"articleSection\":[\"Novosti\",\"Vesti\"],\"inLanguage\":\"me-ME\"},{\"@type\":\"WebPage\",\"@id\":\"https:\\\/\\\/www.evropskakuca.me\\\/me\\\/potpisan-memorandum-o-saradnji-izmedu-eko-fonda-i-evropske-kuce\\\/\",\"url\":\"https:\\\/\\\/www.evropskakuca.me\\\/me\\\/potpisan-memorandum-o-saradnji-izmedu-eko-fonda-i-evropske-kuce\\\/\",\"name\":\"Potpisan Memorandum o saradnji izme\u0111u Eko fonda i Evropske ku\u0107e - Europe House\",\"isPartOf\":{\"@id\":\"https:\\\/\\\/www.evropskakuca.me\\\/me\\\/#website\"},\"primaryImageOfPage\":{\"@id\":\"https:\\\/\\\/www.evropskakuca.me\\\/me\\\/potpisan-memorandum-o-saradnji-izmedu-eko-fonda-i-evropske-kuce\\\/#primaryimage\"},\"image\":{\"@id\":\"https:\\\/\\\/www.evropskakuca.me\\\/me\\\/potpisan-memorandum-o-saradnji-izmedu-eko-fonda-i-evropske-kuce\\\/#primaryimage\"},\"thumbnailUrl\":\"https:\\\/\\\/www.evropskakuca.me\\\/wp-content\\\/uploads\\\/2025\\\/09\\\/FRO_4034.jpeg\",\"datePublished\":\"2025-09-26T13:36:12+00:00\",\"dateModified\":\"2025-09-26T13:36:13+00:00\",\"breadcrumb\":{\"@id\":\"https:\\\/\\\/www.evropskakuca.me\\\/me\\\/potpisan-memorandum-o-saradnji-izmedu-eko-fonda-i-evropske-kuce\\\/#breadcrumb\"},\"inLanguage\":\"me-ME\",\"potentialAction\":[{\"@type\":\"ReadAction\",\"target\":[\"https:\\\/\\\/www.evropskakuca.me\\\/me\\\/potpisan-memorandum-o-saradnji-izmedu-eko-fonda-i-evropske-kuce\\\/\"]}]},{\"@type\":\"ImageObject\",\"inLanguage\":\"me-ME\",\"@id\":\"https:\\\/\\\/www.evropskakuca.me\\\/me\\\/potpisan-memorandum-o-saradnji-izmedu-eko-fonda-i-evropske-kuce\\\/#primaryimage\",\"url\":\"https:\\\/\\\/www.evropskakuca.me\\\/wp-content\\\/uploads\\\/2025\\\/09\\\/FRO_4034.jpeg\",\"contentUrl\":\"https:\\\/\\\/www.evropskakuca.me\\\/wp-content\\\/uploads\\\/2025\\\/09\\\/FRO_4034.jpeg\",\"width\":1280,\"height\":806},{\"@type\":\"BreadcrumbList\",\"@id\":\"https:\\\/\\\/www.evropskakuca.me\\\/me\\\/potpisan-memorandum-o-saradnji-izmedu-eko-fonda-i-evropske-kuce\\\/#breadcrumb\",\"itemListElement\":[{\"@type\":\"ListItem\",\"position\":1,\"name\":\"Home\",\"item\":\"https:\\\/\\\/www.evropskakuca.me\\\/me\\\/\"},{\"@type\":\"ListItem\",\"position\":2,\"name\":\"Potpisan Memorandum o saradnji izme\u0111u Eko fonda i Evropske ku\u0107e\"}]},{\"@type\":\"WebSite\",\"@id\":\"https:\\\/\\\/www.evropskakuca.me\\\/me\\\/#website\",\"url\":\"https:\\\/\\\/www.evropskakuca.me\\\/me\\\/\",\"name\":\"Evropean house\",\"description\":\"\",\"publisher\":{\"@id\":\"https:\\\/\\\/www.evropskakuca.me\\\/me\\\/#organization\"},\"potentialAction\":[{\"@type\":\"SearchAction\",\"target\":{\"@type\":\"EntryPoint\",\"urlTemplate\":\"https:\\\/\\\/www.evropskakuca.me\\\/me\\\/?s={search_term_string}\"},\"query-input\":{\"@type\":\"PropertyValueSpecification\",\"valueRequired\":true,\"valueName\":\"search_term_string\"}}],\"inLanguage\":\"me-ME\"},{\"@type\":\"Organization\",\"@id\":\"https:\\\/\\\/www.evropskakuca.me\\\/me\\\/#organization\",\"name\":\"Evropean house\",\"url\":\"https:\\\/\\\/www.evropskakuca.me\\\/me\\\/\",\"logo\":{\"@type\":\"ImageObject\",\"inLanguage\":\"me-ME\",\"@id\":\"https:\\\/\\\/www.evropskakuca.me\\\/me\\\/#\\\/schema\\\/logo\\\/image\\\/\",\"url\":\"https:\\\/\\\/www.evropskakuca.me\\\/wp-content\\\/uploads\\\/2025\\\/01\\\/evropska-kuca-logo-1.png\",\"contentUrl\":\"https:\\\/\\\/www.evropskakuca.me\\\/wp-content\\\/uploads\\\/2025\\\/01\\\/evropska-kuca-logo-1.png\",\"width\":425,\"height\":312,\"caption\":\"Evropean house\"},\"image\":{\"@id\":\"https:\\\/\\\/www.evropskakuca.me\\\/me\\\/#\\\/schema\\\/logo\\\/image\\\/\"},\"sameAs\":[\"https:\\\/\\\/www.facebook.com\\\/evropska.kuca\",\"https:\\\/\\\/x.com\\\/evropska_kuca\",\"https:\\\/\\\/www.instagram.com\\\/evropska_kuca\"]},{\"@type\":\"Person\",\"@id\":\"https:\\\/\\\/www.evropskakuca.me\\\/me\\\/#\\\/schema\\\/person\\\/7e16527119c7b67f457996b970f2bd6e\",\"name\":\"Aleksandar Vukovic\",\"image\":{\"@type\":\"ImageObject\",\"inLanguage\":\"me-ME\",\"@id\":\"https:\\\/\\\/secure.gravatar.com\\\/avatar\\\/a1834e0104b0242a886079bde835ba36d80c70f9987a11f3ba33eb9e8d74cc15?s=96&d=mm&r=g\",\"url\":\"https:\\\/\\\/secure.gravatar.com\\\/avatar\\\/a1834e0104b0242a886079bde835ba36d80c70f9987a11f3ba33eb9e8d74cc15?s=96&d=mm&r=g\",\"contentUrl\":\"https:\\\/\\\/secure.gravatar.com\\\/avatar\\\/a1834e0104b0242a886079bde835ba36d80c70f9987a11f3ba33eb9e8d74cc15?s=96&d=mm&r=g\",\"caption\":\"Aleksandar Vukovic\"},\"url\":\"https:\\\/\\\/www.evropskakuca.me\\\/me\\\/author\\\/aleksandar\\\/\"}]}<\/script>\n<!-- \/ Yoast SEO plugin. -->","yoast_head_json":{"title":"Potpisan Memorandum o saradnji izme\u0111u Eko fonda i Evropske ku\u0107e - Europe House","robots":{"index":"index","follow":"follow","max-snippet":"max-snippet:-1","max-image-preview":"max-image-preview:large","max-video-preview":"max-video-preview:-1"},"canonical":"https:\/\/www.evropskakuca.me\/me\/potpisan-memorandum-o-saradnji-izmedu-eko-fonda-i-evropske-kuce\/","og_locale":"en_US","og_type":"article","og_title":"Potpisan Memorandum o saradnji izme\u0111u Eko fonda i Evropske ku\u0107e - Europe House","og_description":"U okviru nacionalne kampanje za za\u0161titu \u017eivotne sredine \u201e\u010cuvaj da te \u010duva&#8221; Danas je u prostorijama Evropske ku\u0107e potpisan Memorandum o saradnji izme\u0111u Evropske ku\u0107e i DOO Fonda za za\u0161titu \u017eivotne sredine \u2013 Eko fonda, u okviru nacionalne kampanje \u201e\u010cuvaj da te \u010duva&#8221;. Ovim dokumentom dodatno se u\u010dvr\u0161\u0107uje partnerstvo dvije institucije na realizaciji jednog od [&hellip;]","og_url":"https:\/\/www.evropskakuca.me\/me\/potpisan-memorandum-o-saradnji-izmedu-eko-fonda-i-evropske-kuce\/","og_site_name":"Europe House","article_publisher":"https:\/\/www.facebook.com\/evropska.kuca","article_published_time":"2025-09-26T13:36:12+00:00","article_modified_time":"2025-09-26T13:36:13+00:00","og_image":[{"width":1280,"height":806,"url":"https:\/\/www.evropskakuca.me\/wp-content\/uploads\/2025\/09\/FRO_4034.jpeg","type":"image\/jpeg"}],"author":"Aleksandar Vukovic","twitter_card":"summary_large_image","twitter_creator":"@evropska_kuca","twitter_site":"@evropska_kuca","twitter_misc":{"Written by":"Aleksandar Vukovic","Est. reading time":"2 minutes"},"schema":{"@context":"https:\/\/schema.org","@graph":[{"@type":"Article","@id":"https:\/\/www.evropskakuca.me\/me\/potpisan-memorandum-o-saradnji-izmedu-eko-fonda-i-evropske-kuce\/#article","isPartOf":{"@id":"https:\/\/www.evropskakuca.me\/me\/potpisan-memorandum-o-saradnji-izmedu-eko-fonda-i-evropske-kuce\/"},"author":{"name":"Aleksandar Vukovic","@id":"https:\/\/www.evropskakuca.me\/me\/#\/schema\/person\/7e16527119c7b67f457996b970f2bd6e"},"headline":"Potpisan Memorandum o saradnji izme\u0111u Eko fonda i Evropske ku\u0107e","datePublished":"2025-09-26T13:36:12+00:00","dateModified":"2025-09-26T13:36:13+00:00","mainEntityOfPage":{"@id":"https:\/\/www.evropskakuca.me\/me\/potpisan-memorandum-o-saradnji-izmedu-eko-fonda-i-evropske-kuce\/"},"wordCount":419,"publisher":{"@id":"https:\/\/www.evropskakuca.me\/me\/#organization"},"image":{"@id":"https:\/\/www.evropskakuca.me\/me\/potpisan-memorandum-o-saradnji-izmedu-eko-fonda-i-evropske-kuce\/#primaryimage"},"thumbnailUrl":"https:\/\/www.evropskakuca.me\/wp-content\/uploads\/2025\/09\/FRO_4034.jpeg","articleSection":["Novosti","Vesti"],"inLanguage":"me-ME"},{"@type":"WebPage","@id":"https:\/\/www.evropskakuca.me\/me\/potpisan-memorandum-o-saradnji-izmedu-eko-fonda-i-evropske-kuce\/","url":"https:\/\/www.evropskakuca.me\/me\/potpisan-memorandum-o-saradnji-izmedu-eko-fonda-i-evropske-kuce\/","name":"Potpisan Memorandum o saradnji izme\u0111u Eko fonda i Evropske ku\u0107e - Europe House","isPartOf":{"@id":"https:\/\/www.evropskakuca.me\/me\/#website"},"primaryImageOfPage":{"@id":"https:\/\/www.evropskakuca.me\/me\/potpisan-memorandum-o-saradnji-izmedu-eko-fonda-i-evropske-kuce\/#primaryimage"},"image":{"@id":"https:\/\/www.evropskakuca.me\/me\/potpisan-memorandum-o-saradnji-izmedu-eko-fonda-i-evropske-kuce\/#primaryimage"},"thumbnailUrl":"https:\/\/www.evropskakuca.me\/wp-content\/uploads\/2025\/09\/FRO_4034.jpeg","datePublished":"2025-09-26T13:36:12+00:00","dateModified":"2025-09-26T13:36:13+00:00","breadcrumb":{"@id":"https:\/\/www.evropskakuca.me\/me\/potpisan-memorandum-o-saradnji-izmedu-eko-fonda-i-evropske-kuce\/#breadcrumb"},"inLanguage":"me-ME","potentialAction":[{"@type":"ReadAction","target":["https:\/\/www.evropskakuca.me\/me\/potpisan-memorandum-o-saradnji-izmedu-eko-fonda-i-evropske-kuce\/"]}]},{"@type":"ImageObject","inLanguage":"me-ME","@id":"https:\/\/www.evropskakuca.me\/me\/potpisan-memorandum-o-saradnji-izmedu-eko-fonda-i-evropske-kuce\/#primaryimage","url":"https:\/\/www.evropskakuca.me\/wp-content\/uploads\/2025\/09\/FRO_4034.jpeg","contentUrl":"https:\/\/www.evropskakuca.me\/wp-content\/uploads\/2025\/09\/FRO_4034.jpeg","width":1280,"height":806},{"@type":"BreadcrumbList","@id":"https:\/\/www.evropskakuca.me\/me\/potpisan-memorandum-o-saradnji-izmedu-eko-fonda-i-evropske-kuce\/#breadcrumb","itemListElement":[{"@type":"ListItem","position":1,"name":"Home","item":"https:\/\/www.evropskakuca.me\/me\/"},{"@type":"ListItem","position":2,"name":"Potpisan Memorandum o saradnji izme\u0111u Eko fonda i Evropske ku\u0107e"}]},{"@type":"WebSite","@id":"https:\/\/www.evropskakuca.me\/me\/#website","url":"https:\/\/www.evropskakuca.me\/me\/","name":"Evropean house","description":"","publisher":{"@id":"https:\/\/www.evropskakuca.me\/me\/#organization"},"potentialAction":[{"@type":"SearchAction","target":{"@type":"EntryPoint","urlTemplate":"https:\/\/www.evropskakuca.me\/me\/?s={search_term_string}"},"query-input":{"@type":"PropertyValueSpecification","valueRequired":true,"valueName":"search_term_string"}}],"inLanguage":"me-ME"},{"@type":"Organization","@id":"https:\/\/www.evropskakuca.me\/me\/#organization","name":"Evropean house","url":"https:\/\/www.evropskakuca.me\/me\/","logo":{"@type":"ImageObject","inLanguage":"me-ME","@id":"https:\/\/www.evropskakuca.me\/me\/#\/schema\/logo\/image\/","url":"https:\/\/www.evropskakuca.me\/wp-content\/uploads\/2025\/01\/evropska-kuca-logo-1.png","contentUrl":"https:\/\/www.evropskakuca.me\/wp-content\/uploads\/2025\/01\/evropska-kuca-logo-1.png","width":425,"height":312,"caption":"Evropean house"},"image":{"@id":"https:\/\/www.evropskakuca.me\/me\/#\/schema\/logo\/image\/"},"sameAs":["https:\/\/www.facebook.com\/evropska.kuca","https:\/\/x.com\/evropska_kuca","https:\/\/www.instagram.com\/evropska_kuca"]},{"@type":"Person","@id":"https:\/\/www.evropskakuca.me\/me\/#\/schema\/person\/7e16527119c7b67f457996b970f2bd6e","name":"Aleksandar Vukovic","image":{"@type":"ImageObject","inLanguage":"me-ME","@id":"https:\/\/secure.gravatar.com\/avatar\/a1834e0104b0242a886079bde835ba36d80c70f9987a11f3ba33eb9e8d74cc15?s=96&d=mm&r=g","url":"https:\/\/secure.gravatar.com\/avatar\/a1834e0104b0242a886079bde835ba36d80c70f9987a11f3ba33eb9e8d74cc15?s=96&d=mm&r=g","contentUrl":"https:\/\/secure.gravatar.com\/avatar\/a1834e0104b0242a886079bde835ba36d80c70f9987a11f3ba33eb9e8d74cc15?s=96&d=mm&r=g","caption":"Aleksandar Vukovic"},"url":"https:\/\/www.evropskakuca.me\/me\/author\/aleksandar\/"}]}},"_links":{"self":[{"href":"https:\/\/www.evropskakuca.me\/me\/wp-json\/wp\/v2\/posts\/45815","targetHints":{"allow":["GET"]}}],"collection":[{"href":"https:\/\/www.evropskakuca.me\/me\/wp-json\/wp\/v2\/posts"}],"about":[{"href":"https:\/\/www.evropskakuca.me\/me\/wp-json\/wp\/v2\/types\/post"}],"author":[{"embeddable":true,"href":"https:\/\/www.evropskakuca.me\/me\/wp-json\/wp\/v2\/users\/3"}],"replies":[{"embeddable":true,"href":"https:\/\/www.evropskakuca.me\/me\/wp-json\/wp\/v2\/comments?post=45815"}],"version-history":[{"count":1,"href":"https:\/\/www.evropskakuca.me\/me\/wp-json\/wp\/v2\/posts\/45815\/revisions"}],"predecessor-version":[{"id":45818,"href":"https:\/\/www.evropskakuca.me\/me\/wp-json\/wp\/v2\/posts\/45815\/revisions\/45818"}],"wp:featuredmedia":[{"embeddable":true,"href":"https:\/\/www.evropskakuca.me\/me\/wp-json\/wp\/v2\/media\/45816"}],"wp:attachment":[{"href":"https:\/\/www.evropskakuca.me\/me\/wp-json\/wp\/v2\/media?parent=45815"}],"wp:term":[{"taxonomy":"category","embeddable":true,"href":"https:\/\/www.evropskakuca.me\/me\/wp-json\/wp\/v2\/categories?post=45815"},{"taxonomy":"post_tag","embeddable":true,"href":"https:\/\/www.evropskakuca.me\/me\/wp-json\/wp\/v2\/tags?post=45815"}],"curies":[{"name":"wp","href":"https:\/\/api.w.org\/{rel}","templated":true}]}}