{"id":4580,"date":"2017-12-12T15:10:13","date_gmt":"2017-12-12T15:10:13","guid":{"rendered":"http:\/\/www.evropskakuca.me\/me\/?p=4580"},"modified":"2017-12-12T15:10:13","modified_gmt":"2017-12-12T15:10:13","slug":"crnogorska-kinematografija-probila-led","status":"publish","type":"post","link":"https:\/\/www.evropskakuca.me\/me\/crnogorska-kinematografija-probila-led\/","title":{"rendered":"Crnogorska kinematografija probila led"},"content":{"rendered":"<p>PODGORICA, 11. decembar 2017. &#8211; Desk za Kreativnu Evropu Ministarstva kulture i Filmski centar Crne Gore predstavili su u EU Info centru konkurse za razvoj filmskih projekata za koje mogu aplicirati i crnogorski kinematografi. Crna Gora u EU programu Kreativna Evropa &#8211; potprogram MEDIA, kroz koji \u0107e za period od 2014. do 2020. godine u evropsku kinematografiju biti ulo\u017eeno oko \u20ac1,5 milijardi, u\u010destvuje od 2015. godine, a ove godine je po prvi put i jedan crnogorski filmski scenario dobio novac iz tog programa.<\/p>\n<p>Prvi crnogorski film koji je pomognut evropskim novcem je dugometra\u017eni igrani film \u201ePosle zime\u201d, debitantsko ostvarenje reditelja i scenariste Ivana Bakra\u010da, iza kojeg stoje producentske ku\u0107e Artikulacija i ABHO Film. Za razvoj ovog projekta kroz potprogram MEDIA obezbije\u0111en je grant za fazu razvoja u iznosu \u20ac30 000.<\/p>\n<p><img fetchpriority=\"high\" decoding=\"async\" class=\"alignleft wp-image-4589 \" src=\"http:\/\/www.evropskakuca.me\/wp-content\/uploads\/2017\/12\/IMG_20171211_141443.jpg\" alt=\"\" width=\"268\" height=\"201\" \/>Ivan \u0110urovi\u0107, direktor producentske ku\u0107e Artikulacija iz Podgorice, koji je u\u010destvovao u pripremi tog projekta, kazao je da je procedura prijave za program MEDIA zahtjevna jer se tra\u017ei vrlo detaljno obrazlo\u017eenje projekta, precizno i dokazivo, pa se zato, kako je savjetovao prisutne, treba valjano i na vrijeme pozabaviti prijavom. Jedna od najbitnijih stvari u pisanju prijave, kako je dodao, je da se prepozna nadasve kvalitet, odr\u017eivost, posve\u0107enost i nivo promi\u0161ljanja o onom za \u0161ta se tra\u017ei novac.<\/p>\n<p>Detaljna uputstva i savjete za popunjavanje prijava na konkurse MEDIA programa dao je Vladimir Stoj\u010devski, rukovodilac MEDIA deska BJR Makedonije. Doga\u0111aju su ina\u010de prisustvovali crnogorski producenti, predstavnici filmskih festivala, re\u017eiseri, kao i crnogorski studenti re\u017eije i produkcije.<\/p>\n<p>Jedna od najavljenih novina je da \u0107e Desk za Kreativnu Evropu koji je dosad funkcionisao u okviru Ministarstva kulture, od 1. januara naredne godine djelovati u okviru Filmskog centra Crne Gore.<\/p>\n<p><img decoding=\"async\" class=\"wp-image-4584 alignright\" src=\"http:\/\/www.evropskakuca.me\/wp-content\/uploads\/2017\/12\/171211_media_info-1.jpg\" alt=\"\" width=\"320\" height=\"213\" \/>Direktor Filmskog centra Crne Gore, Sehad \u010ceki\u0107 istakao je da je MEDIA potprogram za audiovizuelni sektor za Crnu Gore vrlo bitna institucija, jer je jedna vrsta svjetionika koja pokazuje \u0161to su standardi u ovoj oblasti i \u0161ta je to \u0161to crnogorski stvaraoci treba da postignu kako bi razvijali kinematografiju na pravi na\u010din.<\/p>\n<p>\u201eMEDIA potprogram sa konkurencijom koju nosi sa sobom je polje koje mi treba kao profesionalci i sektor da osvajamo i da nam to bude uzor u svim dijelovima kinematografskog lanca koji treba da dostignemo i koji mo\u017eemo da unaprijedimo\u201c, rekao je \u010ceki\u0107. On je dodao i da Crnoj Gori od 14 odsjeka MEDIA potprograma pripada \u010detiri ili pet kao jednoj od malih kinematografija, ali, da je i tu ogromna konkurencija.<\/p>\n<p><img decoding=\"async\" class=\"wp-image-4586 alignleft\" src=\"http:\/\/www.evropskakuca.me\/wp-content\/uploads\/2017\/12\/171211_media_info-3.jpg\" alt=\"\" width=\"320\" height=\"213\" \/>Ilija Suboti\u0107, predstavnik Ministarstva kulture, podsjetio je da je kroz program Kreativna Evropa &#8211; potprogram MEDIA doma\u0107i kinematografski sektor mo\u017ee da aplicira za sredstva namijenjena razvoju, distribuciji i promociji filmova, \u0161emama za razvoj publike, obuci profesionalaca i podr\u0161ci festivalima.<\/p>\n<p>U okviru MEDIA dana je odr\u017eano i predavanje Milo\u0161a \u0110ukeli\u0107a, direktora producentske ku\u0107e Red production na temu \u201eFilm i televizija kao kreativne industrije \u2013 zna\u010daj filmskog i televizijskog turizma\u201c, koji je govorio o pretpostavkama za razvoj ove grane kulturnog turizma, kao i benefitima u finansijskom i smislu me\u0111unarodne prezentacije i promocije jedne zemlje.<\/p>\n","protected":false},"excerpt":{"rendered":"<p>Predstavljeni konkursi za evropske filmske fondove <\/p>\n","protected":false},"author":1,"featured_media":33250,"comment_status":"open","ping_status":"open","sticky":false,"template":"","format":"standard","meta":{"_acf_changed":false,"footnotes":""},"categories":[283],"tags":[],"class_list":["post-4580","post","type-post","status-publish","format-standard","has-post-thumbnail","hentry","category-novosti-me"],"acf":[],"yoast_head":"<!-- This site is optimized with the Yoast SEO plugin v27.3 - https:\/\/yoast.com\/product\/yoast-seo-wordpress\/ -->\n<title>Crnogorska kinematografija probila led - Europe House<\/title>\n<meta name=\"robots\" content=\"index, follow, max-snippet:-1, max-image-preview:large, max-video-preview:-1\" \/>\n<link rel=\"canonical\" href=\"https:\/\/www.evropskakuca.me\/me\/crnogorska-kinematografija-probila-led\/\" \/>\n<meta property=\"og:locale\" content=\"en_US\" \/>\n<meta property=\"og:type\" content=\"article\" \/>\n<meta property=\"og:title\" content=\"Crnogorska kinematografija probila led - Europe House\" \/>\n<meta property=\"og:description\" content=\"Predstavljeni konkursi za evropske filmske fondove\" \/>\n<meta property=\"og:url\" content=\"https:\/\/www.evropskakuca.me\/me\/crnogorska-kinematografija-probila-led\/\" \/>\n<meta property=\"og:site_name\" content=\"Europe House\" \/>\n<meta property=\"article:publisher\" content=\"https:\/\/www.facebook.com\/evropska.kuca\" \/>\n<meta property=\"article:published_time\" content=\"2017-12-12T15:10:13+00:00\" \/>\n<meta property=\"og:image\" content=\"https:\/\/www.evropskakuca.me\/wp-content\/uploads\/2017\/12\/171211_media_info-6-1024x683.jpg\" \/>\n\t<meta property=\"og:image:width\" content=\"1024\" \/>\n\t<meta property=\"og:image:height\" content=\"683\" \/>\n\t<meta property=\"og:image:type\" content=\"image\/jpeg\" \/>\n<meta name=\"author\" content=\"mkajic\" \/>\n<meta name=\"twitter:card\" content=\"summary_large_image\" \/>\n<meta name=\"twitter:creator\" content=\"@evropska_kuca\" \/>\n<meta name=\"twitter:site\" content=\"@evropska_kuca\" \/>\n<meta name=\"twitter:label1\" content=\"Written by\" \/>\n\t<meta name=\"twitter:data1\" content=\"mkajic\" \/>\n\t<meta name=\"twitter:label2\" content=\"Est. reading time\" \/>\n\t<meta name=\"twitter:data2\" content=\"3 minutes\" \/>\n<script type=\"application\/ld+json\" class=\"yoast-schema-graph\">{\"@context\":\"https:\\\/\\\/schema.org\",\"@graph\":[{\"@type\":\"Article\",\"@id\":\"https:\\\/\\\/www.evropskakuca.me\\\/me\\\/crnogorska-kinematografija-probila-led\\\/#article\",\"isPartOf\":{\"@id\":\"https:\\\/\\\/www.evropskakuca.me\\\/me\\\/crnogorska-kinematografija-probila-led\\\/\"},\"author\":{\"name\":\"mkajic\",\"@id\":\"https:\\\/\\\/www.evropskakuca.me\\\/me\\\/#\\\/schema\\\/person\\\/a1d0dcdaefe4a1cd1d60d200ea137ba4\"},\"headline\":\"Crnogorska kinematografija probila led\",\"datePublished\":\"2017-12-12T15:10:13+00:00\",\"mainEntityOfPage\":{\"@id\":\"https:\\\/\\\/www.evropskakuca.me\\\/me\\\/crnogorska-kinematografija-probila-led\\\/\"},\"wordCount\":512,\"commentCount\":0,\"publisher\":{\"@id\":\"https:\\\/\\\/www.evropskakuca.me\\\/me\\\/#organization\"},\"image\":{\"@id\":\"https:\\\/\\\/www.evropskakuca.me\\\/me\\\/crnogorska-kinematografija-probila-led\\\/#primaryimage\"},\"thumbnailUrl\":\"https:\\\/\\\/www.evropskakuca.me\\\/wp-content\\\/uploads\\\/2017\\\/12\\\/171211_media_info-6.jpg\",\"articleSection\":[\"Novosti\"],\"inLanguage\":\"me-ME\",\"potentialAction\":[{\"@type\":\"CommentAction\",\"name\":\"Comment\",\"target\":[\"https:\\\/\\\/www.evropskakuca.me\\\/me\\\/crnogorska-kinematografija-probila-led\\\/#respond\"]}]},{\"@type\":\"WebPage\",\"@id\":\"https:\\\/\\\/www.evropskakuca.me\\\/me\\\/crnogorska-kinematografija-probila-led\\\/\",\"url\":\"https:\\\/\\\/www.evropskakuca.me\\\/me\\\/crnogorska-kinematografija-probila-led\\\/\",\"name\":\"Crnogorska kinematografija probila led - Europe House\",\"isPartOf\":{\"@id\":\"https:\\\/\\\/www.evropskakuca.me\\\/me\\\/#website\"},\"primaryImageOfPage\":{\"@id\":\"https:\\\/\\\/www.evropskakuca.me\\\/me\\\/crnogorska-kinematografija-probila-led\\\/#primaryimage\"},\"image\":{\"@id\":\"https:\\\/\\\/www.evropskakuca.me\\\/me\\\/crnogorska-kinematografija-probila-led\\\/#primaryimage\"},\"thumbnailUrl\":\"https:\\\/\\\/www.evropskakuca.me\\\/wp-content\\\/uploads\\\/2017\\\/12\\\/171211_media_info-6.jpg\",\"datePublished\":\"2017-12-12T15:10:13+00:00\",\"breadcrumb\":{\"@id\":\"https:\\\/\\\/www.evropskakuca.me\\\/me\\\/crnogorska-kinematografija-probila-led\\\/#breadcrumb\"},\"inLanguage\":\"me-ME\",\"potentialAction\":[{\"@type\":\"ReadAction\",\"target\":[\"https:\\\/\\\/www.evropskakuca.me\\\/me\\\/crnogorska-kinematografija-probila-led\\\/\"]}]},{\"@type\":\"ImageObject\",\"inLanguage\":\"me-ME\",\"@id\":\"https:\\\/\\\/www.evropskakuca.me\\\/me\\\/crnogorska-kinematografija-probila-led\\\/#primaryimage\",\"url\":\"https:\\\/\\\/www.evropskakuca.me\\\/wp-content\\\/uploads\\\/2017\\\/12\\\/171211_media_info-6.jpg\",\"contentUrl\":\"https:\\\/\\\/www.evropskakuca.me\\\/wp-content\\\/uploads\\\/2017\\\/12\\\/171211_media_info-6.jpg\",\"width\":2028,\"height\":1352},{\"@type\":\"BreadcrumbList\",\"@id\":\"https:\\\/\\\/www.evropskakuca.me\\\/me\\\/crnogorska-kinematografija-probila-led\\\/#breadcrumb\",\"itemListElement\":[{\"@type\":\"ListItem\",\"position\":1,\"name\":\"Home\",\"item\":\"https:\\\/\\\/www.evropskakuca.me\\\/me\\\/\"},{\"@type\":\"ListItem\",\"position\":2,\"name\":\"Crnogorska kinematografija probila led\"}]},{\"@type\":\"WebSite\",\"@id\":\"https:\\\/\\\/www.evropskakuca.me\\\/me\\\/#website\",\"url\":\"https:\\\/\\\/www.evropskakuca.me\\\/me\\\/\",\"name\":\"Evropean house\",\"description\":\"\",\"publisher\":{\"@id\":\"https:\\\/\\\/www.evropskakuca.me\\\/me\\\/#organization\"},\"potentialAction\":[{\"@type\":\"SearchAction\",\"target\":{\"@type\":\"EntryPoint\",\"urlTemplate\":\"https:\\\/\\\/www.evropskakuca.me\\\/me\\\/?s={search_term_string}\"},\"query-input\":{\"@type\":\"PropertyValueSpecification\",\"valueRequired\":true,\"valueName\":\"search_term_string\"}}],\"inLanguage\":\"me-ME\"},{\"@type\":\"Organization\",\"@id\":\"https:\\\/\\\/www.evropskakuca.me\\\/me\\\/#organization\",\"name\":\"Evropean house\",\"url\":\"https:\\\/\\\/www.evropskakuca.me\\\/me\\\/\",\"logo\":{\"@type\":\"ImageObject\",\"inLanguage\":\"me-ME\",\"@id\":\"https:\\\/\\\/www.evropskakuca.me\\\/me\\\/#\\\/schema\\\/logo\\\/image\\\/\",\"url\":\"https:\\\/\\\/www.evropskakuca.me\\\/wp-content\\\/uploads\\\/2025\\\/01\\\/evropska-kuca-logo-1.png\",\"contentUrl\":\"https:\\\/\\\/www.evropskakuca.me\\\/wp-content\\\/uploads\\\/2025\\\/01\\\/evropska-kuca-logo-1.png\",\"width\":425,\"height\":312,\"caption\":\"Evropean house\"},\"image\":{\"@id\":\"https:\\\/\\\/www.evropskakuca.me\\\/me\\\/#\\\/schema\\\/logo\\\/image\\\/\"},\"sameAs\":[\"https:\\\/\\\/www.facebook.com\\\/evropska.kuca\",\"https:\\\/\\\/x.com\\\/evropska_kuca\",\"https:\\\/\\\/www.instagram.com\\\/evropska_kuca\"]},{\"@type\":\"Person\",\"@id\":\"https:\\\/\\\/www.evropskakuca.me\\\/me\\\/#\\\/schema\\\/person\\\/a1d0dcdaefe4a1cd1d60d200ea137ba4\",\"name\":\"mkajic\",\"image\":{\"@type\":\"ImageObject\",\"inLanguage\":\"me-ME\",\"@id\":\"https:\\\/\\\/secure.gravatar.com\\\/avatar\\\/731fa035cefab7316e6bafd1f25a93fb731a07de14e2d9923f8db4422628eabc?s=96&d=mm&r=g\",\"url\":\"https:\\\/\\\/secure.gravatar.com\\\/avatar\\\/731fa035cefab7316e6bafd1f25a93fb731a07de14e2d9923f8db4422628eabc?s=96&d=mm&r=g\",\"contentUrl\":\"https:\\\/\\\/secure.gravatar.com\\\/avatar\\\/731fa035cefab7316e6bafd1f25a93fb731a07de14e2d9923f8db4422628eabc?s=96&d=mm&r=g\",\"caption\":\"mkajic\"},\"sameAs\":[\"https:\\\/\\\/evropskakuca.me\"],\"url\":\"https:\\\/\\\/www.evropskakuca.me\\\/me\\\/author\\\/mkajic\\\/\"}]}<\/script>\n<!-- \/ Yoast SEO plugin. -->","yoast_head_json":{"title":"Crnogorska kinematografija probila led - Europe House","robots":{"index":"index","follow":"follow","max-snippet":"max-snippet:-1","max-image-preview":"max-image-preview:large","max-video-preview":"max-video-preview:-1"},"canonical":"https:\/\/www.evropskakuca.me\/me\/crnogorska-kinematografija-probila-led\/","og_locale":"en_US","og_type":"article","og_title":"Crnogorska kinematografija probila led - Europe House","og_description":"Predstavljeni konkursi za evropske filmske fondove","og_url":"https:\/\/www.evropskakuca.me\/me\/crnogorska-kinematografija-probila-led\/","og_site_name":"Europe House","article_publisher":"https:\/\/www.facebook.com\/evropska.kuca","article_published_time":"2017-12-12T15:10:13+00:00","og_image":[{"width":1024,"height":683,"url":"https:\/\/www.evropskakuca.me\/wp-content\/uploads\/2017\/12\/171211_media_info-6-1024x683.jpg","type":"image\/jpeg"}],"author":"mkajic","twitter_card":"summary_large_image","twitter_creator":"@evropska_kuca","twitter_site":"@evropska_kuca","twitter_misc":{"Written by":"mkajic","Est. reading time":"3 minutes"},"schema":{"@context":"https:\/\/schema.org","@graph":[{"@type":"Article","@id":"https:\/\/www.evropskakuca.me\/me\/crnogorska-kinematografija-probila-led\/#article","isPartOf":{"@id":"https:\/\/www.evropskakuca.me\/me\/crnogorska-kinematografija-probila-led\/"},"author":{"name":"mkajic","@id":"https:\/\/www.evropskakuca.me\/me\/#\/schema\/person\/a1d0dcdaefe4a1cd1d60d200ea137ba4"},"headline":"Crnogorska kinematografija probila led","datePublished":"2017-12-12T15:10:13+00:00","mainEntityOfPage":{"@id":"https:\/\/www.evropskakuca.me\/me\/crnogorska-kinematografija-probila-led\/"},"wordCount":512,"commentCount":0,"publisher":{"@id":"https:\/\/www.evropskakuca.me\/me\/#organization"},"image":{"@id":"https:\/\/www.evropskakuca.me\/me\/crnogorska-kinematografija-probila-led\/#primaryimage"},"thumbnailUrl":"https:\/\/www.evropskakuca.me\/wp-content\/uploads\/2017\/12\/171211_media_info-6.jpg","articleSection":["Novosti"],"inLanguage":"me-ME","potentialAction":[{"@type":"CommentAction","name":"Comment","target":["https:\/\/www.evropskakuca.me\/me\/crnogorska-kinematografija-probila-led\/#respond"]}]},{"@type":"WebPage","@id":"https:\/\/www.evropskakuca.me\/me\/crnogorska-kinematografija-probila-led\/","url":"https:\/\/www.evropskakuca.me\/me\/crnogorska-kinematografija-probila-led\/","name":"Crnogorska kinematografija probila led - Europe House","isPartOf":{"@id":"https:\/\/www.evropskakuca.me\/me\/#website"},"primaryImageOfPage":{"@id":"https:\/\/www.evropskakuca.me\/me\/crnogorska-kinematografija-probila-led\/#primaryimage"},"image":{"@id":"https:\/\/www.evropskakuca.me\/me\/crnogorska-kinematografija-probila-led\/#primaryimage"},"thumbnailUrl":"https:\/\/www.evropskakuca.me\/wp-content\/uploads\/2017\/12\/171211_media_info-6.jpg","datePublished":"2017-12-12T15:10:13+00:00","breadcrumb":{"@id":"https:\/\/www.evropskakuca.me\/me\/crnogorska-kinematografija-probila-led\/#breadcrumb"},"inLanguage":"me-ME","potentialAction":[{"@type":"ReadAction","target":["https:\/\/www.evropskakuca.me\/me\/crnogorska-kinematografija-probila-led\/"]}]},{"@type":"ImageObject","inLanguage":"me-ME","@id":"https:\/\/www.evropskakuca.me\/me\/crnogorska-kinematografija-probila-led\/#primaryimage","url":"https:\/\/www.evropskakuca.me\/wp-content\/uploads\/2017\/12\/171211_media_info-6.jpg","contentUrl":"https:\/\/www.evropskakuca.me\/wp-content\/uploads\/2017\/12\/171211_media_info-6.jpg","width":2028,"height":1352},{"@type":"BreadcrumbList","@id":"https:\/\/www.evropskakuca.me\/me\/crnogorska-kinematografija-probila-led\/#breadcrumb","itemListElement":[{"@type":"ListItem","position":1,"name":"Home","item":"https:\/\/www.evropskakuca.me\/me\/"},{"@type":"ListItem","position":2,"name":"Crnogorska kinematografija probila led"}]},{"@type":"WebSite","@id":"https:\/\/www.evropskakuca.me\/me\/#website","url":"https:\/\/www.evropskakuca.me\/me\/","name":"Evropean house","description":"","publisher":{"@id":"https:\/\/www.evropskakuca.me\/me\/#organization"},"potentialAction":[{"@type":"SearchAction","target":{"@type":"EntryPoint","urlTemplate":"https:\/\/www.evropskakuca.me\/me\/?s={search_term_string}"},"query-input":{"@type":"PropertyValueSpecification","valueRequired":true,"valueName":"search_term_string"}}],"inLanguage":"me-ME"},{"@type":"Organization","@id":"https:\/\/www.evropskakuca.me\/me\/#organization","name":"Evropean house","url":"https:\/\/www.evropskakuca.me\/me\/","logo":{"@type":"ImageObject","inLanguage":"me-ME","@id":"https:\/\/www.evropskakuca.me\/me\/#\/schema\/logo\/image\/","url":"https:\/\/www.evropskakuca.me\/wp-content\/uploads\/2025\/01\/evropska-kuca-logo-1.png","contentUrl":"https:\/\/www.evropskakuca.me\/wp-content\/uploads\/2025\/01\/evropska-kuca-logo-1.png","width":425,"height":312,"caption":"Evropean house"},"image":{"@id":"https:\/\/www.evropskakuca.me\/me\/#\/schema\/logo\/image\/"},"sameAs":["https:\/\/www.facebook.com\/evropska.kuca","https:\/\/x.com\/evropska_kuca","https:\/\/www.instagram.com\/evropska_kuca"]},{"@type":"Person","@id":"https:\/\/www.evropskakuca.me\/me\/#\/schema\/person\/a1d0dcdaefe4a1cd1d60d200ea137ba4","name":"mkajic","image":{"@type":"ImageObject","inLanguage":"me-ME","@id":"https:\/\/secure.gravatar.com\/avatar\/731fa035cefab7316e6bafd1f25a93fb731a07de14e2d9923f8db4422628eabc?s=96&d=mm&r=g","url":"https:\/\/secure.gravatar.com\/avatar\/731fa035cefab7316e6bafd1f25a93fb731a07de14e2d9923f8db4422628eabc?s=96&d=mm&r=g","contentUrl":"https:\/\/secure.gravatar.com\/avatar\/731fa035cefab7316e6bafd1f25a93fb731a07de14e2d9923f8db4422628eabc?s=96&d=mm&r=g","caption":"mkajic"},"sameAs":["https:\/\/evropskakuca.me"],"url":"https:\/\/www.evropskakuca.me\/me\/author\/mkajic\/"}]}},"_links":{"self":[{"href":"https:\/\/www.evropskakuca.me\/me\/wp-json\/wp\/v2\/posts\/4580","targetHints":{"allow":["GET"]}}],"collection":[{"href":"https:\/\/www.evropskakuca.me\/me\/wp-json\/wp\/v2\/posts"}],"about":[{"href":"https:\/\/www.evropskakuca.me\/me\/wp-json\/wp\/v2\/types\/post"}],"author":[{"embeddable":true,"href":"https:\/\/www.evropskakuca.me\/me\/wp-json\/wp\/v2\/users\/1"}],"replies":[{"embeddable":true,"href":"https:\/\/www.evropskakuca.me\/me\/wp-json\/wp\/v2\/comments?post=4580"}],"version-history":[{"count":0,"href":"https:\/\/www.evropskakuca.me\/me\/wp-json\/wp\/v2\/posts\/4580\/revisions"}],"wp:featuredmedia":[{"embeddable":true,"href":"https:\/\/www.evropskakuca.me\/me\/wp-json\/wp\/v2\/media\/33250"}],"wp:attachment":[{"href":"https:\/\/www.evropskakuca.me\/me\/wp-json\/wp\/v2\/media?parent=4580"}],"wp:term":[{"taxonomy":"category","embeddable":true,"href":"https:\/\/www.evropskakuca.me\/me\/wp-json\/wp\/v2\/categories?post=4580"},{"taxonomy":"post_tag","embeddable":true,"href":"https:\/\/www.evropskakuca.me\/me\/wp-json\/wp\/v2\/tags?post=4580"}],"curies":[{"name":"wp","href":"https:\/\/api.w.org\/{rel}","templated":true}]}}