{"id":45752,"date":"2025-09-23T09:37:51","date_gmt":"2025-09-23T09:37:51","guid":{"rendered":"https:\/\/www.evropskakuca.me\/?p=45752"},"modified":"2025-09-23T09:37:52","modified_gmt":"2025-09-23T09:37:52","slug":"akcija-ciscenja-putnog-pravca-podgorica-niksic","status":"publish","type":"post","link":"https:\/\/www.evropskakuca.me\/me\/akcija-ciscenja-putnog-pravca-podgorica-niksic\/","title":{"rendered":"Akcija \u010di\u0161\u0107enja putnog pravca Podgorica \u2013 Nik\u0161i\u0107"},"content":{"rendered":"\n<p>Nakon \u0106emovskog Polja u Podgorici i \u010di\u0161\u0107enja u Ulcinju u petak povodom Evropskog dana \u010di\u0161\u0107enja obala, nastavili smo sa \u010di\u0161\u0107enjem puta izme\u0111u Podgorice i Nik\u0161i\u0107a \u2014 <strong>tre\u0107om velikom akcijom<\/strong> u okviru kampanje za za\u0161titu \u017eivotne sredine <strong>\u010cuvaj da te \u010duva<\/strong>.<\/p>\n\n\n\n<p>U akciji \u00a0koju je organizovalo <strong>Ministarstvo ekologije odr\u017eivog razvoja i razvoja sjevera<\/strong> povodom 20. septembra, Dana ekolo\u0161ke dr\u017eave u\u010destvovali su Vojska Crne Gore, Ministarsvo odbrane, Agencija za za\u0161titu \u017eivotne sredine, Eko fond, Nacionalni parkovi Crne Gore, Zavod za hidrometeorologiju i seizmologiju, Skup\u0161tina Crne Gore, Ministarstvo unutra\u0161njih poslova, Uprava policije, Deponija Podgorica, Komunalno Nik\u0161i\u0107, Komunalno Danilovgrad.<\/p>\n\n\n\n<figure class=\"wp-block-gallery has-nested-images columns-default is-cropped wp-block-gallery-1 is-layout-flex wp-block-gallery-is-layout-flex\">\n<figure class=\"wp-block-image size-large\"><img fetchpriority=\"high\" decoding=\"async\" width=\"1024\" height=\"684\" data-id=\"45753\" src=\"https:\/\/www.evropskakuca.me\/wp-content\/uploads\/2025\/09\/FRO_0182-1024x684.jpg\" alt=\"\" class=\"wp-image-45753\" srcset=\"https:\/\/www.evropskakuca.me\/wp-content\/uploads\/2025\/09\/FRO_0182-1024x684.jpg 1024w, https:\/\/www.evropskakuca.me\/wp-content\/uploads\/2025\/09\/FRO_0182-300x201.jpg 300w, https:\/\/www.evropskakuca.me\/wp-content\/uploads\/2025\/09\/FRO_0182-768x513.jpg 768w, https:\/\/www.evropskakuca.me\/wp-content\/uploads\/2025\/09\/FRO_0182-1536x1027.jpg 1536w, https:\/\/www.evropskakuca.me\/wp-content\/uploads\/2025\/09\/FRO_0182-2048x1369.jpg 2048w\" sizes=\"(max-width: 1024px) 100vw, 1024px\" \/><\/figure>\n\n\n\n<figure class=\"wp-block-image size-large\"><img decoding=\"async\" width=\"1024\" height=\"683\" data-id=\"45755\" src=\"https:\/\/www.evropskakuca.me\/wp-content\/uploads\/2025\/09\/FRO_0186-1024x683.jpg\" alt=\"\" class=\"wp-image-45755\" srcset=\"https:\/\/www.evropskakuca.me\/wp-content\/uploads\/2025\/09\/FRO_0186-1024x683.jpg 1024w, https:\/\/www.evropskakuca.me\/wp-content\/uploads\/2025\/09\/FRO_0186-300x200.jpg 300w, https:\/\/www.evropskakuca.me\/wp-content\/uploads\/2025\/09\/FRO_0186-768x512.jpg 768w, https:\/\/www.evropskakuca.me\/wp-content\/uploads\/2025\/09\/FRO_0186-1536x1024.jpg 1536w, https:\/\/www.evropskakuca.me\/wp-content\/uploads\/2025\/09\/FRO_0186-2048x1365.jpg 2048w\" sizes=\"(max-width: 1024px) 100vw, 1024px\" \/><\/figure>\n<\/figure>\n\n\n\n<p>\u0160ef Sektora za saradnju DEU u Crnoj Gori <strong>Bernar Brune<\/strong> je, osvr\u0107u\u0107i se na godi\u0161njicu deklaracije o ekolo\u0161koj dr\u017eavi, te potrebu da vizija ekolo\u0161ke dr\u017eave postane realnost, rekao da je ova akcija \u010di\u0161\u0107enja mnogo vi\u0161e od sakupljanja otpada.<\/p>\n\n\n\n<p>\u201cOvdje je rije\u010d o odgovornosti: osigurati da sanirani prostor i ostane \u010dist. Nedavnim formiranjem multidisciplinarnog tima za borbu protiv ekolo\u0161kog kriminala poslat je jasan signal o va\u017enosti za\u0161tite \u017eivotne sredine, te da \u0107e oni koji je ugro\u017eavaju snositi odgovornost\u201d, kazao je Brune.<\/p>\n\n\n\n<figure class=\"wp-block-image size-large\"><img decoding=\"async\" width=\"1024\" height=\"683\" src=\"https:\/\/www.evropskakuca.me\/wp-content\/uploads\/2025\/09\/FRO_0002-1-1024x683.jpg\" alt=\"\" class=\"wp-image-45757\" srcset=\"https:\/\/www.evropskakuca.me\/wp-content\/uploads\/2025\/09\/FRO_0002-1-1024x683.jpg 1024w, https:\/\/www.evropskakuca.me\/wp-content\/uploads\/2025\/09\/FRO_0002-1-300x200.jpg 300w, https:\/\/www.evropskakuca.me\/wp-content\/uploads\/2025\/09\/FRO_0002-1-768x512.jpg 768w, https:\/\/www.evropskakuca.me\/wp-content\/uploads\/2025\/09\/FRO_0002-1-1536x1024.jpg 1536w, https:\/\/www.evropskakuca.me\/wp-content\/uploads\/2025\/09\/FRO_0002-1-2048x1365.jpg 2048w\" sizes=\"(max-width: 1024px) 100vw, 1024px\" \/><\/figure>\n\n\n\n<p>Ministar ekologije, odr\u017eivog razvoja i razvoja sjevera, <strong>Damjan \u0106ulafi\u0107<\/strong>, rekao je da je \u017eivotna sredina u Crnoj Gori sve je va\u017enija tema, a Crna Gora ima jasnu opredijeljenost da \u010duva svoj ustavni poredak.<\/p>\n\n\n\n<p>On je istakao da mu je zadovoljstvo \u0161to je ovih dana inicijativom Vrhovnog dr\u017eavnog tu\u017eila\u0161tva formiran poseban operativni tim za borbu protiv ekolo\u0161kog kriminala.<\/p>\n\n\n\n<p>&#8220;Mislim da Crna Gora krupnim koracima ide u budu\u0107nost bar kada je u pitanju ova oblast i da Crna Gora pokazuje da, ako postoji tema oko koje se svi u dru\u0161tvu mogu objediniti, to je upravo oblast \u017eivotne sredine&#8221;, kazao je \u0106ulafi\u0107.<\/p>\n\n\n\n<figure class=\"wp-block-image size-large\"><img loading=\"lazy\" decoding=\"async\" width=\"1024\" height=\"683\" src=\"https:\/\/www.evropskakuca.me\/wp-content\/uploads\/2025\/09\/FRO_0132-1024x683.jpg\" alt=\"\" class=\"wp-image-45759\" srcset=\"https:\/\/www.evropskakuca.me\/wp-content\/uploads\/2025\/09\/FRO_0132-1024x683.jpg 1024w, https:\/\/www.evropskakuca.me\/wp-content\/uploads\/2025\/09\/FRO_0132-300x200.jpg 300w, https:\/\/www.evropskakuca.me\/wp-content\/uploads\/2025\/09\/FRO_0132-768x512.jpg 768w, https:\/\/www.evropskakuca.me\/wp-content\/uploads\/2025\/09\/FRO_0132-1536x1024.jpg 1536w, https:\/\/www.evropskakuca.me\/wp-content\/uploads\/2025\/09\/FRO_0132-2048x1365.jpg 2048w\" sizes=\"(max-width: 1024px) 100vw, 1024px\" \/><\/figure>\n\n\n\n<p>On je rekao da je posebna \u010dast to \u0161to su se akciji odazvali brojni i va\u017eni u\u010desnici dru\u0161tvenog i politi\u010dkog \u017eivota u Crnoj Gori &#8211; od lokalnih uprava Nik\u0161i\u0107a, Podgorice i Danilovgrada, Skup\u0161tine, kao i ustanova, uprava ili preduze\u0107a u sistemu ekologije.<\/p>\n\n\n\n<p>&#8220;Ovo je jedna veoma \u0161iroka koalicija dobre volje da se stavi do znaja da je \u017eivotna sredina fokus u Crnoj Gori&#8221;, kazao je \u0106ulafi\u0107.<\/p>\n\n\n\n<p>Generalni sekretar Skup\u0161tine Crne Gore, <strong>Boban Stani\u0161i\u0107<\/strong>, istakao je da za\u0161tita \u017eivotne sredine nije posao jedne institucije, ve\u0107 svih zajedno, te da \u0107e Skup\u0161tina nastaviti da podr\u017eava ovakve i sli\u010dne akcije i davati svoj konkretan doprinos. On je podsjetio da je dr\u017eavni parlament u prethodnim sedmicama, na simboli\u010dan na\u010din obilje\u017eio 34 godine od progla\u0161enja Crne Gore ekolo\u0161kom dr\u017eavom, u saradnji sa op\u0161tinama Kotor, Danilovgrad i Mojkovac i partnerima, te da \u0107e zavr\u0161ni doga\u0111aj uslijediti 25. septembra.<\/p>\n\n\n\n<figure class=\"wp-block-gallery has-nested-images columns-default is-cropped wp-block-gallery-2 is-layout-flex wp-block-gallery-is-layout-flex\">\n<figure class=\"wp-block-image size-large\"><img loading=\"lazy\" decoding=\"async\" width=\"1024\" height=\"683\" data-id=\"45761\" src=\"https:\/\/www.evropskakuca.me\/wp-content\/uploads\/2025\/09\/FRO_0239-1024x683.jpg\" alt=\"\" class=\"wp-image-45761\" srcset=\"https:\/\/www.evropskakuca.me\/wp-content\/uploads\/2025\/09\/FRO_0239-1024x683.jpg 1024w, https:\/\/www.evropskakuca.me\/wp-content\/uploads\/2025\/09\/FRO_0239-300x200.jpg 300w, https:\/\/www.evropskakuca.me\/wp-content\/uploads\/2025\/09\/FRO_0239-768x512.jpg 768w, https:\/\/www.evropskakuca.me\/wp-content\/uploads\/2025\/09\/FRO_0239-1536x1024.jpg 1536w, https:\/\/www.evropskakuca.me\/wp-content\/uploads\/2025\/09\/FRO_0239-2048x1365.jpg 2048w\" sizes=\"(max-width: 1024px) 100vw, 1024px\" \/><\/figure>\n\n\n\n<figure class=\"wp-block-image size-large\"><img loading=\"lazy\" decoding=\"async\" width=\"1024\" height=\"689\" data-id=\"45765\" src=\"https:\/\/www.evropskakuca.me\/wp-content\/uploads\/2025\/09\/FRO_0268-1024x689.jpg\" alt=\"\" class=\"wp-image-45765\" srcset=\"https:\/\/www.evropskakuca.me\/wp-content\/uploads\/2025\/09\/FRO_0268-1024x689.jpg 1024w, https:\/\/www.evropskakuca.me\/wp-content\/uploads\/2025\/09\/FRO_0268-300x202.jpg 300w, https:\/\/www.evropskakuca.me\/wp-content\/uploads\/2025\/09\/FRO_0268-768x516.jpg 768w, https:\/\/www.evropskakuca.me\/wp-content\/uploads\/2025\/09\/FRO_0268-1536x1033.jpg 1536w, https:\/\/www.evropskakuca.me\/wp-content\/uploads\/2025\/09\/FRO_0268-2048x1377.jpg 2048w\" sizes=\"(max-width: 1024px) 100vw, 1024px\" \/><\/figure>\n\n\n\n<figure class=\"wp-block-image size-large\"><img loading=\"lazy\" decoding=\"async\" width=\"1024\" height=\"708\" data-id=\"45763\" src=\"https:\/\/www.evropskakuca.me\/wp-content\/uploads\/2025\/09\/FRO_0309-1024x708.jpg\" alt=\"\" class=\"wp-image-45763\" srcset=\"https:\/\/www.evropskakuca.me\/wp-content\/uploads\/2025\/09\/FRO_0309-1024x708.jpg 1024w, https:\/\/www.evropskakuca.me\/wp-content\/uploads\/2025\/09\/FRO_0309-300x207.jpg 300w, https:\/\/www.evropskakuca.me\/wp-content\/uploads\/2025\/09\/FRO_0309-768x531.jpg 768w, https:\/\/www.evropskakuca.me\/wp-content\/uploads\/2025\/09\/FRO_0309-1536x1062.jpg 1536w, https:\/\/www.evropskakuca.me\/wp-content\/uploads\/2025\/09\/FRO_0309-2048x1416.jpg 2048w\" sizes=\"(max-width: 1024px) 100vw, 1024px\" \/><\/figure>\n<\/figure>\n\n\n\n<p>\u201eSmatram da je veoma va\u017eno da Skup\u0161tina, kao najzna\u010dajnija institucija u dr\u017eavi, bude aktivan u\u010desnik ovakvih akcija, da bi dokazala da put Crne Gore ka Evropskoj uniji nije samo usvajanje zakona i ispunjavanje normi, ve\u0107 konkretne akcije podizanja svijesti gra\u0111ana Crne Gore upravo na najva\u017enije teme, a to je za\u0161tita \u017eivotne sredine\u201c, poru\u010dio je Stani\u0161i\u0107.<\/p>\n\n\n\n<p>Na tri lokacije su postavljene table sa natpisom &#8220;O\u010di\u0161\u0107eno &#8211; neka tako i ostane&#8221;, kako bi se sprije\u010dilo ponovno odlaganje otpada i podigla svijest o o\u010duvanju okoline.<\/p>\n","protected":false},"excerpt":{"rendered":"<p>Nakon \u0106emovskog Polja u Podgorici i \u010di\u0161\u0107enja u Ulcinju u petak povodom Evropskog dana \u010di\u0161\u0107enja obala, nastavili smo sa \u010di\u0161\u0107enjem puta izme\u0111u Podgorice i Nik\u0161i\u0107a \u2014 tre\u0107om velikom akcijom u okviru kampanje za za\u0161titu \u017eivotne sredine \u010cuvaj da te \u010duva. U akciji \u00a0koju je organizovalo Ministarstvo ekologije odr\u017eivog razvoja i razvoja sjevera povodom 20. septembra, [&hellip;]<\/p>\n","protected":false},"author":3,"featured_media":45751,"comment_status":"closed","ping_status":"closed","sticky":false,"template":"","format":"standard","meta":{"_acf_changed":false,"footnotes":""},"categories":[283,524],"tags":[],"class_list":["post-45752","post","type-post","status-publish","format-standard","has-post-thumbnail","hentry","category-novosti-me","category-vesti"],"acf":[],"yoast_head":"<!-- This site is optimized with the Yoast SEO plugin v27.3 - https:\/\/yoast.com\/product\/yoast-seo-wordpress\/ -->\n<title>Akcija \u010di\u0161\u0107enja putnog pravca Podgorica \u2013 Nik\u0161i\u0107 - Europe House<\/title>\n<meta name=\"robots\" content=\"index, follow, max-snippet:-1, max-image-preview:large, max-video-preview:-1\" \/>\n<link rel=\"canonical\" href=\"https:\/\/www.evropskakuca.me\/me\/akcija-ciscenja-putnog-pravca-podgorica-niksic\/\" \/>\n<meta property=\"og:locale\" content=\"en_US\" \/>\n<meta property=\"og:type\" content=\"article\" \/>\n<meta property=\"og:title\" content=\"Akcija \u010di\u0161\u0107enja putnog pravca Podgorica \u2013 Nik\u0161i\u0107 - Europe House\" \/>\n<meta property=\"og:description\" content=\"Nakon \u0106emovskog Polja u Podgorici i \u010di\u0161\u0107enja u Ulcinju u petak povodom Evropskog dana \u010di\u0161\u0107enja obala, nastavili smo sa \u010di\u0161\u0107enjem puta izme\u0111u Podgorice i Nik\u0161i\u0107a \u2014 tre\u0107om velikom akcijom u okviru kampanje za za\u0161titu \u017eivotne sredine \u010cuvaj da te \u010duva. U akciji \u00a0koju je organizovalo Ministarstvo ekologije odr\u017eivog razvoja i razvoja sjevera povodom 20. septembra, [&hellip;]\" \/>\n<meta property=\"og:url\" content=\"https:\/\/www.evropskakuca.me\/me\/akcija-ciscenja-putnog-pravca-podgorica-niksic\/\" \/>\n<meta property=\"og:site_name\" content=\"Europe House\" \/>\n<meta property=\"article:publisher\" content=\"https:\/\/www.facebook.com\/evropska.kuca\" \/>\n<meta property=\"article:published_time\" content=\"2025-09-23T09:37:51+00:00\" \/>\n<meta property=\"article:modified_time\" content=\"2025-09-23T09:37:52+00:00\" \/>\n<meta property=\"og:image\" content=\"https:\/\/www.evropskakuca.me\/wp-content\/uploads\/2025\/09\/FRO_0142-scaled.jpg\" \/>\n\t<meta property=\"og:image:width\" content=\"2560\" \/>\n\t<meta property=\"og:image:height\" content=\"1707\" \/>\n\t<meta property=\"og:image:type\" content=\"image\/jpeg\" \/>\n<meta name=\"author\" content=\"Aleksandar Vukovic\" \/>\n<meta name=\"twitter:card\" content=\"summary_large_image\" \/>\n<meta name=\"twitter:creator\" content=\"@evropska_kuca\" \/>\n<meta name=\"twitter:site\" content=\"@evropska_kuca\" \/>\n<meta name=\"twitter:label1\" content=\"Written by\" \/>\n\t<meta name=\"twitter:data1\" content=\"Aleksandar Vukovic\" \/>\n\t<meta name=\"twitter:label2\" content=\"Est. reading time\" \/>\n\t<meta name=\"twitter:data2\" content=\"4 minutes\" \/>\n<script type=\"application\/ld+json\" class=\"yoast-schema-graph\">{\"@context\":\"https:\\\/\\\/schema.org\",\"@graph\":[{\"@type\":\"Article\",\"@id\":\"https:\\\/\\\/www.evropskakuca.me\\\/me\\\/akcija-ciscenja-putnog-pravca-podgorica-niksic\\\/#article\",\"isPartOf\":{\"@id\":\"https:\\\/\\\/www.evropskakuca.me\\\/me\\\/akcija-ciscenja-putnog-pravca-podgorica-niksic\\\/\"},\"author\":{\"name\":\"Aleksandar Vukovic\",\"@id\":\"https:\\\/\\\/www.evropskakuca.me\\\/me\\\/#\\\/schema\\\/person\\\/7e16527119c7b67f457996b970f2bd6e\"},\"headline\":\"Akcija \u010di\u0161\u0107enja putnog pravca Podgorica \u2013 Nik\u0161i\u0107\",\"datePublished\":\"2025-09-23T09:37:51+00:00\",\"dateModified\":\"2025-09-23T09:37:52+00:00\",\"mainEntityOfPage\":{\"@id\":\"https:\\\/\\\/www.evropskakuca.me\\\/me\\\/akcija-ciscenja-putnog-pravca-podgorica-niksic\\\/\"},\"wordCount\":577,\"publisher\":{\"@id\":\"https:\\\/\\\/www.evropskakuca.me\\\/me\\\/#organization\"},\"image\":{\"@id\":\"https:\\\/\\\/www.evropskakuca.me\\\/me\\\/akcija-ciscenja-putnog-pravca-podgorica-niksic\\\/#primaryimage\"},\"thumbnailUrl\":\"https:\\\/\\\/www.evropskakuca.me\\\/wp-content\\\/uploads\\\/2025\\\/09\\\/FRO_0142-scaled.jpg\",\"articleSection\":[\"Novosti\",\"Vesti\"],\"inLanguage\":\"me-ME\"},{\"@type\":\"WebPage\",\"@id\":\"https:\\\/\\\/www.evropskakuca.me\\\/me\\\/akcija-ciscenja-putnog-pravca-podgorica-niksic\\\/\",\"url\":\"https:\\\/\\\/www.evropskakuca.me\\\/me\\\/akcija-ciscenja-putnog-pravca-podgorica-niksic\\\/\",\"name\":\"Akcija \u010di\u0161\u0107enja putnog pravca Podgorica \u2013 Nik\u0161i\u0107 - Europe House\",\"isPartOf\":{\"@id\":\"https:\\\/\\\/www.evropskakuca.me\\\/me\\\/#website\"},\"primaryImageOfPage\":{\"@id\":\"https:\\\/\\\/www.evropskakuca.me\\\/me\\\/akcija-ciscenja-putnog-pravca-podgorica-niksic\\\/#primaryimage\"},\"image\":{\"@id\":\"https:\\\/\\\/www.evropskakuca.me\\\/me\\\/akcija-ciscenja-putnog-pravca-podgorica-niksic\\\/#primaryimage\"},\"thumbnailUrl\":\"https:\\\/\\\/www.evropskakuca.me\\\/wp-content\\\/uploads\\\/2025\\\/09\\\/FRO_0142-scaled.jpg\",\"datePublished\":\"2025-09-23T09:37:51+00:00\",\"dateModified\":\"2025-09-23T09:37:52+00:00\",\"breadcrumb\":{\"@id\":\"https:\\\/\\\/www.evropskakuca.me\\\/me\\\/akcija-ciscenja-putnog-pravca-podgorica-niksic\\\/#breadcrumb\"},\"inLanguage\":\"me-ME\",\"potentialAction\":[{\"@type\":\"ReadAction\",\"target\":[\"https:\\\/\\\/www.evropskakuca.me\\\/me\\\/akcija-ciscenja-putnog-pravca-podgorica-niksic\\\/\"]}]},{\"@type\":\"ImageObject\",\"inLanguage\":\"me-ME\",\"@id\":\"https:\\\/\\\/www.evropskakuca.me\\\/me\\\/akcija-ciscenja-putnog-pravca-podgorica-niksic\\\/#primaryimage\",\"url\":\"https:\\\/\\\/www.evropskakuca.me\\\/wp-content\\\/uploads\\\/2025\\\/09\\\/FRO_0142-scaled.jpg\",\"contentUrl\":\"https:\\\/\\\/www.evropskakuca.me\\\/wp-content\\\/uploads\\\/2025\\\/09\\\/FRO_0142-scaled.jpg\",\"width\":2560,\"height\":1707},{\"@type\":\"BreadcrumbList\",\"@id\":\"https:\\\/\\\/www.evropskakuca.me\\\/me\\\/akcija-ciscenja-putnog-pravca-podgorica-niksic\\\/#breadcrumb\",\"itemListElement\":[{\"@type\":\"ListItem\",\"position\":1,\"name\":\"Home\",\"item\":\"https:\\\/\\\/www.evropskakuca.me\\\/me\\\/\"},{\"@type\":\"ListItem\",\"position\":2,\"name\":\"Akcija \u010di\u0161\u0107enja putnog pravca Podgorica \u2013 Nik\u0161i\u0107\"}]},{\"@type\":\"WebSite\",\"@id\":\"https:\\\/\\\/www.evropskakuca.me\\\/me\\\/#website\",\"url\":\"https:\\\/\\\/www.evropskakuca.me\\\/me\\\/\",\"name\":\"Evropean house\",\"description\":\"\",\"publisher\":{\"@id\":\"https:\\\/\\\/www.evropskakuca.me\\\/me\\\/#organization\"},\"potentialAction\":[{\"@type\":\"SearchAction\",\"target\":{\"@type\":\"EntryPoint\",\"urlTemplate\":\"https:\\\/\\\/www.evropskakuca.me\\\/me\\\/?s={search_term_string}\"},\"query-input\":{\"@type\":\"PropertyValueSpecification\",\"valueRequired\":true,\"valueName\":\"search_term_string\"}}],\"inLanguage\":\"me-ME\"},{\"@type\":\"Organization\",\"@id\":\"https:\\\/\\\/www.evropskakuca.me\\\/me\\\/#organization\",\"name\":\"Evropean house\",\"url\":\"https:\\\/\\\/www.evropskakuca.me\\\/me\\\/\",\"logo\":{\"@type\":\"ImageObject\",\"inLanguage\":\"me-ME\",\"@id\":\"https:\\\/\\\/www.evropskakuca.me\\\/me\\\/#\\\/schema\\\/logo\\\/image\\\/\",\"url\":\"https:\\\/\\\/www.evropskakuca.me\\\/wp-content\\\/uploads\\\/2025\\\/01\\\/evropska-kuca-logo-1.png\",\"contentUrl\":\"https:\\\/\\\/www.evropskakuca.me\\\/wp-content\\\/uploads\\\/2025\\\/01\\\/evropska-kuca-logo-1.png\",\"width\":425,\"height\":312,\"caption\":\"Evropean house\"},\"image\":{\"@id\":\"https:\\\/\\\/www.evropskakuca.me\\\/me\\\/#\\\/schema\\\/logo\\\/image\\\/\"},\"sameAs\":[\"https:\\\/\\\/www.facebook.com\\\/evropska.kuca\",\"https:\\\/\\\/x.com\\\/evropska_kuca\",\"https:\\\/\\\/www.instagram.com\\\/evropska_kuca\"]},{\"@type\":\"Person\",\"@id\":\"https:\\\/\\\/www.evropskakuca.me\\\/me\\\/#\\\/schema\\\/person\\\/7e16527119c7b67f457996b970f2bd6e\",\"name\":\"Aleksandar Vukovic\",\"image\":{\"@type\":\"ImageObject\",\"inLanguage\":\"me-ME\",\"@id\":\"https:\\\/\\\/secure.gravatar.com\\\/avatar\\\/a1834e0104b0242a886079bde835ba36d80c70f9987a11f3ba33eb9e8d74cc15?s=96&d=mm&r=g\",\"url\":\"https:\\\/\\\/secure.gravatar.com\\\/avatar\\\/a1834e0104b0242a886079bde835ba36d80c70f9987a11f3ba33eb9e8d74cc15?s=96&d=mm&r=g\",\"contentUrl\":\"https:\\\/\\\/secure.gravatar.com\\\/avatar\\\/a1834e0104b0242a886079bde835ba36d80c70f9987a11f3ba33eb9e8d74cc15?s=96&d=mm&r=g\",\"caption\":\"Aleksandar Vukovic\"},\"url\":\"https:\\\/\\\/www.evropskakuca.me\\\/me\\\/author\\\/aleksandar\\\/\"}]}<\/script>\n<!-- \/ Yoast SEO plugin. -->","yoast_head_json":{"title":"Akcija \u010di\u0161\u0107enja putnog pravca Podgorica \u2013 Nik\u0161i\u0107 - Europe House","robots":{"index":"index","follow":"follow","max-snippet":"max-snippet:-1","max-image-preview":"max-image-preview:large","max-video-preview":"max-video-preview:-1"},"canonical":"https:\/\/www.evropskakuca.me\/me\/akcija-ciscenja-putnog-pravca-podgorica-niksic\/","og_locale":"en_US","og_type":"article","og_title":"Akcija \u010di\u0161\u0107enja putnog pravca Podgorica \u2013 Nik\u0161i\u0107 - Europe House","og_description":"Nakon \u0106emovskog Polja u Podgorici i \u010di\u0161\u0107enja u Ulcinju u petak povodom Evropskog dana \u010di\u0161\u0107enja obala, nastavili smo sa \u010di\u0161\u0107enjem puta izme\u0111u Podgorice i Nik\u0161i\u0107a \u2014 tre\u0107om velikom akcijom u okviru kampanje za za\u0161titu \u017eivotne sredine \u010cuvaj da te \u010duva. U akciji \u00a0koju je organizovalo Ministarstvo ekologije odr\u017eivog razvoja i razvoja sjevera povodom 20. septembra, [&hellip;]","og_url":"https:\/\/www.evropskakuca.me\/me\/akcija-ciscenja-putnog-pravca-podgorica-niksic\/","og_site_name":"Europe House","article_publisher":"https:\/\/www.facebook.com\/evropska.kuca","article_published_time":"2025-09-23T09:37:51+00:00","article_modified_time":"2025-09-23T09:37:52+00:00","og_image":[{"width":2560,"height":1707,"url":"https:\/\/www.evropskakuca.me\/wp-content\/uploads\/2025\/09\/FRO_0142-scaled.jpg","type":"image\/jpeg"}],"author":"Aleksandar Vukovic","twitter_card":"summary_large_image","twitter_creator":"@evropska_kuca","twitter_site":"@evropska_kuca","twitter_misc":{"Written by":"Aleksandar Vukovic","Est. reading time":"4 minutes"},"schema":{"@context":"https:\/\/schema.org","@graph":[{"@type":"Article","@id":"https:\/\/www.evropskakuca.me\/me\/akcija-ciscenja-putnog-pravca-podgorica-niksic\/#article","isPartOf":{"@id":"https:\/\/www.evropskakuca.me\/me\/akcija-ciscenja-putnog-pravca-podgorica-niksic\/"},"author":{"name":"Aleksandar Vukovic","@id":"https:\/\/www.evropskakuca.me\/me\/#\/schema\/person\/7e16527119c7b67f457996b970f2bd6e"},"headline":"Akcija \u010di\u0161\u0107enja putnog pravca Podgorica \u2013 Nik\u0161i\u0107","datePublished":"2025-09-23T09:37:51+00:00","dateModified":"2025-09-23T09:37:52+00:00","mainEntityOfPage":{"@id":"https:\/\/www.evropskakuca.me\/me\/akcija-ciscenja-putnog-pravca-podgorica-niksic\/"},"wordCount":577,"publisher":{"@id":"https:\/\/www.evropskakuca.me\/me\/#organization"},"image":{"@id":"https:\/\/www.evropskakuca.me\/me\/akcija-ciscenja-putnog-pravca-podgorica-niksic\/#primaryimage"},"thumbnailUrl":"https:\/\/www.evropskakuca.me\/wp-content\/uploads\/2025\/09\/FRO_0142-scaled.jpg","articleSection":["Novosti","Vesti"],"inLanguage":"me-ME"},{"@type":"WebPage","@id":"https:\/\/www.evropskakuca.me\/me\/akcija-ciscenja-putnog-pravca-podgorica-niksic\/","url":"https:\/\/www.evropskakuca.me\/me\/akcija-ciscenja-putnog-pravca-podgorica-niksic\/","name":"Akcija \u010di\u0161\u0107enja putnog pravca Podgorica \u2013 Nik\u0161i\u0107 - Europe House","isPartOf":{"@id":"https:\/\/www.evropskakuca.me\/me\/#website"},"primaryImageOfPage":{"@id":"https:\/\/www.evropskakuca.me\/me\/akcija-ciscenja-putnog-pravca-podgorica-niksic\/#primaryimage"},"image":{"@id":"https:\/\/www.evropskakuca.me\/me\/akcija-ciscenja-putnog-pravca-podgorica-niksic\/#primaryimage"},"thumbnailUrl":"https:\/\/www.evropskakuca.me\/wp-content\/uploads\/2025\/09\/FRO_0142-scaled.jpg","datePublished":"2025-09-23T09:37:51+00:00","dateModified":"2025-09-23T09:37:52+00:00","breadcrumb":{"@id":"https:\/\/www.evropskakuca.me\/me\/akcija-ciscenja-putnog-pravca-podgorica-niksic\/#breadcrumb"},"inLanguage":"me-ME","potentialAction":[{"@type":"ReadAction","target":["https:\/\/www.evropskakuca.me\/me\/akcija-ciscenja-putnog-pravca-podgorica-niksic\/"]}]},{"@type":"ImageObject","inLanguage":"me-ME","@id":"https:\/\/www.evropskakuca.me\/me\/akcija-ciscenja-putnog-pravca-podgorica-niksic\/#primaryimage","url":"https:\/\/www.evropskakuca.me\/wp-content\/uploads\/2025\/09\/FRO_0142-scaled.jpg","contentUrl":"https:\/\/www.evropskakuca.me\/wp-content\/uploads\/2025\/09\/FRO_0142-scaled.jpg","width":2560,"height":1707},{"@type":"BreadcrumbList","@id":"https:\/\/www.evropskakuca.me\/me\/akcija-ciscenja-putnog-pravca-podgorica-niksic\/#breadcrumb","itemListElement":[{"@type":"ListItem","position":1,"name":"Home","item":"https:\/\/www.evropskakuca.me\/me\/"},{"@type":"ListItem","position":2,"name":"Akcija \u010di\u0161\u0107enja putnog pravca Podgorica \u2013 Nik\u0161i\u0107"}]},{"@type":"WebSite","@id":"https:\/\/www.evropskakuca.me\/me\/#website","url":"https:\/\/www.evropskakuca.me\/me\/","name":"Evropean house","description":"","publisher":{"@id":"https:\/\/www.evropskakuca.me\/me\/#organization"},"potentialAction":[{"@type":"SearchAction","target":{"@type":"EntryPoint","urlTemplate":"https:\/\/www.evropskakuca.me\/me\/?s={search_term_string}"},"query-input":{"@type":"PropertyValueSpecification","valueRequired":true,"valueName":"search_term_string"}}],"inLanguage":"me-ME"},{"@type":"Organization","@id":"https:\/\/www.evropskakuca.me\/me\/#organization","name":"Evropean house","url":"https:\/\/www.evropskakuca.me\/me\/","logo":{"@type":"ImageObject","inLanguage":"me-ME","@id":"https:\/\/www.evropskakuca.me\/me\/#\/schema\/logo\/image\/","url":"https:\/\/www.evropskakuca.me\/wp-content\/uploads\/2025\/01\/evropska-kuca-logo-1.png","contentUrl":"https:\/\/www.evropskakuca.me\/wp-content\/uploads\/2025\/01\/evropska-kuca-logo-1.png","width":425,"height":312,"caption":"Evropean house"},"image":{"@id":"https:\/\/www.evropskakuca.me\/me\/#\/schema\/logo\/image\/"},"sameAs":["https:\/\/www.facebook.com\/evropska.kuca","https:\/\/x.com\/evropska_kuca","https:\/\/www.instagram.com\/evropska_kuca"]},{"@type":"Person","@id":"https:\/\/www.evropskakuca.me\/me\/#\/schema\/person\/7e16527119c7b67f457996b970f2bd6e","name":"Aleksandar Vukovic","image":{"@type":"ImageObject","inLanguage":"me-ME","@id":"https:\/\/secure.gravatar.com\/avatar\/a1834e0104b0242a886079bde835ba36d80c70f9987a11f3ba33eb9e8d74cc15?s=96&d=mm&r=g","url":"https:\/\/secure.gravatar.com\/avatar\/a1834e0104b0242a886079bde835ba36d80c70f9987a11f3ba33eb9e8d74cc15?s=96&d=mm&r=g","contentUrl":"https:\/\/secure.gravatar.com\/avatar\/a1834e0104b0242a886079bde835ba36d80c70f9987a11f3ba33eb9e8d74cc15?s=96&d=mm&r=g","caption":"Aleksandar Vukovic"},"url":"https:\/\/www.evropskakuca.me\/me\/author\/aleksandar\/"}]}},"_links":{"self":[{"href":"https:\/\/www.evropskakuca.me\/me\/wp-json\/wp\/v2\/posts\/45752","targetHints":{"allow":["GET"]}}],"collection":[{"href":"https:\/\/www.evropskakuca.me\/me\/wp-json\/wp\/v2\/posts"}],"about":[{"href":"https:\/\/www.evropskakuca.me\/me\/wp-json\/wp\/v2\/types\/post"}],"author":[{"embeddable":true,"href":"https:\/\/www.evropskakuca.me\/me\/wp-json\/wp\/v2\/users\/3"}],"replies":[{"embeddable":true,"href":"https:\/\/www.evropskakuca.me\/me\/wp-json\/wp\/v2\/comments?post=45752"}],"version-history":[{"count":1,"href":"https:\/\/www.evropskakuca.me\/me\/wp-json\/wp\/v2\/posts\/45752\/revisions"}],"predecessor-version":[{"id":45767,"href":"https:\/\/www.evropskakuca.me\/me\/wp-json\/wp\/v2\/posts\/45752\/revisions\/45767"}],"wp:featuredmedia":[{"embeddable":true,"href":"https:\/\/www.evropskakuca.me\/me\/wp-json\/wp\/v2\/media\/45751"}],"wp:attachment":[{"href":"https:\/\/www.evropskakuca.me\/me\/wp-json\/wp\/v2\/media?parent=45752"}],"wp:term":[{"taxonomy":"category","embeddable":true,"href":"https:\/\/www.evropskakuca.me\/me\/wp-json\/wp\/v2\/categories?post=45752"},{"taxonomy":"post_tag","embeddable":true,"href":"https:\/\/www.evropskakuca.me\/me\/wp-json\/wp\/v2\/tags?post=45752"}],"curies":[{"name":"wp","href":"https:\/\/api.w.org\/{rel}","templated":true}]}}