{"id":45723,"date":"2025-09-19T12:56:00","date_gmt":"2025-09-19T12:56:00","guid":{"rendered":"https:\/\/www.evropskakuca.me\/?p=45723"},"modified":"2025-09-19T13:22:53","modified_gmt":"2025-09-19T13:22:53","slug":"cuvaj-da-te-cuva-nova-akcija-protiv-divljih-deponija-na-velikoj-plazi","status":"publish","type":"post","link":"https:\/\/www.evropskakuca.me\/me\/cuvaj-da-te-cuva-nova-akcija-protiv-divljih-deponija-na-velikoj-plazi\/","title":{"rendered":"\u010cUVAJ DA TE \u010cUVA: Nova akcija protiv divljih deponija na Velikoj pla\u017ei"},"content":{"rendered":"\n<p>U okviru nacionalne kampanje za za\u0161titu \u017eivotne sredine \u201e\u010cuvaj da te \u010duva&#8221;, a povodom Evropskog dana \u010di\u0161\u0107enja obala, otpo\u010dela je vi\u0161ednevna akcija sanacije zale\u0111a Velike pla\u017ee u Ulcinju \u2013 podru\u010dja optere\u0107enog divljim deponijama i, na\u017ealost, samo jednog od ugro\u017eenih prostora na ovom podru\u010dju.<\/p>\n\n\n\n<p>Inicijativi <strong>Delegacije Evropske unije<\/strong>, koja ve\u0107 tradicionalno obilje\u017eava ovaj va\u017ean evropski dan sli\u010dnim akcijama, odazvali su se klju\u010dni partneri i implementatori nacionalne kampanje: Ministarstvo ekologije, odr\u017eivog razvoja i razvoja sjevera, ambasade dr\u017eava \u010dlanica EU, Op\u0161tina Ulcinj, Uprava policije, Uprava za za\u0161titu prostora, Centralna banka Crne Gore, nevladine organizacije\u00a0<em>Ozelenimo Crnu Goru<\/em>\u00a0i\u00a0<em>Zero Waste Montenegro<\/em>, kao i brojni lokalni partneri, me\u0111u kojima Fondacija\u00a0<em>Dr Martin \u0160najder Jakobi<\/em>\u00a0i u\u010denici Srednje mje\u0161ovite \u0161kole \u201eBratstvo\u2013Jedinstvo&#8221; iz Ulcinja.<\/p>\n\n\n\n<figure class=\"wp-block-image size-large\"><img fetchpriority=\"high\" decoding=\"async\" width=\"1024\" height=\"682\" src=\"https:\/\/www.evropskakuca.me\/wp-content\/uploads\/2025\/09\/FRO_8736-1024x682.jpeg\" alt=\"\" class=\"wp-image-45726\" srcset=\"https:\/\/www.evropskakuca.me\/wp-content\/uploads\/2025\/09\/FRO_8736-1024x682.jpeg 1024w, https:\/\/www.evropskakuca.me\/wp-content\/uploads\/2025\/09\/FRO_8736-300x200.jpeg 300w, https:\/\/www.evropskakuca.me\/wp-content\/uploads\/2025\/09\/FRO_8736-768x512.jpeg 768w, https:\/\/www.evropskakuca.me\/wp-content\/uploads\/2025\/09\/FRO_8736.jpeg 1280w\" sizes=\"(max-width: 1024px) 100vw, 1024px\" \/><\/figure>\n\n\n\n<p>Ambasador Evropske unije u Crnoj Gori, <strong>Johan Satler<\/strong>, iskazao je zadovoljstvo odzivom i na nacionalnom i na lokalnom nivou, podsjetiv\u0161i na same po\u010detke kampanje i zna\u010dajne rezultate postignute u vrlo kratkom periodu:\u00a0\u00a0\u00a0\u00a0\u00a0\u00a0\u00a0<br>\u201e<em>Zajedno smo u\u010dinili mnogo, ovo je ve\u0107 druga divlja deponija koju svojim zalaganjem i uz pomo\u0107 partnera iz svih sfera crnogorskog dru\u0161tva uspje\u0161no pretvaramo u ure\u0111en javni prostor sa klupama, nadzornim kamerama i obavje\u0161tenjima. Naro\u010dito sam ohrabren osnivanjem multidisciplinarnog tima za borbu protiv ekolo\u0161kog kriminala, jer nije dovoljno o\u010distiti i sanirati, institucije moraju da imaju efikasan odgovor na svako djelo iz oblasti ekolo\u0161kog kriminala. Samo tako Crna Gora mo\u017ee odgovoriti izazovima iz poglavlja 27, ali, \u0161to je jo\u0161 va\u017enije, sa\u010duvati prekrasnu crnogorsku prirodu za budu\u0107e generacije.&#8221;<\/em><\/p>\n\n\n\n<figure class=\"wp-block-image size-large\"><img decoding=\"async\" width=\"1024\" height=\"682\" src=\"https:\/\/www.evropskakuca.me\/wp-content\/uploads\/2025\/09\/FRO_8780-1024x682.jpeg\" alt=\"\" class=\"wp-image-45728\" srcset=\"https:\/\/www.evropskakuca.me\/wp-content\/uploads\/2025\/09\/FRO_8780-1024x682.jpeg 1024w, https:\/\/www.evropskakuca.me\/wp-content\/uploads\/2025\/09\/FRO_8780-300x200.jpeg 300w, https:\/\/www.evropskakuca.me\/wp-content\/uploads\/2025\/09\/FRO_8780-768x512.jpeg 768w, https:\/\/www.evropskakuca.me\/wp-content\/uploads\/2025\/09\/FRO_8780.jpeg 1280w\" sizes=\"(max-width: 1024px) 100vw, 1024px\" \/><\/figure>\n\n\n\n<p>Ministar ekologije, odr\u017eivog razvoja i razvoja sjevera <strong>Damjan \u0106ulafi\u0107<\/strong>, kazao je:\u00a0<em>Prije svega \u017eelim da izrazim zahvalnost svim na\u0161im saradnicima koji nam poma\u017eu u ispunjavanju brojnih obaveza iz Poglavlja 27, a posebno Delegaciji EU u Crnoj Gori na \u010delu sa ambasadorom, gospodinom Satlerom.\u00a0Posebno mi je zadovoljstvo \u0161to danas imamo i prisustvo ambasadorke Kraljevine Danske, na \u010demu sam kao ministar, ali i kao gra\u0111anin Crne Gore, izuzetno zahvalan. Tako\u0111e, \u017eelim da pohvalim napore lokalne uprave, \u010diji su predstavnici danas ovdje sa nama, kao i prisustvo predstavnika civilnog sektora i medija. \u010cini mi se da nijedna kampanja u oblasti za\u0161tite prirode i ekologije do sada nije okupila ovako veliki broj relevantnih aktera iz svih dijelova dru\u0161tva kao \u0161to je to u\u010dinila velika nacionalna kampanja &#8220;\u010cuvaj da te \u010duva&#8221;. Ovu kampanju smo zapo\u010deli velikom akcijom \u010di\u0161\u0107enja na \u0106emovskom polju, danas je nastavljamo ovdje u Ulcinju, a ve\u0107 u ponedjeljak nastavljamo na potezu izme\u0111u Podgorice i Nik\u0161i\u0107a. Ministarstvo ekologije, odr\u017eivog, razvoja i razvoja sjevera kao jedan od partnera u ovoj velikoj nacionalnoj kampanji, daje svoj doprinos i vjerujem\u00a0da posti\u017eemo ono \u0161to je najva\u017enije, a to je podizanje svijesti gra\u0111ana o zna\u010daju za\u0161tite \u017eivotne sredine.&#8221;<\/em><\/p>\n\n\n\n<figure class=\"wp-block-gallery has-nested-images columns-default is-cropped wp-block-gallery-1 is-layout-flex wp-block-gallery-is-layout-flex\">\n<figure class=\"wp-block-image size-large\"><img decoding=\"async\" width=\"1024\" height=\"682\" data-id=\"45730\" src=\"https:\/\/www.evropskakuca.me\/wp-content\/uploads\/2025\/09\/FRO_8977-1024x682.jpeg\" alt=\"\" class=\"wp-image-45730\" srcset=\"https:\/\/www.evropskakuca.me\/wp-content\/uploads\/2025\/09\/FRO_8977-1024x682.jpeg 1024w, https:\/\/www.evropskakuca.me\/wp-content\/uploads\/2025\/09\/FRO_8977-300x200.jpeg 300w, https:\/\/www.evropskakuca.me\/wp-content\/uploads\/2025\/09\/FRO_8977-768x512.jpeg 768w, https:\/\/www.evropskakuca.me\/wp-content\/uploads\/2025\/09\/FRO_8977.jpeg 1280w\" sizes=\"(max-width: 1024px) 100vw, 1024px\" \/><\/figure>\n\n\n\n<figure class=\"wp-block-image size-large\"><img loading=\"lazy\" decoding=\"async\" width=\"1024\" height=\"682\" data-id=\"45732\" src=\"https:\/\/www.evropskakuca.me\/wp-content\/uploads\/2025\/09\/FRO_8885-1024x682.jpeg\" alt=\"\" class=\"wp-image-45732\" srcset=\"https:\/\/www.evropskakuca.me\/wp-content\/uploads\/2025\/09\/FRO_8885-1024x682.jpeg 1024w, https:\/\/www.evropskakuca.me\/wp-content\/uploads\/2025\/09\/FRO_8885-300x200.jpeg 300w, https:\/\/www.evropskakuca.me\/wp-content\/uploads\/2025\/09\/FRO_8885-768x512.jpeg 768w, https:\/\/www.evropskakuca.me\/wp-content\/uploads\/2025\/09\/FRO_8885.jpeg 1280w\" sizes=\"(max-width: 1024px) 100vw, 1024px\" \/><\/figure>\n<\/figure>\n\n\n\n<p><strong>Pernil Daler Kardel<\/strong>, ambasadorka Danske, zemlje predsjedavaju\u0107e Savjetu EU, istakla je:\u00a0<em>\u201eO\u010duvanje zadivljuju\u0107e prirode Crne Gore nije samo lokalna obaveza, ve\u0107 i zajedni\u010dka evropska odgovornost. Dana\u0161nja akcija \u010di\u0161\u0107enja je dokaz toga \u2013 ona nije samo simboli\u010dan \u010din, ve\u0107 sna\u017ean korak ka zelenijoj i ujedinjenijoj Evropi. Ovo je sezona seobe ptica, \u0161to dodatno nagla\u0161ava potrebu da obratimo vi\u0161e pa\u017enje na ptice koje povezuju na\u0161e nebo. Istovremeno nas podsje\u0107a da i na\u0161e napore moramo povezati, \u0161tite\u0107i ovo tlo koje \u0161titi nas. Rad Crne Gore na Poglavlju 27 pokazuje posve\u0107enost, te ohrabrujem Crnu Goru da udvostru\u010di napore kako bi se postigao ve\u0107i napredak u ovom poglavlju. Za\u0161tita \u017eivotne sredine je i politi\u010dka obaveza i obe\u0107anje budu\u0107im generacijama. &#8220;<\/em><\/p>\n\n\n\n<p>Potpredsjednik Op\u0161tine Ulcinj <strong>Be\u0107ir Selaj<\/strong> saop\u0161tio je:\u00a0<em>\u201eZa\u0161titom \u017eivotne sredine i prirodnih resursa obezbje\u0111ujemo budu\u0107im generacijama pravo na zdrav zivot i odr\u017eivi ekonomski napredak bez ugro\u017eavanja njihovih potreba &#8211; jer samo u skladu sa prirodom mo\u017eemo graditi budu\u0107nost vrijednu \u017eivljenja. Na takav na\u010din moramo postupiti sa Velikom Pla\u017eom, Solanom, Valdanosom, Adom Bojanom i drugim biserima na\u0161eg grada, jer su nam oni zapravo povjereni od generacija koje dolaze.&#8221;<\/em><\/p>\n\n\n\n<figure class=\"wp-block-image size-large\"><img loading=\"lazy\" decoding=\"async\" width=\"1024\" height=\"682\" src=\"https:\/\/www.evropskakuca.me\/wp-content\/uploads\/2025\/09\/FRO_8685-1024x682.jpeg\" alt=\"\" class=\"wp-image-45734\" srcset=\"https:\/\/www.evropskakuca.me\/wp-content\/uploads\/2025\/09\/FRO_8685-1024x682.jpeg 1024w, https:\/\/www.evropskakuca.me\/wp-content\/uploads\/2025\/09\/FRO_8685-300x200.jpeg 300w, https:\/\/www.evropskakuca.me\/wp-content\/uploads\/2025\/09\/FRO_8685-768x512.jpeg 768w, https:\/\/www.evropskakuca.me\/wp-content\/uploads\/2025\/09\/FRO_8685.jpeg 1280w\" sizes=\"(max-width: 1024px) 100vw, 1024px\" \/><\/figure>\n\n\n\n<p>Izvr\u0161na direktorica NVO\u00a0<em>Zero Waste Montenegro<\/em>\u00a0<strong>Vanja Cicmil<\/strong> dodala je:<em>\u00a0Svaka komad otpada na pla\u017ei podsje\u0107a nas da jo\u0161 uvijek moramo raditi na promjeni navika i sistema upravljanja otpadom. Zato je dana\u0161nja akcija pod sloganom\u00a0\u201e\u010cuvaj da te \u010duva&#8221;\u00a0mnogo vi\u0161e od simboli\u010dnog \u010di\u0161\u0107enja. Ona pokazuje da rje\u0161enja postoje, kroz saradnju institucija, privrede, organizacija i gra\u0111ana. Zero Waste Montenegro, kao dio evropske i globalne mre\u017ee, nastavlja da radi na edukaciji, promovisanju odr\u017eivih alternativa i zagovaranju boljih politika. Ipak, pravi uspjeh dolazi tek kada zajednica osjeti da promjena zavisi od nje same.&#8221;<\/em><\/p>\n\n\n\n<p>Sanirani prostor zale\u0111a Velike pla\u017ee bi\u0107e dodatno opremljen parkovskim mobilijarom i nadzornim kamerama, koje donira partner kampanje \u2013 Centralna banka Crne Gore, a \u010dime se obezbje\u0111uje trajni nadzor saniranog prostora od strane nadle\u017enih komunalnih slu\u017ebi op\u0161tine.&nbsp;<\/p>\n\n\n\n<p><strong>\u010cuvajmo obale \u2013 one su lice na\u0161ih voda i ogledalo na\u0161eg odnosa prema prirodi. \u010cuvaj da te \u010duva.<\/strong><\/p>\n","protected":false},"excerpt":{"rendered":"<p>U okviru nacionalne kampanje za za\u0161titu \u017eivotne sredine \u201e\u010cuvaj da te \u010duva&#8221;, a povodom Evropskog dana \u010di\u0161\u0107enja obala, otpo\u010dela je vi\u0161ednevna akcija sanacije zale\u0111a Velike pla\u017ee u Ulcinju \u2013 podru\u010dja optere\u0107enog divljim deponijama i, na\u017ealost, samo jednog od ugro\u017eenih prostora na ovom podru\u010dju. Inicijativi Delegacije Evropske unije, koja ve\u0107 tradicionalno obilje\u017eava ovaj va\u017ean evropski dan [&hellip;]<\/p>\n","protected":false},"author":3,"featured_media":45724,"comment_status":"closed","ping_status":"closed","sticky":false,"template":"","format":"standard","meta":{"_acf_changed":false,"footnotes":""},"categories":[283,524],"tags":[],"class_list":["post-45723","post","type-post","status-publish","format-standard","has-post-thumbnail","hentry","category-novosti-me","category-vesti"],"acf":[],"yoast_head":"<!-- This site is optimized with the Yoast SEO plugin v27.3 - https:\/\/yoast.com\/product\/yoast-seo-wordpress\/ -->\n<title>\u010cUVAJ DA TE \u010cUVA: Nova akcija protiv divljih deponija na Velikoj pla\u017ei - Europe House<\/title>\n<meta name=\"robots\" content=\"index, follow, max-snippet:-1, max-image-preview:large, max-video-preview:-1\" \/>\n<link rel=\"canonical\" href=\"https:\/\/www.evropskakuca.me\/me\/cuvaj-da-te-cuva-nova-akcija-protiv-divljih-deponija-na-velikoj-plazi\/\" \/>\n<meta property=\"og:locale\" content=\"en_US\" \/>\n<meta property=\"og:type\" content=\"article\" \/>\n<meta property=\"og:title\" content=\"\u010cUVAJ DA TE \u010cUVA: Nova akcija protiv divljih deponija na Velikoj pla\u017ei - Europe House\" \/>\n<meta property=\"og:description\" content=\"U okviru nacionalne kampanje za za\u0161titu \u017eivotne sredine \u201e\u010cuvaj da te \u010duva&#8221;, a povodom Evropskog dana \u010di\u0161\u0107enja obala, otpo\u010dela je vi\u0161ednevna akcija sanacije zale\u0111a Velike pla\u017ee u Ulcinju \u2013 podru\u010dja optere\u0107enog divljim deponijama i, na\u017ealost, samo jednog od ugro\u017eenih prostora na ovom podru\u010dju. Inicijativi Delegacije Evropske unije, koja ve\u0107 tradicionalno obilje\u017eava ovaj va\u017ean evropski dan [&hellip;]\" \/>\n<meta property=\"og:url\" content=\"https:\/\/www.evropskakuca.me\/me\/cuvaj-da-te-cuva-nova-akcija-protiv-divljih-deponija-na-velikoj-plazi\/\" \/>\n<meta property=\"og:site_name\" content=\"Europe House\" \/>\n<meta property=\"article:publisher\" content=\"https:\/\/www.facebook.com\/evropska.kuca\" \/>\n<meta property=\"article:published_time\" content=\"2025-09-19T12:56:00+00:00\" \/>\n<meta property=\"article:modified_time\" content=\"2025-09-19T13:22:53+00:00\" \/>\n<meta property=\"og:image\" content=\"https:\/\/www.evropskakuca.me\/wp-content\/uploads\/2025\/09\/FRO_8723.jpeg\" \/>\n\t<meta property=\"og:image:width\" content=\"1280\" \/>\n\t<meta property=\"og:image:height\" content=\"853\" \/>\n\t<meta property=\"og:image:type\" content=\"image\/jpeg\" \/>\n<meta name=\"author\" content=\"Aleksandar Vukovic\" \/>\n<meta name=\"twitter:card\" content=\"summary_large_image\" \/>\n<meta name=\"twitter:creator\" content=\"@evropska_kuca\" \/>\n<meta name=\"twitter:site\" content=\"@evropska_kuca\" \/>\n<meta name=\"twitter:label1\" content=\"Written by\" \/>\n\t<meta name=\"twitter:data1\" content=\"Aleksandar Vukovic\" \/>\n\t<meta name=\"twitter:label2\" content=\"Est. reading time\" \/>\n\t<meta name=\"twitter:data2\" content=\"5 minutes\" \/>\n<script type=\"application\/ld+json\" class=\"yoast-schema-graph\">{\"@context\":\"https:\\\/\\\/schema.org\",\"@graph\":[{\"@type\":\"Article\",\"@id\":\"https:\\\/\\\/www.evropskakuca.me\\\/me\\\/cuvaj-da-te-cuva-nova-akcija-protiv-divljih-deponija-na-velikoj-plazi\\\/#article\",\"isPartOf\":{\"@id\":\"https:\\\/\\\/www.evropskakuca.me\\\/me\\\/cuvaj-da-te-cuva-nova-akcija-protiv-divljih-deponija-na-velikoj-plazi\\\/\"},\"author\":{\"name\":\"Aleksandar Vukovic\",\"@id\":\"https:\\\/\\\/www.evropskakuca.me\\\/me\\\/#\\\/schema\\\/person\\\/7e16527119c7b67f457996b970f2bd6e\"},\"headline\":\"\u010cUVAJ DA TE \u010cUVA: Nova akcija protiv divljih deponija na Velikoj pla\u017ei\",\"datePublished\":\"2025-09-19T12:56:00+00:00\",\"dateModified\":\"2025-09-19T13:22:53+00:00\",\"mainEntityOfPage\":{\"@id\":\"https:\\\/\\\/www.evropskakuca.me\\\/me\\\/cuvaj-da-te-cuva-nova-akcija-protiv-divljih-deponija-na-velikoj-plazi\\\/\"},\"wordCount\":874,\"publisher\":{\"@id\":\"https:\\\/\\\/www.evropskakuca.me\\\/me\\\/#organization\"},\"image\":{\"@id\":\"https:\\\/\\\/www.evropskakuca.me\\\/me\\\/cuvaj-da-te-cuva-nova-akcija-protiv-divljih-deponija-na-velikoj-plazi\\\/#primaryimage\"},\"thumbnailUrl\":\"https:\\\/\\\/www.evropskakuca.me\\\/wp-content\\\/uploads\\\/2025\\\/09\\\/FRO_8723.jpeg\",\"articleSection\":[\"Novosti\",\"Vesti\"],\"inLanguage\":\"me-ME\"},{\"@type\":\"WebPage\",\"@id\":\"https:\\\/\\\/www.evropskakuca.me\\\/me\\\/cuvaj-da-te-cuva-nova-akcija-protiv-divljih-deponija-na-velikoj-plazi\\\/\",\"url\":\"https:\\\/\\\/www.evropskakuca.me\\\/me\\\/cuvaj-da-te-cuva-nova-akcija-protiv-divljih-deponija-na-velikoj-plazi\\\/\",\"name\":\"\u010cUVAJ DA TE \u010cUVA: Nova akcija protiv divljih deponija na Velikoj pla\u017ei - Europe House\",\"isPartOf\":{\"@id\":\"https:\\\/\\\/www.evropskakuca.me\\\/me\\\/#website\"},\"primaryImageOfPage\":{\"@id\":\"https:\\\/\\\/www.evropskakuca.me\\\/me\\\/cuvaj-da-te-cuva-nova-akcija-protiv-divljih-deponija-na-velikoj-plazi\\\/#primaryimage\"},\"image\":{\"@id\":\"https:\\\/\\\/www.evropskakuca.me\\\/me\\\/cuvaj-da-te-cuva-nova-akcija-protiv-divljih-deponija-na-velikoj-plazi\\\/#primaryimage\"},\"thumbnailUrl\":\"https:\\\/\\\/www.evropskakuca.me\\\/wp-content\\\/uploads\\\/2025\\\/09\\\/FRO_8723.jpeg\",\"datePublished\":\"2025-09-19T12:56:00+00:00\",\"dateModified\":\"2025-09-19T13:22:53+00:00\",\"breadcrumb\":{\"@id\":\"https:\\\/\\\/www.evropskakuca.me\\\/me\\\/cuvaj-da-te-cuva-nova-akcija-protiv-divljih-deponija-na-velikoj-plazi\\\/#breadcrumb\"},\"inLanguage\":\"me-ME\",\"potentialAction\":[{\"@type\":\"ReadAction\",\"target\":[\"https:\\\/\\\/www.evropskakuca.me\\\/me\\\/cuvaj-da-te-cuva-nova-akcija-protiv-divljih-deponija-na-velikoj-plazi\\\/\"]}]},{\"@type\":\"ImageObject\",\"inLanguage\":\"me-ME\",\"@id\":\"https:\\\/\\\/www.evropskakuca.me\\\/me\\\/cuvaj-da-te-cuva-nova-akcija-protiv-divljih-deponija-na-velikoj-plazi\\\/#primaryimage\",\"url\":\"https:\\\/\\\/www.evropskakuca.me\\\/wp-content\\\/uploads\\\/2025\\\/09\\\/FRO_8723.jpeg\",\"contentUrl\":\"https:\\\/\\\/www.evropskakuca.me\\\/wp-content\\\/uploads\\\/2025\\\/09\\\/FRO_8723.jpeg\",\"width\":1280,\"height\":853},{\"@type\":\"BreadcrumbList\",\"@id\":\"https:\\\/\\\/www.evropskakuca.me\\\/me\\\/cuvaj-da-te-cuva-nova-akcija-protiv-divljih-deponija-na-velikoj-plazi\\\/#breadcrumb\",\"itemListElement\":[{\"@type\":\"ListItem\",\"position\":1,\"name\":\"Home\",\"item\":\"https:\\\/\\\/www.evropskakuca.me\\\/me\\\/\"},{\"@type\":\"ListItem\",\"position\":2,\"name\":\"\u010cUVAJ DA TE \u010cUVA: Nova akcija protiv divljih deponija na Velikoj pla\u017ei\"}]},{\"@type\":\"WebSite\",\"@id\":\"https:\\\/\\\/www.evropskakuca.me\\\/me\\\/#website\",\"url\":\"https:\\\/\\\/www.evropskakuca.me\\\/me\\\/\",\"name\":\"Evropean house\",\"description\":\"\",\"publisher\":{\"@id\":\"https:\\\/\\\/www.evropskakuca.me\\\/me\\\/#organization\"},\"potentialAction\":[{\"@type\":\"SearchAction\",\"target\":{\"@type\":\"EntryPoint\",\"urlTemplate\":\"https:\\\/\\\/www.evropskakuca.me\\\/me\\\/?s={search_term_string}\"},\"query-input\":{\"@type\":\"PropertyValueSpecification\",\"valueRequired\":true,\"valueName\":\"search_term_string\"}}],\"inLanguage\":\"me-ME\"},{\"@type\":\"Organization\",\"@id\":\"https:\\\/\\\/www.evropskakuca.me\\\/me\\\/#organization\",\"name\":\"Evropean house\",\"url\":\"https:\\\/\\\/www.evropskakuca.me\\\/me\\\/\",\"logo\":{\"@type\":\"ImageObject\",\"inLanguage\":\"me-ME\",\"@id\":\"https:\\\/\\\/www.evropskakuca.me\\\/me\\\/#\\\/schema\\\/logo\\\/image\\\/\",\"url\":\"https:\\\/\\\/www.evropskakuca.me\\\/wp-content\\\/uploads\\\/2025\\\/01\\\/evropska-kuca-logo-1.png\",\"contentUrl\":\"https:\\\/\\\/www.evropskakuca.me\\\/wp-content\\\/uploads\\\/2025\\\/01\\\/evropska-kuca-logo-1.png\",\"width\":425,\"height\":312,\"caption\":\"Evropean house\"},\"image\":{\"@id\":\"https:\\\/\\\/www.evropskakuca.me\\\/me\\\/#\\\/schema\\\/logo\\\/image\\\/\"},\"sameAs\":[\"https:\\\/\\\/www.facebook.com\\\/evropska.kuca\",\"https:\\\/\\\/x.com\\\/evropska_kuca\",\"https:\\\/\\\/www.instagram.com\\\/evropska_kuca\"]},{\"@type\":\"Person\",\"@id\":\"https:\\\/\\\/www.evropskakuca.me\\\/me\\\/#\\\/schema\\\/person\\\/7e16527119c7b67f457996b970f2bd6e\",\"name\":\"Aleksandar Vukovic\",\"image\":{\"@type\":\"ImageObject\",\"inLanguage\":\"me-ME\",\"@id\":\"https:\\\/\\\/secure.gravatar.com\\\/avatar\\\/a1834e0104b0242a886079bde835ba36d80c70f9987a11f3ba33eb9e8d74cc15?s=96&d=mm&r=g\",\"url\":\"https:\\\/\\\/secure.gravatar.com\\\/avatar\\\/a1834e0104b0242a886079bde835ba36d80c70f9987a11f3ba33eb9e8d74cc15?s=96&d=mm&r=g\",\"contentUrl\":\"https:\\\/\\\/secure.gravatar.com\\\/avatar\\\/a1834e0104b0242a886079bde835ba36d80c70f9987a11f3ba33eb9e8d74cc15?s=96&d=mm&r=g\",\"caption\":\"Aleksandar Vukovic\"},\"url\":\"https:\\\/\\\/www.evropskakuca.me\\\/me\\\/author\\\/aleksandar\\\/\"}]}<\/script>\n<!-- \/ Yoast SEO plugin. -->","yoast_head_json":{"title":"\u010cUVAJ DA TE \u010cUVA: Nova akcija protiv divljih deponija na Velikoj pla\u017ei - Europe House","robots":{"index":"index","follow":"follow","max-snippet":"max-snippet:-1","max-image-preview":"max-image-preview:large","max-video-preview":"max-video-preview:-1"},"canonical":"https:\/\/www.evropskakuca.me\/me\/cuvaj-da-te-cuva-nova-akcija-protiv-divljih-deponija-na-velikoj-plazi\/","og_locale":"en_US","og_type":"article","og_title":"\u010cUVAJ DA TE \u010cUVA: Nova akcija protiv divljih deponija na Velikoj pla\u017ei - Europe House","og_description":"U okviru nacionalne kampanje za za\u0161titu \u017eivotne sredine \u201e\u010cuvaj da te \u010duva&#8221;, a povodom Evropskog dana \u010di\u0161\u0107enja obala, otpo\u010dela je vi\u0161ednevna akcija sanacije zale\u0111a Velike pla\u017ee u Ulcinju \u2013 podru\u010dja optere\u0107enog divljim deponijama i, na\u017ealost, samo jednog od ugro\u017eenih prostora na ovom podru\u010dju. Inicijativi Delegacije Evropske unije, koja ve\u0107 tradicionalno obilje\u017eava ovaj va\u017ean evropski dan [&hellip;]","og_url":"https:\/\/www.evropskakuca.me\/me\/cuvaj-da-te-cuva-nova-akcija-protiv-divljih-deponija-na-velikoj-plazi\/","og_site_name":"Europe House","article_publisher":"https:\/\/www.facebook.com\/evropska.kuca","article_published_time":"2025-09-19T12:56:00+00:00","article_modified_time":"2025-09-19T13:22:53+00:00","og_image":[{"width":1280,"height":853,"url":"https:\/\/www.evropskakuca.me\/wp-content\/uploads\/2025\/09\/FRO_8723.jpeg","type":"image\/jpeg"}],"author":"Aleksandar Vukovic","twitter_card":"summary_large_image","twitter_creator":"@evropska_kuca","twitter_site":"@evropska_kuca","twitter_misc":{"Written by":"Aleksandar Vukovic","Est. reading time":"5 minutes"},"schema":{"@context":"https:\/\/schema.org","@graph":[{"@type":"Article","@id":"https:\/\/www.evropskakuca.me\/me\/cuvaj-da-te-cuva-nova-akcija-protiv-divljih-deponija-na-velikoj-plazi\/#article","isPartOf":{"@id":"https:\/\/www.evropskakuca.me\/me\/cuvaj-da-te-cuva-nova-akcija-protiv-divljih-deponija-na-velikoj-plazi\/"},"author":{"name":"Aleksandar Vukovic","@id":"https:\/\/www.evropskakuca.me\/me\/#\/schema\/person\/7e16527119c7b67f457996b970f2bd6e"},"headline":"\u010cUVAJ DA TE \u010cUVA: Nova akcija protiv divljih deponija na Velikoj pla\u017ei","datePublished":"2025-09-19T12:56:00+00:00","dateModified":"2025-09-19T13:22:53+00:00","mainEntityOfPage":{"@id":"https:\/\/www.evropskakuca.me\/me\/cuvaj-da-te-cuva-nova-akcija-protiv-divljih-deponija-na-velikoj-plazi\/"},"wordCount":874,"publisher":{"@id":"https:\/\/www.evropskakuca.me\/me\/#organization"},"image":{"@id":"https:\/\/www.evropskakuca.me\/me\/cuvaj-da-te-cuva-nova-akcija-protiv-divljih-deponija-na-velikoj-plazi\/#primaryimage"},"thumbnailUrl":"https:\/\/www.evropskakuca.me\/wp-content\/uploads\/2025\/09\/FRO_8723.jpeg","articleSection":["Novosti","Vesti"],"inLanguage":"me-ME"},{"@type":"WebPage","@id":"https:\/\/www.evropskakuca.me\/me\/cuvaj-da-te-cuva-nova-akcija-protiv-divljih-deponija-na-velikoj-plazi\/","url":"https:\/\/www.evropskakuca.me\/me\/cuvaj-da-te-cuva-nova-akcija-protiv-divljih-deponija-na-velikoj-plazi\/","name":"\u010cUVAJ DA TE \u010cUVA: Nova akcija protiv divljih deponija na Velikoj pla\u017ei - Europe House","isPartOf":{"@id":"https:\/\/www.evropskakuca.me\/me\/#website"},"primaryImageOfPage":{"@id":"https:\/\/www.evropskakuca.me\/me\/cuvaj-da-te-cuva-nova-akcija-protiv-divljih-deponija-na-velikoj-plazi\/#primaryimage"},"image":{"@id":"https:\/\/www.evropskakuca.me\/me\/cuvaj-da-te-cuva-nova-akcija-protiv-divljih-deponija-na-velikoj-plazi\/#primaryimage"},"thumbnailUrl":"https:\/\/www.evropskakuca.me\/wp-content\/uploads\/2025\/09\/FRO_8723.jpeg","datePublished":"2025-09-19T12:56:00+00:00","dateModified":"2025-09-19T13:22:53+00:00","breadcrumb":{"@id":"https:\/\/www.evropskakuca.me\/me\/cuvaj-da-te-cuva-nova-akcija-protiv-divljih-deponija-na-velikoj-plazi\/#breadcrumb"},"inLanguage":"me-ME","potentialAction":[{"@type":"ReadAction","target":["https:\/\/www.evropskakuca.me\/me\/cuvaj-da-te-cuva-nova-akcija-protiv-divljih-deponija-na-velikoj-plazi\/"]}]},{"@type":"ImageObject","inLanguage":"me-ME","@id":"https:\/\/www.evropskakuca.me\/me\/cuvaj-da-te-cuva-nova-akcija-protiv-divljih-deponija-na-velikoj-plazi\/#primaryimage","url":"https:\/\/www.evropskakuca.me\/wp-content\/uploads\/2025\/09\/FRO_8723.jpeg","contentUrl":"https:\/\/www.evropskakuca.me\/wp-content\/uploads\/2025\/09\/FRO_8723.jpeg","width":1280,"height":853},{"@type":"BreadcrumbList","@id":"https:\/\/www.evropskakuca.me\/me\/cuvaj-da-te-cuva-nova-akcija-protiv-divljih-deponija-na-velikoj-plazi\/#breadcrumb","itemListElement":[{"@type":"ListItem","position":1,"name":"Home","item":"https:\/\/www.evropskakuca.me\/me\/"},{"@type":"ListItem","position":2,"name":"\u010cUVAJ DA TE \u010cUVA: Nova akcija protiv divljih deponija na Velikoj pla\u017ei"}]},{"@type":"WebSite","@id":"https:\/\/www.evropskakuca.me\/me\/#website","url":"https:\/\/www.evropskakuca.me\/me\/","name":"Evropean house","description":"","publisher":{"@id":"https:\/\/www.evropskakuca.me\/me\/#organization"},"potentialAction":[{"@type":"SearchAction","target":{"@type":"EntryPoint","urlTemplate":"https:\/\/www.evropskakuca.me\/me\/?s={search_term_string}"},"query-input":{"@type":"PropertyValueSpecification","valueRequired":true,"valueName":"search_term_string"}}],"inLanguage":"me-ME"},{"@type":"Organization","@id":"https:\/\/www.evropskakuca.me\/me\/#organization","name":"Evropean house","url":"https:\/\/www.evropskakuca.me\/me\/","logo":{"@type":"ImageObject","inLanguage":"me-ME","@id":"https:\/\/www.evropskakuca.me\/me\/#\/schema\/logo\/image\/","url":"https:\/\/www.evropskakuca.me\/wp-content\/uploads\/2025\/01\/evropska-kuca-logo-1.png","contentUrl":"https:\/\/www.evropskakuca.me\/wp-content\/uploads\/2025\/01\/evropska-kuca-logo-1.png","width":425,"height":312,"caption":"Evropean house"},"image":{"@id":"https:\/\/www.evropskakuca.me\/me\/#\/schema\/logo\/image\/"},"sameAs":["https:\/\/www.facebook.com\/evropska.kuca","https:\/\/x.com\/evropska_kuca","https:\/\/www.instagram.com\/evropska_kuca"]},{"@type":"Person","@id":"https:\/\/www.evropskakuca.me\/me\/#\/schema\/person\/7e16527119c7b67f457996b970f2bd6e","name":"Aleksandar Vukovic","image":{"@type":"ImageObject","inLanguage":"me-ME","@id":"https:\/\/secure.gravatar.com\/avatar\/a1834e0104b0242a886079bde835ba36d80c70f9987a11f3ba33eb9e8d74cc15?s=96&d=mm&r=g","url":"https:\/\/secure.gravatar.com\/avatar\/a1834e0104b0242a886079bde835ba36d80c70f9987a11f3ba33eb9e8d74cc15?s=96&d=mm&r=g","contentUrl":"https:\/\/secure.gravatar.com\/avatar\/a1834e0104b0242a886079bde835ba36d80c70f9987a11f3ba33eb9e8d74cc15?s=96&d=mm&r=g","caption":"Aleksandar Vukovic"},"url":"https:\/\/www.evropskakuca.me\/me\/author\/aleksandar\/"}]}},"_links":{"self":[{"href":"https:\/\/www.evropskakuca.me\/me\/wp-json\/wp\/v2\/posts\/45723","targetHints":{"allow":["GET"]}}],"collection":[{"href":"https:\/\/www.evropskakuca.me\/me\/wp-json\/wp\/v2\/posts"}],"about":[{"href":"https:\/\/www.evropskakuca.me\/me\/wp-json\/wp\/v2\/types\/post"}],"author":[{"embeddable":true,"href":"https:\/\/www.evropskakuca.me\/me\/wp-json\/wp\/v2\/users\/3"}],"replies":[{"embeddable":true,"href":"https:\/\/www.evropskakuca.me\/me\/wp-json\/wp\/v2\/comments?post=45723"}],"version-history":[{"count":2,"href":"https:\/\/www.evropskakuca.me\/me\/wp-json\/wp\/v2\/posts\/45723\/revisions"}],"predecessor-version":[{"id":45737,"href":"https:\/\/www.evropskakuca.me\/me\/wp-json\/wp\/v2\/posts\/45723\/revisions\/45737"}],"wp:featuredmedia":[{"embeddable":true,"href":"https:\/\/www.evropskakuca.me\/me\/wp-json\/wp\/v2\/media\/45724"}],"wp:attachment":[{"href":"https:\/\/www.evropskakuca.me\/me\/wp-json\/wp\/v2\/media?parent=45723"}],"wp:term":[{"taxonomy":"category","embeddable":true,"href":"https:\/\/www.evropskakuca.me\/me\/wp-json\/wp\/v2\/categories?post=45723"},{"taxonomy":"post_tag","embeddable":true,"href":"https:\/\/www.evropskakuca.me\/me\/wp-json\/wp\/v2\/tags?post=45723"}],"curies":[{"name":"wp","href":"https:\/\/api.w.org\/{rel}","templated":true}]}}