{"id":45649,"date":"2025-09-15T08:40:54","date_gmt":"2025-09-15T08:40:54","guid":{"rendered":"https:\/\/www.evropskakuca.me\/?p=45649"},"modified":"2025-09-15T10:25:54","modified_gmt":"2025-09-15T10:25:54","slug":"dan-interreg-saradnje-obiljezen-u-kotoru-u-znaku-plave-ekonomije","status":"publish","type":"post","link":"https:\/\/www.evropskakuca.me\/me\/dan-interreg-saradnje-obiljezen-u-kotoru-u-znaku-plave-ekonomije\/","title":{"rendered":"Dan Interreg saradnje obilje\u017een u Kotoru u znaku plave ekonomije"},"content":{"rendered":"\n<p>Pod sloganom \u201eInspirisani morem: talasi saradnje za ja\u010du plavu ekonomiju na Jadranu\u201c u saradnji sa Institutom za biologiju mora Univerziteta Crne Gore i uz prisustvo predstavnika Delegacije Evropske unije u Crnoj Gori, Ministarstvo evropskih poslova Crne Gore obilje\u017eilo je Dan Interreg saradnje u Kotoru.<\/p>\n\n\n\n<p>Doga\u0111aj je organizovan u prostorijama Instituta za biologiju mora. U\u010denici O\u0160 \u201eIvo Visin\u201c iz Pr\u010dnja imali su priliku da sa ministarkom evropskih poslova&nbsp;<strong>Maidom Gor\u010devi\u0107<\/strong>&nbsp;raygovaraju o evropskim integracijama i na\u010dinu na koji fondovi EU pobolj\u0161avaju kvalitet \u017eivota u Crnoj Gori.<\/p>\n\n\n\n<figure class=\"wp-block-image size-large\"><img fetchpriority=\"high\" decoding=\"async\" width=\"1024\" height=\"683\" src=\"https:\/\/www.evropskakuca.me\/wp-content\/uploads\/2025\/09\/3-1-1024x683.jpg\" alt=\"\" class=\"wp-image-45652\" srcset=\"https:\/\/www.evropskakuca.me\/wp-content\/uploads\/2025\/09\/3-1-1024x683.jpg 1024w, https:\/\/www.evropskakuca.me\/wp-content\/uploads\/2025\/09\/3-1-300x200.jpg 300w, https:\/\/www.evropskakuca.me\/wp-content\/uploads\/2025\/09\/3-1-768x512.jpg 768w, https:\/\/www.evropskakuca.me\/wp-content\/uploads\/2025\/09\/3-1-1536x1024.jpg 1536w, https:\/\/www.evropskakuca.me\/wp-content\/uploads\/2025\/09\/3-1-2048x1365.jpg 2048w\" sizes=\"(max-width: 1024px) 100vw, 1024px\" \/><\/figure>\n\n\n\n<p>Nakon predavanja, za u\u010denike i predstavnike delegacija organizovan je obilazak Akvarijuma \u201eBoka\u201c, jedinog akvarijuma u Crnoj Gori, koji je pobolj\u0161ao svoje funkcionisanje zahvaljuju\u0107i projektu EXChAngE, finansiranom kroz Interreg IPA program prekograni\u010dne saradnje Hrvatska \u2013 Bosna i Hercegovina \u2013 Crna Gora. Uz stru\u010dno vo\u0111enje osoblja Instituta, posjetioci su imali priliku da se upoznaju sa bogatstvom \u017eivog svijeta Jadranskog mora, ali i da steknu svijest o zna\u010daju o\u010duvanja morskog biodiverziteta.<\/p>\n\n\n\n<p>U\u010denici su potom prisustvovali prezentaciji u laboratoriji za proizvodnju \u0161koljki, gdje su u\u010dili o osnovama uzgoja mikroalgi za ishranu i kondicioniranje kamenica (<em>Ostrea edulis<\/em>) u kontrolisanim laboratorijskim uslovima. Ova laboratorija je izgra\u0111ena zahvaljuju\u0107i projektu FOOD4HEALTH, koji je podr\u017ean sredstvima Interreg IPA programa Italija \u2013 Albanija \u2013 Crna Gora.<\/p>\n\n\n\n<p>Tokom boravka u Institutu promovisana je i nova multifunkcionalna sala u budu\u0107em Centru za obuku u oblasti plave ekonomije, koji se razvija u okviru strate\u0161kog projekta SA SKILLS, koji ova nau\u010dna ustanova sprovodi u saradnji sa partnerima iz Italije i Albanije uz podr\u0161ku programa Interreg IPA Ju\u017eni Jadran.<\/p>\n\n\n\n<figure class=\"wp-block-image size-large\"><img decoding=\"async\" width=\"1024\" height=\"683\" src=\"https:\/\/www.evropskakuca.me\/wp-content\/uploads\/2025\/09\/6-1024x683.jpg\" alt=\"\" class=\"wp-image-45656\" srcset=\"https:\/\/www.evropskakuca.me\/wp-content\/uploads\/2025\/09\/6-1024x683.jpg 1024w, https:\/\/www.evropskakuca.me\/wp-content\/uploads\/2025\/09\/6-300x200.jpg 300w, https:\/\/www.evropskakuca.me\/wp-content\/uploads\/2025\/09\/6-768x512.jpg 768w, https:\/\/www.evropskakuca.me\/wp-content\/uploads\/2025\/09\/6-1536x1024.jpg 1536w, https:\/\/www.evropskakuca.me\/wp-content\/uploads\/2025\/09\/6-2048x1365.jpg 2048w\" sizes=\"(max-width: 1024px) 100vw, 1024px\" \/><\/figure>\n\n\n\n<p>Na marginama doga\u0111aja odr\u017ean je sastanak u Op\u0161tini Kotor, na kojem su ministarka evropskih poslova&nbsp;<strong>Maida Gor\u010devi\u0107<\/strong>, predsjednik Op\u0161tine Kotor&nbsp;<strong>Vladimir Joki\u0107<\/strong>&nbsp;i \u0161ef Sektora za saradnju u Delegaciji EU u Crnoj Gori&nbsp;<strong>Bernar Brune<\/strong>&nbsp;razgovarali o aktuelnim i budu\u0107im projektima na teritoriji op\u0161tine, koji se realizuju uz podr\u0161ku evropskih fondova.<\/p>\n\n\n\n<p>\u0160ef Sektora za saradnju u Delegaciji EU Bernar Brune naveo je je da Evropska unija kroz fondove za teritorijalnu saradnju povezuje partnere iz razli\u010ditih dr\u017eava kako bi prevazi\u0161li zajedni\u010dke izazove i iskoristili raspolo\u017eive potencijale.<\/p>\n\n\n\n<p>\u201eSaradnja preko granica je klju\u010d jedinstva i prosperiteta u Evropi. S ponosom mo\u017eemo da poka\u017eemo kako programi prekograni\u010dne i transnacionalne saradnje ru\u0161e barijere i podsti\u010du jedinstvo \u0161irom Evrope\u201c, rekao je Brune.<\/p>\n\n\n\n<figure class=\"wp-block-image size-large\"><img decoding=\"async\" width=\"1024\" height=\"683\" src=\"https:\/\/www.evropskakuca.me\/wp-content\/uploads\/2025\/09\/15-1024x683.jpg\" alt=\"\" class=\"wp-image-45654\" srcset=\"https:\/\/www.evropskakuca.me\/wp-content\/uploads\/2025\/09\/15-1024x683.jpg 1024w, https:\/\/www.evropskakuca.me\/wp-content\/uploads\/2025\/09\/15-300x200.jpg 300w, https:\/\/www.evropskakuca.me\/wp-content\/uploads\/2025\/09\/15-768x512.jpg 768w, https:\/\/www.evropskakuca.me\/wp-content\/uploads\/2025\/09\/15-1536x1024.jpg 1536w, https:\/\/www.evropskakuca.me\/wp-content\/uploads\/2025\/09\/15-2048x1365.jpg 2048w\" sizes=\"(max-width: 1024px) 100vw, 1024px\" \/><\/figure>\n\n\n\n<p>Ministarka Gor\u010devi\u0107 istakla je da su za Crnu Goru programi i fondovi Evropske unije od presudnog zna\u010daja za razvoj i unapre\u0111enje kvaliteta \u017eivota, posebno sada kada se dr\u017eava nalazi u zavr\u0161noj i klju\u010dnoj fazi pristupanja Evropskoj uniji.<\/p>\n\n\n\n<p>\u201eNa\u0161 cilj je da Crna Gora postane \u010dlanica Evropske unije 2028. godine i na tome predano radimo. Od tog trenutka, kao punopravna \u010dlanica, ima\u0107emo na raspolaganju mnogo vi\u0161e sredstava za ulaganja u razvoj i bolji \u017eivot na\u0161ih gra\u0111ana. Upravo zato su projekti prekograni\u010dne saradnje posebno vrijedni, jer na\u0161e institucije na taj na\u010din sti\u010du iskustvo i grade kapacitete za upravljanje velikim evropskim projektima\u201c, poru\u0107ila je Gor\u010devi\u0107.<\/p>\n\n\n\n<figure class=\"wp-block-image size-large\"><img loading=\"lazy\" decoding=\"async\" width=\"1024\" height=\"683\" src=\"https:\/\/www.evropskakuca.me\/wp-content\/uploads\/2025\/09\/14-1024x683.jpg\" alt=\"\" class=\"wp-image-45660\" srcset=\"https:\/\/www.evropskakuca.me\/wp-content\/uploads\/2025\/09\/14-1024x683.jpg 1024w, https:\/\/www.evropskakuca.me\/wp-content\/uploads\/2025\/09\/14-300x200.jpg 300w, https:\/\/www.evropskakuca.me\/wp-content\/uploads\/2025\/09\/14-768x512.jpg 768w, https:\/\/www.evropskakuca.me\/wp-content\/uploads\/2025\/09\/14-1536x1024.jpg 1536w, https:\/\/www.evropskakuca.me\/wp-content\/uploads\/2025\/09\/14-2048x1365.jpg 2048w\" sizes=\"(max-width: 1024px) 100vw, 1024px\" \/><\/figure>\n\n\n\n<p>Predsjednik Op\u0161tine Kotor Vladimir Joki\u0107 naglasio je da se na teritoriji op\u0161tine realizuju brojni projekti uz podr\u0161ku fondova Evropske unije, te da lokalna samouprava kontinuirano radi na ja\u010danju kapaciteta kako bi \u0161to uspje\u0161nije koristila raspolo\u017eiva sredstva.<\/p>\n\n\n\n<p>\u201eProgrami prekograni\u010dne saradnje predstavljaju va\u017ean instrument Evropske unije za ja\u010danje institucionalne i me\u0111udr\u017eavne povezanosti u pograni\u010dnim oblastima, kroz finansijsku podr\u0161ku projektima koji doprinose unapre\u0111enju dru\u0161tveno-ekonomskog, kulturnog i istorijskog potencijala lokalnih zajednica\u201c, kazao je Joki\u0107.<\/p>\n\n\n\n<p>Delegacije su uz prisustvo predstavnika Ministarstva kulture i medija tokom dana obi\u0161le i Kreativni hab u Starom gradu Kotoru, jedinstveni prostor nastao transformacijom zgrade nekada\u0161njeg austrougarskog zatvora, koji pru\u017ea mogu\u0107nost umjetnicima i kreativcima da stvaraju, sara\u0111uju i razmjenjuju iskustva. Kreativni hab je nastao u okviru projekta 3C, finansiranog kroz Interreg IPA program Italija \u2013 Albanija \u2013 Crna Gora, \u010diji je nosilac bilo Ministarstvo kulture i medija.<\/p>\n\n\n\n<p>Dan Interreg saradnje obilje\u017eava se svake godine u septembru u cilju promocije rezultata prekograni\u010dnih, transnacionalnih i me\u0111uregionalnih projekata koje institucije i organizacije \u0161irom Evrope sprovode uz podr\u0161ku fondova Evropske unije.<\/p>\n","protected":false},"excerpt":{"rendered":"<p>Pod sloganom \u201eInspirisani morem: talasi saradnje za ja\u010du plavu ekonomiju na Jadranu\u201c u saradnji sa Institutom za biologiju mora Univerziteta Crne Gore i uz prisustvo predstavnika Delegacije Evropske unije u Crnoj Gori, Ministarstvo evropskih poslova Crne Gore obilje\u017eilo je Dan Interreg saradnje u Kotoru. Doga\u0111aj je organizovan u prostorijama Instituta za biologiju mora. U\u010denici O\u0160 [&hellip;]<\/p>\n","protected":false},"author":3,"featured_media":45650,"comment_status":"closed","ping_status":"closed","sticky":false,"template":"","format":"standard","meta":{"_acf_changed":false,"footnotes":""},"categories":[283,524],"tags":[],"class_list":["post-45649","post","type-post","status-publish","format-standard","has-post-thumbnail","hentry","category-novosti-me","category-vesti"],"acf":[],"yoast_head":"<!-- This site is optimized with the Yoast SEO plugin v27.3 - https:\/\/yoast.com\/product\/yoast-seo-wordpress\/ -->\n<title>Dan Interreg saradnje obilje\u017een u Kotoru u znaku plave ekonomije - Europe House<\/title>\n<meta name=\"robots\" content=\"index, follow, max-snippet:-1, max-image-preview:large, max-video-preview:-1\" \/>\n<link rel=\"canonical\" href=\"https:\/\/www.evropskakuca.me\/me\/dan-interreg-saradnje-obiljezen-u-kotoru-u-znaku-plave-ekonomije\/\" \/>\n<meta property=\"og:locale\" content=\"en_US\" \/>\n<meta property=\"og:type\" content=\"article\" \/>\n<meta property=\"og:title\" content=\"Dan Interreg saradnje obilje\u017een u Kotoru u znaku plave ekonomije - Europe House\" \/>\n<meta property=\"og:description\" content=\"Pod sloganom \u201eInspirisani morem: talasi saradnje za ja\u010du plavu ekonomiju na Jadranu\u201c u saradnji sa Institutom za biologiju mora Univerziteta Crne Gore i uz prisustvo predstavnika Delegacije Evropske unije u Crnoj Gori, Ministarstvo evropskih poslova Crne Gore obilje\u017eilo je Dan Interreg saradnje u Kotoru. Doga\u0111aj je organizovan u prostorijama Instituta za biologiju mora. U\u010denici O\u0160 [&hellip;]\" \/>\n<meta property=\"og:url\" content=\"https:\/\/www.evropskakuca.me\/me\/dan-interreg-saradnje-obiljezen-u-kotoru-u-znaku-plave-ekonomije\/\" \/>\n<meta property=\"og:site_name\" content=\"Europe House\" \/>\n<meta property=\"article:publisher\" content=\"https:\/\/www.facebook.com\/evropska.kuca\" \/>\n<meta property=\"article:published_time\" content=\"2025-09-15T08:40:54+00:00\" \/>\n<meta property=\"article:modified_time\" content=\"2025-09-15T10:25:54+00:00\" \/>\n<meta property=\"og:image\" content=\"https:\/\/www.evropskakuca.me\/wp-content\/uploads\/2025\/09\/Interreg-Cooperation-Day-2025-1068x712-1.jpg\" \/>\n\t<meta property=\"og:image:width\" content=\"1068\" \/>\n\t<meta property=\"og:image:height\" content=\"712\" \/>\n\t<meta property=\"og:image:type\" content=\"image\/jpeg\" \/>\n<meta name=\"author\" content=\"Aleksandar Vukovic\" \/>\n<meta name=\"twitter:card\" content=\"summary_large_image\" \/>\n<meta name=\"twitter:creator\" content=\"@evropska_kuca\" \/>\n<meta name=\"twitter:site\" content=\"@evropska_kuca\" \/>\n<meta name=\"twitter:label1\" content=\"Written by\" \/>\n\t<meta name=\"twitter:data1\" content=\"Aleksandar Vukovic\" \/>\n\t<meta name=\"twitter:label2\" content=\"Est. reading time\" \/>\n\t<meta name=\"twitter:data2\" content=\"4 minutes\" \/>\n<script type=\"application\/ld+json\" class=\"yoast-schema-graph\">{\"@context\":\"https:\\\/\\\/schema.org\",\"@graph\":[{\"@type\":\"Article\",\"@id\":\"https:\\\/\\\/www.evropskakuca.me\\\/me\\\/dan-interreg-saradnje-obiljezen-u-kotoru-u-znaku-plave-ekonomije\\\/#article\",\"isPartOf\":{\"@id\":\"https:\\\/\\\/www.evropskakuca.me\\\/me\\\/dan-interreg-saradnje-obiljezen-u-kotoru-u-znaku-plave-ekonomije\\\/\"},\"author\":{\"name\":\"Aleksandar Vukovic\",\"@id\":\"https:\\\/\\\/www.evropskakuca.me\\\/me\\\/#\\\/schema\\\/person\\\/7e16527119c7b67f457996b970f2bd6e\"},\"headline\":\"Dan Interreg saradnje obilje\u017een u Kotoru u znaku plave ekonomije\",\"datePublished\":\"2025-09-15T08:40:54+00:00\",\"dateModified\":\"2025-09-15T10:25:54+00:00\",\"mainEntityOfPage\":{\"@id\":\"https:\\\/\\\/www.evropskakuca.me\\\/me\\\/dan-interreg-saradnje-obiljezen-u-kotoru-u-znaku-plave-ekonomije\\\/\"},\"wordCount\":729,\"publisher\":{\"@id\":\"https:\\\/\\\/www.evropskakuca.me\\\/me\\\/#organization\"},\"image\":{\"@id\":\"https:\\\/\\\/www.evropskakuca.me\\\/me\\\/dan-interreg-saradnje-obiljezen-u-kotoru-u-znaku-plave-ekonomije\\\/#primaryimage\"},\"thumbnailUrl\":\"https:\\\/\\\/www.evropskakuca.me\\\/wp-content\\\/uploads\\\/2025\\\/09\\\/Interreg-Cooperation-Day-2025-1068x712-1.jpg\",\"articleSection\":[\"Novosti\",\"Vesti\"],\"inLanguage\":\"me-ME\"},{\"@type\":\"WebPage\",\"@id\":\"https:\\\/\\\/www.evropskakuca.me\\\/me\\\/dan-interreg-saradnje-obiljezen-u-kotoru-u-znaku-plave-ekonomije\\\/\",\"url\":\"https:\\\/\\\/www.evropskakuca.me\\\/me\\\/dan-interreg-saradnje-obiljezen-u-kotoru-u-znaku-plave-ekonomije\\\/\",\"name\":\"Dan Interreg saradnje obilje\u017een u Kotoru u znaku plave ekonomije - Europe House\",\"isPartOf\":{\"@id\":\"https:\\\/\\\/www.evropskakuca.me\\\/me\\\/#website\"},\"primaryImageOfPage\":{\"@id\":\"https:\\\/\\\/www.evropskakuca.me\\\/me\\\/dan-interreg-saradnje-obiljezen-u-kotoru-u-znaku-plave-ekonomije\\\/#primaryimage\"},\"image\":{\"@id\":\"https:\\\/\\\/www.evropskakuca.me\\\/me\\\/dan-interreg-saradnje-obiljezen-u-kotoru-u-znaku-plave-ekonomije\\\/#primaryimage\"},\"thumbnailUrl\":\"https:\\\/\\\/www.evropskakuca.me\\\/wp-content\\\/uploads\\\/2025\\\/09\\\/Interreg-Cooperation-Day-2025-1068x712-1.jpg\",\"datePublished\":\"2025-09-15T08:40:54+00:00\",\"dateModified\":\"2025-09-15T10:25:54+00:00\",\"breadcrumb\":{\"@id\":\"https:\\\/\\\/www.evropskakuca.me\\\/me\\\/dan-interreg-saradnje-obiljezen-u-kotoru-u-znaku-plave-ekonomije\\\/#breadcrumb\"},\"inLanguage\":\"me-ME\",\"potentialAction\":[{\"@type\":\"ReadAction\",\"target\":[\"https:\\\/\\\/www.evropskakuca.me\\\/me\\\/dan-interreg-saradnje-obiljezen-u-kotoru-u-znaku-plave-ekonomije\\\/\"]}]},{\"@type\":\"ImageObject\",\"inLanguage\":\"me-ME\",\"@id\":\"https:\\\/\\\/www.evropskakuca.me\\\/me\\\/dan-interreg-saradnje-obiljezen-u-kotoru-u-znaku-plave-ekonomije\\\/#primaryimage\",\"url\":\"https:\\\/\\\/www.evropskakuca.me\\\/wp-content\\\/uploads\\\/2025\\\/09\\\/Interreg-Cooperation-Day-2025-1068x712-1.jpg\",\"contentUrl\":\"https:\\\/\\\/www.evropskakuca.me\\\/wp-content\\\/uploads\\\/2025\\\/09\\\/Interreg-Cooperation-Day-2025-1068x712-1.jpg\",\"width\":1068,\"height\":712},{\"@type\":\"BreadcrumbList\",\"@id\":\"https:\\\/\\\/www.evropskakuca.me\\\/me\\\/dan-interreg-saradnje-obiljezen-u-kotoru-u-znaku-plave-ekonomije\\\/#breadcrumb\",\"itemListElement\":[{\"@type\":\"ListItem\",\"position\":1,\"name\":\"Home\",\"item\":\"https:\\\/\\\/www.evropskakuca.me\\\/me\\\/\"},{\"@type\":\"ListItem\",\"position\":2,\"name\":\"Dan Interreg saradnje obilje\u017een u Kotoru u znaku plave ekonomije\"}]},{\"@type\":\"WebSite\",\"@id\":\"https:\\\/\\\/www.evropskakuca.me\\\/me\\\/#website\",\"url\":\"https:\\\/\\\/www.evropskakuca.me\\\/me\\\/\",\"name\":\"Evropean house\",\"description\":\"\",\"publisher\":{\"@id\":\"https:\\\/\\\/www.evropskakuca.me\\\/me\\\/#organization\"},\"potentialAction\":[{\"@type\":\"SearchAction\",\"target\":{\"@type\":\"EntryPoint\",\"urlTemplate\":\"https:\\\/\\\/www.evropskakuca.me\\\/me\\\/?s={search_term_string}\"},\"query-input\":{\"@type\":\"PropertyValueSpecification\",\"valueRequired\":true,\"valueName\":\"search_term_string\"}}],\"inLanguage\":\"me-ME\"},{\"@type\":\"Organization\",\"@id\":\"https:\\\/\\\/www.evropskakuca.me\\\/me\\\/#organization\",\"name\":\"Evropean house\",\"url\":\"https:\\\/\\\/www.evropskakuca.me\\\/me\\\/\",\"logo\":{\"@type\":\"ImageObject\",\"inLanguage\":\"me-ME\",\"@id\":\"https:\\\/\\\/www.evropskakuca.me\\\/me\\\/#\\\/schema\\\/logo\\\/image\\\/\",\"url\":\"https:\\\/\\\/www.evropskakuca.me\\\/wp-content\\\/uploads\\\/2025\\\/01\\\/evropska-kuca-logo-1.png\",\"contentUrl\":\"https:\\\/\\\/www.evropskakuca.me\\\/wp-content\\\/uploads\\\/2025\\\/01\\\/evropska-kuca-logo-1.png\",\"width\":425,\"height\":312,\"caption\":\"Evropean house\"},\"image\":{\"@id\":\"https:\\\/\\\/www.evropskakuca.me\\\/me\\\/#\\\/schema\\\/logo\\\/image\\\/\"},\"sameAs\":[\"https:\\\/\\\/www.facebook.com\\\/evropska.kuca\",\"https:\\\/\\\/x.com\\\/evropska_kuca\",\"https:\\\/\\\/www.instagram.com\\\/evropska_kuca\"]},{\"@type\":\"Person\",\"@id\":\"https:\\\/\\\/www.evropskakuca.me\\\/me\\\/#\\\/schema\\\/person\\\/7e16527119c7b67f457996b970f2bd6e\",\"name\":\"Aleksandar Vukovic\",\"image\":{\"@type\":\"ImageObject\",\"inLanguage\":\"me-ME\",\"@id\":\"https:\\\/\\\/secure.gravatar.com\\\/avatar\\\/a1834e0104b0242a886079bde835ba36d80c70f9987a11f3ba33eb9e8d74cc15?s=96&d=mm&r=g\",\"url\":\"https:\\\/\\\/secure.gravatar.com\\\/avatar\\\/a1834e0104b0242a886079bde835ba36d80c70f9987a11f3ba33eb9e8d74cc15?s=96&d=mm&r=g\",\"contentUrl\":\"https:\\\/\\\/secure.gravatar.com\\\/avatar\\\/a1834e0104b0242a886079bde835ba36d80c70f9987a11f3ba33eb9e8d74cc15?s=96&d=mm&r=g\",\"caption\":\"Aleksandar Vukovic\"},\"url\":\"https:\\\/\\\/www.evropskakuca.me\\\/me\\\/author\\\/aleksandar\\\/\"}]}<\/script>\n<!-- \/ Yoast SEO plugin. -->","yoast_head_json":{"title":"Dan Interreg saradnje obilje\u017een u Kotoru u znaku plave ekonomije - Europe House","robots":{"index":"index","follow":"follow","max-snippet":"max-snippet:-1","max-image-preview":"max-image-preview:large","max-video-preview":"max-video-preview:-1"},"canonical":"https:\/\/www.evropskakuca.me\/me\/dan-interreg-saradnje-obiljezen-u-kotoru-u-znaku-plave-ekonomije\/","og_locale":"en_US","og_type":"article","og_title":"Dan Interreg saradnje obilje\u017een u Kotoru u znaku plave ekonomije - Europe House","og_description":"Pod sloganom \u201eInspirisani morem: talasi saradnje za ja\u010du plavu ekonomiju na Jadranu\u201c u saradnji sa Institutom za biologiju mora Univerziteta Crne Gore i uz prisustvo predstavnika Delegacije Evropske unije u Crnoj Gori, Ministarstvo evropskih poslova Crne Gore obilje\u017eilo je Dan Interreg saradnje u Kotoru. Doga\u0111aj je organizovan u prostorijama Instituta za biologiju mora. U\u010denici O\u0160 [&hellip;]","og_url":"https:\/\/www.evropskakuca.me\/me\/dan-interreg-saradnje-obiljezen-u-kotoru-u-znaku-plave-ekonomije\/","og_site_name":"Europe House","article_publisher":"https:\/\/www.facebook.com\/evropska.kuca","article_published_time":"2025-09-15T08:40:54+00:00","article_modified_time":"2025-09-15T10:25:54+00:00","og_image":[{"width":1068,"height":712,"url":"https:\/\/www.evropskakuca.me\/wp-content\/uploads\/2025\/09\/Interreg-Cooperation-Day-2025-1068x712-1.jpg","type":"image\/jpeg"}],"author":"Aleksandar Vukovic","twitter_card":"summary_large_image","twitter_creator":"@evropska_kuca","twitter_site":"@evropska_kuca","twitter_misc":{"Written by":"Aleksandar Vukovic","Est. reading time":"4 minutes"},"schema":{"@context":"https:\/\/schema.org","@graph":[{"@type":"Article","@id":"https:\/\/www.evropskakuca.me\/me\/dan-interreg-saradnje-obiljezen-u-kotoru-u-znaku-plave-ekonomije\/#article","isPartOf":{"@id":"https:\/\/www.evropskakuca.me\/me\/dan-interreg-saradnje-obiljezen-u-kotoru-u-znaku-plave-ekonomije\/"},"author":{"name":"Aleksandar Vukovic","@id":"https:\/\/www.evropskakuca.me\/me\/#\/schema\/person\/7e16527119c7b67f457996b970f2bd6e"},"headline":"Dan Interreg saradnje obilje\u017een u Kotoru u znaku plave ekonomije","datePublished":"2025-09-15T08:40:54+00:00","dateModified":"2025-09-15T10:25:54+00:00","mainEntityOfPage":{"@id":"https:\/\/www.evropskakuca.me\/me\/dan-interreg-saradnje-obiljezen-u-kotoru-u-znaku-plave-ekonomije\/"},"wordCount":729,"publisher":{"@id":"https:\/\/www.evropskakuca.me\/me\/#organization"},"image":{"@id":"https:\/\/www.evropskakuca.me\/me\/dan-interreg-saradnje-obiljezen-u-kotoru-u-znaku-plave-ekonomije\/#primaryimage"},"thumbnailUrl":"https:\/\/www.evropskakuca.me\/wp-content\/uploads\/2025\/09\/Interreg-Cooperation-Day-2025-1068x712-1.jpg","articleSection":["Novosti","Vesti"],"inLanguage":"me-ME"},{"@type":"WebPage","@id":"https:\/\/www.evropskakuca.me\/me\/dan-interreg-saradnje-obiljezen-u-kotoru-u-znaku-plave-ekonomije\/","url":"https:\/\/www.evropskakuca.me\/me\/dan-interreg-saradnje-obiljezen-u-kotoru-u-znaku-plave-ekonomije\/","name":"Dan Interreg saradnje obilje\u017een u Kotoru u znaku plave ekonomije - Europe House","isPartOf":{"@id":"https:\/\/www.evropskakuca.me\/me\/#website"},"primaryImageOfPage":{"@id":"https:\/\/www.evropskakuca.me\/me\/dan-interreg-saradnje-obiljezen-u-kotoru-u-znaku-plave-ekonomije\/#primaryimage"},"image":{"@id":"https:\/\/www.evropskakuca.me\/me\/dan-interreg-saradnje-obiljezen-u-kotoru-u-znaku-plave-ekonomije\/#primaryimage"},"thumbnailUrl":"https:\/\/www.evropskakuca.me\/wp-content\/uploads\/2025\/09\/Interreg-Cooperation-Day-2025-1068x712-1.jpg","datePublished":"2025-09-15T08:40:54+00:00","dateModified":"2025-09-15T10:25:54+00:00","breadcrumb":{"@id":"https:\/\/www.evropskakuca.me\/me\/dan-interreg-saradnje-obiljezen-u-kotoru-u-znaku-plave-ekonomije\/#breadcrumb"},"inLanguage":"me-ME","potentialAction":[{"@type":"ReadAction","target":["https:\/\/www.evropskakuca.me\/me\/dan-interreg-saradnje-obiljezen-u-kotoru-u-znaku-plave-ekonomije\/"]}]},{"@type":"ImageObject","inLanguage":"me-ME","@id":"https:\/\/www.evropskakuca.me\/me\/dan-interreg-saradnje-obiljezen-u-kotoru-u-znaku-plave-ekonomije\/#primaryimage","url":"https:\/\/www.evropskakuca.me\/wp-content\/uploads\/2025\/09\/Interreg-Cooperation-Day-2025-1068x712-1.jpg","contentUrl":"https:\/\/www.evropskakuca.me\/wp-content\/uploads\/2025\/09\/Interreg-Cooperation-Day-2025-1068x712-1.jpg","width":1068,"height":712},{"@type":"BreadcrumbList","@id":"https:\/\/www.evropskakuca.me\/me\/dan-interreg-saradnje-obiljezen-u-kotoru-u-znaku-plave-ekonomije\/#breadcrumb","itemListElement":[{"@type":"ListItem","position":1,"name":"Home","item":"https:\/\/www.evropskakuca.me\/me\/"},{"@type":"ListItem","position":2,"name":"Dan Interreg saradnje obilje\u017een u Kotoru u znaku plave ekonomije"}]},{"@type":"WebSite","@id":"https:\/\/www.evropskakuca.me\/me\/#website","url":"https:\/\/www.evropskakuca.me\/me\/","name":"Evropean house","description":"","publisher":{"@id":"https:\/\/www.evropskakuca.me\/me\/#organization"},"potentialAction":[{"@type":"SearchAction","target":{"@type":"EntryPoint","urlTemplate":"https:\/\/www.evropskakuca.me\/me\/?s={search_term_string}"},"query-input":{"@type":"PropertyValueSpecification","valueRequired":true,"valueName":"search_term_string"}}],"inLanguage":"me-ME"},{"@type":"Organization","@id":"https:\/\/www.evropskakuca.me\/me\/#organization","name":"Evropean house","url":"https:\/\/www.evropskakuca.me\/me\/","logo":{"@type":"ImageObject","inLanguage":"me-ME","@id":"https:\/\/www.evropskakuca.me\/me\/#\/schema\/logo\/image\/","url":"https:\/\/www.evropskakuca.me\/wp-content\/uploads\/2025\/01\/evropska-kuca-logo-1.png","contentUrl":"https:\/\/www.evropskakuca.me\/wp-content\/uploads\/2025\/01\/evropska-kuca-logo-1.png","width":425,"height":312,"caption":"Evropean house"},"image":{"@id":"https:\/\/www.evropskakuca.me\/me\/#\/schema\/logo\/image\/"},"sameAs":["https:\/\/www.facebook.com\/evropska.kuca","https:\/\/x.com\/evropska_kuca","https:\/\/www.instagram.com\/evropska_kuca"]},{"@type":"Person","@id":"https:\/\/www.evropskakuca.me\/me\/#\/schema\/person\/7e16527119c7b67f457996b970f2bd6e","name":"Aleksandar Vukovic","image":{"@type":"ImageObject","inLanguage":"me-ME","@id":"https:\/\/secure.gravatar.com\/avatar\/a1834e0104b0242a886079bde835ba36d80c70f9987a11f3ba33eb9e8d74cc15?s=96&d=mm&r=g","url":"https:\/\/secure.gravatar.com\/avatar\/a1834e0104b0242a886079bde835ba36d80c70f9987a11f3ba33eb9e8d74cc15?s=96&d=mm&r=g","contentUrl":"https:\/\/secure.gravatar.com\/avatar\/a1834e0104b0242a886079bde835ba36d80c70f9987a11f3ba33eb9e8d74cc15?s=96&d=mm&r=g","caption":"Aleksandar Vukovic"},"url":"https:\/\/www.evropskakuca.me\/me\/author\/aleksandar\/"}]}},"_links":{"self":[{"href":"https:\/\/www.evropskakuca.me\/me\/wp-json\/wp\/v2\/posts\/45649","targetHints":{"allow":["GET"]}}],"collection":[{"href":"https:\/\/www.evropskakuca.me\/me\/wp-json\/wp\/v2\/posts"}],"about":[{"href":"https:\/\/www.evropskakuca.me\/me\/wp-json\/wp\/v2\/types\/post"}],"author":[{"embeddable":true,"href":"https:\/\/www.evropskakuca.me\/me\/wp-json\/wp\/v2\/users\/3"}],"replies":[{"embeddable":true,"href":"https:\/\/www.evropskakuca.me\/me\/wp-json\/wp\/v2\/comments?post=45649"}],"version-history":[{"count":3,"href":"https:\/\/www.evropskakuca.me\/me\/wp-json\/wp\/v2\/posts\/45649\/revisions"}],"predecessor-version":[{"id":45665,"href":"https:\/\/www.evropskakuca.me\/me\/wp-json\/wp\/v2\/posts\/45649\/revisions\/45665"}],"wp:featuredmedia":[{"embeddable":true,"href":"https:\/\/www.evropskakuca.me\/me\/wp-json\/wp\/v2\/media\/45650"}],"wp:attachment":[{"href":"https:\/\/www.evropskakuca.me\/me\/wp-json\/wp\/v2\/media?parent=45649"}],"wp:term":[{"taxonomy":"category","embeddable":true,"href":"https:\/\/www.evropskakuca.me\/me\/wp-json\/wp\/v2\/categories?post=45649"},{"taxonomy":"post_tag","embeddable":true,"href":"https:\/\/www.evropskakuca.me\/me\/wp-json\/wp\/v2\/tags?post=45649"}],"curies":[{"name":"wp","href":"https:\/\/api.w.org\/{rel}","templated":true}]}}