{"id":45581,"date":"2025-09-05T13:12:57","date_gmt":"2025-09-05T13:12:57","guid":{"rendered":"https:\/\/www.evropskakuca.me\/?p=45581"},"modified":"2025-09-05T13:22:12","modified_gmt":"2025-09-05T13:22:12","slug":"upoznajte-superskole-u-podgorici","status":"publish","type":"post","link":"https:\/\/www.evropskakuca.me\/me\/upoznajte-superskole-u-podgorici\/","title":{"rendered":"Potpisani sporazumi sa devet crnogorskih super\u0161kola"},"content":{"rendered":"\n<p>Tokom doga\u0111aja organizovanog u Ku\u0107i Evrope, u\u010desnici su imali priliku da \u201eUpoznaju Super\u0161kole\u201c. Potpisani su sporazumi sa devet crnogorskih \u0161kola \u010diji su projekti nagra\u0111eni u okviru 4. ciklusa Superschools RYCO programa.<\/p>\n\n\n\n<p>Program \u201eMeet the Superschools\u201c ima za cilj da doprinese izgradnji mira, pomirenju, interkulturnom u\u010denju i dijalogu u okviru \u0160eme razmjene \u0161kola Zapadnog Balkana.<\/p>\n\n\n\n<p>Doga\u0111aj je organizovala Regionalna kancelarija za saradnju mladih (RYCO), Lokalna kancelarija u Crnoj Gori.<\/p>\n\n\n\n<p>U svom uvodnom obra\u0107anju, <strong>Bojana Lalatovi\u0107<\/strong>, koordinatorka RYCO programa, po\u017eeljela je dobrodo\u0161licu svim \u0161kolama nagra\u0111enim u ovom ciklusu:<br>\u201e\u010cvrsto vjerujemo da se bolji i prosperitetniji region zasniva na mladima, \u0161to potvr\u0111uju brojna iskustva u\u010denika i njihovih nastavnika koji su imali priliku da u\u010destvuju u razmjenama. U tom kontekstu, na\u0161a saradnja s nastavnicima je od klju\u010dne va\u017enosti, jer njihov entuzijazam daje nemjerljiv doprinos RYCO misiji. Oni su ti koji \u010dine da se svaki u\u010denik osje\u0107a bezbjedno i prijatno, da je svaka razmjena zanimljiva i edukativna, da mladi imaju prostor da govore i u\u010de o temama koje smatraju va\u017enim, i da kroz te razmjene grade dublje veze sa svojim vr\u0161njacima.\u201c<\/p>\n\n\n\n<figure class=\"wp-block-image size-large\"><img fetchpriority=\"high\" decoding=\"async\" width=\"1024\" height=\"683\" src=\"https:\/\/www.evropskakuca.me\/wp-content\/uploads\/2025\/09\/RYCO04092025-38-1024x683.jpg\" alt=\"\" class=\"wp-image-45584\" srcset=\"https:\/\/www.evropskakuca.me\/wp-content\/uploads\/2025\/09\/RYCO04092025-38-1024x683.jpg 1024w, https:\/\/www.evropskakuca.me\/wp-content\/uploads\/2025\/09\/RYCO04092025-38-300x200.jpg 300w, https:\/\/www.evropskakuca.me\/wp-content\/uploads\/2025\/09\/RYCO04092025-38-768x512.jpg 768w, https:\/\/www.evropskakuca.me\/wp-content\/uploads\/2025\/09\/RYCO04092025-38.jpg 1200w\" sizes=\"(max-width: 1024px) 100vw, 1024px\" \/><\/figure>\n\n\n\n<p><strong>Rikardo Seri<\/strong>, zamjenik \u0161efa Delegacije Evropske unije u Crnoj Gori, govore\u0107i u ime EU kao dugogodi\u0161njeg partnera, osvrnuo se na dostignu\u0107a prethodnih ciklusa:<br>\u201eRezultati prvih ciklusa ovog programa govore sami za sebe: podr\u017eano je vi\u0161e od 120 projekata, realizovano 240 razmjena, a uklju\u010deno preko 3.000 u\u010denika i 480 nastavnika. Svaka od ovih razmjena predstavlja korak naprijed u ja\u010danju povjerenja, razumijevanja i saradnje u regionu. Za Crnu Goru, s obzirom na njenu veli\u010dinu, ovi rezultati su jo\u0161 zna\u010dajniji. Radujemo se idejama i projektima koje \u0107ete razviti i u\u010denju iz va\u0161ih iskustava.\u201c<\/p>\n\n\n\n<p>Prisutnim direktorima i nastavnicima obratio se i <strong>Darko Stojanovi\u0107<\/strong>, generalni direktor Direktorata za mlade i saradnju s NVO u Ministarstvu sporta i mladih, naglasio je da Ministarstvo ostaje posve\u0107en partner u ovom projektu. On se tako\u0111e zahvalio i onima koji su ve\u0107 u\u010destvovali u prethodnim ciklusima:<br>\u201eSiguran sam da \u0107e sinergija na\u0161ih zajedni\u010dkih napora donijeti trajne rezultate \u2014 ne samo u oblasti obrazovanja i saradnje, ve\u0107 i u u\u010dvr\u0161\u0107ivanju mira i me\u0111usobnog povjerenja.\u201c<\/p>\n\n\n\n<figure class=\"wp-block-image size-large\"><img decoding=\"async\" width=\"1024\" height=\"683\" src=\"https:\/\/www.evropskakuca.me\/wp-content\/uploads\/2025\/09\/RYCO04092025-12-1024x683.jpg\" alt=\"\" class=\"wp-image-45586\" srcset=\"https:\/\/www.evropskakuca.me\/wp-content\/uploads\/2025\/09\/RYCO04092025-12-1024x683.jpg 1024w, https:\/\/www.evropskakuca.me\/wp-content\/uploads\/2025\/09\/RYCO04092025-12-300x200.jpg 300w, https:\/\/www.evropskakuca.me\/wp-content\/uploads\/2025\/09\/RYCO04092025-12-768x512.jpg 768w, https:\/\/www.evropskakuca.me\/wp-content\/uploads\/2025\/09\/RYCO04092025-12.jpg 1200w\" sizes=\"(max-width: 1024px) 100vw, 1024px\" \/><\/figure>\n\n\n\n<p><strong>Ralf Roj\u0161<\/strong> zamjenik ambasadora Savezne Republike Njema\u010dke, kazao je:<br>\u201eRYCO Superschools program je zaista sjajan. On ja\u010da inicijativu u\u010denika i nastavnika. Omogu\u0107ava u\u010desnicima da razviju individualno i autenti\u010dno razumijevanje kulture, istorije i budu\u0107nosti Zapadnog Balkana. Zato se nadam da \u0107e svi va\u0161i projekti razmjene biti veoma uspje\u0161ni \u2014 i da \u0107e va\u0161 primjer inspirisati jo\u0161 vi\u0161e \u0161kola u Crnoj Gori.\u201c<\/p>\n\n\n\n<p>Zatvaraju\u0107i uvodna obra\u0107anja, gospodin <strong>Dragan Markovi\u0107,<\/strong> dr\u017eavni sekretar u Ministarstvu prosvjete, nauke i inovacija Crne Gore, kazao je da Ministarstvo visoko cijeni misiju RYCO-a:<br>\u201eOna jasno pokazuje da su ljudska prava, me\u0111usobno po\u0161tovanje i povjerenje najbolji temelji za dugoro\u010dnu stabilnost i razvoj regiona. U tom smislu, Superschools nijesu samo obrazovni program \u2014 one su \u0161kola \u017eivota, \u0161kola solidarnosti i \u0161kola mira.\u201c<\/p>\n\n\n\n<p>Nakon uvodnih obra\u0107anja, doga\u0111aj se nastavio sve\u010danim potpisivanjem sporazuma i prezentacijom predstoje\u0107ih aktivnosti u vezi sa ovim projektom.<\/p>\n","protected":false},"excerpt":{"rendered":"<p>Tokom doga\u0111aja organizovanog u Ku\u0107i Evrope, u\u010desnici su imali priliku da \u201eUpoznaju Super\u0161kole\u201c. Potpisani su sporazumi sa devet crnogorskih \u0161kola \u010diji su projekti nagra\u0111eni u okviru 4. ciklusa Superschools RYCO programa. Program \u201eMeet the Superschools\u201c ima za cilj da doprinese izgradnji mira, pomirenju, interkulturnom u\u010denju i dijalogu u okviru \u0160eme razmjene \u0161kola Zapadnog Balkana. Doga\u0111aj [&hellip;]<\/p>\n","protected":false},"author":3,"featured_media":45582,"comment_status":"closed","ping_status":"closed","sticky":false,"template":"","format":"standard","meta":{"_acf_changed":false,"footnotes":""},"categories":[283,524],"tags":[],"class_list":["post-45581","post","type-post","status-publish","format-standard","has-post-thumbnail","hentry","category-novosti-me","category-vesti"],"acf":[],"yoast_head":"<!-- This site is optimized with the Yoast SEO plugin v27.3 - https:\/\/yoast.com\/product\/yoast-seo-wordpress\/ -->\n<title>Potpisani sporazumi sa devet crnogorskih super\u0161kola - Europe House<\/title>\n<meta name=\"robots\" content=\"index, follow, max-snippet:-1, max-image-preview:large, max-video-preview:-1\" \/>\n<link rel=\"canonical\" href=\"https:\/\/www.evropskakuca.me\/me\/upoznajte-superskole-u-podgorici\/\" \/>\n<meta property=\"og:locale\" content=\"en_US\" \/>\n<meta property=\"og:type\" content=\"article\" \/>\n<meta property=\"og:title\" content=\"Potpisani sporazumi sa devet crnogorskih super\u0161kola - Europe House\" \/>\n<meta property=\"og:description\" content=\"Tokom doga\u0111aja organizovanog u Ku\u0107i Evrope, u\u010desnici su imali priliku da \u201eUpoznaju Super\u0161kole\u201c. Potpisani su sporazumi sa devet crnogorskih \u0161kola \u010diji su projekti nagra\u0111eni u okviru 4. ciklusa Superschools RYCO programa. Program \u201eMeet the Superschools\u201c ima za cilj da doprinese izgradnji mira, pomirenju, interkulturnom u\u010denju i dijalogu u okviru \u0160eme razmjene \u0161kola Zapadnog Balkana. Doga\u0111aj [&hellip;]\" \/>\n<meta property=\"og:url\" content=\"https:\/\/www.evropskakuca.me\/me\/upoznajte-superskole-u-podgorici\/\" \/>\n<meta property=\"og:site_name\" content=\"Europe House\" \/>\n<meta property=\"article:publisher\" content=\"https:\/\/www.facebook.com\/evropska.kuca\" \/>\n<meta property=\"article:published_time\" content=\"2025-09-05T13:12:57+00:00\" \/>\n<meta property=\"article:modified_time\" content=\"2025-09-05T13:22:12+00:00\" \/>\n<meta property=\"og:image\" content=\"https:\/\/www.evropskakuca.me\/wp-content\/uploads\/2025\/09\/RYCO04092025-11.jpg\" \/>\n\t<meta property=\"og:image:width\" content=\"1200\" \/>\n\t<meta property=\"og:image:height\" content=\"800\" \/>\n\t<meta property=\"og:image:type\" content=\"image\/jpeg\" \/>\n<meta name=\"author\" content=\"Aleksandar Vukovic\" \/>\n<meta name=\"twitter:card\" content=\"summary_large_image\" \/>\n<meta name=\"twitter:creator\" content=\"@evropska_kuca\" \/>\n<meta name=\"twitter:site\" content=\"@evropska_kuca\" \/>\n<meta name=\"twitter:label1\" content=\"Written by\" \/>\n\t<meta name=\"twitter:data1\" content=\"Aleksandar Vukovic\" \/>\n\t<meta name=\"twitter:label2\" content=\"Est. reading time\" \/>\n\t<meta name=\"twitter:data2\" content=\"3 minutes\" \/>\n<script type=\"application\/ld+json\" class=\"yoast-schema-graph\">{\"@context\":\"https:\\\/\\\/schema.org\",\"@graph\":[{\"@type\":\"Article\",\"@id\":\"https:\\\/\\\/www.evropskakuca.me\\\/me\\\/upoznajte-superskole-u-podgorici\\\/#article\",\"isPartOf\":{\"@id\":\"https:\\\/\\\/www.evropskakuca.me\\\/me\\\/upoznajte-superskole-u-podgorici\\\/\"},\"author\":{\"name\":\"Aleksandar Vukovic\",\"@id\":\"https:\\\/\\\/www.evropskakuca.me\\\/me\\\/#\\\/schema\\\/person\\\/7e16527119c7b67f457996b970f2bd6e\"},\"headline\":\"Potpisani sporazumi sa devet crnogorskih super\u0161kola\",\"datePublished\":\"2025-09-05T13:12:57+00:00\",\"dateModified\":\"2025-09-05T13:22:12+00:00\",\"mainEntityOfPage\":{\"@id\":\"https:\\\/\\\/www.evropskakuca.me\\\/me\\\/upoznajte-superskole-u-podgorici\\\/\"},\"wordCount\":539,\"publisher\":{\"@id\":\"https:\\\/\\\/www.evropskakuca.me\\\/me\\\/#organization\"},\"image\":{\"@id\":\"https:\\\/\\\/www.evropskakuca.me\\\/me\\\/upoznajte-superskole-u-podgorici\\\/#primaryimage\"},\"thumbnailUrl\":\"https:\\\/\\\/www.evropskakuca.me\\\/wp-content\\\/uploads\\\/2025\\\/09\\\/RYCO04092025-11.jpg\",\"articleSection\":[\"Novosti\",\"Vesti\"],\"inLanguage\":\"me-ME\"},{\"@type\":\"WebPage\",\"@id\":\"https:\\\/\\\/www.evropskakuca.me\\\/me\\\/upoznajte-superskole-u-podgorici\\\/\",\"url\":\"https:\\\/\\\/www.evropskakuca.me\\\/me\\\/upoznajte-superskole-u-podgorici\\\/\",\"name\":\"Potpisani sporazumi sa devet crnogorskih super\u0161kola - Europe House\",\"isPartOf\":{\"@id\":\"https:\\\/\\\/www.evropskakuca.me\\\/me\\\/#website\"},\"primaryImageOfPage\":{\"@id\":\"https:\\\/\\\/www.evropskakuca.me\\\/me\\\/upoznajte-superskole-u-podgorici\\\/#primaryimage\"},\"image\":{\"@id\":\"https:\\\/\\\/www.evropskakuca.me\\\/me\\\/upoznajte-superskole-u-podgorici\\\/#primaryimage\"},\"thumbnailUrl\":\"https:\\\/\\\/www.evropskakuca.me\\\/wp-content\\\/uploads\\\/2025\\\/09\\\/RYCO04092025-11.jpg\",\"datePublished\":\"2025-09-05T13:12:57+00:00\",\"dateModified\":\"2025-09-05T13:22:12+00:00\",\"breadcrumb\":{\"@id\":\"https:\\\/\\\/www.evropskakuca.me\\\/me\\\/upoznajte-superskole-u-podgorici\\\/#breadcrumb\"},\"inLanguage\":\"me-ME\",\"potentialAction\":[{\"@type\":\"ReadAction\",\"target\":[\"https:\\\/\\\/www.evropskakuca.me\\\/me\\\/upoznajte-superskole-u-podgorici\\\/\"]}]},{\"@type\":\"ImageObject\",\"inLanguage\":\"me-ME\",\"@id\":\"https:\\\/\\\/www.evropskakuca.me\\\/me\\\/upoznajte-superskole-u-podgorici\\\/#primaryimage\",\"url\":\"https:\\\/\\\/www.evropskakuca.me\\\/wp-content\\\/uploads\\\/2025\\\/09\\\/RYCO04092025-11.jpg\",\"contentUrl\":\"https:\\\/\\\/www.evropskakuca.me\\\/wp-content\\\/uploads\\\/2025\\\/09\\\/RYCO04092025-11.jpg\",\"width\":1200,\"height\":800},{\"@type\":\"BreadcrumbList\",\"@id\":\"https:\\\/\\\/www.evropskakuca.me\\\/me\\\/upoznajte-superskole-u-podgorici\\\/#breadcrumb\",\"itemListElement\":[{\"@type\":\"ListItem\",\"position\":1,\"name\":\"Home\",\"item\":\"https:\\\/\\\/www.evropskakuca.me\\\/me\\\/\"},{\"@type\":\"ListItem\",\"position\":2,\"name\":\"Potpisani sporazumi sa devet crnogorskih super\u0161kola\"}]},{\"@type\":\"WebSite\",\"@id\":\"https:\\\/\\\/www.evropskakuca.me\\\/me\\\/#website\",\"url\":\"https:\\\/\\\/www.evropskakuca.me\\\/me\\\/\",\"name\":\"Evropean house\",\"description\":\"\",\"publisher\":{\"@id\":\"https:\\\/\\\/www.evropskakuca.me\\\/me\\\/#organization\"},\"potentialAction\":[{\"@type\":\"SearchAction\",\"target\":{\"@type\":\"EntryPoint\",\"urlTemplate\":\"https:\\\/\\\/www.evropskakuca.me\\\/me\\\/?s={search_term_string}\"},\"query-input\":{\"@type\":\"PropertyValueSpecification\",\"valueRequired\":true,\"valueName\":\"search_term_string\"}}],\"inLanguage\":\"me-ME\"},{\"@type\":\"Organization\",\"@id\":\"https:\\\/\\\/www.evropskakuca.me\\\/me\\\/#organization\",\"name\":\"Evropean house\",\"url\":\"https:\\\/\\\/www.evropskakuca.me\\\/me\\\/\",\"logo\":{\"@type\":\"ImageObject\",\"inLanguage\":\"me-ME\",\"@id\":\"https:\\\/\\\/www.evropskakuca.me\\\/me\\\/#\\\/schema\\\/logo\\\/image\\\/\",\"url\":\"https:\\\/\\\/www.evropskakuca.me\\\/wp-content\\\/uploads\\\/2025\\\/01\\\/evropska-kuca-logo-1.png\",\"contentUrl\":\"https:\\\/\\\/www.evropskakuca.me\\\/wp-content\\\/uploads\\\/2025\\\/01\\\/evropska-kuca-logo-1.png\",\"width\":425,\"height\":312,\"caption\":\"Evropean house\"},\"image\":{\"@id\":\"https:\\\/\\\/www.evropskakuca.me\\\/me\\\/#\\\/schema\\\/logo\\\/image\\\/\"},\"sameAs\":[\"https:\\\/\\\/www.facebook.com\\\/evropska.kuca\",\"https:\\\/\\\/x.com\\\/evropska_kuca\",\"https:\\\/\\\/www.instagram.com\\\/evropska_kuca\"]},{\"@type\":\"Person\",\"@id\":\"https:\\\/\\\/www.evropskakuca.me\\\/me\\\/#\\\/schema\\\/person\\\/7e16527119c7b67f457996b970f2bd6e\",\"name\":\"Aleksandar Vukovic\",\"image\":{\"@type\":\"ImageObject\",\"inLanguage\":\"me-ME\",\"@id\":\"https:\\\/\\\/secure.gravatar.com\\\/avatar\\\/a1834e0104b0242a886079bde835ba36d80c70f9987a11f3ba33eb9e8d74cc15?s=96&d=mm&r=g\",\"url\":\"https:\\\/\\\/secure.gravatar.com\\\/avatar\\\/a1834e0104b0242a886079bde835ba36d80c70f9987a11f3ba33eb9e8d74cc15?s=96&d=mm&r=g\",\"contentUrl\":\"https:\\\/\\\/secure.gravatar.com\\\/avatar\\\/a1834e0104b0242a886079bde835ba36d80c70f9987a11f3ba33eb9e8d74cc15?s=96&d=mm&r=g\",\"caption\":\"Aleksandar Vukovic\"},\"url\":\"https:\\\/\\\/www.evropskakuca.me\\\/me\\\/author\\\/aleksandar\\\/\"}]}<\/script>\n<!-- \/ Yoast SEO plugin. -->","yoast_head_json":{"title":"Potpisani sporazumi sa devet crnogorskih super\u0161kola - Europe House","robots":{"index":"index","follow":"follow","max-snippet":"max-snippet:-1","max-image-preview":"max-image-preview:large","max-video-preview":"max-video-preview:-1"},"canonical":"https:\/\/www.evropskakuca.me\/me\/upoznajte-superskole-u-podgorici\/","og_locale":"en_US","og_type":"article","og_title":"Potpisani sporazumi sa devet crnogorskih super\u0161kola - Europe House","og_description":"Tokom doga\u0111aja organizovanog u Ku\u0107i Evrope, u\u010desnici su imali priliku da \u201eUpoznaju Super\u0161kole\u201c. Potpisani su sporazumi sa devet crnogorskih \u0161kola \u010diji su projekti nagra\u0111eni u okviru 4. ciklusa Superschools RYCO programa. Program \u201eMeet the Superschools\u201c ima za cilj da doprinese izgradnji mira, pomirenju, interkulturnom u\u010denju i dijalogu u okviru \u0160eme razmjene \u0161kola Zapadnog Balkana. Doga\u0111aj [&hellip;]","og_url":"https:\/\/www.evropskakuca.me\/me\/upoznajte-superskole-u-podgorici\/","og_site_name":"Europe House","article_publisher":"https:\/\/www.facebook.com\/evropska.kuca","article_published_time":"2025-09-05T13:12:57+00:00","article_modified_time":"2025-09-05T13:22:12+00:00","og_image":[{"width":1200,"height":800,"url":"https:\/\/www.evropskakuca.me\/wp-content\/uploads\/2025\/09\/RYCO04092025-11.jpg","type":"image\/jpeg"}],"author":"Aleksandar Vukovic","twitter_card":"summary_large_image","twitter_creator":"@evropska_kuca","twitter_site":"@evropska_kuca","twitter_misc":{"Written by":"Aleksandar Vukovic","Est. reading time":"3 minutes"},"schema":{"@context":"https:\/\/schema.org","@graph":[{"@type":"Article","@id":"https:\/\/www.evropskakuca.me\/me\/upoznajte-superskole-u-podgorici\/#article","isPartOf":{"@id":"https:\/\/www.evropskakuca.me\/me\/upoznajte-superskole-u-podgorici\/"},"author":{"name":"Aleksandar Vukovic","@id":"https:\/\/www.evropskakuca.me\/me\/#\/schema\/person\/7e16527119c7b67f457996b970f2bd6e"},"headline":"Potpisani sporazumi sa devet crnogorskih super\u0161kola","datePublished":"2025-09-05T13:12:57+00:00","dateModified":"2025-09-05T13:22:12+00:00","mainEntityOfPage":{"@id":"https:\/\/www.evropskakuca.me\/me\/upoznajte-superskole-u-podgorici\/"},"wordCount":539,"publisher":{"@id":"https:\/\/www.evropskakuca.me\/me\/#organization"},"image":{"@id":"https:\/\/www.evropskakuca.me\/me\/upoznajte-superskole-u-podgorici\/#primaryimage"},"thumbnailUrl":"https:\/\/www.evropskakuca.me\/wp-content\/uploads\/2025\/09\/RYCO04092025-11.jpg","articleSection":["Novosti","Vesti"],"inLanguage":"me-ME"},{"@type":"WebPage","@id":"https:\/\/www.evropskakuca.me\/me\/upoznajte-superskole-u-podgorici\/","url":"https:\/\/www.evropskakuca.me\/me\/upoznajte-superskole-u-podgorici\/","name":"Potpisani sporazumi sa devet crnogorskih super\u0161kola - Europe House","isPartOf":{"@id":"https:\/\/www.evropskakuca.me\/me\/#website"},"primaryImageOfPage":{"@id":"https:\/\/www.evropskakuca.me\/me\/upoznajte-superskole-u-podgorici\/#primaryimage"},"image":{"@id":"https:\/\/www.evropskakuca.me\/me\/upoznajte-superskole-u-podgorici\/#primaryimage"},"thumbnailUrl":"https:\/\/www.evropskakuca.me\/wp-content\/uploads\/2025\/09\/RYCO04092025-11.jpg","datePublished":"2025-09-05T13:12:57+00:00","dateModified":"2025-09-05T13:22:12+00:00","breadcrumb":{"@id":"https:\/\/www.evropskakuca.me\/me\/upoznajte-superskole-u-podgorici\/#breadcrumb"},"inLanguage":"me-ME","potentialAction":[{"@type":"ReadAction","target":["https:\/\/www.evropskakuca.me\/me\/upoznajte-superskole-u-podgorici\/"]}]},{"@type":"ImageObject","inLanguage":"me-ME","@id":"https:\/\/www.evropskakuca.me\/me\/upoznajte-superskole-u-podgorici\/#primaryimage","url":"https:\/\/www.evropskakuca.me\/wp-content\/uploads\/2025\/09\/RYCO04092025-11.jpg","contentUrl":"https:\/\/www.evropskakuca.me\/wp-content\/uploads\/2025\/09\/RYCO04092025-11.jpg","width":1200,"height":800},{"@type":"BreadcrumbList","@id":"https:\/\/www.evropskakuca.me\/me\/upoznajte-superskole-u-podgorici\/#breadcrumb","itemListElement":[{"@type":"ListItem","position":1,"name":"Home","item":"https:\/\/www.evropskakuca.me\/me\/"},{"@type":"ListItem","position":2,"name":"Potpisani sporazumi sa devet crnogorskih super\u0161kola"}]},{"@type":"WebSite","@id":"https:\/\/www.evropskakuca.me\/me\/#website","url":"https:\/\/www.evropskakuca.me\/me\/","name":"Evropean house","description":"","publisher":{"@id":"https:\/\/www.evropskakuca.me\/me\/#organization"},"potentialAction":[{"@type":"SearchAction","target":{"@type":"EntryPoint","urlTemplate":"https:\/\/www.evropskakuca.me\/me\/?s={search_term_string}"},"query-input":{"@type":"PropertyValueSpecification","valueRequired":true,"valueName":"search_term_string"}}],"inLanguage":"me-ME"},{"@type":"Organization","@id":"https:\/\/www.evropskakuca.me\/me\/#organization","name":"Evropean house","url":"https:\/\/www.evropskakuca.me\/me\/","logo":{"@type":"ImageObject","inLanguage":"me-ME","@id":"https:\/\/www.evropskakuca.me\/me\/#\/schema\/logo\/image\/","url":"https:\/\/www.evropskakuca.me\/wp-content\/uploads\/2025\/01\/evropska-kuca-logo-1.png","contentUrl":"https:\/\/www.evropskakuca.me\/wp-content\/uploads\/2025\/01\/evropska-kuca-logo-1.png","width":425,"height":312,"caption":"Evropean house"},"image":{"@id":"https:\/\/www.evropskakuca.me\/me\/#\/schema\/logo\/image\/"},"sameAs":["https:\/\/www.facebook.com\/evropska.kuca","https:\/\/x.com\/evropska_kuca","https:\/\/www.instagram.com\/evropska_kuca"]},{"@type":"Person","@id":"https:\/\/www.evropskakuca.me\/me\/#\/schema\/person\/7e16527119c7b67f457996b970f2bd6e","name":"Aleksandar Vukovic","image":{"@type":"ImageObject","inLanguage":"me-ME","@id":"https:\/\/secure.gravatar.com\/avatar\/a1834e0104b0242a886079bde835ba36d80c70f9987a11f3ba33eb9e8d74cc15?s=96&d=mm&r=g","url":"https:\/\/secure.gravatar.com\/avatar\/a1834e0104b0242a886079bde835ba36d80c70f9987a11f3ba33eb9e8d74cc15?s=96&d=mm&r=g","contentUrl":"https:\/\/secure.gravatar.com\/avatar\/a1834e0104b0242a886079bde835ba36d80c70f9987a11f3ba33eb9e8d74cc15?s=96&d=mm&r=g","caption":"Aleksandar Vukovic"},"url":"https:\/\/www.evropskakuca.me\/me\/author\/aleksandar\/"}]}},"_links":{"self":[{"href":"https:\/\/www.evropskakuca.me\/me\/wp-json\/wp\/v2\/posts\/45581","targetHints":{"allow":["GET"]}}],"collection":[{"href":"https:\/\/www.evropskakuca.me\/me\/wp-json\/wp\/v2\/posts"}],"about":[{"href":"https:\/\/www.evropskakuca.me\/me\/wp-json\/wp\/v2\/types\/post"}],"author":[{"embeddable":true,"href":"https:\/\/www.evropskakuca.me\/me\/wp-json\/wp\/v2\/users\/3"}],"replies":[{"embeddable":true,"href":"https:\/\/www.evropskakuca.me\/me\/wp-json\/wp\/v2\/comments?post=45581"}],"version-history":[{"count":4,"href":"https:\/\/www.evropskakuca.me\/me\/wp-json\/wp\/v2\/posts\/45581\/revisions"}],"predecessor-version":[{"id":45596,"href":"https:\/\/www.evropskakuca.me\/me\/wp-json\/wp\/v2\/posts\/45581\/revisions\/45596"}],"wp:featuredmedia":[{"embeddable":true,"href":"https:\/\/www.evropskakuca.me\/me\/wp-json\/wp\/v2\/media\/45582"}],"wp:attachment":[{"href":"https:\/\/www.evropskakuca.me\/me\/wp-json\/wp\/v2\/media?parent=45581"}],"wp:term":[{"taxonomy":"category","embeddable":true,"href":"https:\/\/www.evropskakuca.me\/me\/wp-json\/wp\/v2\/categories?post=45581"},{"taxonomy":"post_tag","embeddable":true,"href":"https:\/\/www.evropskakuca.me\/me\/wp-json\/wp\/v2\/tags?post=45581"}],"curies":[{"name":"wp","href":"https:\/\/api.w.org\/{rel}","templated":true}]}}