{"id":45545,"date":"2025-08-27T12:25:00","date_gmt":"2025-08-27T12:25:00","guid":{"rendered":"https:\/\/www.evropskakuca.me\/september-coloured-with-art-with-eu-support\/"},"modified":"2025-09-08T13:38:40","modified_gmt":"2025-09-08T13:38:40","slug":"september-coloured-with-art-with-eu-support","status":"publish","type":"post","link":"https:\/\/www.evropskakuca.me\/me\/september-coloured-with-art-with-eu-support\/","title":{"rendered":"Ove godine, uz podr\u0161ku EU, septembar je u znaku umjetnosti"},"content":{"rendered":"\n<p>FOd filma, preko muzike do stripa \u2013 <strong>Evropska ku\u0107a<\/strong> podr\u017eava umjetnost u septembru.<\/p>\n\n\n\n<p>Evropska unija ove godine podr\u017eava tri zna\u010dajna kulturna festivala u Crnoj Gori:<\/p>\n\n\n\n<p class=\"has-text-align-center\"><strong>Hercegnovski strip festival (HSF)<\/strong><\/p>\n\n\n\n<figure class=\"wp-block-image size-large\"><img fetchpriority=\"high\" decoding=\"async\" width=\"1024\" height=\"627\" src=\"https:\/\/www.evropskakuca.me\/wp-content\/uploads\/2025\/09\/hercegnovski-strip-1024x627.png\" alt=\"\" class=\"wp-image-45537\" srcset=\"https:\/\/www.evropskakuca.me\/wp-content\/uploads\/2025\/09\/hercegnovski-strip-1024x627.png 1024w, https:\/\/www.evropskakuca.me\/wp-content\/uploads\/2025\/09\/hercegnovski-strip-300x184.png 300w, https:\/\/www.evropskakuca.me\/wp-content\/uploads\/2025\/09\/hercegnovski-strip-768x471.png 768w, https:\/\/www.evropskakuca.me\/wp-content\/uploads\/2025\/09\/hercegnovski-strip.png 1451w\" sizes=\"(max-width: 1024px) 100vw, 1024px\" \/><\/figure>\n\n\n\n<p>Od <strong>5. do 10. septembra<\/strong> Herceg Novi postaje evropska prijestonica stripa. <a href=\"https:\/\/eng.stripfestival.me\/\">HSF u svom <strong>19. izdanju<\/strong><\/a> donosi dvanaest specijalnih gostiju i desetine programa, uklju\u010duju\u0107i izlo\u017ebe, muzi\u010dke i likovne sadr\u017eaje. U sklopu Festivala <strong>Evropska ku\u0107a \u0107e predstaviti<\/strong> drugo izdanje <strong>stripa Super Zvjezdana, 6. septembra<\/strong>.<\/p>\n\n\n\n<p class=\"has-text-align-center\"><strong>Festival Internacionalnog Alternativnog Teatra \u2013 FIAT Montenegro<\/strong><\/p>\n\n\n\n<figure class=\"wp-block-image size-large\"><img decoding=\"async\" width=\"1024\" height=\"909\" src=\"https:\/\/www.evropskakuca.me\/wp-content\/uploads\/2025\/09\/540914128_784041457327689_5566467672221833436_n-1-1024x909.jpg\" alt=\"\" class=\"wp-image-45539\" srcset=\"https:\/\/www.evropskakuca.me\/wp-content\/uploads\/2025\/09\/540914128_784041457327689_5566467672221833436_n-1-1024x909.jpg 1024w, https:\/\/www.evropskakuca.me\/wp-content\/uploads\/2025\/09\/540914128_784041457327689_5566467672221833436_n-1-300x266.jpg 300w, https:\/\/www.evropskakuca.me\/wp-content\/uploads\/2025\/09\/540914128_784041457327689_5566467672221833436_n-1-768x682.jpg 768w, https:\/\/www.evropskakuca.me\/wp-content\/uploads\/2025\/09\/540914128_784041457327689_5566467672221833436_n-1.jpg 1224w\" sizes=\"(max-width: 1024px) 100vw, 1024px\" \/><\/figure>\n\n\n\n<p><a href=\"https:\/\/www.fiat-montenegro.org\/me\/pocetna\"><strong>Jubilarni 40. FIAT Montenegro, od 5. do 14. septembra<\/strong> <\/a>u Podgorici, okuplja ljubitelje alternativnog teatra i inovativnih izvo\u0111a\u010dkih formi iz regiona i \u0161ire.<\/p>\n\n\n\n<p class=\"has-text-align-center\"><strong>D\u017eada Film Fest<\/strong><\/p>\n\n\n\n<figure class=\"wp-block-image size-large\"><img decoding=\"async\" width=\"1024\" height=\"722\" src=\"https:\/\/www.evropskakuca.me\/wp-content\/uploads\/2025\/08\/800x1135_2-1024x722.png\" alt=\"\" class=\"wp-image-45549\" srcset=\"https:\/\/www.evropskakuca.me\/wp-content\/uploads\/2025\/08\/800x1135_2-1024x722.png 1024w, https:\/\/www.evropskakuca.me\/wp-content\/uploads\/2025\/08\/800x1135_2-300x211.png 300w, https:\/\/www.evropskakuca.me\/wp-content\/uploads\/2025\/08\/800x1135_2-768x541.png 768w, https:\/\/www.evropskakuca.me\/wp-content\/uploads\/2025\/08\/800x1135_2.png 1135w\" sizes=\"(max-width: 1024px) 100vw, 1024px\" \/><\/figure>\n\n\n\n<p>Od <strong>1. do 7. septembra podgori\u010dke ulice<\/strong> pretvaraju se u bioskope na otvorenom. <strong><a href=\"https:\/\/dzadafilmfest.com\/jubilarno-10-izdanje-dzff-a\/\">Jubilarni 10. D\u017eada Film Fest <\/a><\/strong>prikaza\u0107e 34 filma, muzi\u010dke koncerte i programe za djecu, uz autenti\u010dnu atmosferu i debitantske filmske talente.<\/p>\n\n\n\n<p><\/p>\n","protected":false},"excerpt":{"rendered":"<p>FOd filma, preko muzike do stripa \u2013 Evropska ku\u0107a podr\u017eava umjetnost u septembru. Evropska unija ove godine podr\u017eava tri zna\u010dajna kulturna festivala u Crnoj Gori: Hercegnovski strip festival (HSF) Od 5. do 10. septembra Herceg Novi postaje evropska prijestonica stripa. HSF u svom 19. izdanju donosi dvanaest specijalnih gostiju i desetine programa, uklju\u010duju\u0107i izlo\u017ebe, muzi\u010dke [&hellip;]<\/p>\n","protected":false},"author":3,"featured_media":45536,"comment_status":"closed","ping_status":"closed","sticky":false,"template":"","format":"standard","meta":{"_acf_changed":false,"footnotes":""},"categories":[283,524],"tags":[],"class_list":["post-45545","post","type-post","status-publish","format-standard","has-post-thumbnail","hentry","category-novosti-me","category-vesti"],"acf":[],"yoast_head":"<!-- This site is optimized with the Yoast SEO plugin v27.3 - https:\/\/yoast.com\/product\/yoast-seo-wordpress\/ -->\n<title>Ove godine, uz podr\u0161ku EU, septembar je u znaku umjetnosti - Europe House<\/title>\n<meta name=\"robots\" content=\"index, follow, max-snippet:-1, max-image-preview:large, max-video-preview:-1\" \/>\n<link rel=\"canonical\" href=\"https:\/\/www.evropskakuca.me\/me\/september-coloured-with-art-with-eu-support\/\" \/>\n<meta property=\"og:locale\" content=\"en_US\" \/>\n<meta property=\"og:type\" content=\"article\" \/>\n<meta property=\"og:title\" content=\"Ove godine, uz podr\u0161ku EU, septembar je u znaku umjetnosti - Europe House\" \/>\n<meta property=\"og:description\" content=\"FOd filma, preko muzike do stripa \u2013 Evropska ku\u0107a podr\u017eava umjetnost u septembru. Evropska unija ove godine podr\u017eava tri zna\u010dajna kulturna festivala u Crnoj Gori: Hercegnovski strip festival (HSF) Od 5. do 10. septembra Herceg Novi postaje evropska prijestonica stripa. HSF u svom 19. izdanju donosi dvanaest specijalnih gostiju i desetine programa, uklju\u010duju\u0107i izlo\u017ebe, muzi\u010dke [&hellip;]\" \/>\n<meta property=\"og:url\" content=\"https:\/\/www.evropskakuca.me\/me\/september-coloured-with-art-with-eu-support\/\" \/>\n<meta property=\"og:site_name\" content=\"Europe House\" \/>\n<meta property=\"article:publisher\" content=\"https:\/\/www.facebook.com\/evropska.kuca\" \/>\n<meta property=\"article:published_time\" content=\"2025-08-27T12:25:00+00:00\" \/>\n<meta property=\"article:modified_time\" content=\"2025-09-08T13:38:40+00:00\" \/>\n<meta property=\"og:image\" content=\"https:\/\/www.evropskakuca.me\/wp-content\/uploads\/2025\/09\/540914128_784041457327689_5566467672221833436_n-scaled.jpg\" \/>\n\t<meta property=\"og:image:width\" content=\"2560\" \/>\n\t<meta property=\"og:image:height\" content=\"813\" \/>\n\t<meta property=\"og:image:type\" content=\"image\/jpeg\" \/>\n<meta name=\"author\" content=\"Aleksandar Vukovic\" \/>\n<meta name=\"twitter:card\" content=\"summary_large_image\" \/>\n<meta name=\"twitter:creator\" content=\"@evropska_kuca\" \/>\n<meta name=\"twitter:site\" content=\"@evropska_kuca\" \/>\n<meta name=\"twitter:label1\" content=\"Written by\" \/>\n\t<meta name=\"twitter:data1\" content=\"Aleksandar Vukovic\" \/>\n\t<meta name=\"twitter:label2\" content=\"Est. reading time\" \/>\n\t<meta name=\"twitter:data2\" content=\"2 minutes\" \/>\n<script type=\"application\/ld+json\" class=\"yoast-schema-graph\">{\"@context\":\"https:\\\/\\\/schema.org\",\"@graph\":[{\"@type\":\"Article\",\"@id\":\"https:\\\/\\\/www.evropskakuca.me\\\/me\\\/september-coloured-with-art-with-eu-support\\\/#article\",\"isPartOf\":{\"@id\":\"https:\\\/\\\/www.evropskakuca.me\\\/me\\\/september-coloured-with-art-with-eu-support\\\/\"},\"author\":{\"name\":\"Aleksandar Vukovic\",\"@id\":\"https:\\\/\\\/www.evropskakuca.me\\\/me\\\/#\\\/schema\\\/person\\\/7e16527119c7b67f457996b970f2bd6e\"},\"headline\":\"Ove godine, uz podr\u0161ku EU, septembar je u znaku umjetnosti\",\"datePublished\":\"2025-08-27T12:25:00+00:00\",\"dateModified\":\"2025-09-08T13:38:40+00:00\",\"mainEntityOfPage\":{\"@id\":\"https:\\\/\\\/www.evropskakuca.me\\\/me\\\/september-coloured-with-art-with-eu-support\\\/\"},\"wordCount\":155,\"publisher\":{\"@id\":\"https:\\\/\\\/www.evropskakuca.me\\\/me\\\/#organization\"},\"image\":{\"@id\":\"https:\\\/\\\/www.evropskakuca.me\\\/me\\\/september-coloured-with-art-with-eu-support\\\/#primaryimage\"},\"thumbnailUrl\":\"https:\\\/\\\/www.evropskakuca.me\\\/wp-content\\\/uploads\\\/2025\\\/09\\\/540914128_784041457327689_5566467672221833436_n-scaled.jpg\",\"articleSection\":[\"Novosti\",\"Vesti\"],\"inLanguage\":\"me-ME\"},{\"@type\":\"WebPage\",\"@id\":\"https:\\\/\\\/www.evropskakuca.me\\\/me\\\/september-coloured-with-art-with-eu-support\\\/\",\"url\":\"https:\\\/\\\/www.evropskakuca.me\\\/me\\\/september-coloured-with-art-with-eu-support\\\/\",\"name\":\"Ove godine, uz podr\u0161ku EU, septembar je u znaku umjetnosti - Europe House\",\"isPartOf\":{\"@id\":\"https:\\\/\\\/www.evropskakuca.me\\\/me\\\/#website\"},\"primaryImageOfPage\":{\"@id\":\"https:\\\/\\\/www.evropskakuca.me\\\/me\\\/september-coloured-with-art-with-eu-support\\\/#primaryimage\"},\"image\":{\"@id\":\"https:\\\/\\\/www.evropskakuca.me\\\/me\\\/september-coloured-with-art-with-eu-support\\\/#primaryimage\"},\"thumbnailUrl\":\"https:\\\/\\\/www.evropskakuca.me\\\/wp-content\\\/uploads\\\/2025\\\/09\\\/540914128_784041457327689_5566467672221833436_n-scaled.jpg\",\"datePublished\":\"2025-08-27T12:25:00+00:00\",\"dateModified\":\"2025-09-08T13:38:40+00:00\",\"breadcrumb\":{\"@id\":\"https:\\\/\\\/www.evropskakuca.me\\\/me\\\/september-coloured-with-art-with-eu-support\\\/#breadcrumb\"},\"inLanguage\":\"me-ME\",\"potentialAction\":[{\"@type\":\"ReadAction\",\"target\":[\"https:\\\/\\\/www.evropskakuca.me\\\/me\\\/september-coloured-with-art-with-eu-support\\\/\"]}]},{\"@type\":\"ImageObject\",\"inLanguage\":\"me-ME\",\"@id\":\"https:\\\/\\\/www.evropskakuca.me\\\/me\\\/september-coloured-with-art-with-eu-support\\\/#primaryimage\",\"url\":\"https:\\\/\\\/www.evropskakuca.me\\\/wp-content\\\/uploads\\\/2025\\\/09\\\/540914128_784041457327689_5566467672221833436_n-scaled.jpg\",\"contentUrl\":\"https:\\\/\\\/www.evropskakuca.me\\\/wp-content\\\/uploads\\\/2025\\\/09\\\/540914128_784041457327689_5566467672221833436_n-scaled.jpg\",\"width\":2560,\"height\":813},{\"@type\":\"BreadcrumbList\",\"@id\":\"https:\\\/\\\/www.evropskakuca.me\\\/me\\\/september-coloured-with-art-with-eu-support\\\/#breadcrumb\",\"itemListElement\":[{\"@type\":\"ListItem\",\"position\":1,\"name\":\"Home\",\"item\":\"https:\\\/\\\/www.evropskakuca.me\\\/me\\\/\"},{\"@type\":\"ListItem\",\"position\":2,\"name\":\"Ove godine, uz podr\u0161ku EU, septembar je u znaku umjetnosti\"}]},{\"@type\":\"WebSite\",\"@id\":\"https:\\\/\\\/www.evropskakuca.me\\\/me\\\/#website\",\"url\":\"https:\\\/\\\/www.evropskakuca.me\\\/me\\\/\",\"name\":\"Evropean house\",\"description\":\"\",\"publisher\":{\"@id\":\"https:\\\/\\\/www.evropskakuca.me\\\/me\\\/#organization\"},\"potentialAction\":[{\"@type\":\"SearchAction\",\"target\":{\"@type\":\"EntryPoint\",\"urlTemplate\":\"https:\\\/\\\/www.evropskakuca.me\\\/me\\\/?s={search_term_string}\"},\"query-input\":{\"@type\":\"PropertyValueSpecification\",\"valueRequired\":true,\"valueName\":\"search_term_string\"}}],\"inLanguage\":\"me-ME\"},{\"@type\":\"Organization\",\"@id\":\"https:\\\/\\\/www.evropskakuca.me\\\/me\\\/#organization\",\"name\":\"Evropean house\",\"url\":\"https:\\\/\\\/www.evropskakuca.me\\\/me\\\/\",\"logo\":{\"@type\":\"ImageObject\",\"inLanguage\":\"me-ME\",\"@id\":\"https:\\\/\\\/www.evropskakuca.me\\\/me\\\/#\\\/schema\\\/logo\\\/image\\\/\",\"url\":\"https:\\\/\\\/www.evropskakuca.me\\\/wp-content\\\/uploads\\\/2025\\\/01\\\/evropska-kuca-logo-1.png\",\"contentUrl\":\"https:\\\/\\\/www.evropskakuca.me\\\/wp-content\\\/uploads\\\/2025\\\/01\\\/evropska-kuca-logo-1.png\",\"width\":425,\"height\":312,\"caption\":\"Evropean house\"},\"image\":{\"@id\":\"https:\\\/\\\/www.evropskakuca.me\\\/me\\\/#\\\/schema\\\/logo\\\/image\\\/\"},\"sameAs\":[\"https:\\\/\\\/www.facebook.com\\\/evropska.kuca\",\"https:\\\/\\\/x.com\\\/evropska_kuca\",\"https:\\\/\\\/www.instagram.com\\\/evropska_kuca\"]},{\"@type\":\"Person\",\"@id\":\"https:\\\/\\\/www.evropskakuca.me\\\/me\\\/#\\\/schema\\\/person\\\/7e16527119c7b67f457996b970f2bd6e\",\"name\":\"Aleksandar Vukovic\",\"image\":{\"@type\":\"ImageObject\",\"inLanguage\":\"me-ME\",\"@id\":\"https:\\\/\\\/secure.gravatar.com\\\/avatar\\\/a1834e0104b0242a886079bde835ba36d80c70f9987a11f3ba33eb9e8d74cc15?s=96&d=mm&r=g\",\"url\":\"https:\\\/\\\/secure.gravatar.com\\\/avatar\\\/a1834e0104b0242a886079bde835ba36d80c70f9987a11f3ba33eb9e8d74cc15?s=96&d=mm&r=g\",\"contentUrl\":\"https:\\\/\\\/secure.gravatar.com\\\/avatar\\\/a1834e0104b0242a886079bde835ba36d80c70f9987a11f3ba33eb9e8d74cc15?s=96&d=mm&r=g\",\"caption\":\"Aleksandar Vukovic\"},\"url\":\"https:\\\/\\\/www.evropskakuca.me\\\/me\\\/author\\\/aleksandar\\\/\"}]}<\/script>\n<!-- \/ Yoast SEO plugin. -->","yoast_head_json":{"title":"Ove godine, uz podr\u0161ku EU, septembar je u znaku umjetnosti - Europe House","robots":{"index":"index","follow":"follow","max-snippet":"max-snippet:-1","max-image-preview":"max-image-preview:large","max-video-preview":"max-video-preview:-1"},"canonical":"https:\/\/www.evropskakuca.me\/me\/september-coloured-with-art-with-eu-support\/","og_locale":"en_US","og_type":"article","og_title":"Ove godine, uz podr\u0161ku EU, septembar je u znaku umjetnosti - Europe House","og_description":"FOd filma, preko muzike do stripa \u2013 Evropska ku\u0107a podr\u017eava umjetnost u septembru. Evropska unija ove godine podr\u017eava tri zna\u010dajna kulturna festivala u Crnoj Gori: Hercegnovski strip festival (HSF) Od 5. do 10. septembra Herceg Novi postaje evropska prijestonica stripa. HSF u svom 19. izdanju donosi dvanaest specijalnih gostiju i desetine programa, uklju\u010duju\u0107i izlo\u017ebe, muzi\u010dke [&hellip;]","og_url":"https:\/\/www.evropskakuca.me\/me\/september-coloured-with-art-with-eu-support\/","og_site_name":"Europe House","article_publisher":"https:\/\/www.facebook.com\/evropska.kuca","article_published_time":"2025-08-27T12:25:00+00:00","article_modified_time":"2025-09-08T13:38:40+00:00","og_image":[{"width":2560,"height":813,"url":"https:\/\/www.evropskakuca.me\/wp-content\/uploads\/2025\/09\/540914128_784041457327689_5566467672221833436_n-scaled.jpg","type":"image\/jpeg"}],"author":"Aleksandar Vukovic","twitter_card":"summary_large_image","twitter_creator":"@evropska_kuca","twitter_site":"@evropska_kuca","twitter_misc":{"Written by":"Aleksandar Vukovic","Est. reading time":"2 minutes"},"schema":{"@context":"https:\/\/schema.org","@graph":[{"@type":"Article","@id":"https:\/\/www.evropskakuca.me\/me\/september-coloured-with-art-with-eu-support\/#article","isPartOf":{"@id":"https:\/\/www.evropskakuca.me\/me\/september-coloured-with-art-with-eu-support\/"},"author":{"name":"Aleksandar Vukovic","@id":"https:\/\/www.evropskakuca.me\/me\/#\/schema\/person\/7e16527119c7b67f457996b970f2bd6e"},"headline":"Ove godine, uz podr\u0161ku EU, septembar je u znaku umjetnosti","datePublished":"2025-08-27T12:25:00+00:00","dateModified":"2025-09-08T13:38:40+00:00","mainEntityOfPage":{"@id":"https:\/\/www.evropskakuca.me\/me\/september-coloured-with-art-with-eu-support\/"},"wordCount":155,"publisher":{"@id":"https:\/\/www.evropskakuca.me\/me\/#organization"},"image":{"@id":"https:\/\/www.evropskakuca.me\/me\/september-coloured-with-art-with-eu-support\/#primaryimage"},"thumbnailUrl":"https:\/\/www.evropskakuca.me\/wp-content\/uploads\/2025\/09\/540914128_784041457327689_5566467672221833436_n-scaled.jpg","articleSection":["Novosti","Vesti"],"inLanguage":"me-ME"},{"@type":"WebPage","@id":"https:\/\/www.evropskakuca.me\/me\/september-coloured-with-art-with-eu-support\/","url":"https:\/\/www.evropskakuca.me\/me\/september-coloured-with-art-with-eu-support\/","name":"Ove godine, uz podr\u0161ku EU, septembar je u znaku umjetnosti - Europe House","isPartOf":{"@id":"https:\/\/www.evropskakuca.me\/me\/#website"},"primaryImageOfPage":{"@id":"https:\/\/www.evropskakuca.me\/me\/september-coloured-with-art-with-eu-support\/#primaryimage"},"image":{"@id":"https:\/\/www.evropskakuca.me\/me\/september-coloured-with-art-with-eu-support\/#primaryimage"},"thumbnailUrl":"https:\/\/www.evropskakuca.me\/wp-content\/uploads\/2025\/09\/540914128_784041457327689_5566467672221833436_n-scaled.jpg","datePublished":"2025-08-27T12:25:00+00:00","dateModified":"2025-09-08T13:38:40+00:00","breadcrumb":{"@id":"https:\/\/www.evropskakuca.me\/me\/september-coloured-with-art-with-eu-support\/#breadcrumb"},"inLanguage":"me-ME","potentialAction":[{"@type":"ReadAction","target":["https:\/\/www.evropskakuca.me\/me\/september-coloured-with-art-with-eu-support\/"]}]},{"@type":"ImageObject","inLanguage":"me-ME","@id":"https:\/\/www.evropskakuca.me\/me\/september-coloured-with-art-with-eu-support\/#primaryimage","url":"https:\/\/www.evropskakuca.me\/wp-content\/uploads\/2025\/09\/540914128_784041457327689_5566467672221833436_n-scaled.jpg","contentUrl":"https:\/\/www.evropskakuca.me\/wp-content\/uploads\/2025\/09\/540914128_784041457327689_5566467672221833436_n-scaled.jpg","width":2560,"height":813},{"@type":"BreadcrumbList","@id":"https:\/\/www.evropskakuca.me\/me\/september-coloured-with-art-with-eu-support\/#breadcrumb","itemListElement":[{"@type":"ListItem","position":1,"name":"Home","item":"https:\/\/www.evropskakuca.me\/me\/"},{"@type":"ListItem","position":2,"name":"Ove godine, uz podr\u0161ku EU, septembar je u znaku umjetnosti"}]},{"@type":"WebSite","@id":"https:\/\/www.evropskakuca.me\/me\/#website","url":"https:\/\/www.evropskakuca.me\/me\/","name":"Evropean house","description":"","publisher":{"@id":"https:\/\/www.evropskakuca.me\/me\/#organization"},"potentialAction":[{"@type":"SearchAction","target":{"@type":"EntryPoint","urlTemplate":"https:\/\/www.evropskakuca.me\/me\/?s={search_term_string}"},"query-input":{"@type":"PropertyValueSpecification","valueRequired":true,"valueName":"search_term_string"}}],"inLanguage":"me-ME"},{"@type":"Organization","@id":"https:\/\/www.evropskakuca.me\/me\/#organization","name":"Evropean house","url":"https:\/\/www.evropskakuca.me\/me\/","logo":{"@type":"ImageObject","inLanguage":"me-ME","@id":"https:\/\/www.evropskakuca.me\/me\/#\/schema\/logo\/image\/","url":"https:\/\/www.evropskakuca.me\/wp-content\/uploads\/2025\/01\/evropska-kuca-logo-1.png","contentUrl":"https:\/\/www.evropskakuca.me\/wp-content\/uploads\/2025\/01\/evropska-kuca-logo-1.png","width":425,"height":312,"caption":"Evropean house"},"image":{"@id":"https:\/\/www.evropskakuca.me\/me\/#\/schema\/logo\/image\/"},"sameAs":["https:\/\/www.facebook.com\/evropska.kuca","https:\/\/x.com\/evropska_kuca","https:\/\/www.instagram.com\/evropska_kuca"]},{"@type":"Person","@id":"https:\/\/www.evropskakuca.me\/me\/#\/schema\/person\/7e16527119c7b67f457996b970f2bd6e","name":"Aleksandar Vukovic","image":{"@type":"ImageObject","inLanguage":"me-ME","@id":"https:\/\/secure.gravatar.com\/avatar\/a1834e0104b0242a886079bde835ba36d80c70f9987a11f3ba33eb9e8d74cc15?s=96&d=mm&r=g","url":"https:\/\/secure.gravatar.com\/avatar\/a1834e0104b0242a886079bde835ba36d80c70f9987a11f3ba33eb9e8d74cc15?s=96&d=mm&r=g","contentUrl":"https:\/\/secure.gravatar.com\/avatar\/a1834e0104b0242a886079bde835ba36d80c70f9987a11f3ba33eb9e8d74cc15?s=96&d=mm&r=g","caption":"Aleksandar Vukovic"},"url":"https:\/\/www.evropskakuca.me\/me\/author\/aleksandar\/"}]}},"_links":{"self":[{"href":"https:\/\/www.evropskakuca.me\/me\/wp-json\/wp\/v2\/posts\/45545","targetHints":{"allow":["GET"]}}],"collection":[{"href":"https:\/\/www.evropskakuca.me\/me\/wp-json\/wp\/v2\/posts"}],"about":[{"href":"https:\/\/www.evropskakuca.me\/me\/wp-json\/wp\/v2\/types\/post"}],"author":[{"embeddable":true,"href":"https:\/\/www.evropskakuca.me\/me\/wp-json\/wp\/v2\/users\/3"}],"replies":[{"embeddable":true,"href":"https:\/\/www.evropskakuca.me\/me\/wp-json\/wp\/v2\/comments?post=45545"}],"version-history":[{"count":4,"href":"https:\/\/www.evropskakuca.me\/me\/wp-json\/wp\/v2\/posts\/45545\/revisions"}],"predecessor-version":[{"id":45614,"href":"https:\/\/www.evropskakuca.me\/me\/wp-json\/wp\/v2\/posts\/45545\/revisions\/45614"}],"wp:featuredmedia":[{"embeddable":true,"href":"https:\/\/www.evropskakuca.me\/me\/wp-json\/wp\/v2\/media\/45536"}],"wp:attachment":[{"href":"https:\/\/www.evropskakuca.me\/me\/wp-json\/wp\/v2\/media?parent=45545"}],"wp:term":[{"taxonomy":"category","embeddable":true,"href":"https:\/\/www.evropskakuca.me\/me\/wp-json\/wp\/v2\/categories?post=45545"},{"taxonomy":"post_tag","embeddable":true,"href":"https:\/\/www.evropskakuca.me\/me\/wp-json\/wp\/v2\/tags?post=45545"}],"curies":[{"name":"wp","href":"https:\/\/api.w.org\/{rel}","templated":true}]}}