{"id":45505,"date":"2025-08-28T11:40:47","date_gmt":"2025-08-28T11:40:47","guid":{"rendered":"https:\/\/www.evropskakuca.me\/?p=45505"},"modified":"2025-08-28T11:40:49","modified_gmt":"2025-08-28T11:40:49","slug":"ek-odobrila-crnoj-gori-isplatu-prve-redovne-transe","status":"publish","type":"post","link":"https:\/\/www.evropskakuca.me\/me\/ek-odobrila-crnoj-gori-isplatu-prve-redovne-transe\/","title":{"rendered":"EK odobrila Crnoj Gori isplatu prve redovne tran\u0161e"},"content":{"rendered":"\n<p>Evropska komisija je zvani\u010dno odobrila isplatu prve tran\u0161e sredstava Crnoj Gori u okviru Instrumenta EU za reforme i rast, \u010dime je nastavljen pozitivan trend u sprovo\u0111enju Plana rasta za Zapadni Balkan i potvr\u0111ena posve\u0107enost evropskoj perspektivi Crne Gore.<\/p>\n\n\n\n<p>Na osnovu dostavljenog izvje\u0161taja o sprovo\u0111enju Reformske agende i ocjene Evropske komisije, odobrena je isplata prve redovne tran\u0161e u iznosu od 10,2 miliona eura, od \u010dega je 4,7 miliona eura upla\u0107eno kao bud\u017eetska podr\u0161ka kroz povoljan kredit. Preostali iznos od 5,5 miliona eura bi\u0107e dodijeljen za finansiranje infrastrukturnih projekata kroz Zapadnobalkanski investicioni okvir (ZIO), od \u010dega je 2,6 miliona eura kredita i 2,9 miliona eura bespovratnih sredstva (grant) koji \u0107e biti upla\u0107eni u narednom periodu.<\/p>\n\n\n\n<p>Ova sredstva rezultat su zna\u010dajnih reformskih koraka, od javnog registra dr\u017eavnih preduze\u0107a, ve\u0107e transparentnosti me\u0111unarodnih sporazuma, uvo\u0111enja energetskih sertifikata, razvoja \u0161irokopojasne mre\u017ee, pune digitalizacije javnih usluga, usvajanje propisa uskla\u0111enih s EU, \u010diji je rok za realizaciju bio 28. februar 2025. godine. Za reforme \u010dija je realizacija u toku, Crna Gora \u0107e, u skladu s pravilima EU, mo\u0107i da koristi dodatni rok od 24 mjeseca za njihovo potpuno sprovo\u0111enje, bez gubitka dostupnih sredstava.<\/p>\n\n\n\n<figure class=\"wp-block-image size-full\"><img fetchpriority=\"high\" decoding=\"async\" width=\"889\" height=\"500\" src=\"https:\/\/www.evropskakuca.me\/wp-content\/uploads\/2025\/08\/plan-rasta-vizual-889x500-1.jpeg\" alt=\"\" class=\"wp-image-45501\" srcset=\"https:\/\/www.evropskakuca.me\/wp-content\/uploads\/2025\/08\/plan-rasta-vizual-889x500-1.jpeg 889w, https:\/\/www.evropskakuca.me\/wp-content\/uploads\/2025\/08\/plan-rasta-vizual-889x500-1-300x169.jpeg 300w, https:\/\/www.evropskakuca.me\/wp-content\/uploads\/2025\/08\/plan-rasta-vizual-889x500-1-768x432.jpeg 768w\" sizes=\"(max-width: 889px) 100vw, 889px\" \/><\/figure>\n\n\n\n<p>U prvoj polovini godine ostvaren je i dodatni napredak u va\u017enim oblastima poput prostornog planiranja i energetike, \u0161to je detaljno predstavljeno u Drugom polugodi\u0161njem izvje\u0161taju, koji je Vlada Crne Gore usvojila 10. jula i dostavila Evropskoj komisiji na mi\u0161ljenje.<\/p>\n\n\n\n<p>Isplata ove tran\u0161e predstavlja jasan signal da Crna Gora ostvaruje mjerljive rezultate u sprovo\u0111enju reformi i efikasno koristi dostupna evropska sredstva za podr\u0161ku razvoju i integraciji u EU.<\/p>\n\n\n\n<p>Ministarstvo evropskih poslova i Ministarstvo finansija ostaju posve\u0107eni ispunjavanju planiranih reformskih koraka u skladu sa zadatom dinamikom, sna\u017enoj koordinaciji i efikasnom upravljanju sredstvima iz Instrumenta za reforme i rast radi boljeg i kvalitetnijeg \u017eivota gra\u0111ana Crne Gore.<\/p>\n\n\n\n<p>Izvor teksta: ME4EU<\/p>\n","protected":false},"excerpt":{"rendered":"<p>Evropska komisija je zvani\u010dno odobrila isplatu prve tran\u0161e sredstava Crnoj Gori u okviru Instrumenta EU za reforme i rast, \u010dime je nastavljen pozitivan trend u sprovo\u0111enju Plana rasta za Zapadni Balkan i potvr\u0111ena posve\u0107enost evropskoj perspektivi Crne Gore. Na osnovu dostavljenog izvje\u0161taja o sprovo\u0111enju Reformske agende i ocjene Evropske komisije, odobrena je isplata prve redovne [&hellip;]<\/p>\n","protected":false},"author":3,"featured_media":45501,"comment_status":"closed","ping_status":"closed","sticky":false,"template":"","format":"standard","meta":{"_acf_changed":false,"footnotes":""},"categories":[283],"tags":[],"class_list":["post-45505","post","type-post","status-publish","format-standard","has-post-thumbnail","hentry","category-novosti-me"],"acf":[],"yoast_head":"<!-- This site is optimized with the Yoast SEO plugin v27.3 - https:\/\/yoast.com\/product\/yoast-seo-wordpress\/ -->\n<title>EK odobrila Crnoj Gori isplatu prve redovne tran\u0161e - Europe House<\/title>\n<meta name=\"robots\" content=\"index, follow, max-snippet:-1, max-image-preview:large, max-video-preview:-1\" \/>\n<link rel=\"canonical\" href=\"https:\/\/www.evropskakuca.me\/me\/ek-odobrila-crnoj-gori-isplatu-prve-redovne-transe\/\" \/>\n<meta property=\"og:locale\" content=\"en_US\" \/>\n<meta property=\"og:type\" content=\"article\" \/>\n<meta property=\"og:title\" content=\"EK odobrila Crnoj Gori isplatu prve redovne tran\u0161e - Europe House\" \/>\n<meta property=\"og:description\" content=\"Evropska komisija je zvani\u010dno odobrila isplatu prve tran\u0161e sredstava Crnoj Gori u okviru Instrumenta EU za reforme i rast, \u010dime je nastavljen pozitivan trend u sprovo\u0111enju Plana rasta za Zapadni Balkan i potvr\u0111ena posve\u0107enost evropskoj perspektivi Crne Gore. Na osnovu dostavljenog izvje\u0161taja o sprovo\u0111enju Reformske agende i ocjene Evropske komisije, odobrena je isplata prve redovne [&hellip;]\" \/>\n<meta property=\"og:url\" content=\"https:\/\/www.evropskakuca.me\/me\/ek-odobrila-crnoj-gori-isplatu-prve-redovne-transe\/\" \/>\n<meta property=\"og:site_name\" content=\"Europe House\" \/>\n<meta property=\"article:publisher\" content=\"https:\/\/www.facebook.com\/evropska.kuca\" \/>\n<meta property=\"article:published_time\" content=\"2025-08-28T11:40:47+00:00\" \/>\n<meta property=\"article:modified_time\" content=\"2025-08-28T11:40:49+00:00\" \/>\n<meta property=\"og:image\" content=\"https:\/\/www.evropskakuca.me\/wp-content\/uploads\/2025\/08\/plan-rasta-vizual-889x500-1.jpeg\" \/>\n\t<meta property=\"og:image:width\" content=\"889\" \/>\n\t<meta property=\"og:image:height\" content=\"500\" \/>\n\t<meta property=\"og:image:type\" content=\"image\/jpeg\" \/>\n<meta name=\"author\" content=\"Aleksandar Vukovic\" \/>\n<meta name=\"twitter:card\" content=\"summary_large_image\" \/>\n<meta name=\"twitter:creator\" content=\"@evropska_kuca\" \/>\n<meta name=\"twitter:site\" content=\"@evropska_kuca\" \/>\n<meta name=\"twitter:label1\" content=\"Written by\" \/>\n\t<meta name=\"twitter:data1\" content=\"Aleksandar Vukovic\" \/>\n\t<meta name=\"twitter:label2\" content=\"Est. reading time\" \/>\n\t<meta name=\"twitter:data2\" content=\"2 minutes\" \/>\n<script type=\"application\/ld+json\" class=\"yoast-schema-graph\">{\"@context\":\"https:\\\/\\\/schema.org\",\"@graph\":[{\"@type\":\"Article\",\"@id\":\"https:\\\/\\\/www.evropskakuca.me\\\/me\\\/ek-odobrila-crnoj-gori-isplatu-prve-redovne-transe\\\/#article\",\"isPartOf\":{\"@id\":\"https:\\\/\\\/www.evropskakuca.me\\\/me\\\/ek-odobrila-crnoj-gori-isplatu-prve-redovne-transe\\\/\"},\"author\":{\"name\":\"Aleksandar Vukovic\",\"@id\":\"https:\\\/\\\/www.evropskakuca.me\\\/me\\\/#\\\/schema\\\/person\\\/7e16527119c7b67f457996b970f2bd6e\"},\"headline\":\"EK odobrila Crnoj Gori isplatu prve redovne tran\u0161e\",\"datePublished\":\"2025-08-28T11:40:47+00:00\",\"dateModified\":\"2025-08-28T11:40:49+00:00\",\"mainEntityOfPage\":{\"@id\":\"https:\\\/\\\/www.evropskakuca.me\\\/me\\\/ek-odobrila-crnoj-gori-isplatu-prve-redovne-transe\\\/\"},\"wordCount\":326,\"publisher\":{\"@id\":\"https:\\\/\\\/www.evropskakuca.me\\\/me\\\/#organization\"},\"image\":{\"@id\":\"https:\\\/\\\/www.evropskakuca.me\\\/me\\\/ek-odobrila-crnoj-gori-isplatu-prve-redovne-transe\\\/#primaryimage\"},\"thumbnailUrl\":\"https:\\\/\\\/www.evropskakuca.me\\\/wp-content\\\/uploads\\\/2025\\\/08\\\/plan-rasta-vizual-889x500-1.jpeg\",\"articleSection\":[\"Novosti\"],\"inLanguage\":\"me-ME\"},{\"@type\":\"WebPage\",\"@id\":\"https:\\\/\\\/www.evropskakuca.me\\\/me\\\/ek-odobrila-crnoj-gori-isplatu-prve-redovne-transe\\\/\",\"url\":\"https:\\\/\\\/www.evropskakuca.me\\\/me\\\/ek-odobrila-crnoj-gori-isplatu-prve-redovne-transe\\\/\",\"name\":\"EK odobrila Crnoj Gori isplatu prve redovne tran\u0161e - Europe House\",\"isPartOf\":{\"@id\":\"https:\\\/\\\/www.evropskakuca.me\\\/me\\\/#website\"},\"primaryImageOfPage\":{\"@id\":\"https:\\\/\\\/www.evropskakuca.me\\\/me\\\/ek-odobrila-crnoj-gori-isplatu-prve-redovne-transe\\\/#primaryimage\"},\"image\":{\"@id\":\"https:\\\/\\\/www.evropskakuca.me\\\/me\\\/ek-odobrila-crnoj-gori-isplatu-prve-redovne-transe\\\/#primaryimage\"},\"thumbnailUrl\":\"https:\\\/\\\/www.evropskakuca.me\\\/wp-content\\\/uploads\\\/2025\\\/08\\\/plan-rasta-vizual-889x500-1.jpeg\",\"datePublished\":\"2025-08-28T11:40:47+00:00\",\"dateModified\":\"2025-08-28T11:40:49+00:00\",\"breadcrumb\":{\"@id\":\"https:\\\/\\\/www.evropskakuca.me\\\/me\\\/ek-odobrila-crnoj-gori-isplatu-prve-redovne-transe\\\/#breadcrumb\"},\"inLanguage\":\"me-ME\",\"potentialAction\":[{\"@type\":\"ReadAction\",\"target\":[\"https:\\\/\\\/www.evropskakuca.me\\\/me\\\/ek-odobrila-crnoj-gori-isplatu-prve-redovne-transe\\\/\"]}]},{\"@type\":\"ImageObject\",\"inLanguage\":\"me-ME\",\"@id\":\"https:\\\/\\\/www.evropskakuca.me\\\/me\\\/ek-odobrila-crnoj-gori-isplatu-prve-redovne-transe\\\/#primaryimage\",\"url\":\"https:\\\/\\\/www.evropskakuca.me\\\/wp-content\\\/uploads\\\/2025\\\/08\\\/plan-rasta-vizual-889x500-1.jpeg\",\"contentUrl\":\"https:\\\/\\\/www.evropskakuca.me\\\/wp-content\\\/uploads\\\/2025\\\/08\\\/plan-rasta-vizual-889x500-1.jpeg\",\"width\":889,\"height\":500},{\"@type\":\"BreadcrumbList\",\"@id\":\"https:\\\/\\\/www.evropskakuca.me\\\/me\\\/ek-odobrila-crnoj-gori-isplatu-prve-redovne-transe\\\/#breadcrumb\",\"itemListElement\":[{\"@type\":\"ListItem\",\"position\":1,\"name\":\"Home\",\"item\":\"https:\\\/\\\/www.evropskakuca.me\\\/me\\\/\"},{\"@type\":\"ListItem\",\"position\":2,\"name\":\"EK odobrila Crnoj Gori isplatu prve redovne tran\u0161e\"}]},{\"@type\":\"WebSite\",\"@id\":\"https:\\\/\\\/www.evropskakuca.me\\\/me\\\/#website\",\"url\":\"https:\\\/\\\/www.evropskakuca.me\\\/me\\\/\",\"name\":\"Evropean house\",\"description\":\"\",\"publisher\":{\"@id\":\"https:\\\/\\\/www.evropskakuca.me\\\/me\\\/#organization\"},\"potentialAction\":[{\"@type\":\"SearchAction\",\"target\":{\"@type\":\"EntryPoint\",\"urlTemplate\":\"https:\\\/\\\/www.evropskakuca.me\\\/me\\\/?s={search_term_string}\"},\"query-input\":{\"@type\":\"PropertyValueSpecification\",\"valueRequired\":true,\"valueName\":\"search_term_string\"}}],\"inLanguage\":\"me-ME\"},{\"@type\":\"Organization\",\"@id\":\"https:\\\/\\\/www.evropskakuca.me\\\/me\\\/#organization\",\"name\":\"Evropean house\",\"url\":\"https:\\\/\\\/www.evropskakuca.me\\\/me\\\/\",\"logo\":{\"@type\":\"ImageObject\",\"inLanguage\":\"me-ME\",\"@id\":\"https:\\\/\\\/www.evropskakuca.me\\\/me\\\/#\\\/schema\\\/logo\\\/image\\\/\",\"url\":\"https:\\\/\\\/www.evropskakuca.me\\\/wp-content\\\/uploads\\\/2025\\\/01\\\/evropska-kuca-logo-1.png\",\"contentUrl\":\"https:\\\/\\\/www.evropskakuca.me\\\/wp-content\\\/uploads\\\/2025\\\/01\\\/evropska-kuca-logo-1.png\",\"width\":425,\"height\":312,\"caption\":\"Evropean house\"},\"image\":{\"@id\":\"https:\\\/\\\/www.evropskakuca.me\\\/me\\\/#\\\/schema\\\/logo\\\/image\\\/\"},\"sameAs\":[\"https:\\\/\\\/www.facebook.com\\\/evropska.kuca\",\"https:\\\/\\\/x.com\\\/evropska_kuca\",\"https:\\\/\\\/www.instagram.com\\\/evropska_kuca\"]},{\"@type\":\"Person\",\"@id\":\"https:\\\/\\\/www.evropskakuca.me\\\/me\\\/#\\\/schema\\\/person\\\/7e16527119c7b67f457996b970f2bd6e\",\"name\":\"Aleksandar Vukovic\",\"image\":{\"@type\":\"ImageObject\",\"inLanguage\":\"me-ME\",\"@id\":\"https:\\\/\\\/secure.gravatar.com\\\/avatar\\\/a1834e0104b0242a886079bde835ba36d80c70f9987a11f3ba33eb9e8d74cc15?s=96&d=mm&r=g\",\"url\":\"https:\\\/\\\/secure.gravatar.com\\\/avatar\\\/a1834e0104b0242a886079bde835ba36d80c70f9987a11f3ba33eb9e8d74cc15?s=96&d=mm&r=g\",\"contentUrl\":\"https:\\\/\\\/secure.gravatar.com\\\/avatar\\\/a1834e0104b0242a886079bde835ba36d80c70f9987a11f3ba33eb9e8d74cc15?s=96&d=mm&r=g\",\"caption\":\"Aleksandar Vukovic\"},\"url\":\"https:\\\/\\\/www.evropskakuca.me\\\/me\\\/author\\\/aleksandar\\\/\"}]}<\/script>\n<!-- \/ Yoast SEO plugin. -->","yoast_head_json":{"title":"EK odobrila Crnoj Gori isplatu prve redovne tran\u0161e - Europe House","robots":{"index":"index","follow":"follow","max-snippet":"max-snippet:-1","max-image-preview":"max-image-preview:large","max-video-preview":"max-video-preview:-1"},"canonical":"https:\/\/www.evropskakuca.me\/me\/ek-odobrila-crnoj-gori-isplatu-prve-redovne-transe\/","og_locale":"en_US","og_type":"article","og_title":"EK odobrila Crnoj Gori isplatu prve redovne tran\u0161e - Europe House","og_description":"Evropska komisija je zvani\u010dno odobrila isplatu prve tran\u0161e sredstava Crnoj Gori u okviru Instrumenta EU za reforme i rast, \u010dime je nastavljen pozitivan trend u sprovo\u0111enju Plana rasta za Zapadni Balkan i potvr\u0111ena posve\u0107enost evropskoj perspektivi Crne Gore. Na osnovu dostavljenog izvje\u0161taja o sprovo\u0111enju Reformske agende i ocjene Evropske komisije, odobrena je isplata prve redovne [&hellip;]","og_url":"https:\/\/www.evropskakuca.me\/me\/ek-odobrila-crnoj-gori-isplatu-prve-redovne-transe\/","og_site_name":"Europe House","article_publisher":"https:\/\/www.facebook.com\/evropska.kuca","article_published_time":"2025-08-28T11:40:47+00:00","article_modified_time":"2025-08-28T11:40:49+00:00","og_image":[{"width":889,"height":500,"url":"https:\/\/www.evropskakuca.me\/wp-content\/uploads\/2025\/08\/plan-rasta-vizual-889x500-1.jpeg","type":"image\/jpeg"}],"author":"Aleksandar Vukovic","twitter_card":"summary_large_image","twitter_creator":"@evropska_kuca","twitter_site":"@evropska_kuca","twitter_misc":{"Written by":"Aleksandar Vukovic","Est. reading time":"2 minutes"},"schema":{"@context":"https:\/\/schema.org","@graph":[{"@type":"Article","@id":"https:\/\/www.evropskakuca.me\/me\/ek-odobrila-crnoj-gori-isplatu-prve-redovne-transe\/#article","isPartOf":{"@id":"https:\/\/www.evropskakuca.me\/me\/ek-odobrila-crnoj-gori-isplatu-prve-redovne-transe\/"},"author":{"name":"Aleksandar Vukovic","@id":"https:\/\/www.evropskakuca.me\/me\/#\/schema\/person\/7e16527119c7b67f457996b970f2bd6e"},"headline":"EK odobrila Crnoj Gori isplatu prve redovne tran\u0161e","datePublished":"2025-08-28T11:40:47+00:00","dateModified":"2025-08-28T11:40:49+00:00","mainEntityOfPage":{"@id":"https:\/\/www.evropskakuca.me\/me\/ek-odobrila-crnoj-gori-isplatu-prve-redovne-transe\/"},"wordCount":326,"publisher":{"@id":"https:\/\/www.evropskakuca.me\/me\/#organization"},"image":{"@id":"https:\/\/www.evropskakuca.me\/me\/ek-odobrila-crnoj-gori-isplatu-prve-redovne-transe\/#primaryimage"},"thumbnailUrl":"https:\/\/www.evropskakuca.me\/wp-content\/uploads\/2025\/08\/plan-rasta-vizual-889x500-1.jpeg","articleSection":["Novosti"],"inLanguage":"me-ME"},{"@type":"WebPage","@id":"https:\/\/www.evropskakuca.me\/me\/ek-odobrila-crnoj-gori-isplatu-prve-redovne-transe\/","url":"https:\/\/www.evropskakuca.me\/me\/ek-odobrila-crnoj-gori-isplatu-prve-redovne-transe\/","name":"EK odobrila Crnoj Gori isplatu prve redovne tran\u0161e - Europe House","isPartOf":{"@id":"https:\/\/www.evropskakuca.me\/me\/#website"},"primaryImageOfPage":{"@id":"https:\/\/www.evropskakuca.me\/me\/ek-odobrila-crnoj-gori-isplatu-prve-redovne-transe\/#primaryimage"},"image":{"@id":"https:\/\/www.evropskakuca.me\/me\/ek-odobrila-crnoj-gori-isplatu-prve-redovne-transe\/#primaryimage"},"thumbnailUrl":"https:\/\/www.evropskakuca.me\/wp-content\/uploads\/2025\/08\/plan-rasta-vizual-889x500-1.jpeg","datePublished":"2025-08-28T11:40:47+00:00","dateModified":"2025-08-28T11:40:49+00:00","breadcrumb":{"@id":"https:\/\/www.evropskakuca.me\/me\/ek-odobrila-crnoj-gori-isplatu-prve-redovne-transe\/#breadcrumb"},"inLanguage":"me-ME","potentialAction":[{"@type":"ReadAction","target":["https:\/\/www.evropskakuca.me\/me\/ek-odobrila-crnoj-gori-isplatu-prve-redovne-transe\/"]}]},{"@type":"ImageObject","inLanguage":"me-ME","@id":"https:\/\/www.evropskakuca.me\/me\/ek-odobrila-crnoj-gori-isplatu-prve-redovne-transe\/#primaryimage","url":"https:\/\/www.evropskakuca.me\/wp-content\/uploads\/2025\/08\/plan-rasta-vizual-889x500-1.jpeg","contentUrl":"https:\/\/www.evropskakuca.me\/wp-content\/uploads\/2025\/08\/plan-rasta-vizual-889x500-1.jpeg","width":889,"height":500},{"@type":"BreadcrumbList","@id":"https:\/\/www.evropskakuca.me\/me\/ek-odobrila-crnoj-gori-isplatu-prve-redovne-transe\/#breadcrumb","itemListElement":[{"@type":"ListItem","position":1,"name":"Home","item":"https:\/\/www.evropskakuca.me\/me\/"},{"@type":"ListItem","position":2,"name":"EK odobrila Crnoj Gori isplatu prve redovne tran\u0161e"}]},{"@type":"WebSite","@id":"https:\/\/www.evropskakuca.me\/me\/#website","url":"https:\/\/www.evropskakuca.me\/me\/","name":"Evropean house","description":"","publisher":{"@id":"https:\/\/www.evropskakuca.me\/me\/#organization"},"potentialAction":[{"@type":"SearchAction","target":{"@type":"EntryPoint","urlTemplate":"https:\/\/www.evropskakuca.me\/me\/?s={search_term_string}"},"query-input":{"@type":"PropertyValueSpecification","valueRequired":true,"valueName":"search_term_string"}}],"inLanguage":"me-ME"},{"@type":"Organization","@id":"https:\/\/www.evropskakuca.me\/me\/#organization","name":"Evropean house","url":"https:\/\/www.evropskakuca.me\/me\/","logo":{"@type":"ImageObject","inLanguage":"me-ME","@id":"https:\/\/www.evropskakuca.me\/me\/#\/schema\/logo\/image\/","url":"https:\/\/www.evropskakuca.me\/wp-content\/uploads\/2025\/01\/evropska-kuca-logo-1.png","contentUrl":"https:\/\/www.evropskakuca.me\/wp-content\/uploads\/2025\/01\/evropska-kuca-logo-1.png","width":425,"height":312,"caption":"Evropean house"},"image":{"@id":"https:\/\/www.evropskakuca.me\/me\/#\/schema\/logo\/image\/"},"sameAs":["https:\/\/www.facebook.com\/evropska.kuca","https:\/\/x.com\/evropska_kuca","https:\/\/www.instagram.com\/evropska_kuca"]},{"@type":"Person","@id":"https:\/\/www.evropskakuca.me\/me\/#\/schema\/person\/7e16527119c7b67f457996b970f2bd6e","name":"Aleksandar Vukovic","image":{"@type":"ImageObject","inLanguage":"me-ME","@id":"https:\/\/secure.gravatar.com\/avatar\/a1834e0104b0242a886079bde835ba36d80c70f9987a11f3ba33eb9e8d74cc15?s=96&d=mm&r=g","url":"https:\/\/secure.gravatar.com\/avatar\/a1834e0104b0242a886079bde835ba36d80c70f9987a11f3ba33eb9e8d74cc15?s=96&d=mm&r=g","contentUrl":"https:\/\/secure.gravatar.com\/avatar\/a1834e0104b0242a886079bde835ba36d80c70f9987a11f3ba33eb9e8d74cc15?s=96&d=mm&r=g","caption":"Aleksandar Vukovic"},"url":"https:\/\/www.evropskakuca.me\/me\/author\/aleksandar\/"}]}},"_links":{"self":[{"href":"https:\/\/www.evropskakuca.me\/me\/wp-json\/wp\/v2\/posts\/45505","targetHints":{"allow":["GET"]}}],"collection":[{"href":"https:\/\/www.evropskakuca.me\/me\/wp-json\/wp\/v2\/posts"}],"about":[{"href":"https:\/\/www.evropskakuca.me\/me\/wp-json\/wp\/v2\/types\/post"}],"author":[{"embeddable":true,"href":"https:\/\/www.evropskakuca.me\/me\/wp-json\/wp\/v2\/users\/3"}],"replies":[{"embeddable":true,"href":"https:\/\/www.evropskakuca.me\/me\/wp-json\/wp\/v2\/comments?post=45505"}],"version-history":[{"count":1,"href":"https:\/\/www.evropskakuca.me\/me\/wp-json\/wp\/v2\/posts\/45505\/revisions"}],"predecessor-version":[{"id":45506,"href":"https:\/\/www.evropskakuca.me\/me\/wp-json\/wp\/v2\/posts\/45505\/revisions\/45506"}],"wp:featuredmedia":[{"embeddable":true,"href":"https:\/\/www.evropskakuca.me\/me\/wp-json\/wp\/v2\/media\/45501"}],"wp:attachment":[{"href":"https:\/\/www.evropskakuca.me\/me\/wp-json\/wp\/v2\/media?parent=45505"}],"wp:term":[{"taxonomy":"category","embeddable":true,"href":"https:\/\/www.evropskakuca.me\/me\/wp-json\/wp\/v2\/categories?post=45505"},{"taxonomy":"post_tag","embeddable":true,"href":"https:\/\/www.evropskakuca.me\/me\/wp-json\/wp\/v2\/tags?post=45505"}],"curies":[{"name":"wp","href":"https:\/\/api.w.org\/{rel}","templated":true}]}}