{"id":45457,"date":"2025-07-28T12:17:05","date_gmt":"2025-07-28T12:17:05","guid":{"rendered":"https:\/\/www.evropskakuca.me\/?p=45457"},"modified":"2025-07-28T12:53:36","modified_gmt":"2025-07-28T12:53:36","slug":"finale-takmicenja-super-zvjezdice-2025-probudi-svoju-supermoc","status":"publish","type":"post","link":"https:\/\/www.evropskakuca.me\/me\/finale-takmicenja-super-zvjezdice-2025-probudi-svoju-supermoc\/","title":{"rendered":"Finale takmi\u010denja Super Zvjezdice 2025 &#8211; Probudi svoju supermo\u0107!"},"content":{"rendered":"\n<p class=\"has-text-align-center\"><strong><em>Finale takmi\u010denja Super Zvjezdice 2025 okupilo mlade talente i promovisalo evropske vrijednosti u Baru<\/em><\/strong>.<\/p>\n\n\n\n<p>U sve\u010danoj i inspirativnoj atmosferi, u <strong>Evropskoj ku\u0107i u Baru<\/strong> odr\u017eano je finale kreativnog konkursa <strong><em>Super Zvjezdice 2025 \u2013 Probudi svoju supermo\u0107!<\/em><\/strong> Doga\u0111aj je okupio tridesetak najtalentovanijih djevoj\u010dica i dje\u010daka iz Bara i okoline uzrasta od 5 do 15 godina.<\/p>\n\n\n\n<figure class=\"wp-block-image size-large\"><img fetchpriority=\"high\" decoding=\"async\" width=\"1024\" height=\"682\" src=\"https:\/\/www.evropskakuca.me\/wp-content\/uploads\/2025\/07\/Photo-3-4-1024x682.jpeg\" alt=\"\" class=\"wp-image-45458\" srcset=\"https:\/\/www.evropskakuca.me\/wp-content\/uploads\/2025\/07\/Photo-3-4-1024x682.jpeg 1024w, https:\/\/www.evropskakuca.me\/wp-content\/uploads\/2025\/07\/Photo-3-4-300x200.jpeg 300w, https:\/\/www.evropskakuca.me\/wp-content\/uploads\/2025\/07\/Photo-3-4-768x512.jpeg 768w, https:\/\/www.evropskakuca.me\/wp-content\/uploads\/2025\/07\/Photo-3-4.jpeg 1280w\" sizes=\"(max-width: 1024px) 100vw, 1024px\" \/><\/figure>\n\n\n\n<p>Takmi\u010denje, osmi\u0161ljeno u okviru strip-kampanje <strong>Super Zvjezdana<\/strong> koju finansira <strong>Delegacija Evropske unije u Crnoj Gori<\/strong>, imalo je za cilj da podstakne djecu da vjeruju u sebe, izraze svoje talente i predstave pozitivne vrijednosti poput solidarnosti, znanja, empatije i kreativnosti \u2013 svojih pravih \u201esupermo\u0107i&#8221;.<\/p>\n\n\n\n<p>Finalisti su pred brojnom publikom i tro\u010dlanim \u017eirijem, koji su \u010dinili glumica <strong>Sanja Popovi\u0107<\/strong>, TEDx govornica <strong>Ivana Sre\u0107kovi\u0107<\/strong> i strip ilustrator <strong>Ilija Nik\u010devi\u0107<\/strong>, pokazali izuzetnu raznolikost talenata \u2013 od muzike i glume do plesa i ma\u0111ioni\u010darskih trikova.<\/p>\n\n\n\n<figure class=\"wp-block-gallery has-nested-images columns-default is-cropped wp-block-gallery-1 is-layout-flex wp-block-gallery-is-layout-flex\">\n<figure class=\"wp-block-image size-large\"><img decoding=\"async\" width=\"1024\" height=\"699\" data-id=\"45464\" src=\"https:\/\/www.evropskakuca.me\/wp-content\/uploads\/2025\/07\/Photo-2-5-1024x699.jpeg\" alt=\"\" class=\"wp-image-45464\" srcset=\"https:\/\/www.evropskakuca.me\/wp-content\/uploads\/2025\/07\/Photo-2-5-1024x699.jpeg 1024w, https:\/\/www.evropskakuca.me\/wp-content\/uploads\/2025\/07\/Photo-2-5-300x205.jpeg 300w, https:\/\/www.evropskakuca.me\/wp-content\/uploads\/2025\/07\/Photo-2-5-768x524.jpeg 768w, https:\/\/www.evropskakuca.me\/wp-content\/uploads\/2025\/07\/Photo-2-5.jpeg 1280w\" sizes=\"(max-width: 1024px) 100vw, 1024px\" \/><\/figure>\n\n\n\n<figure class=\"wp-block-image size-large\"><img decoding=\"async\" width=\"1024\" height=\"682\" data-id=\"45462\" src=\"https:\/\/www.evropskakuca.me\/wp-content\/uploads\/2025\/07\/Photo-1-5-1024x682.jpeg\" alt=\"\" class=\"wp-image-45462\" srcset=\"https:\/\/www.evropskakuca.me\/wp-content\/uploads\/2025\/07\/Photo-1-5-1024x682.jpeg 1024w, https:\/\/www.evropskakuca.me\/wp-content\/uploads\/2025\/07\/Photo-1-5-300x200.jpeg 300w, https:\/\/www.evropskakuca.me\/wp-content\/uploads\/2025\/07\/Photo-1-5-768x512.jpeg 768w, https:\/\/www.evropskakuca.me\/wp-content\/uploads\/2025\/07\/Photo-1-5.jpeg 1280w\" sizes=\"(max-width: 1024px) 100vw, 1024px\" \/><\/figure>\n<\/figure>\n\n\n\n<p>Nakon pa\u017eljivog ocjenjivanja, progla\u0161ene su tri pobjedni\u010dke Super Zvjezdice: Prvo mjesto osvojile su sestre <strong>Petra i Martina Vujisi\u0107<\/strong> originalnim ske\u010dom i recitacijom o va\u017enosti vjerovanja u sebe, drugo mjesto pripalo je bendu &#8211; Hana, Jovana, Sara i Natalija, koje su izvele autorsku pjesmu, dok je tre\u0107e mjesto osvojila <strong>Anja Babi\u0107<\/strong>, koja je publiku odu\u0161evila emotivnom izvedbom na flauti.<br>Pobjednice su nagra\u0111ene poklon vau\u010derima u iznosima od <strong>200, 150 i 100 eura<\/strong>, dok su svi finalisti dobili diplome, poklone iznena\u0111enja i <strong>titulu Super Zvjezdice 2025<\/strong>, \u010dime su postali promoteri Evropske ku\u0107e Bar i \u010dlanovi mre\u017ee Super Zvjezdica.<\/p>\n\n\n\n<figure class=\"wp-block-image size-large\"><img loading=\"lazy\" decoding=\"async\" width=\"1024\" height=\"682\" src=\"https:\/\/www.evropskakuca.me\/wp-content\/uploads\/2025\/07\/Photo-4-3-1024x682.jpeg\" alt=\"\" class=\"wp-image-45460\" srcset=\"https:\/\/www.evropskakuca.me\/wp-content\/uploads\/2025\/07\/Photo-4-3-1024x682.jpeg 1024w, https:\/\/www.evropskakuca.me\/wp-content\/uploads\/2025\/07\/Photo-4-3-300x200.jpeg 300w, https:\/\/www.evropskakuca.me\/wp-content\/uploads\/2025\/07\/Photo-4-3-768x512.jpeg 768w, https:\/\/www.evropskakuca.me\/wp-content\/uploads\/2025\/07\/Photo-4-3.jpeg 1280w\" sizes=\"(max-width: 1024px) 100vw, 1024px\" \/><\/figure>\n\n\n\n<p>Nagrade su uru\u010dili predstavnici Delegacije Evropske unije u Crnoj Gori <strong>Paolo Londero<\/strong> i <strong>Melita Podhovnik<\/strong> koji su istakli va\u017enost ovakvih inicijativa za podsticanje dje\u010dije kreativnosti i preno\u0161enje evropskih vrijednosti mladim generacijama.<br>Super Zvjezdana je strip-kampanja koju je osmislila Delegacija Evropske unije u Crnoj Gori kroz projekat Evropska ku\u0107a, u saradnji sa ambasadama dr\u017eava \u010dlanica EU. Kroz lik junakinje iz budu\u0107nosti koja dolazi iz svijeta ravnopravnosti, odr\u017eivosti i pravednosti, kampanja ima za cilj da najmla\u0111ima pribli\u017ei evropske vrijednosti na zabavan i edukativan na\u010din.<\/p>\n","protected":false},"excerpt":{"rendered":"<p>Finale takmi\u010denja Super Zvjezdice 2025 okupilo mlade talente i promovisalo evropske vrijednosti u Baru. U sve\u010danoj i inspirativnoj atmosferi, u Evropskoj ku\u0107i u Baru odr\u017eano je finale kreativnog konkursa Super Zvjezdice 2025 \u2013 Probudi svoju supermo\u0107! Doga\u0111aj je okupio tridesetak najtalentovanijih djevoj\u010dica i dje\u010daka iz Bara i okoline uzrasta od 5 do 15 godina. Takmi\u010denje, [&hellip;]<\/p>\n","protected":false},"author":3,"featured_media":45460,"comment_status":"closed","ping_status":"closed","sticky":false,"template":"","format":"standard","meta":{"_acf_changed":false,"footnotes":""},"categories":[283,524],"tags":[],"class_list":["post-45457","post","type-post","status-publish","format-standard","has-post-thumbnail","hentry","category-novosti-me","category-vesti"],"acf":[],"yoast_head":"<!-- This site is optimized with the Yoast SEO plugin v27.3 - https:\/\/yoast.com\/product\/yoast-seo-wordpress\/ -->\n<title>Finale takmi\u010denja Super Zvjezdice 2025 - Probudi svoju supermo\u0107! - Europe House<\/title>\n<meta name=\"robots\" content=\"index, follow, max-snippet:-1, max-image-preview:large, max-video-preview:-1\" \/>\n<link rel=\"canonical\" href=\"https:\/\/www.evropskakuca.me\/me\/finale-takmicenja-super-zvjezdice-2025-probudi-svoju-supermoc\/\" \/>\n<meta property=\"og:locale\" content=\"en_US\" \/>\n<meta property=\"og:type\" content=\"article\" \/>\n<meta property=\"og:title\" content=\"Finale takmi\u010denja Super Zvjezdice 2025 - Probudi svoju supermo\u0107! - Europe House\" \/>\n<meta property=\"og:description\" content=\"Finale takmi\u010denja Super Zvjezdice 2025 okupilo mlade talente i promovisalo evropske vrijednosti u Baru. U sve\u010danoj i inspirativnoj atmosferi, u Evropskoj ku\u0107i u Baru odr\u017eano je finale kreativnog konkursa Super Zvjezdice 2025 \u2013 Probudi svoju supermo\u0107! Doga\u0111aj je okupio tridesetak najtalentovanijih djevoj\u010dica i dje\u010daka iz Bara i okoline uzrasta od 5 do 15 godina. Takmi\u010denje, [&hellip;]\" \/>\n<meta property=\"og:url\" content=\"https:\/\/www.evropskakuca.me\/me\/finale-takmicenja-super-zvjezdice-2025-probudi-svoju-supermoc\/\" \/>\n<meta property=\"og:site_name\" content=\"Europe House\" \/>\n<meta property=\"article:publisher\" content=\"https:\/\/www.facebook.com\/evropska.kuca\" \/>\n<meta property=\"article:published_time\" content=\"2025-07-28T12:17:05+00:00\" \/>\n<meta property=\"article:modified_time\" content=\"2025-07-28T12:53:36+00:00\" \/>\n<meta property=\"og:image\" content=\"https:\/\/www.evropskakuca.me\/wp-content\/uploads\/2025\/07\/Photo-4-3.jpeg\" \/>\n\t<meta property=\"og:image:width\" content=\"1280\" \/>\n\t<meta property=\"og:image:height\" content=\"853\" \/>\n\t<meta property=\"og:image:type\" content=\"image\/jpeg\" \/>\n<meta name=\"author\" content=\"Aleksandar Vukovic\" \/>\n<meta name=\"twitter:card\" content=\"summary_large_image\" \/>\n<meta name=\"twitter:creator\" content=\"@evropska_kuca\" \/>\n<meta name=\"twitter:site\" content=\"@evropska_kuca\" \/>\n<meta name=\"twitter:label1\" content=\"Written by\" \/>\n\t<meta name=\"twitter:data1\" content=\"Aleksandar Vukovic\" \/>\n\t<meta name=\"twitter:label2\" content=\"Est. reading time\" \/>\n\t<meta name=\"twitter:data2\" content=\"3 minutes\" \/>\n<script type=\"application\/ld+json\" class=\"yoast-schema-graph\">{\"@context\":\"https:\\\/\\\/schema.org\",\"@graph\":[{\"@type\":\"Article\",\"@id\":\"https:\\\/\\\/www.evropskakuca.me\\\/me\\\/finale-takmicenja-super-zvjezdice-2025-probudi-svoju-supermoc\\\/#article\",\"isPartOf\":{\"@id\":\"https:\\\/\\\/www.evropskakuca.me\\\/me\\\/finale-takmicenja-super-zvjezdice-2025-probudi-svoju-supermoc\\\/\"},\"author\":{\"name\":\"Aleksandar Vukovic\",\"@id\":\"https:\\\/\\\/www.evropskakuca.me\\\/me\\\/#\\\/schema\\\/person\\\/7e16527119c7b67f457996b970f2bd6e\"},\"headline\":\"Finale takmi\u010denja Super Zvjezdice 2025 &#8211; Probudi svoju supermo\u0107!\",\"datePublished\":\"2025-07-28T12:17:05+00:00\",\"dateModified\":\"2025-07-28T12:53:36+00:00\",\"mainEntityOfPage\":{\"@id\":\"https:\\\/\\\/www.evropskakuca.me\\\/me\\\/finale-takmicenja-super-zvjezdice-2025-probudi-svoju-supermoc\\\/\"},\"wordCount\":348,\"publisher\":{\"@id\":\"https:\\\/\\\/www.evropskakuca.me\\\/me\\\/#organization\"},\"image\":{\"@id\":\"https:\\\/\\\/www.evropskakuca.me\\\/me\\\/finale-takmicenja-super-zvjezdice-2025-probudi-svoju-supermoc\\\/#primaryimage\"},\"thumbnailUrl\":\"https:\\\/\\\/www.evropskakuca.me\\\/wp-content\\\/uploads\\\/2025\\\/07\\\/Photo-4-3.jpeg\",\"articleSection\":[\"Novosti\",\"Vesti\"],\"inLanguage\":\"me-ME\"},{\"@type\":\"WebPage\",\"@id\":\"https:\\\/\\\/www.evropskakuca.me\\\/me\\\/finale-takmicenja-super-zvjezdice-2025-probudi-svoju-supermoc\\\/\",\"url\":\"https:\\\/\\\/www.evropskakuca.me\\\/me\\\/finale-takmicenja-super-zvjezdice-2025-probudi-svoju-supermoc\\\/\",\"name\":\"Finale takmi\u010denja Super Zvjezdice 2025 - Probudi svoju supermo\u0107! - Europe House\",\"isPartOf\":{\"@id\":\"https:\\\/\\\/www.evropskakuca.me\\\/me\\\/#website\"},\"primaryImageOfPage\":{\"@id\":\"https:\\\/\\\/www.evropskakuca.me\\\/me\\\/finale-takmicenja-super-zvjezdice-2025-probudi-svoju-supermoc\\\/#primaryimage\"},\"image\":{\"@id\":\"https:\\\/\\\/www.evropskakuca.me\\\/me\\\/finale-takmicenja-super-zvjezdice-2025-probudi-svoju-supermoc\\\/#primaryimage\"},\"thumbnailUrl\":\"https:\\\/\\\/www.evropskakuca.me\\\/wp-content\\\/uploads\\\/2025\\\/07\\\/Photo-4-3.jpeg\",\"datePublished\":\"2025-07-28T12:17:05+00:00\",\"dateModified\":\"2025-07-28T12:53:36+00:00\",\"breadcrumb\":{\"@id\":\"https:\\\/\\\/www.evropskakuca.me\\\/me\\\/finale-takmicenja-super-zvjezdice-2025-probudi-svoju-supermoc\\\/#breadcrumb\"},\"inLanguage\":\"me-ME\",\"potentialAction\":[{\"@type\":\"ReadAction\",\"target\":[\"https:\\\/\\\/www.evropskakuca.me\\\/me\\\/finale-takmicenja-super-zvjezdice-2025-probudi-svoju-supermoc\\\/\"]}]},{\"@type\":\"ImageObject\",\"inLanguage\":\"me-ME\",\"@id\":\"https:\\\/\\\/www.evropskakuca.me\\\/me\\\/finale-takmicenja-super-zvjezdice-2025-probudi-svoju-supermoc\\\/#primaryimage\",\"url\":\"https:\\\/\\\/www.evropskakuca.me\\\/wp-content\\\/uploads\\\/2025\\\/07\\\/Photo-4-3.jpeg\",\"contentUrl\":\"https:\\\/\\\/www.evropskakuca.me\\\/wp-content\\\/uploads\\\/2025\\\/07\\\/Photo-4-3.jpeg\",\"width\":1280,\"height\":853},{\"@type\":\"BreadcrumbList\",\"@id\":\"https:\\\/\\\/www.evropskakuca.me\\\/me\\\/finale-takmicenja-super-zvjezdice-2025-probudi-svoju-supermoc\\\/#breadcrumb\",\"itemListElement\":[{\"@type\":\"ListItem\",\"position\":1,\"name\":\"Home\",\"item\":\"https:\\\/\\\/www.evropskakuca.me\\\/me\\\/\"},{\"@type\":\"ListItem\",\"position\":2,\"name\":\"Finale takmi\u010denja Super Zvjezdice 2025 &#8211; Probudi svoju supermo\u0107!\"}]},{\"@type\":\"WebSite\",\"@id\":\"https:\\\/\\\/www.evropskakuca.me\\\/me\\\/#website\",\"url\":\"https:\\\/\\\/www.evropskakuca.me\\\/me\\\/\",\"name\":\"Evropean house\",\"description\":\"\",\"publisher\":{\"@id\":\"https:\\\/\\\/www.evropskakuca.me\\\/me\\\/#organization\"},\"potentialAction\":[{\"@type\":\"SearchAction\",\"target\":{\"@type\":\"EntryPoint\",\"urlTemplate\":\"https:\\\/\\\/www.evropskakuca.me\\\/me\\\/?s={search_term_string}\"},\"query-input\":{\"@type\":\"PropertyValueSpecification\",\"valueRequired\":true,\"valueName\":\"search_term_string\"}}],\"inLanguage\":\"me-ME\"},{\"@type\":\"Organization\",\"@id\":\"https:\\\/\\\/www.evropskakuca.me\\\/me\\\/#organization\",\"name\":\"Evropean house\",\"url\":\"https:\\\/\\\/www.evropskakuca.me\\\/me\\\/\",\"logo\":{\"@type\":\"ImageObject\",\"inLanguage\":\"me-ME\",\"@id\":\"https:\\\/\\\/www.evropskakuca.me\\\/me\\\/#\\\/schema\\\/logo\\\/image\\\/\",\"url\":\"https:\\\/\\\/www.evropskakuca.me\\\/wp-content\\\/uploads\\\/2025\\\/01\\\/evropska-kuca-logo-1.png\",\"contentUrl\":\"https:\\\/\\\/www.evropskakuca.me\\\/wp-content\\\/uploads\\\/2025\\\/01\\\/evropska-kuca-logo-1.png\",\"width\":425,\"height\":312,\"caption\":\"Evropean house\"},\"image\":{\"@id\":\"https:\\\/\\\/www.evropskakuca.me\\\/me\\\/#\\\/schema\\\/logo\\\/image\\\/\"},\"sameAs\":[\"https:\\\/\\\/www.facebook.com\\\/evropska.kuca\",\"https:\\\/\\\/x.com\\\/evropska_kuca\",\"https:\\\/\\\/www.instagram.com\\\/evropska_kuca\"]},{\"@type\":\"Person\",\"@id\":\"https:\\\/\\\/www.evropskakuca.me\\\/me\\\/#\\\/schema\\\/person\\\/7e16527119c7b67f457996b970f2bd6e\",\"name\":\"Aleksandar Vukovic\",\"image\":{\"@type\":\"ImageObject\",\"inLanguage\":\"me-ME\",\"@id\":\"https:\\\/\\\/secure.gravatar.com\\\/avatar\\\/a1834e0104b0242a886079bde835ba36d80c70f9987a11f3ba33eb9e8d74cc15?s=96&d=mm&r=g\",\"url\":\"https:\\\/\\\/secure.gravatar.com\\\/avatar\\\/a1834e0104b0242a886079bde835ba36d80c70f9987a11f3ba33eb9e8d74cc15?s=96&d=mm&r=g\",\"contentUrl\":\"https:\\\/\\\/secure.gravatar.com\\\/avatar\\\/a1834e0104b0242a886079bde835ba36d80c70f9987a11f3ba33eb9e8d74cc15?s=96&d=mm&r=g\",\"caption\":\"Aleksandar Vukovic\"},\"url\":\"https:\\\/\\\/www.evropskakuca.me\\\/me\\\/author\\\/aleksandar\\\/\"}]}<\/script>\n<!-- \/ Yoast SEO plugin. -->","yoast_head_json":{"title":"Finale takmi\u010denja Super Zvjezdice 2025 - Probudi svoju supermo\u0107! - Europe House","robots":{"index":"index","follow":"follow","max-snippet":"max-snippet:-1","max-image-preview":"max-image-preview:large","max-video-preview":"max-video-preview:-1"},"canonical":"https:\/\/www.evropskakuca.me\/me\/finale-takmicenja-super-zvjezdice-2025-probudi-svoju-supermoc\/","og_locale":"en_US","og_type":"article","og_title":"Finale takmi\u010denja Super Zvjezdice 2025 - Probudi svoju supermo\u0107! - Europe House","og_description":"Finale takmi\u010denja Super Zvjezdice 2025 okupilo mlade talente i promovisalo evropske vrijednosti u Baru. U sve\u010danoj i inspirativnoj atmosferi, u Evropskoj ku\u0107i u Baru odr\u017eano je finale kreativnog konkursa Super Zvjezdice 2025 \u2013 Probudi svoju supermo\u0107! Doga\u0111aj je okupio tridesetak najtalentovanijih djevoj\u010dica i dje\u010daka iz Bara i okoline uzrasta od 5 do 15 godina. Takmi\u010denje, [&hellip;]","og_url":"https:\/\/www.evropskakuca.me\/me\/finale-takmicenja-super-zvjezdice-2025-probudi-svoju-supermoc\/","og_site_name":"Europe House","article_publisher":"https:\/\/www.facebook.com\/evropska.kuca","article_published_time":"2025-07-28T12:17:05+00:00","article_modified_time":"2025-07-28T12:53:36+00:00","og_image":[{"width":1280,"height":853,"url":"https:\/\/www.evropskakuca.me\/wp-content\/uploads\/2025\/07\/Photo-4-3.jpeg","type":"image\/jpeg"}],"author":"Aleksandar Vukovic","twitter_card":"summary_large_image","twitter_creator":"@evropska_kuca","twitter_site":"@evropska_kuca","twitter_misc":{"Written by":"Aleksandar Vukovic","Est. reading time":"3 minutes"},"schema":{"@context":"https:\/\/schema.org","@graph":[{"@type":"Article","@id":"https:\/\/www.evropskakuca.me\/me\/finale-takmicenja-super-zvjezdice-2025-probudi-svoju-supermoc\/#article","isPartOf":{"@id":"https:\/\/www.evropskakuca.me\/me\/finale-takmicenja-super-zvjezdice-2025-probudi-svoju-supermoc\/"},"author":{"name":"Aleksandar Vukovic","@id":"https:\/\/www.evropskakuca.me\/me\/#\/schema\/person\/7e16527119c7b67f457996b970f2bd6e"},"headline":"Finale takmi\u010denja Super Zvjezdice 2025 &#8211; Probudi svoju supermo\u0107!","datePublished":"2025-07-28T12:17:05+00:00","dateModified":"2025-07-28T12:53:36+00:00","mainEntityOfPage":{"@id":"https:\/\/www.evropskakuca.me\/me\/finale-takmicenja-super-zvjezdice-2025-probudi-svoju-supermoc\/"},"wordCount":348,"publisher":{"@id":"https:\/\/www.evropskakuca.me\/me\/#organization"},"image":{"@id":"https:\/\/www.evropskakuca.me\/me\/finale-takmicenja-super-zvjezdice-2025-probudi-svoju-supermoc\/#primaryimage"},"thumbnailUrl":"https:\/\/www.evropskakuca.me\/wp-content\/uploads\/2025\/07\/Photo-4-3.jpeg","articleSection":["Novosti","Vesti"],"inLanguage":"me-ME"},{"@type":"WebPage","@id":"https:\/\/www.evropskakuca.me\/me\/finale-takmicenja-super-zvjezdice-2025-probudi-svoju-supermoc\/","url":"https:\/\/www.evropskakuca.me\/me\/finale-takmicenja-super-zvjezdice-2025-probudi-svoju-supermoc\/","name":"Finale takmi\u010denja Super Zvjezdice 2025 - Probudi svoju supermo\u0107! - Europe House","isPartOf":{"@id":"https:\/\/www.evropskakuca.me\/me\/#website"},"primaryImageOfPage":{"@id":"https:\/\/www.evropskakuca.me\/me\/finale-takmicenja-super-zvjezdice-2025-probudi-svoju-supermoc\/#primaryimage"},"image":{"@id":"https:\/\/www.evropskakuca.me\/me\/finale-takmicenja-super-zvjezdice-2025-probudi-svoju-supermoc\/#primaryimage"},"thumbnailUrl":"https:\/\/www.evropskakuca.me\/wp-content\/uploads\/2025\/07\/Photo-4-3.jpeg","datePublished":"2025-07-28T12:17:05+00:00","dateModified":"2025-07-28T12:53:36+00:00","breadcrumb":{"@id":"https:\/\/www.evropskakuca.me\/me\/finale-takmicenja-super-zvjezdice-2025-probudi-svoju-supermoc\/#breadcrumb"},"inLanguage":"me-ME","potentialAction":[{"@type":"ReadAction","target":["https:\/\/www.evropskakuca.me\/me\/finale-takmicenja-super-zvjezdice-2025-probudi-svoju-supermoc\/"]}]},{"@type":"ImageObject","inLanguage":"me-ME","@id":"https:\/\/www.evropskakuca.me\/me\/finale-takmicenja-super-zvjezdice-2025-probudi-svoju-supermoc\/#primaryimage","url":"https:\/\/www.evropskakuca.me\/wp-content\/uploads\/2025\/07\/Photo-4-3.jpeg","contentUrl":"https:\/\/www.evropskakuca.me\/wp-content\/uploads\/2025\/07\/Photo-4-3.jpeg","width":1280,"height":853},{"@type":"BreadcrumbList","@id":"https:\/\/www.evropskakuca.me\/me\/finale-takmicenja-super-zvjezdice-2025-probudi-svoju-supermoc\/#breadcrumb","itemListElement":[{"@type":"ListItem","position":1,"name":"Home","item":"https:\/\/www.evropskakuca.me\/me\/"},{"@type":"ListItem","position":2,"name":"Finale takmi\u010denja Super Zvjezdice 2025 &#8211; Probudi svoju supermo\u0107!"}]},{"@type":"WebSite","@id":"https:\/\/www.evropskakuca.me\/me\/#website","url":"https:\/\/www.evropskakuca.me\/me\/","name":"Evropean house","description":"","publisher":{"@id":"https:\/\/www.evropskakuca.me\/me\/#organization"},"potentialAction":[{"@type":"SearchAction","target":{"@type":"EntryPoint","urlTemplate":"https:\/\/www.evropskakuca.me\/me\/?s={search_term_string}"},"query-input":{"@type":"PropertyValueSpecification","valueRequired":true,"valueName":"search_term_string"}}],"inLanguage":"me-ME"},{"@type":"Organization","@id":"https:\/\/www.evropskakuca.me\/me\/#organization","name":"Evropean house","url":"https:\/\/www.evropskakuca.me\/me\/","logo":{"@type":"ImageObject","inLanguage":"me-ME","@id":"https:\/\/www.evropskakuca.me\/me\/#\/schema\/logo\/image\/","url":"https:\/\/www.evropskakuca.me\/wp-content\/uploads\/2025\/01\/evropska-kuca-logo-1.png","contentUrl":"https:\/\/www.evropskakuca.me\/wp-content\/uploads\/2025\/01\/evropska-kuca-logo-1.png","width":425,"height":312,"caption":"Evropean house"},"image":{"@id":"https:\/\/www.evropskakuca.me\/me\/#\/schema\/logo\/image\/"},"sameAs":["https:\/\/www.facebook.com\/evropska.kuca","https:\/\/x.com\/evropska_kuca","https:\/\/www.instagram.com\/evropska_kuca"]},{"@type":"Person","@id":"https:\/\/www.evropskakuca.me\/me\/#\/schema\/person\/7e16527119c7b67f457996b970f2bd6e","name":"Aleksandar Vukovic","image":{"@type":"ImageObject","inLanguage":"me-ME","@id":"https:\/\/secure.gravatar.com\/avatar\/a1834e0104b0242a886079bde835ba36d80c70f9987a11f3ba33eb9e8d74cc15?s=96&d=mm&r=g","url":"https:\/\/secure.gravatar.com\/avatar\/a1834e0104b0242a886079bde835ba36d80c70f9987a11f3ba33eb9e8d74cc15?s=96&d=mm&r=g","contentUrl":"https:\/\/secure.gravatar.com\/avatar\/a1834e0104b0242a886079bde835ba36d80c70f9987a11f3ba33eb9e8d74cc15?s=96&d=mm&r=g","caption":"Aleksandar Vukovic"},"url":"https:\/\/www.evropskakuca.me\/me\/author\/aleksandar\/"}]}},"_links":{"self":[{"href":"https:\/\/www.evropskakuca.me\/me\/wp-json\/wp\/v2\/posts\/45457","targetHints":{"allow":["GET"]}}],"collection":[{"href":"https:\/\/www.evropskakuca.me\/me\/wp-json\/wp\/v2\/posts"}],"about":[{"href":"https:\/\/www.evropskakuca.me\/me\/wp-json\/wp\/v2\/types\/post"}],"author":[{"embeddable":true,"href":"https:\/\/www.evropskakuca.me\/me\/wp-json\/wp\/v2\/users\/3"}],"replies":[{"embeddable":true,"href":"https:\/\/www.evropskakuca.me\/me\/wp-json\/wp\/v2\/comments?post=45457"}],"version-history":[{"count":3,"href":"https:\/\/www.evropskakuca.me\/me\/wp-json\/wp\/v2\/posts\/45457\/revisions"}],"predecessor-version":[{"id":45472,"href":"https:\/\/www.evropskakuca.me\/me\/wp-json\/wp\/v2\/posts\/45457\/revisions\/45472"}],"wp:featuredmedia":[{"embeddable":true,"href":"https:\/\/www.evropskakuca.me\/me\/wp-json\/wp\/v2\/media\/45460"}],"wp:attachment":[{"href":"https:\/\/www.evropskakuca.me\/me\/wp-json\/wp\/v2\/media?parent=45457"}],"wp:term":[{"taxonomy":"category","embeddable":true,"href":"https:\/\/www.evropskakuca.me\/me\/wp-json\/wp\/v2\/categories?post=45457"},{"taxonomy":"post_tag","embeddable":true,"href":"https:\/\/www.evropskakuca.me\/me\/wp-json\/wp\/v2\/tags?post=45457"}],"curies":[{"name":"wp","href":"https:\/\/api.w.org\/{rel}","templated":true}]}}