{"id":45454,"date":"2025-07-25T09:32:13","date_gmt":"2025-07-25T09:32:13","guid":{"rendered":"https:\/\/www.evropskakuca.me\/smart-growth-green-future-accelerating-investment-in-montenegro\/"},"modified":"2025-10-07T09:25:51","modified_gmt":"2025-10-07T09:25:51","slug":"smart-growth-green-future-accelerating-investment-in-montenegro","status":"publish","type":"post","link":"https:\/\/www.evropskakuca.me\/me\/smart-growth-green-future-accelerating-investment-in-montenegro\/","title":{"rendered":"Pametan rast, zelena budu\u0107nost: Kako ubrzati ulaganja u Crnoj Gori"},"content":{"rendered":"\n<p><strong><strong>POZIV ZA ISKAZIVANJE INTERESOVANJA \u2013 HIGH-LEVEL KONFERENCIJA NA TEMU ULAGANJA<\/strong><\/strong><\/p>\n\n\n\n<p>Po\u0161tovane koleginice i kolege, po\u0161tovani partneri,<\/p>\n\n\n\n<p>Pozivamo vas da nam se pridru\u017eite na high-level konferenciji o ulaganjima. Cilj ove konferencije <strong>je ubrzanje zelenih i &nbsp;odr\u017eivih investicija, kao i investicija s dodatom vrijedno\u0161\u0107u<\/strong> u Crnoj Gori. Poseban fokus bi\u0107e <strong>na obnovljivim izvorima energije, odr\u017eivoj poljoprivredi, turizmu, saobra\u0107aju i informacionim tehnologijama<\/strong>.<\/p>\n\n\n\n<p>Ovaj doga\u0111aj, koji se organizuje u \u0161irem kontekstu <strong>pristupanja Crne Gore Evropskoj uniji<\/strong>, ima za cilj ja\u010danje uloge Crne Gore kao regionalnog centra za zelena i digitalna ulaganja na Zapadnom Balkanu.<\/p>\n\n\n\n<figure class=\"wp-block-image size-large\"><img fetchpriority=\"high\" decoding=\"async\" width=\"1024\" height=\"683\" src=\"https:\/\/www.evropskakuca.me\/wp-content\/uploads\/2024\/03\/FRO_5227-1024x683.jpg\" alt=\"\" class=\"wp-image-42967\" srcset=\"https:\/\/www.evropskakuca.me\/wp-content\/uploads\/2024\/03\/FRO_5227-1024x683.jpg 1024w, https:\/\/www.evropskakuca.me\/wp-content\/uploads\/2024\/03\/FRO_5227-300x200.jpg 300w, https:\/\/www.evropskakuca.me\/wp-content\/uploads\/2024\/03\/FRO_5227-768x512.jpg 768w, https:\/\/www.evropskakuca.me\/wp-content\/uploads\/2024\/03\/FRO_5227-1536x1024.jpg 1536w, https:\/\/www.evropskakuca.me\/wp-content\/uploads\/2024\/03\/FRO_5227-2048x1365.jpg 2048w\" sizes=\"(max-width: 1024px) 100vw, 1024px\" \/><\/figure>\n\n\n\n<p>Konferenciji \u0107e prisustvovati <strong>Milojko Spaji\u0107<\/strong>, predsjednik Vlade Crne Gore, visoki predstavnici <strong>Evropske komisije<\/strong>, te lideri <strong>me\u0111unarodnih organizacija<\/strong> i kompanija iz cijele Evrope. Zajedno \u0107emo razmatrati <strong>strate\u0161ke mogu\u0107nosti za ulaganja<\/strong> u Crnoj Gori, unaprijediti <strong>regulatorne reforme<\/strong> i uspostaviti <strong>zna\u010dajna partnerstva<\/strong>. Poseban akcenat bi\u0107e stavljen na ulaganja koja su uskla\u0111ena sa Evropskim zelenim planom, ciljevima odr\u017eivog razvoja i integracijom Crne Gore u jedinstveno tr\u017ei\u0161te Evropske unije.<\/p>\n\n\n\n<p>Za dodatna pitanja u vezi sa konferencijom mo\u017eete pisati na: <strong>contact@aimconference2025.org<\/strong><\/p>\n\n\n\n<p>Radujemo se va\u0161em anga\u017emanu u oblikovanju <strong>inkluzivne, inovativne i ekonomski spremne budu\u0107nosti<\/strong> za Crnu Goru i Zapadni Balkan.<\/p>\n","protected":false},"excerpt":{"rendered":"<p>POZIV ZA ISKAZIVANJE INTERESOVANJA \u2013 HIGH-LEVEL KONFERENCIJA NA TEMU ULAGANJA Po\u0161tovane koleginice i kolege, po\u0161tovani partneri, Pozivamo vas da nam se pridru\u017eite na high-level konferenciji o ulaganjima. Cilj ove konferencije je ubrzanje zelenih i &nbsp;odr\u017eivih investicija, kao i investicija s dodatom vrijedno\u0161\u0107u u Crnoj Gori. Poseban fokus bi\u0107e na obnovljivim izvorima energije, odr\u017eivoj poljoprivredi, turizmu, [&hellip;]<\/p>\n","protected":false},"author":3,"featured_media":42968,"comment_status":"closed","ping_status":"closed","sticky":false,"template":"","format":"standard","meta":{"_acf_changed":false,"footnotes":""},"categories":[283,524],"tags":[],"class_list":["post-45454","post","type-post","status-publish","format-standard","has-post-thumbnail","hentry","category-novosti-me","category-vesti"],"acf":[],"yoast_head":"<!-- This site is optimized with the Yoast SEO plugin v27.3 - https:\/\/yoast.com\/product\/yoast-seo-wordpress\/ -->\n<title>Pametan rast, zelena budu\u0107nost: Kako ubrzati ulaganja u Crnoj Gori - Europe House<\/title>\n<meta name=\"robots\" content=\"index, follow, max-snippet:-1, max-image-preview:large, max-video-preview:-1\" \/>\n<link rel=\"canonical\" href=\"https:\/\/www.evropskakuca.me\/me\/smart-growth-green-future-accelerating-investment-in-montenegro\/\" \/>\n<meta property=\"og:locale\" content=\"en_US\" \/>\n<meta property=\"og:type\" content=\"article\" \/>\n<meta property=\"og:title\" content=\"Pametan rast, zelena budu\u0107nost: Kako ubrzati ulaganja u Crnoj Gori - Europe House\" \/>\n<meta property=\"og:description\" content=\"POZIV ZA ISKAZIVANJE INTERESOVANJA \u2013 HIGH-LEVEL KONFERENCIJA NA TEMU ULAGANJA Po\u0161tovane koleginice i kolege, po\u0161tovani partneri, Pozivamo vas da nam se pridru\u017eite na high-level konferenciji o ulaganjima. Cilj ove konferencije je ubrzanje zelenih i &nbsp;odr\u017eivih investicija, kao i investicija s dodatom vrijedno\u0161\u0107u u Crnoj Gori. Poseban fokus bi\u0107e na obnovljivim izvorima energije, odr\u017eivoj poljoprivredi, turizmu, [&hellip;]\" \/>\n<meta property=\"og:url\" content=\"https:\/\/www.evropskakuca.me\/me\/smart-growth-green-future-accelerating-investment-in-montenegro\/\" \/>\n<meta property=\"og:site_name\" content=\"Europe House\" \/>\n<meta property=\"article:publisher\" content=\"https:\/\/www.facebook.com\/evropska.kuca\" \/>\n<meta property=\"article:published_time\" content=\"2025-07-25T09:32:13+00:00\" \/>\n<meta property=\"article:modified_time\" content=\"2025-10-07T09:25:51+00:00\" \/>\n<meta property=\"og:image\" content=\"https:\/\/www.evropskakuca.me\/wp-content\/uploads\/2024\/03\/FRO_5227-scaled.jpg\" \/>\n\t<meta property=\"og:image:width\" content=\"2560\" \/>\n\t<meta property=\"og:image:height\" content=\"1707\" \/>\n\t<meta property=\"og:image:type\" content=\"image\/jpeg\" \/>\n<meta name=\"author\" content=\"Aleksandar Vukovic\" \/>\n<meta name=\"twitter:card\" content=\"summary_large_image\" \/>\n<meta name=\"twitter:creator\" content=\"@evropska_kuca\" \/>\n<meta name=\"twitter:site\" content=\"@evropska_kuca\" \/>\n<meta name=\"twitter:label1\" content=\"Written by\" \/>\n\t<meta name=\"twitter:data1\" content=\"Aleksandar Vukovic\" \/>\n\t<meta name=\"twitter:label2\" content=\"Est. reading time\" \/>\n\t<meta name=\"twitter:data2\" content=\"2 minutes\" \/>\n<script type=\"application\/ld+json\" class=\"yoast-schema-graph\">{\"@context\":\"https:\\\/\\\/schema.org\",\"@graph\":[{\"@type\":\"Article\",\"@id\":\"https:\\\/\\\/www.evropskakuca.me\\\/me\\\/smart-growth-green-future-accelerating-investment-in-montenegro\\\/#article\",\"isPartOf\":{\"@id\":\"https:\\\/\\\/www.evropskakuca.me\\\/me\\\/smart-growth-green-future-accelerating-investment-in-montenegro\\\/\"},\"author\":{\"name\":\"Aleksandar Vukovic\",\"@id\":\"https:\\\/\\\/www.evropskakuca.me\\\/me\\\/#\\\/schema\\\/person\\\/7e16527119c7b67f457996b970f2bd6e\"},\"headline\":\"Pametan rast, zelena budu\u0107nost: Kako ubrzati ulaganja u Crnoj Gori\",\"datePublished\":\"2025-07-25T09:32:13+00:00\",\"dateModified\":\"2025-10-07T09:25:51+00:00\",\"mainEntityOfPage\":{\"@id\":\"https:\\\/\\\/www.evropskakuca.me\\\/me\\\/smart-growth-green-future-accelerating-investment-in-montenegro\\\/\"},\"wordCount\":219,\"publisher\":{\"@id\":\"https:\\\/\\\/www.evropskakuca.me\\\/me\\\/#organization\"},\"image\":{\"@id\":\"https:\\\/\\\/www.evropskakuca.me\\\/me\\\/smart-growth-green-future-accelerating-investment-in-montenegro\\\/#primaryimage\"},\"thumbnailUrl\":\"https:\\\/\\\/www.evropskakuca.me\\\/wp-content\\\/uploads\\\/2024\\\/03\\\/FRO_5227-scaled.jpg\",\"articleSection\":[\"Novosti\",\"Vesti\"],\"inLanguage\":\"me-ME\"},{\"@type\":\"WebPage\",\"@id\":\"https:\\\/\\\/www.evropskakuca.me\\\/me\\\/smart-growth-green-future-accelerating-investment-in-montenegro\\\/\",\"url\":\"https:\\\/\\\/www.evropskakuca.me\\\/me\\\/smart-growth-green-future-accelerating-investment-in-montenegro\\\/\",\"name\":\"Pametan rast, zelena budu\u0107nost: Kako ubrzati ulaganja u Crnoj Gori - Europe House\",\"isPartOf\":{\"@id\":\"https:\\\/\\\/www.evropskakuca.me\\\/me\\\/#website\"},\"primaryImageOfPage\":{\"@id\":\"https:\\\/\\\/www.evropskakuca.me\\\/me\\\/smart-growth-green-future-accelerating-investment-in-montenegro\\\/#primaryimage\"},\"image\":{\"@id\":\"https:\\\/\\\/www.evropskakuca.me\\\/me\\\/smart-growth-green-future-accelerating-investment-in-montenegro\\\/#primaryimage\"},\"thumbnailUrl\":\"https:\\\/\\\/www.evropskakuca.me\\\/wp-content\\\/uploads\\\/2024\\\/03\\\/FRO_5227-scaled.jpg\",\"datePublished\":\"2025-07-25T09:32:13+00:00\",\"dateModified\":\"2025-10-07T09:25:51+00:00\",\"breadcrumb\":{\"@id\":\"https:\\\/\\\/www.evropskakuca.me\\\/me\\\/smart-growth-green-future-accelerating-investment-in-montenegro\\\/#breadcrumb\"},\"inLanguage\":\"me-ME\",\"potentialAction\":[{\"@type\":\"ReadAction\",\"target\":[\"https:\\\/\\\/www.evropskakuca.me\\\/me\\\/smart-growth-green-future-accelerating-investment-in-montenegro\\\/\"]}]},{\"@type\":\"ImageObject\",\"inLanguage\":\"me-ME\",\"@id\":\"https:\\\/\\\/www.evropskakuca.me\\\/me\\\/smart-growth-green-future-accelerating-investment-in-montenegro\\\/#primaryimage\",\"url\":\"https:\\\/\\\/www.evropskakuca.me\\\/wp-content\\\/uploads\\\/2024\\\/03\\\/FRO_5227-scaled.jpg\",\"contentUrl\":\"https:\\\/\\\/www.evropskakuca.me\\\/wp-content\\\/uploads\\\/2024\\\/03\\\/FRO_5227-scaled.jpg\",\"width\":2560,\"height\":1707},{\"@type\":\"BreadcrumbList\",\"@id\":\"https:\\\/\\\/www.evropskakuca.me\\\/me\\\/smart-growth-green-future-accelerating-investment-in-montenegro\\\/#breadcrumb\",\"itemListElement\":[{\"@type\":\"ListItem\",\"position\":1,\"name\":\"Home\",\"item\":\"https:\\\/\\\/www.evropskakuca.me\\\/me\\\/\"},{\"@type\":\"ListItem\",\"position\":2,\"name\":\"Pametan rast, zelena budu\u0107nost: Kako ubrzati ulaganja u Crnoj Gori\"}]},{\"@type\":\"WebSite\",\"@id\":\"https:\\\/\\\/www.evropskakuca.me\\\/me\\\/#website\",\"url\":\"https:\\\/\\\/www.evropskakuca.me\\\/me\\\/\",\"name\":\"Evropean house\",\"description\":\"\",\"publisher\":{\"@id\":\"https:\\\/\\\/www.evropskakuca.me\\\/me\\\/#organization\"},\"potentialAction\":[{\"@type\":\"SearchAction\",\"target\":{\"@type\":\"EntryPoint\",\"urlTemplate\":\"https:\\\/\\\/www.evropskakuca.me\\\/me\\\/?s={search_term_string}\"},\"query-input\":{\"@type\":\"PropertyValueSpecification\",\"valueRequired\":true,\"valueName\":\"search_term_string\"}}],\"inLanguage\":\"me-ME\"},{\"@type\":\"Organization\",\"@id\":\"https:\\\/\\\/www.evropskakuca.me\\\/me\\\/#organization\",\"name\":\"Evropean house\",\"url\":\"https:\\\/\\\/www.evropskakuca.me\\\/me\\\/\",\"logo\":{\"@type\":\"ImageObject\",\"inLanguage\":\"me-ME\",\"@id\":\"https:\\\/\\\/www.evropskakuca.me\\\/me\\\/#\\\/schema\\\/logo\\\/image\\\/\",\"url\":\"https:\\\/\\\/www.evropskakuca.me\\\/wp-content\\\/uploads\\\/2025\\\/01\\\/evropska-kuca-logo-1.png\",\"contentUrl\":\"https:\\\/\\\/www.evropskakuca.me\\\/wp-content\\\/uploads\\\/2025\\\/01\\\/evropska-kuca-logo-1.png\",\"width\":425,\"height\":312,\"caption\":\"Evropean house\"},\"image\":{\"@id\":\"https:\\\/\\\/www.evropskakuca.me\\\/me\\\/#\\\/schema\\\/logo\\\/image\\\/\"},\"sameAs\":[\"https:\\\/\\\/www.facebook.com\\\/evropska.kuca\",\"https:\\\/\\\/x.com\\\/evropska_kuca\",\"https:\\\/\\\/www.instagram.com\\\/evropska_kuca\"]},{\"@type\":\"Person\",\"@id\":\"https:\\\/\\\/www.evropskakuca.me\\\/me\\\/#\\\/schema\\\/person\\\/7e16527119c7b67f457996b970f2bd6e\",\"name\":\"Aleksandar Vukovic\",\"image\":{\"@type\":\"ImageObject\",\"inLanguage\":\"me-ME\",\"@id\":\"https:\\\/\\\/secure.gravatar.com\\\/avatar\\\/a1834e0104b0242a886079bde835ba36d80c70f9987a11f3ba33eb9e8d74cc15?s=96&d=mm&r=g\",\"url\":\"https:\\\/\\\/secure.gravatar.com\\\/avatar\\\/a1834e0104b0242a886079bde835ba36d80c70f9987a11f3ba33eb9e8d74cc15?s=96&d=mm&r=g\",\"contentUrl\":\"https:\\\/\\\/secure.gravatar.com\\\/avatar\\\/a1834e0104b0242a886079bde835ba36d80c70f9987a11f3ba33eb9e8d74cc15?s=96&d=mm&r=g\",\"caption\":\"Aleksandar Vukovic\"},\"url\":\"https:\\\/\\\/www.evropskakuca.me\\\/me\\\/author\\\/aleksandar\\\/\"}]}<\/script>\n<!-- \/ Yoast SEO plugin. -->","yoast_head_json":{"title":"Pametan rast, zelena budu\u0107nost: Kako ubrzati ulaganja u Crnoj Gori - Europe House","robots":{"index":"index","follow":"follow","max-snippet":"max-snippet:-1","max-image-preview":"max-image-preview:large","max-video-preview":"max-video-preview:-1"},"canonical":"https:\/\/www.evropskakuca.me\/me\/smart-growth-green-future-accelerating-investment-in-montenegro\/","og_locale":"en_US","og_type":"article","og_title":"Pametan rast, zelena budu\u0107nost: Kako ubrzati ulaganja u Crnoj Gori - Europe House","og_description":"POZIV ZA ISKAZIVANJE INTERESOVANJA \u2013 HIGH-LEVEL KONFERENCIJA NA TEMU ULAGANJA Po\u0161tovane koleginice i kolege, po\u0161tovani partneri, Pozivamo vas da nam se pridru\u017eite na high-level konferenciji o ulaganjima. Cilj ove konferencije je ubrzanje zelenih i &nbsp;odr\u017eivih investicija, kao i investicija s dodatom vrijedno\u0161\u0107u u Crnoj Gori. Poseban fokus bi\u0107e na obnovljivim izvorima energije, odr\u017eivoj poljoprivredi, turizmu, [&hellip;]","og_url":"https:\/\/www.evropskakuca.me\/me\/smart-growth-green-future-accelerating-investment-in-montenegro\/","og_site_name":"Europe House","article_publisher":"https:\/\/www.facebook.com\/evropska.kuca","article_published_time":"2025-07-25T09:32:13+00:00","article_modified_time":"2025-10-07T09:25:51+00:00","og_image":[{"width":2560,"height":1707,"url":"https:\/\/www.evropskakuca.me\/wp-content\/uploads\/2024\/03\/FRO_5227-scaled.jpg","type":"image\/jpeg"}],"author":"Aleksandar Vukovic","twitter_card":"summary_large_image","twitter_creator":"@evropska_kuca","twitter_site":"@evropska_kuca","twitter_misc":{"Written by":"Aleksandar Vukovic","Est. reading time":"2 minutes"},"schema":{"@context":"https:\/\/schema.org","@graph":[{"@type":"Article","@id":"https:\/\/www.evropskakuca.me\/me\/smart-growth-green-future-accelerating-investment-in-montenegro\/#article","isPartOf":{"@id":"https:\/\/www.evropskakuca.me\/me\/smart-growth-green-future-accelerating-investment-in-montenegro\/"},"author":{"name":"Aleksandar Vukovic","@id":"https:\/\/www.evropskakuca.me\/me\/#\/schema\/person\/7e16527119c7b67f457996b970f2bd6e"},"headline":"Pametan rast, zelena budu\u0107nost: Kako ubrzati ulaganja u Crnoj Gori","datePublished":"2025-07-25T09:32:13+00:00","dateModified":"2025-10-07T09:25:51+00:00","mainEntityOfPage":{"@id":"https:\/\/www.evropskakuca.me\/me\/smart-growth-green-future-accelerating-investment-in-montenegro\/"},"wordCount":219,"publisher":{"@id":"https:\/\/www.evropskakuca.me\/me\/#organization"},"image":{"@id":"https:\/\/www.evropskakuca.me\/me\/smart-growth-green-future-accelerating-investment-in-montenegro\/#primaryimage"},"thumbnailUrl":"https:\/\/www.evropskakuca.me\/wp-content\/uploads\/2024\/03\/FRO_5227-scaled.jpg","articleSection":["Novosti","Vesti"],"inLanguage":"me-ME"},{"@type":"WebPage","@id":"https:\/\/www.evropskakuca.me\/me\/smart-growth-green-future-accelerating-investment-in-montenegro\/","url":"https:\/\/www.evropskakuca.me\/me\/smart-growth-green-future-accelerating-investment-in-montenegro\/","name":"Pametan rast, zelena budu\u0107nost: Kako ubrzati ulaganja u Crnoj Gori - Europe House","isPartOf":{"@id":"https:\/\/www.evropskakuca.me\/me\/#website"},"primaryImageOfPage":{"@id":"https:\/\/www.evropskakuca.me\/me\/smart-growth-green-future-accelerating-investment-in-montenegro\/#primaryimage"},"image":{"@id":"https:\/\/www.evropskakuca.me\/me\/smart-growth-green-future-accelerating-investment-in-montenegro\/#primaryimage"},"thumbnailUrl":"https:\/\/www.evropskakuca.me\/wp-content\/uploads\/2024\/03\/FRO_5227-scaled.jpg","datePublished":"2025-07-25T09:32:13+00:00","dateModified":"2025-10-07T09:25:51+00:00","breadcrumb":{"@id":"https:\/\/www.evropskakuca.me\/me\/smart-growth-green-future-accelerating-investment-in-montenegro\/#breadcrumb"},"inLanguage":"me-ME","potentialAction":[{"@type":"ReadAction","target":["https:\/\/www.evropskakuca.me\/me\/smart-growth-green-future-accelerating-investment-in-montenegro\/"]}]},{"@type":"ImageObject","inLanguage":"me-ME","@id":"https:\/\/www.evropskakuca.me\/me\/smart-growth-green-future-accelerating-investment-in-montenegro\/#primaryimage","url":"https:\/\/www.evropskakuca.me\/wp-content\/uploads\/2024\/03\/FRO_5227-scaled.jpg","contentUrl":"https:\/\/www.evropskakuca.me\/wp-content\/uploads\/2024\/03\/FRO_5227-scaled.jpg","width":2560,"height":1707},{"@type":"BreadcrumbList","@id":"https:\/\/www.evropskakuca.me\/me\/smart-growth-green-future-accelerating-investment-in-montenegro\/#breadcrumb","itemListElement":[{"@type":"ListItem","position":1,"name":"Home","item":"https:\/\/www.evropskakuca.me\/me\/"},{"@type":"ListItem","position":2,"name":"Pametan rast, zelena budu\u0107nost: Kako ubrzati ulaganja u Crnoj Gori"}]},{"@type":"WebSite","@id":"https:\/\/www.evropskakuca.me\/me\/#website","url":"https:\/\/www.evropskakuca.me\/me\/","name":"Evropean house","description":"","publisher":{"@id":"https:\/\/www.evropskakuca.me\/me\/#organization"},"potentialAction":[{"@type":"SearchAction","target":{"@type":"EntryPoint","urlTemplate":"https:\/\/www.evropskakuca.me\/me\/?s={search_term_string}"},"query-input":{"@type":"PropertyValueSpecification","valueRequired":true,"valueName":"search_term_string"}}],"inLanguage":"me-ME"},{"@type":"Organization","@id":"https:\/\/www.evropskakuca.me\/me\/#organization","name":"Evropean house","url":"https:\/\/www.evropskakuca.me\/me\/","logo":{"@type":"ImageObject","inLanguage":"me-ME","@id":"https:\/\/www.evropskakuca.me\/me\/#\/schema\/logo\/image\/","url":"https:\/\/www.evropskakuca.me\/wp-content\/uploads\/2025\/01\/evropska-kuca-logo-1.png","contentUrl":"https:\/\/www.evropskakuca.me\/wp-content\/uploads\/2025\/01\/evropska-kuca-logo-1.png","width":425,"height":312,"caption":"Evropean house"},"image":{"@id":"https:\/\/www.evropskakuca.me\/me\/#\/schema\/logo\/image\/"},"sameAs":["https:\/\/www.facebook.com\/evropska.kuca","https:\/\/x.com\/evropska_kuca","https:\/\/www.instagram.com\/evropska_kuca"]},{"@type":"Person","@id":"https:\/\/www.evropskakuca.me\/me\/#\/schema\/person\/7e16527119c7b67f457996b970f2bd6e","name":"Aleksandar Vukovic","image":{"@type":"ImageObject","inLanguage":"me-ME","@id":"https:\/\/secure.gravatar.com\/avatar\/a1834e0104b0242a886079bde835ba36d80c70f9987a11f3ba33eb9e8d74cc15?s=96&d=mm&r=g","url":"https:\/\/secure.gravatar.com\/avatar\/a1834e0104b0242a886079bde835ba36d80c70f9987a11f3ba33eb9e8d74cc15?s=96&d=mm&r=g","contentUrl":"https:\/\/secure.gravatar.com\/avatar\/a1834e0104b0242a886079bde835ba36d80c70f9987a11f3ba33eb9e8d74cc15?s=96&d=mm&r=g","caption":"Aleksandar Vukovic"},"url":"https:\/\/www.evropskakuca.me\/me\/author\/aleksandar\/"}]}},"_links":{"self":[{"href":"https:\/\/www.evropskakuca.me\/me\/wp-json\/wp\/v2\/posts\/45454","targetHints":{"allow":["GET"]}}],"collection":[{"href":"https:\/\/www.evropskakuca.me\/me\/wp-json\/wp\/v2\/posts"}],"about":[{"href":"https:\/\/www.evropskakuca.me\/me\/wp-json\/wp\/v2\/types\/post"}],"author":[{"embeddable":true,"href":"https:\/\/www.evropskakuca.me\/me\/wp-json\/wp\/v2\/users\/3"}],"replies":[{"embeddable":true,"href":"https:\/\/www.evropskakuca.me\/me\/wp-json\/wp\/v2\/comments?post=45454"}],"version-history":[{"count":2,"href":"https:\/\/www.evropskakuca.me\/me\/wp-json\/wp\/v2\/posts\/45454\/revisions"}],"predecessor-version":[{"id":45933,"href":"https:\/\/www.evropskakuca.me\/me\/wp-json\/wp\/v2\/posts\/45454\/revisions\/45933"}],"wp:featuredmedia":[{"embeddable":true,"href":"https:\/\/www.evropskakuca.me\/me\/wp-json\/wp\/v2\/media\/42968"}],"wp:attachment":[{"href":"https:\/\/www.evropskakuca.me\/me\/wp-json\/wp\/v2\/media?parent=45454"}],"wp:term":[{"taxonomy":"category","embeddable":true,"href":"https:\/\/www.evropskakuca.me\/me\/wp-json\/wp\/v2\/categories?post=45454"},{"taxonomy":"post_tag","embeddable":true,"href":"https:\/\/www.evropskakuca.me\/me\/wp-json\/wp\/v2\/tags?post=45454"}],"curies":[{"name":"wp","href":"https:\/\/api.w.org\/{rel}","templated":true}]}}