{"id":45403,"date":"2025-07-18T13:24:33","date_gmt":"2025-07-18T13:24:33","guid":{"rendered":"https:\/\/www.evropskakuca.me\/zastita-zivotne-sredine-jedan-od-najvecih-izazova-ali-i-prilika-za-crnu-goru\/"},"modified":"2025-07-18T13:27:25","modified_gmt":"2025-07-18T13:27:25","slug":"zastita-zivotne-sredine-jedan-od-najvecih-izazova-ali-i-prilika-za-crnu-goru","status":"publish","type":"post","link":"https:\/\/www.evropskakuca.me\/me\/zastita-zivotne-sredine-jedan-od-najvecih-izazova-ali-i-prilika-za-crnu-goru\/","title":{"rendered":"Za\u0161tita \u017eivotne sredine jedan od najve\u0107ih izazova, ali i prilika za Crnu Goru"},"content":{"rendered":"\n<p>Zajednica op\u0161tina Crne Gore, tokom vi\u0161e od pet decenija, bila je stub podr\u0161ke i prostor povjerenja, koji je op\u0161tinama omogu\u0107io da rastu, da unapre\u0111uju svoje politike i da uvijek stave potrebe gra\u0111ana u prvi plan, poru\u010deno je na proslavi povodom 53 godine postojanja i rada te asocijacije.&nbsp;<\/p>\n\n\n\n<p>Ambasador Evropske unije u Crnoj Gori&nbsp;<strong>Johan Satler<\/strong>&nbsp;tokom svog obra\u0107anja je poru\u010dio da su lokalne zajednice klju\u010dni stub evropskih integracija. On je istakao njihovu ulogu u sprovo\u0111enju reformi i podizanju standarda na terenu.&nbsp;<\/p>\n\n\n\n<p>\u201cOp\u0161tine su najbli\u017ee gra\u0111anima. Vi najbolje znate sa kakvim se izazovima ljudi svakodnevno suo\u010davaju. Bez vas nema stvarnih reformi niti primjene evropskih standarda na terenu\u201d \u2013 kazao je Satler.&nbsp;<\/p>\n\n\n\n<figure class=\"wp-block-image size-large\"><img fetchpriority=\"high\" decoding=\"async\" width=\"1024\" height=\"683\" src=\"https:\/\/www.evropskakuca.me\/wp-content\/uploads\/2025\/07\/GwD9lcUXEAAqcIG-1-1024x683.jpeg\" alt=\"\" class=\"wp-image-45395\" srcset=\"https:\/\/www.evropskakuca.me\/wp-content\/uploads\/2025\/07\/GwD9lcUXEAAqcIG-1-1024x683.jpeg 1024w, https:\/\/www.evropskakuca.me\/wp-content\/uploads\/2025\/07\/GwD9lcUXEAAqcIG-1-300x200.jpeg 300w, https:\/\/www.evropskakuca.me\/wp-content\/uploads\/2025\/07\/GwD9lcUXEAAqcIG-1-768x512.jpeg 768w, https:\/\/www.evropskakuca.me\/wp-content\/uploads\/2025\/07\/GwD9lcUXEAAqcIG-1-1536x1025.jpeg 1536w, https:\/\/www.evropskakuca.me\/wp-content\/uploads\/2025\/07\/GwD9lcUXEAAqcIG-1.jpeg 2048w\" sizes=\"(max-width: 1024px) 100vw, 1024px\" \/><\/figure>\n\n\n\n<p>Ambasador je naglasio da Crna Gora bilje\u017ei konkretan napredak na svom evropskom putu, podsje\u0107aju\u0107i je da je u junu zatvoreno poglavlje o javnim nabavkama. <\/p>\n\n\n\n<blockquote class=\"wp-block-quote is-layout-flow wp-block-quote-is-layout-flow\">\n<p>Prema Satlerovim rije\u010dima, do kraja godine planirano je zatvaranje jo\u0161 pet poglavlja.<\/p>\n<\/blockquote>\n\n\n\n<p>\u201cOvo je momentum koji ne smijemo propustiti. Sada je klju\u010dno da nastavimo sa sna\u017enom podr\u0161kom evropskim integracijama i ja\u010danju demokratskog dijaloga u zemlji\u201d, kazao je Satler.<\/p>\n\n\n\n<p>Kako isti\u010de Satler, za\u0161tita \u017eivotne sredine jedan od najve\u0107ih izazova, ali i prilika za Crnu Goru.<\/p>\n\n\n\n<p>\u201cPokrenuli smo veliku kampanju <strong><em>\u010cuvaj, da te \u010duva<\/em><\/strong>, u partnerstvu sa Ministarstvom ekologije i brojnim organizacijama. Ova kampanja je dokazala da su rezultati mogu\u0107i kada se svi uklju\u010de\u201d rekao je Satler.<\/p>\n\n\n\n<p>Kao jedan od primjera dobre saradnje i \u00a0prakse ambasador je ukazao na <a href=\"https:\/\/www.evropskakuca.me\/me\/organizovana-akcija-ciscenja-divlje-deponije-na-cemovskom-polju\/\">akciju \u010di\u0161\u0107enja divlje deponije na \u0106emovskom polju<\/a>.<\/p>\n\n\n\n<p>On je pozvao sve op\u0161tine da se priklju\u010de kampanji, organizuju sli\u010dne akcije i odrede ekolo\u0161ke ambasadore, podsje\u0107aju\u0107i da je jo\u0161 prije tri mjeseca uputio zvani\u010dan dopis svim lokalnim upravama, ali da je tek polovina njih odgovorila.<\/p>\n\n\n\n<figure class=\"wp-block-image size-large\"><img decoding=\"async\" width=\"1024\" height=\"683\" src=\"https:\/\/www.evropskakuca.me\/wp-content\/uploads\/2025\/07\/Nenaslovljeni-dizajn-3-1-1024x683.jpg\" alt=\"\" class=\"wp-image-45399\" srcset=\"https:\/\/www.evropskakuca.me\/wp-content\/uploads\/2025\/07\/Nenaslovljeni-dizajn-3-1-1024x683.jpg 1024w, https:\/\/www.evropskakuca.me\/wp-content\/uploads\/2025\/07\/Nenaslovljeni-dizajn-3-1-300x200.jpg 300w, https:\/\/www.evropskakuca.me\/wp-content\/uploads\/2025\/07\/Nenaslovljeni-dizajn-3-1-768x512.jpg 768w, https:\/\/www.evropskakuca.me\/wp-content\/uploads\/2025\/07\/Nenaslovljeni-dizajn-3-1.jpg 1200w\" sizes=\"(max-width: 1024px) 100vw, 1024px\" \/><\/figure>\n\n\n\n<blockquote class=\"wp-block-quote is-layout-flow wp-block-quote-is-layout-flow\">\n<p>Satler je ukazao na u\u010destalu pojavu otpada pored me\u0111ugradskih i seoskih puteva, \u0161to negativno uti\u010de na turisti\u010dki imid\u017e zemlje.<\/p>\n<\/blockquote>\n\n\n\n<p>\u201cCrna Gora je biser prirode i poznata turisti\u010dka destinacija. Ne smijemo dozvoliti da ta slika bude naru\u0161ena otpadom\u201d, upozorio je Satler.<\/p>\n\n\n\n<p>On je apelovao na rje\u0161avanje problema napu\u0161tenih pasa, nagla\u0161avaju\u0107i da je dobrobit \u017eivotinja evropska vrijednost, ohrabruju\u0107i lokalne zajednice da aktivno sprovode nacionalni program kontrole populacije pasa, pri \u010demu im Delegacija EU stoji na raspolaganju za pomo\u0107.&nbsp;<\/p>\n\n\n\n<p>Satler je pozadravio otvaranje EU infopunktova u sve ve\u0107em broju op\u0161tina kroz projekat <strong>Municipalities for EU<\/strong>, koji gra\u0111anima pru\u017ea pristup informacijama o evropskim programima i mogu\u0107nostima.<\/p>\n\n\n\n<p>Tokom doga\u0111aja op\u0161tinama \u0160avnik, Tivat, Budva i Pljevlja dodijeljena su priznanja za najbolje prakse u lokalnim samoupravama.&nbsp;<\/p>\n","protected":false},"excerpt":{"rendered":"<p>Zajednica op\u0161tina Crne Gore, tokom vi\u0161e od pet decenija, bila je stub podr\u0161ke i prostor povjerenja, koji je op\u0161tinama omogu\u0107io da rastu, da unapre\u0111uju svoje politike i da uvijek stave potrebe gra\u0111ana u prvi plan, poru\u010deno je na proslavi povodom 53 godine postojanja i rada te asocijacije.&nbsp; Ambasador Evropske unije u Crnoj Gori&nbsp;Johan Satler&nbsp;tokom svog [&hellip;]<\/p>\n","protected":false},"author":3,"featured_media":45394,"comment_status":"closed","ping_status":"closed","sticky":false,"template":"","format":"standard","meta":{"_acf_changed":false,"footnotes":""},"categories":[283,524],"tags":[],"class_list":["post-45403","post","type-post","status-publish","format-standard","has-post-thumbnail","hentry","category-novosti-me","category-vesti"],"acf":[],"yoast_head":"<!-- This site is optimized with the Yoast SEO plugin v27.3 - https:\/\/yoast.com\/product\/yoast-seo-wordpress\/ -->\n<title>Za\u0161tita \u017eivotne sredine jedan od najve\u0107ih izazova, ali i prilika za Crnu Goru - Europe House<\/title>\n<meta name=\"robots\" content=\"index, follow, max-snippet:-1, max-image-preview:large, max-video-preview:-1\" \/>\n<link rel=\"canonical\" href=\"https:\/\/www.evropskakuca.me\/me\/zastita-zivotne-sredine-jedan-od-najvecih-izazova-ali-i-prilika-za-crnu-goru\/\" \/>\n<meta property=\"og:locale\" content=\"en_US\" \/>\n<meta property=\"og:type\" content=\"article\" \/>\n<meta property=\"og:title\" content=\"Za\u0161tita \u017eivotne sredine jedan od najve\u0107ih izazova, ali i prilika za Crnu Goru - Europe House\" \/>\n<meta property=\"og:description\" content=\"Zajednica op\u0161tina Crne Gore, tokom vi\u0161e od pet decenija, bila je stub podr\u0161ke i prostor povjerenja, koji je op\u0161tinama omogu\u0107io da rastu, da unapre\u0111uju svoje politike i da uvijek stave potrebe gra\u0111ana u prvi plan, poru\u010deno je na proslavi povodom 53 godine postojanja i rada te asocijacije.&nbsp; Ambasador Evropske unije u Crnoj Gori&nbsp;Johan Satler&nbsp;tokom svog [&hellip;]\" \/>\n<meta property=\"og:url\" content=\"https:\/\/www.evropskakuca.me\/me\/zastita-zivotne-sredine-jedan-od-najvecih-izazova-ali-i-prilika-za-crnu-goru\/\" \/>\n<meta property=\"og:site_name\" content=\"Europe House\" \/>\n<meta property=\"article:publisher\" content=\"https:\/\/www.facebook.com\/evropska.kuca\" \/>\n<meta property=\"article:published_time\" content=\"2025-07-18T13:24:33+00:00\" \/>\n<meta property=\"article:modified_time\" content=\"2025-07-18T13:27:25+00:00\" \/>\n<meta property=\"og:image\" content=\"https:\/\/www.evropskakuca.me\/wp-content\/uploads\/2025\/07\/GwD9lcUXEAAqcIG-e1752845138783.jpeg\" \/>\n\t<meta property=\"og:image:width\" content=\"2048\" \/>\n\t<meta property=\"og:image:height\" content=\"1366\" \/>\n\t<meta property=\"og:image:type\" content=\"image\/jpeg\" \/>\n<meta name=\"author\" content=\"Aleksandar Vukovic\" \/>\n<meta name=\"twitter:card\" content=\"summary_large_image\" \/>\n<meta name=\"twitter:creator\" content=\"@evropska_kuca\" \/>\n<meta name=\"twitter:site\" content=\"@evropska_kuca\" \/>\n<meta name=\"twitter:label1\" content=\"Written by\" \/>\n\t<meta name=\"twitter:data1\" content=\"Aleksandar Vukovic\" \/>\n\t<meta name=\"twitter:label2\" content=\"Est. reading time\" \/>\n\t<meta name=\"twitter:data2\" content=\"3 minutes\" \/>\n<script type=\"application\/ld+json\" class=\"yoast-schema-graph\">{\"@context\":\"https:\\\/\\\/schema.org\",\"@graph\":[{\"@type\":\"Article\",\"@id\":\"https:\\\/\\\/www.evropskakuca.me\\\/me\\\/zastita-zivotne-sredine-jedan-od-najvecih-izazova-ali-i-prilika-za-crnu-goru\\\/#article\",\"isPartOf\":{\"@id\":\"https:\\\/\\\/www.evropskakuca.me\\\/me\\\/zastita-zivotne-sredine-jedan-od-najvecih-izazova-ali-i-prilika-za-crnu-goru\\\/\"},\"author\":{\"name\":\"Aleksandar Vukovic\",\"@id\":\"https:\\\/\\\/www.evropskakuca.me\\\/me\\\/#\\\/schema\\\/person\\\/7e16527119c7b67f457996b970f2bd6e\"},\"headline\":\"Za\u0161tita \u017eivotne sredine jedan od najve\u0107ih izazova, ali i prilika za Crnu Goru\",\"datePublished\":\"2025-07-18T13:24:33+00:00\",\"dateModified\":\"2025-07-18T13:27:25+00:00\",\"mainEntityOfPage\":{\"@id\":\"https:\\\/\\\/www.evropskakuca.me\\\/me\\\/zastita-zivotne-sredine-jedan-od-najvecih-izazova-ali-i-prilika-za-crnu-goru\\\/\"},\"wordCount\":468,\"publisher\":{\"@id\":\"https:\\\/\\\/www.evropskakuca.me\\\/me\\\/#organization\"},\"image\":{\"@id\":\"https:\\\/\\\/www.evropskakuca.me\\\/me\\\/zastita-zivotne-sredine-jedan-od-najvecih-izazova-ali-i-prilika-za-crnu-goru\\\/#primaryimage\"},\"thumbnailUrl\":\"https:\\\/\\\/www.evropskakuca.me\\\/wp-content\\\/uploads\\\/2025\\\/07\\\/GwD9lcUXEAAqcIG-e1752845138783.jpeg\",\"articleSection\":[\"Novosti\",\"Vesti\"],\"inLanguage\":\"me-ME\"},{\"@type\":\"WebPage\",\"@id\":\"https:\\\/\\\/www.evropskakuca.me\\\/me\\\/zastita-zivotne-sredine-jedan-od-najvecih-izazova-ali-i-prilika-za-crnu-goru\\\/\",\"url\":\"https:\\\/\\\/www.evropskakuca.me\\\/me\\\/zastita-zivotne-sredine-jedan-od-najvecih-izazova-ali-i-prilika-za-crnu-goru\\\/\",\"name\":\"Za\u0161tita \u017eivotne sredine jedan od najve\u0107ih izazova, ali i prilika za Crnu Goru - Europe House\",\"isPartOf\":{\"@id\":\"https:\\\/\\\/www.evropskakuca.me\\\/me\\\/#website\"},\"primaryImageOfPage\":{\"@id\":\"https:\\\/\\\/www.evropskakuca.me\\\/me\\\/zastita-zivotne-sredine-jedan-od-najvecih-izazova-ali-i-prilika-za-crnu-goru\\\/#primaryimage\"},\"image\":{\"@id\":\"https:\\\/\\\/www.evropskakuca.me\\\/me\\\/zastita-zivotne-sredine-jedan-od-najvecih-izazova-ali-i-prilika-za-crnu-goru\\\/#primaryimage\"},\"thumbnailUrl\":\"https:\\\/\\\/www.evropskakuca.me\\\/wp-content\\\/uploads\\\/2025\\\/07\\\/GwD9lcUXEAAqcIG-e1752845138783.jpeg\",\"datePublished\":\"2025-07-18T13:24:33+00:00\",\"dateModified\":\"2025-07-18T13:27:25+00:00\",\"breadcrumb\":{\"@id\":\"https:\\\/\\\/www.evropskakuca.me\\\/me\\\/zastita-zivotne-sredine-jedan-od-najvecih-izazova-ali-i-prilika-za-crnu-goru\\\/#breadcrumb\"},\"inLanguage\":\"me-ME\",\"potentialAction\":[{\"@type\":\"ReadAction\",\"target\":[\"https:\\\/\\\/www.evropskakuca.me\\\/me\\\/zastita-zivotne-sredine-jedan-od-najvecih-izazova-ali-i-prilika-za-crnu-goru\\\/\"]}]},{\"@type\":\"ImageObject\",\"inLanguage\":\"me-ME\",\"@id\":\"https:\\\/\\\/www.evropskakuca.me\\\/me\\\/zastita-zivotne-sredine-jedan-od-najvecih-izazova-ali-i-prilika-za-crnu-goru\\\/#primaryimage\",\"url\":\"https:\\\/\\\/www.evropskakuca.me\\\/wp-content\\\/uploads\\\/2025\\\/07\\\/GwD9lcUXEAAqcIG-e1752845138783.jpeg\",\"contentUrl\":\"https:\\\/\\\/www.evropskakuca.me\\\/wp-content\\\/uploads\\\/2025\\\/07\\\/GwD9lcUXEAAqcIG-e1752845138783.jpeg\",\"width\":2048,\"height\":1366},{\"@type\":\"BreadcrumbList\",\"@id\":\"https:\\\/\\\/www.evropskakuca.me\\\/me\\\/zastita-zivotne-sredine-jedan-od-najvecih-izazova-ali-i-prilika-za-crnu-goru\\\/#breadcrumb\",\"itemListElement\":[{\"@type\":\"ListItem\",\"position\":1,\"name\":\"Home\",\"item\":\"https:\\\/\\\/www.evropskakuca.me\\\/me\\\/\"},{\"@type\":\"ListItem\",\"position\":2,\"name\":\"Za\u0161tita \u017eivotne sredine jedan od najve\u0107ih izazova, ali i prilika za Crnu Goru\"}]},{\"@type\":\"WebSite\",\"@id\":\"https:\\\/\\\/www.evropskakuca.me\\\/me\\\/#website\",\"url\":\"https:\\\/\\\/www.evropskakuca.me\\\/me\\\/\",\"name\":\"Evropean house\",\"description\":\"\",\"publisher\":{\"@id\":\"https:\\\/\\\/www.evropskakuca.me\\\/me\\\/#organization\"},\"potentialAction\":[{\"@type\":\"SearchAction\",\"target\":{\"@type\":\"EntryPoint\",\"urlTemplate\":\"https:\\\/\\\/www.evropskakuca.me\\\/me\\\/?s={search_term_string}\"},\"query-input\":{\"@type\":\"PropertyValueSpecification\",\"valueRequired\":true,\"valueName\":\"search_term_string\"}}],\"inLanguage\":\"me-ME\"},{\"@type\":\"Organization\",\"@id\":\"https:\\\/\\\/www.evropskakuca.me\\\/me\\\/#organization\",\"name\":\"Evropean house\",\"url\":\"https:\\\/\\\/www.evropskakuca.me\\\/me\\\/\",\"logo\":{\"@type\":\"ImageObject\",\"inLanguage\":\"me-ME\",\"@id\":\"https:\\\/\\\/www.evropskakuca.me\\\/me\\\/#\\\/schema\\\/logo\\\/image\\\/\",\"url\":\"https:\\\/\\\/www.evropskakuca.me\\\/wp-content\\\/uploads\\\/2025\\\/01\\\/evropska-kuca-logo-1.png\",\"contentUrl\":\"https:\\\/\\\/www.evropskakuca.me\\\/wp-content\\\/uploads\\\/2025\\\/01\\\/evropska-kuca-logo-1.png\",\"width\":425,\"height\":312,\"caption\":\"Evropean house\"},\"image\":{\"@id\":\"https:\\\/\\\/www.evropskakuca.me\\\/me\\\/#\\\/schema\\\/logo\\\/image\\\/\"},\"sameAs\":[\"https:\\\/\\\/www.facebook.com\\\/evropska.kuca\",\"https:\\\/\\\/x.com\\\/evropska_kuca\",\"https:\\\/\\\/www.instagram.com\\\/evropska_kuca\"]},{\"@type\":\"Person\",\"@id\":\"https:\\\/\\\/www.evropskakuca.me\\\/me\\\/#\\\/schema\\\/person\\\/7e16527119c7b67f457996b970f2bd6e\",\"name\":\"Aleksandar Vukovic\",\"image\":{\"@type\":\"ImageObject\",\"inLanguage\":\"me-ME\",\"@id\":\"https:\\\/\\\/secure.gravatar.com\\\/avatar\\\/a1834e0104b0242a886079bde835ba36d80c70f9987a11f3ba33eb9e8d74cc15?s=96&d=mm&r=g\",\"url\":\"https:\\\/\\\/secure.gravatar.com\\\/avatar\\\/a1834e0104b0242a886079bde835ba36d80c70f9987a11f3ba33eb9e8d74cc15?s=96&d=mm&r=g\",\"contentUrl\":\"https:\\\/\\\/secure.gravatar.com\\\/avatar\\\/a1834e0104b0242a886079bde835ba36d80c70f9987a11f3ba33eb9e8d74cc15?s=96&d=mm&r=g\",\"caption\":\"Aleksandar Vukovic\"},\"url\":\"https:\\\/\\\/www.evropskakuca.me\\\/me\\\/author\\\/aleksandar\\\/\"}]}<\/script>\n<!-- \/ Yoast SEO plugin. -->","yoast_head_json":{"title":"Za\u0161tita \u017eivotne sredine jedan od najve\u0107ih izazova, ali i prilika za Crnu Goru - Europe House","robots":{"index":"index","follow":"follow","max-snippet":"max-snippet:-1","max-image-preview":"max-image-preview:large","max-video-preview":"max-video-preview:-1"},"canonical":"https:\/\/www.evropskakuca.me\/me\/zastita-zivotne-sredine-jedan-od-najvecih-izazova-ali-i-prilika-za-crnu-goru\/","og_locale":"en_US","og_type":"article","og_title":"Za\u0161tita \u017eivotne sredine jedan od najve\u0107ih izazova, ali i prilika za Crnu Goru - Europe House","og_description":"Zajednica op\u0161tina Crne Gore, tokom vi\u0161e od pet decenija, bila je stub podr\u0161ke i prostor povjerenja, koji je op\u0161tinama omogu\u0107io da rastu, da unapre\u0111uju svoje politike i da uvijek stave potrebe gra\u0111ana u prvi plan, poru\u010deno je na proslavi povodom 53 godine postojanja i rada te asocijacije.&nbsp; Ambasador Evropske unije u Crnoj Gori&nbsp;Johan Satler&nbsp;tokom svog [&hellip;]","og_url":"https:\/\/www.evropskakuca.me\/me\/zastita-zivotne-sredine-jedan-od-najvecih-izazova-ali-i-prilika-za-crnu-goru\/","og_site_name":"Europe House","article_publisher":"https:\/\/www.facebook.com\/evropska.kuca","article_published_time":"2025-07-18T13:24:33+00:00","article_modified_time":"2025-07-18T13:27:25+00:00","og_image":[{"width":2048,"height":1366,"url":"https:\/\/www.evropskakuca.me\/wp-content\/uploads\/2025\/07\/GwD9lcUXEAAqcIG-e1752845138783.jpeg","type":"image\/jpeg"}],"author":"Aleksandar Vukovic","twitter_card":"summary_large_image","twitter_creator":"@evropska_kuca","twitter_site":"@evropska_kuca","twitter_misc":{"Written by":"Aleksandar Vukovic","Est. reading time":"3 minutes"},"schema":{"@context":"https:\/\/schema.org","@graph":[{"@type":"Article","@id":"https:\/\/www.evropskakuca.me\/me\/zastita-zivotne-sredine-jedan-od-najvecih-izazova-ali-i-prilika-za-crnu-goru\/#article","isPartOf":{"@id":"https:\/\/www.evropskakuca.me\/me\/zastita-zivotne-sredine-jedan-od-najvecih-izazova-ali-i-prilika-za-crnu-goru\/"},"author":{"name":"Aleksandar Vukovic","@id":"https:\/\/www.evropskakuca.me\/me\/#\/schema\/person\/7e16527119c7b67f457996b970f2bd6e"},"headline":"Za\u0161tita \u017eivotne sredine jedan od najve\u0107ih izazova, ali i prilika za Crnu Goru","datePublished":"2025-07-18T13:24:33+00:00","dateModified":"2025-07-18T13:27:25+00:00","mainEntityOfPage":{"@id":"https:\/\/www.evropskakuca.me\/me\/zastita-zivotne-sredine-jedan-od-najvecih-izazova-ali-i-prilika-za-crnu-goru\/"},"wordCount":468,"publisher":{"@id":"https:\/\/www.evropskakuca.me\/me\/#organization"},"image":{"@id":"https:\/\/www.evropskakuca.me\/me\/zastita-zivotne-sredine-jedan-od-najvecih-izazova-ali-i-prilika-za-crnu-goru\/#primaryimage"},"thumbnailUrl":"https:\/\/www.evropskakuca.me\/wp-content\/uploads\/2025\/07\/GwD9lcUXEAAqcIG-e1752845138783.jpeg","articleSection":["Novosti","Vesti"],"inLanguage":"me-ME"},{"@type":"WebPage","@id":"https:\/\/www.evropskakuca.me\/me\/zastita-zivotne-sredine-jedan-od-najvecih-izazova-ali-i-prilika-za-crnu-goru\/","url":"https:\/\/www.evropskakuca.me\/me\/zastita-zivotne-sredine-jedan-od-najvecih-izazova-ali-i-prilika-za-crnu-goru\/","name":"Za\u0161tita \u017eivotne sredine jedan od najve\u0107ih izazova, ali i prilika za Crnu Goru - Europe House","isPartOf":{"@id":"https:\/\/www.evropskakuca.me\/me\/#website"},"primaryImageOfPage":{"@id":"https:\/\/www.evropskakuca.me\/me\/zastita-zivotne-sredine-jedan-od-najvecih-izazova-ali-i-prilika-za-crnu-goru\/#primaryimage"},"image":{"@id":"https:\/\/www.evropskakuca.me\/me\/zastita-zivotne-sredine-jedan-od-najvecih-izazova-ali-i-prilika-za-crnu-goru\/#primaryimage"},"thumbnailUrl":"https:\/\/www.evropskakuca.me\/wp-content\/uploads\/2025\/07\/GwD9lcUXEAAqcIG-e1752845138783.jpeg","datePublished":"2025-07-18T13:24:33+00:00","dateModified":"2025-07-18T13:27:25+00:00","breadcrumb":{"@id":"https:\/\/www.evropskakuca.me\/me\/zastita-zivotne-sredine-jedan-od-najvecih-izazova-ali-i-prilika-za-crnu-goru\/#breadcrumb"},"inLanguage":"me-ME","potentialAction":[{"@type":"ReadAction","target":["https:\/\/www.evropskakuca.me\/me\/zastita-zivotne-sredine-jedan-od-najvecih-izazova-ali-i-prilika-za-crnu-goru\/"]}]},{"@type":"ImageObject","inLanguage":"me-ME","@id":"https:\/\/www.evropskakuca.me\/me\/zastita-zivotne-sredine-jedan-od-najvecih-izazova-ali-i-prilika-za-crnu-goru\/#primaryimage","url":"https:\/\/www.evropskakuca.me\/wp-content\/uploads\/2025\/07\/GwD9lcUXEAAqcIG-e1752845138783.jpeg","contentUrl":"https:\/\/www.evropskakuca.me\/wp-content\/uploads\/2025\/07\/GwD9lcUXEAAqcIG-e1752845138783.jpeg","width":2048,"height":1366},{"@type":"BreadcrumbList","@id":"https:\/\/www.evropskakuca.me\/me\/zastita-zivotne-sredine-jedan-od-najvecih-izazova-ali-i-prilika-za-crnu-goru\/#breadcrumb","itemListElement":[{"@type":"ListItem","position":1,"name":"Home","item":"https:\/\/www.evropskakuca.me\/me\/"},{"@type":"ListItem","position":2,"name":"Za\u0161tita \u017eivotne sredine jedan od najve\u0107ih izazova, ali i prilika za Crnu Goru"}]},{"@type":"WebSite","@id":"https:\/\/www.evropskakuca.me\/me\/#website","url":"https:\/\/www.evropskakuca.me\/me\/","name":"Evropean house","description":"","publisher":{"@id":"https:\/\/www.evropskakuca.me\/me\/#organization"},"potentialAction":[{"@type":"SearchAction","target":{"@type":"EntryPoint","urlTemplate":"https:\/\/www.evropskakuca.me\/me\/?s={search_term_string}"},"query-input":{"@type":"PropertyValueSpecification","valueRequired":true,"valueName":"search_term_string"}}],"inLanguage":"me-ME"},{"@type":"Organization","@id":"https:\/\/www.evropskakuca.me\/me\/#organization","name":"Evropean house","url":"https:\/\/www.evropskakuca.me\/me\/","logo":{"@type":"ImageObject","inLanguage":"me-ME","@id":"https:\/\/www.evropskakuca.me\/me\/#\/schema\/logo\/image\/","url":"https:\/\/www.evropskakuca.me\/wp-content\/uploads\/2025\/01\/evropska-kuca-logo-1.png","contentUrl":"https:\/\/www.evropskakuca.me\/wp-content\/uploads\/2025\/01\/evropska-kuca-logo-1.png","width":425,"height":312,"caption":"Evropean house"},"image":{"@id":"https:\/\/www.evropskakuca.me\/me\/#\/schema\/logo\/image\/"},"sameAs":["https:\/\/www.facebook.com\/evropska.kuca","https:\/\/x.com\/evropska_kuca","https:\/\/www.instagram.com\/evropska_kuca"]},{"@type":"Person","@id":"https:\/\/www.evropskakuca.me\/me\/#\/schema\/person\/7e16527119c7b67f457996b970f2bd6e","name":"Aleksandar Vukovic","image":{"@type":"ImageObject","inLanguage":"me-ME","@id":"https:\/\/secure.gravatar.com\/avatar\/a1834e0104b0242a886079bde835ba36d80c70f9987a11f3ba33eb9e8d74cc15?s=96&d=mm&r=g","url":"https:\/\/secure.gravatar.com\/avatar\/a1834e0104b0242a886079bde835ba36d80c70f9987a11f3ba33eb9e8d74cc15?s=96&d=mm&r=g","contentUrl":"https:\/\/secure.gravatar.com\/avatar\/a1834e0104b0242a886079bde835ba36d80c70f9987a11f3ba33eb9e8d74cc15?s=96&d=mm&r=g","caption":"Aleksandar Vukovic"},"url":"https:\/\/www.evropskakuca.me\/me\/author\/aleksandar\/"}]}},"_links":{"self":[{"href":"https:\/\/www.evropskakuca.me\/me\/wp-json\/wp\/v2\/posts\/45403","targetHints":{"allow":["GET"]}}],"collection":[{"href":"https:\/\/www.evropskakuca.me\/me\/wp-json\/wp\/v2\/posts"}],"about":[{"href":"https:\/\/www.evropskakuca.me\/me\/wp-json\/wp\/v2\/types\/post"}],"author":[{"embeddable":true,"href":"https:\/\/www.evropskakuca.me\/me\/wp-json\/wp\/v2\/users\/3"}],"replies":[{"embeddable":true,"href":"https:\/\/www.evropskakuca.me\/me\/wp-json\/wp\/v2\/comments?post=45403"}],"version-history":[{"count":1,"href":"https:\/\/www.evropskakuca.me\/me\/wp-json\/wp\/v2\/posts\/45403\/revisions"}],"predecessor-version":[{"id":45404,"href":"https:\/\/www.evropskakuca.me\/me\/wp-json\/wp\/v2\/posts\/45403\/revisions\/45404"}],"wp:featuredmedia":[{"embeddable":true,"href":"https:\/\/www.evropskakuca.me\/me\/wp-json\/wp\/v2\/media\/45394"}],"wp:attachment":[{"href":"https:\/\/www.evropskakuca.me\/me\/wp-json\/wp\/v2\/media?parent=45403"}],"wp:term":[{"taxonomy":"category","embeddable":true,"href":"https:\/\/www.evropskakuca.me\/me\/wp-json\/wp\/v2\/categories?post=45403"},{"taxonomy":"post_tag","embeddable":true,"href":"https:\/\/www.evropskakuca.me\/me\/wp-json\/wp\/v2\/tags?post=45403"}],"curies":[{"name":"wp","href":"https:\/\/api.w.org\/{rel}","templated":true}]}}