{"id":45381,"date":"2025-07-17T08:12:02","date_gmt":"2025-07-17T08:12:02","guid":{"rendered":"https:\/\/www.evropskakuca.me\/eu-continues-to-support-civil-society-in-montenegro\/"},"modified":"2025-07-17T08:25:21","modified_gmt":"2025-07-17T08:25:21","slug":"eu-continues-to-support-civil-society-in-montenegro","status":"publish","type":"post","link":"https:\/\/www.evropskakuca.me\/me\/eu-continues-to-support-civil-society-in-montenegro\/","title":{"rendered":"EU nastavlja podr\u0161ku crnogorskom civilnom dru\u0161tvu"},"content":{"rendered":"\n<p><em><em>\u010cetiri projekta crnogorskih NVO podr\u017eana sa ukupno 176.980 eura kroz dva javna poziva<\/em><\/em><\/p>\n\n\n\n<p>Evropska unija, u partnerstvu sa Programom Ujedinjenih nacija za razvoj (UNDP) u Crnoj Gori, nastavlja da pru\u017ea podr\u0161ku organizacijama civilnog dru\u0161tva koje imaju klju\u010dnu ulogu u promociji tranzicione pravde, pomirenja i dru\u0161tvene kohezije.<\/p>\n\n\n\n<p>Na doga\u0111aju odr\u017eanom danas u Evropskoj ku\u0107i u Podgorici, predstavljeni su projekti \u010detiri crnogorske nevladine organizacije, koje su ove godine dobile podr\u0161ku kroz dva javna poziva ukupne vrijednosti <strong>176.980 eura<\/strong>.<\/p>\n\n\n\n<figure class=\"wp-block-gallery has-nested-images columns-default is-cropped wp-block-gallery-1 is-layout-flex wp-block-gallery-is-layout-flex\">\n<figure class=\"wp-block-image size-large\"><img fetchpriority=\"high\" decoding=\"async\" width=\"800\" height=\"533\" data-id=\"45367\" src=\"https:\/\/www.evropskakuca.me\/wp-content\/uploads\/2025\/07\/grantovi_07_25_75.jpg\" alt=\"\" class=\"wp-image-45367\" srcset=\"https:\/\/www.evropskakuca.me\/wp-content\/uploads\/2025\/07\/grantovi_07_25_75.jpg 800w, https:\/\/www.evropskakuca.me\/wp-content\/uploads\/2025\/07\/grantovi_07_25_75-300x200.jpg 300w, https:\/\/www.evropskakuca.me\/wp-content\/uploads\/2025\/07\/grantovi_07_25_75-768x512.jpg 768w\" sizes=\"(max-width: 800px) 100vw, 800px\" \/><figcaption class=\"wp-element-caption\">COPYRIGHT_DUSKO_MILJANIC_MONTENEGRO_<\/figcaption><\/figure>\n\n\n\n<figure class=\"wp-block-image size-large\"><img decoding=\"async\" width=\"800\" height=\"533\" data-id=\"45365\" src=\"https:\/\/www.evropskakuca.me\/wp-content\/uploads\/2025\/07\/grantovi_07_25_49.jpg\" alt=\"\" class=\"wp-image-45365\" srcset=\"https:\/\/www.evropskakuca.me\/wp-content\/uploads\/2025\/07\/grantovi_07_25_49.jpg 800w, https:\/\/www.evropskakuca.me\/wp-content\/uploads\/2025\/07\/grantovi_07_25_49-300x200.jpg 300w, https:\/\/www.evropskakuca.me\/wp-content\/uploads\/2025\/07\/grantovi_07_25_49-768x512.jpg 768w\" sizes=\"(max-width: 800px) 100vw, 800px\" \/><figcaption class=\"wp-element-caption\">COPYRIGHT_DUSKO_MILJANIC_MONTENEGRO_<\/figcaption><\/figure>\n<\/figure>\n\n\n\n<p><strong>Prvi javni poziv<\/strong>, otvoren <strong>24. januara 2025<\/strong>. i zatvoren <strong>24. februara 2025<\/strong>, bio je usmjeren na projekte koji se bave suo\u010davanjem sa naslje\u0111em sukoba iz 1990-ih i promovisanje pomirenja i dijaloga na Zapadnom Balkanu. U okviru ovog poziva podr\u017eana su sljede\u0107a dva projekta:<\/p>\n\n\n\n<ul class=\"wp-block-list\">\n<li><strong>Centar za gra\u0111ansko obrazovanje (CGO)<\/strong> kroz projekat <em>\u201eRazumijevanjem pro\u0161losti do izgradnje povjerenja i tranzicione pravde\u201d<\/em> radi na podizanju svijesti javnosti o ratnim zlo\u010dinima, ja\u010danju kulture sje\u0107anja, edukaciji mladih generacija i unapre\u0111enju medijskog izvje\u0161tavanja o temama tranzicione pravde. <strong>Maja Marinovi\u0107<\/strong> je pojasnila da projekat obuhvata edukativne i medijske aktivnosti jer se temi ratnih zlo\u010dina ne posve\u0107uje dovoljna pa\u017enja u formalnom obrazovanju, te da \u0107e kroz me\u0111ugeneracijski dijalog, istra\u017eivanja medijskog izvje\u0161tavanja, podkaste i autorske kolumne raditi na podizanju javne svijesti o ratnim zlo\u010dinima.<\/li>\n\n\n\n<li><strong>Akcija za ljudska prava (HRA)<\/strong> realizuje projekat <em>\u201eZajedno do trajnog mira kroz obrazovanje, dijalog i memorijalizaciju\u201d<\/em>, koji ima za cilj edukaciju gra\u0111ana o ljudskim pravima i ratnim zlo\u010dinima, podsticanje dijaloga u cilju prevazila\u017eenja predrasuda i ja\u010danja dru\u0161tvene solidarnosti, kao i o\u010duvanje kulture sje\u0107anja na stradanja \u017ertava u Crnoj Gori. Njihova predstavnica, <strong>Elizaveta Mrnja\u010devi\u0107<\/strong> pojasnila je da \u0107e kroz seriju me\u0111ugeneracijskih razgovora u\u010desnici prenijeti li\u010dna i kolektivna sje\u0107anja o ratnim zlo\u010dinima. HRA \u0107e tako\u0111e sprovesti aktivnosti za stvaranje preduslova za memorijalizaciju mjesta stradanja, napraviti digitalni arhiv svjedo\u010danstava \u017ertva rata i svjedoka, s posebnim fokusom na \u017eensku perspektivu.<\/li>\n<\/ul>\n\n\n\n<p><\/p>\n\n\n\n<p><strong>Drugi javni poziv<\/strong>, u istovjetnom trajanju kao i prvi, bio je namijenjen projektima koji doprinose unapre\u0111enju i za\u0161titi prava \u017ertava i pre\u017eivjelih iz sukoba 1990-ih. U okviru ovog poziva podr\u017eana su dva projekta:<\/p>\n\n\n\n<ul class=\"wp-block-list\">\n<li><strong>Inicijativa mladih za ljudska prava (YIHR)<\/strong> u partnerstvu sa <strong>udru\u017eenjem \u0160trpci- protiv zaborava<\/strong> sprovodi projekat <em>\u201eMapiranje sje\u0107anja putem dijaloga i pri\u010da \u017ertava\u201d<\/em>, koji je usmjeren na ja\u010danje prava i vidljivosti \u017ertava ratnih zlo\u010dina i njihovih porodica, unapre\u0111enje pristupa pravdi i reparacijama, kao i pove\u0107anje svijesti javnosti o polo\u017eaju civilnih \u017ertava rata u Crnoj Gori. <strong>Kristina \u017dugi\u0107<\/strong> je pojasnila kako \u0107e se aktivnosti realizovati uz pru\u017eanje pravne, psiholo\u0161ke i socijalne podr\u0161ke \u017ertvama, pre\u017eivjelima i njihovim porodicama. YIHR \u0107e u saradnji sa partnerima, organizovati regionalni susret, radi umre\u017eavanja \u017ertava ratnih zlo\u010dina, radionice u cilju njihovog osna\u017eivanja, te studijsku posjetu Dubrovniku i konkurs za novinare na temu prava i statusa \u017ertava rata.<\/li>\n<\/ul>\n\n\n\n<ul class=\"wp-block-list\">\n<li><strong>NVO Juventas<\/strong> u partnerstvu sa <strong>Alternativnom teatarskom aktivnom kompanijom (ATAK) <\/strong>kroz projekat <em>\u201eSuo\u010davanje sa pro\u0161lo\u0161\u0107u kroz umjetnost, edukaciju i dru\u0161tvenu diskusiju\u201d<\/em> koristi umjetnost, radionice, panel diskusije i druge interaktivne formate kako bi osna\u017eila podr\u0161ku i glas \u017ertava i njihovih porodica. <strong>Milo\u0161 Mila\u010di\u0107<\/strong> je najavio aktivnosti projekta koji imaju za cilj da kroz umjetnost i dru\u0161tvenu diskusiju, anga\u017euju mlade ali i stru\u010dnu javnost. &nbsp;NVO Juventas u saradnji sa partnerima tako planira realizaciju predstave o ratnim zlo\u010dinima u Morinju, trodnevni kamp za mlade te televizijsku emisiju sa ciljem prevazila\u017eenja etni\u010dke distance me\u0111u mladima uz fokus na rodnu dimenziju sukoba.<\/li>\n<\/ul>\n\n\n\n<p><\/p>\n\n\n\n<figure class=\"wp-block-gallery has-nested-images columns-default is-cropped wp-block-gallery-2 is-layout-flex wp-block-gallery-is-layout-flex\">\n<figure class=\"wp-block-image size-large\"><img decoding=\"async\" width=\"800\" height=\"533\" data-id=\"45369\" src=\"https:\/\/www.evropskakuca.me\/wp-content\/uploads\/2025\/07\/grantovi_07_25_5.jpg\" alt=\"\" class=\"wp-image-45369\" srcset=\"https:\/\/www.evropskakuca.me\/wp-content\/uploads\/2025\/07\/grantovi_07_25_5.jpg 800w, https:\/\/www.evropskakuca.me\/wp-content\/uploads\/2025\/07\/grantovi_07_25_5-300x200.jpg 300w, https:\/\/www.evropskakuca.me\/wp-content\/uploads\/2025\/07\/grantovi_07_25_5-768x512.jpg 768w\" sizes=\"(max-width: 800px) 100vw, 800px\" \/><figcaption class=\"wp-element-caption\">COPYRIGHT_DUSKO_MILJANIC_MONTENEGRO_<\/figcaption><\/figure>\n\n\n\n<figure class=\"wp-block-image size-large\"><img loading=\"lazy\" decoding=\"async\" width=\"800\" height=\"533\" data-id=\"45371\" src=\"https:\/\/www.evropskakuca.me\/wp-content\/uploads\/2025\/07\/grantovi_07_25_94.jpg\" alt=\"\" class=\"wp-image-45371\" srcset=\"https:\/\/www.evropskakuca.me\/wp-content\/uploads\/2025\/07\/grantovi_07_25_94.jpg 800w, https:\/\/www.evropskakuca.me\/wp-content\/uploads\/2025\/07\/grantovi_07_25_94-300x200.jpg 300w, https:\/\/www.evropskakuca.me\/wp-content\/uploads\/2025\/07\/grantovi_07_25_94-768x512.jpg 768w\" sizes=\"(max-width: 800px) 100vw, 800px\" \/><figcaption class=\"wp-element-caption\">COPYRIGHT_DUSKO_MILJANIC_MONTENEGRO_<\/figcaption><\/figure>\n\n\n\n<figure class=\"wp-block-image size-large\"><img loading=\"lazy\" decoding=\"async\" width=\"800\" height=\"533\" data-id=\"45373\" src=\"https:\/\/www.evropskakuca.me\/wp-content\/uploads\/2025\/07\/grantovi_07_25_105.jpg\" alt=\"\" class=\"wp-image-45373\" srcset=\"https:\/\/www.evropskakuca.me\/wp-content\/uploads\/2025\/07\/grantovi_07_25_105.jpg 800w, https:\/\/www.evropskakuca.me\/wp-content\/uploads\/2025\/07\/grantovi_07_25_105-300x200.jpg 300w, https:\/\/www.evropskakuca.me\/wp-content\/uploads\/2025\/07\/grantovi_07_25_105-768x512.jpg 768w\" sizes=\"(max-width: 800px) 100vw, 800px\" \/><figcaption class=\"wp-element-caption\">COPYRIGHT_DUSKO_MILJANIC_MONTENEGRO_<\/figcaption><\/figure>\n<\/figure>\n\n\n\n<p>Pored grantova za nevladine organizacije, <strong>Ivana Bogojevi\u0107 Mandi\u0107<\/strong>, projektna menad\u017eerka UNDP-a, istakla je zna\u010daj regionalne saradnje i kontinuirane podr\u0161ke pravosudnim institucijama u ja\u010danju institucionalnog i normativnog okvira. S tim u vezi, podr\u0161ka je pru\u017eena u pisanju nove Strategije za istra\u017eivanje ratnih zlo\u010dina, kao i ja\u010danju kapaciteta sudija i tu\u017eilaca, kroz specijalizovane obuke koje se realizuju u saradnji sa Centrom za obuku sudija i dr\u017eavnih tu\u017eilaca.<\/p>\n\n\n\n<p><strong>Vlado Dedovi\u0107<\/strong>, slu\u017ebenik za politi\u010dka i pravna pitanja u Delegaciji Evropske unije u Crnoj Gori je rekao da svi predstavljeni projekti imaju sna\u017enu komponentu suo\u010davanja s pro\u0161lo\u0161\u0107u, koja doprinosi dru\u0161tvenoj koheziji i pomirenju, te da ovakve inicijative podr\u017eavaju sprovo\u0111enje klju\u010dnih reformi u okviru poglavlja 23 i 24 \u2013 \u0161to je va\u017eno za napredak Crne Gore u procesu pristupanja Evropskoj uniji.<\/p>\n\n\n\n<figure class=\"wp-block-gallery has-nested-images columns-default is-cropped wp-block-gallery-3 is-layout-flex wp-block-gallery-is-layout-flex\">\n<figure class=\"wp-block-image size-large\"><img loading=\"lazy\" decoding=\"async\" width=\"800\" height=\"533\" data-id=\"45375\" src=\"https:\/\/www.evropskakuca.me\/wp-content\/uploads\/2025\/07\/grantovi_07_25_115.jpg\" alt=\"\" class=\"wp-image-45375\" srcset=\"https:\/\/www.evropskakuca.me\/wp-content\/uploads\/2025\/07\/grantovi_07_25_115.jpg 800w, https:\/\/www.evropskakuca.me\/wp-content\/uploads\/2025\/07\/grantovi_07_25_115-300x200.jpg 300w, https:\/\/www.evropskakuca.me\/wp-content\/uploads\/2025\/07\/grantovi_07_25_115-768x512.jpg 768w\" sizes=\"(max-width: 800px) 100vw, 800px\" \/><figcaption class=\"wp-element-caption\">COPYRIGHT_DUSKO_MILJANIC_MONTENEGRO_<\/figcaption><\/figure>\n\n\n\n<figure class=\"wp-block-image size-large\"><img loading=\"lazy\" decoding=\"async\" width=\"800\" height=\"533\" data-id=\"45377\" src=\"https:\/\/www.evropskakuca.me\/wp-content\/uploads\/2025\/07\/grantovi_07_25_20.jpg\" alt=\"\" class=\"wp-image-45377\" srcset=\"https:\/\/www.evropskakuca.me\/wp-content\/uploads\/2025\/07\/grantovi_07_25_20.jpg 800w, https:\/\/www.evropskakuca.me\/wp-content\/uploads\/2025\/07\/grantovi_07_25_20-300x200.jpg 300w, https:\/\/www.evropskakuca.me\/wp-content\/uploads\/2025\/07\/grantovi_07_25_20-768x512.jpg 768w\" sizes=\"(max-width: 800px) 100vw, 800px\" \/><figcaption class=\"wp-element-caption\">COPYRIGHT_DUSKO_MILJANIC_MONTENEGRO_<\/figcaption><\/figure>\n<\/figure>\n\n\n\n<p>Inicijativa je dio regionalnog projekta \u201e<strong>Podr\u0161ka Evropske unije izgradnji povjerenja na Zapadnom Balkanu,<\/strong>\u201d koji finansira EU, a sprovodi UNDP, sa ciljem promocije dijaloga, pomirenja i izgradnje povjerenja me\u0111u zajednicama u regionu.<\/p>\n\n\n\n<p>Vi\u0161e informacija o projektu dostupno je <a href=\"https:\/\/www.undp.org\/cnr\/montenegro\/projects\/podrska-eu-izgradnji-povjerenja-na-zapadnom-balkanu\">ovdje<\/a>.<\/p>\n\n\n\n<p><\/p>\n","protected":false},"excerpt":{"rendered":"<p>\u010cetiri projekta crnogorskih NVO podr\u017eana sa ukupno 176.980 eura kroz dva javna poziva Evropska unija, u partnerstvu sa Programom Ujedinjenih nacija za razvoj (UNDP) u Crnoj Gori, nastavlja da pru\u017ea podr\u0161ku organizacijama civilnog dru\u0161tva koje imaju klju\u010dnu ulogu u promociji tranzicione pravde, pomirenja i dru\u0161tvene kohezije. Na doga\u0111aju odr\u017eanom danas u Evropskoj ku\u0107i u Podgorici, [&hellip;]<\/p>\n","protected":false},"author":3,"featured_media":45364,"comment_status":"closed","ping_status":"closed","sticky":false,"template":"","format":"standard","meta":{"_acf_changed":false,"footnotes":""},"categories":[283,524],"tags":[],"class_list":["post-45381","post","type-post","status-publish","format-standard","has-post-thumbnail","hentry","category-novosti-me","category-vesti"],"acf":[],"yoast_head":"<!-- This site is optimized with the Yoast SEO plugin v27.3 - https:\/\/yoast.com\/product\/yoast-seo-wordpress\/ -->\n<title>EU nastavlja podr\u0161ku crnogorskom civilnom dru\u0161tvu - Europe House<\/title>\n<meta name=\"robots\" content=\"index, follow, max-snippet:-1, max-image-preview:large, max-video-preview:-1\" \/>\n<link rel=\"canonical\" href=\"https:\/\/www.evropskakuca.me\/me\/eu-continues-to-support-civil-society-in-montenegro\/\" \/>\n<meta property=\"og:locale\" content=\"en_US\" \/>\n<meta property=\"og:type\" content=\"article\" \/>\n<meta property=\"og:title\" content=\"EU nastavlja podr\u0161ku crnogorskom civilnom dru\u0161tvu - Europe House\" \/>\n<meta property=\"og:description\" content=\"\u010cetiri projekta crnogorskih NVO podr\u017eana sa ukupno 176.980 eura kroz dva javna poziva Evropska unija, u partnerstvu sa Programom Ujedinjenih nacija za razvoj (UNDP) u Crnoj Gori, nastavlja da pru\u017ea podr\u0161ku organizacijama civilnog dru\u0161tva koje imaju klju\u010dnu ulogu u promociji tranzicione pravde, pomirenja i dru\u0161tvene kohezije. Na doga\u0111aju odr\u017eanom danas u Evropskoj ku\u0107i u Podgorici, [&hellip;]\" \/>\n<meta property=\"og:url\" content=\"https:\/\/www.evropskakuca.me\/me\/eu-continues-to-support-civil-society-in-montenegro\/\" \/>\n<meta property=\"og:site_name\" content=\"Europe House\" \/>\n<meta property=\"article:publisher\" content=\"https:\/\/www.facebook.com\/evropska.kuca\" \/>\n<meta property=\"article:published_time\" content=\"2025-07-17T08:12:02+00:00\" \/>\n<meta property=\"article:modified_time\" content=\"2025-07-17T08:25:21+00:00\" \/>\n<meta property=\"og:image\" content=\"https:\/\/www.evropskakuca.me\/wp-content\/uploads\/2025\/07\/grantovi_07_25_120-scaled.jpg\" \/>\n\t<meta property=\"og:image:width\" content=\"2560\" \/>\n\t<meta property=\"og:image:height\" content=\"1707\" \/>\n\t<meta property=\"og:image:type\" content=\"image\/jpeg\" \/>\n<meta name=\"author\" content=\"Aleksandar Vukovic\" \/>\n<meta name=\"twitter:card\" content=\"summary_large_image\" \/>\n<meta name=\"twitter:creator\" content=\"@evropska_kuca\" \/>\n<meta name=\"twitter:site\" content=\"@evropska_kuca\" \/>\n<meta name=\"twitter:label1\" content=\"Written by\" \/>\n\t<meta name=\"twitter:data1\" content=\"Aleksandar Vukovic\" \/>\n\t<meta name=\"twitter:label2\" content=\"Est. reading time\" \/>\n\t<meta name=\"twitter:data2\" content=\"5 minutes\" \/>\n<script type=\"application\/ld+json\" class=\"yoast-schema-graph\">{\"@context\":\"https:\\\/\\\/schema.org\",\"@graph\":[{\"@type\":\"Article\",\"@id\":\"https:\\\/\\\/www.evropskakuca.me\\\/me\\\/eu-continues-to-support-civil-society-in-montenegro\\\/#article\",\"isPartOf\":{\"@id\":\"https:\\\/\\\/www.evropskakuca.me\\\/me\\\/eu-continues-to-support-civil-society-in-montenegro\\\/\"},\"author\":{\"name\":\"Aleksandar Vukovic\",\"@id\":\"https:\\\/\\\/www.evropskakuca.me\\\/me\\\/#\\\/schema\\\/person\\\/7e16527119c7b67f457996b970f2bd6e\"},\"headline\":\"EU nastavlja podr\u0161ku crnogorskom civilnom dru\u0161tvu\",\"datePublished\":\"2025-07-17T08:12:02+00:00\",\"dateModified\":\"2025-07-17T08:25:21+00:00\",\"mainEntityOfPage\":{\"@id\":\"https:\\\/\\\/www.evropskakuca.me\\\/me\\\/eu-continues-to-support-civil-society-in-montenegro\\\/\"},\"wordCount\":828,\"publisher\":{\"@id\":\"https:\\\/\\\/www.evropskakuca.me\\\/me\\\/#organization\"},\"image\":{\"@id\":\"https:\\\/\\\/www.evropskakuca.me\\\/me\\\/eu-continues-to-support-civil-society-in-montenegro\\\/#primaryimage\"},\"thumbnailUrl\":\"https:\\\/\\\/www.evropskakuca.me\\\/wp-content\\\/uploads\\\/2025\\\/07\\\/grantovi_07_25_120-scaled.jpg\",\"articleSection\":[\"Novosti\",\"Vesti\"],\"inLanguage\":\"me-ME\"},{\"@type\":\"WebPage\",\"@id\":\"https:\\\/\\\/www.evropskakuca.me\\\/me\\\/eu-continues-to-support-civil-society-in-montenegro\\\/\",\"url\":\"https:\\\/\\\/www.evropskakuca.me\\\/me\\\/eu-continues-to-support-civil-society-in-montenegro\\\/\",\"name\":\"EU nastavlja podr\u0161ku crnogorskom civilnom dru\u0161tvu - Europe House\",\"isPartOf\":{\"@id\":\"https:\\\/\\\/www.evropskakuca.me\\\/me\\\/#website\"},\"primaryImageOfPage\":{\"@id\":\"https:\\\/\\\/www.evropskakuca.me\\\/me\\\/eu-continues-to-support-civil-society-in-montenegro\\\/#primaryimage\"},\"image\":{\"@id\":\"https:\\\/\\\/www.evropskakuca.me\\\/me\\\/eu-continues-to-support-civil-society-in-montenegro\\\/#primaryimage\"},\"thumbnailUrl\":\"https:\\\/\\\/www.evropskakuca.me\\\/wp-content\\\/uploads\\\/2025\\\/07\\\/grantovi_07_25_120-scaled.jpg\",\"datePublished\":\"2025-07-17T08:12:02+00:00\",\"dateModified\":\"2025-07-17T08:25:21+00:00\",\"breadcrumb\":{\"@id\":\"https:\\\/\\\/www.evropskakuca.me\\\/me\\\/eu-continues-to-support-civil-society-in-montenegro\\\/#breadcrumb\"},\"inLanguage\":\"me-ME\",\"potentialAction\":[{\"@type\":\"ReadAction\",\"target\":[\"https:\\\/\\\/www.evropskakuca.me\\\/me\\\/eu-continues-to-support-civil-society-in-montenegro\\\/\"]}]},{\"@type\":\"ImageObject\",\"inLanguage\":\"me-ME\",\"@id\":\"https:\\\/\\\/www.evropskakuca.me\\\/me\\\/eu-continues-to-support-civil-society-in-montenegro\\\/#primaryimage\",\"url\":\"https:\\\/\\\/www.evropskakuca.me\\\/wp-content\\\/uploads\\\/2025\\\/07\\\/grantovi_07_25_120-scaled.jpg\",\"contentUrl\":\"https:\\\/\\\/www.evropskakuca.me\\\/wp-content\\\/uploads\\\/2025\\\/07\\\/grantovi_07_25_120-scaled.jpg\",\"width\":2560,\"height\":1707,\"caption\":\"COPYRIGHT_DUSKO_MILJANIC_MONTENEGRO_\"},{\"@type\":\"BreadcrumbList\",\"@id\":\"https:\\\/\\\/www.evropskakuca.me\\\/me\\\/eu-continues-to-support-civil-society-in-montenegro\\\/#breadcrumb\",\"itemListElement\":[{\"@type\":\"ListItem\",\"position\":1,\"name\":\"Home\",\"item\":\"https:\\\/\\\/www.evropskakuca.me\\\/me\\\/\"},{\"@type\":\"ListItem\",\"position\":2,\"name\":\"EU nastavlja podr\u0161ku crnogorskom civilnom dru\u0161tvu\"}]},{\"@type\":\"WebSite\",\"@id\":\"https:\\\/\\\/www.evropskakuca.me\\\/me\\\/#website\",\"url\":\"https:\\\/\\\/www.evropskakuca.me\\\/me\\\/\",\"name\":\"Evropean house\",\"description\":\"\",\"publisher\":{\"@id\":\"https:\\\/\\\/www.evropskakuca.me\\\/me\\\/#organization\"},\"potentialAction\":[{\"@type\":\"SearchAction\",\"target\":{\"@type\":\"EntryPoint\",\"urlTemplate\":\"https:\\\/\\\/www.evropskakuca.me\\\/me\\\/?s={search_term_string}\"},\"query-input\":{\"@type\":\"PropertyValueSpecification\",\"valueRequired\":true,\"valueName\":\"search_term_string\"}}],\"inLanguage\":\"me-ME\"},{\"@type\":\"Organization\",\"@id\":\"https:\\\/\\\/www.evropskakuca.me\\\/me\\\/#organization\",\"name\":\"Evropean house\",\"url\":\"https:\\\/\\\/www.evropskakuca.me\\\/me\\\/\",\"logo\":{\"@type\":\"ImageObject\",\"inLanguage\":\"me-ME\",\"@id\":\"https:\\\/\\\/www.evropskakuca.me\\\/me\\\/#\\\/schema\\\/logo\\\/image\\\/\",\"url\":\"https:\\\/\\\/www.evropskakuca.me\\\/wp-content\\\/uploads\\\/2025\\\/01\\\/evropska-kuca-logo-1.png\",\"contentUrl\":\"https:\\\/\\\/www.evropskakuca.me\\\/wp-content\\\/uploads\\\/2025\\\/01\\\/evropska-kuca-logo-1.png\",\"width\":425,\"height\":312,\"caption\":\"Evropean house\"},\"image\":{\"@id\":\"https:\\\/\\\/www.evropskakuca.me\\\/me\\\/#\\\/schema\\\/logo\\\/image\\\/\"},\"sameAs\":[\"https:\\\/\\\/www.facebook.com\\\/evropska.kuca\",\"https:\\\/\\\/x.com\\\/evropska_kuca\",\"https:\\\/\\\/www.instagram.com\\\/evropska_kuca\"]},{\"@type\":\"Person\",\"@id\":\"https:\\\/\\\/www.evropskakuca.me\\\/me\\\/#\\\/schema\\\/person\\\/7e16527119c7b67f457996b970f2bd6e\",\"name\":\"Aleksandar Vukovic\",\"image\":{\"@type\":\"ImageObject\",\"inLanguage\":\"me-ME\",\"@id\":\"https:\\\/\\\/secure.gravatar.com\\\/avatar\\\/a1834e0104b0242a886079bde835ba36d80c70f9987a11f3ba33eb9e8d74cc15?s=96&d=mm&r=g\",\"url\":\"https:\\\/\\\/secure.gravatar.com\\\/avatar\\\/a1834e0104b0242a886079bde835ba36d80c70f9987a11f3ba33eb9e8d74cc15?s=96&d=mm&r=g\",\"contentUrl\":\"https:\\\/\\\/secure.gravatar.com\\\/avatar\\\/a1834e0104b0242a886079bde835ba36d80c70f9987a11f3ba33eb9e8d74cc15?s=96&d=mm&r=g\",\"caption\":\"Aleksandar Vukovic\"},\"url\":\"https:\\\/\\\/www.evropskakuca.me\\\/me\\\/author\\\/aleksandar\\\/\"}]}<\/script>\n<!-- \/ Yoast SEO plugin. -->","yoast_head_json":{"title":"EU nastavlja podr\u0161ku crnogorskom civilnom dru\u0161tvu - Europe House","robots":{"index":"index","follow":"follow","max-snippet":"max-snippet:-1","max-image-preview":"max-image-preview:large","max-video-preview":"max-video-preview:-1"},"canonical":"https:\/\/www.evropskakuca.me\/me\/eu-continues-to-support-civil-society-in-montenegro\/","og_locale":"en_US","og_type":"article","og_title":"EU nastavlja podr\u0161ku crnogorskom civilnom dru\u0161tvu - Europe House","og_description":"\u010cetiri projekta crnogorskih NVO podr\u017eana sa ukupno 176.980 eura kroz dva javna poziva Evropska unija, u partnerstvu sa Programom Ujedinjenih nacija za razvoj (UNDP) u Crnoj Gori, nastavlja da pru\u017ea podr\u0161ku organizacijama civilnog dru\u0161tva koje imaju klju\u010dnu ulogu u promociji tranzicione pravde, pomirenja i dru\u0161tvene kohezije. Na doga\u0111aju odr\u017eanom danas u Evropskoj ku\u0107i u Podgorici, [&hellip;]","og_url":"https:\/\/www.evropskakuca.me\/me\/eu-continues-to-support-civil-society-in-montenegro\/","og_site_name":"Europe House","article_publisher":"https:\/\/www.facebook.com\/evropska.kuca","article_published_time":"2025-07-17T08:12:02+00:00","article_modified_time":"2025-07-17T08:25:21+00:00","og_image":[{"width":2560,"height":1707,"url":"https:\/\/www.evropskakuca.me\/wp-content\/uploads\/2025\/07\/grantovi_07_25_120-scaled.jpg","type":"image\/jpeg"}],"author":"Aleksandar Vukovic","twitter_card":"summary_large_image","twitter_creator":"@evropska_kuca","twitter_site":"@evropska_kuca","twitter_misc":{"Written by":"Aleksandar Vukovic","Est. reading time":"5 minutes"},"schema":{"@context":"https:\/\/schema.org","@graph":[{"@type":"Article","@id":"https:\/\/www.evropskakuca.me\/me\/eu-continues-to-support-civil-society-in-montenegro\/#article","isPartOf":{"@id":"https:\/\/www.evropskakuca.me\/me\/eu-continues-to-support-civil-society-in-montenegro\/"},"author":{"name":"Aleksandar Vukovic","@id":"https:\/\/www.evropskakuca.me\/me\/#\/schema\/person\/7e16527119c7b67f457996b970f2bd6e"},"headline":"EU nastavlja podr\u0161ku crnogorskom civilnom dru\u0161tvu","datePublished":"2025-07-17T08:12:02+00:00","dateModified":"2025-07-17T08:25:21+00:00","mainEntityOfPage":{"@id":"https:\/\/www.evropskakuca.me\/me\/eu-continues-to-support-civil-society-in-montenegro\/"},"wordCount":828,"publisher":{"@id":"https:\/\/www.evropskakuca.me\/me\/#organization"},"image":{"@id":"https:\/\/www.evropskakuca.me\/me\/eu-continues-to-support-civil-society-in-montenegro\/#primaryimage"},"thumbnailUrl":"https:\/\/www.evropskakuca.me\/wp-content\/uploads\/2025\/07\/grantovi_07_25_120-scaled.jpg","articleSection":["Novosti","Vesti"],"inLanguage":"me-ME"},{"@type":"WebPage","@id":"https:\/\/www.evropskakuca.me\/me\/eu-continues-to-support-civil-society-in-montenegro\/","url":"https:\/\/www.evropskakuca.me\/me\/eu-continues-to-support-civil-society-in-montenegro\/","name":"EU nastavlja podr\u0161ku crnogorskom civilnom dru\u0161tvu - Europe House","isPartOf":{"@id":"https:\/\/www.evropskakuca.me\/me\/#website"},"primaryImageOfPage":{"@id":"https:\/\/www.evropskakuca.me\/me\/eu-continues-to-support-civil-society-in-montenegro\/#primaryimage"},"image":{"@id":"https:\/\/www.evropskakuca.me\/me\/eu-continues-to-support-civil-society-in-montenegro\/#primaryimage"},"thumbnailUrl":"https:\/\/www.evropskakuca.me\/wp-content\/uploads\/2025\/07\/grantovi_07_25_120-scaled.jpg","datePublished":"2025-07-17T08:12:02+00:00","dateModified":"2025-07-17T08:25:21+00:00","breadcrumb":{"@id":"https:\/\/www.evropskakuca.me\/me\/eu-continues-to-support-civil-society-in-montenegro\/#breadcrumb"},"inLanguage":"me-ME","potentialAction":[{"@type":"ReadAction","target":["https:\/\/www.evropskakuca.me\/me\/eu-continues-to-support-civil-society-in-montenegro\/"]}]},{"@type":"ImageObject","inLanguage":"me-ME","@id":"https:\/\/www.evropskakuca.me\/me\/eu-continues-to-support-civil-society-in-montenegro\/#primaryimage","url":"https:\/\/www.evropskakuca.me\/wp-content\/uploads\/2025\/07\/grantovi_07_25_120-scaled.jpg","contentUrl":"https:\/\/www.evropskakuca.me\/wp-content\/uploads\/2025\/07\/grantovi_07_25_120-scaled.jpg","width":2560,"height":1707,"caption":"COPYRIGHT_DUSKO_MILJANIC_MONTENEGRO_"},{"@type":"BreadcrumbList","@id":"https:\/\/www.evropskakuca.me\/me\/eu-continues-to-support-civil-society-in-montenegro\/#breadcrumb","itemListElement":[{"@type":"ListItem","position":1,"name":"Home","item":"https:\/\/www.evropskakuca.me\/me\/"},{"@type":"ListItem","position":2,"name":"EU nastavlja podr\u0161ku crnogorskom civilnom dru\u0161tvu"}]},{"@type":"WebSite","@id":"https:\/\/www.evropskakuca.me\/me\/#website","url":"https:\/\/www.evropskakuca.me\/me\/","name":"Evropean house","description":"","publisher":{"@id":"https:\/\/www.evropskakuca.me\/me\/#organization"},"potentialAction":[{"@type":"SearchAction","target":{"@type":"EntryPoint","urlTemplate":"https:\/\/www.evropskakuca.me\/me\/?s={search_term_string}"},"query-input":{"@type":"PropertyValueSpecification","valueRequired":true,"valueName":"search_term_string"}}],"inLanguage":"me-ME"},{"@type":"Organization","@id":"https:\/\/www.evropskakuca.me\/me\/#organization","name":"Evropean house","url":"https:\/\/www.evropskakuca.me\/me\/","logo":{"@type":"ImageObject","inLanguage":"me-ME","@id":"https:\/\/www.evropskakuca.me\/me\/#\/schema\/logo\/image\/","url":"https:\/\/www.evropskakuca.me\/wp-content\/uploads\/2025\/01\/evropska-kuca-logo-1.png","contentUrl":"https:\/\/www.evropskakuca.me\/wp-content\/uploads\/2025\/01\/evropska-kuca-logo-1.png","width":425,"height":312,"caption":"Evropean house"},"image":{"@id":"https:\/\/www.evropskakuca.me\/me\/#\/schema\/logo\/image\/"},"sameAs":["https:\/\/www.facebook.com\/evropska.kuca","https:\/\/x.com\/evropska_kuca","https:\/\/www.instagram.com\/evropska_kuca"]},{"@type":"Person","@id":"https:\/\/www.evropskakuca.me\/me\/#\/schema\/person\/7e16527119c7b67f457996b970f2bd6e","name":"Aleksandar Vukovic","image":{"@type":"ImageObject","inLanguage":"me-ME","@id":"https:\/\/secure.gravatar.com\/avatar\/a1834e0104b0242a886079bde835ba36d80c70f9987a11f3ba33eb9e8d74cc15?s=96&d=mm&r=g","url":"https:\/\/secure.gravatar.com\/avatar\/a1834e0104b0242a886079bde835ba36d80c70f9987a11f3ba33eb9e8d74cc15?s=96&d=mm&r=g","contentUrl":"https:\/\/secure.gravatar.com\/avatar\/a1834e0104b0242a886079bde835ba36d80c70f9987a11f3ba33eb9e8d74cc15?s=96&d=mm&r=g","caption":"Aleksandar Vukovic"},"url":"https:\/\/www.evropskakuca.me\/me\/author\/aleksandar\/"}]}},"_links":{"self":[{"href":"https:\/\/www.evropskakuca.me\/me\/wp-json\/wp\/v2\/posts\/45381","targetHints":{"allow":["GET"]}}],"collection":[{"href":"https:\/\/www.evropskakuca.me\/me\/wp-json\/wp\/v2\/posts"}],"about":[{"href":"https:\/\/www.evropskakuca.me\/me\/wp-json\/wp\/v2\/types\/post"}],"author":[{"embeddable":true,"href":"https:\/\/www.evropskakuca.me\/me\/wp-json\/wp\/v2\/users\/3"}],"replies":[{"embeddable":true,"href":"https:\/\/www.evropskakuca.me\/me\/wp-json\/wp\/v2\/comments?post=45381"}],"version-history":[{"count":4,"href":"https:\/\/www.evropskakuca.me\/me\/wp-json\/wp\/v2\/posts\/45381\/revisions"}],"predecessor-version":[{"id":45386,"href":"https:\/\/www.evropskakuca.me\/me\/wp-json\/wp\/v2\/posts\/45381\/revisions\/45386"}],"wp:featuredmedia":[{"embeddable":true,"href":"https:\/\/www.evropskakuca.me\/me\/wp-json\/wp\/v2\/media\/45364"}],"wp:attachment":[{"href":"https:\/\/www.evropskakuca.me\/me\/wp-json\/wp\/v2\/media?parent=45381"}],"wp:term":[{"taxonomy":"category","embeddable":true,"href":"https:\/\/www.evropskakuca.me\/me\/wp-json\/wp\/v2\/categories?post=45381"},{"taxonomy":"post_tag","embeddable":true,"href":"https:\/\/www.evropskakuca.me\/me\/wp-json\/wp\/v2\/tags?post=45381"}],"curies":[{"name":"wp","href":"https:\/\/api.w.org\/{rel}","templated":true}]}}