{"id":45265,"date":"2025-07-08T14:39:56","date_gmt":"2025-07-08T14:39:56","guid":{"rendered":"https:\/\/www.evropskakuca.me\/?p=45265"},"modified":"2025-07-08T15:29:39","modified_gmt":"2025-07-08T15:29:39","slug":"umjetnost-i-sport-podsticu-inkluziju-i-medusobno-razumijevanje","status":"publish","type":"post","link":"https:\/\/www.evropskakuca.me\/me\/umjetnost-i-sport-podsticu-inkluziju-i-medusobno-razumijevanje\/","title":{"rendered":"Umjetnost i sport podsti\u010du inkluziju i me\u0111usobno razumijevanje"},"content":{"rendered":"\n<p>Umjetnost i sport prevazilaze jezi\u010dke i kulturne barijere, podsti\u010du inkluziju i stvaraju prostor za dijalog i me\u0111usobno razumijevanje, poru\u010deno je sa izlo\u017ebe na kojoj su predstavljene fotografije mladih talenata sa Zapadnog Balkana.<\/p>\n\n\n\n<p>Izlo\u017eba <strong>Priprema. Pozor. Na\u0161a Evropa<\/strong>. predstavlja zavr\u0161nicu regionalnog foto konkursa na koji je pristiglo skoro 200 prijava, a pokrenut je u okviru istoimene kampanje koju provodi <strong>WeBalkans<\/strong>, inicijativa Generalnog direktorata za pro\u0161irenje i Isto\u010dno susjedstvo (DG ENEST).<\/p>\n\n\n\n<figure class=\"wp-block-gallery has-nested-images columns-default is-cropped wp-block-gallery-1 is-layout-flex wp-block-gallery-is-layout-flex\">\n<figure class=\"wp-block-image size-large\"><img fetchpriority=\"high\" decoding=\"async\" width=\"1024\" height=\"683\" data-id=\"45270\" src=\"https:\/\/www.evropskakuca.me\/wp-content\/uploads\/2025\/07\/FRO_2131-1024x683.jpg\" alt=\"\" class=\"wp-image-45270\" srcset=\"https:\/\/www.evropskakuca.me\/wp-content\/uploads\/2025\/07\/FRO_2131-1024x683.jpg 1024w, https:\/\/www.evropskakuca.me\/wp-content\/uploads\/2025\/07\/FRO_2131-300x200.jpg 300w, https:\/\/www.evropskakuca.me\/wp-content\/uploads\/2025\/07\/FRO_2131-768x512.jpg 768w, https:\/\/www.evropskakuca.me\/wp-content\/uploads\/2025\/07\/FRO_2131-1536x1024.jpg 1536w, https:\/\/www.evropskakuca.me\/wp-content\/uploads\/2025\/07\/FRO_2131-2048x1365.jpg 2048w\" sizes=\"(max-width: 1024px) 100vw, 1024px\" \/><\/figure>\n\n\n\n<figure class=\"wp-block-image size-large\"><img decoding=\"async\" width=\"1024\" height=\"683\" data-id=\"45268\" src=\"https:\/\/www.evropskakuca.me\/wp-content\/uploads\/2025\/07\/FRO_2176-1024x683.jpg\" alt=\"\" class=\"wp-image-45268\" srcset=\"https:\/\/www.evropskakuca.me\/wp-content\/uploads\/2025\/07\/FRO_2176-1024x683.jpg 1024w, https:\/\/www.evropskakuca.me\/wp-content\/uploads\/2025\/07\/FRO_2176-300x200.jpg 300w, https:\/\/www.evropskakuca.me\/wp-content\/uploads\/2025\/07\/FRO_2176-768x512.jpg 768w, https:\/\/www.evropskakuca.me\/wp-content\/uploads\/2025\/07\/FRO_2176-1536x1024.jpg 1536w, https:\/\/www.evropskakuca.me\/wp-content\/uploads\/2025\/07\/FRO_2176-2048x1365.jpg 2048w\" sizes=\"(max-width: 1024px) 100vw, 1024px\" \/><\/figure>\n<\/figure>\n\n\n\n<p>Predstavnik za medije i odnose s javno\u0161\u0107u Delegacije Evropske unije u Crnoj Gori, <strong>Paolo Londero<\/strong>, koji je zvani\u010dno otvorio izlo\u017ebu, rekao je da je cilj ove inicijative da uklju\u010di mlade sa Zapadnog Balkana i pru\u017ei im priliku da se pove\u017eu, izraze i aktivno oblikuju svoju budu\u0107nost.<\/p>\n\n\n\n<p>\u201eEvropska unija (EU) pridaje veliki zna\u010daj mladima, kao nosiocima pozitivnih promjena u regionu. Mladi su klju\u010dni partneri u procesu pro\u0161irenja i imaju presudnu ulogu u oblikovanju demokratske, dru\u0161tvene i ekonomske budu\u0107nosti regiona\u201c, istakao je Londero.<\/p>\n\n\n\n<figure class=\"wp-block-image size-large\"><img decoding=\"async\" width=\"1024\" height=\"683\" src=\"https:\/\/www.evropskakuca.me\/wp-content\/uploads\/2025\/07\/FRO_2273-1024x683.jpg\" alt=\"\" class=\"wp-image-45272\" srcset=\"https:\/\/www.evropskakuca.me\/wp-content\/uploads\/2025\/07\/FRO_2273-1024x683.jpg 1024w, https:\/\/www.evropskakuca.me\/wp-content\/uploads\/2025\/07\/FRO_2273-300x200.jpg 300w, https:\/\/www.evropskakuca.me\/wp-content\/uploads\/2025\/07\/FRO_2273-768x512.jpg 768w, https:\/\/www.evropskakuca.me\/wp-content\/uploads\/2025\/07\/FRO_2273-1536x1024.jpg 1536w, https:\/\/www.evropskakuca.me\/wp-content\/uploads\/2025\/07\/FRO_2273-2048x1365.jpg 2048w\" sizes=\"(max-width: 1024px) 100vw, 1024px\" \/><\/figure>\n\n\n\n<p>Pro\u0161irenje, kako je poru\u010dio, nije samo politi\u010dko i institucionalno putovanje, ve\u0107 proces izgradnje veza povjerenja i zajedni\u010dnih vrijednosti me\u0111u dru\u0161tvima.<\/p>\n\n\n\n<p>\u201eU tom kontekstu, sport i umjetnost prevazilaze jezi\u010dke i kulturne barijere, podsti\u010du inkluziju i stvaraju prostor za dijalog i me\u0111usobno razumijevanje\u201c, dodao je Londero.<\/p>\n\n\n\n<figure class=\"wp-block-gallery has-nested-images columns-default is-cropped wp-block-gallery-2 is-layout-flex wp-block-gallery-is-layout-flex\">\n<figure class=\"wp-block-image size-large\"><img loading=\"lazy\" decoding=\"async\" width=\"1024\" height=\"683\" data-id=\"45278\" src=\"https:\/\/www.evropskakuca.me\/wp-content\/uploads\/2025\/07\/FRO_2138-1024x683.jpg\" alt=\"\" class=\"wp-image-45278\" srcset=\"https:\/\/www.evropskakuca.me\/wp-content\/uploads\/2025\/07\/FRO_2138-1024x683.jpg 1024w, https:\/\/www.evropskakuca.me\/wp-content\/uploads\/2025\/07\/FRO_2138-300x200.jpg 300w, https:\/\/www.evropskakuca.me\/wp-content\/uploads\/2025\/07\/FRO_2138-768x512.jpg 768w, https:\/\/www.evropskakuca.me\/wp-content\/uploads\/2025\/07\/FRO_2138-1536x1024.jpg 1536w, https:\/\/www.evropskakuca.me\/wp-content\/uploads\/2025\/07\/FRO_2138-2048x1365.jpg 2048w\" sizes=\"(max-width: 1024px) 100vw, 1024px\" \/><\/figure>\n\n\n\n<figure class=\"wp-block-image size-large\"><img loading=\"lazy\" decoding=\"async\" width=\"1024\" height=\"704\" data-id=\"45274\" src=\"https:\/\/www.evropskakuca.me\/wp-content\/uploads\/2025\/07\/FRO_2190-1024x704.jpg\" alt=\"\" class=\"wp-image-45274\" srcset=\"https:\/\/www.evropskakuca.me\/wp-content\/uploads\/2025\/07\/FRO_2190-1024x704.jpg 1024w, https:\/\/www.evropskakuca.me\/wp-content\/uploads\/2025\/07\/FRO_2190-300x206.jpg 300w, https:\/\/www.evropskakuca.me\/wp-content\/uploads\/2025\/07\/FRO_2190-768x528.jpg 768w, https:\/\/www.evropskakuca.me\/wp-content\/uploads\/2025\/07\/FRO_2190-1536x1055.jpg 1536w, https:\/\/www.evropskakuca.me\/wp-content\/uploads\/2025\/07\/FRO_2190-2048x1407.jpg 2048w\" sizes=\"(max-width: 1024px) 100vw, 1024px\" \/><\/figure>\n\n\n\n<figure class=\"wp-block-image size-large\"><img loading=\"lazy\" decoding=\"async\" width=\"1024\" height=\"683\" data-id=\"45276\" src=\"https:\/\/www.evropskakuca.me\/wp-content\/uploads\/2025\/07\/FRO_2195-1024x683.jpg\" alt=\"\" class=\"wp-image-45276\" srcset=\"https:\/\/www.evropskakuca.me\/wp-content\/uploads\/2025\/07\/FRO_2195-1024x683.jpg 1024w, https:\/\/www.evropskakuca.me\/wp-content\/uploads\/2025\/07\/FRO_2195-300x200.jpg 300w, https:\/\/www.evropskakuca.me\/wp-content\/uploads\/2025\/07\/FRO_2195-768x512.jpg 768w, https:\/\/www.evropskakuca.me\/wp-content\/uploads\/2025\/07\/FRO_2195-1536x1024.jpg 1536w, https:\/\/www.evropskakuca.me\/wp-content\/uploads\/2025\/07\/FRO_2195-2048x1365.jpg 2048w\" sizes=\"(max-width: 1024px) 100vw, 1024px\" \/><\/figure>\n<\/figure>\n\n\n\n<p>EU, kako je naveo, ostaje posve\u0107ena podr\u0161ci anga\u017emanu mladih i kulturnoj razmjeni, kao sastavnim djelovima procesa po\u0161irenja, promovi\u0161u\u0107i mir, stabilnost i prosperitet \u0161irom Zapadnog Balkana.<\/p>\n\n\n\n<p>Londero je istakao da radovi autora predstavljaju inspirativan primjer pozitivne uloge koju kultura i sport imaju u budu\u0107nosti Evrope.<\/p>\n\n\n\n<p>Predstavnik mre\u017ee Mladih evropskih ambasadora, <strong>Anton Gjolaj<\/strong>, kazao je da je dio te mre\u017ee jer vjeruje u snagu mladih da mijenjaju dru\u0161tvo na bolje i jer \u017eeli da bude dio zajednice koja povezuje mlade iz cijele Evrope i sa Zapadnog Balkana.<\/p>\n\n\n\n<figure class=\"wp-block-image size-large\"><img loading=\"lazy\" decoding=\"async\" width=\"1024\" height=\"683\" src=\"https:\/\/www.evropskakuca.me\/wp-content\/uploads\/2025\/07\/FRO_2412-1024x683.jpg\" alt=\"\" class=\"wp-image-45280\" srcset=\"https:\/\/www.evropskakuca.me\/wp-content\/uploads\/2025\/07\/FRO_2412-1024x683.jpg 1024w, https:\/\/www.evropskakuca.me\/wp-content\/uploads\/2025\/07\/FRO_2412-300x200.jpg 300w, https:\/\/www.evropskakuca.me\/wp-content\/uploads\/2025\/07\/FRO_2412-768x512.jpg 768w, https:\/\/www.evropskakuca.me\/wp-content\/uploads\/2025\/07\/FRO_2412-1536x1024.jpg 1536w, https:\/\/www.evropskakuca.me\/wp-content\/uploads\/2025\/07\/FRO_2412-2048x1365.jpg 2048w\" sizes=\"(max-width: 1024px) 100vw, 1024px\" \/><\/figure>\n\n\n\n<p>Gjolaj, koji se bavi triatlonom, poru\u010dio je da za njega sport nije samo fizi\u010dka aktivnost, ve\u0107 na\u010din \u017eivota koji ga u\u010di disciplini, istrajnosti i timskom radom.<\/p>\n\n\n\n<p>\u201eSmatram da sport mo\u017ee biti sna\u017ean alat za povezivanje ljudi i \u0161iranje evropskih vrijednosti, poput zajedni\u0161tva, po\u0161tovanja i inkluzije\u201c, istakao je Gjolaj.<\/p>\n\n\n\n<p>Kako tvrdi Gjolaj mladi sa Zapadnog Balkana mogu biti lideri i nosioci promjena.<\/p>\n\n\n\n<figure class=\"wp-block-gallery has-nested-images columns-default is-cropped wp-block-gallery-3 is-layout-flex wp-block-gallery-is-layout-flex\">\n<figure class=\"wp-block-image size-large\"><img loading=\"lazy\" decoding=\"async\" width=\"1024\" height=\"683\" data-id=\"45284\" src=\"https:\/\/www.evropskakuca.me\/wp-content\/uploads\/2025\/07\/FRO_2263-1024x683.jpg\" alt=\"\" class=\"wp-image-45284\" srcset=\"https:\/\/www.evropskakuca.me\/wp-content\/uploads\/2025\/07\/FRO_2263-1024x683.jpg 1024w, https:\/\/www.evropskakuca.me\/wp-content\/uploads\/2025\/07\/FRO_2263-300x200.jpg 300w, https:\/\/www.evropskakuca.me\/wp-content\/uploads\/2025\/07\/FRO_2263-768x512.jpg 768w, https:\/\/www.evropskakuca.me\/wp-content\/uploads\/2025\/07\/FRO_2263-1536x1024.jpg 1536w, https:\/\/www.evropskakuca.me\/wp-content\/uploads\/2025\/07\/FRO_2263-2048x1365.jpg 2048w\" sizes=\"(max-width: 1024px) 100vw, 1024px\" \/><\/figure>\n\n\n\n<figure class=\"wp-block-image size-large\"><img loading=\"lazy\" decoding=\"async\" width=\"1024\" height=\"683\" data-id=\"45286\" src=\"https:\/\/www.evropskakuca.me\/wp-content\/uploads\/2025\/07\/FRO_2334-1024x683.jpg\" alt=\"\" class=\"wp-image-45286\" srcset=\"https:\/\/www.evropskakuca.me\/wp-content\/uploads\/2025\/07\/FRO_2334-1024x683.jpg 1024w, https:\/\/www.evropskakuca.me\/wp-content\/uploads\/2025\/07\/FRO_2334-300x200.jpg 300w, https:\/\/www.evropskakuca.me\/wp-content\/uploads\/2025\/07\/FRO_2334-768x512.jpg 768w, https:\/\/www.evropskakuca.me\/wp-content\/uploads\/2025\/07\/FRO_2334-1536x1024.jpg 1536w, https:\/\/www.evropskakuca.me\/wp-content\/uploads\/2025\/07\/FRO_2334-2048x1365.jpg 2048w\" sizes=\"(max-width: 1024px) 100vw, 1024px\" \/><\/figure>\n<\/figure>\n\n\n\n<p>\u201eIzuzetno mi je drago \u0161to se kroz ovu izlo\u017ebu povezuju sport i vrijednosti koji svakodnevno \u017eivim \u2013 disciplina, zajedni\u0161tvo, po\u0161tovanje i istrajnost. Ovakve inicijative su va\u017ene, jer nam pokazuju da sport nije samo takmi\u010denje, ve\u0107 prostor za dijalog, razumijevanje i pozitivne dru\u0161tvene promjene\u201c, naglasio je Gjolaj.<\/p>\n\n\n\n<p>Koordinatorka Mre\u017ee mladih evropskih ambasadora, <strong>Stanislava Marojevi\u0107<\/strong>, kazala je da im je ova posebno prirasla srcu, iz vi\u0161e razloga.<\/p>\n\n\n\n<p>Prvi razlog, kako je istakla, jeste taj \u0161to su mladi dobili priliku da se izraze i da poka\u017eu svoju kreativnost kroz svakodnevne aktivnosti u kojima u\u010destvuju.<\/p>\n\n\n\n<figure class=\"wp-block-image size-large\"><img loading=\"lazy\" decoding=\"async\" width=\"1024\" height=\"683\" src=\"https:\/\/www.evropskakuca.me\/wp-content\/uploads\/2025\/07\/FRO_2365-1024x683.jpg\" alt=\"\" class=\"wp-image-45282\" srcset=\"https:\/\/www.evropskakuca.me\/wp-content\/uploads\/2025\/07\/FRO_2365-1024x683.jpg 1024w, https:\/\/www.evropskakuca.me\/wp-content\/uploads\/2025\/07\/FRO_2365-300x200.jpg 300w, https:\/\/www.evropskakuca.me\/wp-content\/uploads\/2025\/07\/FRO_2365-768x512.jpg 768w, https:\/\/www.evropskakuca.me\/wp-content\/uploads\/2025\/07\/FRO_2365-1536x1024.jpg 1536w, https:\/\/www.evropskakuca.me\/wp-content\/uploads\/2025\/07\/FRO_2365-2048x1365.jpg 2048w\" sizes=\"(max-width: 1024px) 100vw, 1024px\" \/><\/figure>\n\n\n\n<p>Ona je kazala da se na foto konkurs prijavilo vi\u0161e od 180 osoba i da je profesionalni \u017eiri, kojeg su \u010dinili fotografi, novinari i ljudi iz sporta i umjetnosti, izabrao po tri pobjednika iz svake od \u0161est dr\u017eava Zapadnog Balkana.<\/p>\n\n\n\n<p>\u201eSlijedi glasanje za najbolja tri rada i nakon toga \u0107e pobjednici imati priliku da prisustvuju velikoj izlo\u017ebi u jednoj od zemalja Evropske unije. Na nama je da se predstavimo najbolje \u0161to mo\u017eemo i da poka\u017eemo na\u0161e talente i postignu\u0107a\u201c, istakla je Marojevi\u0107.<\/p>\n\n\n\n<p>Mladi sportista <strong>Stefan Vidovi\u0107<\/strong>, crnogorski reprezentativac u vaterpolu, govorio je o snazi sporta kojom se prevazilaze granice i povezuju mladi ljudi.<\/p>\n\n\n\n<figure class=\"wp-block-image size-large\"><img loading=\"lazy\" decoding=\"async\" width=\"1024\" height=\"683\" src=\"https:\/\/www.evropskakuca.me\/wp-content\/uploads\/2025\/07\/FRO_2388-1024x683.jpg\" alt=\"\" class=\"wp-image-45290\" srcset=\"https:\/\/www.evropskakuca.me\/wp-content\/uploads\/2025\/07\/FRO_2388-1024x683.jpg 1024w, https:\/\/www.evropskakuca.me\/wp-content\/uploads\/2025\/07\/FRO_2388-300x200.jpg 300w, https:\/\/www.evropskakuca.me\/wp-content\/uploads\/2025\/07\/FRO_2388-768x512.jpg 768w, https:\/\/www.evropskakuca.me\/wp-content\/uploads\/2025\/07\/FRO_2388-1536x1024.jpg 1536w, https:\/\/www.evropskakuca.me\/wp-content\/uploads\/2025\/07\/FRO_2388-2048x1365.jpg 2048w\" sizes=\"(max-width: 1024px) 100vw, 1024px\" \/><\/figure>\n\n\n\n<p>On smatra da je ovaj foto konkurs sjajan primjer povezivanja mladih, kao i da sli\u010dnih inicijativa treba da bude \u0161to vi\u0161e.<\/p>\n\n\n\n<p>U\u010denica \u010detvrtog razreda Gimnazije \u201eNiko Rolovi\u0107\u201d iz Bara i autorka jedne od tri nagra\u0111ene fotografije iz Crne Gore, <strong>Anja Mili\u0107<\/strong>, istakla je da joj je velika \u010dast \u0161to je dio inicijative koja promovi\u0161e sport i umjetnost.<\/p>\n\n\n\n<figure class=\"wp-block-image size-large\"><img loading=\"lazy\" decoding=\"async\" width=\"1024\" height=\"683\" src=\"https:\/\/www.evropskakuca.me\/wp-content\/uploads\/2025\/07\/FRO_2433-1024x683.jpg\" alt=\"\" class=\"wp-image-45288\" srcset=\"https:\/\/www.evropskakuca.me\/wp-content\/uploads\/2025\/07\/FRO_2433-1024x683.jpg 1024w, https:\/\/www.evropskakuca.me\/wp-content\/uploads\/2025\/07\/FRO_2433-300x200.jpg 300w, https:\/\/www.evropskakuca.me\/wp-content\/uploads\/2025\/07\/FRO_2433-768x512.jpg 768w, https:\/\/www.evropskakuca.me\/wp-content\/uploads\/2025\/07\/FRO_2433-1536x1024.jpg 1536w, https:\/\/www.evropskakuca.me\/wp-content\/uploads\/2025\/07\/FRO_2433-2048x1365.jpg 2048w\" sizes=\"(max-width: 1024px) 100vw, 1024px\" \/><\/figure>\n\n\n\n<p>\u201e\u0160to se ti\u010de same fotografije, inspiracije nema. To je spontanost, ne\u0161to \u0161to se desilo u trenutku\u201c, navela je Mili\u0107, dodaju\u0107i da je njena fotografija nastala tokom humanitarnog turnira Srcem do ko\u0161a, koji je organizovala Gimnazija \u201eNiko Rolovi\u0107\u201c.<\/p>\n\n\n\n<p>Su\u0161tina fotografije, prema njenim rije\u010dima, jeste da \u0161iri pri\u010du.<\/p>\n\n\n\n<p>Autor jedne od tri nagra\u0111ene fotografije iz Crne Gore, <strong>Igor Kola\u0161inac<\/strong>, kazao je da je njegova fotografija, koja prikazuje grupu mladi\u0107a koji igraju basket na starom terenu na otvorenom, nastala na Cetinju.<\/p>\n\n\n\n<p>On je rekao da je odabrao da to bude crno-bijela fotografija kako bi \u0161to bolje istakao su\u0161tinu slike.<\/p>\n","protected":false},"excerpt":{"rendered":"<p>Umjetnost i sport prevazilaze jezi\u010dke i kulturne barijere, podsti\u010du inkluziju i stvaraju prostor za dijalog i me\u0111usobno razumijevanje, poru\u010deno je sa izlo\u017ebe na kojoj su predstavljene fotografije mladih talenata sa Zapadnog Balkana. Izlo\u017eba Priprema. Pozor. Na\u0161a Evropa. predstavlja zavr\u0161nicu regionalnog foto konkursa na koji je pristiglo skoro 200 prijava, a pokrenut je u okviru istoimene [&hellip;]<\/p>\n","protected":false},"author":3,"featured_media":45266,"comment_status":"closed","ping_status":"closed","sticky":false,"template":"","format":"standard","meta":{"_acf_changed":false,"footnotes":""},"categories":[283,2,524],"tags":[],"class_list":["post-45265","post","type-post","status-publish","format-standard","has-post-thumbnail","hentry","category-novosti-me","category-uncategorized-me","category-vesti"],"acf":[],"yoast_head":"<!-- This site is optimized with the Yoast SEO plugin v27.3 - https:\/\/yoast.com\/product\/yoast-seo-wordpress\/ -->\n<title>Umjetnost i sport podsti\u010du inkluziju i me\u0111usobno razumijevanje - Europe House<\/title>\n<meta name=\"robots\" content=\"index, follow, max-snippet:-1, max-image-preview:large, max-video-preview:-1\" \/>\n<link rel=\"canonical\" href=\"https:\/\/www.evropskakuca.me\/me\/umjetnost-i-sport-podsticu-inkluziju-i-medusobno-razumijevanje\/\" \/>\n<meta property=\"og:locale\" content=\"en_US\" \/>\n<meta property=\"og:type\" content=\"article\" \/>\n<meta property=\"og:title\" content=\"Umjetnost i sport podsti\u010du inkluziju i me\u0111usobno razumijevanje - Europe House\" \/>\n<meta property=\"og:description\" content=\"Umjetnost i sport prevazilaze jezi\u010dke i kulturne barijere, podsti\u010du inkluziju i stvaraju prostor za dijalog i me\u0111usobno razumijevanje, poru\u010deno je sa izlo\u017ebe na kojoj su predstavljene fotografije mladih talenata sa Zapadnog Balkana. Izlo\u017eba Priprema. Pozor. Na\u0161a Evropa. predstavlja zavr\u0161nicu regionalnog foto konkursa na koji je pristiglo skoro 200 prijava, a pokrenut je u okviru istoimene [&hellip;]\" \/>\n<meta property=\"og:url\" content=\"https:\/\/www.evropskakuca.me\/me\/umjetnost-i-sport-podsticu-inkluziju-i-medusobno-razumijevanje\/\" \/>\n<meta property=\"og:site_name\" content=\"Europe House\" \/>\n<meta property=\"article:publisher\" content=\"https:\/\/www.facebook.com\/evropska.kuca\" \/>\n<meta property=\"article:published_time\" content=\"2025-07-08T14:39:56+00:00\" \/>\n<meta property=\"article:modified_time\" content=\"2025-07-08T15:29:39+00:00\" \/>\n<meta property=\"og:image\" content=\"https:\/\/www.evropskakuca.me\/wp-content\/uploads\/2025\/07\/FRO_2207-scaled.jpg\" \/>\n\t<meta property=\"og:image:width\" content=\"2560\" \/>\n\t<meta property=\"og:image:height\" content=\"1707\" \/>\n\t<meta property=\"og:image:type\" content=\"image\/jpeg\" \/>\n<meta name=\"author\" content=\"Aleksandar Vukovic\" \/>\n<meta name=\"twitter:card\" content=\"summary_large_image\" \/>\n<meta name=\"twitter:creator\" content=\"@evropska_kuca\" \/>\n<meta name=\"twitter:site\" content=\"@evropska_kuca\" \/>\n<meta name=\"twitter:label1\" content=\"Written by\" \/>\n\t<meta name=\"twitter:data1\" content=\"Aleksandar Vukovic\" \/>\n\t<meta name=\"twitter:label2\" content=\"Est. reading time\" \/>\n\t<meta name=\"twitter:data2\" content=\"6 minutes\" \/>\n<script type=\"application\/ld+json\" class=\"yoast-schema-graph\">{\"@context\":\"https:\\\/\\\/schema.org\",\"@graph\":[{\"@type\":\"Article\",\"@id\":\"https:\\\/\\\/www.evropskakuca.me\\\/me\\\/umjetnost-i-sport-podsticu-inkluziju-i-medusobno-razumijevanje\\\/#article\",\"isPartOf\":{\"@id\":\"https:\\\/\\\/www.evropskakuca.me\\\/me\\\/umjetnost-i-sport-podsticu-inkluziju-i-medusobno-razumijevanje\\\/\"},\"author\":{\"name\":\"Aleksandar Vukovic\",\"@id\":\"https:\\\/\\\/www.evropskakuca.me\\\/me\\\/#\\\/schema\\\/person\\\/7e16527119c7b67f457996b970f2bd6e\"},\"headline\":\"Umjetnost i sport podsti\u010du inkluziju i me\u0111usobno razumijevanje\",\"datePublished\":\"2025-07-08T14:39:56+00:00\",\"dateModified\":\"2025-07-08T15:29:39+00:00\",\"mainEntityOfPage\":{\"@id\":\"https:\\\/\\\/www.evropskakuca.me\\\/me\\\/umjetnost-i-sport-podsticu-inkluziju-i-medusobno-razumijevanje\\\/\"},\"wordCount\":776,\"publisher\":{\"@id\":\"https:\\\/\\\/www.evropskakuca.me\\\/me\\\/#organization\"},\"image\":{\"@id\":\"https:\\\/\\\/www.evropskakuca.me\\\/me\\\/umjetnost-i-sport-podsticu-inkluziju-i-medusobno-razumijevanje\\\/#primaryimage\"},\"thumbnailUrl\":\"https:\\\/\\\/www.evropskakuca.me\\\/wp-content\\\/uploads\\\/2025\\\/07\\\/FRO_2207-scaled.jpg\",\"articleSection\":[\"Novosti\",\"Uncategorized @me\",\"Vesti\"],\"inLanguage\":\"me-ME\"},{\"@type\":\"WebPage\",\"@id\":\"https:\\\/\\\/www.evropskakuca.me\\\/me\\\/umjetnost-i-sport-podsticu-inkluziju-i-medusobno-razumijevanje\\\/\",\"url\":\"https:\\\/\\\/www.evropskakuca.me\\\/me\\\/umjetnost-i-sport-podsticu-inkluziju-i-medusobno-razumijevanje\\\/\",\"name\":\"Umjetnost i sport podsti\u010du inkluziju i me\u0111usobno razumijevanje - Europe House\",\"isPartOf\":{\"@id\":\"https:\\\/\\\/www.evropskakuca.me\\\/me\\\/#website\"},\"primaryImageOfPage\":{\"@id\":\"https:\\\/\\\/www.evropskakuca.me\\\/me\\\/umjetnost-i-sport-podsticu-inkluziju-i-medusobno-razumijevanje\\\/#primaryimage\"},\"image\":{\"@id\":\"https:\\\/\\\/www.evropskakuca.me\\\/me\\\/umjetnost-i-sport-podsticu-inkluziju-i-medusobno-razumijevanje\\\/#primaryimage\"},\"thumbnailUrl\":\"https:\\\/\\\/www.evropskakuca.me\\\/wp-content\\\/uploads\\\/2025\\\/07\\\/FRO_2207-scaled.jpg\",\"datePublished\":\"2025-07-08T14:39:56+00:00\",\"dateModified\":\"2025-07-08T15:29:39+00:00\",\"breadcrumb\":{\"@id\":\"https:\\\/\\\/www.evropskakuca.me\\\/me\\\/umjetnost-i-sport-podsticu-inkluziju-i-medusobno-razumijevanje\\\/#breadcrumb\"},\"inLanguage\":\"me-ME\",\"potentialAction\":[{\"@type\":\"ReadAction\",\"target\":[\"https:\\\/\\\/www.evropskakuca.me\\\/me\\\/umjetnost-i-sport-podsticu-inkluziju-i-medusobno-razumijevanje\\\/\"]}]},{\"@type\":\"ImageObject\",\"inLanguage\":\"me-ME\",\"@id\":\"https:\\\/\\\/www.evropskakuca.me\\\/me\\\/umjetnost-i-sport-podsticu-inkluziju-i-medusobno-razumijevanje\\\/#primaryimage\",\"url\":\"https:\\\/\\\/www.evropskakuca.me\\\/wp-content\\\/uploads\\\/2025\\\/07\\\/FRO_2207-scaled.jpg\",\"contentUrl\":\"https:\\\/\\\/www.evropskakuca.me\\\/wp-content\\\/uploads\\\/2025\\\/07\\\/FRO_2207-scaled.jpg\",\"width\":2560,\"height\":1707},{\"@type\":\"BreadcrumbList\",\"@id\":\"https:\\\/\\\/www.evropskakuca.me\\\/me\\\/umjetnost-i-sport-podsticu-inkluziju-i-medusobno-razumijevanje\\\/#breadcrumb\",\"itemListElement\":[{\"@type\":\"ListItem\",\"position\":1,\"name\":\"Home\",\"item\":\"https:\\\/\\\/www.evropskakuca.me\\\/me\\\/\"},{\"@type\":\"ListItem\",\"position\":2,\"name\":\"Umjetnost i sport podsti\u010du inkluziju i me\u0111usobno razumijevanje\"}]},{\"@type\":\"WebSite\",\"@id\":\"https:\\\/\\\/www.evropskakuca.me\\\/me\\\/#website\",\"url\":\"https:\\\/\\\/www.evropskakuca.me\\\/me\\\/\",\"name\":\"Evropean house\",\"description\":\"\",\"publisher\":{\"@id\":\"https:\\\/\\\/www.evropskakuca.me\\\/me\\\/#organization\"},\"potentialAction\":[{\"@type\":\"SearchAction\",\"target\":{\"@type\":\"EntryPoint\",\"urlTemplate\":\"https:\\\/\\\/www.evropskakuca.me\\\/me\\\/?s={search_term_string}\"},\"query-input\":{\"@type\":\"PropertyValueSpecification\",\"valueRequired\":true,\"valueName\":\"search_term_string\"}}],\"inLanguage\":\"me-ME\"},{\"@type\":\"Organization\",\"@id\":\"https:\\\/\\\/www.evropskakuca.me\\\/me\\\/#organization\",\"name\":\"Evropean house\",\"url\":\"https:\\\/\\\/www.evropskakuca.me\\\/me\\\/\",\"logo\":{\"@type\":\"ImageObject\",\"inLanguage\":\"me-ME\",\"@id\":\"https:\\\/\\\/www.evropskakuca.me\\\/me\\\/#\\\/schema\\\/logo\\\/image\\\/\",\"url\":\"https:\\\/\\\/www.evropskakuca.me\\\/wp-content\\\/uploads\\\/2025\\\/01\\\/evropska-kuca-logo-1.png\",\"contentUrl\":\"https:\\\/\\\/www.evropskakuca.me\\\/wp-content\\\/uploads\\\/2025\\\/01\\\/evropska-kuca-logo-1.png\",\"width\":425,\"height\":312,\"caption\":\"Evropean house\"},\"image\":{\"@id\":\"https:\\\/\\\/www.evropskakuca.me\\\/me\\\/#\\\/schema\\\/logo\\\/image\\\/\"},\"sameAs\":[\"https:\\\/\\\/www.facebook.com\\\/evropska.kuca\",\"https:\\\/\\\/x.com\\\/evropska_kuca\",\"https:\\\/\\\/www.instagram.com\\\/evropska_kuca\"]},{\"@type\":\"Person\",\"@id\":\"https:\\\/\\\/www.evropskakuca.me\\\/me\\\/#\\\/schema\\\/person\\\/7e16527119c7b67f457996b970f2bd6e\",\"name\":\"Aleksandar Vukovic\",\"image\":{\"@type\":\"ImageObject\",\"inLanguage\":\"me-ME\",\"@id\":\"https:\\\/\\\/secure.gravatar.com\\\/avatar\\\/a1834e0104b0242a886079bde835ba36d80c70f9987a11f3ba33eb9e8d74cc15?s=96&d=mm&r=g\",\"url\":\"https:\\\/\\\/secure.gravatar.com\\\/avatar\\\/a1834e0104b0242a886079bde835ba36d80c70f9987a11f3ba33eb9e8d74cc15?s=96&d=mm&r=g\",\"contentUrl\":\"https:\\\/\\\/secure.gravatar.com\\\/avatar\\\/a1834e0104b0242a886079bde835ba36d80c70f9987a11f3ba33eb9e8d74cc15?s=96&d=mm&r=g\",\"caption\":\"Aleksandar Vukovic\"},\"url\":\"https:\\\/\\\/www.evropskakuca.me\\\/me\\\/author\\\/aleksandar\\\/\"}]}<\/script>\n<!-- \/ Yoast SEO plugin. -->","yoast_head_json":{"title":"Umjetnost i sport podsti\u010du inkluziju i me\u0111usobno razumijevanje - Europe House","robots":{"index":"index","follow":"follow","max-snippet":"max-snippet:-1","max-image-preview":"max-image-preview:large","max-video-preview":"max-video-preview:-1"},"canonical":"https:\/\/www.evropskakuca.me\/me\/umjetnost-i-sport-podsticu-inkluziju-i-medusobno-razumijevanje\/","og_locale":"en_US","og_type":"article","og_title":"Umjetnost i sport podsti\u010du inkluziju i me\u0111usobno razumijevanje - Europe House","og_description":"Umjetnost i sport prevazilaze jezi\u010dke i kulturne barijere, podsti\u010du inkluziju i stvaraju prostor za dijalog i me\u0111usobno razumijevanje, poru\u010deno je sa izlo\u017ebe na kojoj su predstavljene fotografije mladih talenata sa Zapadnog Balkana. Izlo\u017eba Priprema. Pozor. Na\u0161a Evropa. predstavlja zavr\u0161nicu regionalnog foto konkursa na koji je pristiglo skoro 200 prijava, a pokrenut je u okviru istoimene [&hellip;]","og_url":"https:\/\/www.evropskakuca.me\/me\/umjetnost-i-sport-podsticu-inkluziju-i-medusobno-razumijevanje\/","og_site_name":"Europe House","article_publisher":"https:\/\/www.facebook.com\/evropska.kuca","article_published_time":"2025-07-08T14:39:56+00:00","article_modified_time":"2025-07-08T15:29:39+00:00","og_image":[{"width":2560,"height":1707,"url":"https:\/\/www.evropskakuca.me\/wp-content\/uploads\/2025\/07\/FRO_2207-scaled.jpg","type":"image\/jpeg"}],"author":"Aleksandar Vukovic","twitter_card":"summary_large_image","twitter_creator":"@evropska_kuca","twitter_site":"@evropska_kuca","twitter_misc":{"Written by":"Aleksandar Vukovic","Est. reading time":"6 minutes"},"schema":{"@context":"https:\/\/schema.org","@graph":[{"@type":"Article","@id":"https:\/\/www.evropskakuca.me\/me\/umjetnost-i-sport-podsticu-inkluziju-i-medusobno-razumijevanje\/#article","isPartOf":{"@id":"https:\/\/www.evropskakuca.me\/me\/umjetnost-i-sport-podsticu-inkluziju-i-medusobno-razumijevanje\/"},"author":{"name":"Aleksandar Vukovic","@id":"https:\/\/www.evropskakuca.me\/me\/#\/schema\/person\/7e16527119c7b67f457996b970f2bd6e"},"headline":"Umjetnost i sport podsti\u010du inkluziju i me\u0111usobno razumijevanje","datePublished":"2025-07-08T14:39:56+00:00","dateModified":"2025-07-08T15:29:39+00:00","mainEntityOfPage":{"@id":"https:\/\/www.evropskakuca.me\/me\/umjetnost-i-sport-podsticu-inkluziju-i-medusobno-razumijevanje\/"},"wordCount":776,"publisher":{"@id":"https:\/\/www.evropskakuca.me\/me\/#organization"},"image":{"@id":"https:\/\/www.evropskakuca.me\/me\/umjetnost-i-sport-podsticu-inkluziju-i-medusobno-razumijevanje\/#primaryimage"},"thumbnailUrl":"https:\/\/www.evropskakuca.me\/wp-content\/uploads\/2025\/07\/FRO_2207-scaled.jpg","articleSection":["Novosti","Uncategorized @me","Vesti"],"inLanguage":"me-ME"},{"@type":"WebPage","@id":"https:\/\/www.evropskakuca.me\/me\/umjetnost-i-sport-podsticu-inkluziju-i-medusobno-razumijevanje\/","url":"https:\/\/www.evropskakuca.me\/me\/umjetnost-i-sport-podsticu-inkluziju-i-medusobno-razumijevanje\/","name":"Umjetnost i sport podsti\u010du inkluziju i me\u0111usobno razumijevanje - Europe House","isPartOf":{"@id":"https:\/\/www.evropskakuca.me\/me\/#website"},"primaryImageOfPage":{"@id":"https:\/\/www.evropskakuca.me\/me\/umjetnost-i-sport-podsticu-inkluziju-i-medusobno-razumijevanje\/#primaryimage"},"image":{"@id":"https:\/\/www.evropskakuca.me\/me\/umjetnost-i-sport-podsticu-inkluziju-i-medusobno-razumijevanje\/#primaryimage"},"thumbnailUrl":"https:\/\/www.evropskakuca.me\/wp-content\/uploads\/2025\/07\/FRO_2207-scaled.jpg","datePublished":"2025-07-08T14:39:56+00:00","dateModified":"2025-07-08T15:29:39+00:00","breadcrumb":{"@id":"https:\/\/www.evropskakuca.me\/me\/umjetnost-i-sport-podsticu-inkluziju-i-medusobno-razumijevanje\/#breadcrumb"},"inLanguage":"me-ME","potentialAction":[{"@type":"ReadAction","target":["https:\/\/www.evropskakuca.me\/me\/umjetnost-i-sport-podsticu-inkluziju-i-medusobno-razumijevanje\/"]}]},{"@type":"ImageObject","inLanguage":"me-ME","@id":"https:\/\/www.evropskakuca.me\/me\/umjetnost-i-sport-podsticu-inkluziju-i-medusobno-razumijevanje\/#primaryimage","url":"https:\/\/www.evropskakuca.me\/wp-content\/uploads\/2025\/07\/FRO_2207-scaled.jpg","contentUrl":"https:\/\/www.evropskakuca.me\/wp-content\/uploads\/2025\/07\/FRO_2207-scaled.jpg","width":2560,"height":1707},{"@type":"BreadcrumbList","@id":"https:\/\/www.evropskakuca.me\/me\/umjetnost-i-sport-podsticu-inkluziju-i-medusobno-razumijevanje\/#breadcrumb","itemListElement":[{"@type":"ListItem","position":1,"name":"Home","item":"https:\/\/www.evropskakuca.me\/me\/"},{"@type":"ListItem","position":2,"name":"Umjetnost i sport podsti\u010du inkluziju i me\u0111usobno razumijevanje"}]},{"@type":"WebSite","@id":"https:\/\/www.evropskakuca.me\/me\/#website","url":"https:\/\/www.evropskakuca.me\/me\/","name":"Evropean house","description":"","publisher":{"@id":"https:\/\/www.evropskakuca.me\/me\/#organization"},"potentialAction":[{"@type":"SearchAction","target":{"@type":"EntryPoint","urlTemplate":"https:\/\/www.evropskakuca.me\/me\/?s={search_term_string}"},"query-input":{"@type":"PropertyValueSpecification","valueRequired":true,"valueName":"search_term_string"}}],"inLanguage":"me-ME"},{"@type":"Organization","@id":"https:\/\/www.evropskakuca.me\/me\/#organization","name":"Evropean house","url":"https:\/\/www.evropskakuca.me\/me\/","logo":{"@type":"ImageObject","inLanguage":"me-ME","@id":"https:\/\/www.evropskakuca.me\/me\/#\/schema\/logo\/image\/","url":"https:\/\/www.evropskakuca.me\/wp-content\/uploads\/2025\/01\/evropska-kuca-logo-1.png","contentUrl":"https:\/\/www.evropskakuca.me\/wp-content\/uploads\/2025\/01\/evropska-kuca-logo-1.png","width":425,"height":312,"caption":"Evropean house"},"image":{"@id":"https:\/\/www.evropskakuca.me\/me\/#\/schema\/logo\/image\/"},"sameAs":["https:\/\/www.facebook.com\/evropska.kuca","https:\/\/x.com\/evropska_kuca","https:\/\/www.instagram.com\/evropska_kuca"]},{"@type":"Person","@id":"https:\/\/www.evropskakuca.me\/me\/#\/schema\/person\/7e16527119c7b67f457996b970f2bd6e","name":"Aleksandar Vukovic","image":{"@type":"ImageObject","inLanguage":"me-ME","@id":"https:\/\/secure.gravatar.com\/avatar\/a1834e0104b0242a886079bde835ba36d80c70f9987a11f3ba33eb9e8d74cc15?s=96&d=mm&r=g","url":"https:\/\/secure.gravatar.com\/avatar\/a1834e0104b0242a886079bde835ba36d80c70f9987a11f3ba33eb9e8d74cc15?s=96&d=mm&r=g","contentUrl":"https:\/\/secure.gravatar.com\/avatar\/a1834e0104b0242a886079bde835ba36d80c70f9987a11f3ba33eb9e8d74cc15?s=96&d=mm&r=g","caption":"Aleksandar Vukovic"},"url":"https:\/\/www.evropskakuca.me\/me\/author\/aleksandar\/"}]}},"_links":{"self":[{"href":"https:\/\/www.evropskakuca.me\/me\/wp-json\/wp\/v2\/posts\/45265","targetHints":{"allow":["GET"]}}],"collection":[{"href":"https:\/\/www.evropskakuca.me\/me\/wp-json\/wp\/v2\/posts"}],"about":[{"href":"https:\/\/www.evropskakuca.me\/me\/wp-json\/wp\/v2\/types\/post"}],"author":[{"embeddable":true,"href":"https:\/\/www.evropskakuca.me\/me\/wp-json\/wp\/v2\/users\/3"}],"replies":[{"embeddable":true,"href":"https:\/\/www.evropskakuca.me\/me\/wp-json\/wp\/v2\/comments?post=45265"}],"version-history":[{"count":3,"href":"https:\/\/www.evropskakuca.me\/me\/wp-json\/wp\/v2\/posts\/45265\/revisions"}],"predecessor-version":[{"id":45298,"href":"https:\/\/www.evropskakuca.me\/me\/wp-json\/wp\/v2\/posts\/45265\/revisions\/45298"}],"wp:featuredmedia":[{"embeddable":true,"href":"https:\/\/www.evropskakuca.me\/me\/wp-json\/wp\/v2\/media\/45266"}],"wp:attachment":[{"href":"https:\/\/www.evropskakuca.me\/me\/wp-json\/wp\/v2\/media?parent=45265"}],"wp:term":[{"taxonomy":"category","embeddable":true,"href":"https:\/\/www.evropskakuca.me\/me\/wp-json\/wp\/v2\/categories?post=45265"},{"taxonomy":"post_tag","embeddable":true,"href":"https:\/\/www.evropskakuca.me\/me\/wp-json\/wp\/v2\/tags?post=45265"}],"curies":[{"name":"wp","href":"https:\/\/api.w.org\/{rel}","templated":true}]}}