{"id":45111,"date":"2025-07-03T08:52:37","date_gmt":"2025-07-03T08:52:37","guid":{"rendered":"https:\/\/www.evropskakuca.me\/?p=45111"},"modified":"2025-07-09T08:32:43","modified_gmt":"2025-07-09T08:32:43","slug":"ambasador-satler-u-herceg-novom","status":"publish","type":"post","link":"https:\/\/www.evropskakuca.me\/me\/ambasador-satler-u-herceg-novom\/","title":{"rendered":"Ambasador Johan Satler boravio je u posjeti Herceg Novom"},"content":{"rendered":"\n<p class=\"has-text-align-center\"><strong><em>U fokusu rekonstrukcija \u0160panjole<\/em><\/strong><\/p>\n\n\n\n<p>Radove na rekonstrukciji tvr\u0111ave \u0160panjola obi\u0161li su Ambasador Evropske unije u Crnoj Gori, Johan Satler i predstavnici Op\u0161tine Herceg Novi, na \u010delu sa predsjednikom, Stevanom Kati\u0107em.<\/p>\n\n\n\n<p>Obilasku tvr\u0111ave prethodio je radni sastanak u Ku\u0107i nobelovca Iva Andri\u0107a, kojem su prisustvovali predsjednik Skup\u0161tine op\u0161tine Herceg Novi, Milo\u0161 Konjevi\u0107, sekretarka za kulturu i obrazovanje, Ana Zambeli\u0107 Pi\u0161talo i pomo\u0107nik sekretara za dru\u0161tvene djelatnosti i me\u0111unarodnu saradnju, Mitar Kisjelica.<\/p>\n\n\n\n<figure class=\"wp-block-gallery has-nested-images columns-default is-cropped wp-block-gallery-1 is-layout-flex wp-block-gallery-is-layout-flex\">\n<figure class=\"wp-block-image size-large\"><img fetchpriority=\"high\" decoding=\"async\" width=\"1024\" height=\"683\" data-id=\"45116\" src=\"https:\/\/www.evropskakuca.me\/wp-content\/uploads\/2025\/07\/image00026-1024x683.jpeg\" alt=\"\" class=\"wp-image-45116\" srcset=\"https:\/\/www.evropskakuca.me\/wp-content\/uploads\/2025\/07\/image00026-1024x683.jpeg 1024w, https:\/\/www.evropskakuca.me\/wp-content\/uploads\/2025\/07\/image00026-300x200.jpeg 300w, https:\/\/www.evropskakuca.me\/wp-content\/uploads\/2025\/07\/image00026-768x512.jpeg 768w, https:\/\/www.evropskakuca.me\/wp-content\/uploads\/2025\/07\/image00026-1536x1024.jpeg 1536w, https:\/\/www.evropskakuca.me\/wp-content\/uploads\/2025\/07\/image00026-2048x1365.jpeg 2048w\" sizes=\"(max-width: 1024px) 100vw, 1024px\" \/><\/figure>\n\n\n\n<figure class=\"wp-block-image size-large\"><img decoding=\"async\" width=\"1024\" height=\"683\" data-id=\"45114\" src=\"https:\/\/www.evropskakuca.me\/wp-content\/uploads\/2025\/07\/image00032-1024x683.jpeg\" alt=\"\" class=\"wp-image-45114\" srcset=\"https:\/\/www.evropskakuca.me\/wp-content\/uploads\/2025\/07\/image00032-1024x683.jpeg 1024w, https:\/\/www.evropskakuca.me\/wp-content\/uploads\/2025\/07\/image00032-300x200.jpeg 300w, https:\/\/www.evropskakuca.me\/wp-content\/uploads\/2025\/07\/image00032-768x512.jpeg 768w, https:\/\/www.evropskakuca.me\/wp-content\/uploads\/2025\/07\/image00032-1536x1024.jpeg 1536w, https:\/\/www.evropskakuca.me\/wp-content\/uploads\/2025\/07\/image00032-2048x1365.jpeg 2048w\" sizes=\"(max-width: 1024px) 100vw, 1024px\" \/><\/figure>\n<\/figure>\n\n\n\n<p>\u201ePrvo smo se sastali u predivnoj Ku\u0107i Iva Andri\u0107a, objektu koji je renoviran kroz evropske fondove, a onda smo nastavili do \u0160panjole, na jednu od najljep\u0161ih lokacija i vidikovaca koje Herceg Novi i Crna Gora imaju. Nadamo se da \u0107e ovim projektom u naredne dvije godine tvr\u0111avi biti vra\u0107ena stara slava i radujem se \u0161to Evropska unija u tome poma\u017ee. Ula\u017eemo 1,2 miliona eura novca poreskih obveznika iz Evropske unije kako bismo revitalizovali ovo zapanjuju\u0107e mjesto\u201c, kazao je ambasador Satler nakon obilaska.<\/p>\n\n\n\n<p>On je istakao da, kako se ubrzava put pristupanja Crne Gore Evropskoj uniji, prirodno je da nastave da napreduju i ulaganja kroz pretpristupne fondove, \u0161to uklju\u010duje projekte u oblastima kulture i turizma, kao i saobra\u0107ajne infrastrukture i za\u0161tite \u017eivotne sredine, a o \u010demu je tako\u0111e bilo rije\u010di tokom dana\u0161njeg susreta sa predstavnicima Op\u0161tine Herceg Novi.<\/p>\n\n\n\n<figure class=\"wp-block-image size-large\"><img decoding=\"async\" width=\"1024\" height=\"683\" src=\"https:\/\/www.evropskakuca.me\/wp-content\/uploads\/2025\/07\/image00007-1024x683.jpeg\" alt=\"\" class=\"wp-image-45118\" srcset=\"https:\/\/www.evropskakuca.me\/wp-content\/uploads\/2025\/07\/image00007-1024x683.jpeg 1024w, https:\/\/www.evropskakuca.me\/wp-content\/uploads\/2025\/07\/image00007-300x200.jpeg 300w, https:\/\/www.evropskakuca.me\/wp-content\/uploads\/2025\/07\/image00007-768x512.jpeg 768w, https:\/\/www.evropskakuca.me\/wp-content\/uploads\/2025\/07\/image00007-1536x1024.jpeg 1536w, https:\/\/www.evropskakuca.me\/wp-content\/uploads\/2025\/07\/image00007-2048x1365.jpeg 2048w\" sizes=\"(max-width: 1024px) 100vw, 1024px\" \/><\/figure>\n\n\n\n<p>Predsjednik Op\u0161tine, Stevan Kati\u0107 istakao je da je Delegacija Evropske unije partner i podr\u0161ka lokalnoj upravi, te da \u0107e dobra saradnja biti nastavljena i ubudu\u0107e.<\/p>\n\n\n\n<p>Kako je kazao, Op\u0161tina Herceg Novi je u prethodnom periodu uspje\u0161no aplicirala i obezbijedila zna\u010dajna sredstva iz fondova Evropske unije. Dana\u0161nji susret bio je prilika da ambasadora Satlera upoznaju sa projektima koji su u toku, kao i sa onima koji su kandidovani na nedavnim pozivima.<\/p>\n\n\n\n<p>\u201eVeoma je zna\u010dajan dana\u0161nji obilazak tvr\u0111ave \u0160panjola, \u010dija rekonstrukcija se finansira iz fondova Evropske unije. Prva faza se realizuje zadovoljavaju\u0107om dinamikom i ja sam optimista da \u0107emo negdje krajem 2027. godine obi\u0107i kompletno zavr\u0161ene radove. Ovo je projekat vrijedan svake hvale, jer znamo da je \u0160panjola godinama bila prepu\u0161tena zaboravu i ovo je prva kompletna rekonstrukcija tvr\u0111ave\u201c, kazao je Kati\u0107.<\/p>\n\n\n\n<figure class=\"wp-block-gallery has-nested-images columns-default is-cropped wp-block-gallery-2 is-layout-flex wp-block-gallery-is-layout-flex\">\n<figure class=\"wp-block-image size-large\"><img loading=\"lazy\" decoding=\"async\" width=\"1024\" height=\"683\" data-id=\"45120\" src=\"https:\/\/www.evropskakuca.me\/wp-content\/uploads\/2025\/07\/image00009-1024x683.jpeg\" alt=\"\" class=\"wp-image-45120\" srcset=\"https:\/\/www.evropskakuca.me\/wp-content\/uploads\/2025\/07\/image00009-1024x683.jpeg 1024w, https:\/\/www.evropskakuca.me\/wp-content\/uploads\/2025\/07\/image00009-300x200.jpeg 300w, https:\/\/www.evropskakuca.me\/wp-content\/uploads\/2025\/07\/image00009-768x512.jpeg 768w, https:\/\/www.evropskakuca.me\/wp-content\/uploads\/2025\/07\/image00009-1536x1024.jpeg 1536w, https:\/\/www.evropskakuca.me\/wp-content\/uploads\/2025\/07\/image00009-2048x1365.jpeg 2048w\" sizes=\"(max-width: 1024px) 100vw, 1024px\" \/><\/figure>\n\n\n\n<figure class=\"wp-block-image size-large\"><img loading=\"lazy\" decoding=\"async\" width=\"1024\" height=\"683\" data-id=\"45124\" src=\"https:\/\/www.evropskakuca.me\/wp-content\/uploads\/2025\/07\/image00016-1024x683.jpeg\" alt=\"\" class=\"wp-image-45124\" srcset=\"https:\/\/www.evropskakuca.me\/wp-content\/uploads\/2025\/07\/image00016-1024x683.jpeg 1024w, https:\/\/www.evropskakuca.me\/wp-content\/uploads\/2025\/07\/image00016-300x200.jpeg 300w, https:\/\/www.evropskakuca.me\/wp-content\/uploads\/2025\/07\/image00016-768x512.jpeg 768w, https:\/\/www.evropskakuca.me\/wp-content\/uploads\/2025\/07\/image00016-1536x1024.jpeg 1536w, https:\/\/www.evropskakuca.me\/wp-content\/uploads\/2025\/07\/image00016-2048x1365.jpeg 2048w\" sizes=\"(max-width: 1024px) 100vw, 1024px\" \/><\/figure>\n\n\n\n<figure class=\"wp-block-image size-large\"><img loading=\"lazy\" decoding=\"async\" width=\"1024\" height=\"683\" data-id=\"45122\" src=\"https:\/\/www.evropskakuca.me\/wp-content\/uploads\/2025\/07\/image00029-1024x683.jpeg\" alt=\"\" class=\"wp-image-45122\" srcset=\"https:\/\/www.evropskakuca.me\/wp-content\/uploads\/2025\/07\/image00029-1024x683.jpeg 1024w, https:\/\/www.evropskakuca.me\/wp-content\/uploads\/2025\/07\/image00029-300x200.jpeg 300w, https:\/\/www.evropskakuca.me\/wp-content\/uploads\/2025\/07\/image00029-768x512.jpeg 768w, https:\/\/www.evropskakuca.me\/wp-content\/uploads\/2025\/07\/image00029-1536x1024.jpeg 1536w, https:\/\/www.evropskakuca.me\/wp-content\/uploads\/2025\/07\/image00029-2048x1365.jpeg 2048w\" sizes=\"(max-width: 1024px) 100vw, 1024px\" \/><\/figure>\n<\/figure>\n\n\n\n<p>Projekat rekonstrukcije tvr\u0111ave su ambasadoru Satleru i saradnicima predstavili arhitekta Vuk \u010cvoro i saradnica na projektu Branka Mra\u010devi\u0107, uz obja\u0161njenje do sada realizovanih i planiranih faza.<\/p>\n\n\n\n<p>Revitalizacija \u0160panjole realizuje se u okviru projekta \u201eSA CREATIVITY\u201c.<\/p>\n\n\n\n<p>Projekat je podr\u017ean sredstvima programa Interreg IPA Ju\u017eni Jadran, a realizuje ga Ministarstvo kulture i medija Crne Gore u saradnji sa regijama Molize i Pulja u Italiji, Ministarstvom turizma Albanije i Nacionalnom turisti\u010dkom organizacijom Crne Gore.<\/p>\n\n\n\n<p>Istorijski objekat \u0107e nakon rekonstrukcije postati me\u0111unarodni kreativni i kulturni centar, a vrijednost radova u prvoj fazi iznosi 2,5 miliona eura, koji su obezbije\u0111eni iz IPA fondova Evropske unije i bud\u017eeta Crne Gore.<\/p>\n","protected":false},"excerpt":{"rendered":"<p>U fokusu rekonstrukcija \u0160panjole Radove na rekonstrukciji tvr\u0111ave \u0160panjola obi\u0161li su Ambasador Evropske unije u Crnoj Gori, Johan Satler i predstavnici Op\u0161tine Herceg Novi, na \u010delu sa predsjednikom, Stevanom Kati\u0107em. Obilasku tvr\u0111ave prethodio je radni sastanak u Ku\u0107i nobelovca Iva Andri\u0107a, kojem su prisustvovali predsjednik Skup\u0161tine op\u0161tine Herceg Novi, Milo\u0161 Konjevi\u0107, sekretarka za kulturu i [&hellip;]<\/p>\n","protected":false},"author":3,"featured_media":45112,"comment_status":"closed","ping_status":"closed","sticky":false,"template":"","format":"standard","meta":{"_acf_changed":false,"footnotes":""},"categories":[283,2,524],"tags":[],"class_list":["post-45111","post","type-post","status-publish","format-standard","has-post-thumbnail","hentry","category-novosti-me","category-uncategorized-me","category-vesti"],"acf":[],"yoast_head":"<!-- This site is optimized with the Yoast SEO plugin v27.3 - https:\/\/yoast.com\/product\/yoast-seo-wordpress\/ -->\n<title>Ambasador Johan Satler boravio je u posjeti Herceg Novom - Europe House<\/title>\n<meta name=\"robots\" content=\"index, follow, max-snippet:-1, max-image-preview:large, max-video-preview:-1\" \/>\n<link rel=\"canonical\" href=\"https:\/\/www.evropskakuca.me\/me\/ambasador-satler-u-herceg-novom\/\" \/>\n<meta property=\"og:locale\" content=\"en_US\" \/>\n<meta property=\"og:type\" content=\"article\" \/>\n<meta property=\"og:title\" content=\"Ambasador Johan Satler boravio je u posjeti Herceg Novom - Europe House\" \/>\n<meta property=\"og:description\" content=\"U fokusu rekonstrukcija \u0160panjole Radove na rekonstrukciji tvr\u0111ave \u0160panjola obi\u0161li su Ambasador Evropske unije u Crnoj Gori, Johan Satler i predstavnici Op\u0161tine Herceg Novi, na \u010delu sa predsjednikom, Stevanom Kati\u0107em. Obilasku tvr\u0111ave prethodio je radni sastanak u Ku\u0107i nobelovca Iva Andri\u0107a, kojem su prisustvovali predsjednik Skup\u0161tine op\u0161tine Herceg Novi, Milo\u0161 Konjevi\u0107, sekretarka za kulturu i [&hellip;]\" \/>\n<meta property=\"og:url\" content=\"https:\/\/www.evropskakuca.me\/me\/ambasador-satler-u-herceg-novom\/\" \/>\n<meta property=\"og:site_name\" content=\"Europe House\" \/>\n<meta property=\"article:publisher\" content=\"https:\/\/www.facebook.com\/evropska.kuca\" \/>\n<meta property=\"article:published_time\" content=\"2025-07-03T08:52:37+00:00\" \/>\n<meta property=\"article:modified_time\" content=\"2025-07-09T08:32:43+00:00\" \/>\n<meta property=\"og:image\" content=\"https:\/\/www.evropskakuca.me\/wp-content\/uploads\/2025\/07\/image00031-scaled.jpeg\" \/>\n\t<meta property=\"og:image:width\" content=\"2560\" \/>\n\t<meta property=\"og:image:height\" content=\"1707\" \/>\n\t<meta property=\"og:image:type\" content=\"image\/jpeg\" \/>\n<meta name=\"author\" content=\"Aleksandar Vukovic\" \/>\n<meta name=\"twitter:card\" content=\"summary_large_image\" \/>\n<meta name=\"twitter:creator\" content=\"@evropska_kuca\" \/>\n<meta name=\"twitter:site\" content=\"@evropska_kuca\" \/>\n<meta name=\"twitter:label1\" content=\"Written by\" \/>\n\t<meta name=\"twitter:data1\" content=\"Aleksandar Vukovic\" \/>\n\t<meta name=\"twitter:label2\" content=\"Est. reading time\" \/>\n\t<meta name=\"twitter:data2\" content=\"4 minutes\" \/>\n<script type=\"application\/ld+json\" class=\"yoast-schema-graph\">{\"@context\":\"https:\\\/\\\/schema.org\",\"@graph\":[{\"@type\":\"Article\",\"@id\":\"https:\\\/\\\/www.evropskakuca.me\\\/me\\\/ambasador-satler-u-herceg-novom\\\/#article\",\"isPartOf\":{\"@id\":\"https:\\\/\\\/www.evropskakuca.me\\\/me\\\/ambasador-satler-u-herceg-novom\\\/\"},\"author\":{\"name\":\"Aleksandar Vukovic\",\"@id\":\"https:\\\/\\\/www.evropskakuca.me\\\/me\\\/#\\\/schema\\\/person\\\/7e16527119c7b67f457996b970f2bd6e\"},\"headline\":\"Ambasador Johan Satler boravio je u posjeti Herceg Novom\",\"datePublished\":\"2025-07-03T08:52:37+00:00\",\"dateModified\":\"2025-07-09T08:32:43+00:00\",\"mainEntityOfPage\":{\"@id\":\"https:\\\/\\\/www.evropskakuca.me\\\/me\\\/ambasador-satler-u-herceg-novom\\\/\"},\"wordCount\":499,\"publisher\":{\"@id\":\"https:\\\/\\\/www.evropskakuca.me\\\/me\\\/#organization\"},\"image\":{\"@id\":\"https:\\\/\\\/www.evropskakuca.me\\\/me\\\/ambasador-satler-u-herceg-novom\\\/#primaryimage\"},\"thumbnailUrl\":\"https:\\\/\\\/www.evropskakuca.me\\\/wp-content\\\/uploads\\\/2025\\\/07\\\/image00031-scaled.jpeg\",\"articleSection\":[\"Novosti\",\"Uncategorized @me\",\"Vesti\"],\"inLanguage\":\"me-ME\"},{\"@type\":\"WebPage\",\"@id\":\"https:\\\/\\\/www.evropskakuca.me\\\/me\\\/ambasador-satler-u-herceg-novom\\\/\",\"url\":\"https:\\\/\\\/www.evropskakuca.me\\\/me\\\/ambasador-satler-u-herceg-novom\\\/\",\"name\":\"Ambasador Johan Satler boravio je u posjeti Herceg Novom - Europe House\",\"isPartOf\":{\"@id\":\"https:\\\/\\\/www.evropskakuca.me\\\/me\\\/#website\"},\"primaryImageOfPage\":{\"@id\":\"https:\\\/\\\/www.evropskakuca.me\\\/me\\\/ambasador-satler-u-herceg-novom\\\/#primaryimage\"},\"image\":{\"@id\":\"https:\\\/\\\/www.evropskakuca.me\\\/me\\\/ambasador-satler-u-herceg-novom\\\/#primaryimage\"},\"thumbnailUrl\":\"https:\\\/\\\/www.evropskakuca.me\\\/wp-content\\\/uploads\\\/2025\\\/07\\\/image00031-scaled.jpeg\",\"datePublished\":\"2025-07-03T08:52:37+00:00\",\"dateModified\":\"2025-07-09T08:32:43+00:00\",\"breadcrumb\":{\"@id\":\"https:\\\/\\\/www.evropskakuca.me\\\/me\\\/ambasador-satler-u-herceg-novom\\\/#breadcrumb\"},\"inLanguage\":\"me-ME\",\"potentialAction\":[{\"@type\":\"ReadAction\",\"target\":[\"https:\\\/\\\/www.evropskakuca.me\\\/me\\\/ambasador-satler-u-herceg-novom\\\/\"]}]},{\"@type\":\"ImageObject\",\"inLanguage\":\"me-ME\",\"@id\":\"https:\\\/\\\/www.evropskakuca.me\\\/me\\\/ambasador-satler-u-herceg-novom\\\/#primaryimage\",\"url\":\"https:\\\/\\\/www.evropskakuca.me\\\/wp-content\\\/uploads\\\/2025\\\/07\\\/image00031-scaled.jpeg\",\"contentUrl\":\"https:\\\/\\\/www.evropskakuca.me\\\/wp-content\\\/uploads\\\/2025\\\/07\\\/image00031-scaled.jpeg\",\"width\":2560,\"height\":1707},{\"@type\":\"BreadcrumbList\",\"@id\":\"https:\\\/\\\/www.evropskakuca.me\\\/me\\\/ambasador-satler-u-herceg-novom\\\/#breadcrumb\",\"itemListElement\":[{\"@type\":\"ListItem\",\"position\":1,\"name\":\"Home\",\"item\":\"https:\\\/\\\/www.evropskakuca.me\\\/me\\\/\"},{\"@type\":\"ListItem\",\"position\":2,\"name\":\"Ambasador Johan Satler boravio je u posjeti Herceg Novom\"}]},{\"@type\":\"WebSite\",\"@id\":\"https:\\\/\\\/www.evropskakuca.me\\\/me\\\/#website\",\"url\":\"https:\\\/\\\/www.evropskakuca.me\\\/me\\\/\",\"name\":\"Evropean house\",\"description\":\"\",\"publisher\":{\"@id\":\"https:\\\/\\\/www.evropskakuca.me\\\/me\\\/#organization\"},\"potentialAction\":[{\"@type\":\"SearchAction\",\"target\":{\"@type\":\"EntryPoint\",\"urlTemplate\":\"https:\\\/\\\/www.evropskakuca.me\\\/me\\\/?s={search_term_string}\"},\"query-input\":{\"@type\":\"PropertyValueSpecification\",\"valueRequired\":true,\"valueName\":\"search_term_string\"}}],\"inLanguage\":\"me-ME\"},{\"@type\":\"Organization\",\"@id\":\"https:\\\/\\\/www.evropskakuca.me\\\/me\\\/#organization\",\"name\":\"Evropean house\",\"url\":\"https:\\\/\\\/www.evropskakuca.me\\\/me\\\/\",\"logo\":{\"@type\":\"ImageObject\",\"inLanguage\":\"me-ME\",\"@id\":\"https:\\\/\\\/www.evropskakuca.me\\\/me\\\/#\\\/schema\\\/logo\\\/image\\\/\",\"url\":\"https:\\\/\\\/www.evropskakuca.me\\\/wp-content\\\/uploads\\\/2025\\\/01\\\/evropska-kuca-logo-1.png\",\"contentUrl\":\"https:\\\/\\\/www.evropskakuca.me\\\/wp-content\\\/uploads\\\/2025\\\/01\\\/evropska-kuca-logo-1.png\",\"width\":425,\"height\":312,\"caption\":\"Evropean house\"},\"image\":{\"@id\":\"https:\\\/\\\/www.evropskakuca.me\\\/me\\\/#\\\/schema\\\/logo\\\/image\\\/\"},\"sameAs\":[\"https:\\\/\\\/www.facebook.com\\\/evropska.kuca\",\"https:\\\/\\\/x.com\\\/evropska_kuca\",\"https:\\\/\\\/www.instagram.com\\\/evropska_kuca\"]},{\"@type\":\"Person\",\"@id\":\"https:\\\/\\\/www.evropskakuca.me\\\/me\\\/#\\\/schema\\\/person\\\/7e16527119c7b67f457996b970f2bd6e\",\"name\":\"Aleksandar Vukovic\",\"image\":{\"@type\":\"ImageObject\",\"inLanguage\":\"me-ME\",\"@id\":\"https:\\\/\\\/secure.gravatar.com\\\/avatar\\\/a1834e0104b0242a886079bde835ba36d80c70f9987a11f3ba33eb9e8d74cc15?s=96&d=mm&r=g\",\"url\":\"https:\\\/\\\/secure.gravatar.com\\\/avatar\\\/a1834e0104b0242a886079bde835ba36d80c70f9987a11f3ba33eb9e8d74cc15?s=96&d=mm&r=g\",\"contentUrl\":\"https:\\\/\\\/secure.gravatar.com\\\/avatar\\\/a1834e0104b0242a886079bde835ba36d80c70f9987a11f3ba33eb9e8d74cc15?s=96&d=mm&r=g\",\"caption\":\"Aleksandar Vukovic\"},\"url\":\"https:\\\/\\\/www.evropskakuca.me\\\/me\\\/author\\\/aleksandar\\\/\"}]}<\/script>\n<!-- \/ Yoast SEO plugin. -->","yoast_head_json":{"title":"Ambasador Johan Satler boravio je u posjeti Herceg Novom - Europe House","robots":{"index":"index","follow":"follow","max-snippet":"max-snippet:-1","max-image-preview":"max-image-preview:large","max-video-preview":"max-video-preview:-1"},"canonical":"https:\/\/www.evropskakuca.me\/me\/ambasador-satler-u-herceg-novom\/","og_locale":"en_US","og_type":"article","og_title":"Ambasador Johan Satler boravio je u posjeti Herceg Novom - Europe House","og_description":"U fokusu rekonstrukcija \u0160panjole Radove na rekonstrukciji tvr\u0111ave \u0160panjola obi\u0161li su Ambasador Evropske unije u Crnoj Gori, Johan Satler i predstavnici Op\u0161tine Herceg Novi, na \u010delu sa predsjednikom, Stevanom Kati\u0107em. Obilasku tvr\u0111ave prethodio je radni sastanak u Ku\u0107i nobelovca Iva Andri\u0107a, kojem su prisustvovali predsjednik Skup\u0161tine op\u0161tine Herceg Novi, Milo\u0161 Konjevi\u0107, sekretarka za kulturu i [&hellip;]","og_url":"https:\/\/www.evropskakuca.me\/me\/ambasador-satler-u-herceg-novom\/","og_site_name":"Europe House","article_publisher":"https:\/\/www.facebook.com\/evropska.kuca","article_published_time":"2025-07-03T08:52:37+00:00","article_modified_time":"2025-07-09T08:32:43+00:00","og_image":[{"width":2560,"height":1707,"url":"https:\/\/www.evropskakuca.me\/wp-content\/uploads\/2025\/07\/image00031-scaled.jpeg","type":"image\/jpeg"}],"author":"Aleksandar Vukovic","twitter_card":"summary_large_image","twitter_creator":"@evropska_kuca","twitter_site":"@evropska_kuca","twitter_misc":{"Written by":"Aleksandar Vukovic","Est. reading time":"4 minutes"},"schema":{"@context":"https:\/\/schema.org","@graph":[{"@type":"Article","@id":"https:\/\/www.evropskakuca.me\/me\/ambasador-satler-u-herceg-novom\/#article","isPartOf":{"@id":"https:\/\/www.evropskakuca.me\/me\/ambasador-satler-u-herceg-novom\/"},"author":{"name":"Aleksandar Vukovic","@id":"https:\/\/www.evropskakuca.me\/me\/#\/schema\/person\/7e16527119c7b67f457996b970f2bd6e"},"headline":"Ambasador Johan Satler boravio je u posjeti Herceg Novom","datePublished":"2025-07-03T08:52:37+00:00","dateModified":"2025-07-09T08:32:43+00:00","mainEntityOfPage":{"@id":"https:\/\/www.evropskakuca.me\/me\/ambasador-satler-u-herceg-novom\/"},"wordCount":499,"publisher":{"@id":"https:\/\/www.evropskakuca.me\/me\/#organization"},"image":{"@id":"https:\/\/www.evropskakuca.me\/me\/ambasador-satler-u-herceg-novom\/#primaryimage"},"thumbnailUrl":"https:\/\/www.evropskakuca.me\/wp-content\/uploads\/2025\/07\/image00031-scaled.jpeg","articleSection":["Novosti","Uncategorized @me","Vesti"],"inLanguage":"me-ME"},{"@type":"WebPage","@id":"https:\/\/www.evropskakuca.me\/me\/ambasador-satler-u-herceg-novom\/","url":"https:\/\/www.evropskakuca.me\/me\/ambasador-satler-u-herceg-novom\/","name":"Ambasador Johan Satler boravio je u posjeti Herceg Novom - Europe House","isPartOf":{"@id":"https:\/\/www.evropskakuca.me\/me\/#website"},"primaryImageOfPage":{"@id":"https:\/\/www.evropskakuca.me\/me\/ambasador-satler-u-herceg-novom\/#primaryimage"},"image":{"@id":"https:\/\/www.evropskakuca.me\/me\/ambasador-satler-u-herceg-novom\/#primaryimage"},"thumbnailUrl":"https:\/\/www.evropskakuca.me\/wp-content\/uploads\/2025\/07\/image00031-scaled.jpeg","datePublished":"2025-07-03T08:52:37+00:00","dateModified":"2025-07-09T08:32:43+00:00","breadcrumb":{"@id":"https:\/\/www.evropskakuca.me\/me\/ambasador-satler-u-herceg-novom\/#breadcrumb"},"inLanguage":"me-ME","potentialAction":[{"@type":"ReadAction","target":["https:\/\/www.evropskakuca.me\/me\/ambasador-satler-u-herceg-novom\/"]}]},{"@type":"ImageObject","inLanguage":"me-ME","@id":"https:\/\/www.evropskakuca.me\/me\/ambasador-satler-u-herceg-novom\/#primaryimage","url":"https:\/\/www.evropskakuca.me\/wp-content\/uploads\/2025\/07\/image00031-scaled.jpeg","contentUrl":"https:\/\/www.evropskakuca.me\/wp-content\/uploads\/2025\/07\/image00031-scaled.jpeg","width":2560,"height":1707},{"@type":"BreadcrumbList","@id":"https:\/\/www.evropskakuca.me\/me\/ambasador-satler-u-herceg-novom\/#breadcrumb","itemListElement":[{"@type":"ListItem","position":1,"name":"Home","item":"https:\/\/www.evropskakuca.me\/me\/"},{"@type":"ListItem","position":2,"name":"Ambasador Johan Satler boravio je u posjeti Herceg Novom"}]},{"@type":"WebSite","@id":"https:\/\/www.evropskakuca.me\/me\/#website","url":"https:\/\/www.evropskakuca.me\/me\/","name":"Evropean house","description":"","publisher":{"@id":"https:\/\/www.evropskakuca.me\/me\/#organization"},"potentialAction":[{"@type":"SearchAction","target":{"@type":"EntryPoint","urlTemplate":"https:\/\/www.evropskakuca.me\/me\/?s={search_term_string}"},"query-input":{"@type":"PropertyValueSpecification","valueRequired":true,"valueName":"search_term_string"}}],"inLanguage":"me-ME"},{"@type":"Organization","@id":"https:\/\/www.evropskakuca.me\/me\/#organization","name":"Evropean house","url":"https:\/\/www.evropskakuca.me\/me\/","logo":{"@type":"ImageObject","inLanguage":"me-ME","@id":"https:\/\/www.evropskakuca.me\/me\/#\/schema\/logo\/image\/","url":"https:\/\/www.evropskakuca.me\/wp-content\/uploads\/2025\/01\/evropska-kuca-logo-1.png","contentUrl":"https:\/\/www.evropskakuca.me\/wp-content\/uploads\/2025\/01\/evropska-kuca-logo-1.png","width":425,"height":312,"caption":"Evropean house"},"image":{"@id":"https:\/\/www.evropskakuca.me\/me\/#\/schema\/logo\/image\/"},"sameAs":["https:\/\/www.facebook.com\/evropska.kuca","https:\/\/x.com\/evropska_kuca","https:\/\/www.instagram.com\/evropska_kuca"]},{"@type":"Person","@id":"https:\/\/www.evropskakuca.me\/me\/#\/schema\/person\/7e16527119c7b67f457996b970f2bd6e","name":"Aleksandar Vukovic","image":{"@type":"ImageObject","inLanguage":"me-ME","@id":"https:\/\/secure.gravatar.com\/avatar\/a1834e0104b0242a886079bde835ba36d80c70f9987a11f3ba33eb9e8d74cc15?s=96&d=mm&r=g","url":"https:\/\/secure.gravatar.com\/avatar\/a1834e0104b0242a886079bde835ba36d80c70f9987a11f3ba33eb9e8d74cc15?s=96&d=mm&r=g","contentUrl":"https:\/\/secure.gravatar.com\/avatar\/a1834e0104b0242a886079bde835ba36d80c70f9987a11f3ba33eb9e8d74cc15?s=96&d=mm&r=g","caption":"Aleksandar Vukovic"},"url":"https:\/\/www.evropskakuca.me\/me\/author\/aleksandar\/"}]}},"_links":{"self":[{"href":"https:\/\/www.evropskakuca.me\/me\/wp-json\/wp\/v2\/posts\/45111","targetHints":{"allow":["GET"]}}],"collection":[{"href":"https:\/\/www.evropskakuca.me\/me\/wp-json\/wp\/v2\/posts"}],"about":[{"href":"https:\/\/www.evropskakuca.me\/me\/wp-json\/wp\/v2\/types\/post"}],"author":[{"embeddable":true,"href":"https:\/\/www.evropskakuca.me\/me\/wp-json\/wp\/v2\/users\/3"}],"replies":[{"embeddable":true,"href":"https:\/\/www.evropskakuca.me\/me\/wp-json\/wp\/v2\/comments?post=45111"}],"version-history":[{"count":5,"href":"https:\/\/www.evropskakuca.me\/me\/wp-json\/wp\/v2\/posts\/45111\/revisions"}],"predecessor-version":[{"id":45300,"href":"https:\/\/www.evropskakuca.me\/me\/wp-json\/wp\/v2\/posts\/45111\/revisions\/45300"}],"wp:featuredmedia":[{"embeddable":true,"href":"https:\/\/www.evropskakuca.me\/me\/wp-json\/wp\/v2\/media\/45112"}],"wp:attachment":[{"href":"https:\/\/www.evropskakuca.me\/me\/wp-json\/wp\/v2\/media?parent=45111"}],"wp:term":[{"taxonomy":"category","embeddable":true,"href":"https:\/\/www.evropskakuca.me\/me\/wp-json\/wp\/v2\/categories?post=45111"},{"taxonomy":"post_tag","embeddable":true,"href":"https:\/\/www.evropskakuca.me\/me\/wp-json\/wp\/v2\/tags?post=45111"}],"curies":[{"name":"wp","href":"https:\/\/api.w.org\/{rel}","templated":true}]}}