{"id":45092,"date":"2025-06-27T11:22:27","date_gmt":"2025-06-27T11:22:27","guid":{"rendered":"https:\/\/www.evropskakuca.me\/interview-with-the-group-bizarr\/"},"modified":"2025-07-02T11:49:37","modified_gmt":"2025-07-02T11:49:37","slug":"interview-with-the-group-bizarr","status":"publish","type":"post","link":"https:\/\/www.evropskakuca.me\/me\/interview-with-the-group-bizarr\/","title":{"rendered":"Razgovor sa grupom BIZARR"},"content":{"rendered":"\n<p>U okviru ovogodi\u0161nje IDAHOT teme \u201eThe Power of Communities\u201c, razgovarali smo sa crnogorskim muzi\u010dkim duo BIZARR. Ove dvije umjetnice kroz elektronsku muziku grade prostore zajedni\u0161tva, slobode i otpora a ova njihova pri\u010da je dio globalne inicijative kojom se slave LGBTIQ+ osobe iz kreativne industrije, koje nas podsje\u0107aju da kreativnost osna\u017euje \u2013 zajedno. \ud83c\udff3\ufe0f\u200d\ud83c\udf08<\/p>\n\n\n\n<figure class=\"wp-block-gallery has-nested-images columns-default is-cropped wp-block-gallery-1 is-layout-flex wp-block-gallery-is-layout-flex\">\n<figure class=\"wp-block-image size-large\"><img fetchpriority=\"high\" decoding=\"async\" width=\"683\" height=\"1024\" data-id=\"45080\" src=\"https:\/\/www.evropskakuca.me\/wp-content\/uploads\/2025\/07\/4S3A8754-683x1024.jpg\" alt=\"\" class=\"wp-image-45080\" srcset=\"https:\/\/www.evropskakuca.me\/wp-content\/uploads\/2025\/07\/4S3A8754-683x1024.jpg 683w, https:\/\/www.evropskakuca.me\/wp-content\/uploads\/2025\/07\/4S3A8754-200x300.jpg 200w, https:\/\/www.evropskakuca.me\/wp-content\/uploads\/2025\/07\/4S3A8754-768x1152.jpg 768w, https:\/\/www.evropskakuca.me\/wp-content\/uploads\/2025\/07\/4S3A8754-1024x1536.jpg 1024w, https:\/\/www.evropskakuca.me\/wp-content\/uploads\/2025\/07\/4S3A8754-1365x2048.jpg 1365w, https:\/\/www.evropskakuca.me\/wp-content\/uploads\/2025\/07\/4S3A8754-scaled.jpg 1707w\" sizes=\"(max-width: 683px) 100vw, 683px\" \/><\/figure>\n\n\n\n<figure class=\"wp-block-image size-large\"><img decoding=\"async\" width=\"683\" height=\"1024\" data-id=\"45082\" src=\"https:\/\/www.evropskakuca.me\/wp-content\/uploads\/2025\/07\/bizarr-duo-11-24-145-2-683x1024.jpg\" alt=\"\" class=\"wp-image-45082\" srcset=\"https:\/\/www.evropskakuca.me\/wp-content\/uploads\/2025\/07\/bizarr-duo-11-24-145-2-683x1024.jpg 683w, https:\/\/www.evropskakuca.me\/wp-content\/uploads\/2025\/07\/bizarr-duo-11-24-145-2-200x300.jpg 200w, https:\/\/www.evropskakuca.me\/wp-content\/uploads\/2025\/07\/bizarr-duo-11-24-145-2-768x1152.jpg 768w, https:\/\/www.evropskakuca.me\/wp-content\/uploads\/2025\/07\/bizarr-duo-11-24-145-2-1024x1536.jpg 1024w, https:\/\/www.evropskakuca.me\/wp-content\/uploads\/2025\/07\/bizarr-duo-11-24-145-2-1365x2048.jpg 1365w, https:\/\/www.evropskakuca.me\/wp-content\/uploads\/2025\/07\/bizarr-duo-11-24-145-2-scaled.jpg 1707w\" sizes=\"(max-width: 683px) 100vw, 683px\" \/><figcaption class=\"wp-element-caption\">COPYRIGHT_DUSKO_MILJANIC_MONTENEGRO_<\/figcaption><\/figure>\n<\/figure>\n\n\n\n<p><em><strong>Kako na vas uti\u010de slogan \u201eKreativnost nas zajedno osna\u017euje\u201c?<\/strong><\/em><\/p>\n\n\n\n<p>Podsje\u0107a nas na onaj osje\u0107aj kada smo na plesnom podijumu&#8230; kada zaboravimo te\u017einu dana, stopalima se prizemljimo i istinski pove\u017eemo s ljudima.<\/p>\n\n\n\n<p>Ta veza donosi osje\u0107aj pripadnosti i sigurnosti, koji nas osna\u017euje da se izrazimo kroz umjetnost i dijelimo energiju koju i sami \u017eelimo da primimo.<\/p>\n\n\n\n<p><em><strong>Mo\u017ee li kreativnost pomo\u0107i u oblikovanju svijeta u kojem se svi osje\u0107aju uklju\u010deno i vrijedno, bez obzira na porijeklo ili identitet?<\/strong><\/em><\/p>\n\n\n\n<p>Kada dolazi iz otvorenosti, svaka kreativnost oblikuje prostor u kojem se nalazimo. Posmatranje svijeta kroz prizmu umjetnosti donosi i dozu utopijske vizije svijeta kakav \u017eelimo da vidimo.<\/p>\n\n\n\n<p>U tim prostorima vjerujemo da je mogu\u0107e da se svi osje\u0107aju prihva\u0107eno i cijenjeno, jer u kreativnom izrazu nema stigme ni srama \u2013 bilo da se radi o oslikavanju zgrade, zida ili platna&#8230; Svaki potez \u010detkicom donosi promjenu i ne\u0161to novo slici.<\/p>\n\n\n\n<figure class=\"wp-block-image size-large\"><img decoding=\"async\" width=\"1024\" height=\"683\" src=\"https:\/\/www.evropskakuca.me\/wp-content\/uploads\/2025\/07\/EB0084-1024x683.jpg\" alt=\"\" class=\"wp-image-45084\" srcset=\"https:\/\/www.evropskakuca.me\/wp-content\/uploads\/2025\/07\/EB0084-1024x683.jpg 1024w, https:\/\/www.evropskakuca.me\/wp-content\/uploads\/2025\/07\/EB0084-300x200.jpg 300w, https:\/\/www.evropskakuca.me\/wp-content\/uploads\/2025\/07\/EB0084-768x512.jpg 768w, https:\/\/www.evropskakuca.me\/wp-content\/uploads\/2025\/07\/EB0084-1536x1024.jpg 1536w, https:\/\/www.evropskakuca.me\/wp-content\/uploads\/2025\/07\/EB0084-2048x1365.jpg 2048w\" sizes=\"(max-width: 1024px) 100vw, 1024px\" \/><\/figure>\n\n\n\n<p><em><strong>Kako va\u0161a kreativnost doprinosi politi\u010dkim i dru\u0161tvenim promjenama?<\/strong><\/em><\/p>\n\n\n\n<p>Kroz muziku i glas izra\u017eavamo istinu koju \u017eivimo. Elektronska muzika je od samog po\u010detka bila politi\u010dka \u2013 uvijek okrenuta ljudima, jedinstvu i me\u0111usobnom po\u0161tovanju. To je poruka koju \u017eelimo da prenesemo \u2013 jedina koja nam ima smisla.<\/p>\n\n\n\n<p>Pozivamo na jedinstvo na plesnom podijumu, gdje ne postoje razlike i podjele \u2013 gdje svi postajemo jedno kroz pokret i zvuk koji nas oblikuje. Trudimo se da stvorimo siguran prostor za sve i zajednicu koja podr\u017eava, osna\u017euje i brine jedni o drugima.<\/p>\n\n\n\n<figure class=\"wp-block-gallery has-nested-images columns-default is-cropped wp-block-gallery-2 is-layout-flex wp-block-gallery-is-layout-flex\">\n<figure class=\"wp-block-image size-large\"><img loading=\"lazy\" decoding=\"async\" width=\"1024\" height=\"683\" data-id=\"45086\" src=\"https:\/\/www.evropskakuca.me\/wp-content\/uploads\/2025\/07\/Higher-Sense-Ladies-Night-mart-2023-8-1024x683.jpg\" alt=\"\" class=\"wp-image-45086\" srcset=\"https:\/\/www.evropskakuca.me\/wp-content\/uploads\/2025\/07\/Higher-Sense-Ladies-Night-mart-2023-8-1024x683.jpg 1024w, https:\/\/www.evropskakuca.me\/wp-content\/uploads\/2025\/07\/Higher-Sense-Ladies-Night-mart-2023-8-300x200.jpg 300w, https:\/\/www.evropskakuca.me\/wp-content\/uploads\/2025\/07\/Higher-Sense-Ladies-Night-mart-2023-8-768x512.jpg 768w, https:\/\/www.evropskakuca.me\/wp-content\/uploads\/2025\/07\/Higher-Sense-Ladies-Night-mart-2023-8-1536x1025.jpg 1536w, https:\/\/www.evropskakuca.me\/wp-content\/uploads\/2025\/07\/Higher-Sense-Ladies-Night-mart-2023-8-2048x1366.jpg 2048w\" sizes=\"(max-width: 1024px) 100vw, 1024px\" \/><\/figure>\n\n\n\n<figure class=\"wp-block-image size-large\"><img loading=\"lazy\" decoding=\"async\" width=\"1024\" height=\"683\" data-id=\"45088\" src=\"https:\/\/www.evropskakuca.me\/wp-content\/uploads\/2025\/07\/IMG00326-1024x683.jpg\" alt=\"\" class=\"wp-image-45088\" srcset=\"https:\/\/www.evropskakuca.me\/wp-content\/uploads\/2025\/07\/IMG00326-1024x683.jpg 1024w, https:\/\/www.evropskakuca.me\/wp-content\/uploads\/2025\/07\/IMG00326-300x200.jpg 300w, https:\/\/www.evropskakuca.me\/wp-content\/uploads\/2025\/07\/IMG00326-768x512.jpg 768w, https:\/\/www.evropskakuca.me\/wp-content\/uploads\/2025\/07\/IMG00326-1536x1024.jpg 1536w, https:\/\/www.evropskakuca.me\/wp-content\/uploads\/2025\/07\/IMG00326-2048x1365.jpg 2048w\" sizes=\"(max-width: 1024px) 100vw, 1024px\" \/><\/figure>\n<\/figure>\n\n\n\n<p>Ovaj B2B DJ duo sa sedi\u0161tem u Crnoj Gori okupljen je 2022. godine s ciljem da miksuje muziku koju voli i da vas natera da ple\u0161ete celu no\u0107. Duo \u010dine Nada Vojinovi\u0107 i Andrea Sini\u0161taj Frkica.<\/p>\n\n\n\n<p>Inspirisani energijom muzike, njihovi setovi odi\u0161u zvucima koji pri\u010daju njihove pri\u010de i prenose njihove emocije vode\u0107i vas kroz univerzume industrijskog zvuka, hipnoti\u0161u\u0107e i groovy tehno muzike, minimala i hausa.<\/p>\n","protected":false},"excerpt":{"rendered":"<p>U okviru ovogodi\u0161nje IDAHOT teme \u201eThe Power of Communities\u201c, razgovarali smo sa crnogorskim muzi\u010dkim duo BIZARR. Ove dvije umjetnice kroz elektronsku muziku grade prostore zajedni\u0161tva, slobode i otpora a ova njihova pri\u010da je dio globalne inicijative kojom se slave LGBTIQ+ osobe iz kreativne industrije, koje nas podsje\u0107aju da kreativnost osna\u017euje \u2013 zajedno. \ud83c\udff3\ufe0f\u200d\ud83c\udf08 Kako na [&hellip;]<\/p>\n","protected":false},"author":3,"featured_media":45079,"comment_status":"closed","ping_status":"closed","sticky":false,"template":"","format":"standard","meta":{"_acf_changed":false,"footnotes":""},"categories":[524],"tags":[],"class_list":["post-45092","post","type-post","status-publish","format-standard","has-post-thumbnail","hentry","category-vesti"],"acf":[],"yoast_head":"<!-- This site is optimized with the Yoast SEO plugin v27.3 - https:\/\/yoast.com\/product\/yoast-seo-wordpress\/ -->\n<title>Razgovor sa grupom BIZARR - Europe House<\/title>\n<meta name=\"robots\" content=\"index, follow, max-snippet:-1, max-image-preview:large, max-video-preview:-1\" \/>\n<link rel=\"canonical\" href=\"https:\/\/www.evropskakuca.me\/me\/interview-with-the-group-bizarr\/\" \/>\n<meta property=\"og:locale\" content=\"en_US\" \/>\n<meta property=\"og:type\" content=\"article\" \/>\n<meta property=\"og:title\" content=\"Razgovor sa grupom BIZARR - Europe House\" \/>\n<meta property=\"og:description\" content=\"U okviru ovogodi\u0161nje IDAHOT teme \u201eThe Power of Communities\u201c, razgovarali smo sa crnogorskim muzi\u010dkim duo BIZARR. Ove dvije umjetnice kroz elektronsku muziku grade prostore zajedni\u0161tva, slobode i otpora a ova njihova pri\u010da je dio globalne inicijative kojom se slave LGBTIQ+ osobe iz kreativne industrije, koje nas podsje\u0107aju da kreativnost osna\u017euje \u2013 zajedno. \ud83c\udff3\ufe0f\u200d\ud83c\udf08 Kako na [&hellip;]\" \/>\n<meta property=\"og:url\" content=\"https:\/\/www.evropskakuca.me\/me\/interview-with-the-group-bizarr\/\" \/>\n<meta property=\"og:site_name\" content=\"Europe House\" \/>\n<meta property=\"article:publisher\" content=\"https:\/\/www.facebook.com\/evropska.kuca\" \/>\n<meta property=\"article:published_time\" content=\"2025-06-27T11:22:27+00:00\" \/>\n<meta property=\"article:modified_time\" content=\"2025-07-02T11:49:37+00:00\" \/>\n<meta property=\"og:image\" content=\"https:\/\/www.evropskakuca.me\/wp-content\/uploads\/2025\/07\/PlayGround-I-day-3-of-120.jpg\" \/>\n\t<meta property=\"og:image:width\" content=\"2048\" \/>\n\t<meta property=\"og:image:height\" content=\"1366\" \/>\n\t<meta property=\"og:image:type\" content=\"image\/jpeg\" \/>\n<meta name=\"author\" content=\"Aleksandar Vukovic\" \/>\n<meta name=\"twitter:card\" content=\"summary_large_image\" \/>\n<meta name=\"twitter:creator\" content=\"@evropska_kuca\" \/>\n<meta name=\"twitter:site\" content=\"@evropska_kuca\" \/>\n<meta name=\"twitter:label1\" content=\"Written by\" \/>\n\t<meta name=\"twitter:data1\" content=\"Aleksandar Vukovic\" \/>\n\t<meta name=\"twitter:label2\" content=\"Est. reading time\" \/>\n\t<meta name=\"twitter:data2\" content=\"3 minutes\" \/>\n<script type=\"application\/ld+json\" class=\"yoast-schema-graph\">{\"@context\":\"https:\\\/\\\/schema.org\",\"@graph\":[{\"@type\":\"Article\",\"@id\":\"https:\\\/\\\/www.evropskakuca.me\\\/me\\\/interview-with-the-group-bizarr\\\/#article\",\"isPartOf\":{\"@id\":\"https:\\\/\\\/www.evropskakuca.me\\\/me\\\/interview-with-the-group-bizarr\\\/\"},\"author\":{\"name\":\"Aleksandar Vukovic\",\"@id\":\"https:\\\/\\\/www.evropskakuca.me\\\/me\\\/#\\\/schema\\\/person\\\/7e16527119c7b67f457996b970f2bd6e\"},\"headline\":\"Razgovor sa grupom BIZARR\",\"datePublished\":\"2025-06-27T11:22:27+00:00\",\"dateModified\":\"2025-07-02T11:49:37+00:00\",\"mainEntityOfPage\":{\"@id\":\"https:\\\/\\\/www.evropskakuca.me\\\/me\\\/interview-with-the-group-bizarr\\\/\"},\"wordCount\":393,\"publisher\":{\"@id\":\"https:\\\/\\\/www.evropskakuca.me\\\/me\\\/#organization\"},\"image\":{\"@id\":\"https:\\\/\\\/www.evropskakuca.me\\\/me\\\/interview-with-the-group-bizarr\\\/#primaryimage\"},\"thumbnailUrl\":\"https:\\\/\\\/www.evropskakuca.me\\\/wp-content\\\/uploads\\\/2025\\\/07\\\/PlayGround-I-day-3-of-120.jpg\",\"articleSection\":[\"Vesti\"],\"inLanguage\":\"me-ME\"},{\"@type\":\"WebPage\",\"@id\":\"https:\\\/\\\/www.evropskakuca.me\\\/me\\\/interview-with-the-group-bizarr\\\/\",\"url\":\"https:\\\/\\\/www.evropskakuca.me\\\/me\\\/interview-with-the-group-bizarr\\\/\",\"name\":\"Razgovor sa grupom BIZARR - Europe House\",\"isPartOf\":{\"@id\":\"https:\\\/\\\/www.evropskakuca.me\\\/me\\\/#website\"},\"primaryImageOfPage\":{\"@id\":\"https:\\\/\\\/www.evropskakuca.me\\\/me\\\/interview-with-the-group-bizarr\\\/#primaryimage\"},\"image\":{\"@id\":\"https:\\\/\\\/www.evropskakuca.me\\\/me\\\/interview-with-the-group-bizarr\\\/#primaryimage\"},\"thumbnailUrl\":\"https:\\\/\\\/www.evropskakuca.me\\\/wp-content\\\/uploads\\\/2025\\\/07\\\/PlayGround-I-day-3-of-120.jpg\",\"datePublished\":\"2025-06-27T11:22:27+00:00\",\"dateModified\":\"2025-07-02T11:49:37+00:00\",\"breadcrumb\":{\"@id\":\"https:\\\/\\\/www.evropskakuca.me\\\/me\\\/interview-with-the-group-bizarr\\\/#breadcrumb\"},\"inLanguage\":\"me-ME\",\"potentialAction\":[{\"@type\":\"ReadAction\",\"target\":[\"https:\\\/\\\/www.evropskakuca.me\\\/me\\\/interview-with-the-group-bizarr\\\/\"]}]},{\"@type\":\"ImageObject\",\"inLanguage\":\"me-ME\",\"@id\":\"https:\\\/\\\/www.evropskakuca.me\\\/me\\\/interview-with-the-group-bizarr\\\/#primaryimage\",\"url\":\"https:\\\/\\\/www.evropskakuca.me\\\/wp-content\\\/uploads\\\/2025\\\/07\\\/PlayGround-I-day-3-of-120.jpg\",\"contentUrl\":\"https:\\\/\\\/www.evropskakuca.me\\\/wp-content\\\/uploads\\\/2025\\\/07\\\/PlayGround-I-day-3-of-120.jpg\",\"width\":2048,\"height\":1366},{\"@type\":\"BreadcrumbList\",\"@id\":\"https:\\\/\\\/www.evropskakuca.me\\\/me\\\/interview-with-the-group-bizarr\\\/#breadcrumb\",\"itemListElement\":[{\"@type\":\"ListItem\",\"position\":1,\"name\":\"Home\",\"item\":\"https:\\\/\\\/www.evropskakuca.me\\\/me\\\/\"},{\"@type\":\"ListItem\",\"position\":2,\"name\":\"Razgovor sa grupom BIZARR\"}]},{\"@type\":\"WebSite\",\"@id\":\"https:\\\/\\\/www.evropskakuca.me\\\/me\\\/#website\",\"url\":\"https:\\\/\\\/www.evropskakuca.me\\\/me\\\/\",\"name\":\"Evropean house\",\"description\":\"\",\"publisher\":{\"@id\":\"https:\\\/\\\/www.evropskakuca.me\\\/me\\\/#organization\"},\"potentialAction\":[{\"@type\":\"SearchAction\",\"target\":{\"@type\":\"EntryPoint\",\"urlTemplate\":\"https:\\\/\\\/www.evropskakuca.me\\\/me\\\/?s={search_term_string}\"},\"query-input\":{\"@type\":\"PropertyValueSpecification\",\"valueRequired\":true,\"valueName\":\"search_term_string\"}}],\"inLanguage\":\"me-ME\"},{\"@type\":\"Organization\",\"@id\":\"https:\\\/\\\/www.evropskakuca.me\\\/me\\\/#organization\",\"name\":\"Evropean house\",\"url\":\"https:\\\/\\\/www.evropskakuca.me\\\/me\\\/\",\"logo\":{\"@type\":\"ImageObject\",\"inLanguage\":\"me-ME\",\"@id\":\"https:\\\/\\\/www.evropskakuca.me\\\/me\\\/#\\\/schema\\\/logo\\\/image\\\/\",\"url\":\"https:\\\/\\\/www.evropskakuca.me\\\/wp-content\\\/uploads\\\/2025\\\/01\\\/evropska-kuca-logo-1.png\",\"contentUrl\":\"https:\\\/\\\/www.evropskakuca.me\\\/wp-content\\\/uploads\\\/2025\\\/01\\\/evropska-kuca-logo-1.png\",\"width\":425,\"height\":312,\"caption\":\"Evropean house\"},\"image\":{\"@id\":\"https:\\\/\\\/www.evropskakuca.me\\\/me\\\/#\\\/schema\\\/logo\\\/image\\\/\"},\"sameAs\":[\"https:\\\/\\\/www.facebook.com\\\/evropska.kuca\",\"https:\\\/\\\/x.com\\\/evropska_kuca\",\"https:\\\/\\\/www.instagram.com\\\/evropska_kuca\"]},{\"@type\":\"Person\",\"@id\":\"https:\\\/\\\/www.evropskakuca.me\\\/me\\\/#\\\/schema\\\/person\\\/7e16527119c7b67f457996b970f2bd6e\",\"name\":\"Aleksandar Vukovic\",\"image\":{\"@type\":\"ImageObject\",\"inLanguage\":\"me-ME\",\"@id\":\"https:\\\/\\\/secure.gravatar.com\\\/avatar\\\/a1834e0104b0242a886079bde835ba36d80c70f9987a11f3ba33eb9e8d74cc15?s=96&d=mm&r=g\",\"url\":\"https:\\\/\\\/secure.gravatar.com\\\/avatar\\\/a1834e0104b0242a886079bde835ba36d80c70f9987a11f3ba33eb9e8d74cc15?s=96&d=mm&r=g\",\"contentUrl\":\"https:\\\/\\\/secure.gravatar.com\\\/avatar\\\/a1834e0104b0242a886079bde835ba36d80c70f9987a11f3ba33eb9e8d74cc15?s=96&d=mm&r=g\",\"caption\":\"Aleksandar Vukovic\"},\"url\":\"https:\\\/\\\/www.evropskakuca.me\\\/me\\\/author\\\/aleksandar\\\/\"}]}<\/script>\n<!-- \/ Yoast SEO plugin. -->","yoast_head_json":{"title":"Razgovor sa grupom BIZARR - Europe House","robots":{"index":"index","follow":"follow","max-snippet":"max-snippet:-1","max-image-preview":"max-image-preview:large","max-video-preview":"max-video-preview:-1"},"canonical":"https:\/\/www.evropskakuca.me\/me\/interview-with-the-group-bizarr\/","og_locale":"en_US","og_type":"article","og_title":"Razgovor sa grupom BIZARR - Europe House","og_description":"U okviru ovogodi\u0161nje IDAHOT teme \u201eThe Power of Communities\u201c, razgovarali smo sa crnogorskim muzi\u010dkim duo BIZARR. Ove dvije umjetnice kroz elektronsku muziku grade prostore zajedni\u0161tva, slobode i otpora a ova njihova pri\u010da je dio globalne inicijative kojom se slave LGBTIQ+ osobe iz kreativne industrije, koje nas podsje\u0107aju da kreativnost osna\u017euje \u2013 zajedno. \ud83c\udff3\ufe0f\u200d\ud83c\udf08 Kako na [&hellip;]","og_url":"https:\/\/www.evropskakuca.me\/me\/interview-with-the-group-bizarr\/","og_site_name":"Europe House","article_publisher":"https:\/\/www.facebook.com\/evropska.kuca","article_published_time":"2025-06-27T11:22:27+00:00","article_modified_time":"2025-07-02T11:49:37+00:00","og_image":[{"width":2048,"height":1366,"url":"https:\/\/www.evropskakuca.me\/wp-content\/uploads\/2025\/07\/PlayGround-I-day-3-of-120.jpg","type":"image\/jpeg"}],"author":"Aleksandar Vukovic","twitter_card":"summary_large_image","twitter_creator":"@evropska_kuca","twitter_site":"@evropska_kuca","twitter_misc":{"Written by":"Aleksandar Vukovic","Est. reading time":"3 minutes"},"schema":{"@context":"https:\/\/schema.org","@graph":[{"@type":"Article","@id":"https:\/\/www.evropskakuca.me\/me\/interview-with-the-group-bizarr\/#article","isPartOf":{"@id":"https:\/\/www.evropskakuca.me\/me\/interview-with-the-group-bizarr\/"},"author":{"name":"Aleksandar Vukovic","@id":"https:\/\/www.evropskakuca.me\/me\/#\/schema\/person\/7e16527119c7b67f457996b970f2bd6e"},"headline":"Razgovor sa grupom BIZARR","datePublished":"2025-06-27T11:22:27+00:00","dateModified":"2025-07-02T11:49:37+00:00","mainEntityOfPage":{"@id":"https:\/\/www.evropskakuca.me\/me\/interview-with-the-group-bizarr\/"},"wordCount":393,"publisher":{"@id":"https:\/\/www.evropskakuca.me\/me\/#organization"},"image":{"@id":"https:\/\/www.evropskakuca.me\/me\/interview-with-the-group-bizarr\/#primaryimage"},"thumbnailUrl":"https:\/\/www.evropskakuca.me\/wp-content\/uploads\/2025\/07\/PlayGround-I-day-3-of-120.jpg","articleSection":["Vesti"],"inLanguage":"me-ME"},{"@type":"WebPage","@id":"https:\/\/www.evropskakuca.me\/me\/interview-with-the-group-bizarr\/","url":"https:\/\/www.evropskakuca.me\/me\/interview-with-the-group-bizarr\/","name":"Razgovor sa grupom BIZARR - Europe House","isPartOf":{"@id":"https:\/\/www.evropskakuca.me\/me\/#website"},"primaryImageOfPage":{"@id":"https:\/\/www.evropskakuca.me\/me\/interview-with-the-group-bizarr\/#primaryimage"},"image":{"@id":"https:\/\/www.evropskakuca.me\/me\/interview-with-the-group-bizarr\/#primaryimage"},"thumbnailUrl":"https:\/\/www.evropskakuca.me\/wp-content\/uploads\/2025\/07\/PlayGround-I-day-3-of-120.jpg","datePublished":"2025-06-27T11:22:27+00:00","dateModified":"2025-07-02T11:49:37+00:00","breadcrumb":{"@id":"https:\/\/www.evropskakuca.me\/me\/interview-with-the-group-bizarr\/#breadcrumb"},"inLanguage":"me-ME","potentialAction":[{"@type":"ReadAction","target":["https:\/\/www.evropskakuca.me\/me\/interview-with-the-group-bizarr\/"]}]},{"@type":"ImageObject","inLanguage":"me-ME","@id":"https:\/\/www.evropskakuca.me\/me\/interview-with-the-group-bizarr\/#primaryimage","url":"https:\/\/www.evropskakuca.me\/wp-content\/uploads\/2025\/07\/PlayGround-I-day-3-of-120.jpg","contentUrl":"https:\/\/www.evropskakuca.me\/wp-content\/uploads\/2025\/07\/PlayGround-I-day-3-of-120.jpg","width":2048,"height":1366},{"@type":"BreadcrumbList","@id":"https:\/\/www.evropskakuca.me\/me\/interview-with-the-group-bizarr\/#breadcrumb","itemListElement":[{"@type":"ListItem","position":1,"name":"Home","item":"https:\/\/www.evropskakuca.me\/me\/"},{"@type":"ListItem","position":2,"name":"Razgovor sa grupom BIZARR"}]},{"@type":"WebSite","@id":"https:\/\/www.evropskakuca.me\/me\/#website","url":"https:\/\/www.evropskakuca.me\/me\/","name":"Evropean house","description":"","publisher":{"@id":"https:\/\/www.evropskakuca.me\/me\/#organization"},"potentialAction":[{"@type":"SearchAction","target":{"@type":"EntryPoint","urlTemplate":"https:\/\/www.evropskakuca.me\/me\/?s={search_term_string}"},"query-input":{"@type":"PropertyValueSpecification","valueRequired":true,"valueName":"search_term_string"}}],"inLanguage":"me-ME"},{"@type":"Organization","@id":"https:\/\/www.evropskakuca.me\/me\/#organization","name":"Evropean house","url":"https:\/\/www.evropskakuca.me\/me\/","logo":{"@type":"ImageObject","inLanguage":"me-ME","@id":"https:\/\/www.evropskakuca.me\/me\/#\/schema\/logo\/image\/","url":"https:\/\/www.evropskakuca.me\/wp-content\/uploads\/2025\/01\/evropska-kuca-logo-1.png","contentUrl":"https:\/\/www.evropskakuca.me\/wp-content\/uploads\/2025\/01\/evropska-kuca-logo-1.png","width":425,"height":312,"caption":"Evropean house"},"image":{"@id":"https:\/\/www.evropskakuca.me\/me\/#\/schema\/logo\/image\/"},"sameAs":["https:\/\/www.facebook.com\/evropska.kuca","https:\/\/x.com\/evropska_kuca","https:\/\/www.instagram.com\/evropska_kuca"]},{"@type":"Person","@id":"https:\/\/www.evropskakuca.me\/me\/#\/schema\/person\/7e16527119c7b67f457996b970f2bd6e","name":"Aleksandar Vukovic","image":{"@type":"ImageObject","inLanguage":"me-ME","@id":"https:\/\/secure.gravatar.com\/avatar\/a1834e0104b0242a886079bde835ba36d80c70f9987a11f3ba33eb9e8d74cc15?s=96&d=mm&r=g","url":"https:\/\/secure.gravatar.com\/avatar\/a1834e0104b0242a886079bde835ba36d80c70f9987a11f3ba33eb9e8d74cc15?s=96&d=mm&r=g","contentUrl":"https:\/\/secure.gravatar.com\/avatar\/a1834e0104b0242a886079bde835ba36d80c70f9987a11f3ba33eb9e8d74cc15?s=96&d=mm&r=g","caption":"Aleksandar Vukovic"},"url":"https:\/\/www.evropskakuca.me\/me\/author\/aleksandar\/"}]}},"_links":{"self":[{"href":"https:\/\/www.evropskakuca.me\/me\/wp-json\/wp\/v2\/posts\/45092","targetHints":{"allow":["GET"]}}],"collection":[{"href":"https:\/\/www.evropskakuca.me\/me\/wp-json\/wp\/v2\/posts"}],"about":[{"href":"https:\/\/www.evropskakuca.me\/me\/wp-json\/wp\/v2\/types\/post"}],"author":[{"embeddable":true,"href":"https:\/\/www.evropskakuca.me\/me\/wp-json\/wp\/v2\/users\/3"}],"replies":[{"embeddable":true,"href":"https:\/\/www.evropskakuca.me\/me\/wp-json\/wp\/v2\/comments?post=45092"}],"version-history":[{"count":1,"href":"https:\/\/www.evropskakuca.me\/me\/wp-json\/wp\/v2\/posts\/45092\/revisions"}],"predecessor-version":[{"id":45094,"href":"https:\/\/www.evropskakuca.me\/me\/wp-json\/wp\/v2\/posts\/45092\/revisions\/45094"}],"wp:featuredmedia":[{"embeddable":true,"href":"https:\/\/www.evropskakuca.me\/me\/wp-json\/wp\/v2\/media\/45079"}],"wp:attachment":[{"href":"https:\/\/www.evropskakuca.me\/me\/wp-json\/wp\/v2\/media?parent=45092"}],"wp:term":[{"taxonomy":"category","embeddable":true,"href":"https:\/\/www.evropskakuca.me\/me\/wp-json\/wp\/v2\/categories?post=45092"},{"taxonomy":"post_tag","embeddable":true,"href":"https:\/\/www.evropskakuca.me\/me\/wp-json\/wp\/v2\/tags?post=45092"}],"curies":[{"name":"wp","href":"https:\/\/api.w.org\/{rel}","templated":true}]}}