{"id":45028,"date":"2025-07-01T12:24:22","date_gmt":"2025-07-01T12:24:22","guid":{"rendered":"https:\/\/www.evropskakuca.me\/?p=45028"},"modified":"2025-07-02T09:23:36","modified_gmt":"2025-07-02T09:23:36","slug":"sme-soiree-u-evropskoj-kuci","status":"publish","type":"post","link":"https:\/\/www.evropskakuca.me\/me\/sme-soiree-u-evropskoj-kuci\/","title":{"rendered":"SME soir\u00e9e u Evropskoj ku\u0107i &#8211; Razgovori o mogu\u0107nostima"},"content":{"rendered":"\n<p>U svjetlu obilje\u017eavanja Svjetskog dana mikro, malih i srednjih preduze\u0107a u Evropskoj ku\u0107i organizovan je poseban SME soiree &#8211;&nbsp; okupljanje i dru\u017eenje mladih preduzetnika i predstavnika EBRACE projekta i IPARD programa. Cilj ovog dru\u017eenja bio je da se mladim preduzetnicima pribli\u017ee prilike koje im ovi EU projekti i programi pru\u017eaju.<\/p>\n\n\n\n<p>SME soiree organizovan je u saradnji sa Unijom mladih preduzetnika, Privrednom komorom i Ministarstvom poljoprivrede \u0161umarstva i vodoprivrede. Mladi su dobili priliku da iz prve ruke saznaju sve &nbsp;mogu\u0107nosti koje im mogu pomo\u0107i da oja\u010daju svoj biznis.<\/p>\n\n\n\n<p>Korisne i va\u017ene informacije o EMBRACE (Enhancing MSEs sustainaBle gRowth And CompEtitiveness) projektu sa okupljenima je podijelila <strong>Tanja Radusinovi\u0107<\/strong>,<strong> direktorica Sektora za projekte Privredne komore Crne Gore, <\/strong>rekav\u0161i da je posebno zadovoljstvo predstaviti ovaj projekat mladima koji su pokazali veliko interesovanje.<\/p>\n\n\n\n<figure class=\"wp-block-image size-large\"><img fetchpriority=\"high\" decoding=\"async\" width=\"1024\" height=\"683\" src=\"https:\/\/www.evropskakuca.me\/wp-content\/uploads\/2025\/07\/FRO_9040-1024x683.jpg\" alt=\"\" class=\"wp-image-45031\" srcset=\"https:\/\/www.evropskakuca.me\/wp-content\/uploads\/2025\/07\/FRO_9040-1024x683.jpg 1024w, https:\/\/www.evropskakuca.me\/wp-content\/uploads\/2025\/07\/FRO_9040-300x200.jpg 300w, https:\/\/www.evropskakuca.me\/wp-content\/uploads\/2025\/07\/FRO_9040-768x512.jpg 768w, https:\/\/www.evropskakuca.me\/wp-content\/uploads\/2025\/07\/FRO_9040-1536x1024.jpg 1536w, https:\/\/www.evropskakuca.me\/wp-content\/uploads\/2025\/07\/FRO_9040-2048x1365.jpg 2048w\" sizes=\"(max-width: 1024px) 100vw, 1024px\" \/><\/figure>\n\n\n\n<p>Ona je istakla da je kroz ovaj projekat otvorena mogu\u0107nost za mikro i mala preduze\u0107a iz Crne Gore da u &nbsp;saradnji sa hrvatskim preduze\u0107ima i preduze\u0107ima iz Bosne i Hercegovine kreiraju inovativne projekte i tako oja\u010daju svoju konkurentnost.<\/p>\n\n\n\n<blockquote class=\"wp-block-quote is-layout-flow wp-block-quote-is-layout-flow\">\n<p><strong>EMBRACE projekat obezbje\u0111uje grantove \u010diji je iznos i do 200 000 eura.<\/strong><\/p>\n<\/blockquote>\n\n\n\n<p>\u201cZa ovaj projekat mogu se prijaviti kompanije iz 12 crnogorskih op\u0161tina. Potrebno je da ove kompanije pripadaju kategoriji mikro i malih preduze\u0107a, da posluju najmanje godinu dana, da pozitivno posluju i naravno izmiruju sve poreze i doprinose\u201d dodala je Radusinovi\u0107.<\/p>\n\n\n\n<figure class=\"wp-block-gallery has-nested-images columns-default is-cropped wp-block-gallery-1 is-layout-flex wp-block-gallery-is-layout-flex\">\n<figure class=\"wp-block-image size-large\"><img decoding=\"async\" width=\"1024\" height=\"683\" data-id=\"45047\" src=\"https:\/\/www.evropskakuca.me\/wp-content\/uploads\/2025\/07\/FRO_8930-1024x683.jpg\" alt=\"\" class=\"wp-image-45047\" srcset=\"https:\/\/www.evropskakuca.me\/wp-content\/uploads\/2025\/07\/FRO_8930-1024x683.jpg 1024w, https:\/\/www.evropskakuca.me\/wp-content\/uploads\/2025\/07\/FRO_8930-300x200.jpg 300w, https:\/\/www.evropskakuca.me\/wp-content\/uploads\/2025\/07\/FRO_8930-768x512.jpg 768w, https:\/\/www.evropskakuca.me\/wp-content\/uploads\/2025\/07\/FRO_8930-1536x1024.jpg 1536w, https:\/\/www.evropskakuca.me\/wp-content\/uploads\/2025\/07\/FRO_8930-2048x1365.jpg 2048w\" sizes=\"(max-width: 1024px) 100vw, 1024px\" \/><\/figure>\n\n\n\n<figure class=\"wp-block-image size-large\"><img decoding=\"async\" width=\"1024\" height=\"683\" data-id=\"45045\" src=\"https:\/\/www.evropskakuca.me\/wp-content\/uploads\/2025\/07\/FRO_8951-1024x683.jpg\" alt=\"\" class=\"wp-image-45045\" srcset=\"https:\/\/www.evropskakuca.me\/wp-content\/uploads\/2025\/07\/FRO_8951-1024x683.jpg 1024w, https:\/\/www.evropskakuca.me\/wp-content\/uploads\/2025\/07\/FRO_8951-300x200.jpg 300w, https:\/\/www.evropskakuca.me\/wp-content\/uploads\/2025\/07\/FRO_8951-768x512.jpg 768w, https:\/\/www.evropskakuca.me\/wp-content\/uploads\/2025\/07\/FRO_8951-1536x1024.jpg 1536w, https:\/\/www.evropskakuca.me\/wp-content\/uploads\/2025\/07\/FRO_8951-2048x1365.jpg 2048w\" sizes=\"(max-width: 1024px) 100vw, 1024px\" \/><\/figure>\n<\/figure>\n\n\n\n<p>O IPARD III programu govorili su <strong>Nina Jaki\u0107, na\u010delnica Direkcije za odnose sa javno\u0161\u0107u IPARD programa i Milo\u0161 Kusovac, na\u010delnik Direkcije za programiranje IPARD programa<\/strong>.<\/p>\n\n\n\n<figure class=\"wp-block-image size-large\"><img loading=\"lazy\" decoding=\"async\" width=\"1024\" height=\"683\" src=\"https:\/\/www.evropskakuca.me\/wp-content\/uploads\/2025\/07\/FRO_8956-1024x683.jpg\" alt=\"\" class=\"wp-image-45033\" srcset=\"https:\/\/www.evropskakuca.me\/wp-content\/uploads\/2025\/07\/FRO_8956-1024x683.jpg 1024w, https:\/\/www.evropskakuca.me\/wp-content\/uploads\/2025\/07\/FRO_8956-300x200.jpg 300w, https:\/\/www.evropskakuca.me\/wp-content\/uploads\/2025\/07\/FRO_8956-768x512.jpg 768w, https:\/\/www.evropskakuca.me\/wp-content\/uploads\/2025\/07\/FRO_8956-1536x1024.jpg 1536w, https:\/\/www.evropskakuca.me\/wp-content\/uploads\/2025\/07\/FRO_8956-2048x1365.jpg 2048w\" sizes=\"(max-width: 1024px) 100vw, 1024px\" \/><\/figure>\n\n\n\n<p>\u201cCrna Gora je sprovela IPARD II program i od 39 miliona potro\u0161ila 35 miliona na 748 projekata. Trenutno smo u fazi implementacije IPARD III programa u okviru kojeg su ve\u0107 objavljena i zavr\u0161ena 4 javna poziva. U narednom periodu planiramo i objavu novih javnih poziva, \u0161to smo danas ovim mladim ljudima i predstavili\u201d, navela je Jaki\u0107.<\/p>\n\n\n\n<blockquote class=\"wp-block-quote is-layout-flow wp-block-quote-is-layout-flow\">\n<p><strong>Posjetioci Evropske ku\u0107e imali su priliku da dobiju detaljne informacije o uslovima, procedurama i predstoje\u0107im javnim pozivima IPARD III programa.<\/strong><\/p>\n<\/blockquote>\n\n\n\n<figure class=\"wp-block-gallery has-nested-images columns-default is-cropped wp-block-gallery-2 is-layout-flex wp-block-gallery-is-layout-flex\">\n<figure class=\"wp-block-image size-large\"><img loading=\"lazy\" decoding=\"async\" width=\"1024\" height=\"683\" data-id=\"45043\" src=\"https:\/\/www.evropskakuca.me\/wp-content\/uploads\/2025\/07\/FRO_9004-1024x683.jpg\" alt=\"\" class=\"wp-image-45043\" srcset=\"https:\/\/www.evropskakuca.me\/wp-content\/uploads\/2025\/07\/FRO_9004-1024x683.jpg 1024w, https:\/\/www.evropskakuca.me\/wp-content\/uploads\/2025\/07\/FRO_9004-300x200.jpg 300w, https:\/\/www.evropskakuca.me\/wp-content\/uploads\/2025\/07\/FRO_9004-768x512.jpg 768w, https:\/\/www.evropskakuca.me\/wp-content\/uploads\/2025\/07\/FRO_9004-1536x1024.jpg 1536w, https:\/\/www.evropskakuca.me\/wp-content\/uploads\/2025\/07\/FRO_9004-2048x1365.jpg 2048w\" sizes=\"(max-width: 1024px) 100vw, 1024px\" \/><\/figure>\n\n\n\n<figure class=\"wp-block-image size-large\"><img loading=\"lazy\" decoding=\"async\" width=\"1024\" height=\"683\" data-id=\"45039\" src=\"https:\/\/www.evropskakuca.me\/wp-content\/uploads\/2025\/07\/FRO_9006-1024x683.jpg\" alt=\"\" class=\"wp-image-45039\" srcset=\"https:\/\/www.evropskakuca.me\/wp-content\/uploads\/2025\/07\/FRO_9006-1024x683.jpg 1024w, https:\/\/www.evropskakuca.me\/wp-content\/uploads\/2025\/07\/FRO_9006-300x200.jpg 300w, https:\/\/www.evropskakuca.me\/wp-content\/uploads\/2025\/07\/FRO_9006-768x512.jpg 768w, https:\/\/www.evropskakuca.me\/wp-content\/uploads\/2025\/07\/FRO_9006-1536x1024.jpg 1536w, https:\/\/www.evropskakuca.me\/wp-content\/uploads\/2025\/07\/FRO_9006-2048x1365.jpg 2048w\" sizes=\"(max-width: 1024px) 100vw, 1024px\" \/><\/figure>\n\n\n\n<figure class=\"wp-block-image size-large\"><img loading=\"lazy\" decoding=\"async\" width=\"1024\" height=\"683\" data-id=\"45041\" src=\"https:\/\/www.evropskakuca.me\/wp-content\/uploads\/2025\/07\/FRO_9045-1-1024x683.jpg\" alt=\"\" class=\"wp-image-45041\" srcset=\"https:\/\/www.evropskakuca.me\/wp-content\/uploads\/2025\/07\/FRO_9045-1-1024x683.jpg 1024w, https:\/\/www.evropskakuca.me\/wp-content\/uploads\/2025\/07\/FRO_9045-1-300x200.jpg 300w, https:\/\/www.evropskakuca.me\/wp-content\/uploads\/2025\/07\/FRO_9045-1-768x512.jpg 768w, https:\/\/www.evropskakuca.me\/wp-content\/uploads\/2025\/07\/FRO_9045-1-1536x1024.jpg 1536w, https:\/\/www.evropskakuca.me\/wp-content\/uploads\/2025\/07\/FRO_9045-1-2048x1365.jpg 2048w\" sizes=\"(max-width: 1024px) 100vw, 1024px\" \/><\/figure>\n<\/figure>\n\n\n\n<p>Svake godine, 27. juna, obiIje\u017eava se Svjetski dan mikro, malih i srednjih preduze\u0107a (MMSP) u \u010dast njihove uloge u postizanju ciljeva odr\u017eivog razvoja (SDG), kao i ogromnog zna\u010daja koji mikro, mala i srednja preduze\u0107a pru\u017eaju ukupnom ekonomskom razvoju i obezbje\u0111ivanju novih, odr\u017eivih radnih mjesta.<\/p>\n","protected":false},"excerpt":{"rendered":"<p>U svjetlu obilje\u017eavanja Svjetskog dana mikro, malih i srednjih preduze\u0107a u Evropskoj ku\u0107i organizovan je poseban SME soiree &#8211;&nbsp; okupljanje i dru\u017eenje mladih preduzetnika i predstavnika EBRACE projekta i IPARD programa. Cilj ovog dru\u017eenja bio je da se mladim preduzetnicima pribli\u017ee prilike koje im ovi EU projekti i programi pru\u017eaju. SME soiree organizovan je u [&hellip;]<\/p>\n","protected":false},"author":3,"featured_media":45030,"comment_status":"closed","ping_status":"closed","sticky":false,"template":"","format":"standard","meta":{"_acf_changed":false,"footnotes":""},"categories":[283,1,524],"tags":[],"class_list":["post-45028","post","type-post","status-publish","format-standard","has-post-thumbnail","hentry","category-novosti-me","category-uncategorized","category-vesti"],"acf":[],"yoast_head":"<!-- This site is optimized with the Yoast SEO plugin v27.3 - https:\/\/yoast.com\/product\/yoast-seo-wordpress\/ -->\n<title>SME soir\u00e9e u Evropskoj ku\u0107i - Razgovori o mogu\u0107nostima - Europe House<\/title>\n<meta name=\"robots\" content=\"index, follow, max-snippet:-1, max-image-preview:large, max-video-preview:-1\" \/>\n<link rel=\"canonical\" href=\"https:\/\/www.evropskakuca.me\/me\/sme-soiree-u-evropskoj-kuci\/\" \/>\n<meta property=\"og:locale\" content=\"en_US\" \/>\n<meta property=\"og:type\" content=\"article\" \/>\n<meta property=\"og:title\" content=\"SME soir\u00e9e u Evropskoj ku\u0107i - Razgovori o mogu\u0107nostima - Europe House\" \/>\n<meta property=\"og:description\" content=\"U svjetlu obilje\u017eavanja Svjetskog dana mikro, malih i srednjih preduze\u0107a u Evropskoj ku\u0107i organizovan je poseban SME soiree &#8211;&nbsp; okupljanje i dru\u017eenje mladih preduzetnika i predstavnika EBRACE projekta i IPARD programa. Cilj ovog dru\u017eenja bio je da se mladim preduzetnicima pribli\u017ee prilike koje im ovi EU projekti i programi pru\u017eaju. SME soiree organizovan je u [&hellip;]\" \/>\n<meta property=\"og:url\" content=\"https:\/\/www.evropskakuca.me\/me\/sme-soiree-u-evropskoj-kuci\/\" \/>\n<meta property=\"og:site_name\" content=\"Europe House\" \/>\n<meta property=\"article:publisher\" content=\"https:\/\/www.facebook.com\/evropska.kuca\" \/>\n<meta property=\"article:published_time\" content=\"2025-07-01T12:24:22+00:00\" \/>\n<meta property=\"article:modified_time\" content=\"2025-07-02T09:23:36+00:00\" \/>\n<meta property=\"og:image\" content=\"https:\/\/www.evropskakuca.me\/wp-content\/uploads\/2025\/07\/FRO_8934-scaled-e1751372799528.jpg\" \/>\n\t<meta property=\"og:image:width\" content=\"2560\" \/>\n\t<meta property=\"og:image:height\" content=\"1246\" \/>\n\t<meta property=\"og:image:type\" content=\"image\/jpeg\" \/>\n<meta name=\"author\" content=\"Aleksandar Vukovic\" \/>\n<meta name=\"twitter:card\" content=\"summary_large_image\" \/>\n<meta name=\"twitter:creator\" content=\"@evropska_kuca\" \/>\n<meta name=\"twitter:site\" content=\"@evropska_kuca\" \/>\n<meta name=\"twitter:label1\" content=\"Written by\" \/>\n\t<meta name=\"twitter:data1\" content=\"Aleksandar Vukovic\" \/>\n\t<meta name=\"twitter:label2\" content=\"Est. reading time\" \/>\n\t<meta name=\"twitter:data2\" content=\"4 minutes\" \/>\n<script type=\"application\/ld+json\" class=\"yoast-schema-graph\">{\"@context\":\"https:\\\/\\\/schema.org\",\"@graph\":[{\"@type\":\"Article\",\"@id\":\"https:\\\/\\\/www.evropskakuca.me\\\/me\\\/sme-soiree-u-evropskoj-kuci\\\/#article\",\"isPartOf\":{\"@id\":\"https:\\\/\\\/www.evropskakuca.me\\\/me\\\/sme-soiree-u-evropskoj-kuci\\\/\"},\"author\":{\"name\":\"Aleksandar Vukovic\",\"@id\":\"https:\\\/\\\/www.evropskakuca.me\\\/me\\\/#\\\/schema\\\/person\\\/7e16527119c7b67f457996b970f2bd6e\"},\"headline\":\"SME soir\u00e9e u Evropskoj ku\u0107i &#8211; Razgovori o mogu\u0107nostima\",\"datePublished\":\"2025-07-01T12:24:22+00:00\",\"dateModified\":\"2025-07-02T09:23:36+00:00\",\"mainEntityOfPage\":{\"@id\":\"https:\\\/\\\/www.evropskakuca.me\\\/me\\\/sme-soiree-u-evropskoj-kuci\\\/\"},\"wordCount\":405,\"publisher\":{\"@id\":\"https:\\\/\\\/www.evropskakuca.me\\\/me\\\/#organization\"},\"image\":{\"@id\":\"https:\\\/\\\/www.evropskakuca.me\\\/me\\\/sme-soiree-u-evropskoj-kuci\\\/#primaryimage\"},\"thumbnailUrl\":\"https:\\\/\\\/www.evropskakuca.me\\\/wp-content\\\/uploads\\\/2025\\\/07\\\/FRO_8934-scaled-e1751372799528.jpg\",\"articleSection\":{\"0\":\"Novosti\",\"2\":\"Vesti\"},\"inLanguage\":\"me-ME\"},{\"@type\":\"WebPage\",\"@id\":\"https:\\\/\\\/www.evropskakuca.me\\\/me\\\/sme-soiree-u-evropskoj-kuci\\\/\",\"url\":\"https:\\\/\\\/www.evropskakuca.me\\\/me\\\/sme-soiree-u-evropskoj-kuci\\\/\",\"name\":\"SME soir\u00e9e u Evropskoj ku\u0107i - Razgovori o mogu\u0107nostima - Europe House\",\"isPartOf\":{\"@id\":\"https:\\\/\\\/www.evropskakuca.me\\\/me\\\/#website\"},\"primaryImageOfPage\":{\"@id\":\"https:\\\/\\\/www.evropskakuca.me\\\/me\\\/sme-soiree-u-evropskoj-kuci\\\/#primaryimage\"},\"image\":{\"@id\":\"https:\\\/\\\/www.evropskakuca.me\\\/me\\\/sme-soiree-u-evropskoj-kuci\\\/#primaryimage\"},\"thumbnailUrl\":\"https:\\\/\\\/www.evropskakuca.me\\\/wp-content\\\/uploads\\\/2025\\\/07\\\/FRO_8934-scaled-e1751372799528.jpg\",\"datePublished\":\"2025-07-01T12:24:22+00:00\",\"dateModified\":\"2025-07-02T09:23:36+00:00\",\"breadcrumb\":{\"@id\":\"https:\\\/\\\/www.evropskakuca.me\\\/me\\\/sme-soiree-u-evropskoj-kuci\\\/#breadcrumb\"},\"inLanguage\":\"me-ME\",\"potentialAction\":[{\"@type\":\"ReadAction\",\"target\":[\"https:\\\/\\\/www.evropskakuca.me\\\/me\\\/sme-soiree-u-evropskoj-kuci\\\/\"]}]},{\"@type\":\"ImageObject\",\"inLanguage\":\"me-ME\",\"@id\":\"https:\\\/\\\/www.evropskakuca.me\\\/me\\\/sme-soiree-u-evropskoj-kuci\\\/#primaryimage\",\"url\":\"https:\\\/\\\/www.evropskakuca.me\\\/wp-content\\\/uploads\\\/2025\\\/07\\\/FRO_8934-scaled-e1751372799528.jpg\",\"contentUrl\":\"https:\\\/\\\/www.evropskakuca.me\\\/wp-content\\\/uploads\\\/2025\\\/07\\\/FRO_8934-scaled-e1751372799528.jpg\",\"width\":2560,\"height\":1246},{\"@type\":\"BreadcrumbList\",\"@id\":\"https:\\\/\\\/www.evropskakuca.me\\\/me\\\/sme-soiree-u-evropskoj-kuci\\\/#breadcrumb\",\"itemListElement\":[{\"@type\":\"ListItem\",\"position\":1,\"name\":\"Home\",\"item\":\"https:\\\/\\\/www.evropskakuca.me\\\/me\\\/\"},{\"@type\":\"ListItem\",\"position\":2,\"name\":\"SME soir\u00e9e u Evropskoj ku\u0107i &#8211; Razgovori o mogu\u0107nostima\"}]},{\"@type\":\"WebSite\",\"@id\":\"https:\\\/\\\/www.evropskakuca.me\\\/me\\\/#website\",\"url\":\"https:\\\/\\\/www.evropskakuca.me\\\/me\\\/\",\"name\":\"Evropean house\",\"description\":\"\",\"publisher\":{\"@id\":\"https:\\\/\\\/www.evropskakuca.me\\\/me\\\/#organization\"},\"potentialAction\":[{\"@type\":\"SearchAction\",\"target\":{\"@type\":\"EntryPoint\",\"urlTemplate\":\"https:\\\/\\\/www.evropskakuca.me\\\/me\\\/?s={search_term_string}\"},\"query-input\":{\"@type\":\"PropertyValueSpecification\",\"valueRequired\":true,\"valueName\":\"search_term_string\"}}],\"inLanguage\":\"me-ME\"},{\"@type\":\"Organization\",\"@id\":\"https:\\\/\\\/www.evropskakuca.me\\\/me\\\/#organization\",\"name\":\"Evropean house\",\"url\":\"https:\\\/\\\/www.evropskakuca.me\\\/me\\\/\",\"logo\":{\"@type\":\"ImageObject\",\"inLanguage\":\"me-ME\",\"@id\":\"https:\\\/\\\/www.evropskakuca.me\\\/me\\\/#\\\/schema\\\/logo\\\/image\\\/\",\"url\":\"https:\\\/\\\/www.evropskakuca.me\\\/wp-content\\\/uploads\\\/2025\\\/01\\\/evropska-kuca-logo-1.png\",\"contentUrl\":\"https:\\\/\\\/www.evropskakuca.me\\\/wp-content\\\/uploads\\\/2025\\\/01\\\/evropska-kuca-logo-1.png\",\"width\":425,\"height\":312,\"caption\":\"Evropean house\"},\"image\":{\"@id\":\"https:\\\/\\\/www.evropskakuca.me\\\/me\\\/#\\\/schema\\\/logo\\\/image\\\/\"},\"sameAs\":[\"https:\\\/\\\/www.facebook.com\\\/evropska.kuca\",\"https:\\\/\\\/x.com\\\/evropska_kuca\",\"https:\\\/\\\/www.instagram.com\\\/evropska_kuca\"]},{\"@type\":\"Person\",\"@id\":\"https:\\\/\\\/www.evropskakuca.me\\\/me\\\/#\\\/schema\\\/person\\\/7e16527119c7b67f457996b970f2bd6e\",\"name\":\"Aleksandar Vukovic\",\"image\":{\"@type\":\"ImageObject\",\"inLanguage\":\"me-ME\",\"@id\":\"https:\\\/\\\/secure.gravatar.com\\\/avatar\\\/a1834e0104b0242a886079bde835ba36d80c70f9987a11f3ba33eb9e8d74cc15?s=96&d=mm&r=g\",\"url\":\"https:\\\/\\\/secure.gravatar.com\\\/avatar\\\/a1834e0104b0242a886079bde835ba36d80c70f9987a11f3ba33eb9e8d74cc15?s=96&d=mm&r=g\",\"contentUrl\":\"https:\\\/\\\/secure.gravatar.com\\\/avatar\\\/a1834e0104b0242a886079bde835ba36d80c70f9987a11f3ba33eb9e8d74cc15?s=96&d=mm&r=g\",\"caption\":\"Aleksandar Vukovic\"},\"url\":\"https:\\\/\\\/www.evropskakuca.me\\\/me\\\/author\\\/aleksandar\\\/\"}]}<\/script>\n<!-- \/ Yoast SEO plugin. -->","yoast_head_json":{"title":"SME soir\u00e9e u Evropskoj ku\u0107i - Razgovori o mogu\u0107nostima - Europe House","robots":{"index":"index","follow":"follow","max-snippet":"max-snippet:-1","max-image-preview":"max-image-preview:large","max-video-preview":"max-video-preview:-1"},"canonical":"https:\/\/www.evropskakuca.me\/me\/sme-soiree-u-evropskoj-kuci\/","og_locale":"en_US","og_type":"article","og_title":"SME soir\u00e9e u Evropskoj ku\u0107i - Razgovori o mogu\u0107nostima - Europe House","og_description":"U svjetlu obilje\u017eavanja Svjetskog dana mikro, malih i srednjih preduze\u0107a u Evropskoj ku\u0107i organizovan je poseban SME soiree &#8211;&nbsp; okupljanje i dru\u017eenje mladih preduzetnika i predstavnika EBRACE projekta i IPARD programa. Cilj ovog dru\u017eenja bio je da se mladim preduzetnicima pribli\u017ee prilike koje im ovi EU projekti i programi pru\u017eaju. SME soiree organizovan je u [&hellip;]","og_url":"https:\/\/www.evropskakuca.me\/me\/sme-soiree-u-evropskoj-kuci\/","og_site_name":"Europe House","article_publisher":"https:\/\/www.facebook.com\/evropska.kuca","article_published_time":"2025-07-01T12:24:22+00:00","article_modified_time":"2025-07-02T09:23:36+00:00","og_image":[{"width":2560,"height":1246,"url":"https:\/\/www.evropskakuca.me\/wp-content\/uploads\/2025\/07\/FRO_8934-scaled-e1751372799528.jpg","type":"image\/jpeg"}],"author":"Aleksandar Vukovic","twitter_card":"summary_large_image","twitter_creator":"@evropska_kuca","twitter_site":"@evropska_kuca","twitter_misc":{"Written by":"Aleksandar Vukovic","Est. reading time":"4 minutes"},"schema":{"@context":"https:\/\/schema.org","@graph":[{"@type":"Article","@id":"https:\/\/www.evropskakuca.me\/me\/sme-soiree-u-evropskoj-kuci\/#article","isPartOf":{"@id":"https:\/\/www.evropskakuca.me\/me\/sme-soiree-u-evropskoj-kuci\/"},"author":{"name":"Aleksandar Vukovic","@id":"https:\/\/www.evropskakuca.me\/me\/#\/schema\/person\/7e16527119c7b67f457996b970f2bd6e"},"headline":"SME soir\u00e9e u Evropskoj ku\u0107i &#8211; Razgovori o mogu\u0107nostima","datePublished":"2025-07-01T12:24:22+00:00","dateModified":"2025-07-02T09:23:36+00:00","mainEntityOfPage":{"@id":"https:\/\/www.evropskakuca.me\/me\/sme-soiree-u-evropskoj-kuci\/"},"wordCount":405,"publisher":{"@id":"https:\/\/www.evropskakuca.me\/me\/#organization"},"image":{"@id":"https:\/\/www.evropskakuca.me\/me\/sme-soiree-u-evropskoj-kuci\/#primaryimage"},"thumbnailUrl":"https:\/\/www.evropskakuca.me\/wp-content\/uploads\/2025\/07\/FRO_8934-scaled-e1751372799528.jpg","articleSection":{"0":"Novosti","2":"Vesti"},"inLanguage":"me-ME"},{"@type":"WebPage","@id":"https:\/\/www.evropskakuca.me\/me\/sme-soiree-u-evropskoj-kuci\/","url":"https:\/\/www.evropskakuca.me\/me\/sme-soiree-u-evropskoj-kuci\/","name":"SME soir\u00e9e u Evropskoj ku\u0107i - Razgovori o mogu\u0107nostima - Europe House","isPartOf":{"@id":"https:\/\/www.evropskakuca.me\/me\/#website"},"primaryImageOfPage":{"@id":"https:\/\/www.evropskakuca.me\/me\/sme-soiree-u-evropskoj-kuci\/#primaryimage"},"image":{"@id":"https:\/\/www.evropskakuca.me\/me\/sme-soiree-u-evropskoj-kuci\/#primaryimage"},"thumbnailUrl":"https:\/\/www.evropskakuca.me\/wp-content\/uploads\/2025\/07\/FRO_8934-scaled-e1751372799528.jpg","datePublished":"2025-07-01T12:24:22+00:00","dateModified":"2025-07-02T09:23:36+00:00","breadcrumb":{"@id":"https:\/\/www.evropskakuca.me\/me\/sme-soiree-u-evropskoj-kuci\/#breadcrumb"},"inLanguage":"me-ME","potentialAction":[{"@type":"ReadAction","target":["https:\/\/www.evropskakuca.me\/me\/sme-soiree-u-evropskoj-kuci\/"]}]},{"@type":"ImageObject","inLanguage":"me-ME","@id":"https:\/\/www.evropskakuca.me\/me\/sme-soiree-u-evropskoj-kuci\/#primaryimage","url":"https:\/\/www.evropskakuca.me\/wp-content\/uploads\/2025\/07\/FRO_8934-scaled-e1751372799528.jpg","contentUrl":"https:\/\/www.evropskakuca.me\/wp-content\/uploads\/2025\/07\/FRO_8934-scaled-e1751372799528.jpg","width":2560,"height":1246},{"@type":"BreadcrumbList","@id":"https:\/\/www.evropskakuca.me\/me\/sme-soiree-u-evropskoj-kuci\/#breadcrumb","itemListElement":[{"@type":"ListItem","position":1,"name":"Home","item":"https:\/\/www.evropskakuca.me\/me\/"},{"@type":"ListItem","position":2,"name":"SME soir\u00e9e u Evropskoj ku\u0107i &#8211; Razgovori o mogu\u0107nostima"}]},{"@type":"WebSite","@id":"https:\/\/www.evropskakuca.me\/me\/#website","url":"https:\/\/www.evropskakuca.me\/me\/","name":"Evropean house","description":"","publisher":{"@id":"https:\/\/www.evropskakuca.me\/me\/#organization"},"potentialAction":[{"@type":"SearchAction","target":{"@type":"EntryPoint","urlTemplate":"https:\/\/www.evropskakuca.me\/me\/?s={search_term_string}"},"query-input":{"@type":"PropertyValueSpecification","valueRequired":true,"valueName":"search_term_string"}}],"inLanguage":"me-ME"},{"@type":"Organization","@id":"https:\/\/www.evropskakuca.me\/me\/#organization","name":"Evropean house","url":"https:\/\/www.evropskakuca.me\/me\/","logo":{"@type":"ImageObject","inLanguage":"me-ME","@id":"https:\/\/www.evropskakuca.me\/me\/#\/schema\/logo\/image\/","url":"https:\/\/www.evropskakuca.me\/wp-content\/uploads\/2025\/01\/evropska-kuca-logo-1.png","contentUrl":"https:\/\/www.evropskakuca.me\/wp-content\/uploads\/2025\/01\/evropska-kuca-logo-1.png","width":425,"height":312,"caption":"Evropean house"},"image":{"@id":"https:\/\/www.evropskakuca.me\/me\/#\/schema\/logo\/image\/"},"sameAs":["https:\/\/www.facebook.com\/evropska.kuca","https:\/\/x.com\/evropska_kuca","https:\/\/www.instagram.com\/evropska_kuca"]},{"@type":"Person","@id":"https:\/\/www.evropskakuca.me\/me\/#\/schema\/person\/7e16527119c7b67f457996b970f2bd6e","name":"Aleksandar Vukovic","image":{"@type":"ImageObject","inLanguage":"me-ME","@id":"https:\/\/secure.gravatar.com\/avatar\/a1834e0104b0242a886079bde835ba36d80c70f9987a11f3ba33eb9e8d74cc15?s=96&d=mm&r=g","url":"https:\/\/secure.gravatar.com\/avatar\/a1834e0104b0242a886079bde835ba36d80c70f9987a11f3ba33eb9e8d74cc15?s=96&d=mm&r=g","contentUrl":"https:\/\/secure.gravatar.com\/avatar\/a1834e0104b0242a886079bde835ba36d80c70f9987a11f3ba33eb9e8d74cc15?s=96&d=mm&r=g","caption":"Aleksandar Vukovic"},"url":"https:\/\/www.evropskakuca.me\/me\/author\/aleksandar\/"}]}},"_links":{"self":[{"href":"https:\/\/www.evropskakuca.me\/me\/wp-json\/wp\/v2\/posts\/45028","targetHints":{"allow":["GET"]}}],"collection":[{"href":"https:\/\/www.evropskakuca.me\/me\/wp-json\/wp\/v2\/posts"}],"about":[{"href":"https:\/\/www.evropskakuca.me\/me\/wp-json\/wp\/v2\/types\/post"}],"author":[{"embeddable":true,"href":"https:\/\/www.evropskakuca.me\/me\/wp-json\/wp\/v2\/users\/3"}],"replies":[{"embeddable":true,"href":"https:\/\/www.evropskakuca.me\/me\/wp-json\/wp\/v2\/comments?post=45028"}],"version-history":[{"count":3,"href":"https:\/\/www.evropskakuca.me\/me\/wp-json\/wp\/v2\/posts\/45028\/revisions"}],"predecessor-version":[{"id":45068,"href":"https:\/\/www.evropskakuca.me\/me\/wp-json\/wp\/v2\/posts\/45028\/revisions\/45068"}],"wp:featuredmedia":[{"embeddable":true,"href":"https:\/\/www.evropskakuca.me\/me\/wp-json\/wp\/v2\/media\/45030"}],"wp:attachment":[{"href":"https:\/\/www.evropskakuca.me\/me\/wp-json\/wp\/v2\/media?parent=45028"}],"wp:term":[{"taxonomy":"category","embeddable":true,"href":"https:\/\/www.evropskakuca.me\/me\/wp-json\/wp\/v2\/categories?post=45028"},{"taxonomy":"post_tag","embeddable":true,"href":"https:\/\/www.evropskakuca.me\/me\/wp-json\/wp\/v2\/tags?post=45028"}],"curies":[{"name":"wp","href":"https:\/\/api.w.org\/{rel}","templated":true}]}}