{"id":4502,"date":"2017-12-08T15:28:50","date_gmt":"2017-12-08T15:28:50","guid":{"rendered":"http:\/\/www.evropskakuca.me\/me\/?p=4502"},"modified":"2017-12-08T15:28:50","modified_gmt":"2017-12-08T15:28:50","slug":"vladavina-prava-ostaje-u-srcu-procesa-evropskih-integracija","status":"publish","type":"post","link":"https:\/\/www.evropskakuca.me\/me\/vladavina-prava-ostaje-u-srcu-procesa-evropskih-integracija\/","title":{"rendered":"Vladavina prava ostaje u srcu procesa evropskih integracija"},"content":{"rendered":"<p>PODGORICA, 8. decembar 2017. &#8211; Sav napredak u procesu pregovaranja i pristupanju Crne Gore Evropskoj uniji i dalje se zasniva na vladavini prava, poru\u010dio je Tomas Haglajtner, \u0161ef Odsjeka za Crnu Goru u Direktoratu Evropske komisije za dobrosusjedsku politiku i pregovore o pro\u0161irenju. Govore\u0107i na panel diskusiji na temu borbe protiv korupcije u procesu evropske integracije, odr\u017eanoj u EU info centru, on je istakao da \u0107e za zatvaranje pristupnih mjerila u oblasti vladavine prava biti potrebno ostvariti uvjerljiv i odr\u017eiv balans rezultata u borbi protiv korupcije, uklju\u010duju\u0107i i korupciju na visokom nivou. \u201eMogu vam garantovati da bez toga ne\u0107emo zatvoriti pregovore sa Crnom Gorom . To nije samo stav Evropske komisije, ve\u0107 je i stav svih dr\u017eava \u010dlanica. Nema sumnje u to\u201c, rekao je Haglajtner.<\/p>\n<p><img fetchpriority=\"high\" decoding=\"async\" class=\"alignleft wp-image-4506 \" src=\"http:\/\/www.evropskakuca.me\/wp-content\/uploads\/2017\/12\/171208_-4.jpg\" alt=\"\" width=\"408\" height=\"272\" \/>On je rekao i da ako Crna Gora \u017eeli da napreduje u procesu pristupanja, neophodno je vrlo brzo ostvariti rezultate u ovim oblastima kako bi se moglo pre\u0107i u narednu fazu procesa pristupanja, dodaju\u0107i da prethodna iskustva u pro\u0161irenju EU pokazuju da je brz napredak mogu\u0107.<\/p>\n<p>\u201eJedna od lekcija koju smo videli u nekim zemljama koje su ranije pristupile Evropskoj uniji jeste da je mogu\u0107e zna\u010dajno pomjeriti granice onoga \u0161to je prihvatljivo u smislu korupcije u javnom \u017eivotu u prili\u010dno kratkom vremenskom periodu. To je zapravo su\u0161tinski element \u2013 promjena na\u010dina na koji dru\u0161tvo gleda na korupciju. Jednom kad se ova dru\u0161tvena tolerancija smanji, onda zakonodavstvo i institucije mogu igrati svoju ulogu. Sve dok se to ne dogodi, zakoni i institucije \u0107e \u201evisiti u vazduhu\u201c, pojasnio je Haglajtner.<\/p>\n<p><img decoding=\"async\" class=\"alignright wp-image-4508 \" src=\"http:\/\/www.evropskakuca.me\/wp-content\/uploads\/2017\/12\/171208_-5.jpg\" alt=\"\" width=\"284\" height=\"189\" \/>Prema rije\u010dima Kornelije Abel, regionalne koordinatorke za Jugoisto\u010dnu Evropu, Tursku i Izrael Transparensi interne\u0161enala, dvije stvari su va\u017ene za zemlju koja \u017eeli da napreduje na tom putu: organizacije civilnog dru\u0161tva i donosioci odluka ne treba da rade jedni protiv drugih, ve\u0107 zajedno, a tako\u0111e, treba razvijati klimu otvorenosti u dru\u0161tvu, prije svega kroz obezbje\u0111ivanje slobodnog pristupa informacijama. \u201eVlada mora to da shvati kao \u0161ansu da izgradi povjerenje, i kao \u0161ansu da poka\u017ee ono \u0161to radi, jer ovako mi uvijek pretpostavljamo da se napori mo\u017eda preduzimaju za li\u010dno dobro, a ne za dobro dr\u017eave, jer ne znamo&#8221;, rekla je ona.<\/p>\n<p><img decoding=\"async\" class=\"alignleft wp-image-4510 \" src=\"http:\/\/www.evropskakuca.me\/wp-content\/uploads\/2017\/12\/171208_-7.jpg\" alt=\"\" width=\"290\" height=\"193\" \/>Izvr\u0161na direktorica Mre\u017ee za afirmaciju nevladinog sektora (MANS) Vanja \u0106alovi\u0107 Markovi\u0107 dodala je i to da je ta organizacija u svom dosada\u0161njem radu primijetila da institucije \u010desto fingiraju borbu protiv korupcije, predstavljaju\u0107i samo statisti\u010dke podatke kao rezultate, dok pravih ozbiljnih rezultata na terenu.<\/p>\n<p>\u201e\u010cvrsto vjerujem da je ovo jedini put za Crnu Goru i mogu\u0107nost za nas gra\u0111ane da usvojimo neke standarde koji va\u017ee u Evropskoj uniji i da imamo ona prava koja imaju gra\u0111ani EU, bez obzira u kom trenutku \u0107emo u\u0107i u EU. Va\u017ean je proces u kome se na\u0161e dru\u0161tvo mijenja, a ne samo kona\u010dan rezultat po svaku cijenu\u201c, zaklju\u010dila je ona.<\/p>\n<p>Panel diskusija je organizovana u okviru Nedelje borbe protiv korupcije, kojom se obilje\u017eava 9. decembar, Dan borbe protiv korupcije, a koju su organizovali Delegacija EU u Crnoj Gori i MANS, uz podr\u0161ku EU Info centra.<\/p>\n<p><img loading=\"lazy\" decoding=\"async\" class=\"alignleft wp-image-4518 \" src=\"http:\/\/www.evropskakuca.me\/wp-content\/uploads\/2017\/12\/171208_-1.jpg\" alt=\"\" width=\"335\" height=\"224\" \/> <img loading=\"lazy\" decoding=\"async\" class=\"alignleft wp-image-4514 \" src=\"http:\/\/www.evropskakuca.me\/wp-content\/uploads\/2017\/12\/171208_-6.jpg\" alt=\"\" width=\"334\" height=\"222\" \/><\/p>\n<p>&nbsp;<\/p>\n<p>&nbsp;<\/p>\n<p>&nbsp;<\/p>\n<p>&nbsp;<\/p>\n<p>&nbsp;<\/p>\n<p>&nbsp;<\/p>\n","protected":false},"excerpt":{"rendered":"<p>Borba protiv korupcije u procesu EU integracija<\/p>\n","protected":false},"author":1,"featured_media":33220,"comment_status":"open","ping_status":"open","sticky":false,"template":"","format":"standard","meta":{"_acf_changed":false,"footnotes":""},"categories":[],"tags":[],"class_list":["post-4502","post","type-post","status-publish","format-standard","has-post-thumbnail","hentry"],"acf":[],"yoast_head":"<!-- This site is optimized with the Yoast SEO plugin v27.3 - https:\/\/yoast.com\/product\/yoast-seo-wordpress\/ -->\n<title>Vladavina prava ostaje u srcu procesa evropskih integracija - Europe House<\/title>\n<meta name=\"robots\" content=\"index, follow, max-snippet:-1, max-image-preview:large, max-video-preview:-1\" \/>\n<link rel=\"canonical\" href=\"https:\/\/www.evropskakuca.me\/me\/vladavina-prava-ostaje-u-srcu-procesa-evropskih-integracija\/\" \/>\n<meta property=\"og:locale\" content=\"en_US\" \/>\n<meta property=\"og:type\" content=\"article\" \/>\n<meta property=\"og:title\" content=\"Vladavina prava ostaje u srcu procesa evropskih integracija - Europe House\" \/>\n<meta property=\"og:description\" content=\"Borba protiv korupcije u procesu EU integracija\" \/>\n<meta property=\"og:url\" content=\"https:\/\/www.evropskakuca.me\/me\/vladavina-prava-ostaje-u-srcu-procesa-evropskih-integracija\/\" \/>\n<meta property=\"og:site_name\" content=\"Europe House\" \/>\n<meta property=\"article:publisher\" content=\"https:\/\/www.facebook.com\/evropska.kuca\" \/>\n<meta property=\"article:published_time\" content=\"2017-12-08T15:28:50+00:00\" \/>\n<meta property=\"og:image\" content=\"https:\/\/www.evropskakuca.me\/wp-content\/uploads\/2017\/12\/171208_-3.jpg\" \/>\n\t<meta property=\"og:image:width\" content=\"2028\" \/>\n\t<meta property=\"og:image:height\" content=\"1352\" \/>\n\t<meta property=\"og:image:type\" content=\"image\/jpeg\" \/>\n<meta name=\"author\" content=\"mkajic\" \/>\n<meta name=\"twitter:card\" content=\"summary_large_image\" \/>\n<meta name=\"twitter:creator\" content=\"@evropska_kuca\" \/>\n<meta name=\"twitter:site\" content=\"@evropska_kuca\" \/>\n<meta name=\"twitter:label1\" content=\"Written by\" \/>\n\t<meta name=\"twitter:data1\" content=\"mkajic\" \/>\n\t<meta name=\"twitter:label2\" content=\"Est. reading time\" \/>\n\t<meta name=\"twitter:data2\" content=\"3 minutes\" \/>\n<script type=\"application\/ld+json\" class=\"yoast-schema-graph\">{\"@context\":\"https:\\\/\\\/schema.org\",\"@graph\":[{\"@type\":\"Article\",\"@id\":\"https:\\\/\\\/www.evropskakuca.me\\\/me\\\/vladavina-prava-ostaje-u-srcu-procesa-evropskih-integracija\\\/#article\",\"isPartOf\":{\"@id\":\"https:\\\/\\\/www.evropskakuca.me\\\/me\\\/vladavina-prava-ostaje-u-srcu-procesa-evropskih-integracija\\\/\"},\"author\":{\"name\":\"mkajic\",\"@id\":\"https:\\\/\\\/www.evropskakuca.me\\\/me\\\/#\\\/schema\\\/person\\\/a1d0dcdaefe4a1cd1d60d200ea137ba4\"},\"headline\":\"Vladavina prava ostaje u srcu procesa evropskih integracija\",\"datePublished\":\"2017-12-08T15:28:50+00:00\",\"mainEntityOfPage\":{\"@id\":\"https:\\\/\\\/www.evropskakuca.me\\\/me\\\/vladavina-prava-ostaje-u-srcu-procesa-evropskih-integracija\\\/\"},\"wordCount\":549,\"commentCount\":0,\"publisher\":{\"@id\":\"https:\\\/\\\/www.evropskakuca.me\\\/me\\\/#organization\"},\"image\":{\"@id\":\"https:\\\/\\\/www.evropskakuca.me\\\/me\\\/vladavina-prava-ostaje-u-srcu-procesa-evropskih-integracija\\\/#primaryimage\"},\"thumbnailUrl\":\"https:\\\/\\\/www.evropskakuca.me\\\/wp-content\\\/uploads\\\/2017\\\/12\\\/171208_-3.jpg\",\"inLanguage\":\"me-ME\",\"potentialAction\":[{\"@type\":\"CommentAction\",\"name\":\"Comment\",\"target\":[\"https:\\\/\\\/www.evropskakuca.me\\\/me\\\/vladavina-prava-ostaje-u-srcu-procesa-evropskih-integracija\\\/#respond\"]}]},{\"@type\":\"WebPage\",\"@id\":\"https:\\\/\\\/www.evropskakuca.me\\\/me\\\/vladavina-prava-ostaje-u-srcu-procesa-evropskih-integracija\\\/\",\"url\":\"https:\\\/\\\/www.evropskakuca.me\\\/me\\\/vladavina-prava-ostaje-u-srcu-procesa-evropskih-integracija\\\/\",\"name\":\"Vladavina prava ostaje u srcu procesa evropskih integracija - Europe House\",\"isPartOf\":{\"@id\":\"https:\\\/\\\/www.evropskakuca.me\\\/me\\\/#website\"},\"primaryImageOfPage\":{\"@id\":\"https:\\\/\\\/www.evropskakuca.me\\\/me\\\/vladavina-prava-ostaje-u-srcu-procesa-evropskih-integracija\\\/#primaryimage\"},\"image\":{\"@id\":\"https:\\\/\\\/www.evropskakuca.me\\\/me\\\/vladavina-prava-ostaje-u-srcu-procesa-evropskih-integracija\\\/#primaryimage\"},\"thumbnailUrl\":\"https:\\\/\\\/www.evropskakuca.me\\\/wp-content\\\/uploads\\\/2017\\\/12\\\/171208_-3.jpg\",\"datePublished\":\"2017-12-08T15:28:50+00:00\",\"breadcrumb\":{\"@id\":\"https:\\\/\\\/www.evropskakuca.me\\\/me\\\/vladavina-prava-ostaje-u-srcu-procesa-evropskih-integracija\\\/#breadcrumb\"},\"inLanguage\":\"me-ME\",\"potentialAction\":[{\"@type\":\"ReadAction\",\"target\":[\"https:\\\/\\\/www.evropskakuca.me\\\/me\\\/vladavina-prava-ostaje-u-srcu-procesa-evropskih-integracija\\\/\"]}]},{\"@type\":\"ImageObject\",\"inLanguage\":\"me-ME\",\"@id\":\"https:\\\/\\\/www.evropskakuca.me\\\/me\\\/vladavina-prava-ostaje-u-srcu-procesa-evropskih-integracija\\\/#primaryimage\",\"url\":\"https:\\\/\\\/www.evropskakuca.me\\\/wp-content\\\/uploads\\\/2017\\\/12\\\/171208_-3.jpg\",\"contentUrl\":\"https:\\\/\\\/www.evropskakuca.me\\\/wp-content\\\/uploads\\\/2017\\\/12\\\/171208_-3.jpg\",\"width\":2028,\"height\":1352},{\"@type\":\"BreadcrumbList\",\"@id\":\"https:\\\/\\\/www.evropskakuca.me\\\/me\\\/vladavina-prava-ostaje-u-srcu-procesa-evropskih-integracija\\\/#breadcrumb\",\"itemListElement\":[{\"@type\":\"ListItem\",\"position\":1,\"name\":\"Home\",\"item\":\"https:\\\/\\\/www.evropskakuca.me\\\/me\\\/\"},{\"@type\":\"ListItem\",\"position\":2,\"name\":\"Vladavina prava ostaje u srcu procesa evropskih integracija\"}]},{\"@type\":\"WebSite\",\"@id\":\"https:\\\/\\\/www.evropskakuca.me\\\/me\\\/#website\",\"url\":\"https:\\\/\\\/www.evropskakuca.me\\\/me\\\/\",\"name\":\"Evropean house\",\"description\":\"\",\"publisher\":{\"@id\":\"https:\\\/\\\/www.evropskakuca.me\\\/me\\\/#organization\"},\"potentialAction\":[{\"@type\":\"SearchAction\",\"target\":{\"@type\":\"EntryPoint\",\"urlTemplate\":\"https:\\\/\\\/www.evropskakuca.me\\\/me\\\/?s={search_term_string}\"},\"query-input\":{\"@type\":\"PropertyValueSpecification\",\"valueRequired\":true,\"valueName\":\"search_term_string\"}}],\"inLanguage\":\"me-ME\"},{\"@type\":\"Organization\",\"@id\":\"https:\\\/\\\/www.evropskakuca.me\\\/me\\\/#organization\",\"name\":\"Evropean house\",\"url\":\"https:\\\/\\\/www.evropskakuca.me\\\/me\\\/\",\"logo\":{\"@type\":\"ImageObject\",\"inLanguage\":\"me-ME\",\"@id\":\"https:\\\/\\\/www.evropskakuca.me\\\/me\\\/#\\\/schema\\\/logo\\\/image\\\/\",\"url\":\"https:\\\/\\\/www.evropskakuca.me\\\/wp-content\\\/uploads\\\/2025\\\/01\\\/evropska-kuca-logo-1.png\",\"contentUrl\":\"https:\\\/\\\/www.evropskakuca.me\\\/wp-content\\\/uploads\\\/2025\\\/01\\\/evropska-kuca-logo-1.png\",\"width\":425,\"height\":312,\"caption\":\"Evropean house\"},\"image\":{\"@id\":\"https:\\\/\\\/www.evropskakuca.me\\\/me\\\/#\\\/schema\\\/logo\\\/image\\\/\"},\"sameAs\":[\"https:\\\/\\\/www.facebook.com\\\/evropska.kuca\",\"https:\\\/\\\/x.com\\\/evropska_kuca\",\"https:\\\/\\\/www.instagram.com\\\/evropska_kuca\"]},{\"@type\":\"Person\",\"@id\":\"https:\\\/\\\/www.evropskakuca.me\\\/me\\\/#\\\/schema\\\/person\\\/a1d0dcdaefe4a1cd1d60d200ea137ba4\",\"name\":\"mkajic\",\"image\":{\"@type\":\"ImageObject\",\"inLanguage\":\"me-ME\",\"@id\":\"https:\\\/\\\/secure.gravatar.com\\\/avatar\\\/731fa035cefab7316e6bafd1f25a93fb731a07de14e2d9923f8db4422628eabc?s=96&d=mm&r=g\",\"url\":\"https:\\\/\\\/secure.gravatar.com\\\/avatar\\\/731fa035cefab7316e6bafd1f25a93fb731a07de14e2d9923f8db4422628eabc?s=96&d=mm&r=g\",\"contentUrl\":\"https:\\\/\\\/secure.gravatar.com\\\/avatar\\\/731fa035cefab7316e6bafd1f25a93fb731a07de14e2d9923f8db4422628eabc?s=96&d=mm&r=g\",\"caption\":\"mkajic\"},\"sameAs\":[\"https:\\\/\\\/evropskakuca.me\"],\"url\":\"https:\\\/\\\/www.evropskakuca.me\\\/me\\\/author\\\/mkajic\\\/\"}]}<\/script>\n<!-- \/ Yoast SEO plugin. -->","yoast_head_json":{"title":"Vladavina prava ostaje u srcu procesa evropskih integracija - Europe House","robots":{"index":"index","follow":"follow","max-snippet":"max-snippet:-1","max-image-preview":"max-image-preview:large","max-video-preview":"max-video-preview:-1"},"canonical":"https:\/\/www.evropskakuca.me\/me\/vladavina-prava-ostaje-u-srcu-procesa-evropskih-integracija\/","og_locale":"en_US","og_type":"article","og_title":"Vladavina prava ostaje u srcu procesa evropskih integracija - Europe House","og_description":"Borba protiv korupcije u procesu EU integracija","og_url":"https:\/\/www.evropskakuca.me\/me\/vladavina-prava-ostaje-u-srcu-procesa-evropskih-integracija\/","og_site_name":"Europe House","article_publisher":"https:\/\/www.facebook.com\/evropska.kuca","article_published_time":"2017-12-08T15:28:50+00:00","og_image":[{"width":2028,"height":1352,"url":"https:\/\/www.evropskakuca.me\/wp-content\/uploads\/2017\/12\/171208_-3.jpg","type":"image\/jpeg"}],"author":"mkajic","twitter_card":"summary_large_image","twitter_creator":"@evropska_kuca","twitter_site":"@evropska_kuca","twitter_misc":{"Written by":"mkajic","Est. reading time":"3 minutes"},"schema":{"@context":"https:\/\/schema.org","@graph":[{"@type":"Article","@id":"https:\/\/www.evropskakuca.me\/me\/vladavina-prava-ostaje-u-srcu-procesa-evropskih-integracija\/#article","isPartOf":{"@id":"https:\/\/www.evropskakuca.me\/me\/vladavina-prava-ostaje-u-srcu-procesa-evropskih-integracija\/"},"author":{"name":"mkajic","@id":"https:\/\/www.evropskakuca.me\/me\/#\/schema\/person\/a1d0dcdaefe4a1cd1d60d200ea137ba4"},"headline":"Vladavina prava ostaje u srcu procesa evropskih integracija","datePublished":"2017-12-08T15:28:50+00:00","mainEntityOfPage":{"@id":"https:\/\/www.evropskakuca.me\/me\/vladavina-prava-ostaje-u-srcu-procesa-evropskih-integracija\/"},"wordCount":549,"commentCount":0,"publisher":{"@id":"https:\/\/www.evropskakuca.me\/me\/#organization"},"image":{"@id":"https:\/\/www.evropskakuca.me\/me\/vladavina-prava-ostaje-u-srcu-procesa-evropskih-integracija\/#primaryimage"},"thumbnailUrl":"https:\/\/www.evropskakuca.me\/wp-content\/uploads\/2017\/12\/171208_-3.jpg","inLanguage":"me-ME","potentialAction":[{"@type":"CommentAction","name":"Comment","target":["https:\/\/www.evropskakuca.me\/me\/vladavina-prava-ostaje-u-srcu-procesa-evropskih-integracija\/#respond"]}]},{"@type":"WebPage","@id":"https:\/\/www.evropskakuca.me\/me\/vladavina-prava-ostaje-u-srcu-procesa-evropskih-integracija\/","url":"https:\/\/www.evropskakuca.me\/me\/vladavina-prava-ostaje-u-srcu-procesa-evropskih-integracija\/","name":"Vladavina prava ostaje u srcu procesa evropskih integracija - Europe House","isPartOf":{"@id":"https:\/\/www.evropskakuca.me\/me\/#website"},"primaryImageOfPage":{"@id":"https:\/\/www.evropskakuca.me\/me\/vladavina-prava-ostaje-u-srcu-procesa-evropskih-integracija\/#primaryimage"},"image":{"@id":"https:\/\/www.evropskakuca.me\/me\/vladavina-prava-ostaje-u-srcu-procesa-evropskih-integracija\/#primaryimage"},"thumbnailUrl":"https:\/\/www.evropskakuca.me\/wp-content\/uploads\/2017\/12\/171208_-3.jpg","datePublished":"2017-12-08T15:28:50+00:00","breadcrumb":{"@id":"https:\/\/www.evropskakuca.me\/me\/vladavina-prava-ostaje-u-srcu-procesa-evropskih-integracija\/#breadcrumb"},"inLanguage":"me-ME","potentialAction":[{"@type":"ReadAction","target":["https:\/\/www.evropskakuca.me\/me\/vladavina-prava-ostaje-u-srcu-procesa-evropskih-integracija\/"]}]},{"@type":"ImageObject","inLanguage":"me-ME","@id":"https:\/\/www.evropskakuca.me\/me\/vladavina-prava-ostaje-u-srcu-procesa-evropskih-integracija\/#primaryimage","url":"https:\/\/www.evropskakuca.me\/wp-content\/uploads\/2017\/12\/171208_-3.jpg","contentUrl":"https:\/\/www.evropskakuca.me\/wp-content\/uploads\/2017\/12\/171208_-3.jpg","width":2028,"height":1352},{"@type":"BreadcrumbList","@id":"https:\/\/www.evropskakuca.me\/me\/vladavina-prava-ostaje-u-srcu-procesa-evropskih-integracija\/#breadcrumb","itemListElement":[{"@type":"ListItem","position":1,"name":"Home","item":"https:\/\/www.evropskakuca.me\/me\/"},{"@type":"ListItem","position":2,"name":"Vladavina prava ostaje u srcu procesa evropskih integracija"}]},{"@type":"WebSite","@id":"https:\/\/www.evropskakuca.me\/me\/#website","url":"https:\/\/www.evropskakuca.me\/me\/","name":"Evropean house","description":"","publisher":{"@id":"https:\/\/www.evropskakuca.me\/me\/#organization"},"potentialAction":[{"@type":"SearchAction","target":{"@type":"EntryPoint","urlTemplate":"https:\/\/www.evropskakuca.me\/me\/?s={search_term_string}"},"query-input":{"@type":"PropertyValueSpecification","valueRequired":true,"valueName":"search_term_string"}}],"inLanguage":"me-ME"},{"@type":"Organization","@id":"https:\/\/www.evropskakuca.me\/me\/#organization","name":"Evropean house","url":"https:\/\/www.evropskakuca.me\/me\/","logo":{"@type":"ImageObject","inLanguage":"me-ME","@id":"https:\/\/www.evropskakuca.me\/me\/#\/schema\/logo\/image\/","url":"https:\/\/www.evropskakuca.me\/wp-content\/uploads\/2025\/01\/evropska-kuca-logo-1.png","contentUrl":"https:\/\/www.evropskakuca.me\/wp-content\/uploads\/2025\/01\/evropska-kuca-logo-1.png","width":425,"height":312,"caption":"Evropean house"},"image":{"@id":"https:\/\/www.evropskakuca.me\/me\/#\/schema\/logo\/image\/"},"sameAs":["https:\/\/www.facebook.com\/evropska.kuca","https:\/\/x.com\/evropska_kuca","https:\/\/www.instagram.com\/evropska_kuca"]},{"@type":"Person","@id":"https:\/\/www.evropskakuca.me\/me\/#\/schema\/person\/a1d0dcdaefe4a1cd1d60d200ea137ba4","name":"mkajic","image":{"@type":"ImageObject","inLanguage":"me-ME","@id":"https:\/\/secure.gravatar.com\/avatar\/731fa035cefab7316e6bafd1f25a93fb731a07de14e2d9923f8db4422628eabc?s=96&d=mm&r=g","url":"https:\/\/secure.gravatar.com\/avatar\/731fa035cefab7316e6bafd1f25a93fb731a07de14e2d9923f8db4422628eabc?s=96&d=mm&r=g","contentUrl":"https:\/\/secure.gravatar.com\/avatar\/731fa035cefab7316e6bafd1f25a93fb731a07de14e2d9923f8db4422628eabc?s=96&d=mm&r=g","caption":"mkajic"},"sameAs":["https:\/\/evropskakuca.me"],"url":"https:\/\/www.evropskakuca.me\/me\/author\/mkajic\/"}]}},"_links":{"self":[{"href":"https:\/\/www.evropskakuca.me\/me\/wp-json\/wp\/v2\/posts\/4502","targetHints":{"allow":["GET"]}}],"collection":[{"href":"https:\/\/www.evropskakuca.me\/me\/wp-json\/wp\/v2\/posts"}],"about":[{"href":"https:\/\/www.evropskakuca.me\/me\/wp-json\/wp\/v2\/types\/post"}],"author":[{"embeddable":true,"href":"https:\/\/www.evropskakuca.me\/me\/wp-json\/wp\/v2\/users\/1"}],"replies":[{"embeddable":true,"href":"https:\/\/www.evropskakuca.me\/me\/wp-json\/wp\/v2\/comments?post=4502"}],"version-history":[{"count":0,"href":"https:\/\/www.evropskakuca.me\/me\/wp-json\/wp\/v2\/posts\/4502\/revisions"}],"wp:featuredmedia":[{"embeddable":true,"href":"https:\/\/www.evropskakuca.me\/me\/wp-json\/wp\/v2\/media\/33220"}],"wp:attachment":[{"href":"https:\/\/www.evropskakuca.me\/me\/wp-json\/wp\/v2\/media?parent=4502"}],"wp:term":[{"taxonomy":"category","embeddable":true,"href":"https:\/\/www.evropskakuca.me\/me\/wp-json\/wp\/v2\/categories?post=4502"},{"taxonomy":"post_tag","embeddable":true,"href":"https:\/\/www.evropskakuca.me\/me\/wp-json\/wp\/v2\/tags?post=4502"}],"curies":[{"name":"wp","href":"https:\/\/api.w.org\/{rel}","templated":true}]}}