{"id":44973,"date":"2025-06-26T12:14:40","date_gmt":"2025-06-26T12:14:40","guid":{"rendered":"https:\/\/www.evropskakuca.me\/ready-steady-our-europe-youth-photo-exhibition-celebrating-sport-unity\/"},"modified":"2025-06-30T08:24:22","modified_gmt":"2025-06-30T08:24:22","slug":"ready-steady-our-europe-youth-photo-exhibition-celebrating-sport-unity","status":"publish","type":"post","link":"https:\/\/www.evropskakuca.me\/me\/ready-steady-our-europe-youth-photo-exhibition-celebrating-sport-unity\/","title":{"rendered":"\u201cReady. Steady. Our Europe!\u201d \u2013 Fotografska izlo\u017eba mladih"},"content":{"rendered":"\n<p>Evropska ku\u0107a u Podgorici sa zadovoljstvom vas poziva na regionalnu <strong>WeBalkans foto izlo\u017ebu<\/strong> pod sloganom <strong>\u201cReady.&nbsp;Steady.&nbsp;Our Europe!\u201d<\/strong>, koja isti\u010de kako sport osna\u017euje mlade i povezuje zajednice \u0161irom Zapadnog Balkana.<\/p>\n\n\n\n<p>\ud83d\uddd3 <strong>Datumi izlo\u017ebe<\/strong>: 8 \u2013 15. jul 2025.<br>&nbsp;\ud83d\udccd <strong>Lokacija<\/strong>: Evropska ku\u0107a Podgorica<br>&nbsp;\ud83c\udf89 <strong>Sve\u010dano otvaranje<\/strong>: 8. jul u 11:00 \u010dasova<\/p>\n\n\n\n<p>Izlo\u017eba predstavlja <strong>18 najboljih fotografija<\/strong> koje je izabrao regionalni \u017eiri. Svaka fotografija prikazuje autenti\u010dne trenutke \u2013 od lokalnih sportskih me\u010deva do proslava timskih pobjeda \u2013 prenose\u0107i sna\u017ene poruke <strong>strasti, upornosti, timskog duha i inkluzije<\/strong>.<\/p>\n\n\n\n<figure class=\"wp-block-image size-large\"><img fetchpriority=\"high\" decoding=\"async\" width=\"1024\" height=\"1024\" src=\"https:\/\/www.evropskakuca.me\/wp-content\/uploads\/2025\/06\/Podgoricu-1x1-2-1024x1024.jpg\" alt=\"\" class=\"wp-image-44990\" srcset=\"https:\/\/www.evropskakuca.me\/wp-content\/uploads\/2025\/06\/Podgoricu-1x1-2-1024x1024.jpg 1024w, https:\/\/www.evropskakuca.me\/wp-content\/uploads\/2025\/06\/Podgoricu-1x1-2-300x300.jpg 300w, https:\/\/www.evropskakuca.me\/wp-content\/uploads\/2025\/06\/Podgoricu-1x1-2-150x150.jpg 150w, https:\/\/www.evropskakuca.me\/wp-content\/uploads\/2025\/06\/Podgoricu-1x1-2-768x768.jpg 768w, https:\/\/www.evropskakuca.me\/wp-content\/uploads\/2025\/06\/Podgoricu-1x1-2.jpg 1080w\" sizes=\"(max-width: 1024px) 100vw, 1024px\" \/><\/figure>\n\n\n\n<p>Ova inspirativna vizuelna postavka ve\u0107 je predstavljena u Beogradu, a nakon Podgorice putuje i u Tiranu, Skoplje, Maglaj, Pri\u0161tinu i Strugu \u2013 donose\u0107i glasove mladih i evropske vrijednosti u javni prostor.<\/p>\n\n\n\n<p>Izlo\u017eba pokazuje mo\u0107 sporta kao univerzalnog jezika \u2013 <strong>povezuju\u0107i mlade preko granica<\/strong>, podsti\u010du\u0107i samopouzdanje i promovi\u0161u\u0107i ideale EU kao \u0161to su solidarnost, saradnja i zajedni\u0161tvo.<\/p>\n\n\n\n<p>Pozivamo vas na sve\u010dano <strong>otvaranje 8. jula u 11:00 \u010dasova<\/strong>, gdje \u0107ete imati priliku da \u010dujete mlade evropske ambasadore, specijalne goste i upoznate talentovane mlade fotografe iz regiona. Izlo\u017eba je <strong>besplatna i otvorena za sve posjetioce<\/strong> do 15. jula.<\/p>\n\n\n\n<p>Do\u0111ite i do\u017eivite kako mladi kroz objektiv \u0161alju poruku da je <strong>\u201cReady. Steady. Our Europe!\u201d<\/strong> vi\u0161e od slogana \u2013 to je pokret koji pokre\u0107u mladi, sport i zajedni\u010dke vrijednosti.<\/p>\n","protected":false},"excerpt":{"rendered":"<p>Evropska ku\u0107a u Podgorici sa zadovoljstvom vas poziva na regionalnu WeBalkans foto izlo\u017ebu pod sloganom \u201cReady.&nbsp;Steady.&nbsp;Our Europe!\u201d, koja isti\u010de kako sport osna\u017euje mlade i povezuje zajednice \u0161irom Zapadnog Balkana. \ud83d\uddd3 Datumi izlo\u017ebe: 8 \u2013 15. jul 2025.&nbsp;\ud83d\udccd Lokacija: Evropska ku\u0107a Podgorica&nbsp;\ud83c\udf89 Sve\u010dano otvaranje: 8. jul u 11:00 \u010dasova Izlo\u017eba predstavlja 18 najboljih fotografija koje je [&hellip;]<\/p>\n","protected":false},"author":3,"featured_media":44988,"comment_status":"closed","ping_status":"closed","sticky":false,"template":"","format":"standard","meta":{"_acf_changed":false,"footnotes":""},"categories":[283,524],"tags":[],"class_list":["post-44973","post","type-post","status-publish","format-standard","has-post-thumbnail","hentry","category-novosti-me","category-vesti"],"acf":[],"yoast_head":"<!-- This site is optimized with the Yoast SEO plugin v27.3 - https:\/\/yoast.com\/product\/yoast-seo-wordpress\/ -->\n<title>\u201cReady. Steady. Our Europe!\u201d \u2013 Fotografska izlo\u017eba mladih - Europe House<\/title>\n<meta name=\"robots\" content=\"index, follow, max-snippet:-1, max-image-preview:large, max-video-preview:-1\" \/>\n<link rel=\"canonical\" href=\"https:\/\/www.evropskakuca.me\/me\/ready-steady-our-europe-youth-photo-exhibition-celebrating-sport-unity\/\" \/>\n<meta property=\"og:locale\" content=\"en_US\" \/>\n<meta property=\"og:type\" content=\"article\" \/>\n<meta property=\"og:title\" content=\"\u201cReady. Steady. Our Europe!\u201d \u2013 Fotografska izlo\u017eba mladih - Europe House\" \/>\n<meta property=\"og:description\" content=\"Evropska ku\u0107a u Podgorici sa zadovoljstvom vas poziva na regionalnu WeBalkans foto izlo\u017ebu pod sloganom \u201cReady.&nbsp;Steady.&nbsp;Our Europe!\u201d, koja isti\u010de kako sport osna\u017euje mlade i povezuje zajednice \u0161irom Zapadnog Balkana. \ud83d\uddd3 Datumi izlo\u017ebe: 8 \u2013 15. jul 2025.&nbsp;\ud83d\udccd Lokacija: Evropska ku\u0107a Podgorica&nbsp;\ud83c\udf89 Sve\u010dano otvaranje: 8. jul u 11:00 \u010dasova Izlo\u017eba predstavlja 18 najboljih fotografija koje je [&hellip;]\" \/>\n<meta property=\"og:url\" content=\"https:\/\/www.evropskakuca.me\/me\/ready-steady-our-europe-youth-photo-exhibition-celebrating-sport-unity\/\" \/>\n<meta property=\"og:site_name\" content=\"Europe House\" \/>\n<meta property=\"article:publisher\" content=\"https:\/\/www.facebook.com\/evropska.kuca\" \/>\n<meta property=\"article:published_time\" content=\"2025-06-26T12:14:40+00:00\" \/>\n<meta property=\"article:modified_time\" content=\"2025-06-30T08:24:22+00:00\" \/>\n<meta property=\"og:image\" content=\"https:\/\/www.evropskakuca.me\/wp-content\/uploads\/2025\/06\/Podgoricu-1x1-1.jpg\" \/>\n\t<meta property=\"og:image:width\" content=\"1080\" \/>\n\t<meta property=\"og:image:height\" content=\"1080\" \/>\n\t<meta property=\"og:image:type\" content=\"image\/jpeg\" \/>\n<meta name=\"author\" content=\"Aleksandar Vukovic\" \/>\n<meta name=\"twitter:card\" content=\"summary_large_image\" \/>\n<meta name=\"twitter:creator\" content=\"@evropska_kuca\" \/>\n<meta name=\"twitter:site\" content=\"@evropska_kuca\" \/>\n<meta name=\"twitter:label1\" content=\"Written by\" \/>\n\t<meta name=\"twitter:data1\" content=\"Aleksandar Vukovic\" \/>\n\t<meta name=\"twitter:label2\" content=\"Est. reading time\" \/>\n\t<meta name=\"twitter:data2\" content=\"2 minutes\" \/>\n<script type=\"application\/ld+json\" class=\"yoast-schema-graph\">{\"@context\":\"https:\\\/\\\/schema.org\",\"@graph\":[{\"@type\":\"Article\",\"@id\":\"https:\\\/\\\/www.evropskakuca.me\\\/me\\\/ready-steady-our-europe-youth-photo-exhibition-celebrating-sport-unity\\\/#article\",\"isPartOf\":{\"@id\":\"https:\\\/\\\/www.evropskakuca.me\\\/me\\\/ready-steady-our-europe-youth-photo-exhibition-celebrating-sport-unity\\\/\"},\"author\":{\"name\":\"Aleksandar Vukovic\",\"@id\":\"https:\\\/\\\/www.evropskakuca.me\\\/me\\\/#\\\/schema\\\/person\\\/7e16527119c7b67f457996b970f2bd6e\"},\"headline\":\"\u201cReady. Steady. Our Europe!\u201d \u2013 Fotografska izlo\u017eba mladih\",\"datePublished\":\"2025-06-26T12:14:40+00:00\",\"dateModified\":\"2025-06-30T08:24:22+00:00\",\"mainEntityOfPage\":{\"@id\":\"https:\\\/\\\/www.evropskakuca.me\\\/me\\\/ready-steady-our-europe-youth-photo-exhibition-celebrating-sport-unity\\\/\"},\"wordCount\":232,\"publisher\":{\"@id\":\"https:\\\/\\\/www.evropskakuca.me\\\/me\\\/#organization\"},\"image\":{\"@id\":\"https:\\\/\\\/www.evropskakuca.me\\\/me\\\/ready-steady-our-europe-youth-photo-exhibition-celebrating-sport-unity\\\/#primaryimage\"},\"thumbnailUrl\":\"https:\\\/\\\/www.evropskakuca.me\\\/wp-content\\\/uploads\\\/2025\\\/06\\\/Podgoricu-1x1-1.jpg\",\"articleSection\":[\"Novosti\",\"Vesti\"],\"inLanguage\":\"me-ME\"},{\"@type\":\"WebPage\",\"@id\":\"https:\\\/\\\/www.evropskakuca.me\\\/me\\\/ready-steady-our-europe-youth-photo-exhibition-celebrating-sport-unity\\\/\",\"url\":\"https:\\\/\\\/www.evropskakuca.me\\\/me\\\/ready-steady-our-europe-youth-photo-exhibition-celebrating-sport-unity\\\/\",\"name\":\"\u201cReady. Steady. Our Europe!\u201d \u2013 Fotografska izlo\u017eba mladih - Europe House\",\"isPartOf\":{\"@id\":\"https:\\\/\\\/www.evropskakuca.me\\\/me\\\/#website\"},\"primaryImageOfPage\":{\"@id\":\"https:\\\/\\\/www.evropskakuca.me\\\/me\\\/ready-steady-our-europe-youth-photo-exhibition-celebrating-sport-unity\\\/#primaryimage\"},\"image\":{\"@id\":\"https:\\\/\\\/www.evropskakuca.me\\\/me\\\/ready-steady-our-europe-youth-photo-exhibition-celebrating-sport-unity\\\/#primaryimage\"},\"thumbnailUrl\":\"https:\\\/\\\/www.evropskakuca.me\\\/wp-content\\\/uploads\\\/2025\\\/06\\\/Podgoricu-1x1-1.jpg\",\"datePublished\":\"2025-06-26T12:14:40+00:00\",\"dateModified\":\"2025-06-30T08:24:22+00:00\",\"breadcrumb\":{\"@id\":\"https:\\\/\\\/www.evropskakuca.me\\\/me\\\/ready-steady-our-europe-youth-photo-exhibition-celebrating-sport-unity\\\/#breadcrumb\"},\"inLanguage\":\"me-ME\",\"potentialAction\":[{\"@type\":\"ReadAction\",\"target\":[\"https:\\\/\\\/www.evropskakuca.me\\\/me\\\/ready-steady-our-europe-youth-photo-exhibition-celebrating-sport-unity\\\/\"]}]},{\"@type\":\"ImageObject\",\"inLanguage\":\"me-ME\",\"@id\":\"https:\\\/\\\/www.evropskakuca.me\\\/me\\\/ready-steady-our-europe-youth-photo-exhibition-celebrating-sport-unity\\\/#primaryimage\",\"url\":\"https:\\\/\\\/www.evropskakuca.me\\\/wp-content\\\/uploads\\\/2025\\\/06\\\/Podgoricu-1x1-1.jpg\",\"contentUrl\":\"https:\\\/\\\/www.evropskakuca.me\\\/wp-content\\\/uploads\\\/2025\\\/06\\\/Podgoricu-1x1-1.jpg\",\"width\":1080,\"height\":1080},{\"@type\":\"BreadcrumbList\",\"@id\":\"https:\\\/\\\/www.evropskakuca.me\\\/me\\\/ready-steady-our-europe-youth-photo-exhibition-celebrating-sport-unity\\\/#breadcrumb\",\"itemListElement\":[{\"@type\":\"ListItem\",\"position\":1,\"name\":\"Home\",\"item\":\"https:\\\/\\\/www.evropskakuca.me\\\/me\\\/\"},{\"@type\":\"ListItem\",\"position\":2,\"name\":\"\u201cReady. Steady. Our Europe!\u201d \u2013 Fotografska izlo\u017eba mladih\"}]},{\"@type\":\"WebSite\",\"@id\":\"https:\\\/\\\/www.evropskakuca.me\\\/me\\\/#website\",\"url\":\"https:\\\/\\\/www.evropskakuca.me\\\/me\\\/\",\"name\":\"Evropean house\",\"description\":\"\",\"publisher\":{\"@id\":\"https:\\\/\\\/www.evropskakuca.me\\\/me\\\/#organization\"},\"potentialAction\":[{\"@type\":\"SearchAction\",\"target\":{\"@type\":\"EntryPoint\",\"urlTemplate\":\"https:\\\/\\\/www.evropskakuca.me\\\/me\\\/?s={search_term_string}\"},\"query-input\":{\"@type\":\"PropertyValueSpecification\",\"valueRequired\":true,\"valueName\":\"search_term_string\"}}],\"inLanguage\":\"me-ME\"},{\"@type\":\"Organization\",\"@id\":\"https:\\\/\\\/www.evropskakuca.me\\\/me\\\/#organization\",\"name\":\"Evropean house\",\"url\":\"https:\\\/\\\/www.evropskakuca.me\\\/me\\\/\",\"logo\":{\"@type\":\"ImageObject\",\"inLanguage\":\"me-ME\",\"@id\":\"https:\\\/\\\/www.evropskakuca.me\\\/me\\\/#\\\/schema\\\/logo\\\/image\\\/\",\"url\":\"https:\\\/\\\/www.evropskakuca.me\\\/wp-content\\\/uploads\\\/2025\\\/01\\\/evropska-kuca-logo-1.png\",\"contentUrl\":\"https:\\\/\\\/www.evropskakuca.me\\\/wp-content\\\/uploads\\\/2025\\\/01\\\/evropska-kuca-logo-1.png\",\"width\":425,\"height\":312,\"caption\":\"Evropean house\"},\"image\":{\"@id\":\"https:\\\/\\\/www.evropskakuca.me\\\/me\\\/#\\\/schema\\\/logo\\\/image\\\/\"},\"sameAs\":[\"https:\\\/\\\/www.facebook.com\\\/evropska.kuca\",\"https:\\\/\\\/x.com\\\/evropska_kuca\",\"https:\\\/\\\/www.instagram.com\\\/evropska_kuca\"]},{\"@type\":\"Person\",\"@id\":\"https:\\\/\\\/www.evropskakuca.me\\\/me\\\/#\\\/schema\\\/person\\\/7e16527119c7b67f457996b970f2bd6e\",\"name\":\"Aleksandar Vukovic\",\"image\":{\"@type\":\"ImageObject\",\"inLanguage\":\"me-ME\",\"@id\":\"https:\\\/\\\/secure.gravatar.com\\\/avatar\\\/a1834e0104b0242a886079bde835ba36d80c70f9987a11f3ba33eb9e8d74cc15?s=96&d=mm&r=g\",\"url\":\"https:\\\/\\\/secure.gravatar.com\\\/avatar\\\/a1834e0104b0242a886079bde835ba36d80c70f9987a11f3ba33eb9e8d74cc15?s=96&d=mm&r=g\",\"contentUrl\":\"https:\\\/\\\/secure.gravatar.com\\\/avatar\\\/a1834e0104b0242a886079bde835ba36d80c70f9987a11f3ba33eb9e8d74cc15?s=96&d=mm&r=g\",\"caption\":\"Aleksandar Vukovic\"},\"url\":\"https:\\\/\\\/www.evropskakuca.me\\\/me\\\/author\\\/aleksandar\\\/\"}]}<\/script>\n<!-- \/ Yoast SEO plugin. -->","yoast_head_json":{"title":"\u201cReady. Steady. Our Europe!\u201d \u2013 Fotografska izlo\u017eba mladih - Europe House","robots":{"index":"index","follow":"follow","max-snippet":"max-snippet:-1","max-image-preview":"max-image-preview:large","max-video-preview":"max-video-preview:-1"},"canonical":"https:\/\/www.evropskakuca.me\/me\/ready-steady-our-europe-youth-photo-exhibition-celebrating-sport-unity\/","og_locale":"en_US","og_type":"article","og_title":"\u201cReady. Steady. Our Europe!\u201d \u2013 Fotografska izlo\u017eba mladih - Europe House","og_description":"Evropska ku\u0107a u Podgorici sa zadovoljstvom vas poziva na regionalnu WeBalkans foto izlo\u017ebu pod sloganom \u201cReady.&nbsp;Steady.&nbsp;Our Europe!\u201d, koja isti\u010de kako sport osna\u017euje mlade i povezuje zajednice \u0161irom Zapadnog Balkana. \ud83d\uddd3 Datumi izlo\u017ebe: 8 \u2013 15. jul 2025.&nbsp;\ud83d\udccd Lokacija: Evropska ku\u0107a Podgorica&nbsp;\ud83c\udf89 Sve\u010dano otvaranje: 8. jul u 11:00 \u010dasova Izlo\u017eba predstavlja 18 najboljih fotografija koje je [&hellip;]","og_url":"https:\/\/www.evropskakuca.me\/me\/ready-steady-our-europe-youth-photo-exhibition-celebrating-sport-unity\/","og_site_name":"Europe House","article_publisher":"https:\/\/www.facebook.com\/evropska.kuca","article_published_time":"2025-06-26T12:14:40+00:00","article_modified_time":"2025-06-30T08:24:22+00:00","og_image":[{"width":1080,"height":1080,"url":"https:\/\/www.evropskakuca.me\/wp-content\/uploads\/2025\/06\/Podgoricu-1x1-1.jpg","type":"image\/jpeg"}],"author":"Aleksandar Vukovic","twitter_card":"summary_large_image","twitter_creator":"@evropska_kuca","twitter_site":"@evropska_kuca","twitter_misc":{"Written by":"Aleksandar Vukovic","Est. reading time":"2 minutes"},"schema":{"@context":"https:\/\/schema.org","@graph":[{"@type":"Article","@id":"https:\/\/www.evropskakuca.me\/me\/ready-steady-our-europe-youth-photo-exhibition-celebrating-sport-unity\/#article","isPartOf":{"@id":"https:\/\/www.evropskakuca.me\/me\/ready-steady-our-europe-youth-photo-exhibition-celebrating-sport-unity\/"},"author":{"name":"Aleksandar Vukovic","@id":"https:\/\/www.evropskakuca.me\/me\/#\/schema\/person\/7e16527119c7b67f457996b970f2bd6e"},"headline":"\u201cReady. Steady. Our Europe!\u201d \u2013 Fotografska izlo\u017eba mladih","datePublished":"2025-06-26T12:14:40+00:00","dateModified":"2025-06-30T08:24:22+00:00","mainEntityOfPage":{"@id":"https:\/\/www.evropskakuca.me\/me\/ready-steady-our-europe-youth-photo-exhibition-celebrating-sport-unity\/"},"wordCount":232,"publisher":{"@id":"https:\/\/www.evropskakuca.me\/me\/#organization"},"image":{"@id":"https:\/\/www.evropskakuca.me\/me\/ready-steady-our-europe-youth-photo-exhibition-celebrating-sport-unity\/#primaryimage"},"thumbnailUrl":"https:\/\/www.evropskakuca.me\/wp-content\/uploads\/2025\/06\/Podgoricu-1x1-1.jpg","articleSection":["Novosti","Vesti"],"inLanguage":"me-ME"},{"@type":"WebPage","@id":"https:\/\/www.evropskakuca.me\/me\/ready-steady-our-europe-youth-photo-exhibition-celebrating-sport-unity\/","url":"https:\/\/www.evropskakuca.me\/me\/ready-steady-our-europe-youth-photo-exhibition-celebrating-sport-unity\/","name":"\u201cReady. Steady. Our Europe!\u201d \u2013 Fotografska izlo\u017eba mladih - Europe House","isPartOf":{"@id":"https:\/\/www.evropskakuca.me\/me\/#website"},"primaryImageOfPage":{"@id":"https:\/\/www.evropskakuca.me\/me\/ready-steady-our-europe-youth-photo-exhibition-celebrating-sport-unity\/#primaryimage"},"image":{"@id":"https:\/\/www.evropskakuca.me\/me\/ready-steady-our-europe-youth-photo-exhibition-celebrating-sport-unity\/#primaryimage"},"thumbnailUrl":"https:\/\/www.evropskakuca.me\/wp-content\/uploads\/2025\/06\/Podgoricu-1x1-1.jpg","datePublished":"2025-06-26T12:14:40+00:00","dateModified":"2025-06-30T08:24:22+00:00","breadcrumb":{"@id":"https:\/\/www.evropskakuca.me\/me\/ready-steady-our-europe-youth-photo-exhibition-celebrating-sport-unity\/#breadcrumb"},"inLanguage":"me-ME","potentialAction":[{"@type":"ReadAction","target":["https:\/\/www.evropskakuca.me\/me\/ready-steady-our-europe-youth-photo-exhibition-celebrating-sport-unity\/"]}]},{"@type":"ImageObject","inLanguage":"me-ME","@id":"https:\/\/www.evropskakuca.me\/me\/ready-steady-our-europe-youth-photo-exhibition-celebrating-sport-unity\/#primaryimage","url":"https:\/\/www.evropskakuca.me\/wp-content\/uploads\/2025\/06\/Podgoricu-1x1-1.jpg","contentUrl":"https:\/\/www.evropskakuca.me\/wp-content\/uploads\/2025\/06\/Podgoricu-1x1-1.jpg","width":1080,"height":1080},{"@type":"BreadcrumbList","@id":"https:\/\/www.evropskakuca.me\/me\/ready-steady-our-europe-youth-photo-exhibition-celebrating-sport-unity\/#breadcrumb","itemListElement":[{"@type":"ListItem","position":1,"name":"Home","item":"https:\/\/www.evropskakuca.me\/me\/"},{"@type":"ListItem","position":2,"name":"\u201cReady. Steady. Our Europe!\u201d \u2013 Fotografska izlo\u017eba mladih"}]},{"@type":"WebSite","@id":"https:\/\/www.evropskakuca.me\/me\/#website","url":"https:\/\/www.evropskakuca.me\/me\/","name":"Evropean house","description":"","publisher":{"@id":"https:\/\/www.evropskakuca.me\/me\/#organization"},"potentialAction":[{"@type":"SearchAction","target":{"@type":"EntryPoint","urlTemplate":"https:\/\/www.evropskakuca.me\/me\/?s={search_term_string}"},"query-input":{"@type":"PropertyValueSpecification","valueRequired":true,"valueName":"search_term_string"}}],"inLanguage":"me-ME"},{"@type":"Organization","@id":"https:\/\/www.evropskakuca.me\/me\/#organization","name":"Evropean house","url":"https:\/\/www.evropskakuca.me\/me\/","logo":{"@type":"ImageObject","inLanguage":"me-ME","@id":"https:\/\/www.evropskakuca.me\/me\/#\/schema\/logo\/image\/","url":"https:\/\/www.evropskakuca.me\/wp-content\/uploads\/2025\/01\/evropska-kuca-logo-1.png","contentUrl":"https:\/\/www.evropskakuca.me\/wp-content\/uploads\/2025\/01\/evropska-kuca-logo-1.png","width":425,"height":312,"caption":"Evropean house"},"image":{"@id":"https:\/\/www.evropskakuca.me\/me\/#\/schema\/logo\/image\/"},"sameAs":["https:\/\/www.facebook.com\/evropska.kuca","https:\/\/x.com\/evropska_kuca","https:\/\/www.instagram.com\/evropska_kuca"]},{"@type":"Person","@id":"https:\/\/www.evropskakuca.me\/me\/#\/schema\/person\/7e16527119c7b67f457996b970f2bd6e","name":"Aleksandar Vukovic","image":{"@type":"ImageObject","inLanguage":"me-ME","@id":"https:\/\/secure.gravatar.com\/avatar\/a1834e0104b0242a886079bde835ba36d80c70f9987a11f3ba33eb9e8d74cc15?s=96&d=mm&r=g","url":"https:\/\/secure.gravatar.com\/avatar\/a1834e0104b0242a886079bde835ba36d80c70f9987a11f3ba33eb9e8d74cc15?s=96&d=mm&r=g","contentUrl":"https:\/\/secure.gravatar.com\/avatar\/a1834e0104b0242a886079bde835ba36d80c70f9987a11f3ba33eb9e8d74cc15?s=96&d=mm&r=g","caption":"Aleksandar Vukovic"},"url":"https:\/\/www.evropskakuca.me\/me\/author\/aleksandar\/"}]}},"_links":{"self":[{"href":"https:\/\/www.evropskakuca.me\/me\/wp-json\/wp\/v2\/posts\/44973","targetHints":{"allow":["GET"]}}],"collection":[{"href":"https:\/\/www.evropskakuca.me\/me\/wp-json\/wp\/v2\/posts"}],"about":[{"href":"https:\/\/www.evropskakuca.me\/me\/wp-json\/wp\/v2\/types\/post"}],"author":[{"embeddable":true,"href":"https:\/\/www.evropskakuca.me\/me\/wp-json\/wp\/v2\/users\/3"}],"replies":[{"embeddable":true,"href":"https:\/\/www.evropskakuca.me\/me\/wp-json\/wp\/v2\/comments?post=44973"}],"version-history":[{"count":4,"href":"https:\/\/www.evropskakuca.me\/me\/wp-json\/wp\/v2\/posts\/44973\/revisions"}],"predecessor-version":[{"id":44992,"href":"https:\/\/www.evropskakuca.me\/me\/wp-json\/wp\/v2\/posts\/44973\/revisions\/44992"}],"wp:featuredmedia":[{"embeddable":true,"href":"https:\/\/www.evropskakuca.me\/me\/wp-json\/wp\/v2\/media\/44988"}],"wp:attachment":[{"href":"https:\/\/www.evropskakuca.me\/me\/wp-json\/wp\/v2\/media?parent=44973"}],"wp:term":[{"taxonomy":"category","embeddable":true,"href":"https:\/\/www.evropskakuca.me\/me\/wp-json\/wp\/v2\/categories?post=44973"},{"taxonomy":"post_tag","embeddable":true,"href":"https:\/\/www.evropskakuca.me\/me\/wp-json\/wp\/v2\/tags?post=44973"}],"curies":[{"name":"wp","href":"https:\/\/api.w.org\/{rel}","templated":true}]}}