{"id":44893,"date":"2025-06-20T09:57:19","date_gmt":"2025-06-20T09:57:19","guid":{"rendered":"https:\/\/www.evropskakuca.me\/?p=44893"},"modified":"2025-06-20T13:58:25","modified_gmt":"2025-06-20T13:58:25","slug":"prijavi-se-za-storylab-od-ideje-do-ekrana","status":"publish","type":"post","link":"https:\/\/www.evropskakuca.me\/me\/prijavi-se-za-storylab-od-ideje-do-ekrana\/","title":{"rendered":"Prijavi se za STORYLAB \u2013 od ideje do ekrana!"},"content":{"rendered":"\n<p>Edukativni program za mlade<\/p>\n\n\n\n<p>Evropska ku\u0107a u Baru poziva mlade uzrasta od 16 do 30 godina da u\u010destvuju u StoryLab edukativnom medijskom programu \u2013 kreativnoj i prakti\u010dnoj obuci o kreiranju medijskog sadr\u017eaja.<\/p>\n\n\n\n<p>\ud83d\udcc6 Termin odr\u017eavanja: od 25. juna do 2. jula; Ulaz besplatan.<br>\ud83d\udccd Lokacija: Evropska ku\u0107a Bar, Bulevar 24. novembra (zgrada Radio Bara).<br>\ud83d\udcda Format: 6 radionica uz 4 susreta<\/p>\n\n\n\n<figure class=\"wp-block-image size-large\"><img fetchpriority=\"high\" decoding=\"async\" width=\"819\" height=\"1024\" src=\"https:\/\/www.evropskakuca.me\/wp-content\/uploads\/2025\/06\/IMG_5140-819x1024.jpg\" alt=\"\" class=\"wp-image-44904\" srcset=\"https:\/\/www.evropskakuca.me\/wp-content\/uploads\/2025\/06\/IMG_5140-819x1024.jpg 819w, https:\/\/www.evropskakuca.me\/wp-content\/uploads\/2025\/06\/IMG_5140-240x300.jpg 240w, https:\/\/www.evropskakuca.me\/wp-content\/uploads\/2025\/06\/IMG_5140-768x960.jpg 768w, https:\/\/www.evropskakuca.me\/wp-content\/uploads\/2025\/06\/IMG_5140-1229x1536.jpg 1229w, https:\/\/www.evropskakuca.me\/wp-content\/uploads\/2025\/06\/IMG_5140-1638x2048.jpg 1638w, https:\/\/www.evropskakuca.me\/wp-content\/uploads\/2025\/06\/IMG_5140-scaled.jpg 2048w\" sizes=\"(max-width: 819px) 100vw, 819px\" \/><\/figure>\n\n\n\n<p>\u0160ta te o\u010dekuje?<\/p>\n\n\n\n<p>\ud83d\udd39 25. jun \u2013 Radionica 1: Emocija kao alat \u2013 \u0160ta \u010dini dobru pri\u010du?<br>Uvod u emocionalne okida\u010de u komunikaciji i razliku izme\u0111u manipulacije i autenti\u010dne pri\u010de.<\/p>\n\n\n\n<p>\ud83d\udd39 27. jun \u2013 Radionice 2 i 3: Boje i zvuk pri\u010de &amp; Empatija sa sagovornikom<br>Uticaj dizajna, ritma i jezika na emocije, te tehnike slu\u0161anja i etika predstavljanja drugih kroz intervju.<\/p>\n\n\n\n<figure class=\"wp-block-gallery has-nested-images columns-default is-cropped wp-block-gallery-1 is-layout-flex wp-block-gallery-is-layout-flex\">\n<figure class=\"wp-block-image size-large\"><img decoding=\"async\" width=\"819\" height=\"1024\" data-id=\"44896\" src=\"https:\/\/www.evropskakuca.me\/wp-content\/uploads\/2025\/06\/3-1-819x1024.jpg\" alt=\"\" class=\"wp-image-44896\" srcset=\"https:\/\/www.evropskakuca.me\/wp-content\/uploads\/2025\/06\/3-1-819x1024.jpg 819w, https:\/\/www.evropskakuca.me\/wp-content\/uploads\/2025\/06\/3-1-240x300.jpg 240w, https:\/\/www.evropskakuca.me\/wp-content\/uploads\/2025\/06\/3-1-768x960.jpg 768w, https:\/\/www.evropskakuca.me\/wp-content\/uploads\/2025\/06\/3-1-1229x1536.jpg 1229w, https:\/\/www.evropskakuca.me\/wp-content\/uploads\/2025\/06\/3-1-1638x2048.jpg 1638w, https:\/\/www.evropskakuca.me\/wp-content\/uploads\/2025\/06\/3-1-scaled.jpg 2048w\" sizes=\"(max-width: 819px) 100vw, 819px\" \/><\/figure>\n\n\n\n<figure class=\"wp-block-image size-large\"><img decoding=\"async\" width=\"819\" height=\"1024\" data-id=\"44898\" src=\"https:\/\/www.evropskakuca.me\/wp-content\/uploads\/2025\/06\/3-2-819x1024.jpg\" alt=\"\" class=\"wp-image-44898\" srcset=\"https:\/\/www.evropskakuca.me\/wp-content\/uploads\/2025\/06\/3-2-819x1024.jpg 819w, https:\/\/www.evropskakuca.me\/wp-content\/uploads\/2025\/06\/3-2-240x300.jpg 240w, https:\/\/www.evropskakuca.me\/wp-content\/uploads\/2025\/06\/3-2-768x960.jpg 768w, https:\/\/www.evropskakuca.me\/wp-content\/uploads\/2025\/06\/3-2-1229x1536.jpg 1229w, https:\/\/www.evropskakuca.me\/wp-content\/uploads\/2025\/06\/3-2-1638x2048.jpg 1638w, https:\/\/www.evropskakuca.me\/wp-content\/uploads\/2025\/06\/3-2-scaled.jpg 2048w\" sizes=\"(max-width: 819px) 100vw, 819px\" \/><\/figure>\n<\/figure>\n\n\n\n<p>\ud83d\udd39 30. jun \u2013 Radionice 4 i 5: Pri\u010da na papiru &amp; Pri\u010da u slikama<br>Pisanje narativa i scenarija, storyboard osnove, odabir muzike i tehni\u010dkih elemenata produkcije.<\/p>\n\n\n\n<p>\ud83d\udd392. jul \u2013 Radionica 6: Ciljna publika i mjerenje uticaja<br>Definisanje ciljne publike, prilago\u0111avanje poruke i postavljanje klju\u010dnih pokazatelja uspjeha (KPI).<\/p>\n\n\n\n<figure class=\"wp-block-gallery has-nested-images columns-default is-cropped wp-block-gallery-2 is-layout-flex wp-block-gallery-is-layout-flex\">\n<figure class=\"wp-block-image size-large\"><img loading=\"lazy\" decoding=\"async\" width=\"819\" height=\"1024\" data-id=\"44902\" src=\"https:\/\/www.evropskakuca.me\/wp-content\/uploads\/2025\/06\/3-3-819x1024.jpg\" alt=\"\" class=\"wp-image-44902\" srcset=\"https:\/\/www.evropskakuca.me\/wp-content\/uploads\/2025\/06\/3-3-819x1024.jpg 819w, https:\/\/www.evropskakuca.me\/wp-content\/uploads\/2025\/06\/3-3-240x300.jpg 240w, https:\/\/www.evropskakuca.me\/wp-content\/uploads\/2025\/06\/3-3-768x960.jpg 768w, https:\/\/www.evropskakuca.me\/wp-content\/uploads\/2025\/06\/3-3-1229x1536.jpg 1229w, https:\/\/www.evropskakuca.me\/wp-content\/uploads\/2025\/06\/3-3-1638x2048.jpg 1638w, https:\/\/www.evropskakuca.me\/wp-content\/uploads\/2025\/06\/3-3-scaled.jpg 2048w\" sizes=\"(max-width: 819px) 100vw, 819px\" \/><\/figure>\n\n\n\n<figure class=\"wp-block-image size-large\"><img loading=\"lazy\" decoding=\"async\" width=\"819\" height=\"1024\" data-id=\"44900\" src=\"https:\/\/www.evropskakuca.me\/wp-content\/uploads\/2025\/06\/3-4-819x1024.jpg\" alt=\"\" class=\"wp-image-44900\" srcset=\"https:\/\/www.evropskakuca.me\/wp-content\/uploads\/2025\/06\/3-4-819x1024.jpg 819w, https:\/\/www.evropskakuca.me\/wp-content\/uploads\/2025\/06\/3-4-240x300.jpg 240w, https:\/\/www.evropskakuca.me\/wp-content\/uploads\/2025\/06\/3-4-768x960.jpg 768w, https:\/\/www.evropskakuca.me\/wp-content\/uploads\/2025\/06\/3-4-1229x1536.jpg 1229w, https:\/\/www.evropskakuca.me\/wp-content\/uploads\/2025\/06\/3-4-1638x2048.jpg 1638w, https:\/\/www.evropskakuca.me\/wp-content\/uploads\/2025\/06\/3-4-scaled.jpg 2048w\" sizes=\"(max-width: 819px) 100vw, 819px\" \/><\/figure>\n<\/figure>\n\n\n\n<p>Program \u0107e voditi mr Ivana Sre\u0107kovi\u0107, strate\u0161kinja za medije i marketing, sa vi\u0161e od 12 godina iskustva u komunikacijama.<\/p>\n\n\n\n<p>Ukoliko te zanimaju mediji, digitalna komunikacija i video produkcija, prijavi se najkasnije do 24. juna putem kratkog formulara: <a href=\"https:\/\/docs.google.com\/forms\/d\/e\/1FAIpQLScZwL_Apr6bLcIRWFOsSqMd7a2ui24T1L17W67Nz8J1lc013g\/viewform?usp=dialog\">LINK<\/a><\/p>\n\n\n\n<figure class=\"wp-block-image size-large\"><img loading=\"lazy\" decoding=\"async\" width=\"819\" height=\"1024\" src=\"https:\/\/www.evropskakuca.me\/wp-content\/uploads\/2025\/06\/IMG_5139-819x1024.jpg\" alt=\"\" class=\"wp-image-44906\" srcset=\"https:\/\/www.evropskakuca.me\/wp-content\/uploads\/2025\/06\/IMG_5139-819x1024.jpg 819w, https:\/\/www.evropskakuca.me\/wp-content\/uploads\/2025\/06\/IMG_5139-240x300.jpg 240w, https:\/\/www.evropskakuca.me\/wp-content\/uploads\/2025\/06\/IMG_5139-768x960.jpg 768w, https:\/\/www.evropskakuca.me\/wp-content\/uploads\/2025\/06\/IMG_5139-1229x1536.jpg 1229w, https:\/\/www.evropskakuca.me\/wp-content\/uploads\/2025\/06\/IMG_5139-1638x2048.jpg 1638w, https:\/\/www.evropskakuca.me\/wp-content\/uploads\/2025\/06\/IMG_5139-scaled.jpg 2048w\" sizes=\"(max-width: 819px) 100vw, 819px\" \/><\/figure>\n\n\n\n<p>Prvi susret je planiran 25. juna sa po\u010detkom u 17 \u010dasova, a po zavr\u0161etku programa u\u010desnici dobijaju sertifikat o zavr\u0161enom programu. Za dodatna pitanja, pi\u0161i nam u DM ili putem info@evropskakuca.me mejl adrese.<\/p>\n\n\n\n<p>Vidimo se na StoryLabu \u2013 tamo gdje ideje postaju poruke koje se pamte!<\/p>\n\n\n\n<p><\/p>\n","protected":false},"excerpt":{"rendered":"<p>Edukativni program za mlade Evropska ku\u0107a u Baru poziva mlade uzrasta od 16 do 30 godina da u\u010destvuju u StoryLab edukativnom medijskom programu \u2013 kreativnoj i prakti\u010dnoj obuci o kreiranju medijskog sadr\u017eaja. \ud83d\udcc6 Termin odr\u017eavanja: od 25. juna do 2. jula; Ulaz besplatan.\ud83d\udccd Lokacija: Evropska ku\u0107a Bar, Bulevar 24. novembra (zgrada Radio Bara).\ud83d\udcda Format: 6 [&hellip;]<\/p>\n","protected":false},"author":3,"featured_media":44909,"comment_status":"closed","ping_status":"closed","sticky":false,"template":"","format":"standard","meta":{"_acf_changed":false,"footnotes":""},"categories":[283,2,524],"tags":[],"class_list":["post-44893","post","type-post","status-publish","format-standard","has-post-thumbnail","hentry","category-novosti-me","category-uncategorized-me","category-vesti"],"acf":[],"yoast_head":"<!-- This site is optimized with the Yoast SEO plugin v27.3 - https:\/\/yoast.com\/product\/yoast-seo-wordpress\/ -->\n<title>Prijavi se za STORYLAB \u2013 od ideje do ekrana! - Europe House<\/title>\n<meta name=\"robots\" content=\"index, follow, max-snippet:-1, max-image-preview:large, max-video-preview:-1\" \/>\n<link rel=\"canonical\" href=\"https:\/\/www.evropskakuca.me\/me\/prijavi-se-za-storylab-od-ideje-do-ekrana\/\" \/>\n<meta property=\"og:locale\" content=\"en_US\" \/>\n<meta property=\"og:type\" content=\"article\" \/>\n<meta property=\"og:title\" content=\"Prijavi se za STORYLAB \u2013 od ideje do ekrana! - Europe House\" \/>\n<meta property=\"og:description\" content=\"Edukativni program za mlade Evropska ku\u0107a u Baru poziva mlade uzrasta od 16 do 30 godina da u\u010destvuju u StoryLab edukativnom medijskom programu \u2013 kreativnoj i prakti\u010dnoj obuci o kreiranju medijskog sadr\u017eaja. \ud83d\udcc6 Termin odr\u017eavanja: od 25. juna do 2. jula; Ulaz besplatan.\ud83d\udccd Lokacija: Evropska ku\u0107a Bar, Bulevar 24. novembra (zgrada Radio Bara).\ud83d\udcda Format: 6 [&hellip;]\" \/>\n<meta property=\"og:url\" content=\"https:\/\/www.evropskakuca.me\/me\/prijavi-se-za-storylab-od-ideje-do-ekrana\/\" \/>\n<meta property=\"og:site_name\" content=\"Europe House\" \/>\n<meta property=\"article:publisher\" content=\"https:\/\/www.facebook.com\/evropska.kuca\" \/>\n<meta property=\"article:published_time\" content=\"2025-06-20T09:57:19+00:00\" \/>\n<meta property=\"article:modified_time\" content=\"2025-06-20T13:58:25+00:00\" \/>\n<meta property=\"og:image\" content=\"https:\/\/www.evropskakuca.me\/wp-content\/uploads\/2025\/06\/dededeedede.jpg\" \/>\n\t<meta property=\"og:image:width\" content=\"2154\" \/>\n\t<meta property=\"og:image:height\" content=\"1056\" \/>\n\t<meta property=\"og:image:type\" content=\"image\/jpeg\" \/>\n<meta name=\"author\" content=\"Aleksandar Vukovic\" \/>\n<meta name=\"twitter:card\" content=\"summary_large_image\" \/>\n<meta name=\"twitter:creator\" content=\"@evropska_kuca\" \/>\n<meta name=\"twitter:site\" content=\"@evropska_kuca\" \/>\n<meta name=\"twitter:label1\" content=\"Written by\" \/>\n\t<meta name=\"twitter:data1\" content=\"Aleksandar Vukovic\" \/>\n\t<meta name=\"twitter:label2\" content=\"Est. reading time\" \/>\n\t<meta name=\"twitter:data2\" content=\"3 minutes\" \/>\n<script type=\"application\/ld+json\" class=\"yoast-schema-graph\">{\"@context\":\"https:\\\/\\\/schema.org\",\"@graph\":[{\"@type\":\"Article\",\"@id\":\"https:\\\/\\\/www.evropskakuca.me\\\/me\\\/prijavi-se-za-storylab-od-ideje-do-ekrana\\\/#article\",\"isPartOf\":{\"@id\":\"https:\\\/\\\/www.evropskakuca.me\\\/me\\\/prijavi-se-za-storylab-od-ideje-do-ekrana\\\/\"},\"author\":{\"name\":\"Aleksandar Vukovic\",\"@id\":\"https:\\\/\\\/www.evropskakuca.me\\\/me\\\/#\\\/schema\\\/person\\\/7e16527119c7b67f457996b970f2bd6e\"},\"headline\":\"Prijavi se za STORYLAB \u2013 od ideje do ekrana!\",\"datePublished\":\"2025-06-20T09:57:19+00:00\",\"dateModified\":\"2025-06-20T13:58:25+00:00\",\"mainEntityOfPage\":{\"@id\":\"https:\\\/\\\/www.evropskakuca.me\\\/me\\\/prijavi-se-za-storylab-od-ideje-do-ekrana\\\/\"},\"wordCount\":255,\"publisher\":{\"@id\":\"https:\\\/\\\/www.evropskakuca.me\\\/me\\\/#organization\"},\"image\":{\"@id\":\"https:\\\/\\\/www.evropskakuca.me\\\/me\\\/prijavi-se-za-storylab-od-ideje-do-ekrana\\\/#primaryimage\"},\"thumbnailUrl\":\"https:\\\/\\\/www.evropskakuca.me\\\/wp-content\\\/uploads\\\/2025\\\/06\\\/dededeedede.jpg\",\"articleSection\":[\"Novosti\",\"Uncategorized @me\",\"Vesti\"],\"inLanguage\":\"me-ME\"},{\"@type\":\"WebPage\",\"@id\":\"https:\\\/\\\/www.evropskakuca.me\\\/me\\\/prijavi-se-za-storylab-od-ideje-do-ekrana\\\/\",\"url\":\"https:\\\/\\\/www.evropskakuca.me\\\/me\\\/prijavi-se-za-storylab-od-ideje-do-ekrana\\\/\",\"name\":\"Prijavi se za STORYLAB \u2013 od ideje do ekrana! - Europe House\",\"isPartOf\":{\"@id\":\"https:\\\/\\\/www.evropskakuca.me\\\/me\\\/#website\"},\"primaryImageOfPage\":{\"@id\":\"https:\\\/\\\/www.evropskakuca.me\\\/me\\\/prijavi-se-za-storylab-od-ideje-do-ekrana\\\/#primaryimage\"},\"image\":{\"@id\":\"https:\\\/\\\/www.evropskakuca.me\\\/me\\\/prijavi-se-za-storylab-od-ideje-do-ekrana\\\/#primaryimage\"},\"thumbnailUrl\":\"https:\\\/\\\/www.evropskakuca.me\\\/wp-content\\\/uploads\\\/2025\\\/06\\\/dededeedede.jpg\",\"datePublished\":\"2025-06-20T09:57:19+00:00\",\"dateModified\":\"2025-06-20T13:58:25+00:00\",\"breadcrumb\":{\"@id\":\"https:\\\/\\\/www.evropskakuca.me\\\/me\\\/prijavi-se-za-storylab-od-ideje-do-ekrana\\\/#breadcrumb\"},\"inLanguage\":\"me-ME\",\"potentialAction\":[{\"@type\":\"ReadAction\",\"target\":[\"https:\\\/\\\/www.evropskakuca.me\\\/me\\\/prijavi-se-za-storylab-od-ideje-do-ekrana\\\/\"]}]},{\"@type\":\"ImageObject\",\"inLanguage\":\"me-ME\",\"@id\":\"https:\\\/\\\/www.evropskakuca.me\\\/me\\\/prijavi-se-za-storylab-od-ideje-do-ekrana\\\/#primaryimage\",\"url\":\"https:\\\/\\\/www.evropskakuca.me\\\/wp-content\\\/uploads\\\/2025\\\/06\\\/dededeedede.jpg\",\"contentUrl\":\"https:\\\/\\\/www.evropskakuca.me\\\/wp-content\\\/uploads\\\/2025\\\/06\\\/dededeedede.jpg\",\"width\":2154,\"height\":1056},{\"@type\":\"BreadcrumbList\",\"@id\":\"https:\\\/\\\/www.evropskakuca.me\\\/me\\\/prijavi-se-za-storylab-od-ideje-do-ekrana\\\/#breadcrumb\",\"itemListElement\":[{\"@type\":\"ListItem\",\"position\":1,\"name\":\"Home\",\"item\":\"https:\\\/\\\/www.evropskakuca.me\\\/me\\\/\"},{\"@type\":\"ListItem\",\"position\":2,\"name\":\"Prijavi se za STORYLAB \u2013 od ideje do ekrana!\"}]},{\"@type\":\"WebSite\",\"@id\":\"https:\\\/\\\/www.evropskakuca.me\\\/me\\\/#website\",\"url\":\"https:\\\/\\\/www.evropskakuca.me\\\/me\\\/\",\"name\":\"Evropean house\",\"description\":\"\",\"publisher\":{\"@id\":\"https:\\\/\\\/www.evropskakuca.me\\\/me\\\/#organization\"},\"potentialAction\":[{\"@type\":\"SearchAction\",\"target\":{\"@type\":\"EntryPoint\",\"urlTemplate\":\"https:\\\/\\\/www.evropskakuca.me\\\/me\\\/?s={search_term_string}\"},\"query-input\":{\"@type\":\"PropertyValueSpecification\",\"valueRequired\":true,\"valueName\":\"search_term_string\"}}],\"inLanguage\":\"me-ME\"},{\"@type\":\"Organization\",\"@id\":\"https:\\\/\\\/www.evropskakuca.me\\\/me\\\/#organization\",\"name\":\"Evropean house\",\"url\":\"https:\\\/\\\/www.evropskakuca.me\\\/me\\\/\",\"logo\":{\"@type\":\"ImageObject\",\"inLanguage\":\"me-ME\",\"@id\":\"https:\\\/\\\/www.evropskakuca.me\\\/me\\\/#\\\/schema\\\/logo\\\/image\\\/\",\"url\":\"https:\\\/\\\/www.evropskakuca.me\\\/wp-content\\\/uploads\\\/2025\\\/01\\\/evropska-kuca-logo-1.png\",\"contentUrl\":\"https:\\\/\\\/www.evropskakuca.me\\\/wp-content\\\/uploads\\\/2025\\\/01\\\/evropska-kuca-logo-1.png\",\"width\":425,\"height\":312,\"caption\":\"Evropean house\"},\"image\":{\"@id\":\"https:\\\/\\\/www.evropskakuca.me\\\/me\\\/#\\\/schema\\\/logo\\\/image\\\/\"},\"sameAs\":[\"https:\\\/\\\/www.facebook.com\\\/evropska.kuca\",\"https:\\\/\\\/x.com\\\/evropska_kuca\",\"https:\\\/\\\/www.instagram.com\\\/evropska_kuca\"]},{\"@type\":\"Person\",\"@id\":\"https:\\\/\\\/www.evropskakuca.me\\\/me\\\/#\\\/schema\\\/person\\\/7e16527119c7b67f457996b970f2bd6e\",\"name\":\"Aleksandar Vukovic\",\"image\":{\"@type\":\"ImageObject\",\"inLanguage\":\"me-ME\",\"@id\":\"https:\\\/\\\/secure.gravatar.com\\\/avatar\\\/a1834e0104b0242a886079bde835ba36d80c70f9987a11f3ba33eb9e8d74cc15?s=96&d=mm&r=g\",\"url\":\"https:\\\/\\\/secure.gravatar.com\\\/avatar\\\/a1834e0104b0242a886079bde835ba36d80c70f9987a11f3ba33eb9e8d74cc15?s=96&d=mm&r=g\",\"contentUrl\":\"https:\\\/\\\/secure.gravatar.com\\\/avatar\\\/a1834e0104b0242a886079bde835ba36d80c70f9987a11f3ba33eb9e8d74cc15?s=96&d=mm&r=g\",\"caption\":\"Aleksandar Vukovic\"},\"url\":\"https:\\\/\\\/www.evropskakuca.me\\\/me\\\/author\\\/aleksandar\\\/\"}]}<\/script>\n<!-- \/ Yoast SEO plugin. -->","yoast_head_json":{"title":"Prijavi se za STORYLAB \u2013 od ideje do ekrana! - Europe House","robots":{"index":"index","follow":"follow","max-snippet":"max-snippet:-1","max-image-preview":"max-image-preview:large","max-video-preview":"max-video-preview:-1"},"canonical":"https:\/\/www.evropskakuca.me\/me\/prijavi-se-za-storylab-od-ideje-do-ekrana\/","og_locale":"en_US","og_type":"article","og_title":"Prijavi se za STORYLAB \u2013 od ideje do ekrana! - Europe House","og_description":"Edukativni program za mlade Evropska ku\u0107a u Baru poziva mlade uzrasta od 16 do 30 godina da u\u010destvuju u StoryLab edukativnom medijskom programu \u2013 kreativnoj i prakti\u010dnoj obuci o kreiranju medijskog sadr\u017eaja. \ud83d\udcc6 Termin odr\u017eavanja: od 25. juna do 2. jula; Ulaz besplatan.\ud83d\udccd Lokacija: Evropska ku\u0107a Bar, Bulevar 24. novembra (zgrada Radio Bara).\ud83d\udcda Format: 6 [&hellip;]","og_url":"https:\/\/www.evropskakuca.me\/me\/prijavi-se-za-storylab-od-ideje-do-ekrana\/","og_site_name":"Europe House","article_publisher":"https:\/\/www.facebook.com\/evropska.kuca","article_published_time":"2025-06-20T09:57:19+00:00","article_modified_time":"2025-06-20T13:58:25+00:00","og_image":[{"width":2154,"height":1056,"url":"https:\/\/www.evropskakuca.me\/wp-content\/uploads\/2025\/06\/dededeedede.jpg","type":"image\/jpeg"}],"author":"Aleksandar Vukovic","twitter_card":"summary_large_image","twitter_creator":"@evropska_kuca","twitter_site":"@evropska_kuca","twitter_misc":{"Written by":"Aleksandar Vukovic","Est. reading time":"3 minutes"},"schema":{"@context":"https:\/\/schema.org","@graph":[{"@type":"Article","@id":"https:\/\/www.evropskakuca.me\/me\/prijavi-se-za-storylab-od-ideje-do-ekrana\/#article","isPartOf":{"@id":"https:\/\/www.evropskakuca.me\/me\/prijavi-se-za-storylab-od-ideje-do-ekrana\/"},"author":{"name":"Aleksandar Vukovic","@id":"https:\/\/www.evropskakuca.me\/me\/#\/schema\/person\/7e16527119c7b67f457996b970f2bd6e"},"headline":"Prijavi se za STORYLAB \u2013 od ideje do ekrana!","datePublished":"2025-06-20T09:57:19+00:00","dateModified":"2025-06-20T13:58:25+00:00","mainEntityOfPage":{"@id":"https:\/\/www.evropskakuca.me\/me\/prijavi-se-za-storylab-od-ideje-do-ekrana\/"},"wordCount":255,"publisher":{"@id":"https:\/\/www.evropskakuca.me\/me\/#organization"},"image":{"@id":"https:\/\/www.evropskakuca.me\/me\/prijavi-se-za-storylab-od-ideje-do-ekrana\/#primaryimage"},"thumbnailUrl":"https:\/\/www.evropskakuca.me\/wp-content\/uploads\/2025\/06\/dededeedede.jpg","articleSection":["Novosti","Uncategorized @me","Vesti"],"inLanguage":"me-ME"},{"@type":"WebPage","@id":"https:\/\/www.evropskakuca.me\/me\/prijavi-se-za-storylab-od-ideje-do-ekrana\/","url":"https:\/\/www.evropskakuca.me\/me\/prijavi-se-za-storylab-od-ideje-do-ekrana\/","name":"Prijavi se za STORYLAB \u2013 od ideje do ekrana! - Europe House","isPartOf":{"@id":"https:\/\/www.evropskakuca.me\/me\/#website"},"primaryImageOfPage":{"@id":"https:\/\/www.evropskakuca.me\/me\/prijavi-se-za-storylab-od-ideje-do-ekrana\/#primaryimage"},"image":{"@id":"https:\/\/www.evropskakuca.me\/me\/prijavi-se-za-storylab-od-ideje-do-ekrana\/#primaryimage"},"thumbnailUrl":"https:\/\/www.evropskakuca.me\/wp-content\/uploads\/2025\/06\/dededeedede.jpg","datePublished":"2025-06-20T09:57:19+00:00","dateModified":"2025-06-20T13:58:25+00:00","breadcrumb":{"@id":"https:\/\/www.evropskakuca.me\/me\/prijavi-se-za-storylab-od-ideje-do-ekrana\/#breadcrumb"},"inLanguage":"me-ME","potentialAction":[{"@type":"ReadAction","target":["https:\/\/www.evropskakuca.me\/me\/prijavi-se-za-storylab-od-ideje-do-ekrana\/"]}]},{"@type":"ImageObject","inLanguage":"me-ME","@id":"https:\/\/www.evropskakuca.me\/me\/prijavi-se-za-storylab-od-ideje-do-ekrana\/#primaryimage","url":"https:\/\/www.evropskakuca.me\/wp-content\/uploads\/2025\/06\/dededeedede.jpg","contentUrl":"https:\/\/www.evropskakuca.me\/wp-content\/uploads\/2025\/06\/dededeedede.jpg","width":2154,"height":1056},{"@type":"BreadcrumbList","@id":"https:\/\/www.evropskakuca.me\/me\/prijavi-se-za-storylab-od-ideje-do-ekrana\/#breadcrumb","itemListElement":[{"@type":"ListItem","position":1,"name":"Home","item":"https:\/\/www.evropskakuca.me\/me\/"},{"@type":"ListItem","position":2,"name":"Prijavi se za STORYLAB \u2013 od ideje do ekrana!"}]},{"@type":"WebSite","@id":"https:\/\/www.evropskakuca.me\/me\/#website","url":"https:\/\/www.evropskakuca.me\/me\/","name":"Evropean house","description":"","publisher":{"@id":"https:\/\/www.evropskakuca.me\/me\/#organization"},"potentialAction":[{"@type":"SearchAction","target":{"@type":"EntryPoint","urlTemplate":"https:\/\/www.evropskakuca.me\/me\/?s={search_term_string}"},"query-input":{"@type":"PropertyValueSpecification","valueRequired":true,"valueName":"search_term_string"}}],"inLanguage":"me-ME"},{"@type":"Organization","@id":"https:\/\/www.evropskakuca.me\/me\/#organization","name":"Evropean house","url":"https:\/\/www.evropskakuca.me\/me\/","logo":{"@type":"ImageObject","inLanguage":"me-ME","@id":"https:\/\/www.evropskakuca.me\/me\/#\/schema\/logo\/image\/","url":"https:\/\/www.evropskakuca.me\/wp-content\/uploads\/2025\/01\/evropska-kuca-logo-1.png","contentUrl":"https:\/\/www.evropskakuca.me\/wp-content\/uploads\/2025\/01\/evropska-kuca-logo-1.png","width":425,"height":312,"caption":"Evropean house"},"image":{"@id":"https:\/\/www.evropskakuca.me\/me\/#\/schema\/logo\/image\/"},"sameAs":["https:\/\/www.facebook.com\/evropska.kuca","https:\/\/x.com\/evropska_kuca","https:\/\/www.instagram.com\/evropska_kuca"]},{"@type":"Person","@id":"https:\/\/www.evropskakuca.me\/me\/#\/schema\/person\/7e16527119c7b67f457996b970f2bd6e","name":"Aleksandar Vukovic","image":{"@type":"ImageObject","inLanguage":"me-ME","@id":"https:\/\/secure.gravatar.com\/avatar\/a1834e0104b0242a886079bde835ba36d80c70f9987a11f3ba33eb9e8d74cc15?s=96&d=mm&r=g","url":"https:\/\/secure.gravatar.com\/avatar\/a1834e0104b0242a886079bde835ba36d80c70f9987a11f3ba33eb9e8d74cc15?s=96&d=mm&r=g","contentUrl":"https:\/\/secure.gravatar.com\/avatar\/a1834e0104b0242a886079bde835ba36d80c70f9987a11f3ba33eb9e8d74cc15?s=96&d=mm&r=g","caption":"Aleksandar Vukovic"},"url":"https:\/\/www.evropskakuca.me\/me\/author\/aleksandar\/"}]}},"_links":{"self":[{"href":"https:\/\/www.evropskakuca.me\/me\/wp-json\/wp\/v2\/posts\/44893","targetHints":{"allow":["GET"]}}],"collection":[{"href":"https:\/\/www.evropskakuca.me\/me\/wp-json\/wp\/v2\/posts"}],"about":[{"href":"https:\/\/www.evropskakuca.me\/me\/wp-json\/wp\/v2\/types\/post"}],"author":[{"embeddable":true,"href":"https:\/\/www.evropskakuca.me\/me\/wp-json\/wp\/v2\/users\/3"}],"replies":[{"embeddable":true,"href":"https:\/\/www.evropskakuca.me\/me\/wp-json\/wp\/v2\/comments?post=44893"}],"version-history":[{"count":2,"href":"https:\/\/www.evropskakuca.me\/me\/wp-json\/wp\/v2\/posts\/44893\/revisions"}],"predecessor-version":[{"id":44915,"href":"https:\/\/www.evropskakuca.me\/me\/wp-json\/wp\/v2\/posts\/44893\/revisions\/44915"}],"wp:featuredmedia":[{"embeddable":true,"href":"https:\/\/www.evropskakuca.me\/me\/wp-json\/wp\/v2\/media\/44909"}],"wp:attachment":[{"href":"https:\/\/www.evropskakuca.me\/me\/wp-json\/wp\/v2\/media?parent=44893"}],"wp:term":[{"taxonomy":"category","embeddable":true,"href":"https:\/\/www.evropskakuca.me\/me\/wp-json\/wp\/v2\/categories?post=44893"},{"taxonomy":"post_tag","embeddable":true,"href":"https:\/\/www.evropskakuca.me\/me\/wp-json\/wp\/v2\/tags?post=44893"}],"curies":[{"name":"wp","href":"https:\/\/api.w.org\/{rel}","templated":true}]}}